{"id":10746,"date":"2018-12-02T16:12:39","date_gmt":"2018-12-02T16:12:39","guid":{"rendered":"http:\/\/quehacerpolitico.mx\/amlo-se-toma-su-primera-foto-oficial-con-su-gabinete-legal-en-palacio-nacional\/"},"modified":"2018-12-02T16:12:39","modified_gmt":"2018-12-02T16:12:39","slug":"amlo-se-toma-su-primera-foto-oficial-con-su-gabinete-legal-en-palacio-nacional","status":"publish","type":"post","link":"https:\/\/quehacerpolitico.mx\/?p=10746","title":{"rendered":"AMLO se toma su primera FOTO oficial con su Gabinete legal en Palacio Nacional"},"content":{"rendered":"<h1>AMLO se toma su primera FOTO oficial con su Gabinete legal en Palacio Nacional<\/h1>\n<p>Por Redacci\u00f3n QP<\/p>\n<p>El <strong>Presidente Andr\u00e9s Manuel L\u00f3pez Obrador<\/strong> se tom\u00f3 ayer la primera<strong>fotograf\u00eda oficial<\/strong> con su <strong>Gabinete en Palacio<\/strong><strong>Nacional<\/strong>, en el marco de la Toma de Protesta.<\/p>\n<p>Luego de tomar protesta en la C\u00e1mara de Diputados como Presidente de M\u00e9xico, Andr\u00e9s Manuel se dirigi\u00f3 ayer a Palacio Nacional donde tuvo una comida con Jefes de Estado y representantes de diversos gobiernos del mundo.<\/p>\n<p>En Palacio Nacional, el Presidente tom\u00f3 protesta a su Gabinete legal.<\/p>\n<div id=\"attachment_3505576\" class=\"wp-caption alignnone\"><img loading=\"lazy\" decoding=\"async\" class=\"size-full wp-image-3505576\" src=\"https:\/\/www.sinembargo.mx\/wp-content\/uploads\/2018\/12\/gabinete.jpg\" sizes=\"auto, (max-width: 700px) 100vw, 700px\" srcset=\"https:\/\/www.sinembargo.mx\/wp-content\/uploads\/2018\/12\/gabinete.jpg 700w, https:\/\/www.sinembargo.mx\/wp-content\/uploads\/2018\/12\/gabinete-300x203.jpg 300w\" alt=\"\" width=\"700\" height=\"474\" \/><\/p>\n<p class=\"wp-caption-text\">El Presidente tom\u00f3 protesta a su Gabinete legal. Foto: Prensa AMLO<\/p>\n<\/div>\n<p>El Gabinete est\u00e1 conformado por:<\/p>\n<p>Olga S\u00e1nchez Cordero, Secretaria de Gobernaci\u00f3n; Marcelo Ebrard Casaub\u00f3n, Secretario de Relaciones Exteriores; Carlos Urz\u00faa Mac\u00edas, Secretario de Hacienda y Cr\u00e9dito P\u00fablico; Mar\u00eda Luis Albores, Secretaria de Bienestar; Graciela M\u00e1rquez Col\u00edn, Secretaria de Econom\u00eda; Luisa Mar\u00eda Alcalde, Secretaria del Trabajo y Previsi\u00f3n Social; Jorge Alcocer Varela, Secretario de Salud; Luis Crescencio Sandoval Gonz\u00e1lez, Secretario de Defensa Nacional; Jos\u00e9 Rafael Ojeda Dur\u00e1n, Secretario de Marina.<\/p>\n<p>As\u00ed como Josefa Gonz\u00e1lez Mena, Secretaria de Medio Ambiente y Recursos Naturales; Norma Roc\u00edo Nahle, Secretaria de Energ\u00eda, Javier Jim\u00e9nez Espri\u00fa, Secretario de Comunicaciones y Transportes; Esteban Moctezuma Barrag\u00e1n, Secretario de Educaci\u00f3n P\u00fablica; Rom\u00e1n Guillermo Meyer, Secretario de Desarrollo Agrario, Territorial y Urbano; Miguel Torruco, Secretario de Turismo; Alejandra Frausto, Secretaria de Cultura; Alfonso Romo Garza, Jefe de la Oficina de Presidencia; Octavio Romero Oropeza, Director de Petr\u00f3leos Mexicanos; e Irma Er\u00e9ndira Sandoval, Secretaria de la Funci\u00f3n P\u00fablica.<\/p>\n<p><strong>EL GABINETE DE AMLO\u00a0<\/strong><\/p>\n<p>El Gabinete legal y ampliado de Andr\u00e9s Manuel L\u00f3pez Obrador est\u00e1 conformado por un 60.7 por ciento de hombres y un 39.3 por ciento de mujeres. La mayor\u00eda son funcionarios cuyas edades oscilan entre los 51 y los 68 a\u00f1os de edad, licenciados en Derecho, Econom\u00eda e Ingenier\u00eda Agr\u00f3noma, de acuerdo con un estudio de la agencia de inteligencia de mercados Pop Group.<\/p>\n<p>La m\u00e1s joven de las colaboradoras de L\u00f3pez Obrador es Luisa Mar\u00eda Alcalde Luj\u00e1n, quien tendr\u00e1 a su cargo la Secretar\u00eda del Trabajo y Previsi\u00f3n y Social. Y el m\u00e1s viejo Manuel Bartlett D\u00edaz, de 82 a\u00f1os, quien estar\u00e1 a cargo de la Direcci\u00f3n de la Comisi\u00f3n Federal de Electricidad (CFE).<\/p>\n<p>Alcalde es hija de Bertha Elena Luj\u00e1n Uranga, una de las colaboradoras m\u00e1s cercanas de ALO y pieza fundamental en la conformaci\u00f3n del Movimiento Regeneraci\u00f3n Nacional (Morena) como partido entre 2013 y 2014. Y Bartlett es uno de los nombres del nuevo Gabinete que gener\u00f3 m\u00e1s pol\u00e9mica por su pasado priista y su relaci\u00f3n con el fraude electoral de 1988.<\/p>\n<p>De acuerdo con Pop Group, la mayor\u00eda de los principales funcionarios tienen estudios en tres carreras: Derecho (7), Econom\u00eda(4) e Ingenier\u00eda Agr\u00f3noma (4) y 10 de ellos son egresados de la Universidad Nacional Aut\u00f3noma de M\u00e9xico (UNAM).<\/p>\n<p>Entre los miembros del Gabinete hay quien estudi\u00f3 Administraci\u00f3n Militar, Naval, Arquitectura, Biolog\u00eda, Ciencia Pol\u00edtica, Ingenier\u00eda Ambiental, Mec\u00e1nica, Qu\u00edmica, Matem\u00e1ticas Aplicadas, Medina, Relaciones.<\/p>\n<p>La sonorense Ana Gabriela Guevara, quien estar\u00e1 a cargo de la Comisi\u00f3n Nacional de Cultura F\u00edsica y Deportiva (Conade), es la \u00fanica que no tiene formaci\u00f3n a nivel superior.<\/p>\n<p>El M\u00e1ximo grado acad\u00e9mico de los funcionarios es de Licenciatura (10), Maestr\u00eda (nueve) y Doctorado (ocho).<\/p>\n<p>En el siguiente listado te presentamos los perfiles de quienes a partir de este s\u00e1bado ser\u00e1n los principales colaboradores de Andr\u00e9s Manuel L\u00f3pez Obrador, el primer Presidente de izquierda en la Historia del pa\u00eds.<\/p>\n","protected":false},"excerpt":{"rendered":"<p>AMLO se toma su primera FOTO oficial con su Gabinete legal en Palacio Nacional<br \/>\nPor Redacci\u00f3n QP<\/p>\n","protected":false},"author":2,"featured_media":10745,"comment_status":"open","ping_status":"open","sticky":false,"template":"","format":"standard","meta":{"_monsterinsights_skip_tracking":false,"_monsterinsights_sitenote_active":false,"_monsterinsights_sitenote_note":"","_monsterinsights_sitenote_category":0,"footnotes":""},"categories":[2],"tags":[],"class_list":["post-10746","post","type-post","status-publish","format-standard","has-post-thumbnail","hentry","category-noticias"],"yoast_head":"<!-- This site is optimized with the Yoast SEO plugin v27.3 - https:\/\/yoast.com\/product\/yoast-seo-wordpress\/ -->\n<title>AMLO se toma su primera FOTO oficial con su Gabinete legal en Palacio Nacional -<\/title>\n<meta name=\"robots\" content=\"index, follow, max-snippet:-1, max-image-preview:large, max-video-preview:-1\" \/>\n<link rel=\"canonical\" href=\"https:\/\/quehacerpolitico.mx\/?p=10746\" \/>\n<meta property=\"og:locale\" content=\"es_MX\" \/>\n<meta property=\"og:type\" content=\"article\" \/>\n<meta property=\"og:title\" content=\"AMLO se toma su primera FOTO oficial con su Gabinete legal en Palacio Nacional -\" \/>\n<meta property=\"og:description\" content=\"AMLO se toma su primera FOTO oficial con su Gabinete legal en Palacio Nacional Por Redacci\u00f3n QP\" \/>\n<meta property=\"og:url\" content=\"https:\/\/quehacerpolitico.mx\/?p=10746\" \/>\n<meta property=\"article:published_time\" content=\"2018-12-02T16:12:39+00:00\" \/>\n<meta name=\"author\" content=\"Redacci\u00f3n QP\" \/>\n<meta name=\"twitter:card\" content=\"summary_large_image\" \/>\n<meta name=\"twitter:label1\" content=\"Escrito por\" \/>\n\t<meta name=\"twitter:data1\" content=\"Redacci\u00f3n QP\" \/>\n\t<meta name=\"twitter:label2\" content=\"Tiempo de lectura\" \/>\n\t<meta name=\"twitter:data2\" content=\"3 minutos\" \/>\n<script type=\"application\/ld+json\" class=\"yoast-schema-graph\">{\"@context\":\"https:\\\/\\\/schema.org\",\"@graph\":[{\"@type\":\"Article\",\"@id\":\"https:\\\/\\\/quehacerpolitico.mx\\\/?p=10746#article\",\"isPartOf\":{\"@id\":\"https:\\\/\\\/quehacerpolitico.mx\\\/?p=10746\"},\"author\":{\"name\":\"Redacci\u00f3n QP\",\"@id\":\"https:\\\/\\\/quehacerpolitico.mx\\\/#\\\/schema\\\/person\\\/496d8ad2d1d3f8036101dca7ee39e585\"},\"headline\":\"AMLO se toma su primera FOTO oficial con su Gabinete legal en Palacio Nacional\",\"datePublished\":\"2018-12-02T16:12:39+00:00\",\"mainEntityOfPage\":{\"@id\":\"https:\\\/\\\/quehacerpolitico.mx\\\/?p=10746\"},\"wordCount\":650,\"commentCount\":0,\"image\":{\"@id\":\"https:\\\/\\\/quehacerpolitico.mx\\\/?p=10746#primaryimage\"},\"thumbnailUrl\":\"\",\"articleSection\":[\"Noticias\"],\"inLanguage\":\"es\",\"potentialAction\":[{\"@type\":\"CommentAction\",\"name\":\"Comment\",\"target\":[\"https:\\\/\\\/quehacerpolitico.mx\\\/?p=10746#respond\"]}]},{\"@type\":\"WebPage\",\"@id\":\"https:\\\/\\\/quehacerpolitico.mx\\\/?p=10746\",\"url\":\"https:\\\/\\\/quehacerpolitico.mx\\\/?p=10746\",\"name\":\"AMLO se toma su primera FOTO oficial con su Gabinete legal en Palacio Nacional -\",\"isPartOf\":{\"@id\":\"https:\\\/\\\/quehacerpolitico.mx\\\/#website\"},\"primaryImageOfPage\":{\"@id\":\"https:\\\/\\\/quehacerpolitico.mx\\\/?p=10746#primaryimage\"},\"image\":{\"@id\":\"https:\\\/\\\/quehacerpolitico.mx\\\/?p=10746#primaryimage\"},\"thumbnailUrl\":\"\",\"datePublished\":\"2018-12-02T16:12:39+00:00\",\"author\":{\"@id\":\"https:\\\/\\\/quehacerpolitico.mx\\\/#\\\/schema\\\/person\\\/496d8ad2d1d3f8036101dca7ee39e585\"},\"breadcrumb\":{\"@id\":\"https:\\\/\\\/quehacerpolitico.mx\\\/?p=10746#breadcrumb\"},\"inLanguage\":\"es\",\"potentialAction\":[{\"@type\":\"ReadAction\",\"target\":[\"https:\\\/\\\/quehacerpolitico.mx\\\/?p=10746\"]}]},{\"@type\":\"ImageObject\",\"inLanguage\":\"es\",\"@id\":\"https:\\\/\\\/quehacerpolitico.mx\\\/?p=10746#primaryimage\",\"url\":\"\",\"contentUrl\":\"\"},{\"@type\":\"BreadcrumbList\",\"@id\":\"https:\\\/\\\/quehacerpolitico.mx\\\/?p=10746#breadcrumb\",\"itemListElement\":[{\"@type\":\"ListItem\",\"position\":1,\"name\":\"Inicio\",\"item\":\"https:\\\/\\\/quehacerpolitico.mx\\\/\"},{\"@type\":\"ListItem\",\"position\":2,\"name\":\"AMLO se toma su primera FOTO oficial con su Gabinete legal en Palacio Nacional\"}]},{\"@type\":\"WebSite\",\"@id\":\"https:\\\/\\\/quehacerpolitico.mx\\\/#website\",\"url\":\"https:\\\/\\\/quehacerpolitico.mx\\\/\",\"name\":\"\",\"description\":\"\",\"potentialAction\":[{\"@type\":\"SearchAction\",\"target\":{\"@type\":\"EntryPoint\",\"urlTemplate\":\"https:\\\/\\\/quehacerpolitico.mx\\\/?s={search_term_string}\"},\"query-input\":{\"@type\":\"PropertyValueSpecification\",\"valueRequired\":true,\"valueName\":\"search_term_string\"}}],\"inLanguage\":\"es\"},{\"@type\":\"Person\",\"@id\":\"https:\\\/\\\/quehacerpolitico.mx\\\/#\\\/schema\\\/person\\\/496d8ad2d1d3f8036101dca7ee39e585\",\"name\":\"Redacci\u00f3n QP\",\"image\":{\"@type\":\"ImageObject\",\"inLanguage\":\"es\",\"@id\":\"https:\\\/\\\/secure.gravatar.com\\\/avatar\\\/c7164ed6fdec453195284ad24a5ae5b6e1eed2b848477fa2a4787ba9adf39a41?s=96&d=mm&r=g\",\"url\":\"https:\\\/\\\/secure.gravatar.com\\\/avatar\\\/c7164ed6fdec453195284ad24a5ae5b6e1eed2b848477fa2a4787ba9adf39a41?s=96&d=mm&r=g\",\"contentUrl\":\"https:\\\/\\\/secure.gravatar.com\\\/avatar\\\/c7164ed6fdec453195284ad24a5ae5b6e1eed2b848477fa2a4787ba9adf39a41?s=96&d=mm&r=g\",\"caption\":\"Redacci\u00f3n QP\"},\"url\":\"https:\\\/\\\/quehacerpolitico.mx\\\/?author=2\"}]}<\/script>\n<!-- \/ Yoast SEO plugin. -->","yoast_head_json":{"title":"AMLO se toma su primera FOTO oficial con su Gabinete legal en Palacio Nacional -","robots":{"index":"index","follow":"follow","max-snippet":"max-snippet:-1","max-image-preview":"max-image-preview:large","max-video-preview":"max-video-preview:-1"},"canonical":"https:\/\/quehacerpolitico.mx\/?p=10746","og_locale":"es_MX","og_type":"article","og_title":"AMLO se toma su primera FOTO oficial con su Gabinete legal en Palacio Nacional -","og_description":"AMLO se toma su primera FOTO oficial con su Gabinete legal en Palacio Nacional Por Redacci\u00f3n QP","og_url":"https:\/\/quehacerpolitico.mx\/?p=10746","article_published_time":"2018-12-02T16:12:39+00:00","author":"Redacci\u00f3n QP","twitter_card":"summary_large_image","twitter_misc":{"Escrito por":"Redacci\u00f3n QP","Tiempo de lectura":"3 minutos"},"schema":{"@context":"https:\/\/schema.org","@graph":[{"@type":"Article","@id":"https:\/\/quehacerpolitico.mx\/?p=10746#article","isPartOf":{"@id":"https:\/\/quehacerpolitico.mx\/?p=10746"},"author":{"name":"Redacci\u00f3n QP","@id":"https:\/\/quehacerpolitico.mx\/#\/schema\/person\/496d8ad2d1d3f8036101dca7ee39e585"},"headline":"AMLO se toma su primera FOTO oficial con su Gabinete legal en Palacio Nacional","datePublished":"2018-12-02T16:12:39+00:00","mainEntityOfPage":{"@id":"https:\/\/quehacerpolitico.mx\/?p=10746"},"wordCount":650,"commentCount":0,"image":{"@id":"https:\/\/quehacerpolitico.mx\/?p=10746#primaryimage"},"thumbnailUrl":"","articleSection":["Noticias"],"inLanguage":"es","potentialAction":[{"@type":"CommentAction","name":"Comment","target":["https:\/\/quehacerpolitico.mx\/?p=10746#respond"]}]},{"@type":"WebPage","@id":"https:\/\/quehacerpolitico.mx\/?p=10746","url":"https:\/\/quehacerpolitico.mx\/?p=10746","name":"AMLO se toma su primera FOTO oficial con su Gabinete legal en Palacio Nacional -","isPartOf":{"@id":"https:\/\/quehacerpolitico.mx\/#website"},"primaryImageOfPage":{"@id":"https:\/\/quehacerpolitico.mx\/?p=10746#primaryimage"},"image":{"@id":"https:\/\/quehacerpolitico.mx\/?p=10746#primaryimage"},"thumbnailUrl":"","datePublished":"2018-12-02T16:12:39+00:00","author":{"@id":"https:\/\/quehacerpolitico.mx\/#\/schema\/person\/496d8ad2d1d3f8036101dca7ee39e585"},"breadcrumb":{"@id":"https:\/\/quehacerpolitico.mx\/?p=10746#breadcrumb"},"inLanguage":"es","potentialAction":[{"@type":"ReadAction","target":["https:\/\/quehacerpolitico.mx\/?p=10746"]}]},{"@type":"ImageObject","inLanguage":"es","@id":"https:\/\/quehacerpolitico.mx\/?p=10746#primaryimage","url":"","contentUrl":""},{"@type":"BreadcrumbList","@id":"https:\/\/quehacerpolitico.mx\/?p=10746#breadcrumb","itemListElement":[{"@type":"ListItem","position":1,"name":"Inicio","item":"https:\/\/quehacerpolitico.mx\/"},{"@type":"ListItem","position":2,"name":"AMLO se toma su primera FOTO oficial con su Gabinete legal en Palacio Nacional"}]},{"@type":"WebSite","@id":"https:\/\/quehacerpolitico.mx\/#website","url":"https:\/\/quehacerpolitico.mx\/","name":"","description":"","potentialAction":[{"@type":"SearchAction","target":{"@type":"EntryPoint","urlTemplate":"https:\/\/quehacerpolitico.mx\/?s={search_term_string}"},"query-input":{"@type":"PropertyValueSpecification","valueRequired":true,"valueName":"search_term_string"}}],"inLanguage":"es"},{"@type":"Person","@id":"https:\/\/quehacerpolitico.mx\/#\/schema\/person\/496d8ad2d1d3f8036101dca7ee39e585","name":"Redacci\u00f3n QP","image":{"@type":"ImageObject","inLanguage":"es","@id":"https:\/\/secure.gravatar.com\/avatar\/c7164ed6fdec453195284ad24a5ae5b6e1eed2b848477fa2a4787ba9adf39a41?s=96&d=mm&r=g","url":"https:\/\/secure.gravatar.com\/avatar\/c7164ed6fdec453195284ad24a5ae5b6e1eed2b848477fa2a4787ba9adf39a41?s=96&d=mm&r=g","contentUrl":"https:\/\/secure.gravatar.com\/avatar\/c7164ed6fdec453195284ad24a5ae5b6e1eed2b848477fa2a4787ba9adf39a41?s=96&d=mm&r=g","caption":"Redacci\u00f3n QP"},"url":"https:\/\/quehacerpolitico.mx\/?author=2"}]}},"featured_image_urls":{"full":"","thumbnail":"","medium":"","medium_large":"","large":"","1536x1536":"","2048x2048":"","covernews-featured":"","covernews-medium":""},"author_info":{"display_name":"Redacci\u00f3n QP","author_link":"https:\/\/quehacerpolitico.mx\/?author=2"},"category_info":"<a href=\"https:\/\/quehacerpolitico.mx\/?cat=2\" rel=\"category\">Noticias<\/a>","tag_info":"Noticias","comment_count":"0","_links":{"self":[{"href":"https:\/\/quehacerpolitico.mx\/index.php?rest_route=\/wp\/v2\/posts\/10746","targetHints":{"allow":["GET"]}}],"collection":[{"href":"https:\/\/quehacerpolitico.mx\/index.php?rest_route=\/wp\/v2\/posts"}],"about":[{"href":"https:\/\/quehacerpolitico.mx\/index.php?rest_route=\/wp\/v2\/types\/post"}],"author":[{"embeddable":true,"href":"https:\/\/quehacerpolitico.mx\/index.php?rest_route=\/wp\/v2\/users\/2"}],"replies":[{"embeddable":true,"href":"https:\/\/quehacerpolitico.mx\/index.php?rest_route=%2Fwp%2Fv2%2Fcomments&post=10746"}],"version-history":[{"count":0,"href":"https:\/\/quehacerpolitico.mx\/index.php?rest_route=\/wp\/v2\/posts\/10746\/revisions"}],"wp:featuredmedia":[{"embeddable":true,"href":"https:\/\/quehacerpolitico.mx\/index.php?rest_route=\/"}],"wp:attachment":[{"href":"https:\/\/quehacerpolitico.mx\/index.php?rest_route=%2Fwp%2Fv2%2Fmedia&parent=10746"}],"wp:term":[{"taxonomy":"category","embeddable":true,"href":"https:\/\/quehacerpolitico.mx\/index.php?rest_route=%2Fwp%2Fv2%2Fcategories&post=10746"},{"taxonomy":"post_tag","embeddable":true,"href":"https:\/\/quehacerpolitico.mx\/index.php?rest_route=%2Fwp%2Fv2%2Ftags&post=10746"}],"curies":[{"name":"wp","href":"https:\/\/api.w.org\/{rel}","templated":true}]}}