{"id":107416,"date":"2024-01-08T19:52:30","date_gmt":"2024-01-08T19:52:30","guid":{"rendered":"https:\/\/quehacerpolitico.mx\/?p=107416"},"modified":"2024-01-08T19:52:33","modified_gmt":"2024-01-08T19:52:33","slug":"internacionales-carolina-alonso-romei-el-gobierno-que-preside-daniel-ortega-excarcelo-al-esposo-y-a-uno-de-los-hijos-de-la-exdirectora-de-miss-universo-en","status":"publish","type":"post","link":"https:\/\/quehacerpolitico.mx\/?p=107416","title":{"rendered":"Internacionales\/\/\/Carolina Alonso Romei\/\/\/El Gobierno que preside\u00a0Daniel Ortega\u00a0excarcel\u00f3 al\u00a0esposo\u00a0y a\u00a0uno de los hijos\u00a0de la exdirectora de\u00a0Miss Universo\u00a0en\u00a0Nicaragua\u00a0Karen Celebertti"},"content":{"rendered":"\n<p>Por Carolina Alonso Romei<\/p>\n\n\n\n<p>Internacionalista <\/p>\n\n\n\n<p>Ambos estaban detenidos desde noviembre tras ser se\u00f1alados en Nicaragua por la Polic\u00eda Nacional de conspiraci\u00f3n y traici\u00f3n a la patria<\/p>\n\n\n\n<p>El Gobierno que preside&nbsp;<strong>Daniel Ortega<\/strong>&nbsp;excarcel\u00f3 al&nbsp;<strong>esposo<\/strong>&nbsp;y a&nbsp;<strong>uno de los hijos<\/strong>&nbsp;de la exdirectora de&nbsp;<strong>Miss Universo<\/strong>&nbsp;en&nbsp;<strong>Nicaragua<\/strong>&nbsp;<strong>Karen Celebertti<\/strong>, detenidos desde finales de noviembre pasado tras ser se\u00f1alados por la Polic\u00eda Nacional de conspiraci\u00f3n y traici\u00f3n a la patria, informaron este lunes opositores y la prensa local.<\/p>\n\n\n\n<p>Tras ser liberados el s\u00e1bado pasado, las autoridades nicarag\u00fcenses les dieron un plazo de 48 horas para abandonar el pa\u00eds, y el domingo, en horas de la tarde, abordaron un avi\u00f3n en Managua con destino a M\u00e9xico, donde se encuentra Celebertti, de acuerdo con la informaci\u00f3n, que no ha sido confirmada por el Gobierno.<\/p>\n\n\n\n<p>\u201cUna linda noticia: en estos momentos Mart\u00edn y Bernardo Arg\u00fcello (padre e hjijo) est\u00e1n volando para reunirse con Karen Celebertti\u201d, inform\u00f3 el dirigente opositor desnacionalizado\u00a0<strong>Juan Sebasti\u00e1n Chamorro<\/strong>\u00a0en la red social X (antes Twitter).<\/p>\n\n\n\n<figure class=\"wp-block-embed is-type-rich is-provider-twitter wp-block-embed-twitter\"><div class=\"wp-block-embed__wrapper\">\n<blockquote class=\"twitter-tweet\" data-width=\"550\" data-dnt=\"true\"><p lang=\"es\" dir=\"ltr\">Una linda noticia: en estos momentos Mart\u00edn y Bernardo Arg\u00fcello est\u00e1n volando para reunirse con Karen Celeberti. <a href=\"https:\/\/t.co\/cLaRxDkUvz\">pic.twitter.com\/cLaRxDkUvz<\/a><\/p>&mdash; Juan Sebasti\u00e1n Chamorro (@Jschamorrog) <a href=\"https:\/\/twitter.com\/Jschamorrog\/status\/1744092421749608925?ref_src=twsrc%5Etfw\">January 7, 2024<\/a><\/blockquote><script async src=\"https:\/\/platform.twitter.com\/widgets.js\" charset=\"utf-8\"><\/script>\n<\/div><\/figure>\n\n\n\n<p>\u201cEs una alegr\u00eda recibir la noticia de la liberaci\u00f3n de Bernardo y Mart\u00edn. Un abrazo a Karen y a toda la familia\u201d, indic\u00f3, por su lado, la tambi\u00e9n dirigente opositora desnacionalizada Ana Margarita Vigil, en X.<\/p>\n\n\n\n<h3 class=\"wp-block-heading\">Celebertti dej\u00f3 franquicia tras ser acusada de traici\u00f3n<\/h3>\n\n\n\n<p>Celebertti, quien se encuentra en M\u00e9xico tras ser impedida por las autoridades de retornar a su pa\u00eds,\u00a0se retir\u00f3 de la franquicia de Miss Universo en Nicaragua, que dirigi\u00f3 por 23 a\u00f1os, luego de que la Polic\u00eda detuviera a su esposo y a uno de sus hijos en Managua, tras acusarlos, incluida ella, de conspiraci\u00f3n y traici\u00f3n a la patria.<\/p>\n\n\n\n<p>La Polic\u00eda, que dirige un consuegro del presidente Ortega y de la vicepresidenta,&nbsp;<strong>Rosario Murillo<\/strong>, se\u00f1al\u00f3 a Celebertti, a su esposo, Mart\u00edn Arg\u00fcello, y a un hijo de ambos, de presuntamente haber cometido los delitos de conspiraci\u00f3n para alterar la paz e incitar al odio, la violencia, terrorismo, crimen organizado, y provocaci\u00f3n, aunque no han presentado una acusaci\u00f3n judicial.<\/p>\n\n\n\n<p>Tambi\u00e9n de apolog\u00eda e inducci\u00f3n a la comisi\u00f3n de delitos a trav\u00e9s de las tecnolog\u00edas de la informaci\u00f3n y la comunicaci\u00f3n, adem\u00e1s de propagaci\u00f3n de noticias falsas, as\u00ed como traici\u00f3n a la patria, y lavado de activos desde 2018.<\/p>\n\n\n\n<p>Adem\u00e1s, acus\u00f3 a la organizaci\u00f3n de Miss Nicaragua bajo la direcci\u00f3n de Celebertti, de utilizar la franquicia, plataformas \u201cy espacios supuestamente dedicados a promover inocentes concursos de belleza, en una conspiraci\u00f3n que ha trabajado orquestadamente para convertir los cert\u00e1menes en trampas y emboscadas pol\u00edticas, financiadas por agentes extranjeros\u201d.<\/p>\n\n\n\n<p>La ahora exdirectora de Miss Nicaragua fue acusada dos semanas despu\u00e9s de que la nicarag\u00fcense&nbsp;<strong>Sheynnis Palacios<\/strong>fuera elegida como Miss Universo 2023 y que la poblaci\u00f3n lo celebrara de forma espont\u00e1nea y masiva en las calles del pa\u00eds, pese a una prohibici\u00f3n oficial de manifestarse en la v\u00eda p\u00fablica.<\/p>\n\n\n\n<h3 class=\"wp-block-heading\">La Polic\u00eda de Nicaragua no ha ofrecido pruebas<\/h3>\n\n\n\n<p>Seg\u00fan la Polic\u00eda, que no ha ofrecido pruebas, la exdirectora de Miss Nicaragua y su familia ten\u00edan planificado tomarse \u201cnuevamente las calles\u201d en diciembre pasado, como lo hizo buena parte de la poblaci\u00f3n en abril de 2018, cuando estallaron unas manifestaciones antigubernamentales.<\/p>\n\n\n\n<p>Las autoridades prohibieron la entrada al pa\u00eds a Celebertti cuando se dispon\u00eda a regresar junto a su hija procedente de M\u00e9xico, donde acompa\u00f1\u00f3 a la Miss Universo en una gira promocional que tambi\u00e9n la llev\u00f3 por Miami (EE.UU.).<\/p>\n\n\n\n<p>La madre, el esposo y el hijo de Celebertti regresaron a Nicaragua un d\u00eda despu\u00e9s del certamen de belleza, el 19 de noviembre, y fueron detenidos d\u00edas despu\u00e9s por la Polic\u00eda, que los calific\u00f3 adem\u00e1s de \u201ctraidores\u201d y \u201cap\u00e1tridas\u201d.<\/p>\n\n\n\n<p>La prensa local record\u00f3 que una nuera de Ortega y Murillo,&nbsp;<strong>Xiomara Blandino<\/strong>, critic\u00f3 la gesti\u00f3n de la directora de Miss Nicaragua previo al certamen de Miss Universo y presumen que las autoridades est\u00e1n interesados en controlar la franquicia en el pa\u00eds.<\/p>\n\n\n\n<p>Sheynnis Palacios, de 23 a\u00f1os, graduada en comunicaci\u00f3n social y quien vivir\u00e1 en Nueva York (EE.UU.) por un a\u00f1o para atender sus compromisos con la franquicia internacional, a\u00fan no tiene fecha de retorno a Nicaragua.<\/p>\n\n\n\n<p>Con informaci\u00f3n de EFE<\/p>\n","protected":false},"excerpt":{"rendered":"<p>Por Carolina Alonso Romei Internacionalista Ambos estaban detenidos desde noviembre tras ser se\u00f1alados en Nicaragua&#8230;<\/p>\n","protected":false},"author":2,"featured_media":107417,"comment_status":"open","ping_status":"open","sticky":false,"template":"","format":"standard","meta":{"_monsterinsights_skip_tracking":false,"_monsterinsights_sitenote_active":false,"_monsterinsights_sitenote_note":"","_monsterinsights_sitenote_category":0,"footnotes":""},"categories":[1],"tags":[],"class_list":["post-107416","post","type-post","status-publish","format-standard","has-post-thumbnail","hentry","category-sin-categoria"],"yoast_head":"<!-- This site is optimized with the Yoast SEO plugin v27.3 - https:\/\/yoast.com\/product\/yoast-seo-wordpress\/ -->\n<title>Internacionales\/\/\/Carolina Alonso Romei\/\/\/El Gobierno que preside\u00a0Daniel Ortega\u00a0excarcel\u00f3 al\u00a0esposo\u00a0y a\u00a0uno de los hijos\u00a0de la exdirectora de\u00a0Miss Universo\u00a0en\u00a0Nicaragua\u00a0Karen Celebertti -<\/title>\n<meta name=\"robots\" content=\"index, follow, max-snippet:-1, max-image-preview:large, max-video-preview:-1\" \/>\n<link rel=\"canonical\" href=\"https:\/\/quehacerpolitico.mx\/?p=107416\" \/>\n<meta property=\"og:locale\" content=\"es_MX\" \/>\n<meta property=\"og:type\" content=\"article\" \/>\n<meta property=\"og:title\" content=\"Internacionales\/\/\/Carolina Alonso Romei\/\/\/El Gobierno que preside\u00a0Daniel Ortega\u00a0excarcel\u00f3 al\u00a0esposo\u00a0y a\u00a0uno de los hijos\u00a0de la exdirectora de\u00a0Miss Universo\u00a0en\u00a0Nicaragua\u00a0Karen Celebertti -\" \/>\n<meta property=\"og:description\" content=\"Por Carolina Alonso Romei Internacionalista Ambos estaban detenidos desde noviembre tras ser se\u00f1alados en Nicaragua...\" \/>\n<meta property=\"og:url\" content=\"https:\/\/quehacerpolitico.mx\/?p=107416\" \/>\n<meta property=\"article:published_time\" content=\"2024-01-08T19:52:30+00:00\" \/>\n<meta property=\"article:modified_time\" content=\"2024-01-08T19:52:33+00:00\" \/>\n<meta property=\"og:image\" content=\"https:\/\/quehacerpolitico.mx\/wp-content\/uploads\/2024\/01\/IMG_3019.jpeg\" \/>\n\t<meta property=\"og:image:width\" content=\"1000\" \/>\n\t<meta property=\"og:image:height\" content=\"600\" \/>\n\t<meta property=\"og:image:type\" content=\"image\/jpeg\" \/>\n<meta name=\"author\" content=\"Redacci\u00f3n QP\" \/>\n<meta name=\"twitter:card\" content=\"summary_large_image\" \/>\n<meta name=\"twitter:label1\" content=\"Escrito por\" \/>\n\t<meta name=\"twitter:data1\" content=\"Redacci\u00f3n QP\" \/>\n\t<meta name=\"twitter:label2\" content=\"Tiempo de lectura\" \/>\n\t<meta name=\"twitter:data2\" content=\"4 minutos\" \/>\n<script type=\"application\/ld+json\" class=\"yoast-schema-graph\">{\"@context\":\"https:\\\/\\\/schema.org\",\"@graph\":[{\"@type\":\"Article\",\"@id\":\"https:\\\/\\\/quehacerpolitico.mx\\\/?p=107416#article\",\"isPartOf\":{\"@id\":\"https:\\\/\\\/quehacerpolitico.mx\\\/?p=107416\"},\"author\":{\"name\":\"Redacci\u00f3n QP\",\"@id\":\"https:\\\/\\\/quehacerpolitico.mx\\\/#\\\/schema\\\/person\\\/496d8ad2d1d3f8036101dca7ee39e585\"},\"headline\":\"Internacionales\\\/\\\/\\\/Carolina Alonso Romei\\\/\\\/\\\/El Gobierno que preside\u00a0Daniel Ortega\u00a0excarcel\u00f3 al\u00a0esposo\u00a0y a\u00a0uno de los hijos\u00a0de la exdirectora de\u00a0Miss Universo\u00a0en\u00a0Nicaragua\u00a0Karen Celebertti\",\"datePublished\":\"2024-01-08T19:52:30+00:00\",\"dateModified\":\"2024-01-08T19:52:33+00:00\",\"mainEntityOfPage\":{\"@id\":\"https:\\\/\\\/quehacerpolitico.mx\\\/?p=107416\"},\"wordCount\":808,\"commentCount\":0,\"image\":{\"@id\":\"https:\\\/\\\/quehacerpolitico.mx\\\/?p=107416#primaryimage\"},\"thumbnailUrl\":\"https:\\\/\\\/quehacerpolitico.mx\\\/wp-content\\\/uploads\\\/2024\\\/01\\\/IMG_3019.jpeg\",\"articleSection\":[\"Internacionales\"],\"inLanguage\":\"es\",\"potentialAction\":[{\"@type\":\"CommentAction\",\"name\":\"Comment\",\"target\":[\"https:\\\/\\\/quehacerpolitico.mx\\\/?p=107416#respond\"]}]},{\"@type\":\"WebPage\",\"@id\":\"https:\\\/\\\/quehacerpolitico.mx\\\/?p=107416\",\"url\":\"https:\\\/\\\/quehacerpolitico.mx\\\/?p=107416\",\"name\":\"Internacionales\\\/\\\/\\\/Carolina Alonso Romei\\\/\\\/\\\/El Gobierno que preside\u00a0Daniel Ortega\u00a0excarcel\u00f3 al\u00a0esposo\u00a0y a\u00a0uno de los hijos\u00a0de la exdirectora de\u00a0Miss Universo\u00a0en\u00a0Nicaragua\u00a0Karen Celebertti -\",\"isPartOf\":{\"@id\":\"https:\\\/\\\/quehacerpolitico.mx\\\/#website\"},\"primaryImageOfPage\":{\"@id\":\"https:\\\/\\\/quehacerpolitico.mx\\\/?p=107416#primaryimage\"},\"image\":{\"@id\":\"https:\\\/\\\/quehacerpolitico.mx\\\/?p=107416#primaryimage\"},\"thumbnailUrl\":\"https:\\\/\\\/quehacerpolitico.mx\\\/wp-content\\\/uploads\\\/2024\\\/01\\\/IMG_3019.jpeg\",\"datePublished\":\"2024-01-08T19:52:30+00:00\",\"dateModified\":\"2024-01-08T19:52:33+00:00\",\"author\":{\"@id\":\"https:\\\/\\\/quehacerpolitico.mx\\\/#\\\/schema\\\/person\\\/496d8ad2d1d3f8036101dca7ee39e585\"},\"breadcrumb\":{\"@id\":\"https:\\\/\\\/quehacerpolitico.mx\\\/?p=107416#breadcrumb\"},\"inLanguage\":\"es\",\"potentialAction\":[{\"@type\":\"ReadAction\",\"target\":[\"https:\\\/\\\/quehacerpolitico.mx\\\/?p=107416\"]}]},{\"@type\":\"ImageObject\",\"inLanguage\":\"es\",\"@id\":\"https:\\\/\\\/quehacerpolitico.mx\\\/?p=107416#primaryimage\",\"url\":\"https:\\\/\\\/quehacerpolitico.mx\\\/wp-content\\\/uploads\\\/2024\\\/01\\\/IMG_3019.jpeg\",\"contentUrl\":\"https:\\\/\\\/quehacerpolitico.mx\\\/wp-content\\\/uploads\\\/2024\\\/01\\\/IMG_3019.jpeg\",\"width\":1000,\"height\":600},{\"@type\":\"BreadcrumbList\",\"@id\":\"https:\\\/\\\/quehacerpolitico.mx\\\/?p=107416#breadcrumb\",\"itemListElement\":[{\"@type\":\"ListItem\",\"position\":1,\"name\":\"Inicio\",\"item\":\"https:\\\/\\\/quehacerpolitico.mx\\\/\"},{\"@type\":\"ListItem\",\"position\":2,\"name\":\"Internacionales\\\/\\\/\\\/Carolina Alonso Romei\\\/\\\/\\\/El Gobierno que preside\u00a0Daniel Ortega\u00a0excarcel\u00f3 al\u00a0esposo\u00a0y a\u00a0uno de los hijos\u00a0de la exdirectora de\u00a0Miss Universo\u00a0en\u00a0Nicaragua\u00a0Karen Celebertti\"}]},{\"@type\":\"WebSite\",\"@id\":\"https:\\\/\\\/quehacerpolitico.mx\\\/#website\",\"url\":\"https:\\\/\\\/quehacerpolitico.mx\\\/\",\"name\":\"\",\"description\":\"\",\"potentialAction\":[{\"@type\":\"SearchAction\",\"target\":{\"@type\":\"EntryPoint\",\"urlTemplate\":\"https:\\\/\\\/quehacerpolitico.mx\\\/?s={search_term_string}\"},\"query-input\":{\"@type\":\"PropertyValueSpecification\",\"valueRequired\":true,\"valueName\":\"search_term_string\"}}],\"inLanguage\":\"es\"},{\"@type\":\"Person\",\"@id\":\"https:\\\/\\\/quehacerpolitico.mx\\\/#\\\/schema\\\/person\\\/496d8ad2d1d3f8036101dca7ee39e585\",\"name\":\"Redacci\u00f3n QP\",\"image\":{\"@type\":\"ImageObject\",\"inLanguage\":\"es\",\"@id\":\"https:\\\/\\\/secure.gravatar.com\\\/avatar\\\/c7164ed6fdec453195284ad24a5ae5b6e1eed2b848477fa2a4787ba9adf39a41?s=96&d=mm&r=g\",\"url\":\"https:\\\/\\\/secure.gravatar.com\\\/avatar\\\/c7164ed6fdec453195284ad24a5ae5b6e1eed2b848477fa2a4787ba9adf39a41?s=96&d=mm&r=g\",\"contentUrl\":\"https:\\\/\\\/secure.gravatar.com\\\/avatar\\\/c7164ed6fdec453195284ad24a5ae5b6e1eed2b848477fa2a4787ba9adf39a41?s=96&d=mm&r=g\",\"caption\":\"Redacci\u00f3n QP\"},\"url\":\"https:\\\/\\\/quehacerpolitico.mx\\\/?author=2\"}]}<\/script>\n<!-- \/ Yoast SEO plugin. -->","yoast_head_json":{"title":"Internacionales\/\/\/Carolina Alonso Romei\/\/\/El Gobierno que preside\u00a0Daniel Ortega\u00a0excarcel\u00f3 al\u00a0esposo\u00a0y a\u00a0uno de los hijos\u00a0de la exdirectora de\u00a0Miss Universo\u00a0en\u00a0Nicaragua\u00a0Karen Celebertti -","robots":{"index":"index","follow":"follow","max-snippet":"max-snippet:-1","max-image-preview":"max-image-preview:large","max-video-preview":"max-video-preview:-1"},"canonical":"https:\/\/quehacerpolitico.mx\/?p=107416","og_locale":"es_MX","og_type":"article","og_title":"Internacionales\/\/\/Carolina Alonso Romei\/\/\/El Gobierno que preside\u00a0Daniel Ortega\u00a0excarcel\u00f3 al\u00a0esposo\u00a0y a\u00a0uno de los hijos\u00a0de la exdirectora de\u00a0Miss Universo\u00a0en\u00a0Nicaragua\u00a0Karen Celebertti -","og_description":"Por Carolina Alonso Romei Internacionalista Ambos estaban detenidos desde noviembre tras ser se\u00f1alados en Nicaragua...","og_url":"https:\/\/quehacerpolitico.mx\/?p=107416","article_published_time":"2024-01-08T19:52:30+00:00","article_modified_time":"2024-01-08T19:52:33+00:00","og_image":[{"width":1000,"height":600,"url":"https:\/\/quehacerpolitico.mx\/wp-content\/uploads\/2024\/01\/IMG_3019.jpeg","type":"image\/jpeg"}],"author":"Redacci\u00f3n QP","twitter_card":"summary_large_image","twitter_misc":{"Escrito por":"Redacci\u00f3n QP","Tiempo de lectura":"4 minutos"},"schema":{"@context":"https:\/\/schema.org","@graph":[{"@type":"Article","@id":"https:\/\/quehacerpolitico.mx\/?p=107416#article","isPartOf":{"@id":"https:\/\/quehacerpolitico.mx\/?p=107416"},"author":{"name":"Redacci\u00f3n QP","@id":"https:\/\/quehacerpolitico.mx\/#\/schema\/person\/496d8ad2d1d3f8036101dca7ee39e585"},"headline":"Internacionales\/\/\/Carolina Alonso Romei\/\/\/El Gobierno que preside\u00a0Daniel Ortega\u00a0excarcel\u00f3 al\u00a0esposo\u00a0y a\u00a0uno de los hijos\u00a0de la exdirectora de\u00a0Miss Universo\u00a0en\u00a0Nicaragua\u00a0Karen Celebertti","datePublished":"2024-01-08T19:52:30+00:00","dateModified":"2024-01-08T19:52:33+00:00","mainEntityOfPage":{"@id":"https:\/\/quehacerpolitico.mx\/?p=107416"},"wordCount":808,"commentCount":0,"image":{"@id":"https:\/\/quehacerpolitico.mx\/?p=107416#primaryimage"},"thumbnailUrl":"https:\/\/quehacerpolitico.mx\/wp-content\/uploads\/2024\/01\/IMG_3019.jpeg","articleSection":["Internacionales"],"inLanguage":"es","potentialAction":[{"@type":"CommentAction","name":"Comment","target":["https:\/\/quehacerpolitico.mx\/?p=107416#respond"]}]},{"@type":"WebPage","@id":"https:\/\/quehacerpolitico.mx\/?p=107416","url":"https:\/\/quehacerpolitico.mx\/?p=107416","name":"Internacionales\/\/\/Carolina Alonso Romei\/\/\/El Gobierno que preside\u00a0Daniel Ortega\u00a0excarcel\u00f3 al\u00a0esposo\u00a0y a\u00a0uno de los hijos\u00a0de la exdirectora de\u00a0Miss Universo\u00a0en\u00a0Nicaragua\u00a0Karen Celebertti -","isPartOf":{"@id":"https:\/\/quehacerpolitico.mx\/#website"},"primaryImageOfPage":{"@id":"https:\/\/quehacerpolitico.mx\/?p=107416#primaryimage"},"image":{"@id":"https:\/\/quehacerpolitico.mx\/?p=107416#primaryimage"},"thumbnailUrl":"https:\/\/quehacerpolitico.mx\/wp-content\/uploads\/2024\/01\/IMG_3019.jpeg","datePublished":"2024-01-08T19:52:30+00:00","dateModified":"2024-01-08T19:52:33+00:00","author":{"@id":"https:\/\/quehacerpolitico.mx\/#\/schema\/person\/496d8ad2d1d3f8036101dca7ee39e585"},"breadcrumb":{"@id":"https:\/\/quehacerpolitico.mx\/?p=107416#breadcrumb"},"inLanguage":"es","potentialAction":[{"@type":"ReadAction","target":["https:\/\/quehacerpolitico.mx\/?p=107416"]}]},{"@type":"ImageObject","inLanguage":"es","@id":"https:\/\/quehacerpolitico.mx\/?p=107416#primaryimage","url":"https:\/\/quehacerpolitico.mx\/wp-content\/uploads\/2024\/01\/IMG_3019.jpeg","contentUrl":"https:\/\/quehacerpolitico.mx\/wp-content\/uploads\/2024\/01\/IMG_3019.jpeg","width":1000,"height":600},{"@type":"BreadcrumbList","@id":"https:\/\/quehacerpolitico.mx\/?p=107416#breadcrumb","itemListElement":[{"@type":"ListItem","position":1,"name":"Inicio","item":"https:\/\/quehacerpolitico.mx\/"},{"@type":"ListItem","position":2,"name":"Internacionales\/\/\/Carolina Alonso Romei\/\/\/El Gobierno que preside\u00a0Daniel Ortega\u00a0excarcel\u00f3 al\u00a0esposo\u00a0y a\u00a0uno de los hijos\u00a0de la exdirectora de\u00a0Miss Universo\u00a0en\u00a0Nicaragua\u00a0Karen Celebertti"}]},{"@type":"WebSite","@id":"https:\/\/quehacerpolitico.mx\/#website","url":"https:\/\/quehacerpolitico.mx\/","name":"","description":"","potentialAction":[{"@type":"SearchAction","target":{"@type":"EntryPoint","urlTemplate":"https:\/\/quehacerpolitico.mx\/?s={search_term_string}"},"query-input":{"@type":"PropertyValueSpecification","valueRequired":true,"valueName":"search_term_string"}}],"inLanguage":"es"},{"@type":"Person","@id":"https:\/\/quehacerpolitico.mx\/#\/schema\/person\/496d8ad2d1d3f8036101dca7ee39e585","name":"Redacci\u00f3n QP","image":{"@type":"ImageObject","inLanguage":"es","@id":"https:\/\/secure.gravatar.com\/avatar\/c7164ed6fdec453195284ad24a5ae5b6e1eed2b848477fa2a4787ba9adf39a41?s=96&d=mm&r=g","url":"https:\/\/secure.gravatar.com\/avatar\/c7164ed6fdec453195284ad24a5ae5b6e1eed2b848477fa2a4787ba9adf39a41?s=96&d=mm&r=g","contentUrl":"https:\/\/secure.gravatar.com\/avatar\/c7164ed6fdec453195284ad24a5ae5b6e1eed2b848477fa2a4787ba9adf39a41?s=96&d=mm&r=g","caption":"Redacci\u00f3n QP"},"url":"https:\/\/quehacerpolitico.mx\/?author=2"}]}},"featured_image_urls":{"full":["https:\/\/quehacerpolitico.mx\/wp-content\/uploads\/2024\/01\/IMG_3019.jpeg",1000,600,false],"thumbnail":["https:\/\/quehacerpolitico.mx\/wp-content\/uploads\/2024\/01\/IMG_3019-150x150.jpeg",150,150,true],"medium":["https:\/\/quehacerpolitico.mx\/wp-content\/uploads\/2024\/01\/IMG_3019-300x180.jpeg",300,180,true],"medium_large":["https:\/\/quehacerpolitico.mx\/wp-content\/uploads\/2024\/01\/IMG_3019-768x461.jpeg",640,384,true],"large":["https:\/\/quehacerpolitico.mx\/wp-content\/uploads\/2024\/01\/IMG_3019.jpeg",640,384,false],"1536x1536":["https:\/\/quehacerpolitico.mx\/wp-content\/uploads\/2024\/01\/IMG_3019.jpeg",1000,600,false],"2048x2048":["https:\/\/quehacerpolitico.mx\/wp-content\/uploads\/2024\/01\/IMG_3019.jpeg",1000,600,false],"covernews-featured":["https:\/\/quehacerpolitico.mx\/wp-content\/uploads\/2024\/01\/IMG_3019.jpeg",1000,600,false],"covernews-medium":["https:\/\/quehacerpolitico.mx\/wp-content\/uploads\/2024\/01\/IMG_3019.jpeg",540,324,false]},"author_info":{"display_name":"Redacci\u00f3n QP","author_link":"https:\/\/quehacerpolitico.mx\/?author=2"},"category_info":"<a href=\"https:\/\/quehacerpolitico.mx\/?cat=1\" rel=\"category\">Internacionales<\/a>","tag_info":"Internacionales","comment_count":"0","_links":{"self":[{"href":"https:\/\/quehacerpolitico.mx\/index.php?rest_route=\/wp\/v2\/posts\/107416","targetHints":{"allow":["GET"]}}],"collection":[{"href":"https:\/\/quehacerpolitico.mx\/index.php?rest_route=\/wp\/v2\/posts"}],"about":[{"href":"https:\/\/quehacerpolitico.mx\/index.php?rest_route=\/wp\/v2\/types\/post"}],"author":[{"embeddable":true,"href":"https:\/\/quehacerpolitico.mx\/index.php?rest_route=\/wp\/v2\/users\/2"}],"replies":[{"embeddable":true,"href":"https:\/\/quehacerpolitico.mx\/index.php?rest_route=%2Fwp%2Fv2%2Fcomments&post=107416"}],"version-history":[{"count":1,"href":"https:\/\/quehacerpolitico.mx\/index.php?rest_route=\/wp\/v2\/posts\/107416\/revisions"}],"predecessor-version":[{"id":107418,"href":"https:\/\/quehacerpolitico.mx\/index.php?rest_route=\/wp\/v2\/posts\/107416\/revisions\/107418"}],"wp:featuredmedia":[{"embeddable":true,"href":"https:\/\/quehacerpolitico.mx\/index.php?rest_route=\/wp\/v2\/media\/107417"}],"wp:attachment":[{"href":"https:\/\/quehacerpolitico.mx\/index.php?rest_route=%2Fwp%2Fv2%2Fmedia&parent=107416"}],"wp:term":[{"taxonomy":"category","embeddable":true,"href":"https:\/\/quehacerpolitico.mx\/index.php?rest_route=%2Fwp%2Fv2%2Fcategories&post=107416"},{"taxonomy":"post_tag","embeddable":true,"href":"https:\/\/quehacerpolitico.mx\/index.php?rest_route=%2Fwp%2Fv2%2Ftags&post=107416"}],"curies":[{"name":"wp","href":"https:\/\/api.w.org\/{rel}","templated":true}]}}