{"id":107404,"date":"2024-01-08T18:06:03","date_gmt":"2024-01-08T18:06:03","guid":{"rendered":"https:\/\/quehacerpolitico.mx\/?p=107404"},"modified":"2024-01-08T18:06:06","modified_gmt":"2024-01-08T18:06:06","slug":"yo-beso-a-los-hombres-y-me-besan-y-el-hombre-tiene-sentimientos-dice-amlo-tras-saludo-con-la-diputada-trans-salma-luevano","status":"publish","type":"post","link":"https:\/\/quehacerpolitico.mx\/?p=107404","title":{"rendered":"&#8220;Yo beso a los hombres y me besan, y el hombre tiene sentimientos&#8221;, dice AMLO tras saludo con la diputada trans Salma Lu\u00e9vano"},"content":{"rendered":"\n<p>Por Redacci\u00f3n QP<\/p>\n\n\n\n<p>El presidente L\u00f3pez Obrador neg\u00f3 haber rechazado a la diputada trans morenista Salma Lu\u00e9vano, de Morena, durante un evento en Yucat\u00e1n<\/p>\n\n\n\n<p><strong>Andres Manuel L\u00f3pez Obrador<\/strong>, presidente de M\u00e9xico,\u00a0<strong>neg\u00f3\u00a0<\/strong>que haya<strong>\u00a0rechazado<\/strong>\u00a0a la diputada trans\u00a0<strong>Salma Lu\u00e9vano<\/strong>, de\u00a0<strong>Morena<\/strong>, durante un evento la semana pasada en Motul, Yucat\u00e1n.<\/p>\n\n\n\n<p>En la conferencia matutina de Palacio Nacional, L\u00f3pez Obrador ser lanz\u00f3 contra sus cr\u00edticos en redes sociales, y detall\u00f3 que \u00e9l tambi\u00e9n besa a hombres.<\/p>\n\n\n\n<figure class=\"wp-block-embed is-type-rich is-provider-twitter wp-block-embed-twitter\"><div class=\"wp-block-embed__wrapper\">\n<blockquote class=\"twitter-tweet\" data-width=\"550\" data-dnt=\"true\"><p lang=\"es\" dir=\"ltr\">No, bueno \ud83e\udd26\u200d\u2640\ufe0f<a href=\"https:\/\/twitter.com\/lopezobrador_?ref_src=twsrc%5Etfw\">@lopezobrador_<\/a> malgeneriza a la diputada trans Salma Lu\u00e9vano al llamarla &quot;se\u00f1or vestido de mujer&quot;. <a href=\"https:\/\/t.co\/kOZkMDfl5l\">pic.twitter.com\/kOZkMDfl5l<\/a><\/p>&mdash; Ruido en la Red (@RuidoEnLaRed) <a href=\"https:\/\/twitter.com\/RuidoEnLaRed\/status\/1744395433923706890?ref_src=twsrc%5Etfw\">January 8, 2024<\/a><\/blockquote><script async src=\"https:\/\/platform.twitter.com\/widgets.js\" charset=\"utf-8\"><\/script>\n<\/div><\/figure>\n\n\n\n<p>\u201cL\u00f3pez-D\u00f3riga critic\u00e1ndome porque le di un beso a un se\u00f1or vestido de mujer. Yo beso a los hombres y me besan. El hombre tiene sentimientos. Sali\u00f3 de una dama, de una compa\u00f1era que me bes\u00f3 la mano y no me da tiempo de devolverle el beso, pero hay hombres que me besan la mano o me dan un beso y yo les doy tambi\u00e9n un beso\u201d, declar\u00f3.<\/p>\n\n\n\n<p>\u201cAyer bes\u00e9 a muchos, \u00bfc\u00f3mo no? Es parte de mi manera de ser, son mis sentimientos, por qu\u00e9 no voy a besar, por qu\u00e9 no voy a abrazar? \u00bfQu\u00e9 tiene que ver la preferencia sexual? Un beso en la mejilla y el se\u00f1or L\u00f3pez-D\u00f3riga, un mach\u00edn\u201d, asever\u00f3.<\/p>\n\n\n\n<figure class=\"wp-block-embed is-type-rich is-provider-twitter wp-block-embed-twitter\"><div class=\"wp-block-embed__wrapper\">\n<blockquote class=\"twitter-tweet\" data-width=\"550\" data-dnt=\"true\"><p lang=\"es\" dir=\"ltr\">Es un honor estar con <a href=\"https:\/\/twitter.com\/lopezobrador_?ref_src=twsrc%5Etfw\">@lopezobrador_<\/a> <br> En el 100 aniversario luctuoso de <a href=\"https:\/\/twitter.com\/hashtag\/FelipeCarrilloPuerto?src=hash&amp;ref_src=twsrc%5Etfw\">#FelipeCarrilloPuerto<\/a> en <a href=\"https:\/\/twitter.com\/hashtag\/motulyucatan?src=hash&amp;ref_src=twsrc%5Etfw\">#motulyucatan<\/a> <a href=\"https:\/\/twitter.com\/Claudiashein?ref_src=twsrc%5Etfw\">@Claudiashein<\/a> <a href=\"https:\/\/twitter.com\/mario_delgado?ref_src=twsrc%5Etfw\">@mario_delgado<\/a> <a href=\"https:\/\/twitter.com\/CitlaHM?ref_src=twsrc%5Etfw\">@CitlaHM<\/a> <a href=\"https:\/\/t.co\/WHgEP3l2CM\">pic.twitter.com\/WHgEP3l2CM<\/a><\/p>&mdash; Salma Lu\u00e9vano Luna (@SalmaLuevano) <a href=\"https:\/\/twitter.com\/SalmaLuevano\/status\/1742671167599566989?ref_src=twsrc%5Etfw\">January 3, 2024<\/a><\/blockquote><script async src=\"https:\/\/platform.twitter.com\/widgets.js\" charset=\"utf-8\"><\/script>\n<\/div><\/figure>\n\n\n\n<p>\u201cDe veras, est\u00e1n muy atrasados, pero no es que sean atrasados, es su convicci\u00f3n, son muy conservadores y antes pod\u00edan ocultarlo, pero ahora como estamos en una transformaci\u00f3n, pues son tiempos de definiciones. Y ellos est\u00e1n ense\u00f1ando, desesperadamente, el cobre\u201d, puntualiz\u00f3.<\/p>\n","protected":false},"excerpt":{"rendered":"<p>Por Redacci\u00f3n QP El presidente L\u00f3pez Obrador neg\u00f3 haber rechazado a la diputada trans morenista&#8230;<\/p>\n","protected":false},"author":2,"featured_media":107405,"comment_status":"open","ping_status":"open","sticky":false,"template":"","format":"standard","meta":{"_monsterinsights_skip_tracking":false,"_monsterinsights_sitenote_active":false,"_monsterinsights_sitenote_note":"","_monsterinsights_sitenote_category":0,"footnotes":""},"categories":[2],"tags":[],"class_list":["post-107404","post","type-post","status-publish","format-standard","has-post-thumbnail","hentry","category-noticias"],"yoast_head":"<!-- This site is optimized with the Yoast SEO plugin v27.3 - https:\/\/yoast.com\/product\/yoast-seo-wordpress\/ -->\n<title>&quot;Yo beso a los hombres y me besan, y el hombre tiene sentimientos&quot;, dice AMLO tras saludo con la diputada trans Salma Lu\u00e9vano -<\/title>\n<meta name=\"robots\" content=\"index, follow, max-snippet:-1, max-image-preview:large, max-video-preview:-1\" \/>\n<link rel=\"canonical\" href=\"https:\/\/quehacerpolitico.mx\/?p=107404\" \/>\n<meta property=\"og:locale\" content=\"es_MX\" \/>\n<meta property=\"og:type\" content=\"article\" \/>\n<meta property=\"og:title\" content=\"&quot;Yo beso a los hombres y me besan, y el hombre tiene sentimientos&quot;, dice AMLO tras saludo con la diputada trans Salma Lu\u00e9vano -\" \/>\n<meta property=\"og:description\" content=\"Por Redacci\u00f3n QP El presidente L\u00f3pez Obrador neg\u00f3 haber rechazado a la diputada trans morenista...\" \/>\n<meta property=\"og:url\" content=\"https:\/\/quehacerpolitico.mx\/?p=107404\" \/>\n<meta property=\"article:published_time\" content=\"2024-01-08T18:06:03+00:00\" \/>\n<meta property=\"article:modified_time\" content=\"2024-01-08T18:06:06+00:00\" \/>\n<meta property=\"og:image\" content=\"https:\/\/quehacerpolitico.mx\/wp-content\/uploads\/2024\/01\/IMG_3014.webp\" \/>\n\t<meta property=\"og:image:width\" content=\"1536\" \/>\n\t<meta property=\"og:image:height\" content=\"1024\" \/>\n\t<meta property=\"og:image:type\" content=\"image\/webp\" \/>\n<meta name=\"author\" content=\"Redacci\u00f3n QP\" \/>\n<meta name=\"twitter:card\" content=\"summary_large_image\" \/>\n<meta name=\"twitter:label1\" content=\"Escrito por\" \/>\n\t<meta name=\"twitter:data1\" content=\"Redacci\u00f3n QP\" \/>\n\t<meta name=\"twitter:label2\" content=\"Tiempo de lectura\" \/>\n\t<meta name=\"twitter:data2\" content=\"1 minuto\" \/>\n<script type=\"application\/ld+json\" class=\"yoast-schema-graph\">{\"@context\":\"https:\\\/\\\/schema.org\",\"@graph\":[{\"@type\":\"Article\",\"@id\":\"https:\\\/\\\/quehacerpolitico.mx\\\/?p=107404#article\",\"isPartOf\":{\"@id\":\"https:\\\/\\\/quehacerpolitico.mx\\\/?p=107404\"},\"author\":{\"name\":\"Redacci\u00f3n QP\",\"@id\":\"https:\\\/\\\/quehacerpolitico.mx\\\/#\\\/schema\\\/person\\\/496d8ad2d1d3f8036101dca7ee39e585\"},\"headline\":\"&#8220;Yo beso a los hombres y me besan, y el hombre tiene sentimientos&#8221;, dice AMLO tras saludo con la diputada trans Salma Lu\u00e9vano\",\"datePublished\":\"2024-01-08T18:06:03+00:00\",\"dateModified\":\"2024-01-08T18:06:06+00:00\",\"mainEntityOfPage\":{\"@id\":\"https:\\\/\\\/quehacerpolitico.mx\\\/?p=107404\"},\"wordCount\":306,\"commentCount\":0,\"image\":{\"@id\":\"https:\\\/\\\/quehacerpolitico.mx\\\/?p=107404#primaryimage\"},\"thumbnailUrl\":\"https:\\\/\\\/quehacerpolitico.mx\\\/wp-content\\\/uploads\\\/2024\\\/01\\\/IMG_3014.webp\",\"articleSection\":[\"Noticias\"],\"inLanguage\":\"es\",\"potentialAction\":[{\"@type\":\"CommentAction\",\"name\":\"Comment\",\"target\":[\"https:\\\/\\\/quehacerpolitico.mx\\\/?p=107404#respond\"]}]},{\"@type\":\"WebPage\",\"@id\":\"https:\\\/\\\/quehacerpolitico.mx\\\/?p=107404\",\"url\":\"https:\\\/\\\/quehacerpolitico.mx\\\/?p=107404\",\"name\":\"\\\"Yo beso a los hombres y me besan, y el hombre tiene sentimientos\\\", dice AMLO tras saludo con la diputada trans Salma Lu\u00e9vano -\",\"isPartOf\":{\"@id\":\"https:\\\/\\\/quehacerpolitico.mx\\\/#website\"},\"primaryImageOfPage\":{\"@id\":\"https:\\\/\\\/quehacerpolitico.mx\\\/?p=107404#primaryimage\"},\"image\":{\"@id\":\"https:\\\/\\\/quehacerpolitico.mx\\\/?p=107404#primaryimage\"},\"thumbnailUrl\":\"https:\\\/\\\/quehacerpolitico.mx\\\/wp-content\\\/uploads\\\/2024\\\/01\\\/IMG_3014.webp\",\"datePublished\":\"2024-01-08T18:06:03+00:00\",\"dateModified\":\"2024-01-08T18:06:06+00:00\",\"author\":{\"@id\":\"https:\\\/\\\/quehacerpolitico.mx\\\/#\\\/schema\\\/person\\\/496d8ad2d1d3f8036101dca7ee39e585\"},\"breadcrumb\":{\"@id\":\"https:\\\/\\\/quehacerpolitico.mx\\\/?p=107404#breadcrumb\"},\"inLanguage\":\"es\",\"potentialAction\":[{\"@type\":\"ReadAction\",\"target\":[\"https:\\\/\\\/quehacerpolitico.mx\\\/?p=107404\"]}]},{\"@type\":\"ImageObject\",\"inLanguage\":\"es\",\"@id\":\"https:\\\/\\\/quehacerpolitico.mx\\\/?p=107404#primaryimage\",\"url\":\"https:\\\/\\\/quehacerpolitico.mx\\\/wp-content\\\/uploads\\\/2024\\\/01\\\/IMG_3014.webp\",\"contentUrl\":\"https:\\\/\\\/quehacerpolitico.mx\\\/wp-content\\\/uploads\\\/2024\\\/01\\\/IMG_3014.webp\",\"width\":1536,\"height\":1024},{\"@type\":\"BreadcrumbList\",\"@id\":\"https:\\\/\\\/quehacerpolitico.mx\\\/?p=107404#breadcrumb\",\"itemListElement\":[{\"@type\":\"ListItem\",\"position\":1,\"name\":\"Inicio\",\"item\":\"https:\\\/\\\/quehacerpolitico.mx\\\/\"},{\"@type\":\"ListItem\",\"position\":2,\"name\":\"&#8220;Yo beso a los hombres y me besan, y el hombre tiene sentimientos&#8221;, dice AMLO tras saludo con la diputada trans Salma Lu\u00e9vano\"}]},{\"@type\":\"WebSite\",\"@id\":\"https:\\\/\\\/quehacerpolitico.mx\\\/#website\",\"url\":\"https:\\\/\\\/quehacerpolitico.mx\\\/\",\"name\":\"\",\"description\":\"\",\"potentialAction\":[{\"@type\":\"SearchAction\",\"target\":{\"@type\":\"EntryPoint\",\"urlTemplate\":\"https:\\\/\\\/quehacerpolitico.mx\\\/?s={search_term_string}\"},\"query-input\":{\"@type\":\"PropertyValueSpecification\",\"valueRequired\":true,\"valueName\":\"search_term_string\"}}],\"inLanguage\":\"es\"},{\"@type\":\"Person\",\"@id\":\"https:\\\/\\\/quehacerpolitico.mx\\\/#\\\/schema\\\/person\\\/496d8ad2d1d3f8036101dca7ee39e585\",\"name\":\"Redacci\u00f3n QP\",\"image\":{\"@type\":\"ImageObject\",\"inLanguage\":\"es\",\"@id\":\"https:\\\/\\\/secure.gravatar.com\\\/avatar\\\/c7164ed6fdec453195284ad24a5ae5b6e1eed2b848477fa2a4787ba9adf39a41?s=96&d=mm&r=g\",\"url\":\"https:\\\/\\\/secure.gravatar.com\\\/avatar\\\/c7164ed6fdec453195284ad24a5ae5b6e1eed2b848477fa2a4787ba9adf39a41?s=96&d=mm&r=g\",\"contentUrl\":\"https:\\\/\\\/secure.gravatar.com\\\/avatar\\\/c7164ed6fdec453195284ad24a5ae5b6e1eed2b848477fa2a4787ba9adf39a41?s=96&d=mm&r=g\",\"caption\":\"Redacci\u00f3n QP\"},\"url\":\"https:\\\/\\\/quehacerpolitico.mx\\\/?author=2\"}]}<\/script>\n<!-- \/ Yoast SEO plugin. -->","yoast_head_json":{"title":"\"Yo beso a los hombres y me besan, y el hombre tiene sentimientos\", dice AMLO tras saludo con la diputada trans Salma Lu\u00e9vano -","robots":{"index":"index","follow":"follow","max-snippet":"max-snippet:-1","max-image-preview":"max-image-preview:large","max-video-preview":"max-video-preview:-1"},"canonical":"https:\/\/quehacerpolitico.mx\/?p=107404","og_locale":"es_MX","og_type":"article","og_title":"\"Yo beso a los hombres y me besan, y el hombre tiene sentimientos\", dice AMLO tras saludo con la diputada trans Salma Lu\u00e9vano -","og_description":"Por Redacci\u00f3n QP El presidente L\u00f3pez Obrador neg\u00f3 haber rechazado a la diputada trans morenista...","og_url":"https:\/\/quehacerpolitico.mx\/?p=107404","article_published_time":"2024-01-08T18:06:03+00:00","article_modified_time":"2024-01-08T18:06:06+00:00","og_image":[{"width":1536,"height":1024,"url":"https:\/\/quehacerpolitico.mx\/wp-content\/uploads\/2024\/01\/IMG_3014.webp","type":"image\/webp"}],"author":"Redacci\u00f3n QP","twitter_card":"summary_large_image","twitter_misc":{"Escrito por":"Redacci\u00f3n QP","Tiempo de lectura":"1 minuto"},"schema":{"@context":"https:\/\/schema.org","@graph":[{"@type":"Article","@id":"https:\/\/quehacerpolitico.mx\/?p=107404#article","isPartOf":{"@id":"https:\/\/quehacerpolitico.mx\/?p=107404"},"author":{"name":"Redacci\u00f3n QP","@id":"https:\/\/quehacerpolitico.mx\/#\/schema\/person\/496d8ad2d1d3f8036101dca7ee39e585"},"headline":"&#8220;Yo beso a los hombres y me besan, y el hombre tiene sentimientos&#8221;, dice AMLO tras saludo con la diputada trans Salma Lu\u00e9vano","datePublished":"2024-01-08T18:06:03+00:00","dateModified":"2024-01-08T18:06:06+00:00","mainEntityOfPage":{"@id":"https:\/\/quehacerpolitico.mx\/?p=107404"},"wordCount":306,"commentCount":0,"image":{"@id":"https:\/\/quehacerpolitico.mx\/?p=107404#primaryimage"},"thumbnailUrl":"https:\/\/quehacerpolitico.mx\/wp-content\/uploads\/2024\/01\/IMG_3014.webp","articleSection":["Noticias"],"inLanguage":"es","potentialAction":[{"@type":"CommentAction","name":"Comment","target":["https:\/\/quehacerpolitico.mx\/?p=107404#respond"]}]},{"@type":"WebPage","@id":"https:\/\/quehacerpolitico.mx\/?p=107404","url":"https:\/\/quehacerpolitico.mx\/?p=107404","name":"\"Yo beso a los hombres y me besan, y el hombre tiene sentimientos\", dice AMLO tras saludo con la diputada trans Salma Lu\u00e9vano -","isPartOf":{"@id":"https:\/\/quehacerpolitico.mx\/#website"},"primaryImageOfPage":{"@id":"https:\/\/quehacerpolitico.mx\/?p=107404#primaryimage"},"image":{"@id":"https:\/\/quehacerpolitico.mx\/?p=107404#primaryimage"},"thumbnailUrl":"https:\/\/quehacerpolitico.mx\/wp-content\/uploads\/2024\/01\/IMG_3014.webp","datePublished":"2024-01-08T18:06:03+00:00","dateModified":"2024-01-08T18:06:06+00:00","author":{"@id":"https:\/\/quehacerpolitico.mx\/#\/schema\/person\/496d8ad2d1d3f8036101dca7ee39e585"},"breadcrumb":{"@id":"https:\/\/quehacerpolitico.mx\/?p=107404#breadcrumb"},"inLanguage":"es","potentialAction":[{"@type":"ReadAction","target":["https:\/\/quehacerpolitico.mx\/?p=107404"]}]},{"@type":"ImageObject","inLanguage":"es","@id":"https:\/\/quehacerpolitico.mx\/?p=107404#primaryimage","url":"https:\/\/quehacerpolitico.mx\/wp-content\/uploads\/2024\/01\/IMG_3014.webp","contentUrl":"https:\/\/quehacerpolitico.mx\/wp-content\/uploads\/2024\/01\/IMG_3014.webp","width":1536,"height":1024},{"@type":"BreadcrumbList","@id":"https:\/\/quehacerpolitico.mx\/?p=107404#breadcrumb","itemListElement":[{"@type":"ListItem","position":1,"name":"Inicio","item":"https:\/\/quehacerpolitico.mx\/"},{"@type":"ListItem","position":2,"name":"&#8220;Yo beso a los hombres y me besan, y el hombre tiene sentimientos&#8221;, dice AMLO tras saludo con la diputada trans Salma Lu\u00e9vano"}]},{"@type":"WebSite","@id":"https:\/\/quehacerpolitico.mx\/#website","url":"https:\/\/quehacerpolitico.mx\/","name":"","description":"","potentialAction":[{"@type":"SearchAction","target":{"@type":"EntryPoint","urlTemplate":"https:\/\/quehacerpolitico.mx\/?s={search_term_string}"},"query-input":{"@type":"PropertyValueSpecification","valueRequired":true,"valueName":"search_term_string"}}],"inLanguage":"es"},{"@type":"Person","@id":"https:\/\/quehacerpolitico.mx\/#\/schema\/person\/496d8ad2d1d3f8036101dca7ee39e585","name":"Redacci\u00f3n QP","image":{"@type":"ImageObject","inLanguage":"es","@id":"https:\/\/secure.gravatar.com\/avatar\/c7164ed6fdec453195284ad24a5ae5b6e1eed2b848477fa2a4787ba9adf39a41?s=96&d=mm&r=g","url":"https:\/\/secure.gravatar.com\/avatar\/c7164ed6fdec453195284ad24a5ae5b6e1eed2b848477fa2a4787ba9adf39a41?s=96&d=mm&r=g","contentUrl":"https:\/\/secure.gravatar.com\/avatar\/c7164ed6fdec453195284ad24a5ae5b6e1eed2b848477fa2a4787ba9adf39a41?s=96&d=mm&r=g","caption":"Redacci\u00f3n QP"},"url":"https:\/\/quehacerpolitico.mx\/?author=2"}]}},"featured_image_urls":{"full":["https:\/\/quehacerpolitico.mx\/wp-content\/uploads\/2024\/01\/IMG_3014.webp",1536,1024,false],"thumbnail":["https:\/\/quehacerpolitico.mx\/wp-content\/uploads\/2024\/01\/IMG_3014-150x150.webp",150,150,true],"medium":["https:\/\/quehacerpolitico.mx\/wp-content\/uploads\/2024\/01\/IMG_3014-300x200.webp",300,200,true],"medium_large":["https:\/\/quehacerpolitico.mx\/wp-content\/uploads\/2024\/01\/IMG_3014-768x512.webp",640,427,true],"large":["https:\/\/quehacerpolitico.mx\/wp-content\/uploads\/2024\/01\/IMG_3014-1024x683.webp",640,427,true],"1536x1536":["https:\/\/quehacerpolitico.mx\/wp-content\/uploads\/2024\/01\/IMG_3014.webp",1536,1024,false],"2048x2048":["https:\/\/quehacerpolitico.mx\/wp-content\/uploads\/2024\/01\/IMG_3014.webp",1536,1024,false],"covernews-featured":["https:\/\/quehacerpolitico.mx\/wp-content\/uploads\/2024\/01\/IMG_3014.webp",1024,683,false],"covernews-medium":["https:\/\/quehacerpolitico.mx\/wp-content\/uploads\/2024\/01\/IMG_3014.webp",510,340,false]},"author_info":{"display_name":"Redacci\u00f3n QP","author_link":"https:\/\/quehacerpolitico.mx\/?author=2"},"category_info":"<a href=\"https:\/\/quehacerpolitico.mx\/?cat=2\" rel=\"category\">Noticias<\/a>","tag_info":"Noticias","comment_count":"0","_links":{"self":[{"href":"https:\/\/quehacerpolitico.mx\/index.php?rest_route=\/wp\/v2\/posts\/107404","targetHints":{"allow":["GET"]}}],"collection":[{"href":"https:\/\/quehacerpolitico.mx\/index.php?rest_route=\/wp\/v2\/posts"}],"about":[{"href":"https:\/\/quehacerpolitico.mx\/index.php?rest_route=\/wp\/v2\/types\/post"}],"author":[{"embeddable":true,"href":"https:\/\/quehacerpolitico.mx\/index.php?rest_route=\/wp\/v2\/users\/2"}],"replies":[{"embeddable":true,"href":"https:\/\/quehacerpolitico.mx\/index.php?rest_route=%2Fwp%2Fv2%2Fcomments&post=107404"}],"version-history":[{"count":1,"href":"https:\/\/quehacerpolitico.mx\/index.php?rest_route=\/wp\/v2\/posts\/107404\/revisions"}],"predecessor-version":[{"id":107406,"href":"https:\/\/quehacerpolitico.mx\/index.php?rest_route=\/wp\/v2\/posts\/107404\/revisions\/107406"}],"wp:featuredmedia":[{"embeddable":true,"href":"https:\/\/quehacerpolitico.mx\/index.php?rest_route=\/wp\/v2\/media\/107405"}],"wp:attachment":[{"href":"https:\/\/quehacerpolitico.mx\/index.php?rest_route=%2Fwp%2Fv2%2Fmedia&parent=107404"}],"wp:term":[{"taxonomy":"category","embeddable":true,"href":"https:\/\/quehacerpolitico.mx\/index.php?rest_route=%2Fwp%2Fv2%2Fcategories&post=107404"},{"taxonomy":"post_tag","embeddable":true,"href":"https:\/\/quehacerpolitico.mx\/index.php?rest_route=%2Fwp%2Fv2%2Ftags&post=107404"}],"curies":[{"name":"wp","href":"https:\/\/api.w.org\/{rel}","templated":true}]}}