{"id":10740,"date":"2018-12-02T04:24:16","date_gmt":"2018-12-02T04:24:16","guid":{"rendered":"http:\/\/quehacerpolitico.mx\/la-ilusion-intacta-por-un-mexico-mejor-se-despliega-en-la-plancha-del-zocalo-de-cdmx\/"},"modified":"2018-12-02T04:24:16","modified_gmt":"2018-12-02T04:24:16","slug":"la-ilusion-intacta-por-un-mexico-mejor-se-despliega-en-la-plancha-del-zocalo-de-cdmx","status":"publish","type":"post","link":"https:\/\/quehacerpolitico.mx\/?p=10740","title":{"rendered":"La ilusi\u00f3n intacta por un M\u00e9xico mejor se despliega en la plancha del Z\u00f3calo de CdMx"},"content":{"rendered":"<h1>La ilusi\u00f3n intacta por un M\u00e9xico mejor se despliega en la plancha del Z\u00f3calo de CdMx<\/h1>\n<p>Por Redacci\u00f3n QP<\/p>\n<p><strong>La euforia, la m\u00fasica, los banderines al aire<\/strong>, los c\u00e1nticos y, sobre todo, la ilusi\u00f3n intacta<strong> por un M\u00e9xico mejor<\/strong> se desplegaron hoy en un multitudinario acto popular en el Z\u00f3calo de la capital del pa\u00eds para festejar la toma de posesi\u00f3n del Presidente <strong>Andr\u00e9s Manuel L\u00f3pez Obrador<\/strong>.<\/p>\n<blockquote>\n<p>Riadas de gente llegaron a la plaza principal frente al <strong>Palacio Nacional<\/strong> para escuchar el discurso del primer <strong>Presidente izquierdista en varias d\u00e9cadas<\/strong>, que reiter\u00f3 su postura antineoliberal y en favor de las clases m\u00e1s desfavorecidas.<\/p>\n<p>En medio del j\u00fabilo, no faltaron <strong>los puestos callejeros<\/strong> que pon\u00edan a la venta objetos como mu\u00f1ecos de trapo o <strong>llaveros con el rostro del nuevo<\/strong> jefe de Estado, algo m\u00e1s propio de un superh\u00e9roe que de un pol\u00edtico.<\/p>\n<p>Tambi\u00e9n hab\u00eda a la venta banderas del Movimiento de Regeneraci\u00f3n Nacional (Morena), partido pol\u00edtico con el que L\u00f3pez Obrador gan\u00f3 por mayor\u00eda absoluta en los comicios del pasado 1 de julio.<\/p>\n<p>Despu\u00e9s, los ciudadanos agitaron con fuerza las banderas mientras entonaban el ya m\u00edtico c\u00e1ntico \u201cEs un honor estar con Obrador\u201d.<\/p>\n<p>Pudieron verse tambi\u00e9n grupos de baile tradicional procedentes de los estados de Oaxaca, Morelos e Hidalgo, entre otros, haciendo gala de coloridas vestimentas y de un ritmo imparable.<\/p>\n<blockquote>\n<p>M\u00e1s adelante se celebr\u00f3 una ceremonia en la que representantes de los 68 pueblos ind\u00edgenas mexicanos entregaron el bast\u00f3n de mando de sus comunidades al nuevo Presidente, en un acto lleno de misticismo en pleno Z\u00f3calo.<\/p>\n<p>En la ceremonia se hizo un ritual de purificaci\u00f3n en el que L\u00f3pez Obrador recibi\u00f3 un crucifijo de los representantes de los pueblos ind\u00edgenas y se arrodill\u00f3 para recibirlo.<\/p>\n<p>\u201cReciba de nuestras manos y a nombre de nuestros pueblos este s\u00edmbolo que lo guiar\u00e1, y recuerde que los pueblo ind\u00edgenas le entregamos nuestra confianza y nuestro compromiso\u201d, dijo Carmen Santiago Alonso, representante de los pueblos originarios.<\/p>\n<p>Posteriormente lleg\u00f3 el esperado discurso de L\u00f3pez Obrador, que estrech\u00f3 las manos de la multitud en su ascenso hacia el escenario. \u201cEstamos por iniciar lo que bien podr\u00edamos llamar una modernidad forjada desde abajo y para todos\u201d, asegur\u00f3.<\/p>\n<blockquote>\n<p>Agreg\u00f3 que su misi\u00f3n es crear un M\u00e9xico en que quepan todos \u201csin importar creencias, clases, organizaciones, partidos, sectores econ\u00f3micos o culturales\u201d.<\/p>\n<\/blockquote>\n<p>Entre la multitud, Antonio Gal\u00e1n, quien ven\u00eda acompa\u00f1ado de su familia, dijo a <em>Efe<\/em> que M\u00e9xico est\u00e1 viviendo \u201cun momento hist\u00f3rico\u201d.<\/p>\n<p>\u201cHan tenido que pasar casi 80 a\u00f1os para que un gobierno realmente representante del pueblo pudiera llegar al poder\u201d, celebr\u00f3 emocionado.<\/p>\n<p>Opin\u00f3 que, en esta ocasi\u00f3n, \u201cno se trata solo de un cambio de gobierno, sino una apertura de la esperanza que tenemos todos los mexicanos\u201d.<\/p>\n<blockquote>\n<p>Tambi\u00e9n se mostr\u00f3 confiado en que lo sucedido en M\u00e9xico \u201cfluya hacia el sur\u201d y empiecen a surgir ideolog\u00edas similares en otros pa\u00edses de Am\u00e9rica Latina.<\/p>\n<\/blockquote>\n<p>Confes\u00f3 que su frustraci\u00f3n por fin termin\u00f3, luego de varias d\u00e9cadas votando por la izquierda, con la victoria siempre esquiva.<\/p>\n<p>En esta l\u00ednea, Lidia Amezcua, enfundada en la vestimenta granate caracter\u00edstica de Morena y seguidora de L\u00f3pez Obrador desde 1998, cont\u00f3 a <em>Efe<\/em> que en esa misma plaza vivi\u00f3 la tristeza por las derrotas del ahora Presidente en 2006 y 2012.<\/p>\n<p>\u201cEs la victoria no de Andr\u00e9s Manuel, sino de todo un pueblo que sembr\u00f3 su esperanza y la fe en que s\u00ed pod\u00edamos cambiar y transformar el pa\u00eds\u201d, expres\u00f3 entre sudor y j\u00fabilo, con dos banderas de M\u00e9xico en las manos.<\/p>\n<p>Por su parte, Amairani Avenda\u00f1o, joven tabasque\u00f1a que estaba all\u00ed sujetando una pancarta en la que declaraba su amor a su paisano, cont\u00f3 a <em>Efe<\/em> sentirse ilusionada por el futuro de la juventud.<\/p>\n<p>\u201cHay gente que piensa que por su edad (65 a\u00f1os) no tiene la capacidad de llevar este pa\u00eds y conectar con los j\u00f3venes, pero \u00e9l nos va a apoyar\u201d, dijo, una idea respaldada posteriormente por L\u00f3pez Obrador en su discurso.<\/p>\n<p>El colectivo L\u00e9sbico, Gay, Bisexual, Transexual (LGBT) tambi\u00e9n mostr\u00f3 su ilusi\u00f3n con el nuevo gobierno, ya que en los meses previos a esta investidura Morena ya cre\u00f3 la Comisi\u00f3n de Diversidad Sexual y dos mesas de trabajo dentro de esta, coment\u00f3 a <em>Efe<\/em> la coordinadora del movimiento feminista Mujeres Diversas, Gloria Davenport.<\/p>\n<p>Mar\u00eda Clemente, tambi\u00e9n activista y presidenta de la asociaci\u00f3n Agenda LGTB, a\u00f1adi\u00f3 que \u201cL\u00f3pez Obrador ha dado un mensaje claro de que s\u00ed se va a trabajar a favor de la diversidad sexual\u201d.<\/p>\n<p>Algo que reafirma esto es que la maestra de ceremonias del festejo era la senadora Jesusa Rodr\u00edguez, abiertamente lesbiana.<\/p>\n<p>Con Informaci\u00f3n de EFE<\/p>\n<\/blockquote>\n<\/blockquote>\n","protected":false},"excerpt":{"rendered":"<p>La ilusi\u00f3n intacta por un M\u00e9xico mejor se despliega en la plancha del Z\u00f3calo de CdMx<br \/>\nPor Redacci\u00f3n QP<\/p>\n","protected":false},"author":2,"featured_media":10739,"comment_status":"open","ping_status":"open","sticky":false,"template":"","format":"standard","meta":{"_monsterinsights_skip_tracking":false,"_monsterinsights_sitenote_active":false,"_monsterinsights_sitenote_note":"","_monsterinsights_sitenote_category":0,"footnotes":""},"categories":[55],"tags":[],"class_list":["post-10740","post","type-post","status-publish","format-standard","has-post-thumbnail","hentry","category-cdmx"],"yoast_head":"<!-- This site is optimized with the Yoast SEO plugin v27.3 - https:\/\/yoast.com\/product\/yoast-seo-wordpress\/ -->\n<title>La ilusi\u00f3n intacta por un M\u00e9xico mejor se despliega en la plancha del Z\u00f3calo de CdMx -<\/title>\n<meta name=\"robots\" content=\"index, follow, max-snippet:-1, max-image-preview:large, max-video-preview:-1\" \/>\n<link rel=\"canonical\" href=\"https:\/\/quehacerpolitico.mx\/?p=10740\" \/>\n<meta property=\"og:locale\" content=\"es_MX\" \/>\n<meta property=\"og:type\" content=\"article\" \/>\n<meta property=\"og:title\" content=\"La ilusi\u00f3n intacta por un M\u00e9xico mejor se despliega en la plancha del Z\u00f3calo de CdMx -\" \/>\n<meta property=\"og:description\" content=\"La ilusi\u00f3n intacta por un M\u00e9xico mejor se despliega en la plancha del Z\u00f3calo de CdMx Por Redacci\u00f3n QP\" \/>\n<meta property=\"og:url\" content=\"https:\/\/quehacerpolitico.mx\/?p=10740\" \/>\n<meta property=\"article:published_time\" content=\"2018-12-02T04:24:16+00:00\" \/>\n<meta name=\"author\" content=\"Redacci\u00f3n QP\" \/>\n<meta name=\"twitter:card\" content=\"summary_large_image\" \/>\n<meta name=\"twitter:label1\" content=\"Escrito por\" \/>\n\t<meta name=\"twitter:data1\" content=\"Redacci\u00f3n QP\" \/>\n\t<meta name=\"twitter:label2\" content=\"Tiempo de lectura\" \/>\n\t<meta name=\"twitter:data2\" content=\"4 minutos\" \/>\n<script type=\"application\/ld+json\" class=\"yoast-schema-graph\">{\"@context\":\"https:\\\/\\\/schema.org\",\"@graph\":[{\"@type\":\"Article\",\"@id\":\"https:\\\/\\\/quehacerpolitico.mx\\\/?p=10740#article\",\"isPartOf\":{\"@id\":\"https:\\\/\\\/quehacerpolitico.mx\\\/?p=10740\"},\"author\":{\"name\":\"Redacci\u00f3n QP\",\"@id\":\"https:\\\/\\\/quehacerpolitico.mx\\\/#\\\/schema\\\/person\\\/496d8ad2d1d3f8036101dca7ee39e585\"},\"headline\":\"La ilusi\u00f3n intacta por un M\u00e9xico mejor se despliega en la plancha del Z\u00f3calo de CdMx\",\"datePublished\":\"2018-12-02T04:24:16+00:00\",\"mainEntityOfPage\":{\"@id\":\"https:\\\/\\\/quehacerpolitico.mx\\\/?p=10740\"},\"wordCount\":855,\"commentCount\":0,\"image\":{\"@id\":\"https:\\\/\\\/quehacerpolitico.mx\\\/?p=10740#primaryimage\"},\"thumbnailUrl\":\"\",\"articleSection\":[\"CDMX\"],\"inLanguage\":\"es\",\"potentialAction\":[{\"@type\":\"CommentAction\",\"name\":\"Comment\",\"target\":[\"https:\\\/\\\/quehacerpolitico.mx\\\/?p=10740#respond\"]}]},{\"@type\":\"WebPage\",\"@id\":\"https:\\\/\\\/quehacerpolitico.mx\\\/?p=10740\",\"url\":\"https:\\\/\\\/quehacerpolitico.mx\\\/?p=10740\",\"name\":\"La ilusi\u00f3n intacta por un M\u00e9xico mejor se despliega en la plancha del Z\u00f3calo de CdMx -\",\"isPartOf\":{\"@id\":\"https:\\\/\\\/quehacerpolitico.mx\\\/#website\"},\"primaryImageOfPage\":{\"@id\":\"https:\\\/\\\/quehacerpolitico.mx\\\/?p=10740#primaryimage\"},\"image\":{\"@id\":\"https:\\\/\\\/quehacerpolitico.mx\\\/?p=10740#primaryimage\"},\"thumbnailUrl\":\"\",\"datePublished\":\"2018-12-02T04:24:16+00:00\",\"author\":{\"@id\":\"https:\\\/\\\/quehacerpolitico.mx\\\/#\\\/schema\\\/person\\\/496d8ad2d1d3f8036101dca7ee39e585\"},\"breadcrumb\":{\"@id\":\"https:\\\/\\\/quehacerpolitico.mx\\\/?p=10740#breadcrumb\"},\"inLanguage\":\"es\",\"potentialAction\":[{\"@type\":\"ReadAction\",\"target\":[\"https:\\\/\\\/quehacerpolitico.mx\\\/?p=10740\"]}]},{\"@type\":\"ImageObject\",\"inLanguage\":\"es\",\"@id\":\"https:\\\/\\\/quehacerpolitico.mx\\\/?p=10740#primaryimage\",\"url\":\"\",\"contentUrl\":\"\"},{\"@type\":\"BreadcrumbList\",\"@id\":\"https:\\\/\\\/quehacerpolitico.mx\\\/?p=10740#breadcrumb\",\"itemListElement\":[{\"@type\":\"ListItem\",\"position\":1,\"name\":\"Inicio\",\"item\":\"https:\\\/\\\/quehacerpolitico.mx\\\/\"},{\"@type\":\"ListItem\",\"position\":2,\"name\":\"La ilusi\u00f3n intacta por un M\u00e9xico mejor se despliega en la plancha del Z\u00f3calo de CdMx\"}]},{\"@type\":\"WebSite\",\"@id\":\"https:\\\/\\\/quehacerpolitico.mx\\\/#website\",\"url\":\"https:\\\/\\\/quehacerpolitico.mx\\\/\",\"name\":\"\",\"description\":\"\",\"potentialAction\":[{\"@type\":\"SearchAction\",\"target\":{\"@type\":\"EntryPoint\",\"urlTemplate\":\"https:\\\/\\\/quehacerpolitico.mx\\\/?s={search_term_string}\"},\"query-input\":{\"@type\":\"PropertyValueSpecification\",\"valueRequired\":true,\"valueName\":\"search_term_string\"}}],\"inLanguage\":\"es\"},{\"@type\":\"Person\",\"@id\":\"https:\\\/\\\/quehacerpolitico.mx\\\/#\\\/schema\\\/person\\\/496d8ad2d1d3f8036101dca7ee39e585\",\"name\":\"Redacci\u00f3n QP\",\"image\":{\"@type\":\"ImageObject\",\"inLanguage\":\"es\",\"@id\":\"https:\\\/\\\/secure.gravatar.com\\\/avatar\\\/c7164ed6fdec453195284ad24a5ae5b6e1eed2b848477fa2a4787ba9adf39a41?s=96&d=mm&r=g\",\"url\":\"https:\\\/\\\/secure.gravatar.com\\\/avatar\\\/c7164ed6fdec453195284ad24a5ae5b6e1eed2b848477fa2a4787ba9adf39a41?s=96&d=mm&r=g\",\"contentUrl\":\"https:\\\/\\\/secure.gravatar.com\\\/avatar\\\/c7164ed6fdec453195284ad24a5ae5b6e1eed2b848477fa2a4787ba9adf39a41?s=96&d=mm&r=g\",\"caption\":\"Redacci\u00f3n QP\"},\"url\":\"https:\\\/\\\/quehacerpolitico.mx\\\/?author=2\"}]}<\/script>\n<!-- \/ Yoast SEO plugin. -->","yoast_head_json":{"title":"La ilusi\u00f3n intacta por un M\u00e9xico mejor se despliega en la plancha del Z\u00f3calo de CdMx -","robots":{"index":"index","follow":"follow","max-snippet":"max-snippet:-1","max-image-preview":"max-image-preview:large","max-video-preview":"max-video-preview:-1"},"canonical":"https:\/\/quehacerpolitico.mx\/?p=10740","og_locale":"es_MX","og_type":"article","og_title":"La ilusi\u00f3n intacta por un M\u00e9xico mejor se despliega en la plancha del Z\u00f3calo de CdMx -","og_description":"La ilusi\u00f3n intacta por un M\u00e9xico mejor se despliega en la plancha del Z\u00f3calo de CdMx Por Redacci\u00f3n QP","og_url":"https:\/\/quehacerpolitico.mx\/?p=10740","article_published_time":"2018-12-02T04:24:16+00:00","author":"Redacci\u00f3n QP","twitter_card":"summary_large_image","twitter_misc":{"Escrito por":"Redacci\u00f3n QP","Tiempo de lectura":"4 minutos"},"schema":{"@context":"https:\/\/schema.org","@graph":[{"@type":"Article","@id":"https:\/\/quehacerpolitico.mx\/?p=10740#article","isPartOf":{"@id":"https:\/\/quehacerpolitico.mx\/?p=10740"},"author":{"name":"Redacci\u00f3n QP","@id":"https:\/\/quehacerpolitico.mx\/#\/schema\/person\/496d8ad2d1d3f8036101dca7ee39e585"},"headline":"La ilusi\u00f3n intacta por un M\u00e9xico mejor se despliega en la plancha del Z\u00f3calo de CdMx","datePublished":"2018-12-02T04:24:16+00:00","mainEntityOfPage":{"@id":"https:\/\/quehacerpolitico.mx\/?p=10740"},"wordCount":855,"commentCount":0,"image":{"@id":"https:\/\/quehacerpolitico.mx\/?p=10740#primaryimage"},"thumbnailUrl":"","articleSection":["CDMX"],"inLanguage":"es","potentialAction":[{"@type":"CommentAction","name":"Comment","target":["https:\/\/quehacerpolitico.mx\/?p=10740#respond"]}]},{"@type":"WebPage","@id":"https:\/\/quehacerpolitico.mx\/?p=10740","url":"https:\/\/quehacerpolitico.mx\/?p=10740","name":"La ilusi\u00f3n intacta por un M\u00e9xico mejor se despliega en la plancha del Z\u00f3calo de CdMx -","isPartOf":{"@id":"https:\/\/quehacerpolitico.mx\/#website"},"primaryImageOfPage":{"@id":"https:\/\/quehacerpolitico.mx\/?p=10740#primaryimage"},"image":{"@id":"https:\/\/quehacerpolitico.mx\/?p=10740#primaryimage"},"thumbnailUrl":"","datePublished":"2018-12-02T04:24:16+00:00","author":{"@id":"https:\/\/quehacerpolitico.mx\/#\/schema\/person\/496d8ad2d1d3f8036101dca7ee39e585"},"breadcrumb":{"@id":"https:\/\/quehacerpolitico.mx\/?p=10740#breadcrumb"},"inLanguage":"es","potentialAction":[{"@type":"ReadAction","target":["https:\/\/quehacerpolitico.mx\/?p=10740"]}]},{"@type":"ImageObject","inLanguage":"es","@id":"https:\/\/quehacerpolitico.mx\/?p=10740#primaryimage","url":"","contentUrl":""},{"@type":"BreadcrumbList","@id":"https:\/\/quehacerpolitico.mx\/?p=10740#breadcrumb","itemListElement":[{"@type":"ListItem","position":1,"name":"Inicio","item":"https:\/\/quehacerpolitico.mx\/"},{"@type":"ListItem","position":2,"name":"La ilusi\u00f3n intacta por un M\u00e9xico mejor se despliega en la plancha del Z\u00f3calo de CdMx"}]},{"@type":"WebSite","@id":"https:\/\/quehacerpolitico.mx\/#website","url":"https:\/\/quehacerpolitico.mx\/","name":"","description":"","potentialAction":[{"@type":"SearchAction","target":{"@type":"EntryPoint","urlTemplate":"https:\/\/quehacerpolitico.mx\/?s={search_term_string}"},"query-input":{"@type":"PropertyValueSpecification","valueRequired":true,"valueName":"search_term_string"}}],"inLanguage":"es"},{"@type":"Person","@id":"https:\/\/quehacerpolitico.mx\/#\/schema\/person\/496d8ad2d1d3f8036101dca7ee39e585","name":"Redacci\u00f3n QP","image":{"@type":"ImageObject","inLanguage":"es","@id":"https:\/\/secure.gravatar.com\/avatar\/c7164ed6fdec453195284ad24a5ae5b6e1eed2b848477fa2a4787ba9adf39a41?s=96&d=mm&r=g","url":"https:\/\/secure.gravatar.com\/avatar\/c7164ed6fdec453195284ad24a5ae5b6e1eed2b848477fa2a4787ba9adf39a41?s=96&d=mm&r=g","contentUrl":"https:\/\/secure.gravatar.com\/avatar\/c7164ed6fdec453195284ad24a5ae5b6e1eed2b848477fa2a4787ba9adf39a41?s=96&d=mm&r=g","caption":"Redacci\u00f3n QP"},"url":"https:\/\/quehacerpolitico.mx\/?author=2"}]}},"featured_image_urls":{"full":"","thumbnail":"","medium":"","medium_large":"","large":"","1536x1536":"","2048x2048":"","covernews-featured":"","covernews-medium":""},"author_info":{"display_name":"Redacci\u00f3n QP","author_link":"https:\/\/quehacerpolitico.mx\/?author=2"},"category_info":"<a href=\"https:\/\/quehacerpolitico.mx\/?cat=55\" rel=\"category\">CDMX<\/a>","tag_info":"CDMX","comment_count":"0","_links":{"self":[{"href":"https:\/\/quehacerpolitico.mx\/index.php?rest_route=\/wp\/v2\/posts\/10740","targetHints":{"allow":["GET"]}}],"collection":[{"href":"https:\/\/quehacerpolitico.mx\/index.php?rest_route=\/wp\/v2\/posts"}],"about":[{"href":"https:\/\/quehacerpolitico.mx\/index.php?rest_route=\/wp\/v2\/types\/post"}],"author":[{"embeddable":true,"href":"https:\/\/quehacerpolitico.mx\/index.php?rest_route=\/wp\/v2\/users\/2"}],"replies":[{"embeddable":true,"href":"https:\/\/quehacerpolitico.mx\/index.php?rest_route=%2Fwp%2Fv2%2Fcomments&post=10740"}],"version-history":[{"count":0,"href":"https:\/\/quehacerpolitico.mx\/index.php?rest_route=\/wp\/v2\/posts\/10740\/revisions"}],"wp:featuredmedia":[{"embeddable":true,"href":"https:\/\/quehacerpolitico.mx\/index.php?rest_route=\/"}],"wp:attachment":[{"href":"https:\/\/quehacerpolitico.mx\/index.php?rest_route=%2Fwp%2Fv2%2Fmedia&parent=10740"}],"wp:term":[{"taxonomy":"category","embeddable":true,"href":"https:\/\/quehacerpolitico.mx\/index.php?rest_route=%2Fwp%2Fv2%2Fcategories&post=10740"},{"taxonomy":"post_tag","embeddable":true,"href":"https:\/\/quehacerpolitico.mx\/index.php?rest_route=%2Fwp%2Fv2%2Ftags&post=10740"}],"curies":[{"name":"wp","href":"https:\/\/api.w.org\/{rel}","templated":true}]}}