{"id":107378,"date":"2024-01-05T20:39:53","date_gmt":"2024-01-05T20:39:53","guid":{"rendered":"https:\/\/quehacerpolitico.mx\/?p=107378"},"modified":"2024-01-05T20:39:56","modified_gmt":"2024-01-05T20:39:56","slug":"fallece-actor-christian-oliver-junto-con-sus-hijas-en-tragico-accidente","status":"publish","type":"post","link":"https:\/\/quehacerpolitico.mx\/?p=107378","title":{"rendered":"Fallece actor Christian Oliver junto con sus hijas en tr\u00e1gico accidente"},"content":{"rendered":"\n<p>Por Redacci\u00f3n QP<\/p>\n\n\n\n<p>De acuerdo con los primeros informes, el actor\u00a0Christian Oliver falleci\u00f3 junto con sus hijas en un accidente a\u00e9reo<\/p>\n\n\n\n<p><strong>Christian Oliver, actor alem\u00e1n conocido por sus papeles en pel\u00edculas populares como &#8220;Indiana Jones&#8221;, donde particip\u00f3 junto a Harrison Ford, falleci\u00f3 ayer jueves 4 de diciembre en un inesperado y triste accidente en\u00a0el mar Caribe.<\/strong><\/p>\n\n\n\n<p>El actor de Hollywood Christian Oliver, reconocido por su papel en \u201cSpeed Racer\u201d, perdi\u00f3 la vida junto a sus dos hijas peque\u00f1as, Madita de 12 a\u00f1os y Annik de 10, en un tr\u00e1gico accidente a\u00e9reo el pasado jueves en aguas cercanas a una isla caribe\u00f1a. La avioneta en la que viajaban, pilotada por Robert Sachs, se precipit\u00f3 al oc\u00e9ano durante un vuelo desde la isla de Bequia hacia Santa Luc\u00eda.<\/p>\n\n\n\n<p>La Polic\u00eda Real de San Vicente y las Granadinas inform\u00f3 que el avi\u00f3n monomotor experiment\u00f3 dificultades en pleno vuelo, llevando a una ca\u00edda fatal al oc\u00e9ano. Sachs, propietario de la aeronave, comunic\u00f3 los problemas y su plan de retorno a la torre de control de Bequia, pero la conexi\u00f3n se perdi\u00f3 antes de que ocurriera el tr\u00e1gico suceso, seg\u00fan report\u00f3 el medio local&nbsp;<a href=\"https:\/\/www.searchlight.vc\/front-page\/2024\/01\/05\/four-die-plane-plunges-sea-off-bequia\/\" target=\"_blank\" rel=\"noreferrer noopener\">Searchlight<\/a>.<\/p>\n\n\n\n<p>Un impactante video captur\u00f3 el momento en que la avioneta cay\u00f3 en picada desde el cielo hasta sumergirse bajo las olas del oc\u00e9ano. Pescadores y buzos se movilizaron r\u00e1pidamente para intentar rescatar a las v\u00edctimas, pero la guardia costera local recuper\u00f3 los cuerpos de los restos a unos 70 pies de profundidad, declar\u00e1ndolos muertos en el acto.<\/p>\n\n\n\n<p>Christian Oliver, cuyo nombre real era Christian Klepser, ten\u00eda 51 a\u00f1os y dej\u00f3 una huella notable en la industria del entretenimiento con roles destacados en pel\u00edculas como \u201cThe Good German\u201d, \u201cValkyrie\u201d e \u201cIndiana Jones and The Dial of Destiny\u201d. Originario de Celle, Alemania, se traslad\u00f3 a los Estados Unidos a los 21 a\u00f1os para seguir una carrera como modelo y actor.<\/p>\n\n\n\n<p>El actor hab\u00eda compartido en sus redes sociales una foto id\u00edlica de una playa tropical solo tres d\u00edas antes del fatal accidente, con un mensaje optimista y lleno de amor. Oliver, tambi\u00e9n exitoso en la televisi\u00f3n, particip\u00f3 en series como \u201cSalvados por la campana: la nueva clase\u201d y el drama policial alem\u00e1n de larga duraci\u00f3n \u201cAlarm f\u00fcr Cobra 11\u201d.<\/p>\n\n\n\n<p>El mundo del entretenimiento lamenta la p\u00e9rdida de Christian Oliver y sus dos hijas, record\u00e1ndolo por su talento y contribuciones a la industria cinematogr\u00e1fica.<\/p>\n\n\n\n<figure class=\"wp-block-embed is-type-rich is-provider-twitter wp-block-embed-twitter\"><div class=\"wp-block-embed__wrapper\">\n<blockquote class=\"twitter-tweet\" data-width=\"550\" data-dnt=\"true\"><p lang=\"es\" dir=\"ltr\">\ud83c\uddfa\ud83c\uddf2 | \u00daLTIMA HORA: El actor de Hollywood Christian Oliver y sus dos hijas de de 10 y 12 a\u00f1os mueren en un accidente de avioneta frente a una isla caribe\u00f1a.<br><br>Actu\u00f3 en pel\u00edculas como &#39;Speed Racer&#39;, &#39;El buen alem\u00e1n&#39;, &#39;Valkyrie&#39; e &#39;Indiana Jones y el dial del destino&#39;. <a href=\"https:\/\/t.co\/rgKpZHObo5\">pic.twitter.com\/rgKpZHObo5<\/a><\/p>&mdash; Alerta Mundial (@AlertaMundoNews) <a href=\"https:\/\/twitter.com\/AlertaMundoNews\/status\/1743347522796445714?ref_src=twsrc%5Etfw\">January 5, 2024<\/a><\/blockquote><script async src=\"https:\/\/platform.twitter.com\/widgets.js\" charset=\"utf-8\"><\/script>\n<\/div><\/figure>\n\n\n\n<p>Seg\u00fan los primeros informes, la tragedia aconteci\u00f3 mientras el actor viajaba con sus dos hijas menores de edad -de 10 y 12 a\u00f1os-, cuando la avioneta en la que viajaban\u00a0<strong>se desplom\u00f3 sobre el mar<\/strong>\u00a0de una de las peque\u00f1as islas que estaba visitando.<\/p>\n\n\n\n<p>El piloto de la avioneta<strong>\u00a0tampoco sobrevivi\u00f3.<\/strong>\u00a0Los cuerpos del actor, sus hijas y el piloto fueron rescatados con la ayuda de pescadores y buzos, seg\u00fan inform\u00f3 TMZ.<\/p>\n\n\n\n<p>Ya se investigan las causas&nbsp;<strong>que pudieron haber provocado<\/strong>&nbsp;el accidente.<\/p>\n\n\n\n<p><em>Con informaci\u00f3n de TMZ&nbsp;<\/em><\/p>\n","protected":false},"excerpt":{"rendered":"<p>Por Redacci\u00f3n QP De acuerdo con los primeros informes, el actor\u00a0Christian Oliver falleci\u00f3 junto con&#8230;<\/p>\n","protected":false},"author":2,"featured_media":107379,"comment_status":"open","ping_status":"open","sticky":false,"template":"","format":"standard","meta":{"_monsterinsights_skip_tracking":false,"_monsterinsights_sitenote_active":false,"_monsterinsights_sitenote_note":"","_monsterinsights_sitenote_category":0,"footnotes":""},"categories":[58],"tags":[],"class_list":["post-107378","post","type-post","status-publish","format-standard","has-post-thumbnail","hentry","category-cultura"],"yoast_head":"<!-- This site is optimized with the Yoast SEO plugin v27.3 - https:\/\/yoast.com\/product\/yoast-seo-wordpress\/ -->\n<title>Fallece actor Christian Oliver junto con sus hijas en tr\u00e1gico accidente -<\/title>\n<meta name=\"robots\" content=\"index, follow, max-snippet:-1, max-image-preview:large, max-video-preview:-1\" \/>\n<link rel=\"canonical\" href=\"https:\/\/quehacerpolitico.mx\/?p=107378\" \/>\n<meta property=\"og:locale\" content=\"es_MX\" \/>\n<meta property=\"og:type\" content=\"article\" \/>\n<meta property=\"og:title\" content=\"Fallece actor Christian Oliver junto con sus hijas en tr\u00e1gico accidente -\" \/>\n<meta property=\"og:description\" content=\"Por Redacci\u00f3n QP De acuerdo con los primeros informes, el actor\u00a0Christian Oliver falleci\u00f3 junto con...\" \/>\n<meta property=\"og:url\" content=\"https:\/\/quehacerpolitico.mx\/?p=107378\" \/>\n<meta property=\"article:published_time\" content=\"2024-01-05T20:39:53+00:00\" \/>\n<meta property=\"article:modified_time\" content=\"2024-01-05T20:39:56+00:00\" \/>\n<meta property=\"og:image\" content=\"https:\/\/quehacerpolitico.mx\/wp-content\/uploads\/2024\/01\/IMG_2994.webp\" \/>\n\t<meta property=\"og:image:width\" content=\"1536\" \/>\n\t<meta property=\"og:image:height\" content=\"864\" \/>\n\t<meta property=\"og:image:type\" content=\"image\/webp\" \/>\n<meta name=\"author\" content=\"Redacci\u00f3n QP\" \/>\n<meta name=\"twitter:card\" content=\"summary_large_image\" \/>\n<meta name=\"twitter:label1\" content=\"Escrito por\" \/>\n\t<meta name=\"twitter:data1\" content=\"Redacci\u00f3n QP\" \/>\n\t<meta name=\"twitter:label2\" content=\"Tiempo de lectura\" \/>\n\t<meta name=\"twitter:data2\" content=\"3 minutos\" \/>\n<script type=\"application\/ld+json\" class=\"yoast-schema-graph\">{\"@context\":\"https:\\\/\\\/schema.org\",\"@graph\":[{\"@type\":\"Article\",\"@id\":\"https:\\\/\\\/quehacerpolitico.mx\\\/?p=107378#article\",\"isPartOf\":{\"@id\":\"https:\\\/\\\/quehacerpolitico.mx\\\/?p=107378\"},\"author\":{\"name\":\"Redacci\u00f3n QP\",\"@id\":\"https:\\\/\\\/quehacerpolitico.mx\\\/#\\\/schema\\\/person\\\/496d8ad2d1d3f8036101dca7ee39e585\"},\"headline\":\"Fallece actor Christian Oliver junto con sus hijas en tr\u00e1gico accidente\",\"datePublished\":\"2024-01-05T20:39:53+00:00\",\"dateModified\":\"2024-01-05T20:39:56+00:00\",\"mainEntityOfPage\":{\"@id\":\"https:\\\/\\\/quehacerpolitico.mx\\\/?p=107378\"},\"wordCount\":540,\"commentCount\":0,\"image\":{\"@id\":\"https:\\\/\\\/quehacerpolitico.mx\\\/?p=107378#primaryimage\"},\"thumbnailUrl\":\"https:\\\/\\\/quehacerpolitico.mx\\\/wp-content\\\/uploads\\\/2024\\\/01\\\/IMG_2994.webp\",\"articleSection\":[\"Cultura y Entretenimiento\"],\"inLanguage\":\"es\",\"potentialAction\":[{\"@type\":\"CommentAction\",\"name\":\"Comment\",\"target\":[\"https:\\\/\\\/quehacerpolitico.mx\\\/?p=107378#respond\"]}]},{\"@type\":\"WebPage\",\"@id\":\"https:\\\/\\\/quehacerpolitico.mx\\\/?p=107378\",\"url\":\"https:\\\/\\\/quehacerpolitico.mx\\\/?p=107378\",\"name\":\"Fallece actor Christian Oliver junto con sus hijas en tr\u00e1gico accidente -\",\"isPartOf\":{\"@id\":\"https:\\\/\\\/quehacerpolitico.mx\\\/#website\"},\"primaryImageOfPage\":{\"@id\":\"https:\\\/\\\/quehacerpolitico.mx\\\/?p=107378#primaryimage\"},\"image\":{\"@id\":\"https:\\\/\\\/quehacerpolitico.mx\\\/?p=107378#primaryimage\"},\"thumbnailUrl\":\"https:\\\/\\\/quehacerpolitico.mx\\\/wp-content\\\/uploads\\\/2024\\\/01\\\/IMG_2994.webp\",\"datePublished\":\"2024-01-05T20:39:53+00:00\",\"dateModified\":\"2024-01-05T20:39:56+00:00\",\"author\":{\"@id\":\"https:\\\/\\\/quehacerpolitico.mx\\\/#\\\/schema\\\/person\\\/496d8ad2d1d3f8036101dca7ee39e585\"},\"breadcrumb\":{\"@id\":\"https:\\\/\\\/quehacerpolitico.mx\\\/?p=107378#breadcrumb\"},\"inLanguage\":\"es\",\"potentialAction\":[{\"@type\":\"ReadAction\",\"target\":[\"https:\\\/\\\/quehacerpolitico.mx\\\/?p=107378\"]}]},{\"@type\":\"ImageObject\",\"inLanguage\":\"es\",\"@id\":\"https:\\\/\\\/quehacerpolitico.mx\\\/?p=107378#primaryimage\",\"url\":\"https:\\\/\\\/quehacerpolitico.mx\\\/wp-content\\\/uploads\\\/2024\\\/01\\\/IMG_2994.webp\",\"contentUrl\":\"https:\\\/\\\/quehacerpolitico.mx\\\/wp-content\\\/uploads\\\/2024\\\/01\\\/IMG_2994.webp\",\"width\":1536,\"height\":864},{\"@type\":\"BreadcrumbList\",\"@id\":\"https:\\\/\\\/quehacerpolitico.mx\\\/?p=107378#breadcrumb\",\"itemListElement\":[{\"@type\":\"ListItem\",\"position\":1,\"name\":\"Inicio\",\"item\":\"https:\\\/\\\/quehacerpolitico.mx\\\/\"},{\"@type\":\"ListItem\",\"position\":2,\"name\":\"Fallece actor Christian Oliver junto con sus hijas en tr\u00e1gico accidente\"}]},{\"@type\":\"WebSite\",\"@id\":\"https:\\\/\\\/quehacerpolitico.mx\\\/#website\",\"url\":\"https:\\\/\\\/quehacerpolitico.mx\\\/\",\"name\":\"\",\"description\":\"\",\"potentialAction\":[{\"@type\":\"SearchAction\",\"target\":{\"@type\":\"EntryPoint\",\"urlTemplate\":\"https:\\\/\\\/quehacerpolitico.mx\\\/?s={search_term_string}\"},\"query-input\":{\"@type\":\"PropertyValueSpecification\",\"valueRequired\":true,\"valueName\":\"search_term_string\"}}],\"inLanguage\":\"es\"},{\"@type\":\"Person\",\"@id\":\"https:\\\/\\\/quehacerpolitico.mx\\\/#\\\/schema\\\/person\\\/496d8ad2d1d3f8036101dca7ee39e585\",\"name\":\"Redacci\u00f3n QP\",\"image\":{\"@type\":\"ImageObject\",\"inLanguage\":\"es\",\"@id\":\"https:\\\/\\\/secure.gravatar.com\\\/avatar\\\/c7164ed6fdec453195284ad24a5ae5b6e1eed2b848477fa2a4787ba9adf39a41?s=96&d=mm&r=g\",\"url\":\"https:\\\/\\\/secure.gravatar.com\\\/avatar\\\/c7164ed6fdec453195284ad24a5ae5b6e1eed2b848477fa2a4787ba9adf39a41?s=96&d=mm&r=g\",\"contentUrl\":\"https:\\\/\\\/secure.gravatar.com\\\/avatar\\\/c7164ed6fdec453195284ad24a5ae5b6e1eed2b848477fa2a4787ba9adf39a41?s=96&d=mm&r=g\",\"caption\":\"Redacci\u00f3n QP\"},\"url\":\"https:\\\/\\\/quehacerpolitico.mx\\\/?author=2\"}]}<\/script>\n<!-- \/ Yoast SEO plugin. -->","yoast_head_json":{"title":"Fallece actor Christian Oliver junto con sus hijas en tr\u00e1gico accidente -","robots":{"index":"index","follow":"follow","max-snippet":"max-snippet:-1","max-image-preview":"max-image-preview:large","max-video-preview":"max-video-preview:-1"},"canonical":"https:\/\/quehacerpolitico.mx\/?p=107378","og_locale":"es_MX","og_type":"article","og_title":"Fallece actor Christian Oliver junto con sus hijas en tr\u00e1gico accidente -","og_description":"Por Redacci\u00f3n QP De acuerdo con los primeros informes, el actor\u00a0Christian Oliver falleci\u00f3 junto con...","og_url":"https:\/\/quehacerpolitico.mx\/?p=107378","article_published_time":"2024-01-05T20:39:53+00:00","article_modified_time":"2024-01-05T20:39:56+00:00","og_image":[{"width":1536,"height":864,"url":"https:\/\/quehacerpolitico.mx\/wp-content\/uploads\/2024\/01\/IMG_2994.webp","type":"image\/webp"}],"author":"Redacci\u00f3n QP","twitter_card":"summary_large_image","twitter_misc":{"Escrito por":"Redacci\u00f3n QP","Tiempo de lectura":"3 minutos"},"schema":{"@context":"https:\/\/schema.org","@graph":[{"@type":"Article","@id":"https:\/\/quehacerpolitico.mx\/?p=107378#article","isPartOf":{"@id":"https:\/\/quehacerpolitico.mx\/?p=107378"},"author":{"name":"Redacci\u00f3n QP","@id":"https:\/\/quehacerpolitico.mx\/#\/schema\/person\/496d8ad2d1d3f8036101dca7ee39e585"},"headline":"Fallece actor Christian Oliver junto con sus hijas en tr\u00e1gico accidente","datePublished":"2024-01-05T20:39:53+00:00","dateModified":"2024-01-05T20:39:56+00:00","mainEntityOfPage":{"@id":"https:\/\/quehacerpolitico.mx\/?p=107378"},"wordCount":540,"commentCount":0,"image":{"@id":"https:\/\/quehacerpolitico.mx\/?p=107378#primaryimage"},"thumbnailUrl":"https:\/\/quehacerpolitico.mx\/wp-content\/uploads\/2024\/01\/IMG_2994.webp","articleSection":["Cultura y Entretenimiento"],"inLanguage":"es","potentialAction":[{"@type":"CommentAction","name":"Comment","target":["https:\/\/quehacerpolitico.mx\/?p=107378#respond"]}]},{"@type":"WebPage","@id":"https:\/\/quehacerpolitico.mx\/?p=107378","url":"https:\/\/quehacerpolitico.mx\/?p=107378","name":"Fallece actor Christian Oliver junto con sus hijas en tr\u00e1gico accidente -","isPartOf":{"@id":"https:\/\/quehacerpolitico.mx\/#website"},"primaryImageOfPage":{"@id":"https:\/\/quehacerpolitico.mx\/?p=107378#primaryimage"},"image":{"@id":"https:\/\/quehacerpolitico.mx\/?p=107378#primaryimage"},"thumbnailUrl":"https:\/\/quehacerpolitico.mx\/wp-content\/uploads\/2024\/01\/IMG_2994.webp","datePublished":"2024-01-05T20:39:53+00:00","dateModified":"2024-01-05T20:39:56+00:00","author":{"@id":"https:\/\/quehacerpolitico.mx\/#\/schema\/person\/496d8ad2d1d3f8036101dca7ee39e585"},"breadcrumb":{"@id":"https:\/\/quehacerpolitico.mx\/?p=107378#breadcrumb"},"inLanguage":"es","potentialAction":[{"@type":"ReadAction","target":["https:\/\/quehacerpolitico.mx\/?p=107378"]}]},{"@type":"ImageObject","inLanguage":"es","@id":"https:\/\/quehacerpolitico.mx\/?p=107378#primaryimage","url":"https:\/\/quehacerpolitico.mx\/wp-content\/uploads\/2024\/01\/IMG_2994.webp","contentUrl":"https:\/\/quehacerpolitico.mx\/wp-content\/uploads\/2024\/01\/IMG_2994.webp","width":1536,"height":864},{"@type":"BreadcrumbList","@id":"https:\/\/quehacerpolitico.mx\/?p=107378#breadcrumb","itemListElement":[{"@type":"ListItem","position":1,"name":"Inicio","item":"https:\/\/quehacerpolitico.mx\/"},{"@type":"ListItem","position":2,"name":"Fallece actor Christian Oliver junto con sus hijas en tr\u00e1gico accidente"}]},{"@type":"WebSite","@id":"https:\/\/quehacerpolitico.mx\/#website","url":"https:\/\/quehacerpolitico.mx\/","name":"","description":"","potentialAction":[{"@type":"SearchAction","target":{"@type":"EntryPoint","urlTemplate":"https:\/\/quehacerpolitico.mx\/?s={search_term_string}"},"query-input":{"@type":"PropertyValueSpecification","valueRequired":true,"valueName":"search_term_string"}}],"inLanguage":"es"},{"@type":"Person","@id":"https:\/\/quehacerpolitico.mx\/#\/schema\/person\/496d8ad2d1d3f8036101dca7ee39e585","name":"Redacci\u00f3n QP","image":{"@type":"ImageObject","inLanguage":"es","@id":"https:\/\/secure.gravatar.com\/avatar\/c7164ed6fdec453195284ad24a5ae5b6e1eed2b848477fa2a4787ba9adf39a41?s=96&d=mm&r=g","url":"https:\/\/secure.gravatar.com\/avatar\/c7164ed6fdec453195284ad24a5ae5b6e1eed2b848477fa2a4787ba9adf39a41?s=96&d=mm&r=g","contentUrl":"https:\/\/secure.gravatar.com\/avatar\/c7164ed6fdec453195284ad24a5ae5b6e1eed2b848477fa2a4787ba9adf39a41?s=96&d=mm&r=g","caption":"Redacci\u00f3n QP"},"url":"https:\/\/quehacerpolitico.mx\/?author=2"}]}},"featured_image_urls":{"full":["https:\/\/quehacerpolitico.mx\/wp-content\/uploads\/2024\/01\/IMG_2994.webp",1536,864,false],"thumbnail":["https:\/\/quehacerpolitico.mx\/wp-content\/uploads\/2024\/01\/IMG_2994-150x150.webp",150,150,true],"medium":["https:\/\/quehacerpolitico.mx\/wp-content\/uploads\/2024\/01\/IMG_2994-300x169.webp",300,169,true],"medium_large":["https:\/\/quehacerpolitico.mx\/wp-content\/uploads\/2024\/01\/IMG_2994-768x432.webp",640,360,true],"large":["https:\/\/quehacerpolitico.mx\/wp-content\/uploads\/2024\/01\/IMG_2994-1024x576.webp",640,360,true],"1536x1536":["https:\/\/quehacerpolitico.mx\/wp-content\/uploads\/2024\/01\/IMG_2994.webp",1536,864,false],"2048x2048":["https:\/\/quehacerpolitico.mx\/wp-content\/uploads\/2024\/01\/IMG_2994.webp",1536,864,false],"covernews-featured":["https:\/\/quehacerpolitico.mx\/wp-content\/uploads\/2024\/01\/IMG_2994.webp",1024,576,false],"covernews-medium":["https:\/\/quehacerpolitico.mx\/wp-content\/uploads\/2024\/01\/IMG_2994.webp",540,304,false]},"author_info":{"display_name":"Redacci\u00f3n QP","author_link":"https:\/\/quehacerpolitico.mx\/?author=2"},"category_info":"<a href=\"https:\/\/quehacerpolitico.mx\/?cat=58\" rel=\"category\">Cultura y Entretenimiento<\/a>","tag_info":"Cultura y Entretenimiento","comment_count":"0","_links":{"self":[{"href":"https:\/\/quehacerpolitico.mx\/index.php?rest_route=\/wp\/v2\/posts\/107378","targetHints":{"allow":["GET"]}}],"collection":[{"href":"https:\/\/quehacerpolitico.mx\/index.php?rest_route=\/wp\/v2\/posts"}],"about":[{"href":"https:\/\/quehacerpolitico.mx\/index.php?rest_route=\/wp\/v2\/types\/post"}],"author":[{"embeddable":true,"href":"https:\/\/quehacerpolitico.mx\/index.php?rest_route=\/wp\/v2\/users\/2"}],"replies":[{"embeddable":true,"href":"https:\/\/quehacerpolitico.mx\/index.php?rest_route=%2Fwp%2Fv2%2Fcomments&post=107378"}],"version-history":[{"count":1,"href":"https:\/\/quehacerpolitico.mx\/index.php?rest_route=\/wp\/v2\/posts\/107378\/revisions"}],"predecessor-version":[{"id":107380,"href":"https:\/\/quehacerpolitico.mx\/index.php?rest_route=\/wp\/v2\/posts\/107378\/revisions\/107380"}],"wp:featuredmedia":[{"embeddable":true,"href":"https:\/\/quehacerpolitico.mx\/index.php?rest_route=\/wp\/v2\/media\/107379"}],"wp:attachment":[{"href":"https:\/\/quehacerpolitico.mx\/index.php?rest_route=%2Fwp%2Fv2%2Fmedia&parent=107378"}],"wp:term":[{"taxonomy":"category","embeddable":true,"href":"https:\/\/quehacerpolitico.mx\/index.php?rest_route=%2Fwp%2Fv2%2Fcategories&post=107378"},{"taxonomy":"post_tag","embeddable":true,"href":"https:\/\/quehacerpolitico.mx\/index.php?rest_route=%2Fwp%2Fv2%2Ftags&post=107378"}],"curies":[{"name":"wp","href":"https:\/\/api.w.org\/{rel}","templated":true}]}}