{"id":10737,"date":"2018-12-02T03:52:22","date_gmt":"2018-12-02T03:52:22","guid":{"rendered":"http:\/\/quehacerpolitico.mx\/recibe-amlo-a-nicolas-maduro-en-palacio-nacional\/"},"modified":"2018-12-02T03:52:22","modified_gmt":"2018-12-02T03:52:22","slug":"recibe-amlo-a-nicolas-maduro-en-palacio-nacional","status":"publish","type":"post","link":"https:\/\/quehacerpolitico.mx\/?p=10737","title":{"rendered":"Recibe AMLO a Nicol\u00e1s Maduro en Palacio Nacional"},"content":{"rendered":"<h3 class=\"mtitle\">Recibe AMLO a Nicol\u00e1s Maduro en Palacio Nacional<\/h3>\n<p>Por Redacci\u00f3n QP<\/p>\n<div class=\"sumary single\">\n<p>El mandatario mexicano recibi\u00f3 junto a su esposa, Beatriz Guti\u00e9rrez Muller, a la pareja presidencial venezolana en Palacio Nacional.<\/p>\n<\/div>\n<div class=\"singleNote\">\n<p>El presidente de M\u00e9xico, Andr\u00e9s Manuel L\u00f3pez Obrador, recibi\u00f3 en Palacio Nacional a su hom\u00f3logo de Venezuela, Nicol\u00e1s Maduro.<\/p>\n<p>El mandatario mexicano recibi\u00f3 junto a su esposa, <strong>Beatriz Guti\u00e9rrez Muller<\/strong>, a la pareja presidencial venezolana.<\/p>\n<p>A trav\u00e9s de sus redes sociales, la <strong>canciller\u00eda de la naci\u00f3n sudamericana<\/strong> destac\u00f3 el encuentro, que se efectu\u00f3 en el marco de la toma de protesta del tabasque\u00f1o.<\/p>\n<blockquote class=\"twitter-tweet\" data-width=\"550\" data-dnt=\"true\">\n<p lang=\"es\" dir=\"ltr\"><a href=\"https:\/\/twitter.com\/hashtag\/NOTICIA?src=hash&amp;ref_src=twsrc%5Etfw\">#NOTICIA<\/a> | Presidente Maduro es recibido por L\u00f3pez Obrador en el Palacio Nacional de M\u00e9xico<a href=\"https:\/\/twitter.com\/hashtag\/PlanNavidadesFelices?src=hash&amp;ref_src=twsrc%5Etfw\">#PlanNavidadesFelices<\/a><a href=\"https:\/\/t.co\/bXJt7ZDEEG\">https:\/\/t.co\/bXJt7ZDEEG<\/a> <a href=\"https:\/\/t.co\/DY3OhZ34oD\">pic.twitter.com\/DY3OhZ34oD<\/a><\/p>\n<p>&mdash; Canciller\u00eda Venezuela \ud83c\uddfb\ud83c\uddea (@CancilleriaVE) <a href=\"https:\/\/twitter.com\/CancilleriaVE\/status\/1069033406283960320?ref_src=twsrc%5Etfw\">December 2, 2018<\/a><\/p><\/blockquote>\n<p><script async src=\"https:\/\/platform.twitter.com\/widgets.js\" charset=\"utf-8\"><\/script><\/p>\n<p>Maduro se ausent\u00f3 de la ceremonia oficial que se llev\u00f3 a cabo en el <strong>Palacio Legislativo de San L\u00e1zaro<\/strong> a fin de evitar fricciones.<\/p>\n<p>El dirigente venezolano arrib\u00f3 de forma directa a la <strong>sede del gobierno mexicano<\/strong> para participar en la comida que brind\u00f3 L\u00f3pez Obrador a los <strong>invitados especiales<\/strong>.<\/p>\n<h3>Presume visita a M\u00e9xico<\/h3>\n<p>En redes sociales, Maduro Moros presumi\u00f3 varios aspectos de su visita a M\u00e9xico, en los que convivi\u00f3 con <strong>otros mandatarios de la regi\u00f3n<\/strong>.<\/p>\n<p>En su cuenta oficial de Twitter,\u00a0<em><strong><a class=\"ProfileCardMini-screennameLink u-linkComplex js-nav u-dir\" dir=\"ltr\" href=\"https:\/\/twitter.com\/NicolasMaduro\"><span class=\"username u-dir\" dir=\"ltr\">@NicolasMaduro<\/span><\/a><\/strong>,<\/em>\u00a0el mandatario aparece con sus hom\u00f3logos de Ecuador,\u00a0<strong>Lenin Moreno<\/strong>, y de Bolivia,\u00a0<strong>Evo Morales,\u00a0<\/strong>quienes est\u00e1n sentados en un sill\u00f3n dentro de<strong>\u00a0Palacio Nacional.<\/strong><\/p>\n<blockquote>\n<p>\u201cHermanos de la patria grande en la toma de protesta de\u00a0<a class=\"twitter-atreply pretty-link js-nav\" dir=\"ltr\" href=\"https:\/\/twitter.com\/lopezobrador_\" data-mentioned-user-id=\"82119937\"><s>@<\/s><b>LopezObrador_<\/b><\/a>, quien hoy escribe una p\u00e1gina brillante en la historia de nuestros pueblos que luchan por la autodeterminaci\u00f3n y la unidad latinoamericana\u201d, escribi\u00f3.<\/p>\n<blockquote class=\"twitter-tweet\" data-width=\"550\" data-dnt=\"true\">\n<p lang=\"es\" dir=\"ltr\">Hermanos de la patria grande en la toma de protesta de <a href=\"https:\/\/twitter.com\/lopezobrador_?ref_src=twsrc%5Etfw\">@LopezObrador_<\/a>, quien hoy escribe una p\u00e1gina brillante en la historia de nuestros pueblos que luchan por la autodeterminaci\u00f3n y la unidad latinoamericana. <a href=\"https:\/\/t.co\/vlJEEwsuaw\">pic.twitter.com\/vlJEEwsuaw<\/a><\/p>\n<p>&mdash; Nicol\u00e1s Maduro (@NicolasMaduro) <a href=\"https:\/\/twitter.com\/NicolasMaduro\/status\/1068986352904097799?ref_src=twsrc%5Etfw\">December 1, 2018<\/a><\/p><\/blockquote>\n<p><script async src=\"https:\/\/platform.twitter.com\/widgets.js\" charset=\"utf-8\"><\/script><\/p>\n<p>Maduro agradeci\u00f3, en un segundo mensaje, al pueblo de M\u00e9xico por las fraternas muestras de cari\u00f1o.<\/p>\n<p>Indic\u00f3 que a nombre de Venezuela expresaba su respaldo y la hermandad de su pueblo con L\u00f3pez Obrador.<\/p>\n<blockquote>\n<p>\u201cAgradezco las muestras de cari\u00f1o del fraterno pueblo mexicano. Hemos venido a expresar a\u00a0<a class=\"twitter-atreply pretty-link js-nav\" dir=\"ltr\" href=\"https:\/\/twitter.com\/lopezobrador_\" data-mentioned-user-id=\"82119937\"><s>@<\/s><b>LopezObrador_<\/b><\/a>\u00a0nuestro respaldo y la hermandad del pueblo venezolano. \u00a1Viva la Am\u00e9rica Unida! \u00a1Viva Benito Ju\u00e1rez!! \u00a1Viva Bol\u00edvar!\u201d, expres\u00f3.<\/p>\n<blockquote class=\"twitter-tweet\" data-width=\"550\" data-dnt=\"true\">\n<p lang=\"es\" dir=\"ltr\">Agradezco las muestras de cari\u00f1o del fraterno pueblo mexicano. Hemos venido a expresar a <a href=\"https:\/\/twitter.com\/lopezobrador_?ref_src=twsrc%5Etfw\">@LopezObrador_<\/a> nuestro respaldo y la hermandad del pueblo venezolano. \u00a1Viva la Am\u00e9rica Unida! \u00a1Viva Benito Ju\u00e1rez!! \u00a1Viva Bol\u00edvar! <a href=\"https:\/\/t.co\/HYVluTG9mv\">pic.twitter.com\/HYVluTG9mv<\/a><\/p>\n<p>&mdash; Nicol\u00e1s Maduro (@NicolasMaduro) <a href=\"https:\/\/twitter.com\/NicolasMaduro\/status\/1068968181627305984?ref_src=twsrc%5Etfw\">December 1, 2018<\/a><\/p><\/blockquote>\n<p><script async src=\"https:\/\/platform.twitter.com\/widgets.js\" charset=\"utf-8\"><\/script><\/p>\n<\/blockquote>\n<\/blockquote>\n<\/div>\n","protected":false},"excerpt":{"rendered":"<p>Recibe AMLO a Nicol\u00e1s Maduro en Palacio Nacional<br \/>\nPor Redacci\u00f3n QP<\/p>\n","protected":false},"author":2,"featured_media":10736,"comment_status":"open","ping_status":"open","sticky":false,"template":"","format":"standard","meta":{"_monsterinsights_skip_tracking":false,"_monsterinsights_sitenote_active":false,"_monsterinsights_sitenote_note":"","_monsterinsights_sitenote_category":0,"footnotes":""},"categories":[2],"tags":[],"class_list":["post-10737","post","type-post","status-publish","format-standard","has-post-thumbnail","hentry","category-noticias"],"yoast_head":"<!-- This site is optimized with the Yoast SEO plugin v27.3 - https:\/\/yoast.com\/product\/yoast-seo-wordpress\/ -->\n<title>Recibe AMLO a Nicol\u00e1s Maduro en Palacio Nacional -<\/title>\n<meta name=\"robots\" content=\"index, follow, max-snippet:-1, max-image-preview:large, max-video-preview:-1\" \/>\n<link rel=\"canonical\" href=\"https:\/\/quehacerpolitico.mx\/?p=10737\" \/>\n<meta property=\"og:locale\" content=\"es_MX\" \/>\n<meta property=\"og:type\" content=\"article\" \/>\n<meta property=\"og:title\" content=\"Recibe AMLO a Nicol\u00e1s Maduro en Palacio Nacional -\" \/>\n<meta property=\"og:description\" content=\"Recibe AMLO a Nicol\u00e1s Maduro en Palacio Nacional Por Redacci\u00f3n QP\" \/>\n<meta property=\"og:url\" content=\"https:\/\/quehacerpolitico.mx\/?p=10737\" \/>\n<meta property=\"article:published_time\" content=\"2018-12-02T03:52:22+00:00\" \/>\n<meta name=\"author\" content=\"Redacci\u00f3n QP\" \/>\n<meta name=\"twitter:card\" content=\"summary_large_image\" \/>\n<meta name=\"twitter:label1\" content=\"Escrito por\" \/>\n\t<meta name=\"twitter:data1\" content=\"Redacci\u00f3n QP\" \/>\n\t<meta name=\"twitter:label2\" content=\"Tiempo de lectura\" \/>\n\t<meta name=\"twitter:data2\" content=\"2 minutos\" \/>\n<script type=\"application\/ld+json\" class=\"yoast-schema-graph\">{\"@context\":\"https:\\\/\\\/schema.org\",\"@graph\":[{\"@type\":\"Article\",\"@id\":\"https:\\\/\\\/quehacerpolitico.mx\\\/?p=10737#article\",\"isPartOf\":{\"@id\":\"https:\\\/\\\/quehacerpolitico.mx\\\/?p=10737\"},\"author\":{\"name\":\"Redacci\u00f3n QP\",\"@id\":\"https:\\\/\\\/quehacerpolitico.mx\\\/#\\\/schema\\\/person\\\/496d8ad2d1d3f8036101dca7ee39e585\"},\"headline\":\"Recibe AMLO a Nicol\u00e1s Maduro en Palacio Nacional\",\"datePublished\":\"2018-12-02T03:52:22+00:00\",\"mainEntityOfPage\":{\"@id\":\"https:\\\/\\\/quehacerpolitico.mx\\\/?p=10737\"},\"wordCount\":360,\"commentCount\":0,\"image\":{\"@id\":\"https:\\\/\\\/quehacerpolitico.mx\\\/?p=10737#primaryimage\"},\"thumbnailUrl\":\"\",\"articleSection\":[\"Noticias\"],\"inLanguage\":\"es\",\"potentialAction\":[{\"@type\":\"CommentAction\",\"name\":\"Comment\",\"target\":[\"https:\\\/\\\/quehacerpolitico.mx\\\/?p=10737#respond\"]}]},{\"@type\":\"WebPage\",\"@id\":\"https:\\\/\\\/quehacerpolitico.mx\\\/?p=10737\",\"url\":\"https:\\\/\\\/quehacerpolitico.mx\\\/?p=10737\",\"name\":\"Recibe AMLO a Nicol\u00e1s Maduro en Palacio Nacional -\",\"isPartOf\":{\"@id\":\"https:\\\/\\\/quehacerpolitico.mx\\\/#website\"},\"primaryImageOfPage\":{\"@id\":\"https:\\\/\\\/quehacerpolitico.mx\\\/?p=10737#primaryimage\"},\"image\":{\"@id\":\"https:\\\/\\\/quehacerpolitico.mx\\\/?p=10737#primaryimage\"},\"thumbnailUrl\":\"\",\"datePublished\":\"2018-12-02T03:52:22+00:00\",\"author\":{\"@id\":\"https:\\\/\\\/quehacerpolitico.mx\\\/#\\\/schema\\\/person\\\/496d8ad2d1d3f8036101dca7ee39e585\"},\"breadcrumb\":{\"@id\":\"https:\\\/\\\/quehacerpolitico.mx\\\/?p=10737#breadcrumb\"},\"inLanguage\":\"es\",\"potentialAction\":[{\"@type\":\"ReadAction\",\"target\":[\"https:\\\/\\\/quehacerpolitico.mx\\\/?p=10737\"]}]},{\"@type\":\"ImageObject\",\"inLanguage\":\"es\",\"@id\":\"https:\\\/\\\/quehacerpolitico.mx\\\/?p=10737#primaryimage\",\"url\":\"\",\"contentUrl\":\"\"},{\"@type\":\"BreadcrumbList\",\"@id\":\"https:\\\/\\\/quehacerpolitico.mx\\\/?p=10737#breadcrumb\",\"itemListElement\":[{\"@type\":\"ListItem\",\"position\":1,\"name\":\"Inicio\",\"item\":\"https:\\\/\\\/quehacerpolitico.mx\\\/\"},{\"@type\":\"ListItem\",\"position\":2,\"name\":\"Recibe AMLO a Nicol\u00e1s Maduro en Palacio Nacional\"}]},{\"@type\":\"WebSite\",\"@id\":\"https:\\\/\\\/quehacerpolitico.mx\\\/#website\",\"url\":\"https:\\\/\\\/quehacerpolitico.mx\\\/\",\"name\":\"\",\"description\":\"\",\"potentialAction\":[{\"@type\":\"SearchAction\",\"target\":{\"@type\":\"EntryPoint\",\"urlTemplate\":\"https:\\\/\\\/quehacerpolitico.mx\\\/?s={search_term_string}\"},\"query-input\":{\"@type\":\"PropertyValueSpecification\",\"valueRequired\":true,\"valueName\":\"search_term_string\"}}],\"inLanguage\":\"es\"},{\"@type\":\"Person\",\"@id\":\"https:\\\/\\\/quehacerpolitico.mx\\\/#\\\/schema\\\/person\\\/496d8ad2d1d3f8036101dca7ee39e585\",\"name\":\"Redacci\u00f3n QP\",\"image\":{\"@type\":\"ImageObject\",\"inLanguage\":\"es\",\"@id\":\"https:\\\/\\\/secure.gravatar.com\\\/avatar\\\/c7164ed6fdec453195284ad24a5ae5b6e1eed2b848477fa2a4787ba9adf39a41?s=96&d=mm&r=g\",\"url\":\"https:\\\/\\\/secure.gravatar.com\\\/avatar\\\/c7164ed6fdec453195284ad24a5ae5b6e1eed2b848477fa2a4787ba9adf39a41?s=96&d=mm&r=g\",\"contentUrl\":\"https:\\\/\\\/secure.gravatar.com\\\/avatar\\\/c7164ed6fdec453195284ad24a5ae5b6e1eed2b848477fa2a4787ba9adf39a41?s=96&d=mm&r=g\",\"caption\":\"Redacci\u00f3n QP\"},\"url\":\"https:\\\/\\\/quehacerpolitico.mx\\\/?author=2\"}]}<\/script>\n<!-- \/ Yoast SEO plugin. -->","yoast_head_json":{"title":"Recibe AMLO a Nicol\u00e1s Maduro en Palacio Nacional -","robots":{"index":"index","follow":"follow","max-snippet":"max-snippet:-1","max-image-preview":"max-image-preview:large","max-video-preview":"max-video-preview:-1"},"canonical":"https:\/\/quehacerpolitico.mx\/?p=10737","og_locale":"es_MX","og_type":"article","og_title":"Recibe AMLO a Nicol\u00e1s Maduro en Palacio Nacional -","og_description":"Recibe AMLO a Nicol\u00e1s Maduro en Palacio Nacional Por Redacci\u00f3n QP","og_url":"https:\/\/quehacerpolitico.mx\/?p=10737","article_published_time":"2018-12-02T03:52:22+00:00","author":"Redacci\u00f3n QP","twitter_card":"summary_large_image","twitter_misc":{"Escrito por":"Redacci\u00f3n QP","Tiempo de lectura":"2 minutos"},"schema":{"@context":"https:\/\/schema.org","@graph":[{"@type":"Article","@id":"https:\/\/quehacerpolitico.mx\/?p=10737#article","isPartOf":{"@id":"https:\/\/quehacerpolitico.mx\/?p=10737"},"author":{"name":"Redacci\u00f3n QP","@id":"https:\/\/quehacerpolitico.mx\/#\/schema\/person\/496d8ad2d1d3f8036101dca7ee39e585"},"headline":"Recibe AMLO a Nicol\u00e1s Maduro en Palacio Nacional","datePublished":"2018-12-02T03:52:22+00:00","mainEntityOfPage":{"@id":"https:\/\/quehacerpolitico.mx\/?p=10737"},"wordCount":360,"commentCount":0,"image":{"@id":"https:\/\/quehacerpolitico.mx\/?p=10737#primaryimage"},"thumbnailUrl":"","articleSection":["Noticias"],"inLanguage":"es","potentialAction":[{"@type":"CommentAction","name":"Comment","target":["https:\/\/quehacerpolitico.mx\/?p=10737#respond"]}]},{"@type":"WebPage","@id":"https:\/\/quehacerpolitico.mx\/?p=10737","url":"https:\/\/quehacerpolitico.mx\/?p=10737","name":"Recibe AMLO a Nicol\u00e1s Maduro en Palacio Nacional -","isPartOf":{"@id":"https:\/\/quehacerpolitico.mx\/#website"},"primaryImageOfPage":{"@id":"https:\/\/quehacerpolitico.mx\/?p=10737#primaryimage"},"image":{"@id":"https:\/\/quehacerpolitico.mx\/?p=10737#primaryimage"},"thumbnailUrl":"","datePublished":"2018-12-02T03:52:22+00:00","author":{"@id":"https:\/\/quehacerpolitico.mx\/#\/schema\/person\/496d8ad2d1d3f8036101dca7ee39e585"},"breadcrumb":{"@id":"https:\/\/quehacerpolitico.mx\/?p=10737#breadcrumb"},"inLanguage":"es","potentialAction":[{"@type":"ReadAction","target":["https:\/\/quehacerpolitico.mx\/?p=10737"]}]},{"@type":"ImageObject","inLanguage":"es","@id":"https:\/\/quehacerpolitico.mx\/?p=10737#primaryimage","url":"","contentUrl":""},{"@type":"BreadcrumbList","@id":"https:\/\/quehacerpolitico.mx\/?p=10737#breadcrumb","itemListElement":[{"@type":"ListItem","position":1,"name":"Inicio","item":"https:\/\/quehacerpolitico.mx\/"},{"@type":"ListItem","position":2,"name":"Recibe AMLO a Nicol\u00e1s Maduro en Palacio Nacional"}]},{"@type":"WebSite","@id":"https:\/\/quehacerpolitico.mx\/#website","url":"https:\/\/quehacerpolitico.mx\/","name":"","description":"","potentialAction":[{"@type":"SearchAction","target":{"@type":"EntryPoint","urlTemplate":"https:\/\/quehacerpolitico.mx\/?s={search_term_string}"},"query-input":{"@type":"PropertyValueSpecification","valueRequired":true,"valueName":"search_term_string"}}],"inLanguage":"es"},{"@type":"Person","@id":"https:\/\/quehacerpolitico.mx\/#\/schema\/person\/496d8ad2d1d3f8036101dca7ee39e585","name":"Redacci\u00f3n QP","image":{"@type":"ImageObject","inLanguage":"es","@id":"https:\/\/secure.gravatar.com\/avatar\/c7164ed6fdec453195284ad24a5ae5b6e1eed2b848477fa2a4787ba9adf39a41?s=96&d=mm&r=g","url":"https:\/\/secure.gravatar.com\/avatar\/c7164ed6fdec453195284ad24a5ae5b6e1eed2b848477fa2a4787ba9adf39a41?s=96&d=mm&r=g","contentUrl":"https:\/\/secure.gravatar.com\/avatar\/c7164ed6fdec453195284ad24a5ae5b6e1eed2b848477fa2a4787ba9adf39a41?s=96&d=mm&r=g","caption":"Redacci\u00f3n QP"},"url":"https:\/\/quehacerpolitico.mx\/?author=2"}]}},"featured_image_urls":{"full":"","thumbnail":"","medium":"","medium_large":"","large":"","1536x1536":"","2048x2048":"","covernews-featured":"","covernews-medium":""},"author_info":{"display_name":"Redacci\u00f3n QP","author_link":"https:\/\/quehacerpolitico.mx\/?author=2"},"category_info":"<a href=\"https:\/\/quehacerpolitico.mx\/?cat=2\" rel=\"category\">Noticias<\/a>","tag_info":"Noticias","comment_count":"0","_links":{"self":[{"href":"https:\/\/quehacerpolitico.mx\/index.php?rest_route=\/wp\/v2\/posts\/10737","targetHints":{"allow":["GET"]}}],"collection":[{"href":"https:\/\/quehacerpolitico.mx\/index.php?rest_route=\/wp\/v2\/posts"}],"about":[{"href":"https:\/\/quehacerpolitico.mx\/index.php?rest_route=\/wp\/v2\/types\/post"}],"author":[{"embeddable":true,"href":"https:\/\/quehacerpolitico.mx\/index.php?rest_route=\/wp\/v2\/users\/2"}],"replies":[{"embeddable":true,"href":"https:\/\/quehacerpolitico.mx\/index.php?rest_route=%2Fwp%2Fv2%2Fcomments&post=10737"}],"version-history":[{"count":0,"href":"https:\/\/quehacerpolitico.mx\/index.php?rest_route=\/wp\/v2\/posts\/10737\/revisions"}],"wp:featuredmedia":[{"embeddable":true,"href":"https:\/\/quehacerpolitico.mx\/index.php?rest_route=\/"}],"wp:attachment":[{"href":"https:\/\/quehacerpolitico.mx\/index.php?rest_route=%2Fwp%2Fv2%2Fmedia&parent=10737"}],"wp:term":[{"taxonomy":"category","embeddable":true,"href":"https:\/\/quehacerpolitico.mx\/index.php?rest_route=%2Fwp%2Fv2%2Fcategories&post=10737"},{"taxonomy":"post_tag","embeddable":true,"href":"https:\/\/quehacerpolitico.mx\/index.php?rest_route=%2Fwp%2Fv2%2Ftags&post=10737"}],"curies":[{"name":"wp","href":"https:\/\/api.w.org\/{rel}","templated":true}]}}