{"id":10735,"date":"2018-12-02T03:33:33","date_gmt":"2018-12-02T03:33:33","guid":{"rendered":"http:\/\/quehacerpolitico.mx\/lopez-obrador-dice-que-no-se-atentara-contra-la-libertad-de-ningun-medio-o-periodista\/"},"modified":"2018-12-02T03:33:33","modified_gmt":"2018-12-02T03:33:33","slug":"lopez-obrador-dice-que-no-se-atentara-contra-la-libertad-de-ningun-medio-o-periodista","status":"publish","type":"post","link":"https:\/\/quehacerpolitico.mx\/?p=10735","title":{"rendered":"L\u00f3pez Obrador dice que no se atentar\u00e1 contra la libertad de ning\u00fan medio o periodista"},"content":{"rendered":"<h1>L\u00f3pez Obrador dice que no se atentar\u00e1 contra la libertad de ning\u00fan medio o periodista<\/h1>\n<p>Por Redacci\u00f3n QP<\/p>\n<p>El nuevo <strong>Presidente de M\u00e9xico<\/strong>, Andr\u00e9s Manuel <strong>L\u00f3pez Obrador<\/strong>, se dirigi\u00f3 hoy a los ciudadanos tras asumir el cargo para reafirmar su compromiso de <strong>\u201cno mentir, no robar y no traicionar\u201d<\/strong>, y les pidi\u00f3 tener \u201cpaciencia y confianza\u201d.<\/p>\n<blockquote>\n<p>En un gesto que no suele verse en las jornadas de investidura, el l\u00edder del <strong>Movimiento Regeneraci\u00f3n Nacional (Morena)<\/strong> pronunci\u00f3 un largo discurso en el Z\u00f3calo de Ciudad de M\u00e9xico en que reiter\u00f3 todas sus promesas y propuestas para este sexenio (2018-2024).<\/p>\n<\/blockquote>\n<p>Lo hizo despu\u00e9s de encabezar una recepci\u00f3n privada con l\u00edderes internacionales y participar en un ritual en que los representantes de los 68 pueblos ind\u00edgenas mexicanos le entregaron el bast\u00f3n de mando de sus comunidades.<\/p>\n<p>L\u00f3pez Obrador clam\u00f3 que hoy comienza \u201clo que podr\u00edamos llamar una modernidad forjada desde abajo y para todos\u201d.<\/p>\n<p>\u201cPara resumir en una frase: lo que buscamos, lo que anhelamos, es la purificaci\u00f3n de la vida p\u00fablica de M\u00e9xico\u201d, se\u00f1al\u00f3.<\/p>\n<p>A lo largo del discurso, que se extendi\u00f3 m\u00e1s de una hora, el pol\u00edtico mencion\u00f3 algunas de sus propuestas estrella, que tambi\u00e9n enumer\u00f3 en el mensaje que pronunci\u00f3 justo despu\u00e9s de hacer el juramento al cargo en el Congreso de la Uni\u00f3n.<\/p>\n<p>Reafirm\u00f3 que en su Gobierno estar\u00e1n \u201cprimero los pobres\u201d, y que se va a incrementar el presupuesto para financiar programas sociales gracias a que se van a liberar fondos porque \u201cse va a acabar con la corrupci\u00f3n\u201d.<\/p>\n<p>El precio de las gasolinas y de la luz solo aumentar\u00e1 en relaci\u00f3n con la inflaci\u00f3n, y se fomentar\u00e1n las energ\u00edas renovables y la producci\u00f3n de crudo, con una nueva refiner\u00eda, para dejar de comprar combustibles al extranjero.<\/p>\n<p>El Presidente rog\u00f3 a los ciudadanos tenerle \u201cpaciencia y confianza\u201d, porque \u201cnos est\u00e1n entregando un pa\u00eds en quiebra, sobre todo en lo que tiene que ver con la industria petrolera y el\u00e9ctrica\u201d.<\/p>\n<p>Asimismo, record\u00f3 que habr\u00e1 un \u201caut\u00e9ntico Estado de derecho\u201d, y que a nadie le estar\u00e1 permitido violar la Constituci\u00f3n o las leyes: \u201cNo habr\u00e1 impunidad y se van a cancelar, abolir, los fueros y los privilegios\u201d, asegur\u00f3.<\/p>\n<blockquote>\n<p>\u201cHoy habl\u00e9 de la nueva pol\u00edtica que <strong>se llevar\u00e1 a cabo para hacer realidad<\/strong> la cuarta transformaci\u00f3n de la vida p\u00fablica del pa\u00eds. <strong>Ahora quiero hablar<\/strong> de lo que ya hemos hecho y de lo que se seguir\u00e1 haciendo para lograr la modernidad para todos\u201d, dijo.<\/p>\n<\/blockquote>\n<p>AMLO dijo que buscar\u00e1 la\u00a0purificaci\u00f3n de la vida p\u00fablica de M\u00e9xico.<\/p>\n<p>\u201cReafirmo los compromisos: en primer lugar vamos a dar atenci\u00f3n especial a los pueblos ind\u00edgenas de M\u00e9xico. Es una ignominia que nuestros pueblos originarios vivan desde hace siglos bajo el racismo, la pobreza y la marginaci\u00f3n\u201d, dijo.<\/p>\n<p>A\u00f1adi\u00f3: \u201cLas diversas culturas del ma\u00edz tendr\u00e1n prioridad. Se atender\u00e1 a todos los mexicanos sin importar clase, sexo, ideolog\u00edas, partidos, pero se partir\u00e1 del principio: por el bien de todos, primero los pobres\u201d.<\/p>\n<p><img loading=\"lazy\" decoding=\"async\" class=\"alignnone wp-image-3505466 size-full\" src=\"https:\/\/www.sinembargo.mx\/wp-content\/uploads\/2018\/12\/0b5813f1-d85c-4cff-b924-bd029f5707bb.jpg\" sizes=\"auto, (max-width: 700px) 100vw, 700px\" srcset=\"https:\/\/www.sinembargo.mx\/wp-content\/uploads\/2018\/12\/0b5813f1-d85c-4cff-b924-bd029f5707bb.jpg 700w, https:\/\/www.sinembargo.mx\/wp-content\/uploads\/2018\/12\/0b5813f1-d85c-4cff-b924-bd029f5707bb-300x225.jpg 300w\" alt=\"\" width=\"700\" height=\"525\" \/><\/p>\n<p><img loading=\"lazy\" decoding=\"async\" class=\"alignnone wp-image-3505467 size-full\" src=\"https:\/\/www.sinembargo.mx\/wp-content\/uploads\/2018\/12\/f14e4107-2fde-4807-83f4-d0597855f6c5.jpg\" sizes=\"auto, (max-width: 700px) 100vw, 700px\" srcset=\"https:\/\/www.sinembargo.mx\/wp-content\/uploads\/2018\/12\/f14e4107-2fde-4807-83f4-d0597855f6c5.jpg 700w, https:\/\/www.sinembargo.mx\/wp-content\/uploads\/2018\/12\/f14e4107-2fde-4807-83f4-d0597855f6c5-300x225.jpg 300w\" alt=\"\" width=\"700\" height=\"525\" \/><\/p>\n<blockquote>\n<p>El Presidente dijo en el Z\u00f3calo de la Ciudad de M\u00e9xico que todos los estudiantes de las escuelas p\u00fablicas tendr\u00e1n una beca de 800 pesos mensuales, mientras que a los j\u00f3venes de educaci\u00f3n superior se les dar\u00e1n 2 mil 400 pesos mensuales. Y tambi\u00e9n ofreci\u00f3 100 universidades p\u00fablicas.<\/p>\n<\/blockquote>\n<p>Se cancelar\u00e1 la mal llamada Reforma Educativa, reiter\u00f3. Se establecer\u00e1 en el Art\u00edculo tercero de la Constituci\u00f3n el derecho a la educaci\u00f3n gratuita en todos los niveles de escolaridad, \u201cy el Gobierno no ofender\u00e1 a nuestras maestras y a nuestros maestros\u201d, afirm\u00f3.<\/p>\n<blockquote>\n<p>Hoy comienza el apoyo a los damnificados de los sismos, inform\u00f3 en la Plaza de la Constituci\u00f3n.<\/p>\n<\/blockquote>\n<p>Se har\u00e1 realidad el derecho a la salud y habr\u00e1 atenci\u00f3n y medicamentos gratuitos; comenzar\u00e1 de las zonas m\u00e1s pobres, expuso.<\/p>\n<p>Bajar\u00e1n los sueldos de altos funcionarios y aumentar\u00e1n los sueldos de los de abajo. \u201c\u00a1Arriba los de abajo!\u201d, exclam\u00f3.<\/p>\n<p>Tambi\u00e9n, a\u00f1adi\u00f3, se redoblar\u00e1n los apoyos a los adultos mayores, con 120 mil millones de pesos. \u201cAncianos respetables que ya trabajaron toda la vida, ya aportaron mucho a la sociedad y merecejn vivir con dignidad en el \u00faltimo tramo de su existencia\u201d, dijo.<\/p>\n<p>Por la fraternidad y el humanismo, porque todos los que participaron en este movimiento, y los propulsores de este movimiento, todos los ni\u00f1os y ni\u00f1as pobres descapacitados de M\u00e9xico tendr\u00e1n una pensi\u00f3n igual que la de los adultos mayores, afirm\u00f3.<\/p>\n<p>Este mes iniciamos la construcci\u00f3n de caminos de concreto en municipios olvidados de Oaxaca, de Guerrero y otros estados. Y se construir\u00e1n con trabajadores de las mismas comunidades, inform\u00f3.<\/p>\n<p>Se crear\u00e1n empleos con salarios justos y se har\u00e1n las obras de concreto y con revolvedoras para que se d\u00e9 mucho empleo, explic\u00f3.<\/p>\n<p>Esos caminos que hac\u00edan los contratistas asociados con el Gobierno en turno y nom\u00e1s pintaban \u201c\u00a1se acab\u00f3!\u201d, dijo.<\/p>\n<p>Los peque\u00f1os productores de ma\u00edz, frijol, trigo, arroz y leche se les comprar\u00e1 los alimentos con precios de garant\u00eda, justos, no como ahora.<\/p>\n<p>Se otorgar\u00e1n cr\u00e9ditos a la palabra y sin instereses a ejidatarios y a productores para rescatar potreros que han sido abandonados, prometi\u00f3.<\/p>\n<p>El banco Bansefi se convertir\u00e1 en el Banco del Bienestar y va a tener sucursales en todo el territorio nacional.<\/p>\n<p>Haremos muy pocos viajes al extranjero y s\u00f3lo por causas de fuerza mayor. La mejor pol\u00edtica exterior es la interior, afirm\u00f3. \u201cNo podemos ser candil de la calle\u201d, a\u00f1adi\u00f3.<\/p>\n<div id=\"attachment_3505439\" class=\"wp-caption alignnone\"><img loading=\"lazy\" decoding=\"async\" class=\"wp-image-3505439 size-full\" src=\"https:\/\/www.sinembargo.mx\/wp-content\/uploads\/2018\/12\/zocalo_seguidores-4.jpg\" sizes=\"auto, (max-width: 700px) 100vw, 700px\" srcset=\"https:\/\/www.sinembargo.mx\/wp-content\/uploads\/2018\/12\/zocalo_seguidores-4.jpg 700w, https:\/\/www.sinembargo.mx\/wp-content\/uploads\/2018\/12\/zocalo_seguidores-4-200x300.jpg 200w\" alt=\"\" width=\"700\" height=\"1050\" \/><\/p>\n<p class=\"wp-caption-text\">Andr\u00e9s Manuel L\u00f3pez Obrador habl\u00f3 ante sus seguidores en el Z\u00f3calo de la Ciudad de M\u00e9xico.\u00a0Foto: Cuartoscuro.<\/p>\n<\/div>\n<div id=\"attachment_3505440\" class=\"wp-caption alignnone\"><img loading=\"lazy\" decoding=\"async\" class=\"wp-image-3505440 size-full\" src=\"https:\/\/www.sinembargo.mx\/wp-content\/uploads\/2018\/12\/zocalo_seguidores-2.jpg\" sizes=\"auto, (max-width: 700px) 100vw, 700px\" srcset=\"https:\/\/www.sinembargo.mx\/wp-content\/uploads\/2018\/12\/zocalo_seguidores-2.jpg 700w, https:\/\/www.sinembargo.mx\/wp-content\/uploads\/2018\/12\/zocalo_seguidores-2-300x200.jpg 300w\" alt=\"\" width=\"700\" height=\"467\" \/><\/p>\n<p class=\"wp-caption-text\">Andr\u00e9s Manuel L\u00f3pez Obrador reafirm\u00f3 sus compromisos ante los miles de seguidores que se dieron cita en el Z\u00f3calo de la Ciudad de M\u00e9xico.\u00a0Foto: Cuartoscuro.<\/p>\n<\/div>\n<div id=\"attachment_3505438\" class=\"wp-caption alignnone\"><img loading=\"lazy\" decoding=\"async\" class=\"wp-image-3505438 size-full\" src=\"https:\/\/www.sinembargo.mx\/wp-content\/uploads\/2018\/12\/amlo_palacio_llegada-3.jpg\" sizes=\"auto, (max-width: 700px) 100vw, 700px\" srcset=\"https:\/\/www.sinembargo.mx\/wp-content\/uploads\/2018\/12\/amlo_palacio_llegada-3.jpg 700w, https:\/\/www.sinembargo.mx\/wp-content\/uploads\/2018\/12\/amlo_palacio_llegada-3-300x206.jpg 300w\" alt=\"\" width=\"700\" height=\"481\" \/><\/p>\n<p class=\"wp-caption-text\">Andr\u00e9s Manuel L\u00f3pez Obrador habl\u00f3 ante sus seguidores en el Z\u00f3calo de la Ciudad de M\u00e9xico.\u00a0Foto: Cuartoscuro.<\/p>\n<\/div>\n<div id=\"attachment_3505442\" class=\"wp-caption alignnone\"><img loading=\"lazy\" decoding=\"async\" class=\"wp-image-3505442 size-full\" src=\"https:\/\/www.sinembargo.mx\/wp-content\/uploads\/2018\/12\/captura-de-pantalla-2018-12-01-a-las-17-15-29.png\" sizes=\"auto, (max-width: 700px) 100vw, 700px\" srcset=\"https:\/\/www.sinembargo.mx\/wp-content\/uploads\/2018\/12\/captura-de-pantalla-2018-12-01-a-las-17-15-29.png 700w, https:\/\/www.sinembargo.mx\/wp-content\/uploads\/2018\/12\/captura-de-pantalla-2018-12-01-a-las-17-15-29-300x161.png 300w\" alt=\"\" width=\"700\" height=\"375\" \/><\/p>\n<p class=\"wp-caption-text\">L\u00f3pez Obrador recibi\u00f3 el Bast\u00f3n de Mando. Foto: Especial.<\/p>\n<\/div>\n<div id=\"attachment_3505443\" class=\"wp-caption alignnone\"><img loading=\"lazy\" decoding=\"async\" class=\"wp-image-3505443 size-full\" src=\"https:\/\/www.sinembargo.mx\/wp-content\/uploads\/2018\/12\/captura-de-pantalla-2018-12-01-a-las-17-15-12.png\" sizes=\"auto, (max-width: 700px) 100vw, 700px\" srcset=\"https:\/\/www.sinembargo.mx\/wp-content\/uploads\/2018\/12\/captura-de-pantalla-2018-12-01-a-las-17-15-12.png 700w, https:\/\/www.sinembargo.mx\/wp-content\/uploads\/2018\/12\/captura-de-pantalla-2018-12-01-a-las-17-15-12-300x138.png 300w\" alt=\"\" width=\"700\" height=\"323\" \/><\/p>\n<p class=\"wp-caption-text\">L\u00f3pez Obrador recibi\u00f3 el Bast\u00f3n de Mando. Foto: Especial.<\/p>\n<\/div>\n","protected":false},"excerpt":{"rendered":"<p>L\u00f3pez Obrador dice que no se atentar\u00e1 contra la libertad de ning\u00fan medio o periodista<br \/>\nPor Redacci\u00f3n QP<\/p>\n","protected":false},"author":2,"featured_media":10734,"comment_status":"open","ping_status":"open","sticky":false,"template":"","format":"standard","meta":{"_monsterinsights_skip_tracking":false,"_monsterinsights_sitenote_active":false,"_monsterinsights_sitenote_note":"","_monsterinsights_sitenote_category":0,"footnotes":""},"categories":[2],"tags":[],"class_list":["post-10735","post","type-post","status-publish","format-standard","has-post-thumbnail","hentry","category-noticias"],"yoast_head":"<!-- This site is optimized with the Yoast SEO plugin v27.3 - https:\/\/yoast.com\/product\/yoast-seo-wordpress\/ -->\n<title>L\u00f3pez Obrador dice que no se atentar\u00e1 contra la libertad de ning\u00fan medio o periodista -<\/title>\n<meta name=\"robots\" content=\"index, follow, max-snippet:-1, max-image-preview:large, max-video-preview:-1\" \/>\n<link rel=\"canonical\" href=\"https:\/\/quehacerpolitico.mx\/?p=10735\" \/>\n<meta property=\"og:locale\" content=\"es_MX\" \/>\n<meta property=\"og:type\" content=\"article\" \/>\n<meta property=\"og:title\" content=\"L\u00f3pez Obrador dice que no se atentar\u00e1 contra la libertad de ning\u00fan medio o periodista -\" \/>\n<meta property=\"og:description\" content=\"L\u00f3pez Obrador dice que no se atentar\u00e1 contra la libertad de ning\u00fan medio o periodista Por Redacci\u00f3n QP\" \/>\n<meta property=\"og:url\" content=\"https:\/\/quehacerpolitico.mx\/?p=10735\" \/>\n<meta property=\"article:published_time\" content=\"2018-12-02T03:33:33+00:00\" \/>\n<meta name=\"author\" content=\"Redacci\u00f3n QP\" \/>\n<meta name=\"twitter:card\" content=\"summary_large_image\" \/>\n<meta name=\"twitter:label1\" content=\"Escrito por\" \/>\n\t<meta name=\"twitter:data1\" content=\"Redacci\u00f3n QP\" \/>\n\t<meta name=\"twitter:label2\" content=\"Tiempo de lectura\" \/>\n\t<meta name=\"twitter:data2\" content=\"5 minutos\" \/>\n<script type=\"application\/ld+json\" class=\"yoast-schema-graph\">{\"@context\":\"https:\\\/\\\/schema.org\",\"@graph\":[{\"@type\":\"Article\",\"@id\":\"https:\\\/\\\/quehacerpolitico.mx\\\/?p=10735#article\",\"isPartOf\":{\"@id\":\"https:\\\/\\\/quehacerpolitico.mx\\\/?p=10735\"},\"author\":{\"name\":\"Redacci\u00f3n QP\",\"@id\":\"https:\\\/\\\/quehacerpolitico.mx\\\/#\\\/schema\\\/person\\\/496d8ad2d1d3f8036101dca7ee39e585\"},\"headline\":\"L\u00f3pez Obrador dice que no se atentar\u00e1 contra la libertad de ning\u00fan medio o periodista\",\"datePublished\":\"2018-12-02T03:33:33+00:00\",\"mainEntityOfPage\":{\"@id\":\"https:\\\/\\\/quehacerpolitico.mx\\\/?p=10735\"},\"wordCount\":1080,\"commentCount\":0,\"image\":{\"@id\":\"https:\\\/\\\/quehacerpolitico.mx\\\/?p=10735#primaryimage\"},\"thumbnailUrl\":\"\",\"articleSection\":[\"Noticias\"],\"inLanguage\":\"es\",\"potentialAction\":[{\"@type\":\"CommentAction\",\"name\":\"Comment\",\"target\":[\"https:\\\/\\\/quehacerpolitico.mx\\\/?p=10735#respond\"]}]},{\"@type\":\"WebPage\",\"@id\":\"https:\\\/\\\/quehacerpolitico.mx\\\/?p=10735\",\"url\":\"https:\\\/\\\/quehacerpolitico.mx\\\/?p=10735\",\"name\":\"L\u00f3pez Obrador dice que no se atentar\u00e1 contra la libertad de ning\u00fan medio o periodista -\",\"isPartOf\":{\"@id\":\"https:\\\/\\\/quehacerpolitico.mx\\\/#website\"},\"primaryImageOfPage\":{\"@id\":\"https:\\\/\\\/quehacerpolitico.mx\\\/?p=10735#primaryimage\"},\"image\":{\"@id\":\"https:\\\/\\\/quehacerpolitico.mx\\\/?p=10735#primaryimage\"},\"thumbnailUrl\":\"\",\"datePublished\":\"2018-12-02T03:33:33+00:00\",\"author\":{\"@id\":\"https:\\\/\\\/quehacerpolitico.mx\\\/#\\\/schema\\\/person\\\/496d8ad2d1d3f8036101dca7ee39e585\"},\"breadcrumb\":{\"@id\":\"https:\\\/\\\/quehacerpolitico.mx\\\/?p=10735#breadcrumb\"},\"inLanguage\":\"es\",\"potentialAction\":[{\"@type\":\"ReadAction\",\"target\":[\"https:\\\/\\\/quehacerpolitico.mx\\\/?p=10735\"]}]},{\"@type\":\"ImageObject\",\"inLanguage\":\"es\",\"@id\":\"https:\\\/\\\/quehacerpolitico.mx\\\/?p=10735#primaryimage\",\"url\":\"\",\"contentUrl\":\"\"},{\"@type\":\"BreadcrumbList\",\"@id\":\"https:\\\/\\\/quehacerpolitico.mx\\\/?p=10735#breadcrumb\",\"itemListElement\":[{\"@type\":\"ListItem\",\"position\":1,\"name\":\"Inicio\",\"item\":\"https:\\\/\\\/quehacerpolitico.mx\\\/\"},{\"@type\":\"ListItem\",\"position\":2,\"name\":\"L\u00f3pez Obrador dice que no se atentar\u00e1 contra la libertad de ning\u00fan medio o periodista\"}]},{\"@type\":\"WebSite\",\"@id\":\"https:\\\/\\\/quehacerpolitico.mx\\\/#website\",\"url\":\"https:\\\/\\\/quehacerpolitico.mx\\\/\",\"name\":\"\",\"description\":\"\",\"potentialAction\":[{\"@type\":\"SearchAction\",\"target\":{\"@type\":\"EntryPoint\",\"urlTemplate\":\"https:\\\/\\\/quehacerpolitico.mx\\\/?s={search_term_string}\"},\"query-input\":{\"@type\":\"PropertyValueSpecification\",\"valueRequired\":true,\"valueName\":\"search_term_string\"}}],\"inLanguage\":\"es\"},{\"@type\":\"Person\",\"@id\":\"https:\\\/\\\/quehacerpolitico.mx\\\/#\\\/schema\\\/person\\\/496d8ad2d1d3f8036101dca7ee39e585\",\"name\":\"Redacci\u00f3n QP\",\"image\":{\"@type\":\"ImageObject\",\"inLanguage\":\"es\",\"@id\":\"https:\\\/\\\/secure.gravatar.com\\\/avatar\\\/c7164ed6fdec453195284ad24a5ae5b6e1eed2b848477fa2a4787ba9adf39a41?s=96&d=mm&r=g\",\"url\":\"https:\\\/\\\/secure.gravatar.com\\\/avatar\\\/c7164ed6fdec453195284ad24a5ae5b6e1eed2b848477fa2a4787ba9adf39a41?s=96&d=mm&r=g\",\"contentUrl\":\"https:\\\/\\\/secure.gravatar.com\\\/avatar\\\/c7164ed6fdec453195284ad24a5ae5b6e1eed2b848477fa2a4787ba9adf39a41?s=96&d=mm&r=g\",\"caption\":\"Redacci\u00f3n QP\"},\"url\":\"https:\\\/\\\/quehacerpolitico.mx\\\/?author=2\"}]}<\/script>\n<!-- \/ Yoast SEO plugin. -->","yoast_head_json":{"title":"L\u00f3pez Obrador dice que no se atentar\u00e1 contra la libertad de ning\u00fan medio o periodista -","robots":{"index":"index","follow":"follow","max-snippet":"max-snippet:-1","max-image-preview":"max-image-preview:large","max-video-preview":"max-video-preview:-1"},"canonical":"https:\/\/quehacerpolitico.mx\/?p=10735","og_locale":"es_MX","og_type":"article","og_title":"L\u00f3pez Obrador dice que no se atentar\u00e1 contra la libertad de ning\u00fan medio o periodista -","og_description":"L\u00f3pez Obrador dice que no se atentar\u00e1 contra la libertad de ning\u00fan medio o periodista Por Redacci\u00f3n QP","og_url":"https:\/\/quehacerpolitico.mx\/?p=10735","article_published_time":"2018-12-02T03:33:33+00:00","author":"Redacci\u00f3n QP","twitter_card":"summary_large_image","twitter_misc":{"Escrito por":"Redacci\u00f3n QP","Tiempo de lectura":"5 minutos"},"schema":{"@context":"https:\/\/schema.org","@graph":[{"@type":"Article","@id":"https:\/\/quehacerpolitico.mx\/?p=10735#article","isPartOf":{"@id":"https:\/\/quehacerpolitico.mx\/?p=10735"},"author":{"name":"Redacci\u00f3n QP","@id":"https:\/\/quehacerpolitico.mx\/#\/schema\/person\/496d8ad2d1d3f8036101dca7ee39e585"},"headline":"L\u00f3pez Obrador dice que no se atentar\u00e1 contra la libertad de ning\u00fan medio o periodista","datePublished":"2018-12-02T03:33:33+00:00","mainEntityOfPage":{"@id":"https:\/\/quehacerpolitico.mx\/?p=10735"},"wordCount":1080,"commentCount":0,"image":{"@id":"https:\/\/quehacerpolitico.mx\/?p=10735#primaryimage"},"thumbnailUrl":"","articleSection":["Noticias"],"inLanguage":"es","potentialAction":[{"@type":"CommentAction","name":"Comment","target":["https:\/\/quehacerpolitico.mx\/?p=10735#respond"]}]},{"@type":"WebPage","@id":"https:\/\/quehacerpolitico.mx\/?p=10735","url":"https:\/\/quehacerpolitico.mx\/?p=10735","name":"L\u00f3pez Obrador dice que no se atentar\u00e1 contra la libertad de ning\u00fan medio o periodista -","isPartOf":{"@id":"https:\/\/quehacerpolitico.mx\/#website"},"primaryImageOfPage":{"@id":"https:\/\/quehacerpolitico.mx\/?p=10735#primaryimage"},"image":{"@id":"https:\/\/quehacerpolitico.mx\/?p=10735#primaryimage"},"thumbnailUrl":"","datePublished":"2018-12-02T03:33:33+00:00","author":{"@id":"https:\/\/quehacerpolitico.mx\/#\/schema\/person\/496d8ad2d1d3f8036101dca7ee39e585"},"breadcrumb":{"@id":"https:\/\/quehacerpolitico.mx\/?p=10735#breadcrumb"},"inLanguage":"es","potentialAction":[{"@type":"ReadAction","target":["https:\/\/quehacerpolitico.mx\/?p=10735"]}]},{"@type":"ImageObject","inLanguage":"es","@id":"https:\/\/quehacerpolitico.mx\/?p=10735#primaryimage","url":"","contentUrl":""},{"@type":"BreadcrumbList","@id":"https:\/\/quehacerpolitico.mx\/?p=10735#breadcrumb","itemListElement":[{"@type":"ListItem","position":1,"name":"Inicio","item":"https:\/\/quehacerpolitico.mx\/"},{"@type":"ListItem","position":2,"name":"L\u00f3pez Obrador dice que no se atentar\u00e1 contra la libertad de ning\u00fan medio o periodista"}]},{"@type":"WebSite","@id":"https:\/\/quehacerpolitico.mx\/#website","url":"https:\/\/quehacerpolitico.mx\/","name":"","description":"","potentialAction":[{"@type":"SearchAction","target":{"@type":"EntryPoint","urlTemplate":"https:\/\/quehacerpolitico.mx\/?s={search_term_string}"},"query-input":{"@type":"PropertyValueSpecification","valueRequired":true,"valueName":"search_term_string"}}],"inLanguage":"es"},{"@type":"Person","@id":"https:\/\/quehacerpolitico.mx\/#\/schema\/person\/496d8ad2d1d3f8036101dca7ee39e585","name":"Redacci\u00f3n QP","image":{"@type":"ImageObject","inLanguage":"es","@id":"https:\/\/secure.gravatar.com\/avatar\/c7164ed6fdec453195284ad24a5ae5b6e1eed2b848477fa2a4787ba9adf39a41?s=96&d=mm&r=g","url":"https:\/\/secure.gravatar.com\/avatar\/c7164ed6fdec453195284ad24a5ae5b6e1eed2b848477fa2a4787ba9adf39a41?s=96&d=mm&r=g","contentUrl":"https:\/\/secure.gravatar.com\/avatar\/c7164ed6fdec453195284ad24a5ae5b6e1eed2b848477fa2a4787ba9adf39a41?s=96&d=mm&r=g","caption":"Redacci\u00f3n QP"},"url":"https:\/\/quehacerpolitico.mx\/?author=2"}]}},"featured_image_urls":{"full":"","thumbnail":"","medium":"","medium_large":"","large":"","1536x1536":"","2048x2048":"","covernews-featured":"","covernews-medium":""},"author_info":{"display_name":"Redacci\u00f3n QP","author_link":"https:\/\/quehacerpolitico.mx\/?author=2"},"category_info":"<a href=\"https:\/\/quehacerpolitico.mx\/?cat=2\" rel=\"category\">Noticias<\/a>","tag_info":"Noticias","comment_count":"0","_links":{"self":[{"href":"https:\/\/quehacerpolitico.mx\/index.php?rest_route=\/wp\/v2\/posts\/10735","targetHints":{"allow":["GET"]}}],"collection":[{"href":"https:\/\/quehacerpolitico.mx\/index.php?rest_route=\/wp\/v2\/posts"}],"about":[{"href":"https:\/\/quehacerpolitico.mx\/index.php?rest_route=\/wp\/v2\/types\/post"}],"author":[{"embeddable":true,"href":"https:\/\/quehacerpolitico.mx\/index.php?rest_route=\/wp\/v2\/users\/2"}],"replies":[{"embeddable":true,"href":"https:\/\/quehacerpolitico.mx\/index.php?rest_route=%2Fwp%2Fv2%2Fcomments&post=10735"}],"version-history":[{"count":0,"href":"https:\/\/quehacerpolitico.mx\/index.php?rest_route=\/wp\/v2\/posts\/10735\/revisions"}],"wp:featuredmedia":[{"embeddable":true,"href":"https:\/\/quehacerpolitico.mx\/index.php?rest_route=\/"}],"wp:attachment":[{"href":"https:\/\/quehacerpolitico.mx\/index.php?rest_route=%2Fwp%2Fv2%2Fmedia&parent=10735"}],"wp:term":[{"taxonomy":"category","embeddable":true,"href":"https:\/\/quehacerpolitico.mx\/index.php?rest_route=%2Fwp%2Fv2%2Fcategories&post=10735"},{"taxonomy":"post_tag","embeddable":true,"href":"https:\/\/quehacerpolitico.mx\/index.php?rest_route=%2Fwp%2Fv2%2Ftags&post=10735"}],"curies":[{"name":"wp","href":"https:\/\/api.w.org\/{rel}","templated":true}]}}