{"id":107335,"date":"2024-01-02T18:46:35","date_gmt":"2024-01-02T18:46:35","guid":{"rendered":"https:\/\/quehacerpolitico.mx\/?p=107335"},"modified":"2024-01-02T18:48:11","modified_gmt":"2024-01-02T18:48:11","slug":"el-presidente-andres-manuel-lopez-obrador-desmiente-supuesto-gasolinazo-de-inicio-de-ano","status":"publish","type":"post","link":"https:\/\/quehacerpolitico.mx\/?p=107335","title":{"rendered":"El presidente Andr\u00e9s Manuel Lopez Obrador desmiente supuesto gasolinazo de inicio de a\u00f1o"},"content":{"rendered":"\n<p>Por Redacci\u00f3n QP<\/p>\n\n\n\n<p>L\u00f3pez Obrador detall\u00f3 que lo m\u00e1s importante para los medios era \u201cempezar el 2024\u201d con mentiras contra su Gobierno, como el de la gasolina<\/p>\n\n\n\n<p>El presidente\u00a0<strong>Andres Manuel \u00a0L\u00f3pez Obrador<\/strong>\u00a0neg\u00f3 que la\u00a0<strong>gasolina<\/strong>\u00a0est\u00e9 a\u00a0<strong>28 pesos el litro<\/strong>\u00a0en el pa\u00eds y arremeti\u00f3, y ret\u00f3 a sus opositores a que lo demostraran.<\/p>\n\n\n\n<p>En la conferencia matutina celebrada en Tabasco, L\u00f3pez Obrador detall\u00f3 que lo m\u00e1s importante era empezar el a\u00f1o\u00a02024 con mentiras hacia su Gobierno, como lo fue el tema de la gasolina en redes sociales.<\/p>\n\n\n\n<p>\u201cCuidado con la manipulaci\u00f3n, estaba yo viendo ayer en las redes \u2018empieza el a\u00f1o y la gasolina a 28 pesos el litro\u2019, no saben el nado sincronizado, cu\u00e1nto repitieron eso\u201d, indic\u00f3.<\/p>\n\n\n\n<figure class=\"wp-block-embed is-type-rich is-provider-twitter wp-block-embed-twitter\"><div class=\"wp-block-embed__wrapper\">\n<blockquote class=\"twitter-tweet\" data-width=\"550\" data-dnt=\"true\"><p lang=\"es\" dir=\"ltr\">El presidente Andr\u00e9s Manuel Lopez Obrador desmiente supuesto gasolinazo de inicio de a\u00f1o. <a href=\"https:\/\/t.co\/y3kUhIQQm8\">pic.twitter.com\/y3kUhIQQm8<\/a><\/p>&mdash; Ruido en la Red (@RuidoEnLaRed) <a href=\"https:\/\/twitter.com\/RuidoEnLaRed\/status\/1742206617490186497?ref_src=twsrc%5Etfw\">January 2, 2024<\/a><\/blockquote><script async src=\"https:\/\/platform.twitter.com\/widgets.js\" charset=\"utf-8\"><\/script>\n<\/div><\/figure>\n\n\n\n<p>\u201cYo les invito a que hagan una revisi\u00f3n de todas las gasolineras de Tabasco o de su estado, \u00bfa d\u00f3nde est\u00e1 a 28 pesos el litro? Nada, era empezar el a\u00f1o mintiendo, todo orquestado, a lo mejor era el se\u00f1or este Quintero y otros que est\u00e1n reclutados para ese prop\u00f3sito, porque tienen en las redes gente contratada y robots\u201d, expuso.<\/p>\n\n\n\n<p>El mandatario mexicano alert\u00f3 este martes del regreso de publicistas para aconsejar a candidatos a puestos de elecciones popular y a orquestar campa\u00f1as contra su Gobierno.<\/p>\n\n\n\n<p>\u201cAhora estaba viendo de que vuelven los publicistas, pero completamente desprendidos de la realidad. Aconsej\u00e1ndole a posibles candidatos, personas, que me ataquen. \u2018Vas hacer esto\u2019, \u2018vas a ir a tal lugar y vas a decir de qu\u00e9 las cosas est\u00e1n muy mal , que en Tabasco est\u00e1 creciendo mucho la inseguridad, la violencia&#8217;\u201d, argument\u00f3.<\/p>\n\n\n\n<p>\u201cEchan andar una campa\u00f1a para decir en Tabasco se desbord\u00f3 la violencia, y le agregan \u2018y si su estado as\u00ed, imag\u00ednense c\u00f3mo est\u00e1 el pa\u00eds\u2019, pues no funciona por esto\u201d, agreg\u00f3 el tabasque\u00f1o.<\/p>\n\n\n\n<p>\u201cParten de una idea equivocada, de un criterio que data de siglos, porque no fue Goebbels el creador de que \u2018una mentira que se repite muchas veces puede convertirse en verdad\u2019, ya se usaba desde antes esa pr\u00e1ctica period\u00edstica\u201d, declar\u00f3.<\/p>\n","protected":false},"excerpt":{"rendered":"<p>Por Redacci\u00f3n QP L\u00f3pez Obrador detall\u00f3 que lo m\u00e1s importante para los medios era \u201cempezar&#8230;<\/p>\n","protected":false},"author":2,"featured_media":107336,"comment_status":"open","ping_status":"open","sticky":false,"template":"","format":"standard","meta":{"_monsterinsights_skip_tracking":false,"_monsterinsights_sitenote_active":false,"_monsterinsights_sitenote_note":"","_monsterinsights_sitenote_category":0,"footnotes":""},"categories":[56],"tags":[],"class_list":["post-107335","post","type-post","status-publish","format-standard","has-post-thumbnail","hentry","category-economia"],"yoast_head":"<!-- This site is optimized with the Yoast SEO plugin v27.3 - https:\/\/yoast.com\/product\/yoast-seo-wordpress\/ -->\n<title>El presidente Andr\u00e9s Manuel Lopez Obrador desmiente supuesto gasolinazo de inicio de a\u00f1o -<\/title>\n<meta name=\"robots\" content=\"index, follow, max-snippet:-1, max-image-preview:large, max-video-preview:-1\" \/>\n<link rel=\"canonical\" href=\"https:\/\/quehacerpolitico.mx\/?p=107335\" \/>\n<meta property=\"og:locale\" content=\"es_MX\" \/>\n<meta property=\"og:type\" content=\"article\" \/>\n<meta property=\"og:title\" content=\"El presidente Andr\u00e9s Manuel Lopez Obrador desmiente supuesto gasolinazo de inicio de a\u00f1o -\" \/>\n<meta property=\"og:description\" content=\"Por Redacci\u00f3n QP L\u00f3pez Obrador detall\u00f3 que lo m\u00e1s importante para los medios era \u201cempezar...\" \/>\n<meta property=\"og:url\" content=\"https:\/\/quehacerpolitico.mx\/?p=107335\" \/>\n<meta property=\"article:published_time\" content=\"2024-01-02T18:46:35+00:00\" \/>\n<meta property=\"article:modified_time\" content=\"2024-01-02T18:48:11+00:00\" \/>\n<meta property=\"og:image\" content=\"https:\/\/quehacerpolitico.mx\/wp-content\/uploads\/2024\/01\/IMG_2961.jpeg\" \/>\n\t<meta property=\"og:image:width\" content=\"1284\" \/>\n\t<meta property=\"og:image:height\" content=\"709\" \/>\n\t<meta property=\"og:image:type\" content=\"image\/jpeg\" \/>\n<meta name=\"author\" content=\"Redacci\u00f3n QP\" \/>\n<meta name=\"twitter:card\" content=\"summary_large_image\" \/>\n<meta name=\"twitter:label1\" content=\"Escrito por\" \/>\n\t<meta name=\"twitter:data1\" content=\"Redacci\u00f3n QP\" \/>\n\t<meta name=\"twitter:label2\" content=\"Tiempo de lectura\" \/>\n\t<meta name=\"twitter:data2\" content=\"2 minutos\" \/>\n<script type=\"application\/ld+json\" class=\"yoast-schema-graph\">{\"@context\":\"https:\\\/\\\/schema.org\",\"@graph\":[{\"@type\":\"Article\",\"@id\":\"https:\\\/\\\/quehacerpolitico.mx\\\/?p=107335#article\",\"isPartOf\":{\"@id\":\"https:\\\/\\\/quehacerpolitico.mx\\\/?p=107335\"},\"author\":{\"name\":\"Redacci\u00f3n QP\",\"@id\":\"https:\\\/\\\/quehacerpolitico.mx\\\/#\\\/schema\\\/person\\\/496d8ad2d1d3f8036101dca7ee39e585\"},\"headline\":\"El presidente Andr\u00e9s Manuel Lopez Obrador desmiente supuesto gasolinazo de inicio de a\u00f1o\",\"datePublished\":\"2024-01-02T18:46:35+00:00\",\"dateModified\":\"2024-01-02T18:48:11+00:00\",\"mainEntityOfPage\":{\"@id\":\"https:\\\/\\\/quehacerpolitico.mx\\\/?p=107335\"},\"wordCount\":383,\"commentCount\":0,\"image\":{\"@id\":\"https:\\\/\\\/quehacerpolitico.mx\\\/?p=107335#primaryimage\"},\"thumbnailUrl\":\"https:\\\/\\\/quehacerpolitico.mx\\\/wp-content\\\/uploads\\\/2024\\\/01\\\/IMG_2961.jpeg\",\"articleSection\":[\"Econom\u00eda\"],\"inLanguage\":\"es\",\"potentialAction\":[{\"@type\":\"CommentAction\",\"name\":\"Comment\",\"target\":[\"https:\\\/\\\/quehacerpolitico.mx\\\/?p=107335#respond\"]}]},{\"@type\":\"WebPage\",\"@id\":\"https:\\\/\\\/quehacerpolitico.mx\\\/?p=107335\",\"url\":\"https:\\\/\\\/quehacerpolitico.mx\\\/?p=107335\",\"name\":\"El presidente Andr\u00e9s Manuel Lopez Obrador desmiente supuesto gasolinazo de inicio de a\u00f1o -\",\"isPartOf\":{\"@id\":\"https:\\\/\\\/quehacerpolitico.mx\\\/#website\"},\"primaryImageOfPage\":{\"@id\":\"https:\\\/\\\/quehacerpolitico.mx\\\/?p=107335#primaryimage\"},\"image\":{\"@id\":\"https:\\\/\\\/quehacerpolitico.mx\\\/?p=107335#primaryimage\"},\"thumbnailUrl\":\"https:\\\/\\\/quehacerpolitico.mx\\\/wp-content\\\/uploads\\\/2024\\\/01\\\/IMG_2961.jpeg\",\"datePublished\":\"2024-01-02T18:46:35+00:00\",\"dateModified\":\"2024-01-02T18:48:11+00:00\",\"author\":{\"@id\":\"https:\\\/\\\/quehacerpolitico.mx\\\/#\\\/schema\\\/person\\\/496d8ad2d1d3f8036101dca7ee39e585\"},\"breadcrumb\":{\"@id\":\"https:\\\/\\\/quehacerpolitico.mx\\\/?p=107335#breadcrumb\"},\"inLanguage\":\"es\",\"potentialAction\":[{\"@type\":\"ReadAction\",\"target\":[\"https:\\\/\\\/quehacerpolitico.mx\\\/?p=107335\"]}]},{\"@type\":\"ImageObject\",\"inLanguage\":\"es\",\"@id\":\"https:\\\/\\\/quehacerpolitico.mx\\\/?p=107335#primaryimage\",\"url\":\"https:\\\/\\\/quehacerpolitico.mx\\\/wp-content\\\/uploads\\\/2024\\\/01\\\/IMG_2961.jpeg\",\"contentUrl\":\"https:\\\/\\\/quehacerpolitico.mx\\\/wp-content\\\/uploads\\\/2024\\\/01\\\/IMG_2961.jpeg\",\"width\":1284,\"height\":709},{\"@type\":\"BreadcrumbList\",\"@id\":\"https:\\\/\\\/quehacerpolitico.mx\\\/?p=107335#breadcrumb\",\"itemListElement\":[{\"@type\":\"ListItem\",\"position\":1,\"name\":\"Inicio\",\"item\":\"https:\\\/\\\/quehacerpolitico.mx\\\/\"},{\"@type\":\"ListItem\",\"position\":2,\"name\":\"El presidente Andr\u00e9s Manuel Lopez Obrador desmiente supuesto gasolinazo de inicio de a\u00f1o\"}]},{\"@type\":\"WebSite\",\"@id\":\"https:\\\/\\\/quehacerpolitico.mx\\\/#website\",\"url\":\"https:\\\/\\\/quehacerpolitico.mx\\\/\",\"name\":\"\",\"description\":\"\",\"potentialAction\":[{\"@type\":\"SearchAction\",\"target\":{\"@type\":\"EntryPoint\",\"urlTemplate\":\"https:\\\/\\\/quehacerpolitico.mx\\\/?s={search_term_string}\"},\"query-input\":{\"@type\":\"PropertyValueSpecification\",\"valueRequired\":true,\"valueName\":\"search_term_string\"}}],\"inLanguage\":\"es\"},{\"@type\":\"Person\",\"@id\":\"https:\\\/\\\/quehacerpolitico.mx\\\/#\\\/schema\\\/person\\\/496d8ad2d1d3f8036101dca7ee39e585\",\"name\":\"Redacci\u00f3n QP\",\"image\":{\"@type\":\"ImageObject\",\"inLanguage\":\"es\",\"@id\":\"https:\\\/\\\/secure.gravatar.com\\\/avatar\\\/c7164ed6fdec453195284ad24a5ae5b6e1eed2b848477fa2a4787ba9adf39a41?s=96&d=mm&r=g\",\"url\":\"https:\\\/\\\/secure.gravatar.com\\\/avatar\\\/c7164ed6fdec453195284ad24a5ae5b6e1eed2b848477fa2a4787ba9adf39a41?s=96&d=mm&r=g\",\"contentUrl\":\"https:\\\/\\\/secure.gravatar.com\\\/avatar\\\/c7164ed6fdec453195284ad24a5ae5b6e1eed2b848477fa2a4787ba9adf39a41?s=96&d=mm&r=g\",\"caption\":\"Redacci\u00f3n QP\"},\"url\":\"https:\\\/\\\/quehacerpolitico.mx\\\/?author=2\"}]}<\/script>\n<!-- \/ Yoast SEO plugin. -->","yoast_head_json":{"title":"El presidente Andr\u00e9s Manuel Lopez Obrador desmiente supuesto gasolinazo de inicio de a\u00f1o -","robots":{"index":"index","follow":"follow","max-snippet":"max-snippet:-1","max-image-preview":"max-image-preview:large","max-video-preview":"max-video-preview:-1"},"canonical":"https:\/\/quehacerpolitico.mx\/?p=107335","og_locale":"es_MX","og_type":"article","og_title":"El presidente Andr\u00e9s Manuel Lopez Obrador desmiente supuesto gasolinazo de inicio de a\u00f1o -","og_description":"Por Redacci\u00f3n QP L\u00f3pez Obrador detall\u00f3 que lo m\u00e1s importante para los medios era \u201cempezar...","og_url":"https:\/\/quehacerpolitico.mx\/?p=107335","article_published_time":"2024-01-02T18:46:35+00:00","article_modified_time":"2024-01-02T18:48:11+00:00","og_image":[{"width":1284,"height":709,"url":"https:\/\/quehacerpolitico.mx\/wp-content\/uploads\/2024\/01\/IMG_2961.jpeg","type":"image\/jpeg"}],"author":"Redacci\u00f3n QP","twitter_card":"summary_large_image","twitter_misc":{"Escrito por":"Redacci\u00f3n QP","Tiempo de lectura":"2 minutos"},"schema":{"@context":"https:\/\/schema.org","@graph":[{"@type":"Article","@id":"https:\/\/quehacerpolitico.mx\/?p=107335#article","isPartOf":{"@id":"https:\/\/quehacerpolitico.mx\/?p=107335"},"author":{"name":"Redacci\u00f3n QP","@id":"https:\/\/quehacerpolitico.mx\/#\/schema\/person\/496d8ad2d1d3f8036101dca7ee39e585"},"headline":"El presidente Andr\u00e9s Manuel Lopez Obrador desmiente supuesto gasolinazo de inicio de a\u00f1o","datePublished":"2024-01-02T18:46:35+00:00","dateModified":"2024-01-02T18:48:11+00:00","mainEntityOfPage":{"@id":"https:\/\/quehacerpolitico.mx\/?p=107335"},"wordCount":383,"commentCount":0,"image":{"@id":"https:\/\/quehacerpolitico.mx\/?p=107335#primaryimage"},"thumbnailUrl":"https:\/\/quehacerpolitico.mx\/wp-content\/uploads\/2024\/01\/IMG_2961.jpeg","articleSection":["Econom\u00eda"],"inLanguage":"es","potentialAction":[{"@type":"CommentAction","name":"Comment","target":["https:\/\/quehacerpolitico.mx\/?p=107335#respond"]}]},{"@type":"WebPage","@id":"https:\/\/quehacerpolitico.mx\/?p=107335","url":"https:\/\/quehacerpolitico.mx\/?p=107335","name":"El presidente Andr\u00e9s Manuel Lopez Obrador desmiente supuesto gasolinazo de inicio de a\u00f1o -","isPartOf":{"@id":"https:\/\/quehacerpolitico.mx\/#website"},"primaryImageOfPage":{"@id":"https:\/\/quehacerpolitico.mx\/?p=107335#primaryimage"},"image":{"@id":"https:\/\/quehacerpolitico.mx\/?p=107335#primaryimage"},"thumbnailUrl":"https:\/\/quehacerpolitico.mx\/wp-content\/uploads\/2024\/01\/IMG_2961.jpeg","datePublished":"2024-01-02T18:46:35+00:00","dateModified":"2024-01-02T18:48:11+00:00","author":{"@id":"https:\/\/quehacerpolitico.mx\/#\/schema\/person\/496d8ad2d1d3f8036101dca7ee39e585"},"breadcrumb":{"@id":"https:\/\/quehacerpolitico.mx\/?p=107335#breadcrumb"},"inLanguage":"es","potentialAction":[{"@type":"ReadAction","target":["https:\/\/quehacerpolitico.mx\/?p=107335"]}]},{"@type":"ImageObject","inLanguage":"es","@id":"https:\/\/quehacerpolitico.mx\/?p=107335#primaryimage","url":"https:\/\/quehacerpolitico.mx\/wp-content\/uploads\/2024\/01\/IMG_2961.jpeg","contentUrl":"https:\/\/quehacerpolitico.mx\/wp-content\/uploads\/2024\/01\/IMG_2961.jpeg","width":1284,"height":709},{"@type":"BreadcrumbList","@id":"https:\/\/quehacerpolitico.mx\/?p=107335#breadcrumb","itemListElement":[{"@type":"ListItem","position":1,"name":"Inicio","item":"https:\/\/quehacerpolitico.mx\/"},{"@type":"ListItem","position":2,"name":"El presidente Andr\u00e9s Manuel Lopez Obrador desmiente supuesto gasolinazo de inicio de a\u00f1o"}]},{"@type":"WebSite","@id":"https:\/\/quehacerpolitico.mx\/#website","url":"https:\/\/quehacerpolitico.mx\/","name":"","description":"","potentialAction":[{"@type":"SearchAction","target":{"@type":"EntryPoint","urlTemplate":"https:\/\/quehacerpolitico.mx\/?s={search_term_string}"},"query-input":{"@type":"PropertyValueSpecification","valueRequired":true,"valueName":"search_term_string"}}],"inLanguage":"es"},{"@type":"Person","@id":"https:\/\/quehacerpolitico.mx\/#\/schema\/person\/496d8ad2d1d3f8036101dca7ee39e585","name":"Redacci\u00f3n QP","image":{"@type":"ImageObject","inLanguage":"es","@id":"https:\/\/secure.gravatar.com\/avatar\/c7164ed6fdec453195284ad24a5ae5b6e1eed2b848477fa2a4787ba9adf39a41?s=96&d=mm&r=g","url":"https:\/\/secure.gravatar.com\/avatar\/c7164ed6fdec453195284ad24a5ae5b6e1eed2b848477fa2a4787ba9adf39a41?s=96&d=mm&r=g","contentUrl":"https:\/\/secure.gravatar.com\/avatar\/c7164ed6fdec453195284ad24a5ae5b6e1eed2b848477fa2a4787ba9adf39a41?s=96&d=mm&r=g","caption":"Redacci\u00f3n QP"},"url":"https:\/\/quehacerpolitico.mx\/?author=2"}]}},"featured_image_urls":{"full":["https:\/\/quehacerpolitico.mx\/wp-content\/uploads\/2024\/01\/IMG_2961.jpeg",1284,709,false],"thumbnail":["https:\/\/quehacerpolitico.mx\/wp-content\/uploads\/2024\/01\/IMG_2961-150x150.jpeg",150,150,true],"medium":["https:\/\/quehacerpolitico.mx\/wp-content\/uploads\/2024\/01\/IMG_2961-300x166.jpeg",300,166,true],"medium_large":["https:\/\/quehacerpolitico.mx\/wp-content\/uploads\/2024\/01\/IMG_2961-768x424.jpeg",640,353,true],"large":["https:\/\/quehacerpolitico.mx\/wp-content\/uploads\/2024\/01\/IMG_2961-1024x565.jpeg",640,353,true],"1536x1536":["https:\/\/quehacerpolitico.mx\/wp-content\/uploads\/2024\/01\/IMG_2961.jpeg",1284,709,false],"2048x2048":["https:\/\/quehacerpolitico.mx\/wp-content\/uploads\/2024\/01\/IMG_2961.jpeg",1284,709,false],"covernews-featured":["https:\/\/quehacerpolitico.mx\/wp-content\/uploads\/2024\/01\/IMG_2961.jpeg",1024,565,false],"covernews-medium":["https:\/\/quehacerpolitico.mx\/wp-content\/uploads\/2024\/01\/IMG_2961.jpeg",540,298,false]},"author_info":{"display_name":"Redacci\u00f3n QP","author_link":"https:\/\/quehacerpolitico.mx\/?author=2"},"category_info":"<a href=\"https:\/\/quehacerpolitico.mx\/?cat=56\" rel=\"category\">Econom\u00eda<\/a>","tag_info":"Econom\u00eda","comment_count":"0","_links":{"self":[{"href":"https:\/\/quehacerpolitico.mx\/index.php?rest_route=\/wp\/v2\/posts\/107335","targetHints":{"allow":["GET"]}}],"collection":[{"href":"https:\/\/quehacerpolitico.mx\/index.php?rest_route=\/wp\/v2\/posts"}],"about":[{"href":"https:\/\/quehacerpolitico.mx\/index.php?rest_route=\/wp\/v2\/types\/post"}],"author":[{"embeddable":true,"href":"https:\/\/quehacerpolitico.mx\/index.php?rest_route=\/wp\/v2\/users\/2"}],"replies":[{"embeddable":true,"href":"https:\/\/quehacerpolitico.mx\/index.php?rest_route=%2Fwp%2Fv2%2Fcomments&post=107335"}],"version-history":[{"count":1,"href":"https:\/\/quehacerpolitico.mx\/index.php?rest_route=\/wp\/v2\/posts\/107335\/revisions"}],"predecessor-version":[{"id":107337,"href":"https:\/\/quehacerpolitico.mx\/index.php?rest_route=\/wp\/v2\/posts\/107335\/revisions\/107337"}],"wp:featuredmedia":[{"embeddable":true,"href":"https:\/\/quehacerpolitico.mx\/index.php?rest_route=\/wp\/v2\/media\/107336"}],"wp:attachment":[{"href":"https:\/\/quehacerpolitico.mx\/index.php?rest_route=%2Fwp%2Fv2%2Fmedia&parent=107335"}],"wp:term":[{"taxonomy":"category","embeddable":true,"href":"https:\/\/quehacerpolitico.mx\/index.php?rest_route=%2Fwp%2Fv2%2Fcategories&post=107335"},{"taxonomy":"post_tag","embeddable":true,"href":"https:\/\/quehacerpolitico.mx\/index.php?rest_route=%2Fwp%2Fv2%2Ftags&post=107335"}],"curies":[{"name":"wp","href":"https:\/\/api.w.org\/{rel}","templated":true}]}}