{"id":107296,"date":"2023-12-28T16:09:49","date_gmt":"2023-12-28T16:09:49","guid":{"rendered":"https:\/\/quehacerpolitico.mx\/?p=107296"},"modified":"2023-12-28T16:09:51","modified_gmt":"2023-12-28T16:09:51","slug":"enviate-problemas-con-el-sat-y-activa-tu-buzon-tributario-aqui-te-decimos-como","status":"publish","type":"post","link":"https:\/\/quehacerpolitico.mx\/?p=107296","title":{"rendered":"Env\u00edate problemas con el SAT y activa tu buz\u00f3n tributario aqu\u00ed te decimos c\u00f3mo"},"content":{"rendered":"\n<p>Por Redacci\u00f3n QP<\/p>\n\n\n\n<p>El SAT\u00a0ha establecido una fecha l\u00edmite para la activaci\u00f3n del Buz\u00f3n Tributario<\/p>\n\n\n\n<p>El Servicio de Administraci\u00f3n Tributaria (SAT) ha establecido el 31 de diciembre como fecha l\u00edmite para la activaci\u00f3n del Buz\u00f3n Tributario.&nbsp;<strong>Esta herramienta es fundamental para la comunicaci\u00f3n entre el SAT y los contribuyentes, por lo que debe ser habilitada antes de la&nbsp;fecha mencionada<\/strong>.<\/p>\n\n\n\n<p>El Buz\u00f3n Tributario\u00a0sirve como canal oficial para las notificaciones del SAT sobre cualquier situaci\u00f3n fiscal pendiente.\u00a0Es una obligaci\u00f3n desde 2020 y su no activaci\u00f3n podr\u00eda derivar en multas.<\/p>\n\n\n\n<p>Es importante recalcar que no todos los contribuyentes est\u00e1n obligados a habilitar el buz\u00f3n.\u00a0<strong>Aquellos sin obligaciones fiscales, sin actividad econ\u00f3mica o asalariados con ingresos anuales inferiores a 400 mil pesos est\u00e1n exentos de esta obligaci\u00f3n<\/strong>.<\/p>\n\n\n\n<h4 class=\"wp-block-heading\">\u00bfC\u00f3mo activar el Buz\u00f3n Tributario?<\/h4>\n\n\n\n<p><strong>Para habilitar esta funci\u00f3n, es necesario ingresar a la p\u00e1gina oficial del SAT<\/strong>, dirigirse a la opci\u00f3n del Buz\u00f3n Tributario&nbsp;e iniciar sesi\u00f3n con la contrase\u00f1a o e.firma correspondiente. Seguido a esto,&nbsp;se debe acceder a la secci\u00f3n de configuraci\u00f3n e introducir el c\u00f3digo de activaci\u00f3n recibido v\u00eda SMS. Los requisitos para activar esta funci\u00f3n son:<\/p>\n\n\n\n<ul class=\"wp-block-list\">\n<li>Poseer e.firma o firma electr\u00f3nica (para personas morales).<\/li>\n\n\n\n<li>Contar con e.firma, e.firma portable o contrase\u00f1a (para personas f\u00edsicas).<\/li>\n\n\n\n<li>Tener al menos un correo electr\u00f3nico y un n\u00famero de tel\u00e9fono celular registrado;&nbsp;se pueden agregar hasta cinco direcciones de correo electr\u00f3nico.<\/li>\n<\/ul>\n\n\n\n<p>Es esencial cumplir con este requerimiento dentro del plazo establecido para evitar inconvenientes y multas.<\/p>\n","protected":false},"excerpt":{"rendered":"<p>Por Redacci\u00f3n QP El SAT\u00a0ha establecido una fecha l\u00edmite para la activaci\u00f3n del Buz\u00f3n Tributario&#8230;<\/p>\n","protected":false},"author":2,"featured_media":107297,"comment_status":"open","ping_status":"open","sticky":false,"template":"","format":"standard","meta":{"_monsterinsights_skip_tracking":false,"_monsterinsights_sitenote_active":false,"_monsterinsights_sitenote_note":"","_monsterinsights_sitenote_category":0,"footnotes":""},"categories":[56],"tags":[],"class_list":["post-107296","post","type-post","status-publish","format-standard","has-post-thumbnail","hentry","category-economia"],"yoast_head":"<!-- This site is optimized with the Yoast SEO plugin v27.3 - https:\/\/yoast.com\/product\/yoast-seo-wordpress\/ -->\n<title>Env\u00edate problemas con el SAT y activa tu buz\u00f3n tributario aqu\u00ed te decimos c\u00f3mo -<\/title>\n<meta name=\"robots\" content=\"index, follow, max-snippet:-1, max-image-preview:large, max-video-preview:-1\" \/>\n<link rel=\"canonical\" href=\"https:\/\/quehacerpolitico.mx\/?p=107296\" \/>\n<meta property=\"og:locale\" content=\"es_MX\" \/>\n<meta property=\"og:type\" content=\"article\" \/>\n<meta property=\"og:title\" content=\"Env\u00edate problemas con el SAT y activa tu buz\u00f3n tributario aqu\u00ed te decimos c\u00f3mo -\" \/>\n<meta property=\"og:description\" content=\"Por Redacci\u00f3n QP El SAT\u00a0ha establecido una fecha l\u00edmite para la activaci\u00f3n del Buz\u00f3n Tributario...\" \/>\n<meta property=\"og:url\" content=\"https:\/\/quehacerpolitico.mx\/?p=107296\" \/>\n<meta property=\"article:published_time\" content=\"2023-12-28T16:09:49+00:00\" \/>\n<meta property=\"article:modified_time\" content=\"2023-12-28T16:09:51+00:00\" \/>\n<meta property=\"og:image\" content=\"https:\/\/quehacerpolitico.mx\/wp-content\/uploads\/2023\/12\/IMG_2905.jpeg\" \/>\n\t<meta property=\"og:image:width\" content=\"738\" \/>\n\t<meta property=\"og:image:height\" content=\"415\" \/>\n\t<meta property=\"og:image:type\" content=\"image\/jpeg\" \/>\n<meta name=\"author\" content=\"Redacci\u00f3n QP\" \/>\n<meta name=\"twitter:card\" content=\"summary_large_image\" \/>\n<meta name=\"twitter:label1\" content=\"Escrito por\" \/>\n\t<meta name=\"twitter:data1\" content=\"Redacci\u00f3n QP\" \/>\n\t<meta name=\"twitter:label2\" content=\"Tiempo de lectura\" \/>\n\t<meta name=\"twitter:data2\" content=\"1 minuto\" \/>\n<script type=\"application\/ld+json\" class=\"yoast-schema-graph\">{\"@context\":\"https:\\\/\\\/schema.org\",\"@graph\":[{\"@type\":\"Article\",\"@id\":\"https:\\\/\\\/quehacerpolitico.mx\\\/?p=107296#article\",\"isPartOf\":{\"@id\":\"https:\\\/\\\/quehacerpolitico.mx\\\/?p=107296\"},\"author\":{\"name\":\"Redacci\u00f3n QP\",\"@id\":\"https:\\\/\\\/quehacerpolitico.mx\\\/#\\\/schema\\\/person\\\/496d8ad2d1d3f8036101dca7ee39e585\"},\"headline\":\"Env\u00edate problemas con el SAT y activa tu buz\u00f3n tributario aqu\u00ed te decimos c\u00f3mo\",\"datePublished\":\"2023-12-28T16:09:49+00:00\",\"dateModified\":\"2023-12-28T16:09:51+00:00\",\"mainEntityOfPage\":{\"@id\":\"https:\\\/\\\/quehacerpolitico.mx\\\/?p=107296\"},\"wordCount\":306,\"commentCount\":0,\"image\":{\"@id\":\"https:\\\/\\\/quehacerpolitico.mx\\\/?p=107296#primaryimage\"},\"thumbnailUrl\":\"https:\\\/\\\/quehacerpolitico.mx\\\/wp-content\\\/uploads\\\/2023\\\/12\\\/IMG_2905.jpeg\",\"articleSection\":[\"Econom\u00eda\"],\"inLanguage\":\"es\",\"potentialAction\":[{\"@type\":\"CommentAction\",\"name\":\"Comment\",\"target\":[\"https:\\\/\\\/quehacerpolitico.mx\\\/?p=107296#respond\"]}]},{\"@type\":\"WebPage\",\"@id\":\"https:\\\/\\\/quehacerpolitico.mx\\\/?p=107296\",\"url\":\"https:\\\/\\\/quehacerpolitico.mx\\\/?p=107296\",\"name\":\"Env\u00edate problemas con el SAT y activa tu buz\u00f3n tributario aqu\u00ed te decimos c\u00f3mo -\",\"isPartOf\":{\"@id\":\"https:\\\/\\\/quehacerpolitico.mx\\\/#website\"},\"primaryImageOfPage\":{\"@id\":\"https:\\\/\\\/quehacerpolitico.mx\\\/?p=107296#primaryimage\"},\"image\":{\"@id\":\"https:\\\/\\\/quehacerpolitico.mx\\\/?p=107296#primaryimage\"},\"thumbnailUrl\":\"https:\\\/\\\/quehacerpolitico.mx\\\/wp-content\\\/uploads\\\/2023\\\/12\\\/IMG_2905.jpeg\",\"datePublished\":\"2023-12-28T16:09:49+00:00\",\"dateModified\":\"2023-12-28T16:09:51+00:00\",\"author\":{\"@id\":\"https:\\\/\\\/quehacerpolitico.mx\\\/#\\\/schema\\\/person\\\/496d8ad2d1d3f8036101dca7ee39e585\"},\"breadcrumb\":{\"@id\":\"https:\\\/\\\/quehacerpolitico.mx\\\/?p=107296#breadcrumb\"},\"inLanguage\":\"es\",\"potentialAction\":[{\"@type\":\"ReadAction\",\"target\":[\"https:\\\/\\\/quehacerpolitico.mx\\\/?p=107296\"]}]},{\"@type\":\"ImageObject\",\"inLanguage\":\"es\",\"@id\":\"https:\\\/\\\/quehacerpolitico.mx\\\/?p=107296#primaryimage\",\"url\":\"https:\\\/\\\/quehacerpolitico.mx\\\/wp-content\\\/uploads\\\/2023\\\/12\\\/IMG_2905.jpeg\",\"contentUrl\":\"https:\\\/\\\/quehacerpolitico.mx\\\/wp-content\\\/uploads\\\/2023\\\/12\\\/IMG_2905.jpeg\",\"width\":738,\"height\":415},{\"@type\":\"BreadcrumbList\",\"@id\":\"https:\\\/\\\/quehacerpolitico.mx\\\/?p=107296#breadcrumb\",\"itemListElement\":[{\"@type\":\"ListItem\",\"position\":1,\"name\":\"Inicio\",\"item\":\"https:\\\/\\\/quehacerpolitico.mx\\\/\"},{\"@type\":\"ListItem\",\"position\":2,\"name\":\"Env\u00edate problemas con el SAT y activa tu buz\u00f3n tributario aqu\u00ed te decimos c\u00f3mo\"}]},{\"@type\":\"WebSite\",\"@id\":\"https:\\\/\\\/quehacerpolitico.mx\\\/#website\",\"url\":\"https:\\\/\\\/quehacerpolitico.mx\\\/\",\"name\":\"\",\"description\":\"\",\"potentialAction\":[{\"@type\":\"SearchAction\",\"target\":{\"@type\":\"EntryPoint\",\"urlTemplate\":\"https:\\\/\\\/quehacerpolitico.mx\\\/?s={search_term_string}\"},\"query-input\":{\"@type\":\"PropertyValueSpecification\",\"valueRequired\":true,\"valueName\":\"search_term_string\"}}],\"inLanguage\":\"es\"},{\"@type\":\"Person\",\"@id\":\"https:\\\/\\\/quehacerpolitico.mx\\\/#\\\/schema\\\/person\\\/496d8ad2d1d3f8036101dca7ee39e585\",\"name\":\"Redacci\u00f3n QP\",\"image\":{\"@type\":\"ImageObject\",\"inLanguage\":\"es\",\"@id\":\"https:\\\/\\\/secure.gravatar.com\\\/avatar\\\/c7164ed6fdec453195284ad24a5ae5b6e1eed2b848477fa2a4787ba9adf39a41?s=96&d=mm&r=g\",\"url\":\"https:\\\/\\\/secure.gravatar.com\\\/avatar\\\/c7164ed6fdec453195284ad24a5ae5b6e1eed2b848477fa2a4787ba9adf39a41?s=96&d=mm&r=g\",\"contentUrl\":\"https:\\\/\\\/secure.gravatar.com\\\/avatar\\\/c7164ed6fdec453195284ad24a5ae5b6e1eed2b848477fa2a4787ba9adf39a41?s=96&d=mm&r=g\",\"caption\":\"Redacci\u00f3n QP\"},\"url\":\"https:\\\/\\\/quehacerpolitico.mx\\\/?author=2\"}]}<\/script>\n<!-- \/ Yoast SEO plugin. -->","yoast_head_json":{"title":"Env\u00edate problemas con el SAT y activa tu buz\u00f3n tributario aqu\u00ed te decimos c\u00f3mo -","robots":{"index":"index","follow":"follow","max-snippet":"max-snippet:-1","max-image-preview":"max-image-preview:large","max-video-preview":"max-video-preview:-1"},"canonical":"https:\/\/quehacerpolitico.mx\/?p=107296","og_locale":"es_MX","og_type":"article","og_title":"Env\u00edate problemas con el SAT y activa tu buz\u00f3n tributario aqu\u00ed te decimos c\u00f3mo -","og_description":"Por Redacci\u00f3n QP El SAT\u00a0ha establecido una fecha l\u00edmite para la activaci\u00f3n del Buz\u00f3n Tributario...","og_url":"https:\/\/quehacerpolitico.mx\/?p=107296","article_published_time":"2023-12-28T16:09:49+00:00","article_modified_time":"2023-12-28T16:09:51+00:00","og_image":[{"width":738,"height":415,"url":"https:\/\/quehacerpolitico.mx\/wp-content\/uploads\/2023\/12\/IMG_2905.jpeg","type":"image\/jpeg"}],"author":"Redacci\u00f3n QP","twitter_card":"summary_large_image","twitter_misc":{"Escrito por":"Redacci\u00f3n QP","Tiempo de lectura":"1 minuto"},"schema":{"@context":"https:\/\/schema.org","@graph":[{"@type":"Article","@id":"https:\/\/quehacerpolitico.mx\/?p=107296#article","isPartOf":{"@id":"https:\/\/quehacerpolitico.mx\/?p=107296"},"author":{"name":"Redacci\u00f3n QP","@id":"https:\/\/quehacerpolitico.mx\/#\/schema\/person\/496d8ad2d1d3f8036101dca7ee39e585"},"headline":"Env\u00edate problemas con el SAT y activa tu buz\u00f3n tributario aqu\u00ed te decimos c\u00f3mo","datePublished":"2023-12-28T16:09:49+00:00","dateModified":"2023-12-28T16:09:51+00:00","mainEntityOfPage":{"@id":"https:\/\/quehacerpolitico.mx\/?p=107296"},"wordCount":306,"commentCount":0,"image":{"@id":"https:\/\/quehacerpolitico.mx\/?p=107296#primaryimage"},"thumbnailUrl":"https:\/\/quehacerpolitico.mx\/wp-content\/uploads\/2023\/12\/IMG_2905.jpeg","articleSection":["Econom\u00eda"],"inLanguage":"es","potentialAction":[{"@type":"CommentAction","name":"Comment","target":["https:\/\/quehacerpolitico.mx\/?p=107296#respond"]}]},{"@type":"WebPage","@id":"https:\/\/quehacerpolitico.mx\/?p=107296","url":"https:\/\/quehacerpolitico.mx\/?p=107296","name":"Env\u00edate problemas con el SAT y activa tu buz\u00f3n tributario aqu\u00ed te decimos c\u00f3mo -","isPartOf":{"@id":"https:\/\/quehacerpolitico.mx\/#website"},"primaryImageOfPage":{"@id":"https:\/\/quehacerpolitico.mx\/?p=107296#primaryimage"},"image":{"@id":"https:\/\/quehacerpolitico.mx\/?p=107296#primaryimage"},"thumbnailUrl":"https:\/\/quehacerpolitico.mx\/wp-content\/uploads\/2023\/12\/IMG_2905.jpeg","datePublished":"2023-12-28T16:09:49+00:00","dateModified":"2023-12-28T16:09:51+00:00","author":{"@id":"https:\/\/quehacerpolitico.mx\/#\/schema\/person\/496d8ad2d1d3f8036101dca7ee39e585"},"breadcrumb":{"@id":"https:\/\/quehacerpolitico.mx\/?p=107296#breadcrumb"},"inLanguage":"es","potentialAction":[{"@type":"ReadAction","target":["https:\/\/quehacerpolitico.mx\/?p=107296"]}]},{"@type":"ImageObject","inLanguage":"es","@id":"https:\/\/quehacerpolitico.mx\/?p=107296#primaryimage","url":"https:\/\/quehacerpolitico.mx\/wp-content\/uploads\/2023\/12\/IMG_2905.jpeg","contentUrl":"https:\/\/quehacerpolitico.mx\/wp-content\/uploads\/2023\/12\/IMG_2905.jpeg","width":738,"height":415},{"@type":"BreadcrumbList","@id":"https:\/\/quehacerpolitico.mx\/?p=107296#breadcrumb","itemListElement":[{"@type":"ListItem","position":1,"name":"Inicio","item":"https:\/\/quehacerpolitico.mx\/"},{"@type":"ListItem","position":2,"name":"Env\u00edate problemas con el SAT y activa tu buz\u00f3n tributario aqu\u00ed te decimos c\u00f3mo"}]},{"@type":"WebSite","@id":"https:\/\/quehacerpolitico.mx\/#website","url":"https:\/\/quehacerpolitico.mx\/","name":"","description":"","potentialAction":[{"@type":"SearchAction","target":{"@type":"EntryPoint","urlTemplate":"https:\/\/quehacerpolitico.mx\/?s={search_term_string}"},"query-input":{"@type":"PropertyValueSpecification","valueRequired":true,"valueName":"search_term_string"}}],"inLanguage":"es"},{"@type":"Person","@id":"https:\/\/quehacerpolitico.mx\/#\/schema\/person\/496d8ad2d1d3f8036101dca7ee39e585","name":"Redacci\u00f3n QP","image":{"@type":"ImageObject","inLanguage":"es","@id":"https:\/\/secure.gravatar.com\/avatar\/c7164ed6fdec453195284ad24a5ae5b6e1eed2b848477fa2a4787ba9adf39a41?s=96&d=mm&r=g","url":"https:\/\/secure.gravatar.com\/avatar\/c7164ed6fdec453195284ad24a5ae5b6e1eed2b848477fa2a4787ba9adf39a41?s=96&d=mm&r=g","contentUrl":"https:\/\/secure.gravatar.com\/avatar\/c7164ed6fdec453195284ad24a5ae5b6e1eed2b848477fa2a4787ba9adf39a41?s=96&d=mm&r=g","caption":"Redacci\u00f3n QP"},"url":"https:\/\/quehacerpolitico.mx\/?author=2"}]}},"featured_image_urls":{"full":["https:\/\/quehacerpolitico.mx\/wp-content\/uploads\/2023\/12\/IMG_2905.jpeg",738,415,false],"thumbnail":["https:\/\/quehacerpolitico.mx\/wp-content\/uploads\/2023\/12\/IMG_2905-150x150.jpeg",150,150,true],"medium":["https:\/\/quehacerpolitico.mx\/wp-content\/uploads\/2023\/12\/IMG_2905-300x169.jpeg",300,169,true],"medium_large":["https:\/\/quehacerpolitico.mx\/wp-content\/uploads\/2023\/12\/IMG_2905.jpeg",640,360,false],"large":["https:\/\/quehacerpolitico.mx\/wp-content\/uploads\/2023\/12\/IMG_2905.jpeg",640,360,false],"1536x1536":["https:\/\/quehacerpolitico.mx\/wp-content\/uploads\/2023\/12\/IMG_2905.jpeg",738,415,false],"2048x2048":["https:\/\/quehacerpolitico.mx\/wp-content\/uploads\/2023\/12\/IMG_2905.jpeg",738,415,false],"covernews-featured":["https:\/\/quehacerpolitico.mx\/wp-content\/uploads\/2023\/12\/IMG_2905.jpeg",738,415,false],"covernews-medium":["https:\/\/quehacerpolitico.mx\/wp-content\/uploads\/2023\/12\/IMG_2905.jpeg",540,304,false]},"author_info":{"display_name":"Redacci\u00f3n QP","author_link":"https:\/\/quehacerpolitico.mx\/?author=2"},"category_info":"<a href=\"https:\/\/quehacerpolitico.mx\/?cat=56\" rel=\"category\">Econom\u00eda<\/a>","tag_info":"Econom\u00eda","comment_count":"0","_links":{"self":[{"href":"https:\/\/quehacerpolitico.mx\/index.php?rest_route=\/wp\/v2\/posts\/107296","targetHints":{"allow":["GET"]}}],"collection":[{"href":"https:\/\/quehacerpolitico.mx\/index.php?rest_route=\/wp\/v2\/posts"}],"about":[{"href":"https:\/\/quehacerpolitico.mx\/index.php?rest_route=\/wp\/v2\/types\/post"}],"author":[{"embeddable":true,"href":"https:\/\/quehacerpolitico.mx\/index.php?rest_route=\/wp\/v2\/users\/2"}],"replies":[{"embeddable":true,"href":"https:\/\/quehacerpolitico.mx\/index.php?rest_route=%2Fwp%2Fv2%2Fcomments&post=107296"}],"version-history":[{"count":1,"href":"https:\/\/quehacerpolitico.mx\/index.php?rest_route=\/wp\/v2\/posts\/107296\/revisions"}],"predecessor-version":[{"id":107298,"href":"https:\/\/quehacerpolitico.mx\/index.php?rest_route=\/wp\/v2\/posts\/107296\/revisions\/107298"}],"wp:featuredmedia":[{"embeddable":true,"href":"https:\/\/quehacerpolitico.mx\/index.php?rest_route=\/wp\/v2\/media\/107297"}],"wp:attachment":[{"href":"https:\/\/quehacerpolitico.mx\/index.php?rest_route=%2Fwp%2Fv2%2Fmedia&parent=107296"}],"wp:term":[{"taxonomy":"category","embeddable":true,"href":"https:\/\/quehacerpolitico.mx\/index.php?rest_route=%2Fwp%2Fv2%2Fcategories&post=107296"},{"taxonomy":"post_tag","embeddable":true,"href":"https:\/\/quehacerpolitico.mx\/index.php?rest_route=%2Fwp%2Fv2%2Ftags&post=107296"}],"curies":[{"name":"wp","href":"https:\/\/api.w.org\/{rel}","templated":true}]}}