{"id":10729,"date":"2018-12-02T00:40:44","date_gmt":"2018-12-02T00:40:44","guid":{"rendered":"http:\/\/quehacerpolitico.mx\/la-critica-al-neoliberalismo-no-es-contra-los-empresarios-slim-amlo-polariza-segun-coparmex\/"},"modified":"2018-12-02T00:40:44","modified_gmt":"2018-12-02T00:40:44","slug":"la-critica-al-neoliberalismo-no-es-contra-los-empresarios-slim-amlo-polariza-segun-coparmex","status":"publish","type":"post","link":"https:\/\/quehacerpolitico.mx\/?p=10729","title":{"rendered":"La cr\u00edtica al neoliberalismo no es contra los empresarios: Slim; AMLO polariza, seg\u00fan Coparmex"},"content":{"rendered":"<h1>La cr\u00edtica al neoliberalismo no es contra los empresarios: Slim; AMLO polariza, seg\u00fan Coparmex<\/h1>\n<p>Por Redacci\u00f3n QP<\/p>\n<p>El discurso del <strong>Presidente Andr\u00e9s Manuel L\u00f3pez Obrador<\/strong> durante su toma de protesta, en el que culp\u00f3 al <strong>neoliberalismo<\/strong> de los grandes males de M\u00e9xico como la corrupci\u00f3n, pobreza y violencia, gener\u00f3 reacciones distintas en la iniciativa privada del pa\u00eds.<\/p>\n<p>Para <strong>Gustavo de Hoyos Walther<\/strong>, l\u00edder de la<strong>Confederaci\u00f3n Patronal de la Rep\u00fablica Mexicana<\/strong> (Coparmex), el mensaje de L\u00f3pez Obrador tuvo expresiones polarizantes e ideolog\u00eda retr\u00f3grada. Pero el empresario <strong>Carlos Slim Hel\u00fa<\/strong> opin\u00f3 diferente. Asegur\u00f3 que aunque el tabasque\u00f1o habl\u00f3 del neoliberalismo, a lo que se refer\u00eda era a terminar con los frenos que han impedido el desarrollo de M\u00e9xico, por ejemplo, la <strong>corrupci\u00f3n<\/strong>.<\/p>\n<p>\u2013 \u201c\u00bfCon este mensaje neoliberal no le pega a los empresarios?\u201d, le cuestion\u00f3 una reportera a Slim.<\/p>\n<p>\u2013 \u201cNo, m\u00e1s\u00a0bien lo que est\u00e1 planteando es que algunas cosas como la corrupci\u00f3n han sido un freno al desarrollo, un freno importante, y que es un factor de los que hay que resolver, la falta de crecimiento. En la \u00e9poca del Secretario Ortiz Mena, como \u00e9l se\u00f1al\u00f3, crecimos al 6.8 por ciento con una inflaci\u00f3n de 2.2, que fue una etapa muy brillante dentro de esos 50 a\u00f1os, una etapa de muy baja inflaci\u00f3n con muy buen crecimiento y lo que est\u00e1 planteando (L\u00f3pez Obrador) es la recuperaci\u00f3n de esas \u00e9pocas de buen crecimiento, en donde sin corrupci\u00f3n y con buena eficacia en la inversi\u00f3n se pueda acceder a un cambio r\u00e1pidamente\u201d, asegur\u00f3 el due\u00f1o de <strong>Grupo Carso<\/strong> a su salida del recinto de San L\u00e1zaro.<\/p>\n<blockquote>\n<p>\u201cEl reto es atender todos los rezagos y los problemas que se\u00f1al\u00f3, yo digo que es un reto de \u00e9l, de su gobierno y de todos nosotros, de toda la sociedad\u201d, agreg\u00f3 Slim Hel\u00fa, quien lleg\u00f3 a la C\u00e1mara de Diputados acompa\u00f1ado de su hijo\u00a0<strong>Carlos Slim Domit<\/strong>\u00a0y su esposa\u00a0Mar\u00eda Elena Torruco, hija del pr\u00f3ximo Secretario de Turismo, Miguel \u00c1ngel Torruco Marqu\u00e9s.<\/p>\n<\/blockquote>\n<p>Carlos Slim, el hombre m\u00e1s rico de M\u00e9xico y el s\u00e9ptimo a nivel mundial, dijo que \u201cno hay duda\u201d de que existen condiciones para invertir en el pa\u00eds. \u201cLa mejor inversi\u00f3n es combatir la pobreza. Incorporar a la gente marginada a la modernidad con educaci\u00f3n y empleo\u201d, detall\u00f3.<\/p>\n<p>En tanto, Gustavo de Hoyos Walther, presidente de la Coparmex, expres\u00f3 que el mensaje de L\u00f3pez Obrador tiene un saldo negativo: \u201cExpresiones polarizantes, ideolog\u00eda retr\u00f3grada y reversa a reformas energ\u00e9tica y educativa. Lo bueno, promesas de respeto al Banco de M\u00e9xico, no endeudamiento y no m\u00e1s impuestos\u201d.<\/p>\n<p>As\u00ed lo expres\u00f3 en su cuenta de Twitter despu\u00e9s del discurso de AMLO en San L\u00e1zaro. Horas antes, le deseo \u00e9xito en su gesti\u00f3n presidencial. Dijo que apoyar\u00eda las buenas pol\u00edticas p\u00fablicas del Gobierno y cuestionar\u00e1 las leyes y programas perjudiciales para los ciudadanos o las empresas.<\/p>\n<blockquote>\n<p>\u201cRespetando el estado de derecho, preservando la estabilidad, salvaguardando libertades y con cohesi\u00f3n social, el Pa\u00eds puede alcanzar en los pr\u00f3ximos a\u00f1os, con el liderazgo de Andr\u00e9s Manuel L\u00f3pez Obrador, niveles insospechados de desarrollo y bienestar\u201d, escribi\u00f3 en su cuenta de Twitter Gustavo de Hoyos, presidente de la Coparmex.<\/p>\n<\/blockquote>\n<p>Juan Pablo Casta\u00f1\u00f3n Casta\u00f1\u00f3n, presidente del Consejo Coordinador Empresarial (CCE), le deseo el mejor de los \u00e9xitos a L\u00f3pez Obrador y se dijo dispuesto a colaborar con el nuevo Gobierno para generar m\u00e1s oportunidades para los mexicanos.<\/p>\n<p>\u201cDeseamos al Presidente Andr\u00e9s Manuel L\u00f3pez Obrador el mayor de los \u00e9xitos, en beneficio de todos los ciudadanos. Como sector privado, estaremos siempre dispuestos a trabajar en conjunto para generar m\u00e1s oportunidades para los mexicanos, en un marco de certidumbre, confianza y respeto de la ley y la libertad. Apoyaremos las iniciativas positivas y se\u00f1alaremos cuando no estemos de acuerdo\u201d, escribi\u00f3 en su cuenta de Twitter.<\/p>\n<p>El izquierdista Andr\u00e9s Manuel L\u00f3pez Obrador, quien asumi\u00f3 hoy la Presidencia de M\u00e9xico, prometi\u00f3 construir una \u201cnueva patria\u201d que acabar\u00e1 con la corrupci\u00f3n, la inseguridad y las violaciones en derechos humanos potenciando a la ciudadan\u00eda sin poner en entredicho la econom\u00eda.<\/p>\n<p>Nada ha da\u00f1ado m\u00e1s a M\u00e9xico que la corrupci\u00f3n de los gobernantes y de una c\u00fapula del poder privado\u201d, dijo este mediod\u00eda el Presidente de M\u00e9xico\u00a0Andr\u00e9s Manuel L\u00f3pez Obrador,\u00a0en su primer discurso ante el Congreso de la Uni\u00f3n, frente al cual anunci\u00f3 una Comisi\u00f3n de la Verdad que castigue \u201ca los que resulten responsables\u201d por el abuso de poder en las indagatorias por la desaparici\u00f3n de los 43 estudiantes de Ayotzinapa.<\/p>\n<blockquote>\n<p>El nuevo Jefe del Ejecutivo federal exhibi\u00f3 ante el pa\u00eds el fracaso de tres d\u00e9cadas de pol\u00edtica neoliberal. Culp\u00f3 a esa corriente de pensamiento econ\u00f3mico e ideol\u00f3gico por los grandes males que sufre M\u00e9xico: la marginaci\u00f3n, la corrupci\u00f3n, la violencia. \u201cUn desastre\u201d, dijo. \u201cSe acab\u00f3\u201d.<\/p>\n<p>Tajante, claro y reiterativo, el Presidente de M\u00e9xico ofreci\u00f3 un discurso que dur\u00f3 una hora y veinte minutos. Desgran\u00f3 muchas de sus propuestas de gobierno, la mayor\u00eda de ellas ya anunciadas durante la largu\u00edsima campa\u00f1a electoral, que culmin\u00f3 el 1 de julio con su triunfal victoria con el respaldo del 53 por ciento de los votos.<\/p>\n<blockquote>\n<p>\u201cNo tengo derecho a fallar\u201d, asever\u00f3 el mandatario, quien dijo huir de la \u201cparafernalia del poder\u201d para trabajar por la ciudadan\u00eda de un pa\u00eds que padece \u201cgrandes y graves\u201d problemas.<\/p>\n<\/blockquote>\n<p>Dedic\u00f3 buena parte del mensaje a su principal caballo de batalla: la corrupci\u00f3n, que considera que ha arrastrado al pa\u00eds por un despe\u00f1adero y ocasionado p\u00e9rdidas al presupuesto p\u00fablico federal de unos 500 mil millones de pesos.<\/p>\n<p>\u201cA partir de ahora se llevar\u00e1 a cabo una transformaci\u00f3n pac\u00edfica y ordenada, pero al mismo tiempo profunda y radical, porque se acabar\u00e1 con la corrupci\u00f3n y la impunidad que impiden el renacimiento de M\u00e9xico\u201d, subray\u00f3 ante un plet\u00f3rico Congreso, dominado por su partido, el Movimiento Regeneraci\u00f3n Nacional (Morena).<\/p>\n<p><em>Con informaci\u00f3n de EFE<\/em><\/p>\n<\/blockquote>\n","protected":false},"excerpt":{"rendered":"<p>La cr\u00edtica al neoliberalismo no es contra los empresarios: Slim; AMLO polariza, seg\u00fan Coparmex<br \/>\nPor Redacci\u00f3n QP<\/p>\n","protected":false},"author":2,"featured_media":10728,"comment_status":"open","ping_status":"open","sticky":false,"template":"","format":"standard","meta":{"_monsterinsights_skip_tracking":false,"_monsterinsights_sitenote_active":false,"_monsterinsights_sitenote_note":"","_monsterinsights_sitenote_category":0,"footnotes":""},"categories":[56],"tags":[],"class_list":["post-10729","post","type-post","status-publish","format-standard","has-post-thumbnail","hentry","category-economia"],"yoast_head":"<!-- This site is optimized with the Yoast SEO plugin v27.3 - https:\/\/yoast.com\/product\/yoast-seo-wordpress\/ -->\n<title>La cr\u00edtica al neoliberalismo no es contra los empresarios: Slim; AMLO polariza, seg\u00fan Coparmex -<\/title>\n<meta name=\"robots\" content=\"index, follow, max-snippet:-1, max-image-preview:large, max-video-preview:-1\" \/>\n<link rel=\"canonical\" href=\"https:\/\/quehacerpolitico.mx\/?p=10729\" \/>\n<meta property=\"og:locale\" content=\"es_MX\" \/>\n<meta property=\"og:type\" content=\"article\" \/>\n<meta property=\"og:title\" content=\"La cr\u00edtica al neoliberalismo no es contra los empresarios: Slim; AMLO polariza, seg\u00fan Coparmex -\" \/>\n<meta property=\"og:description\" content=\"La cr\u00edtica al neoliberalismo no es contra los empresarios: Slim; AMLO polariza, seg\u00fan Coparmex Por Redacci\u00f3n QP\" \/>\n<meta property=\"og:url\" content=\"https:\/\/quehacerpolitico.mx\/?p=10729\" \/>\n<meta property=\"article:published_time\" content=\"2018-12-02T00:40:44+00:00\" \/>\n<meta name=\"author\" content=\"Redacci\u00f3n QP\" \/>\n<meta name=\"twitter:card\" content=\"summary_large_image\" \/>\n<meta name=\"twitter:label1\" content=\"Escrito por\" \/>\n\t<meta name=\"twitter:data1\" content=\"Redacci\u00f3n QP\" \/>\n\t<meta name=\"twitter:label2\" content=\"Tiempo de lectura\" \/>\n\t<meta name=\"twitter:data2\" content=\"5 minutos\" \/>\n<script type=\"application\/ld+json\" class=\"yoast-schema-graph\">{\"@context\":\"https:\\\/\\\/schema.org\",\"@graph\":[{\"@type\":\"Article\",\"@id\":\"https:\\\/\\\/quehacerpolitico.mx\\\/?p=10729#article\",\"isPartOf\":{\"@id\":\"https:\\\/\\\/quehacerpolitico.mx\\\/?p=10729\"},\"author\":{\"name\":\"Redacci\u00f3n QP\",\"@id\":\"https:\\\/\\\/quehacerpolitico.mx\\\/#\\\/schema\\\/person\\\/496d8ad2d1d3f8036101dca7ee39e585\"},\"headline\":\"La cr\u00edtica al neoliberalismo no es contra los empresarios: Slim; AMLO polariza, seg\u00fan Coparmex\",\"datePublished\":\"2018-12-02T00:40:44+00:00\",\"mainEntityOfPage\":{\"@id\":\"https:\\\/\\\/quehacerpolitico.mx\\\/?p=10729\"},\"wordCount\":1078,\"commentCount\":0,\"image\":{\"@id\":\"https:\\\/\\\/quehacerpolitico.mx\\\/?p=10729#primaryimage\"},\"thumbnailUrl\":\"\",\"articleSection\":[\"Econom\u00eda\"],\"inLanguage\":\"es\",\"potentialAction\":[{\"@type\":\"CommentAction\",\"name\":\"Comment\",\"target\":[\"https:\\\/\\\/quehacerpolitico.mx\\\/?p=10729#respond\"]}]},{\"@type\":\"WebPage\",\"@id\":\"https:\\\/\\\/quehacerpolitico.mx\\\/?p=10729\",\"url\":\"https:\\\/\\\/quehacerpolitico.mx\\\/?p=10729\",\"name\":\"La cr\u00edtica al neoliberalismo no es contra los empresarios: Slim; AMLO polariza, seg\u00fan Coparmex -\",\"isPartOf\":{\"@id\":\"https:\\\/\\\/quehacerpolitico.mx\\\/#website\"},\"primaryImageOfPage\":{\"@id\":\"https:\\\/\\\/quehacerpolitico.mx\\\/?p=10729#primaryimage\"},\"image\":{\"@id\":\"https:\\\/\\\/quehacerpolitico.mx\\\/?p=10729#primaryimage\"},\"thumbnailUrl\":\"\",\"datePublished\":\"2018-12-02T00:40:44+00:00\",\"author\":{\"@id\":\"https:\\\/\\\/quehacerpolitico.mx\\\/#\\\/schema\\\/person\\\/496d8ad2d1d3f8036101dca7ee39e585\"},\"breadcrumb\":{\"@id\":\"https:\\\/\\\/quehacerpolitico.mx\\\/?p=10729#breadcrumb\"},\"inLanguage\":\"es\",\"potentialAction\":[{\"@type\":\"ReadAction\",\"target\":[\"https:\\\/\\\/quehacerpolitico.mx\\\/?p=10729\"]}]},{\"@type\":\"ImageObject\",\"inLanguage\":\"es\",\"@id\":\"https:\\\/\\\/quehacerpolitico.mx\\\/?p=10729#primaryimage\",\"url\":\"\",\"contentUrl\":\"\"},{\"@type\":\"BreadcrumbList\",\"@id\":\"https:\\\/\\\/quehacerpolitico.mx\\\/?p=10729#breadcrumb\",\"itemListElement\":[{\"@type\":\"ListItem\",\"position\":1,\"name\":\"Inicio\",\"item\":\"https:\\\/\\\/quehacerpolitico.mx\\\/\"},{\"@type\":\"ListItem\",\"position\":2,\"name\":\"La cr\u00edtica al neoliberalismo no es contra los empresarios: Slim; AMLO polariza, seg\u00fan Coparmex\"}]},{\"@type\":\"WebSite\",\"@id\":\"https:\\\/\\\/quehacerpolitico.mx\\\/#website\",\"url\":\"https:\\\/\\\/quehacerpolitico.mx\\\/\",\"name\":\"\",\"description\":\"\",\"potentialAction\":[{\"@type\":\"SearchAction\",\"target\":{\"@type\":\"EntryPoint\",\"urlTemplate\":\"https:\\\/\\\/quehacerpolitico.mx\\\/?s={search_term_string}\"},\"query-input\":{\"@type\":\"PropertyValueSpecification\",\"valueRequired\":true,\"valueName\":\"search_term_string\"}}],\"inLanguage\":\"es\"},{\"@type\":\"Person\",\"@id\":\"https:\\\/\\\/quehacerpolitico.mx\\\/#\\\/schema\\\/person\\\/496d8ad2d1d3f8036101dca7ee39e585\",\"name\":\"Redacci\u00f3n QP\",\"image\":{\"@type\":\"ImageObject\",\"inLanguage\":\"es\",\"@id\":\"https:\\\/\\\/secure.gravatar.com\\\/avatar\\\/c7164ed6fdec453195284ad24a5ae5b6e1eed2b848477fa2a4787ba9adf39a41?s=96&d=mm&r=g\",\"url\":\"https:\\\/\\\/secure.gravatar.com\\\/avatar\\\/c7164ed6fdec453195284ad24a5ae5b6e1eed2b848477fa2a4787ba9adf39a41?s=96&d=mm&r=g\",\"contentUrl\":\"https:\\\/\\\/secure.gravatar.com\\\/avatar\\\/c7164ed6fdec453195284ad24a5ae5b6e1eed2b848477fa2a4787ba9adf39a41?s=96&d=mm&r=g\",\"caption\":\"Redacci\u00f3n QP\"},\"url\":\"https:\\\/\\\/quehacerpolitico.mx\\\/?author=2\"}]}<\/script>\n<!-- \/ Yoast SEO plugin. -->","yoast_head_json":{"title":"La cr\u00edtica al neoliberalismo no es contra los empresarios: Slim; AMLO polariza, seg\u00fan Coparmex -","robots":{"index":"index","follow":"follow","max-snippet":"max-snippet:-1","max-image-preview":"max-image-preview:large","max-video-preview":"max-video-preview:-1"},"canonical":"https:\/\/quehacerpolitico.mx\/?p=10729","og_locale":"es_MX","og_type":"article","og_title":"La cr\u00edtica al neoliberalismo no es contra los empresarios: Slim; AMLO polariza, seg\u00fan Coparmex -","og_description":"La cr\u00edtica al neoliberalismo no es contra los empresarios: Slim; AMLO polariza, seg\u00fan Coparmex Por Redacci\u00f3n QP","og_url":"https:\/\/quehacerpolitico.mx\/?p=10729","article_published_time":"2018-12-02T00:40:44+00:00","author":"Redacci\u00f3n QP","twitter_card":"summary_large_image","twitter_misc":{"Escrito por":"Redacci\u00f3n QP","Tiempo de lectura":"5 minutos"},"schema":{"@context":"https:\/\/schema.org","@graph":[{"@type":"Article","@id":"https:\/\/quehacerpolitico.mx\/?p=10729#article","isPartOf":{"@id":"https:\/\/quehacerpolitico.mx\/?p=10729"},"author":{"name":"Redacci\u00f3n QP","@id":"https:\/\/quehacerpolitico.mx\/#\/schema\/person\/496d8ad2d1d3f8036101dca7ee39e585"},"headline":"La cr\u00edtica al neoliberalismo no es contra los empresarios: Slim; AMLO polariza, seg\u00fan Coparmex","datePublished":"2018-12-02T00:40:44+00:00","mainEntityOfPage":{"@id":"https:\/\/quehacerpolitico.mx\/?p=10729"},"wordCount":1078,"commentCount":0,"image":{"@id":"https:\/\/quehacerpolitico.mx\/?p=10729#primaryimage"},"thumbnailUrl":"","articleSection":["Econom\u00eda"],"inLanguage":"es","potentialAction":[{"@type":"CommentAction","name":"Comment","target":["https:\/\/quehacerpolitico.mx\/?p=10729#respond"]}]},{"@type":"WebPage","@id":"https:\/\/quehacerpolitico.mx\/?p=10729","url":"https:\/\/quehacerpolitico.mx\/?p=10729","name":"La cr\u00edtica al neoliberalismo no es contra los empresarios: Slim; AMLO polariza, seg\u00fan Coparmex -","isPartOf":{"@id":"https:\/\/quehacerpolitico.mx\/#website"},"primaryImageOfPage":{"@id":"https:\/\/quehacerpolitico.mx\/?p=10729#primaryimage"},"image":{"@id":"https:\/\/quehacerpolitico.mx\/?p=10729#primaryimage"},"thumbnailUrl":"","datePublished":"2018-12-02T00:40:44+00:00","author":{"@id":"https:\/\/quehacerpolitico.mx\/#\/schema\/person\/496d8ad2d1d3f8036101dca7ee39e585"},"breadcrumb":{"@id":"https:\/\/quehacerpolitico.mx\/?p=10729#breadcrumb"},"inLanguage":"es","potentialAction":[{"@type":"ReadAction","target":["https:\/\/quehacerpolitico.mx\/?p=10729"]}]},{"@type":"ImageObject","inLanguage":"es","@id":"https:\/\/quehacerpolitico.mx\/?p=10729#primaryimage","url":"","contentUrl":""},{"@type":"BreadcrumbList","@id":"https:\/\/quehacerpolitico.mx\/?p=10729#breadcrumb","itemListElement":[{"@type":"ListItem","position":1,"name":"Inicio","item":"https:\/\/quehacerpolitico.mx\/"},{"@type":"ListItem","position":2,"name":"La cr\u00edtica al neoliberalismo no es contra los empresarios: Slim; AMLO polariza, seg\u00fan Coparmex"}]},{"@type":"WebSite","@id":"https:\/\/quehacerpolitico.mx\/#website","url":"https:\/\/quehacerpolitico.mx\/","name":"","description":"","potentialAction":[{"@type":"SearchAction","target":{"@type":"EntryPoint","urlTemplate":"https:\/\/quehacerpolitico.mx\/?s={search_term_string}"},"query-input":{"@type":"PropertyValueSpecification","valueRequired":true,"valueName":"search_term_string"}}],"inLanguage":"es"},{"@type":"Person","@id":"https:\/\/quehacerpolitico.mx\/#\/schema\/person\/496d8ad2d1d3f8036101dca7ee39e585","name":"Redacci\u00f3n QP","image":{"@type":"ImageObject","inLanguage":"es","@id":"https:\/\/secure.gravatar.com\/avatar\/c7164ed6fdec453195284ad24a5ae5b6e1eed2b848477fa2a4787ba9adf39a41?s=96&d=mm&r=g","url":"https:\/\/secure.gravatar.com\/avatar\/c7164ed6fdec453195284ad24a5ae5b6e1eed2b848477fa2a4787ba9adf39a41?s=96&d=mm&r=g","contentUrl":"https:\/\/secure.gravatar.com\/avatar\/c7164ed6fdec453195284ad24a5ae5b6e1eed2b848477fa2a4787ba9adf39a41?s=96&d=mm&r=g","caption":"Redacci\u00f3n QP"},"url":"https:\/\/quehacerpolitico.mx\/?author=2"}]}},"featured_image_urls":{"full":"","thumbnail":"","medium":"","medium_large":"","large":"","1536x1536":"","2048x2048":"","covernews-featured":"","covernews-medium":""},"author_info":{"display_name":"Redacci\u00f3n QP","author_link":"https:\/\/quehacerpolitico.mx\/?author=2"},"category_info":"<a href=\"https:\/\/quehacerpolitico.mx\/?cat=56\" rel=\"category\">Econom\u00eda<\/a>","tag_info":"Econom\u00eda","comment_count":"0","_links":{"self":[{"href":"https:\/\/quehacerpolitico.mx\/index.php?rest_route=\/wp\/v2\/posts\/10729","targetHints":{"allow":["GET"]}}],"collection":[{"href":"https:\/\/quehacerpolitico.mx\/index.php?rest_route=\/wp\/v2\/posts"}],"about":[{"href":"https:\/\/quehacerpolitico.mx\/index.php?rest_route=\/wp\/v2\/types\/post"}],"author":[{"embeddable":true,"href":"https:\/\/quehacerpolitico.mx\/index.php?rest_route=\/wp\/v2\/users\/2"}],"replies":[{"embeddable":true,"href":"https:\/\/quehacerpolitico.mx\/index.php?rest_route=%2Fwp%2Fv2%2Fcomments&post=10729"}],"version-history":[{"count":0,"href":"https:\/\/quehacerpolitico.mx\/index.php?rest_route=\/wp\/v2\/posts\/10729\/revisions"}],"wp:featuredmedia":[{"embeddable":true,"href":"https:\/\/quehacerpolitico.mx\/index.php?rest_route=\/"}],"wp:attachment":[{"href":"https:\/\/quehacerpolitico.mx\/index.php?rest_route=%2Fwp%2Fv2%2Fmedia&parent=10729"}],"wp:term":[{"taxonomy":"category","embeddable":true,"href":"https:\/\/quehacerpolitico.mx\/index.php?rest_route=%2Fwp%2Fv2%2Fcategories&post=10729"},{"taxonomy":"post_tag","embeddable":true,"href":"https:\/\/quehacerpolitico.mx\/index.php?rest_route=%2Fwp%2Fv2%2Ftags&post=10729"}],"curies":[{"name":"wp","href":"https:\/\/api.w.org\/{rel}","templated":true}]}}