{"id":107277,"date":"2023-12-27T19:53:50","date_gmt":"2023-12-27T19:53:50","guid":{"rendered":"https:\/\/quehacerpolitico.mx\/?p=107277"},"modified":"2023-12-27T19:53:52","modified_gmt":"2023-12-27T19:53:52","slug":"internacionales-carolina-alonso-romei-erdogan-compara-a-netanyahu-con-hitler-por-su-crueldad-en-gaza","status":"publish","type":"post","link":"https:\/\/quehacerpolitico.mx\/?p=107277","title":{"rendered":"Internacionales\/\/\/Carolina Alonso Romei\/\/\/Erdogan compara a Netanyahu con Hitler por su &#8220;crueldad&#8221; en Gaza"},"content":{"rendered":"\n<p>Por Carolina Alonso Romei<\/p>\n\n\n\n<p>Internacionalista <\/p>\n\n\n\n<p>El presidente de Turqu\u00eda asegur\u00f3 que la respuesta de Israel a los atentados terroristas de Ham\u00e1s del 7 de octubre &#8220;han aniquilado todos los valores de la humanidad&#8221;<\/p>\n\n\n\n<p>El presidente de\u00a0Turqu\u00eda, Recep Tayyip Erdogan, afirm\u00f3 hoy mi\u00e9rcoles que no hay diferencia entre el primer ministro de Israel, Benjam\u00edn Netanyahu, y Adolf Hitler. Adem\u00e1s, asegur\u00f3 que la &#8220;crueldad&#8221; de los ataques de Israel en Gaza hacen incluso &#8220;echar de menos&#8221; al dictador nazi.<\/p>\n\n\n\n<figure class=\"wp-block-embed is-type-video is-provider-youtube wp-block-embed-youtube wp-embed-aspect-16-9 wp-has-aspect-ratio\"><div class=\"wp-block-embed__wrapper\">\n<iframe loading=\"lazy\" title=\"Erdogan compares &#039;Netanyahu to Hitler&#039;\" width=\"640\" height=\"360\" src=\"https:\/\/www.youtube.com\/embed\/cYWptUdKV74?feature=oembed\" frameborder=\"0\" allow=\"accelerometer; autoplay; clipboard-write; encrypted-media; gyroscope; picture-in-picture; web-share\" referrerpolicy=\"strict-origin-when-cross-origin\" allowfullscreen><\/iframe>\n<\/div><\/figure>\n\n\n\n<p><strong>&#8220;Hablan mal de&nbsp;Hitler. Pero, entre ustedes y&nbsp;Hitler,&nbsp;\u00bfqu\u00e9 diferencia hay? Esto nos hace echar de menos a&nbsp;Hitler. Lo que hace&nbsp;Netanyahu,&nbsp;\u00bfes menos de lo que hizo&nbsp;Hitler?&#8221;,<\/strong>&nbsp;pregunt\u00f3 el mandatario turco durante una intervenci\u00f3n p\u00fablica.<\/p>\n\n\n\n<p>El l\u00edder islamista asegur\u00f3 que la respuesta de Israel a los atentados terroristas de Ham\u00e1s del 7 de octubre &#8220;han aniquilado todos los valores de la humanidad&#8221;.<\/p>\n\n\n\n<p>&#8220;Hemos visto los campos nazis de\u00a0Israel\u00a0en los estadios,\u00a0\u00bfno?&#8221;, dijo el presidente, en alusi\u00f3n a videos, difundidos esta semana en redes sociales, que muestran a soldados israel\u00edes reuniendo a cientos de palestinos en ropa interior en un estadio deportivo en\u00a0Gaza.<\/p>\n\n\n\n<p><strong>&#8220;Apunto una diferencia: &#8220;Hitler\u00a0no era tan rico; estos (en referencia a los dirigentes israel\u00edes) son m\u00e1s ricos que\u00a0Hitler. Los apoya Occidente, Estados Unidos les da todo tipo de apoyo. Y as\u00ed han matado a unos 20 mil\u00a0gazat\u00edes&#8221;,<\/strong>\u00a0asegur\u00f3 Erdogan.<\/p>\n\n\n\n<p>Turqu\u00eda es un aliado hist\u00f3rico de Israel, y si bien las relaciones se han deteriorado desde la llegada al poder de Erdogan en 2002, con dos periodos de ruptura en la \u00faltima d\u00e9cada, los dos pa\u00edses restablecieron relaciones diplom\u00e1ticas plenas el a\u00f1o pasado, con visitas presidenciales y planes para una cooperaci\u00f3n estrecha.<\/p>\n\n\n\n<figure class=\"wp-block-embed is-type-video is-provider-youtube wp-block-embed-youtube wp-embed-aspect-16-9 wp-has-aspect-ratio\"><div class=\"wp-block-embed__wrapper\">\n<iframe loading=\"lazy\" title=\"Benjamin Netanyahu richer than Hitler And Similar to Him, Turkey&#039;s Erdogan says | N18V | News18\" width=\"640\" height=\"360\" src=\"https:\/\/www.youtube.com\/embed\/st9UU5y9-ic?feature=oembed\" frameborder=\"0\" allow=\"accelerometer; autoplay; clipboard-write; encrypted-media; gyroscope; picture-in-picture; web-share\" referrerpolicy=\"strict-origin-when-cross-origin\" allowfullscreen><\/iframe>\n<\/div><\/figure>\n\n\n\n<p>Tras el ataque de Ham\u00e1s del 7 de octubre, Erdogan denunci\u00f3 la respuesta israel\u00ed de bombardeos masivos sobre Gaza como&nbsp;<strong>&#8220;crimen de guerra&#8221;<\/strong>&nbsp;e Israel retir\u00f3 su embajadora a finales de octubre.<\/p>\n\n\n\n<p>Erdogan siempre ha insistido en la protecci\u00f3n de la comunidad jud\u00eda residente en Turqu\u00eda y recuerda a menudo que Turqu\u00eda abri\u00f3 sus puertas a numerosos jud\u00edos perseguidos en la Alemania nazi, al igual que el Imperio otomano acogi\u00f3 a los sefard\u00edes expulsados de Espa\u00f1a en el siglo XV.<\/p>\n\n\n\n<p>Con informaci\u00f3n de EFE<\/p>\n","protected":false},"excerpt":{"rendered":"<p>Por Carolina Alonso Romei Internacionalista El presidente de Turqu\u00eda asegur\u00f3 que la respuesta de Israel&#8230;<\/p>\n","protected":false},"author":2,"featured_media":107278,"comment_status":"open","ping_status":"open","sticky":false,"template":"","format":"standard","meta":{"_monsterinsights_skip_tracking":false,"_monsterinsights_sitenote_active":false,"_monsterinsights_sitenote_note":"","_monsterinsights_sitenote_category":0,"footnotes":""},"categories":[1],"tags":[],"class_list":["post-107277","post","type-post","status-publish","format-standard","has-post-thumbnail","hentry","category-sin-categoria"],"yoast_head":"<!-- This site is optimized with the Yoast SEO plugin v27.3 - https:\/\/yoast.com\/product\/yoast-seo-wordpress\/ -->\n<title>Internacionales\/\/\/Carolina Alonso Romei\/\/\/Erdogan compara a Netanyahu con Hitler por su &quot;crueldad&quot; en Gaza -<\/title>\n<meta name=\"robots\" content=\"index, follow, max-snippet:-1, max-image-preview:large, max-video-preview:-1\" \/>\n<link rel=\"canonical\" href=\"https:\/\/quehacerpolitico.mx\/?p=107277\" \/>\n<meta property=\"og:locale\" content=\"es_MX\" \/>\n<meta property=\"og:type\" content=\"article\" \/>\n<meta property=\"og:title\" content=\"Internacionales\/\/\/Carolina Alonso Romei\/\/\/Erdogan compara a Netanyahu con Hitler por su &quot;crueldad&quot; en Gaza -\" \/>\n<meta property=\"og:description\" content=\"Por Carolina Alonso Romei Internacionalista El presidente de Turqu\u00eda asegur\u00f3 que la respuesta de Israel...\" \/>\n<meta property=\"og:url\" content=\"https:\/\/quehacerpolitico.mx\/?p=107277\" \/>\n<meta property=\"article:published_time\" content=\"2023-12-27T19:53:50+00:00\" \/>\n<meta property=\"article:modified_time\" content=\"2023-12-27T19:53:52+00:00\" \/>\n<meta property=\"og:image\" content=\"https:\/\/quehacerpolitico.mx\/wp-content\/uploads\/2023\/12\/IMG_2892.jpeg\" \/>\n\t<meta property=\"og:image:width\" content=\"739\" \/>\n\t<meta property=\"og:image:height\" content=\"415\" \/>\n\t<meta property=\"og:image:type\" content=\"image\/jpeg\" \/>\n<meta name=\"author\" content=\"Redacci\u00f3n QP\" \/>\n<meta name=\"twitter:card\" content=\"summary_large_image\" \/>\n<meta name=\"twitter:label1\" content=\"Escrito por\" \/>\n\t<meta name=\"twitter:data1\" content=\"Redacci\u00f3n QP\" \/>\n\t<meta name=\"twitter:label2\" content=\"Tiempo de lectura\" \/>\n\t<meta name=\"twitter:data2\" content=\"2 minutos\" \/>\n<script type=\"application\/ld+json\" class=\"yoast-schema-graph\">{\"@context\":\"https:\\\/\\\/schema.org\",\"@graph\":[{\"@type\":\"Article\",\"@id\":\"https:\\\/\\\/quehacerpolitico.mx\\\/?p=107277#article\",\"isPartOf\":{\"@id\":\"https:\\\/\\\/quehacerpolitico.mx\\\/?p=107277\"},\"author\":{\"name\":\"Redacci\u00f3n QP\",\"@id\":\"https:\\\/\\\/quehacerpolitico.mx\\\/#\\\/schema\\\/person\\\/496d8ad2d1d3f8036101dca7ee39e585\"},\"headline\":\"Internacionales\\\/\\\/\\\/Carolina Alonso Romei\\\/\\\/\\\/Erdogan compara a Netanyahu con Hitler por su &#8220;crueldad&#8221; en Gaza\",\"datePublished\":\"2023-12-27T19:53:50+00:00\",\"dateModified\":\"2023-12-27T19:53:52+00:00\",\"mainEntityOfPage\":{\"@id\":\"https:\\\/\\\/quehacerpolitico.mx\\\/?p=107277\"},\"wordCount\":438,\"commentCount\":0,\"image\":{\"@id\":\"https:\\\/\\\/quehacerpolitico.mx\\\/?p=107277#primaryimage\"},\"thumbnailUrl\":\"https:\\\/\\\/quehacerpolitico.mx\\\/wp-content\\\/uploads\\\/2023\\\/12\\\/IMG_2892.jpeg\",\"articleSection\":[\"Internacionales\"],\"inLanguage\":\"es\",\"potentialAction\":[{\"@type\":\"CommentAction\",\"name\":\"Comment\",\"target\":[\"https:\\\/\\\/quehacerpolitico.mx\\\/?p=107277#respond\"]}]},{\"@type\":\"WebPage\",\"@id\":\"https:\\\/\\\/quehacerpolitico.mx\\\/?p=107277\",\"url\":\"https:\\\/\\\/quehacerpolitico.mx\\\/?p=107277\",\"name\":\"Internacionales\\\/\\\/\\\/Carolina Alonso Romei\\\/\\\/\\\/Erdogan compara a Netanyahu con Hitler por su \\\"crueldad\\\" en Gaza -\",\"isPartOf\":{\"@id\":\"https:\\\/\\\/quehacerpolitico.mx\\\/#website\"},\"primaryImageOfPage\":{\"@id\":\"https:\\\/\\\/quehacerpolitico.mx\\\/?p=107277#primaryimage\"},\"image\":{\"@id\":\"https:\\\/\\\/quehacerpolitico.mx\\\/?p=107277#primaryimage\"},\"thumbnailUrl\":\"https:\\\/\\\/quehacerpolitico.mx\\\/wp-content\\\/uploads\\\/2023\\\/12\\\/IMG_2892.jpeg\",\"datePublished\":\"2023-12-27T19:53:50+00:00\",\"dateModified\":\"2023-12-27T19:53:52+00:00\",\"author\":{\"@id\":\"https:\\\/\\\/quehacerpolitico.mx\\\/#\\\/schema\\\/person\\\/496d8ad2d1d3f8036101dca7ee39e585\"},\"breadcrumb\":{\"@id\":\"https:\\\/\\\/quehacerpolitico.mx\\\/?p=107277#breadcrumb\"},\"inLanguage\":\"es\",\"potentialAction\":[{\"@type\":\"ReadAction\",\"target\":[\"https:\\\/\\\/quehacerpolitico.mx\\\/?p=107277\"]}]},{\"@type\":\"ImageObject\",\"inLanguage\":\"es\",\"@id\":\"https:\\\/\\\/quehacerpolitico.mx\\\/?p=107277#primaryimage\",\"url\":\"https:\\\/\\\/quehacerpolitico.mx\\\/wp-content\\\/uploads\\\/2023\\\/12\\\/IMG_2892.jpeg\",\"contentUrl\":\"https:\\\/\\\/quehacerpolitico.mx\\\/wp-content\\\/uploads\\\/2023\\\/12\\\/IMG_2892.jpeg\",\"width\":739,\"height\":415},{\"@type\":\"BreadcrumbList\",\"@id\":\"https:\\\/\\\/quehacerpolitico.mx\\\/?p=107277#breadcrumb\",\"itemListElement\":[{\"@type\":\"ListItem\",\"position\":1,\"name\":\"Inicio\",\"item\":\"https:\\\/\\\/quehacerpolitico.mx\\\/\"},{\"@type\":\"ListItem\",\"position\":2,\"name\":\"Internacionales\\\/\\\/\\\/Carolina Alonso Romei\\\/\\\/\\\/Erdogan compara a Netanyahu con Hitler por su &#8220;crueldad&#8221; en Gaza\"}]},{\"@type\":\"WebSite\",\"@id\":\"https:\\\/\\\/quehacerpolitico.mx\\\/#website\",\"url\":\"https:\\\/\\\/quehacerpolitico.mx\\\/\",\"name\":\"\",\"description\":\"\",\"potentialAction\":[{\"@type\":\"SearchAction\",\"target\":{\"@type\":\"EntryPoint\",\"urlTemplate\":\"https:\\\/\\\/quehacerpolitico.mx\\\/?s={search_term_string}\"},\"query-input\":{\"@type\":\"PropertyValueSpecification\",\"valueRequired\":true,\"valueName\":\"search_term_string\"}}],\"inLanguage\":\"es\"},{\"@type\":\"Person\",\"@id\":\"https:\\\/\\\/quehacerpolitico.mx\\\/#\\\/schema\\\/person\\\/496d8ad2d1d3f8036101dca7ee39e585\",\"name\":\"Redacci\u00f3n QP\",\"image\":{\"@type\":\"ImageObject\",\"inLanguage\":\"es\",\"@id\":\"https:\\\/\\\/secure.gravatar.com\\\/avatar\\\/c7164ed6fdec453195284ad24a5ae5b6e1eed2b848477fa2a4787ba9adf39a41?s=96&d=mm&r=g\",\"url\":\"https:\\\/\\\/secure.gravatar.com\\\/avatar\\\/c7164ed6fdec453195284ad24a5ae5b6e1eed2b848477fa2a4787ba9adf39a41?s=96&d=mm&r=g\",\"contentUrl\":\"https:\\\/\\\/secure.gravatar.com\\\/avatar\\\/c7164ed6fdec453195284ad24a5ae5b6e1eed2b848477fa2a4787ba9adf39a41?s=96&d=mm&r=g\",\"caption\":\"Redacci\u00f3n QP\"},\"url\":\"https:\\\/\\\/quehacerpolitico.mx\\\/?author=2\"}]}<\/script>\n<!-- \/ Yoast SEO plugin. -->","yoast_head_json":{"title":"Internacionales\/\/\/Carolina Alonso Romei\/\/\/Erdogan compara a Netanyahu con Hitler por su \"crueldad\" en Gaza -","robots":{"index":"index","follow":"follow","max-snippet":"max-snippet:-1","max-image-preview":"max-image-preview:large","max-video-preview":"max-video-preview:-1"},"canonical":"https:\/\/quehacerpolitico.mx\/?p=107277","og_locale":"es_MX","og_type":"article","og_title":"Internacionales\/\/\/Carolina Alonso Romei\/\/\/Erdogan compara a Netanyahu con Hitler por su \"crueldad\" en Gaza -","og_description":"Por Carolina Alonso Romei Internacionalista El presidente de Turqu\u00eda asegur\u00f3 que la respuesta de Israel...","og_url":"https:\/\/quehacerpolitico.mx\/?p=107277","article_published_time":"2023-12-27T19:53:50+00:00","article_modified_time":"2023-12-27T19:53:52+00:00","og_image":[{"width":739,"height":415,"url":"https:\/\/quehacerpolitico.mx\/wp-content\/uploads\/2023\/12\/IMG_2892.jpeg","type":"image\/jpeg"}],"author":"Redacci\u00f3n QP","twitter_card":"summary_large_image","twitter_misc":{"Escrito por":"Redacci\u00f3n QP","Tiempo de lectura":"2 minutos"},"schema":{"@context":"https:\/\/schema.org","@graph":[{"@type":"Article","@id":"https:\/\/quehacerpolitico.mx\/?p=107277#article","isPartOf":{"@id":"https:\/\/quehacerpolitico.mx\/?p=107277"},"author":{"name":"Redacci\u00f3n QP","@id":"https:\/\/quehacerpolitico.mx\/#\/schema\/person\/496d8ad2d1d3f8036101dca7ee39e585"},"headline":"Internacionales\/\/\/Carolina Alonso Romei\/\/\/Erdogan compara a Netanyahu con Hitler por su &#8220;crueldad&#8221; en Gaza","datePublished":"2023-12-27T19:53:50+00:00","dateModified":"2023-12-27T19:53:52+00:00","mainEntityOfPage":{"@id":"https:\/\/quehacerpolitico.mx\/?p=107277"},"wordCount":438,"commentCount":0,"image":{"@id":"https:\/\/quehacerpolitico.mx\/?p=107277#primaryimage"},"thumbnailUrl":"https:\/\/quehacerpolitico.mx\/wp-content\/uploads\/2023\/12\/IMG_2892.jpeg","articleSection":["Internacionales"],"inLanguage":"es","potentialAction":[{"@type":"CommentAction","name":"Comment","target":["https:\/\/quehacerpolitico.mx\/?p=107277#respond"]}]},{"@type":"WebPage","@id":"https:\/\/quehacerpolitico.mx\/?p=107277","url":"https:\/\/quehacerpolitico.mx\/?p=107277","name":"Internacionales\/\/\/Carolina Alonso Romei\/\/\/Erdogan compara a Netanyahu con Hitler por su \"crueldad\" en Gaza -","isPartOf":{"@id":"https:\/\/quehacerpolitico.mx\/#website"},"primaryImageOfPage":{"@id":"https:\/\/quehacerpolitico.mx\/?p=107277#primaryimage"},"image":{"@id":"https:\/\/quehacerpolitico.mx\/?p=107277#primaryimage"},"thumbnailUrl":"https:\/\/quehacerpolitico.mx\/wp-content\/uploads\/2023\/12\/IMG_2892.jpeg","datePublished":"2023-12-27T19:53:50+00:00","dateModified":"2023-12-27T19:53:52+00:00","author":{"@id":"https:\/\/quehacerpolitico.mx\/#\/schema\/person\/496d8ad2d1d3f8036101dca7ee39e585"},"breadcrumb":{"@id":"https:\/\/quehacerpolitico.mx\/?p=107277#breadcrumb"},"inLanguage":"es","potentialAction":[{"@type":"ReadAction","target":["https:\/\/quehacerpolitico.mx\/?p=107277"]}]},{"@type":"ImageObject","inLanguage":"es","@id":"https:\/\/quehacerpolitico.mx\/?p=107277#primaryimage","url":"https:\/\/quehacerpolitico.mx\/wp-content\/uploads\/2023\/12\/IMG_2892.jpeg","contentUrl":"https:\/\/quehacerpolitico.mx\/wp-content\/uploads\/2023\/12\/IMG_2892.jpeg","width":739,"height":415},{"@type":"BreadcrumbList","@id":"https:\/\/quehacerpolitico.mx\/?p=107277#breadcrumb","itemListElement":[{"@type":"ListItem","position":1,"name":"Inicio","item":"https:\/\/quehacerpolitico.mx\/"},{"@type":"ListItem","position":2,"name":"Internacionales\/\/\/Carolina Alonso Romei\/\/\/Erdogan compara a Netanyahu con Hitler por su &#8220;crueldad&#8221; en Gaza"}]},{"@type":"WebSite","@id":"https:\/\/quehacerpolitico.mx\/#website","url":"https:\/\/quehacerpolitico.mx\/","name":"","description":"","potentialAction":[{"@type":"SearchAction","target":{"@type":"EntryPoint","urlTemplate":"https:\/\/quehacerpolitico.mx\/?s={search_term_string}"},"query-input":{"@type":"PropertyValueSpecification","valueRequired":true,"valueName":"search_term_string"}}],"inLanguage":"es"},{"@type":"Person","@id":"https:\/\/quehacerpolitico.mx\/#\/schema\/person\/496d8ad2d1d3f8036101dca7ee39e585","name":"Redacci\u00f3n QP","image":{"@type":"ImageObject","inLanguage":"es","@id":"https:\/\/secure.gravatar.com\/avatar\/c7164ed6fdec453195284ad24a5ae5b6e1eed2b848477fa2a4787ba9adf39a41?s=96&d=mm&r=g","url":"https:\/\/secure.gravatar.com\/avatar\/c7164ed6fdec453195284ad24a5ae5b6e1eed2b848477fa2a4787ba9adf39a41?s=96&d=mm&r=g","contentUrl":"https:\/\/secure.gravatar.com\/avatar\/c7164ed6fdec453195284ad24a5ae5b6e1eed2b848477fa2a4787ba9adf39a41?s=96&d=mm&r=g","caption":"Redacci\u00f3n QP"},"url":"https:\/\/quehacerpolitico.mx\/?author=2"}]}},"featured_image_urls":{"full":["https:\/\/quehacerpolitico.mx\/wp-content\/uploads\/2023\/12\/IMG_2892.jpeg",739,415,false],"thumbnail":["https:\/\/quehacerpolitico.mx\/wp-content\/uploads\/2023\/12\/IMG_2892-150x150.jpeg",150,150,true],"medium":["https:\/\/quehacerpolitico.mx\/wp-content\/uploads\/2023\/12\/IMG_2892-300x168.jpeg",300,168,true],"medium_large":["https:\/\/quehacerpolitico.mx\/wp-content\/uploads\/2023\/12\/IMG_2892.jpeg",640,359,false],"large":["https:\/\/quehacerpolitico.mx\/wp-content\/uploads\/2023\/12\/IMG_2892.jpeg",640,359,false],"1536x1536":["https:\/\/quehacerpolitico.mx\/wp-content\/uploads\/2023\/12\/IMG_2892.jpeg",739,415,false],"2048x2048":["https:\/\/quehacerpolitico.mx\/wp-content\/uploads\/2023\/12\/IMG_2892.jpeg",739,415,false],"covernews-featured":["https:\/\/quehacerpolitico.mx\/wp-content\/uploads\/2023\/12\/IMG_2892.jpeg",739,415,false],"covernews-medium":["https:\/\/quehacerpolitico.mx\/wp-content\/uploads\/2023\/12\/IMG_2892.jpeg",540,303,false]},"author_info":{"display_name":"Redacci\u00f3n QP","author_link":"https:\/\/quehacerpolitico.mx\/?author=2"},"category_info":"<a href=\"https:\/\/quehacerpolitico.mx\/?cat=1\" rel=\"category\">Internacionales<\/a>","tag_info":"Internacionales","comment_count":"0","_links":{"self":[{"href":"https:\/\/quehacerpolitico.mx\/index.php?rest_route=\/wp\/v2\/posts\/107277","targetHints":{"allow":["GET"]}}],"collection":[{"href":"https:\/\/quehacerpolitico.mx\/index.php?rest_route=\/wp\/v2\/posts"}],"about":[{"href":"https:\/\/quehacerpolitico.mx\/index.php?rest_route=\/wp\/v2\/types\/post"}],"author":[{"embeddable":true,"href":"https:\/\/quehacerpolitico.mx\/index.php?rest_route=\/wp\/v2\/users\/2"}],"replies":[{"embeddable":true,"href":"https:\/\/quehacerpolitico.mx\/index.php?rest_route=%2Fwp%2Fv2%2Fcomments&post=107277"}],"version-history":[{"count":1,"href":"https:\/\/quehacerpolitico.mx\/index.php?rest_route=\/wp\/v2\/posts\/107277\/revisions"}],"predecessor-version":[{"id":107279,"href":"https:\/\/quehacerpolitico.mx\/index.php?rest_route=\/wp\/v2\/posts\/107277\/revisions\/107279"}],"wp:featuredmedia":[{"embeddable":true,"href":"https:\/\/quehacerpolitico.mx\/index.php?rest_route=\/wp\/v2\/media\/107278"}],"wp:attachment":[{"href":"https:\/\/quehacerpolitico.mx\/index.php?rest_route=%2Fwp%2Fv2%2Fmedia&parent=107277"}],"wp:term":[{"taxonomy":"category","embeddable":true,"href":"https:\/\/quehacerpolitico.mx\/index.php?rest_route=%2Fwp%2Fv2%2Fcategories&post=107277"},{"taxonomy":"post_tag","embeddable":true,"href":"https:\/\/quehacerpolitico.mx\/index.php?rest_route=%2Fwp%2Fv2%2Ftags&post=107277"}],"curies":[{"name":"wp","href":"https:\/\/api.w.org\/{rel}","templated":true}]}}