{"id":107274,"date":"2023-12-27T19:16:55","date_gmt":"2023-12-27T19:16:55","guid":{"rendered":"https:\/\/quehacerpolitico.mx\/?p=107274"},"modified":"2023-12-27T19:16:59","modified_gmt":"2023-12-27T19:16:59","slug":"internacionales-carolina-alonso-romei-el-ejercito-de-israel-mata-a-al-menos-seis-palestinos-en-redadas-en-cisjordania","status":"publish","type":"post","link":"https:\/\/quehacerpolitico.mx\/?p=107274","title":{"rendered":"Internacionales\/\/\/Carolina Alonso Romei\/\/\/El Ej\u00e9rcito de Israel mata a al menos seis palestinos en redadas en Cisjordania"},"content":{"rendered":"\n<p>Por Carolina Alonso Romei<\/p>\n\n\n\n<p>Internacionalista<\/p>\n\n\n\n<p>Militares se enfrentan a j\u00f3venes tras\u00a0viviendas y tierras agr\u00edcolas al norte de la zona ocupada<\/p>\n\n\n\n<p><strong>Al menos seis palestinos murieron y otro m\u00e1s result\u00f3 gravemente herido por fuego israel\u00ed durante enfrentamientos que estallaron la madrugada de este mi\u00e9rcoles a ra\u00edz de redadas militares en el norte de Cisjordania ocupada,<\/strong>informaron fuentes oficiales palestinas, en medio de la peor ola de violencia en la zona desde la Segunda Intifada (2000-05).<\/p>\n\n\n\n<p>&#8220;Seis muertos baleados por la ocupaci\u00f3n llegaron al hospital gubernamental Tabet en Tulkarem, adem\u00e1s de un herido grave&#8221;, indic\u00f3 el Ministerio de Sanidad de la Autoridad Nacional Palestina.<\/p>\n\n\n\n<figure class=\"wp-block-embed is-type-video is-provider-youtube wp-block-embed-youtube wp-embed-aspect-16-9 wp-has-aspect-ratio\"><div class=\"wp-block-embed__wrapper\">\n<iframe loading=\"lazy\" title=\"Al menos seis palestinos muertos en los \u00faltimos ataques israel\u00edes en Cisjordania\" width=\"640\" height=\"360\" src=\"https:\/\/www.youtube.com\/embed\/XnittmUVj3k?feature=oembed\" frameborder=\"0\" allow=\"accelerometer; autoplay; clipboard-write; encrypted-media; gyroscope; picture-in-picture; web-share\" referrerpolicy=\"strict-origin-when-cross-origin\" allowfullscreen><\/iframe>\n<\/div><\/figure>\n\n\n\n<p><strong>Durante la noche, &#8220;las fuerzas de ocupaci\u00f3n israel\u00edes irrumpieron en las ciudades de\u00a0Allar,\u00a0Atil,\u00a0Qafin\u00a0y\u00a0Sid\u00f3n\u00a0en la zona de\u00a0Sharawiyah, al norte de\u00a0Tulkarem&#8221;, donde registraron varias viviendas y tierras agr\u00edcolas<\/strong>, inform\u00f3 la agencia oficial de noticias palestina, Wafa.<\/p>\n\n\n\n<p><strong>A ra\u00edz de las operaciones militares, &#8220;estallaron enfrentamientos entre j\u00f3venes y las fuerzas de ocupaci\u00f3n, que dispararon municiones reales y bombas lacrim\u00f3genas&#8221;,\u00a0<\/strong>a\u00f1adi\u00f3.<\/p>\n\n\n\n<p>Los soldados israel\u00edes tambi\u00e9n arrestaron a al menos un palestino que hab\u00eda sido liberado de prisi\u00f3n en Artah, al sur de Tulkarem.<\/p>\n\n\n\n<p>El Ej\u00e9rcito israel\u00ed no ha dado informaci\u00f3n al respecto.<\/p>\n\n\n\n<p>Por otro lado,\u00a0<strong>las tropas israel\u00edes realizaron redadas en otros puntos de Cisjordania, como en la aldea de Tayasir, al este de Tubas, donde allanaron y registraron una de las tiendas, as\u00ed como en las ciudades de Beit Umar y Surif, cerca de Hebr\u00f3n, en el sur cisjordano, donde registraron viviendas, interrogaron a los habitantes y efectuaron varias detenciones.<\/strong><\/p>\n\n\n\n<p>Cisjordania e Israel viven su a\u00f1o m\u00e1s violento desde hace dos d\u00e9cadas y&nbsp;<strong>en lo que va de 2023 han muerto 519 palestinos en hechos violentos, la mayor\u00eda milicianos en enfrentamientos armados con tropas israel\u00edes y atacantes, pero tambi\u00e9n civiles, incluidos m\u00e1s de 111 menores<\/strong>.<\/p>\n\n\n\n<p>De esa cifra, 312 palestinos, al menos 74 menores, murieron desde el 7 de octubre, al recrudecerse las agresiones en la zona por la guerra entre Israel y el grupo islamista Ham\u00e1s en la Franja de Gaza.<\/p>\n\n\n\n<p>En paralelo, el \u00e1rea ha visto la proliferaci\u00f3n de\u00a0<strong>nuevos grupos armados palestinos, que junto con ataques individuales han dejado 41 muertos del lado israel\u00ed, la mayor\u00eda colonos, cinco de ellos menores, y siete uniformados<\/strong>.<\/p>\n\n\n\n<p>Con informaci\u00f3n de EFE<\/p>\n","protected":false},"excerpt":{"rendered":"<p>Por Carolina Alonso Romei Internacionalista Militares se enfrentan a j\u00f3venes tras\u00a0viviendas y tierras agr\u00edcolas al&#8230;<\/p>\n","protected":false},"author":2,"featured_media":107275,"comment_status":"open","ping_status":"open","sticky":false,"template":"","format":"standard","meta":{"_monsterinsights_skip_tracking":false,"_monsterinsights_sitenote_active":false,"_monsterinsights_sitenote_note":"","_monsterinsights_sitenote_category":0,"footnotes":""},"categories":[1],"tags":[],"class_list":["post-107274","post","type-post","status-publish","format-standard","has-post-thumbnail","hentry","category-sin-categoria"],"yoast_head":"<!-- This site is optimized with the Yoast SEO plugin v27.3 - https:\/\/yoast.com\/product\/yoast-seo-wordpress\/ -->\n<title>Internacionales\/\/\/Carolina Alonso Romei\/\/\/El Ej\u00e9rcito de Israel mata a al menos seis palestinos en redadas en Cisjordania -<\/title>\n<meta name=\"robots\" content=\"index, follow, max-snippet:-1, max-image-preview:large, max-video-preview:-1\" \/>\n<link rel=\"canonical\" href=\"https:\/\/quehacerpolitico.mx\/?p=107274\" \/>\n<meta property=\"og:locale\" content=\"es_MX\" \/>\n<meta property=\"og:type\" content=\"article\" \/>\n<meta property=\"og:title\" content=\"Internacionales\/\/\/Carolina Alonso Romei\/\/\/El Ej\u00e9rcito de Israel mata a al menos seis palestinos en redadas en Cisjordania -\" \/>\n<meta property=\"og:description\" content=\"Por Carolina Alonso Romei Internacionalista Militares se enfrentan a j\u00f3venes tras\u00a0viviendas y tierras agr\u00edcolas al...\" \/>\n<meta property=\"og:url\" content=\"https:\/\/quehacerpolitico.mx\/?p=107274\" \/>\n<meta property=\"article:published_time\" content=\"2023-12-27T19:16:55+00:00\" \/>\n<meta property=\"article:modified_time\" content=\"2023-12-27T19:16:59+00:00\" \/>\n<meta property=\"og:image\" content=\"https:\/\/quehacerpolitico.mx\/wp-content\/uploads\/2023\/12\/IMG_2889.jpeg\" \/>\n\t<meta property=\"og:image:width\" content=\"1284\" \/>\n\t<meta property=\"og:image:height\" content=\"646\" \/>\n\t<meta property=\"og:image:type\" content=\"image\/jpeg\" \/>\n<meta name=\"author\" content=\"Redacci\u00f3n QP\" \/>\n<meta name=\"twitter:card\" content=\"summary_large_image\" \/>\n<meta name=\"twitter:label1\" content=\"Escrito por\" \/>\n\t<meta name=\"twitter:data1\" content=\"Redacci\u00f3n QP\" \/>\n\t<meta name=\"twitter:label2\" content=\"Tiempo de lectura\" \/>\n\t<meta name=\"twitter:data2\" content=\"2 minutos\" \/>\n<script type=\"application\/ld+json\" class=\"yoast-schema-graph\">{\"@context\":\"https:\\\/\\\/schema.org\",\"@graph\":[{\"@type\":\"Article\",\"@id\":\"https:\\\/\\\/quehacerpolitico.mx\\\/?p=107274#article\",\"isPartOf\":{\"@id\":\"https:\\\/\\\/quehacerpolitico.mx\\\/?p=107274\"},\"author\":{\"name\":\"Redacci\u00f3n QP\",\"@id\":\"https:\\\/\\\/quehacerpolitico.mx\\\/#\\\/schema\\\/person\\\/496d8ad2d1d3f8036101dca7ee39e585\"},\"headline\":\"Internacionales\\\/\\\/\\\/Carolina Alonso Romei\\\/\\\/\\\/El Ej\u00e9rcito de Israel mata a al menos seis palestinos en redadas en Cisjordania\",\"datePublished\":\"2023-12-27T19:16:55+00:00\",\"dateModified\":\"2023-12-27T19:16:59+00:00\",\"mainEntityOfPage\":{\"@id\":\"https:\\\/\\\/quehacerpolitico.mx\\\/?p=107274\"},\"wordCount\":435,\"commentCount\":0,\"image\":{\"@id\":\"https:\\\/\\\/quehacerpolitico.mx\\\/?p=107274#primaryimage\"},\"thumbnailUrl\":\"https:\\\/\\\/quehacerpolitico.mx\\\/wp-content\\\/uploads\\\/2023\\\/12\\\/IMG_2889.jpeg\",\"articleSection\":[\"Internacionales\"],\"inLanguage\":\"es\",\"potentialAction\":[{\"@type\":\"CommentAction\",\"name\":\"Comment\",\"target\":[\"https:\\\/\\\/quehacerpolitico.mx\\\/?p=107274#respond\"]}]},{\"@type\":\"WebPage\",\"@id\":\"https:\\\/\\\/quehacerpolitico.mx\\\/?p=107274\",\"url\":\"https:\\\/\\\/quehacerpolitico.mx\\\/?p=107274\",\"name\":\"Internacionales\\\/\\\/\\\/Carolina Alonso Romei\\\/\\\/\\\/El Ej\u00e9rcito de Israel mata a al menos seis palestinos en redadas en Cisjordania -\",\"isPartOf\":{\"@id\":\"https:\\\/\\\/quehacerpolitico.mx\\\/#website\"},\"primaryImageOfPage\":{\"@id\":\"https:\\\/\\\/quehacerpolitico.mx\\\/?p=107274#primaryimage\"},\"image\":{\"@id\":\"https:\\\/\\\/quehacerpolitico.mx\\\/?p=107274#primaryimage\"},\"thumbnailUrl\":\"https:\\\/\\\/quehacerpolitico.mx\\\/wp-content\\\/uploads\\\/2023\\\/12\\\/IMG_2889.jpeg\",\"datePublished\":\"2023-12-27T19:16:55+00:00\",\"dateModified\":\"2023-12-27T19:16:59+00:00\",\"author\":{\"@id\":\"https:\\\/\\\/quehacerpolitico.mx\\\/#\\\/schema\\\/person\\\/496d8ad2d1d3f8036101dca7ee39e585\"},\"breadcrumb\":{\"@id\":\"https:\\\/\\\/quehacerpolitico.mx\\\/?p=107274#breadcrumb\"},\"inLanguage\":\"es\",\"potentialAction\":[{\"@type\":\"ReadAction\",\"target\":[\"https:\\\/\\\/quehacerpolitico.mx\\\/?p=107274\"]}]},{\"@type\":\"ImageObject\",\"inLanguage\":\"es\",\"@id\":\"https:\\\/\\\/quehacerpolitico.mx\\\/?p=107274#primaryimage\",\"url\":\"https:\\\/\\\/quehacerpolitico.mx\\\/wp-content\\\/uploads\\\/2023\\\/12\\\/IMG_2889.jpeg\",\"contentUrl\":\"https:\\\/\\\/quehacerpolitico.mx\\\/wp-content\\\/uploads\\\/2023\\\/12\\\/IMG_2889.jpeg\",\"width\":1284,\"height\":646},{\"@type\":\"BreadcrumbList\",\"@id\":\"https:\\\/\\\/quehacerpolitico.mx\\\/?p=107274#breadcrumb\",\"itemListElement\":[{\"@type\":\"ListItem\",\"position\":1,\"name\":\"Inicio\",\"item\":\"https:\\\/\\\/quehacerpolitico.mx\\\/\"},{\"@type\":\"ListItem\",\"position\":2,\"name\":\"Internacionales\\\/\\\/\\\/Carolina Alonso Romei\\\/\\\/\\\/El Ej\u00e9rcito de Israel mata a al menos seis palestinos en redadas en Cisjordania\"}]},{\"@type\":\"WebSite\",\"@id\":\"https:\\\/\\\/quehacerpolitico.mx\\\/#website\",\"url\":\"https:\\\/\\\/quehacerpolitico.mx\\\/\",\"name\":\"\",\"description\":\"\",\"potentialAction\":[{\"@type\":\"SearchAction\",\"target\":{\"@type\":\"EntryPoint\",\"urlTemplate\":\"https:\\\/\\\/quehacerpolitico.mx\\\/?s={search_term_string}\"},\"query-input\":{\"@type\":\"PropertyValueSpecification\",\"valueRequired\":true,\"valueName\":\"search_term_string\"}}],\"inLanguage\":\"es\"},{\"@type\":\"Person\",\"@id\":\"https:\\\/\\\/quehacerpolitico.mx\\\/#\\\/schema\\\/person\\\/496d8ad2d1d3f8036101dca7ee39e585\",\"name\":\"Redacci\u00f3n QP\",\"image\":{\"@type\":\"ImageObject\",\"inLanguage\":\"es\",\"@id\":\"https:\\\/\\\/secure.gravatar.com\\\/avatar\\\/c7164ed6fdec453195284ad24a5ae5b6e1eed2b848477fa2a4787ba9adf39a41?s=96&d=mm&r=g\",\"url\":\"https:\\\/\\\/secure.gravatar.com\\\/avatar\\\/c7164ed6fdec453195284ad24a5ae5b6e1eed2b848477fa2a4787ba9adf39a41?s=96&d=mm&r=g\",\"contentUrl\":\"https:\\\/\\\/secure.gravatar.com\\\/avatar\\\/c7164ed6fdec453195284ad24a5ae5b6e1eed2b848477fa2a4787ba9adf39a41?s=96&d=mm&r=g\",\"caption\":\"Redacci\u00f3n QP\"},\"url\":\"https:\\\/\\\/quehacerpolitico.mx\\\/?author=2\"}]}<\/script>\n<!-- \/ Yoast SEO plugin. -->","yoast_head_json":{"title":"Internacionales\/\/\/Carolina Alonso Romei\/\/\/El Ej\u00e9rcito de Israel mata a al menos seis palestinos en redadas en Cisjordania -","robots":{"index":"index","follow":"follow","max-snippet":"max-snippet:-1","max-image-preview":"max-image-preview:large","max-video-preview":"max-video-preview:-1"},"canonical":"https:\/\/quehacerpolitico.mx\/?p=107274","og_locale":"es_MX","og_type":"article","og_title":"Internacionales\/\/\/Carolina Alonso Romei\/\/\/El Ej\u00e9rcito de Israel mata a al menos seis palestinos en redadas en Cisjordania -","og_description":"Por Carolina Alonso Romei Internacionalista Militares se enfrentan a j\u00f3venes tras\u00a0viviendas y tierras agr\u00edcolas al...","og_url":"https:\/\/quehacerpolitico.mx\/?p=107274","article_published_time":"2023-12-27T19:16:55+00:00","article_modified_time":"2023-12-27T19:16:59+00:00","og_image":[{"width":1284,"height":646,"url":"https:\/\/quehacerpolitico.mx\/wp-content\/uploads\/2023\/12\/IMG_2889.jpeg","type":"image\/jpeg"}],"author":"Redacci\u00f3n QP","twitter_card":"summary_large_image","twitter_misc":{"Escrito por":"Redacci\u00f3n QP","Tiempo de lectura":"2 minutos"},"schema":{"@context":"https:\/\/schema.org","@graph":[{"@type":"Article","@id":"https:\/\/quehacerpolitico.mx\/?p=107274#article","isPartOf":{"@id":"https:\/\/quehacerpolitico.mx\/?p=107274"},"author":{"name":"Redacci\u00f3n QP","@id":"https:\/\/quehacerpolitico.mx\/#\/schema\/person\/496d8ad2d1d3f8036101dca7ee39e585"},"headline":"Internacionales\/\/\/Carolina Alonso Romei\/\/\/El Ej\u00e9rcito de Israel mata a al menos seis palestinos en redadas en Cisjordania","datePublished":"2023-12-27T19:16:55+00:00","dateModified":"2023-12-27T19:16:59+00:00","mainEntityOfPage":{"@id":"https:\/\/quehacerpolitico.mx\/?p=107274"},"wordCount":435,"commentCount":0,"image":{"@id":"https:\/\/quehacerpolitico.mx\/?p=107274#primaryimage"},"thumbnailUrl":"https:\/\/quehacerpolitico.mx\/wp-content\/uploads\/2023\/12\/IMG_2889.jpeg","articleSection":["Internacionales"],"inLanguage":"es","potentialAction":[{"@type":"CommentAction","name":"Comment","target":["https:\/\/quehacerpolitico.mx\/?p=107274#respond"]}]},{"@type":"WebPage","@id":"https:\/\/quehacerpolitico.mx\/?p=107274","url":"https:\/\/quehacerpolitico.mx\/?p=107274","name":"Internacionales\/\/\/Carolina Alonso Romei\/\/\/El Ej\u00e9rcito de Israel mata a al menos seis palestinos en redadas en Cisjordania -","isPartOf":{"@id":"https:\/\/quehacerpolitico.mx\/#website"},"primaryImageOfPage":{"@id":"https:\/\/quehacerpolitico.mx\/?p=107274#primaryimage"},"image":{"@id":"https:\/\/quehacerpolitico.mx\/?p=107274#primaryimage"},"thumbnailUrl":"https:\/\/quehacerpolitico.mx\/wp-content\/uploads\/2023\/12\/IMG_2889.jpeg","datePublished":"2023-12-27T19:16:55+00:00","dateModified":"2023-12-27T19:16:59+00:00","author":{"@id":"https:\/\/quehacerpolitico.mx\/#\/schema\/person\/496d8ad2d1d3f8036101dca7ee39e585"},"breadcrumb":{"@id":"https:\/\/quehacerpolitico.mx\/?p=107274#breadcrumb"},"inLanguage":"es","potentialAction":[{"@type":"ReadAction","target":["https:\/\/quehacerpolitico.mx\/?p=107274"]}]},{"@type":"ImageObject","inLanguage":"es","@id":"https:\/\/quehacerpolitico.mx\/?p=107274#primaryimage","url":"https:\/\/quehacerpolitico.mx\/wp-content\/uploads\/2023\/12\/IMG_2889.jpeg","contentUrl":"https:\/\/quehacerpolitico.mx\/wp-content\/uploads\/2023\/12\/IMG_2889.jpeg","width":1284,"height":646},{"@type":"BreadcrumbList","@id":"https:\/\/quehacerpolitico.mx\/?p=107274#breadcrumb","itemListElement":[{"@type":"ListItem","position":1,"name":"Inicio","item":"https:\/\/quehacerpolitico.mx\/"},{"@type":"ListItem","position":2,"name":"Internacionales\/\/\/Carolina Alonso Romei\/\/\/El Ej\u00e9rcito de Israel mata a al menos seis palestinos en redadas en Cisjordania"}]},{"@type":"WebSite","@id":"https:\/\/quehacerpolitico.mx\/#website","url":"https:\/\/quehacerpolitico.mx\/","name":"","description":"","potentialAction":[{"@type":"SearchAction","target":{"@type":"EntryPoint","urlTemplate":"https:\/\/quehacerpolitico.mx\/?s={search_term_string}"},"query-input":{"@type":"PropertyValueSpecification","valueRequired":true,"valueName":"search_term_string"}}],"inLanguage":"es"},{"@type":"Person","@id":"https:\/\/quehacerpolitico.mx\/#\/schema\/person\/496d8ad2d1d3f8036101dca7ee39e585","name":"Redacci\u00f3n QP","image":{"@type":"ImageObject","inLanguage":"es","@id":"https:\/\/secure.gravatar.com\/avatar\/c7164ed6fdec453195284ad24a5ae5b6e1eed2b848477fa2a4787ba9adf39a41?s=96&d=mm&r=g","url":"https:\/\/secure.gravatar.com\/avatar\/c7164ed6fdec453195284ad24a5ae5b6e1eed2b848477fa2a4787ba9adf39a41?s=96&d=mm&r=g","contentUrl":"https:\/\/secure.gravatar.com\/avatar\/c7164ed6fdec453195284ad24a5ae5b6e1eed2b848477fa2a4787ba9adf39a41?s=96&d=mm&r=g","caption":"Redacci\u00f3n QP"},"url":"https:\/\/quehacerpolitico.mx\/?author=2"}]}},"featured_image_urls":{"full":["https:\/\/quehacerpolitico.mx\/wp-content\/uploads\/2023\/12\/IMG_2889.jpeg",1284,646,false],"thumbnail":["https:\/\/quehacerpolitico.mx\/wp-content\/uploads\/2023\/12\/IMG_2889-150x150.jpeg",150,150,true],"medium":["https:\/\/quehacerpolitico.mx\/wp-content\/uploads\/2023\/12\/IMG_2889-300x151.jpeg",300,151,true],"medium_large":["https:\/\/quehacerpolitico.mx\/wp-content\/uploads\/2023\/12\/IMG_2889-768x386.jpeg",640,322,true],"large":["https:\/\/quehacerpolitico.mx\/wp-content\/uploads\/2023\/12\/IMG_2889-1024x515.jpeg",640,322,true],"1536x1536":["https:\/\/quehacerpolitico.mx\/wp-content\/uploads\/2023\/12\/IMG_2889.jpeg",1284,646,false],"2048x2048":["https:\/\/quehacerpolitico.mx\/wp-content\/uploads\/2023\/12\/IMG_2889.jpeg",1284,646,false],"covernews-featured":["https:\/\/quehacerpolitico.mx\/wp-content\/uploads\/2023\/12\/IMG_2889.jpeg",1024,515,false],"covernews-medium":["https:\/\/quehacerpolitico.mx\/wp-content\/uploads\/2023\/12\/IMG_2889.jpeg",540,272,false]},"author_info":{"display_name":"Redacci\u00f3n QP","author_link":"https:\/\/quehacerpolitico.mx\/?author=2"},"category_info":"<a href=\"https:\/\/quehacerpolitico.mx\/?cat=1\" rel=\"category\">Internacionales<\/a>","tag_info":"Internacionales","comment_count":"0","_links":{"self":[{"href":"https:\/\/quehacerpolitico.mx\/index.php?rest_route=\/wp\/v2\/posts\/107274","targetHints":{"allow":["GET"]}}],"collection":[{"href":"https:\/\/quehacerpolitico.mx\/index.php?rest_route=\/wp\/v2\/posts"}],"about":[{"href":"https:\/\/quehacerpolitico.mx\/index.php?rest_route=\/wp\/v2\/types\/post"}],"author":[{"embeddable":true,"href":"https:\/\/quehacerpolitico.mx\/index.php?rest_route=\/wp\/v2\/users\/2"}],"replies":[{"embeddable":true,"href":"https:\/\/quehacerpolitico.mx\/index.php?rest_route=%2Fwp%2Fv2%2Fcomments&post=107274"}],"version-history":[{"count":1,"href":"https:\/\/quehacerpolitico.mx\/index.php?rest_route=\/wp\/v2\/posts\/107274\/revisions"}],"predecessor-version":[{"id":107276,"href":"https:\/\/quehacerpolitico.mx\/index.php?rest_route=\/wp\/v2\/posts\/107274\/revisions\/107276"}],"wp:featuredmedia":[{"embeddable":true,"href":"https:\/\/quehacerpolitico.mx\/index.php?rest_route=\/wp\/v2\/media\/107275"}],"wp:attachment":[{"href":"https:\/\/quehacerpolitico.mx\/index.php?rest_route=%2Fwp%2Fv2%2Fmedia&parent=107274"}],"wp:term":[{"taxonomy":"category","embeddable":true,"href":"https:\/\/quehacerpolitico.mx\/index.php?rest_route=%2Fwp%2Fv2%2Fcategories&post=107274"},{"taxonomy":"post_tag","embeddable":true,"href":"https:\/\/quehacerpolitico.mx\/index.php?rest_route=%2Fwp%2Fv2%2Ftags&post=107274"}],"curies":[{"name":"wp","href":"https:\/\/api.w.org\/{rel}","templated":true}]}}