{"id":107271,"date":"2023-12-27T18:34:11","date_gmt":"2023-12-27T18:34:11","guid":{"rendered":"https:\/\/quehacerpolitico.mx\/?p=107271"},"modified":"2023-12-27T18:34:13","modified_gmt":"2023-12-27T18:34:13","slug":"basicamente-es-el-tema-migratorio-de-eso-se-hablara-hoy-en-la-reunion-en-palacio-nacional-entre-mexico-y-una-comitiva-de-alto-nivel-de-eu","status":"publish","type":"post","link":"https:\/\/quehacerpolitico.mx\/?p=107271","title":{"rendered":"&#8220;B\u00e1sicamente es el tema migratorio&#8221; De eso se hablar\u00e1 hoy en la reuni\u00f3n en Palacio Nacional entre Mexico y una comitiva de alto nivel de EU"},"content":{"rendered":"\n<p>Por Redacci\u00f3n QP<\/p>\n\n\n\n<p>L\u00f3pez Obrador descart\u00f3 que Antony Blinken, le pida en su reuni\u00f3n endurecer los controles migratorios en la frontera<\/p>\n\n\n\n<p>El presidente mexicano,&nbsp;<strong>Andr\u00e9s Manuel L\u00f3pez Obrador<\/strong>, descart\u00f3 que el secretario de Estado de Estados Unidos,&nbsp;<strong>Antony Blinken<\/strong>, le pida en su reuni\u00f3n endurecer los controles migratorios en la frontera com\u00fan ante el repunte del&nbsp;<strong>flujo migratorio<\/strong>&nbsp;en la regi\u00f3n.<\/p>\n\n\n\n<p>\u201cNo (pedir\u00e1n endurecer los controles migratorios) porque ellos (el Gobierno de Joe Biden) saben muy bien cu\u00e1les son nuestras propuestas, siempre hemos hablado de que hay que atender las\u00a0<strong>causas<\/strong>, que lo ideal es que se ayude a pa\u00edses pobres\u201d, respondi\u00f3 el mandatario a pregunta expresa en su rueda de prensa matutina.<\/p>\n\n\n\n<figure class=\"wp-block-embed is-type-rich is-provider-twitter wp-block-embed-twitter\"><div class=\"wp-block-embed__wrapper\">\n<blockquote class=\"twitter-tweet\" data-width=\"550\" data-dnt=\"true\"><p lang=\"es\" dir=\"ltr\">&quot;B\u00e1sicamente es el tema migratorio&quot;<br><br>De eso se hablar\u00e1 hoy en la reuni\u00f3n en Palacio Nacional entre AMLO \ud83c\uddf2\ud83c\uddfd y una comitiva de alto nivel de EU \ud83c\uddfa\ud83c\uddf8 <a href=\"https:\/\/t.co\/NKcFhvKONy\">pic.twitter.com\/NKcFhvKONy<\/a><\/p>&mdash; Manuel Lopez San Martin (@MLopezSanMartin) <a href=\"https:\/\/twitter.com\/MLopezSanMartin\/status\/1740050567123087429?ref_src=twsrc%5Etfw\">December 27, 2023<\/a><\/blockquote><script async src=\"https:\/\/platform.twitter.com\/widgets.js\" charset=\"utf-8\"><\/script>\n<\/div><\/figure>\n\n\n\n<p>Este mi\u00e9rcoles llega a M\u00e9xico la delegaci\u00f3n estadounidense liderada por\u00a0<strong>Blinken<\/strong>, que se reunir\u00e1 con la secretaria de Relaciones Exteriores, Alicia B\u00e1rcena, y con L\u00f3pez Obrador para abordar el repunte del flujo migratorio, que llev\u00f3 a Estados Unidos a cerrar puertos fronterizos durante algunos d\u00edas este mes.<\/p>\n\n\n\n<p>En su conferencia diaria, L\u00f3pez Obrador mostr\u00f3 voluntad de acuerdo con la Administraci\u00f3n de&nbsp;<strong>Biden<\/strong>&nbsp;y destac\u00f3 la \u201cayuda\u201d que M\u00e9xico est\u00e1 brindando a su vecino norte\u00f1o en materia migratoria.<\/p>\n\n\n\n<p>Pese a reportes de la prensa internacional, que se\u00f1alan que la delegaci\u00f3n estadounidense reclamar\u00e1 un mayor control migratorio, rechaz\u00f3 la idea de que&nbsp;<strong>Blinken<\/strong>&nbsp;le propusiera un endurecimiento de las medidas y recomend\u00f3 a Estados Unidos una forma distinta de actuar.<\/p>\n\n\n\n<p>\u201cEsto es lo que deber\u00eda estar proponiendo el\u00a0<strong>Congreso<\/strong>\u00a0(de Estados Unidos), con todo el respeto: c\u00f3mo autorizar recursos para la cooperaci\u00f3n y el apoyo de pueblos pobres de\u00a0<strong>Am\u00e9rica Latina<\/strong>\u00a0y del\u00a0<strong>Caribe<\/strong>\u00a0en vez de estar ah\u00ed poniendo las barreras, las alambradas en el r\u00edo (Bravo o Grande) o pensando en construir muros\u201d, opin\u00f3.<\/p>\n\n\n\n<figure class=\"wp-block-embed is-type-video is-provider-youtube wp-block-embed-youtube wp-embed-aspect-16-9 wp-has-aspect-ratio\"><div class=\"wp-block-embed__wrapper\">\n<iframe loading=\"lazy\" title=\"AMLO insta a Estados Unidos a brindar apoyo a America Latina\" width=\"640\" height=\"360\" src=\"https:\/\/www.youtube.com\/embed\/fufeJZBej00?feature=oembed\" frameborder=\"0\" allow=\"accelerometer; autoplay; clipboard-write; encrypted-media; gyroscope; picture-in-picture; web-share\" referrerpolicy=\"strict-origin-when-cross-origin\" allowfullscreen><\/iframe>\n<\/div><\/figure>\n\n\n\n<p>A\u00fan as\u00ed, valor\u00f3 positivamente la pol\u00edtica migratoria de\u00a0<strong>Biden<\/strong> porque \u201cda la posibilidad a muchos de lograr una visa de trabajo\u201d, cosa que no se daba antes, aunque acept\u00f3 que \u201chay l\u00edmites\u201d.<\/p>\n\n\n\n<p>\u201cLo que se tiene que buscar es que la gente pueda tener trabajo,&nbsp;<strong>ingresos,<\/strong>&nbsp;ser feliz en d\u00f3nde naci\u00f3. Esto es lo ideal, no la contenci\u00f3n\u201d, asever\u00f3.<\/p>\n\n\n\n<p>L\u00f3pez Obrador asegur\u00f3 que M\u00e9xico ya est\u00e1 \u201cdestinando recursos a apoyar a&nbsp;<strong>hermanos<\/strong>&nbsp;<strong>centroamericanos<\/strong>\u201c, puesto que es \u201cm\u00e1s eficaz y humano\u201d invertir en el desarrollo de los pa\u00edses m\u00e1s desfavorecidos.<\/p>\n\n\n\n<p>Adem\u00e1s, se\u00f1al\u00f3 que, \u201ccuando hay&nbsp;<strong>crisis<\/strong>&nbsp;<strong>econ\u00f3mica<\/strong>&nbsp;o pol\u00edtica\u201d, el flujo migratorio crece, por lo que subray\u00f3 la importancia de \u201catender\u201d las causas que las provocan.<\/p>\n\n\n\n<p>Finalmente, avis\u00f3 de que, en periodo&nbsp;<strong>electoral<\/strong>, como el que vivir\u00e1n tanto&nbsp;<strong>M\u00e9xico<\/strong>&nbsp;como&nbsp;<strong>Estados Unidos<\/strong>&nbsp;en 2024, \u201cse utilizan estos temas\u201d con fines partidistas y se mostr\u00f3 comprometido a evitar que \u201cse ponga en riesgo a la gente\u201d.<\/p>\n\n\n\n<p>Con informaci\u00f3n de EFE<\/p>\n","protected":false},"excerpt":{"rendered":"<p>Por Redacci\u00f3n QP L\u00f3pez Obrador descart\u00f3 que Antony Blinken, le pida en su reuni\u00f3n endurecer&#8230;<\/p>\n","protected":false},"author":2,"featured_media":107272,"comment_status":"open","ping_status":"open","sticky":false,"template":"","format":"standard","meta":{"_monsterinsights_skip_tracking":false,"_monsterinsights_sitenote_active":false,"_monsterinsights_sitenote_note":"","_monsterinsights_sitenote_category":0,"footnotes":""},"categories":[2],"tags":[],"class_list":["post-107271","post","type-post","status-publish","format-standard","has-post-thumbnail","hentry","category-noticias"],"yoast_head":"<!-- This site is optimized with the Yoast SEO plugin v27.3 - https:\/\/yoast.com\/product\/yoast-seo-wordpress\/ -->\n<title>&quot;B\u00e1sicamente es el tema migratorio&quot; De eso se hablar\u00e1 hoy en la reuni\u00f3n en Palacio Nacional entre Mexico y una comitiva de alto nivel de EU -<\/title>\n<meta name=\"robots\" content=\"index, follow, max-snippet:-1, max-image-preview:large, max-video-preview:-1\" \/>\n<link rel=\"canonical\" href=\"https:\/\/quehacerpolitico.mx\/?p=107271\" \/>\n<meta property=\"og:locale\" content=\"es_MX\" \/>\n<meta property=\"og:type\" content=\"article\" \/>\n<meta property=\"og:title\" content=\"&quot;B\u00e1sicamente es el tema migratorio&quot; De eso se hablar\u00e1 hoy en la reuni\u00f3n en Palacio Nacional entre Mexico y una comitiva de alto nivel de EU -\" \/>\n<meta property=\"og:description\" content=\"Por Redacci\u00f3n QP L\u00f3pez Obrador descart\u00f3 que Antony Blinken, le pida en su reuni\u00f3n endurecer...\" \/>\n<meta property=\"og:url\" content=\"https:\/\/quehacerpolitico.mx\/?p=107271\" \/>\n<meta property=\"article:published_time\" content=\"2023-12-27T18:34:11+00:00\" \/>\n<meta property=\"article:modified_time\" content=\"2023-12-27T18:34:13+00:00\" \/>\n<meta property=\"og:image\" content=\"https:\/\/quehacerpolitico.mx\/wp-content\/uploads\/2023\/12\/IMG_2885.jpeg\" \/>\n\t<meta property=\"og:image:width\" content=\"1284\" \/>\n\t<meta property=\"og:image:height\" content=\"692\" \/>\n\t<meta property=\"og:image:type\" content=\"image\/jpeg\" \/>\n<meta name=\"author\" content=\"Redacci\u00f3n QP\" \/>\n<meta name=\"twitter:card\" content=\"summary_large_image\" \/>\n<meta name=\"twitter:label1\" content=\"Escrito por\" \/>\n\t<meta name=\"twitter:data1\" content=\"Redacci\u00f3n QP\" \/>\n\t<meta name=\"twitter:label2\" content=\"Tiempo de lectura\" \/>\n\t<meta name=\"twitter:data2\" content=\"3 minutos\" \/>\n<script type=\"application\/ld+json\" class=\"yoast-schema-graph\">{\"@context\":\"https:\\\/\\\/schema.org\",\"@graph\":[{\"@type\":\"Article\",\"@id\":\"https:\\\/\\\/quehacerpolitico.mx\\\/?p=107271#article\",\"isPartOf\":{\"@id\":\"https:\\\/\\\/quehacerpolitico.mx\\\/?p=107271\"},\"author\":{\"name\":\"Redacci\u00f3n QP\",\"@id\":\"https:\\\/\\\/quehacerpolitico.mx\\\/#\\\/schema\\\/person\\\/496d8ad2d1d3f8036101dca7ee39e585\"},\"headline\":\"&#8220;B\u00e1sicamente es el tema migratorio&#8221; De eso se hablar\u00e1 hoy en la reuni\u00f3n en Palacio Nacional entre Mexico y una comitiva de alto nivel de EU\",\"datePublished\":\"2023-12-27T18:34:11+00:00\",\"dateModified\":\"2023-12-27T18:34:13+00:00\",\"mainEntityOfPage\":{\"@id\":\"https:\\\/\\\/quehacerpolitico.mx\\\/?p=107271\"},\"wordCount\":558,\"commentCount\":0,\"image\":{\"@id\":\"https:\\\/\\\/quehacerpolitico.mx\\\/?p=107271#primaryimage\"},\"thumbnailUrl\":\"https:\\\/\\\/quehacerpolitico.mx\\\/wp-content\\\/uploads\\\/2023\\\/12\\\/IMG_2885.jpeg\",\"articleSection\":[\"Noticias\"],\"inLanguage\":\"es\",\"potentialAction\":[{\"@type\":\"CommentAction\",\"name\":\"Comment\",\"target\":[\"https:\\\/\\\/quehacerpolitico.mx\\\/?p=107271#respond\"]}]},{\"@type\":\"WebPage\",\"@id\":\"https:\\\/\\\/quehacerpolitico.mx\\\/?p=107271\",\"url\":\"https:\\\/\\\/quehacerpolitico.mx\\\/?p=107271\",\"name\":\"\\\"B\u00e1sicamente es el tema migratorio\\\" De eso se hablar\u00e1 hoy en la reuni\u00f3n en Palacio Nacional entre Mexico y una comitiva de alto nivel de EU -\",\"isPartOf\":{\"@id\":\"https:\\\/\\\/quehacerpolitico.mx\\\/#website\"},\"primaryImageOfPage\":{\"@id\":\"https:\\\/\\\/quehacerpolitico.mx\\\/?p=107271#primaryimage\"},\"image\":{\"@id\":\"https:\\\/\\\/quehacerpolitico.mx\\\/?p=107271#primaryimage\"},\"thumbnailUrl\":\"https:\\\/\\\/quehacerpolitico.mx\\\/wp-content\\\/uploads\\\/2023\\\/12\\\/IMG_2885.jpeg\",\"datePublished\":\"2023-12-27T18:34:11+00:00\",\"dateModified\":\"2023-12-27T18:34:13+00:00\",\"author\":{\"@id\":\"https:\\\/\\\/quehacerpolitico.mx\\\/#\\\/schema\\\/person\\\/496d8ad2d1d3f8036101dca7ee39e585\"},\"breadcrumb\":{\"@id\":\"https:\\\/\\\/quehacerpolitico.mx\\\/?p=107271#breadcrumb\"},\"inLanguage\":\"es\",\"potentialAction\":[{\"@type\":\"ReadAction\",\"target\":[\"https:\\\/\\\/quehacerpolitico.mx\\\/?p=107271\"]}]},{\"@type\":\"ImageObject\",\"inLanguage\":\"es\",\"@id\":\"https:\\\/\\\/quehacerpolitico.mx\\\/?p=107271#primaryimage\",\"url\":\"https:\\\/\\\/quehacerpolitico.mx\\\/wp-content\\\/uploads\\\/2023\\\/12\\\/IMG_2885.jpeg\",\"contentUrl\":\"https:\\\/\\\/quehacerpolitico.mx\\\/wp-content\\\/uploads\\\/2023\\\/12\\\/IMG_2885.jpeg\",\"width\":1284,\"height\":692},{\"@type\":\"BreadcrumbList\",\"@id\":\"https:\\\/\\\/quehacerpolitico.mx\\\/?p=107271#breadcrumb\",\"itemListElement\":[{\"@type\":\"ListItem\",\"position\":1,\"name\":\"Inicio\",\"item\":\"https:\\\/\\\/quehacerpolitico.mx\\\/\"},{\"@type\":\"ListItem\",\"position\":2,\"name\":\"&#8220;B\u00e1sicamente es el tema migratorio&#8221; De eso se hablar\u00e1 hoy en la reuni\u00f3n en Palacio Nacional entre Mexico y una comitiva de alto nivel de EU\"}]},{\"@type\":\"WebSite\",\"@id\":\"https:\\\/\\\/quehacerpolitico.mx\\\/#website\",\"url\":\"https:\\\/\\\/quehacerpolitico.mx\\\/\",\"name\":\"\",\"description\":\"\",\"potentialAction\":[{\"@type\":\"SearchAction\",\"target\":{\"@type\":\"EntryPoint\",\"urlTemplate\":\"https:\\\/\\\/quehacerpolitico.mx\\\/?s={search_term_string}\"},\"query-input\":{\"@type\":\"PropertyValueSpecification\",\"valueRequired\":true,\"valueName\":\"search_term_string\"}}],\"inLanguage\":\"es\"},{\"@type\":\"Person\",\"@id\":\"https:\\\/\\\/quehacerpolitico.mx\\\/#\\\/schema\\\/person\\\/496d8ad2d1d3f8036101dca7ee39e585\",\"name\":\"Redacci\u00f3n QP\",\"image\":{\"@type\":\"ImageObject\",\"inLanguage\":\"es\",\"@id\":\"https:\\\/\\\/secure.gravatar.com\\\/avatar\\\/c7164ed6fdec453195284ad24a5ae5b6e1eed2b848477fa2a4787ba9adf39a41?s=96&d=mm&r=g\",\"url\":\"https:\\\/\\\/secure.gravatar.com\\\/avatar\\\/c7164ed6fdec453195284ad24a5ae5b6e1eed2b848477fa2a4787ba9adf39a41?s=96&d=mm&r=g\",\"contentUrl\":\"https:\\\/\\\/secure.gravatar.com\\\/avatar\\\/c7164ed6fdec453195284ad24a5ae5b6e1eed2b848477fa2a4787ba9adf39a41?s=96&d=mm&r=g\",\"caption\":\"Redacci\u00f3n QP\"},\"url\":\"https:\\\/\\\/quehacerpolitico.mx\\\/?author=2\"}]}<\/script>\n<!-- \/ Yoast SEO plugin. -->","yoast_head_json":{"title":"\"B\u00e1sicamente es el tema migratorio\" De eso se hablar\u00e1 hoy en la reuni\u00f3n en Palacio Nacional entre Mexico y una comitiva de alto nivel de EU -","robots":{"index":"index","follow":"follow","max-snippet":"max-snippet:-1","max-image-preview":"max-image-preview:large","max-video-preview":"max-video-preview:-1"},"canonical":"https:\/\/quehacerpolitico.mx\/?p=107271","og_locale":"es_MX","og_type":"article","og_title":"\"B\u00e1sicamente es el tema migratorio\" De eso se hablar\u00e1 hoy en la reuni\u00f3n en Palacio Nacional entre Mexico y una comitiva de alto nivel de EU -","og_description":"Por Redacci\u00f3n QP L\u00f3pez Obrador descart\u00f3 que Antony Blinken, le pida en su reuni\u00f3n endurecer...","og_url":"https:\/\/quehacerpolitico.mx\/?p=107271","article_published_time":"2023-12-27T18:34:11+00:00","article_modified_time":"2023-12-27T18:34:13+00:00","og_image":[{"width":1284,"height":692,"url":"https:\/\/quehacerpolitico.mx\/wp-content\/uploads\/2023\/12\/IMG_2885.jpeg","type":"image\/jpeg"}],"author":"Redacci\u00f3n QP","twitter_card":"summary_large_image","twitter_misc":{"Escrito por":"Redacci\u00f3n QP","Tiempo de lectura":"3 minutos"},"schema":{"@context":"https:\/\/schema.org","@graph":[{"@type":"Article","@id":"https:\/\/quehacerpolitico.mx\/?p=107271#article","isPartOf":{"@id":"https:\/\/quehacerpolitico.mx\/?p=107271"},"author":{"name":"Redacci\u00f3n QP","@id":"https:\/\/quehacerpolitico.mx\/#\/schema\/person\/496d8ad2d1d3f8036101dca7ee39e585"},"headline":"&#8220;B\u00e1sicamente es el tema migratorio&#8221; De eso se hablar\u00e1 hoy en la reuni\u00f3n en Palacio Nacional entre Mexico y una comitiva de alto nivel de EU","datePublished":"2023-12-27T18:34:11+00:00","dateModified":"2023-12-27T18:34:13+00:00","mainEntityOfPage":{"@id":"https:\/\/quehacerpolitico.mx\/?p=107271"},"wordCount":558,"commentCount":0,"image":{"@id":"https:\/\/quehacerpolitico.mx\/?p=107271#primaryimage"},"thumbnailUrl":"https:\/\/quehacerpolitico.mx\/wp-content\/uploads\/2023\/12\/IMG_2885.jpeg","articleSection":["Noticias"],"inLanguage":"es","potentialAction":[{"@type":"CommentAction","name":"Comment","target":["https:\/\/quehacerpolitico.mx\/?p=107271#respond"]}]},{"@type":"WebPage","@id":"https:\/\/quehacerpolitico.mx\/?p=107271","url":"https:\/\/quehacerpolitico.mx\/?p=107271","name":"\"B\u00e1sicamente es el tema migratorio\" De eso se hablar\u00e1 hoy en la reuni\u00f3n en Palacio Nacional entre Mexico y una comitiva de alto nivel de EU -","isPartOf":{"@id":"https:\/\/quehacerpolitico.mx\/#website"},"primaryImageOfPage":{"@id":"https:\/\/quehacerpolitico.mx\/?p=107271#primaryimage"},"image":{"@id":"https:\/\/quehacerpolitico.mx\/?p=107271#primaryimage"},"thumbnailUrl":"https:\/\/quehacerpolitico.mx\/wp-content\/uploads\/2023\/12\/IMG_2885.jpeg","datePublished":"2023-12-27T18:34:11+00:00","dateModified":"2023-12-27T18:34:13+00:00","author":{"@id":"https:\/\/quehacerpolitico.mx\/#\/schema\/person\/496d8ad2d1d3f8036101dca7ee39e585"},"breadcrumb":{"@id":"https:\/\/quehacerpolitico.mx\/?p=107271#breadcrumb"},"inLanguage":"es","potentialAction":[{"@type":"ReadAction","target":["https:\/\/quehacerpolitico.mx\/?p=107271"]}]},{"@type":"ImageObject","inLanguage":"es","@id":"https:\/\/quehacerpolitico.mx\/?p=107271#primaryimage","url":"https:\/\/quehacerpolitico.mx\/wp-content\/uploads\/2023\/12\/IMG_2885.jpeg","contentUrl":"https:\/\/quehacerpolitico.mx\/wp-content\/uploads\/2023\/12\/IMG_2885.jpeg","width":1284,"height":692},{"@type":"BreadcrumbList","@id":"https:\/\/quehacerpolitico.mx\/?p=107271#breadcrumb","itemListElement":[{"@type":"ListItem","position":1,"name":"Inicio","item":"https:\/\/quehacerpolitico.mx\/"},{"@type":"ListItem","position":2,"name":"&#8220;B\u00e1sicamente es el tema migratorio&#8221; De eso se hablar\u00e1 hoy en la reuni\u00f3n en Palacio Nacional entre Mexico y una comitiva de alto nivel de EU"}]},{"@type":"WebSite","@id":"https:\/\/quehacerpolitico.mx\/#website","url":"https:\/\/quehacerpolitico.mx\/","name":"","description":"","potentialAction":[{"@type":"SearchAction","target":{"@type":"EntryPoint","urlTemplate":"https:\/\/quehacerpolitico.mx\/?s={search_term_string}"},"query-input":{"@type":"PropertyValueSpecification","valueRequired":true,"valueName":"search_term_string"}}],"inLanguage":"es"},{"@type":"Person","@id":"https:\/\/quehacerpolitico.mx\/#\/schema\/person\/496d8ad2d1d3f8036101dca7ee39e585","name":"Redacci\u00f3n QP","image":{"@type":"ImageObject","inLanguage":"es","@id":"https:\/\/secure.gravatar.com\/avatar\/c7164ed6fdec453195284ad24a5ae5b6e1eed2b848477fa2a4787ba9adf39a41?s=96&d=mm&r=g","url":"https:\/\/secure.gravatar.com\/avatar\/c7164ed6fdec453195284ad24a5ae5b6e1eed2b848477fa2a4787ba9adf39a41?s=96&d=mm&r=g","contentUrl":"https:\/\/secure.gravatar.com\/avatar\/c7164ed6fdec453195284ad24a5ae5b6e1eed2b848477fa2a4787ba9adf39a41?s=96&d=mm&r=g","caption":"Redacci\u00f3n QP"},"url":"https:\/\/quehacerpolitico.mx\/?author=2"}]}},"featured_image_urls":{"full":["https:\/\/quehacerpolitico.mx\/wp-content\/uploads\/2023\/12\/IMG_2885.jpeg",1284,692,false],"thumbnail":["https:\/\/quehacerpolitico.mx\/wp-content\/uploads\/2023\/12\/IMG_2885-150x150.jpeg",150,150,true],"medium":["https:\/\/quehacerpolitico.mx\/wp-content\/uploads\/2023\/12\/IMG_2885-300x162.jpeg",300,162,true],"medium_large":["https:\/\/quehacerpolitico.mx\/wp-content\/uploads\/2023\/12\/IMG_2885-768x414.jpeg",640,345,true],"large":["https:\/\/quehacerpolitico.mx\/wp-content\/uploads\/2023\/12\/IMG_2885-1024x552.jpeg",640,345,true],"1536x1536":["https:\/\/quehacerpolitico.mx\/wp-content\/uploads\/2023\/12\/IMG_2885.jpeg",1284,692,false],"2048x2048":["https:\/\/quehacerpolitico.mx\/wp-content\/uploads\/2023\/12\/IMG_2885.jpeg",1284,692,false],"covernews-featured":["https:\/\/quehacerpolitico.mx\/wp-content\/uploads\/2023\/12\/IMG_2885.jpeg",1024,552,false],"covernews-medium":["https:\/\/quehacerpolitico.mx\/wp-content\/uploads\/2023\/12\/IMG_2885.jpeg",540,291,false]},"author_info":{"display_name":"Redacci\u00f3n QP","author_link":"https:\/\/quehacerpolitico.mx\/?author=2"},"category_info":"<a href=\"https:\/\/quehacerpolitico.mx\/?cat=2\" rel=\"category\">Noticias<\/a>","tag_info":"Noticias","comment_count":"0","_links":{"self":[{"href":"https:\/\/quehacerpolitico.mx\/index.php?rest_route=\/wp\/v2\/posts\/107271","targetHints":{"allow":["GET"]}}],"collection":[{"href":"https:\/\/quehacerpolitico.mx\/index.php?rest_route=\/wp\/v2\/posts"}],"about":[{"href":"https:\/\/quehacerpolitico.mx\/index.php?rest_route=\/wp\/v2\/types\/post"}],"author":[{"embeddable":true,"href":"https:\/\/quehacerpolitico.mx\/index.php?rest_route=\/wp\/v2\/users\/2"}],"replies":[{"embeddable":true,"href":"https:\/\/quehacerpolitico.mx\/index.php?rest_route=%2Fwp%2Fv2%2Fcomments&post=107271"}],"version-history":[{"count":1,"href":"https:\/\/quehacerpolitico.mx\/index.php?rest_route=\/wp\/v2\/posts\/107271\/revisions"}],"predecessor-version":[{"id":107273,"href":"https:\/\/quehacerpolitico.mx\/index.php?rest_route=\/wp\/v2\/posts\/107271\/revisions\/107273"}],"wp:featuredmedia":[{"embeddable":true,"href":"https:\/\/quehacerpolitico.mx\/index.php?rest_route=\/wp\/v2\/media\/107272"}],"wp:attachment":[{"href":"https:\/\/quehacerpolitico.mx\/index.php?rest_route=%2Fwp%2Fv2%2Fmedia&parent=107271"}],"wp:term":[{"taxonomy":"category","embeddable":true,"href":"https:\/\/quehacerpolitico.mx\/index.php?rest_route=%2Fwp%2Fv2%2Fcategories&post=107271"},{"taxonomy":"post_tag","embeddable":true,"href":"https:\/\/quehacerpolitico.mx\/index.php?rest_route=%2Fwp%2Fv2%2Ftags&post=107271"}],"curies":[{"name":"wp","href":"https:\/\/api.w.org\/{rel}","templated":true}]}}