{"id":107265,"date":"2023-12-27T16:28:57","date_gmt":"2023-12-27T16:28:57","guid":{"rendered":"https:\/\/quehacerpolitico.mx\/?p=107265"},"modified":"2023-12-27T16:29:01","modified_gmt":"2023-12-27T16:29:01","slug":"luisa-maria-alcalde-acusa-informacion-manipulada-sobre-la-estrategia-de-busqueda-de-desaparecidos-no-se-ha-borrado-ni-se-borrara-ningun-registro-de-desaparicion-asegura","status":"publish","type":"post","link":"https:\/\/quehacerpolitico.mx\/?p=107265","title":{"rendered":"Luisa Mar\u00eda Alcalde, acusa &#8220;informaci\u00f3n manipulada&#8221; sobre la estrategia de b\u00fasqueda de desaparecidos &#8220;No se ha borrado, ni se borrar\u00e1 ning\u00fan registro de desaparici\u00f3n&#8221;, asegura"},"content":{"rendered":"\n<p>Por Redacci\u00f3n QP<\/p>\n\n\n\n<p>Luisa Mar\u00eda Alcalde se\u00f1al\u00f3 que en cuanto una persona es localizada, no desaparece del registro sino que \u00fanicamente se cambia su estatus<\/p>\n\n\n\n<p><strong>Luisa Mar\u00eda Alcalde<\/strong>, secretaria de&nbsp;<strong>Gobernaci\u00f3n<\/strong>, acus\u00f3 que hubo manipulaci\u00f3n en la difusi\u00f3n de la&nbsp;<strong>informaci\u00f3n<\/strong>&nbsp;sobre la reducci\u00f3n en el n\u00famero de personas&nbsp;<strong>desaparecidas<\/strong>&nbsp;en&nbsp;<strong>M\u00e9xico<\/strong>.<\/p>\n\n\n\n<p>En la\u00a0<strong>conferencia matutina<\/strong>, la secretaria se\u00f1al\u00f3 que el registro no disminuy\u00f3 sino que se diversific\u00f3 el estatus de las personas desaparecidas por lo que la cifra de casi 12 mil personas corresponde a las denuncias confirmadas.<\/p>\n\n\n\n<figure class=\"wp-block-embed is-type-rich is-provider-twitter wp-block-embed-twitter\"><div class=\"wp-block-embed__wrapper\">\n<blockquote class=\"twitter-tweet\" data-width=\"550\" data-dnt=\"true\"><p lang=\"es\" dir=\"ltr\">La titular de Segob, Luisa Mar\u00eda Alcalde, acusa &quot;informaci\u00f3n manipulada&quot; sobre la estrategia de  b\u00fasqueda de desaparecidos<br><br>&quot;No se ha borrado, ni se borrar\u00e1 ning\u00fan registro de desaparici\u00f3n&quot;, asegura <a href=\"https:\/\/t.co\/kVir1pto01\">pic.twitter.com\/kVir1pto01<\/a><\/p>&mdash; Manuel Lopez San Martin (@MLopezSanMartin) <a href=\"https:\/\/twitter.com\/MLopezSanMartin\/status\/1740023733342134634?ref_src=twsrc%5Etfw\">December 27, 2023<\/a><\/blockquote><script async src=\"https:\/\/platform.twitter.com\/widgets.js\" charset=\"utf-8\"><\/script>\n<\/div><\/figure>\n\n\n\n<p>\u201cSe manipul\u00f3, no es el caso, son denuncias confirmadas (12 mil 337) y se define una estrategia de b\u00fasqueda particular\u201d, apunt\u00f3.<\/p>\n\n\n\n<p>La secretaria detall\u00f3 que, hasta el 22 de agosto, hay&nbsp;<strong>110 mil 964<\/strong>&nbsp;personas desaparecidas.<\/p>\n\n\n\n<p>Se\u00f1al\u00f3 que en cuanto una persona es&nbsp;<strong>localizada<\/strong>, no desaparece del&nbsp;<strong>registro<\/strong>, sino que \u00fanicamente se&nbsp;<strong>cambia<\/strong>&nbsp;su estatus.<\/p>\n\n\n\n<p>Adem\u00e1s, reiter\u00f3 que ninguna persona ha sido&nbsp;<strong>borrada<\/strong>&nbsp;del&nbsp;<strong>registro<\/strong>&nbsp;sino que ahora se incluyen cinco tipos de b\u00fasqueda que son&nbsp; inmediata, individualizada, por patrones, generalizada (cruce de base de datos) y de familia que requieren de una estrategia&nbsp;<strong>espec\u00edfica<\/strong>&nbsp;en cada caso.<\/p>\n\n\n\n<figure class=\"wp-block-image\" id=\"attachment_1585434\"><img decoding=\"async\" src=\"https:\/\/i0.wp.com\/lopezdoriga.com\/wp-content\/uploads\/2023\/12\/cifras-de-desaparecidos-en-mexico.png?resize=1024%2C550&amp;ssl=1\" alt=\"Denuncia Luisa Mar\u00eda Alcalde manipulaci\u00f3n en cifras sobre desaparecidos - cifras-de-desaparecidos-en-mexico-1024x550\" class=\"wp-image-1585434\" title=\"\"\/><figcaption class=\"wp-element-caption\">Cifras de desapariciones en M\u00e9xico de acuerdo con la actualizaci\u00f3n del registro. Foto tomada de video<\/figcaption><\/figure>\n","protected":false},"excerpt":{"rendered":"<p>Por Redacci\u00f3n QP Luisa Mar\u00eda Alcalde se\u00f1al\u00f3 que en cuanto una persona es localizada, no&#8230;<\/p>\n","protected":false},"author":2,"featured_media":107266,"comment_status":"open","ping_status":"open","sticky":false,"template":"","format":"standard","meta":{"_monsterinsights_skip_tracking":false,"_monsterinsights_sitenote_active":false,"_monsterinsights_sitenote_note":"","_monsterinsights_sitenote_category":0,"footnotes":""},"categories":[2],"tags":[],"class_list":["post-107265","post","type-post","status-publish","format-standard","has-post-thumbnail","hentry","category-noticias"],"yoast_head":"<!-- This site is optimized with the Yoast SEO plugin v27.3 - https:\/\/yoast.com\/product\/yoast-seo-wordpress\/ -->\n<title>Luisa Mar\u00eda Alcalde, acusa &quot;informaci\u00f3n manipulada&quot; sobre la estrategia de b\u00fasqueda de desaparecidos &quot;No se ha borrado, ni se borrar\u00e1 ning\u00fan registro de desaparici\u00f3n&quot;, asegura -<\/title>\n<meta name=\"robots\" content=\"index, follow, max-snippet:-1, max-image-preview:large, max-video-preview:-1\" \/>\n<link rel=\"canonical\" href=\"https:\/\/quehacerpolitico.mx\/?p=107265\" \/>\n<meta property=\"og:locale\" content=\"es_MX\" \/>\n<meta property=\"og:type\" content=\"article\" \/>\n<meta property=\"og:title\" content=\"Luisa Mar\u00eda Alcalde, acusa &quot;informaci\u00f3n manipulada&quot; sobre la estrategia de b\u00fasqueda de desaparecidos &quot;No se ha borrado, ni se borrar\u00e1 ning\u00fan registro de desaparici\u00f3n&quot;, asegura -\" \/>\n<meta property=\"og:description\" content=\"Por Redacci\u00f3n QP Luisa Mar\u00eda Alcalde se\u00f1al\u00f3 que en cuanto una persona es localizada, no...\" \/>\n<meta property=\"og:url\" content=\"https:\/\/quehacerpolitico.mx\/?p=107265\" \/>\n<meta property=\"article:published_time\" content=\"2023-12-27T16:28:57+00:00\" \/>\n<meta property=\"article:modified_time\" content=\"2023-12-27T16:29:01+00:00\" \/>\n<meta property=\"og:image\" content=\"https:\/\/quehacerpolitico.mx\/wp-content\/uploads\/2023\/12\/IMG_2882.jpeg\" \/>\n\t<meta property=\"og:image:width\" content=\"1284\" \/>\n\t<meta property=\"og:image:height\" content=\"576\" \/>\n\t<meta property=\"og:image:type\" content=\"image\/jpeg\" \/>\n<meta name=\"author\" content=\"Redacci\u00f3n QP\" \/>\n<meta name=\"twitter:card\" content=\"summary_large_image\" \/>\n<meta name=\"twitter:label1\" content=\"Escrito por\" \/>\n\t<meta name=\"twitter:data1\" content=\"Redacci\u00f3n QP\" \/>\n\t<meta name=\"twitter:label2\" content=\"Tiempo de lectura\" \/>\n\t<meta name=\"twitter:data2\" content=\"1 minuto\" \/>\n<script type=\"application\/ld+json\" class=\"yoast-schema-graph\">{\"@context\":\"https:\\\/\\\/schema.org\",\"@graph\":[{\"@type\":\"Article\",\"@id\":\"https:\\\/\\\/quehacerpolitico.mx\\\/?p=107265#article\",\"isPartOf\":{\"@id\":\"https:\\\/\\\/quehacerpolitico.mx\\\/?p=107265\"},\"author\":{\"name\":\"Redacci\u00f3n QP\",\"@id\":\"https:\\\/\\\/quehacerpolitico.mx\\\/#\\\/schema\\\/person\\\/496d8ad2d1d3f8036101dca7ee39e585\"},\"headline\":\"Luisa Mar\u00eda Alcalde, acusa &#8220;informaci\u00f3n manipulada&#8221; sobre la estrategia de b\u00fasqueda de desaparecidos &#8220;No se ha borrado, ni se borrar\u00e1 ning\u00fan registro de desaparici\u00f3n&#8221;, asegura\",\"datePublished\":\"2023-12-27T16:28:57+00:00\",\"dateModified\":\"2023-12-27T16:29:01+00:00\",\"mainEntityOfPage\":{\"@id\":\"https:\\\/\\\/quehacerpolitico.mx\\\/?p=107265\"},\"wordCount\":276,\"commentCount\":0,\"image\":{\"@id\":\"https:\\\/\\\/quehacerpolitico.mx\\\/?p=107265#primaryimage\"},\"thumbnailUrl\":\"https:\\\/\\\/quehacerpolitico.mx\\\/wp-content\\\/uploads\\\/2023\\\/12\\\/IMG_2882.jpeg\",\"articleSection\":[\"Noticias\"],\"inLanguage\":\"es\",\"potentialAction\":[{\"@type\":\"CommentAction\",\"name\":\"Comment\",\"target\":[\"https:\\\/\\\/quehacerpolitico.mx\\\/?p=107265#respond\"]}]},{\"@type\":\"WebPage\",\"@id\":\"https:\\\/\\\/quehacerpolitico.mx\\\/?p=107265\",\"url\":\"https:\\\/\\\/quehacerpolitico.mx\\\/?p=107265\",\"name\":\"Luisa Mar\u00eda Alcalde, acusa \\\"informaci\u00f3n manipulada\\\" sobre la estrategia de b\u00fasqueda de desaparecidos \\\"No se ha borrado, ni se borrar\u00e1 ning\u00fan registro de desaparici\u00f3n\\\", asegura -\",\"isPartOf\":{\"@id\":\"https:\\\/\\\/quehacerpolitico.mx\\\/#website\"},\"primaryImageOfPage\":{\"@id\":\"https:\\\/\\\/quehacerpolitico.mx\\\/?p=107265#primaryimage\"},\"image\":{\"@id\":\"https:\\\/\\\/quehacerpolitico.mx\\\/?p=107265#primaryimage\"},\"thumbnailUrl\":\"https:\\\/\\\/quehacerpolitico.mx\\\/wp-content\\\/uploads\\\/2023\\\/12\\\/IMG_2882.jpeg\",\"datePublished\":\"2023-12-27T16:28:57+00:00\",\"dateModified\":\"2023-12-27T16:29:01+00:00\",\"author\":{\"@id\":\"https:\\\/\\\/quehacerpolitico.mx\\\/#\\\/schema\\\/person\\\/496d8ad2d1d3f8036101dca7ee39e585\"},\"breadcrumb\":{\"@id\":\"https:\\\/\\\/quehacerpolitico.mx\\\/?p=107265#breadcrumb\"},\"inLanguage\":\"es\",\"potentialAction\":[{\"@type\":\"ReadAction\",\"target\":[\"https:\\\/\\\/quehacerpolitico.mx\\\/?p=107265\"]}]},{\"@type\":\"ImageObject\",\"inLanguage\":\"es\",\"@id\":\"https:\\\/\\\/quehacerpolitico.mx\\\/?p=107265#primaryimage\",\"url\":\"https:\\\/\\\/quehacerpolitico.mx\\\/wp-content\\\/uploads\\\/2023\\\/12\\\/IMG_2882.jpeg\",\"contentUrl\":\"https:\\\/\\\/quehacerpolitico.mx\\\/wp-content\\\/uploads\\\/2023\\\/12\\\/IMG_2882.jpeg\",\"width\":1284,\"height\":576},{\"@type\":\"BreadcrumbList\",\"@id\":\"https:\\\/\\\/quehacerpolitico.mx\\\/?p=107265#breadcrumb\",\"itemListElement\":[{\"@type\":\"ListItem\",\"position\":1,\"name\":\"Inicio\",\"item\":\"https:\\\/\\\/quehacerpolitico.mx\\\/\"},{\"@type\":\"ListItem\",\"position\":2,\"name\":\"Luisa Mar\u00eda Alcalde, acusa &#8220;informaci\u00f3n manipulada&#8221; sobre la estrategia de b\u00fasqueda de desaparecidos &#8220;No se ha borrado, ni se borrar\u00e1 ning\u00fan registro de desaparici\u00f3n&#8221;, asegura\"}]},{\"@type\":\"WebSite\",\"@id\":\"https:\\\/\\\/quehacerpolitico.mx\\\/#website\",\"url\":\"https:\\\/\\\/quehacerpolitico.mx\\\/\",\"name\":\"\",\"description\":\"\",\"potentialAction\":[{\"@type\":\"SearchAction\",\"target\":{\"@type\":\"EntryPoint\",\"urlTemplate\":\"https:\\\/\\\/quehacerpolitico.mx\\\/?s={search_term_string}\"},\"query-input\":{\"@type\":\"PropertyValueSpecification\",\"valueRequired\":true,\"valueName\":\"search_term_string\"}}],\"inLanguage\":\"es\"},{\"@type\":\"Person\",\"@id\":\"https:\\\/\\\/quehacerpolitico.mx\\\/#\\\/schema\\\/person\\\/496d8ad2d1d3f8036101dca7ee39e585\",\"name\":\"Redacci\u00f3n QP\",\"image\":{\"@type\":\"ImageObject\",\"inLanguage\":\"es\",\"@id\":\"https:\\\/\\\/secure.gravatar.com\\\/avatar\\\/c7164ed6fdec453195284ad24a5ae5b6e1eed2b848477fa2a4787ba9adf39a41?s=96&d=mm&r=g\",\"url\":\"https:\\\/\\\/secure.gravatar.com\\\/avatar\\\/c7164ed6fdec453195284ad24a5ae5b6e1eed2b848477fa2a4787ba9adf39a41?s=96&d=mm&r=g\",\"contentUrl\":\"https:\\\/\\\/secure.gravatar.com\\\/avatar\\\/c7164ed6fdec453195284ad24a5ae5b6e1eed2b848477fa2a4787ba9adf39a41?s=96&d=mm&r=g\",\"caption\":\"Redacci\u00f3n QP\"},\"url\":\"https:\\\/\\\/quehacerpolitico.mx\\\/?author=2\"}]}<\/script>\n<!-- \/ Yoast SEO plugin. -->","yoast_head_json":{"title":"Luisa Mar\u00eda Alcalde, acusa \"informaci\u00f3n manipulada\" sobre la estrategia de b\u00fasqueda de desaparecidos \"No se ha borrado, ni se borrar\u00e1 ning\u00fan registro de desaparici\u00f3n\", asegura -","robots":{"index":"index","follow":"follow","max-snippet":"max-snippet:-1","max-image-preview":"max-image-preview:large","max-video-preview":"max-video-preview:-1"},"canonical":"https:\/\/quehacerpolitico.mx\/?p=107265","og_locale":"es_MX","og_type":"article","og_title":"Luisa Mar\u00eda Alcalde, acusa \"informaci\u00f3n manipulada\" sobre la estrategia de b\u00fasqueda de desaparecidos \"No se ha borrado, ni se borrar\u00e1 ning\u00fan registro de desaparici\u00f3n\", asegura -","og_description":"Por Redacci\u00f3n QP Luisa Mar\u00eda Alcalde se\u00f1al\u00f3 que en cuanto una persona es localizada, no...","og_url":"https:\/\/quehacerpolitico.mx\/?p=107265","article_published_time":"2023-12-27T16:28:57+00:00","article_modified_time":"2023-12-27T16:29:01+00:00","og_image":[{"width":1284,"height":576,"url":"https:\/\/quehacerpolitico.mx\/wp-content\/uploads\/2023\/12\/IMG_2882.jpeg","type":"image\/jpeg"}],"author":"Redacci\u00f3n QP","twitter_card":"summary_large_image","twitter_misc":{"Escrito por":"Redacci\u00f3n QP","Tiempo de lectura":"1 minuto"},"schema":{"@context":"https:\/\/schema.org","@graph":[{"@type":"Article","@id":"https:\/\/quehacerpolitico.mx\/?p=107265#article","isPartOf":{"@id":"https:\/\/quehacerpolitico.mx\/?p=107265"},"author":{"name":"Redacci\u00f3n QP","@id":"https:\/\/quehacerpolitico.mx\/#\/schema\/person\/496d8ad2d1d3f8036101dca7ee39e585"},"headline":"Luisa Mar\u00eda Alcalde, acusa &#8220;informaci\u00f3n manipulada&#8221; sobre la estrategia de b\u00fasqueda de desaparecidos &#8220;No se ha borrado, ni se borrar\u00e1 ning\u00fan registro de desaparici\u00f3n&#8221;, asegura","datePublished":"2023-12-27T16:28:57+00:00","dateModified":"2023-12-27T16:29:01+00:00","mainEntityOfPage":{"@id":"https:\/\/quehacerpolitico.mx\/?p=107265"},"wordCount":276,"commentCount":0,"image":{"@id":"https:\/\/quehacerpolitico.mx\/?p=107265#primaryimage"},"thumbnailUrl":"https:\/\/quehacerpolitico.mx\/wp-content\/uploads\/2023\/12\/IMG_2882.jpeg","articleSection":["Noticias"],"inLanguage":"es","potentialAction":[{"@type":"CommentAction","name":"Comment","target":["https:\/\/quehacerpolitico.mx\/?p=107265#respond"]}]},{"@type":"WebPage","@id":"https:\/\/quehacerpolitico.mx\/?p=107265","url":"https:\/\/quehacerpolitico.mx\/?p=107265","name":"Luisa Mar\u00eda Alcalde, acusa \"informaci\u00f3n manipulada\" sobre la estrategia de b\u00fasqueda de desaparecidos \"No se ha borrado, ni se borrar\u00e1 ning\u00fan registro de desaparici\u00f3n\", asegura -","isPartOf":{"@id":"https:\/\/quehacerpolitico.mx\/#website"},"primaryImageOfPage":{"@id":"https:\/\/quehacerpolitico.mx\/?p=107265#primaryimage"},"image":{"@id":"https:\/\/quehacerpolitico.mx\/?p=107265#primaryimage"},"thumbnailUrl":"https:\/\/quehacerpolitico.mx\/wp-content\/uploads\/2023\/12\/IMG_2882.jpeg","datePublished":"2023-12-27T16:28:57+00:00","dateModified":"2023-12-27T16:29:01+00:00","author":{"@id":"https:\/\/quehacerpolitico.mx\/#\/schema\/person\/496d8ad2d1d3f8036101dca7ee39e585"},"breadcrumb":{"@id":"https:\/\/quehacerpolitico.mx\/?p=107265#breadcrumb"},"inLanguage":"es","potentialAction":[{"@type":"ReadAction","target":["https:\/\/quehacerpolitico.mx\/?p=107265"]}]},{"@type":"ImageObject","inLanguage":"es","@id":"https:\/\/quehacerpolitico.mx\/?p=107265#primaryimage","url":"https:\/\/quehacerpolitico.mx\/wp-content\/uploads\/2023\/12\/IMG_2882.jpeg","contentUrl":"https:\/\/quehacerpolitico.mx\/wp-content\/uploads\/2023\/12\/IMG_2882.jpeg","width":1284,"height":576},{"@type":"BreadcrumbList","@id":"https:\/\/quehacerpolitico.mx\/?p=107265#breadcrumb","itemListElement":[{"@type":"ListItem","position":1,"name":"Inicio","item":"https:\/\/quehacerpolitico.mx\/"},{"@type":"ListItem","position":2,"name":"Luisa Mar\u00eda Alcalde, acusa &#8220;informaci\u00f3n manipulada&#8221; sobre la estrategia de b\u00fasqueda de desaparecidos &#8220;No se ha borrado, ni se borrar\u00e1 ning\u00fan registro de desaparici\u00f3n&#8221;, asegura"}]},{"@type":"WebSite","@id":"https:\/\/quehacerpolitico.mx\/#website","url":"https:\/\/quehacerpolitico.mx\/","name":"","description":"","potentialAction":[{"@type":"SearchAction","target":{"@type":"EntryPoint","urlTemplate":"https:\/\/quehacerpolitico.mx\/?s={search_term_string}"},"query-input":{"@type":"PropertyValueSpecification","valueRequired":true,"valueName":"search_term_string"}}],"inLanguage":"es"},{"@type":"Person","@id":"https:\/\/quehacerpolitico.mx\/#\/schema\/person\/496d8ad2d1d3f8036101dca7ee39e585","name":"Redacci\u00f3n QP","image":{"@type":"ImageObject","inLanguage":"es","@id":"https:\/\/secure.gravatar.com\/avatar\/c7164ed6fdec453195284ad24a5ae5b6e1eed2b848477fa2a4787ba9adf39a41?s=96&d=mm&r=g","url":"https:\/\/secure.gravatar.com\/avatar\/c7164ed6fdec453195284ad24a5ae5b6e1eed2b848477fa2a4787ba9adf39a41?s=96&d=mm&r=g","contentUrl":"https:\/\/secure.gravatar.com\/avatar\/c7164ed6fdec453195284ad24a5ae5b6e1eed2b848477fa2a4787ba9adf39a41?s=96&d=mm&r=g","caption":"Redacci\u00f3n QP"},"url":"https:\/\/quehacerpolitico.mx\/?author=2"}]}},"featured_image_urls":{"full":["https:\/\/quehacerpolitico.mx\/wp-content\/uploads\/2023\/12\/IMG_2882.jpeg",1284,576,false],"thumbnail":["https:\/\/quehacerpolitico.mx\/wp-content\/uploads\/2023\/12\/IMG_2882-150x150.jpeg",150,150,true],"medium":["https:\/\/quehacerpolitico.mx\/wp-content\/uploads\/2023\/12\/IMG_2882-300x135.jpeg",300,135,true],"medium_large":["https:\/\/quehacerpolitico.mx\/wp-content\/uploads\/2023\/12\/IMG_2882-768x345.jpeg",640,288,true],"large":["https:\/\/quehacerpolitico.mx\/wp-content\/uploads\/2023\/12\/IMG_2882-1024x459.jpeg",640,287,true],"1536x1536":["https:\/\/quehacerpolitico.mx\/wp-content\/uploads\/2023\/12\/IMG_2882.jpeg",1284,576,false],"2048x2048":["https:\/\/quehacerpolitico.mx\/wp-content\/uploads\/2023\/12\/IMG_2882.jpeg",1284,576,false],"covernews-featured":["https:\/\/quehacerpolitico.mx\/wp-content\/uploads\/2023\/12\/IMG_2882.jpeg",1024,459,false],"covernews-medium":["https:\/\/quehacerpolitico.mx\/wp-content\/uploads\/2023\/12\/IMG_2882.jpeg",540,242,false]},"author_info":{"display_name":"Redacci\u00f3n QP","author_link":"https:\/\/quehacerpolitico.mx\/?author=2"},"category_info":"<a href=\"https:\/\/quehacerpolitico.mx\/?cat=2\" rel=\"category\">Noticias<\/a>","tag_info":"Noticias","comment_count":"0","_links":{"self":[{"href":"https:\/\/quehacerpolitico.mx\/index.php?rest_route=\/wp\/v2\/posts\/107265","targetHints":{"allow":["GET"]}}],"collection":[{"href":"https:\/\/quehacerpolitico.mx\/index.php?rest_route=\/wp\/v2\/posts"}],"about":[{"href":"https:\/\/quehacerpolitico.mx\/index.php?rest_route=\/wp\/v2\/types\/post"}],"author":[{"embeddable":true,"href":"https:\/\/quehacerpolitico.mx\/index.php?rest_route=\/wp\/v2\/users\/2"}],"replies":[{"embeddable":true,"href":"https:\/\/quehacerpolitico.mx\/index.php?rest_route=%2Fwp%2Fv2%2Fcomments&post=107265"}],"version-history":[{"count":1,"href":"https:\/\/quehacerpolitico.mx\/index.php?rest_route=\/wp\/v2\/posts\/107265\/revisions"}],"predecessor-version":[{"id":107267,"href":"https:\/\/quehacerpolitico.mx\/index.php?rest_route=\/wp\/v2\/posts\/107265\/revisions\/107267"}],"wp:featuredmedia":[{"embeddable":true,"href":"https:\/\/quehacerpolitico.mx\/index.php?rest_route=\/wp\/v2\/media\/107266"}],"wp:attachment":[{"href":"https:\/\/quehacerpolitico.mx\/index.php?rest_route=%2Fwp%2Fv2%2Fmedia&parent=107265"}],"wp:term":[{"taxonomy":"category","embeddable":true,"href":"https:\/\/quehacerpolitico.mx\/index.php?rest_route=%2Fwp%2Fv2%2Fcategories&post=107265"},{"taxonomy":"post_tag","embeddable":true,"href":"https:\/\/quehacerpolitico.mx\/index.php?rest_route=%2Fwp%2Fv2%2Ftags&post=107265"}],"curies":[{"name":"wp","href":"https:\/\/api.w.org\/{rel}","templated":true}]}}