{"id":10724,"date":"2018-12-02T00:28:23","date_gmt":"2018-12-02T00:28:23","guid":{"rendered":"http:\/\/quehacerpolitico.mx\/pueblos-indigenas-dan-baston-de-mando-a-amlo-queremos-ser-tomados-en-cuenta-le-exigen\/"},"modified":"2018-12-02T00:28:23","modified_gmt":"2018-12-02T00:28:23","slug":"pueblos-indigenas-dan-baston-de-mando-a-amlo-queremos-ser-tomados-en-cuenta-le-exigen","status":"publish","type":"post","link":"https:\/\/quehacerpolitico.mx\/?p=10724","title":{"rendered":"Pueblos ind\u00edgenas dan Bast\u00f3n de Mando a AMLO; \u201cqueremos ser tomados en cuenta\u201d, le exigen"},"content":{"rendered":"<h1>Pueblos ind\u00edgenas dan Bast\u00f3n de Mando a AMLO; \u201cqueremos ser tomados en cuenta\u201d, le exigen<\/h1>\n<p>Por Redacci\u00f3n QP<\/p>\n<blockquote class=\"twitter-tweet\" data-width=\"550\" data-dnt=\"true\">\n<p lang=\"es\" dir=\"ltr\">Ceremonia de entrega del Bast\u00f3n de Mando y Primer Discurso a la Naci\u00f3n <a href=\"https:\/\/t.co\/DYhVNNefBW\">https:\/\/t.co\/DYhVNNefBW<\/a><\/p>\n<p>&mdash; Andr\u00e9s Manuel (@lopezobrador_) <a href=\"https:\/\/twitter.com\/lopezobrador_\/status\/1069004690354929664?ref_src=twsrc%5Etfw\">December 1, 2018<\/a><\/p><\/blockquote>\n<p><script async src=\"https:\/\/platform.twitter.com\/widgets.js\" charset=\"utf-8\"><\/script><\/p>\n<p><strong>Andr\u00e9s Manuel L\u00f3pez Obrador<\/strong>, Presidente de M\u00e9xico, recibi\u00f3 el <strong>Bast\u00f3n de Mando<\/strong> de los 68 pueblos originarios frente a miles de personas en el <strong>Z\u00f3calo de la Ciudad de M\u00e9xico<\/strong>.<\/p>\n<p>Durante la ceremonia, representantes de los pueblos originarios y afromexicanos pidieron al pueblo de M\u00e9xico que se iniciara con un pensamiento universal de reconciliaci\u00f3n.<\/p>\n<blockquote>\n<p>\u201cM\u00e9xico vivir\u00e1 a partir de hoy una transformaci\u00f3n. Aqu\u00ed est\u00e1 el bast\u00f3n de mando. Aqu\u00ed est\u00e1 el s\u00edmbolo con el que conducir\u00e1 al pueblo. Queremos ser tomados en cuenta en los planes que usted tenga para estos seis a\u00f1os. Esta ma\u00f1ana, este bast\u00f3n fue consagrado en el centro ceremonial que guarda la sabidur\u00eda de nuestros ancestros\u201d, le dijeron a L\u00f3pez Obrador.<\/p>\n<\/blockquote>\n<p>\u201cReciba el art\u00edculo que lo guiar\u00e1. Los pueblos ind\u00edgenas le dan la confianza y compromiso\u201d.<\/p>\n<p>Durante la ceremonia, AMLO se arrodill\u00f3 frente a un representante doctor ind\u00edgena de los pueblos.<\/p>\n<p>\u201cReconozcamos que todos necesitamos de todos. Pongamos nuestra mente en tierra f\u00e9rtil\u201d, pidieron durante la ceremonia.<\/p>\n<p>Antes de la entrega, se saludaron a los\u00a0cuatro puntos cardinales. Los miles que asistieron al Z\u00f3calo participaron.<\/p>\n","protected":false},"excerpt":{"rendered":"<p>Pueblos ind\u00edgenas dan Bast\u00f3n de Mando a AMLO; \u201cqueremos ser tomados en cuenta\u201d, le exigen<br \/>\nPor Redacci\u00f3n QP<\/p>\n","protected":false},"author":2,"featured_media":10723,"comment_status":"open","ping_status":"open","sticky":false,"template":"","format":"standard","meta":{"_monsterinsights_skip_tracking":false,"_monsterinsights_sitenote_active":false,"_monsterinsights_sitenote_note":"","_monsterinsights_sitenote_category":0,"footnotes":""},"categories":[2],"tags":[],"class_list":["post-10724","post","type-post","status-publish","format-standard","has-post-thumbnail","hentry","category-noticias"],"yoast_head":"<!-- This site is optimized with the Yoast SEO plugin v27.3 - https:\/\/yoast.com\/product\/yoast-seo-wordpress\/ -->\n<title>Pueblos ind\u00edgenas dan Bast\u00f3n de Mando a AMLO; \u201cqueremos ser tomados en cuenta\u201d, le exigen -<\/title>\n<meta name=\"robots\" content=\"index, follow, max-snippet:-1, max-image-preview:large, max-video-preview:-1\" \/>\n<link rel=\"canonical\" href=\"https:\/\/quehacerpolitico.mx\/?p=10724\" \/>\n<meta property=\"og:locale\" content=\"es_MX\" \/>\n<meta property=\"og:type\" content=\"article\" \/>\n<meta property=\"og:title\" content=\"Pueblos ind\u00edgenas dan Bast\u00f3n de Mando a AMLO; \u201cqueremos ser tomados en cuenta\u201d, le exigen -\" \/>\n<meta property=\"og:description\" content=\"Pueblos ind\u00edgenas dan Bast\u00f3n de Mando a AMLO; \u201cqueremos ser tomados en cuenta\u201d, le exigen Por Redacci\u00f3n QP\" \/>\n<meta property=\"og:url\" content=\"https:\/\/quehacerpolitico.mx\/?p=10724\" \/>\n<meta property=\"article:published_time\" content=\"2018-12-02T00:28:23+00:00\" \/>\n<meta name=\"author\" content=\"Redacci\u00f3n QP\" \/>\n<meta name=\"twitter:card\" content=\"summary_large_image\" \/>\n<meta name=\"twitter:label1\" content=\"Escrito por\" \/>\n\t<meta name=\"twitter:data1\" content=\"Redacci\u00f3n QP\" \/>\n\t<meta name=\"twitter:label2\" content=\"Tiempo de lectura\" \/>\n\t<meta name=\"twitter:data2\" content=\"1 minuto\" \/>\n<script type=\"application\/ld+json\" class=\"yoast-schema-graph\">{\"@context\":\"https:\\\/\\\/schema.org\",\"@graph\":[{\"@type\":\"Article\",\"@id\":\"https:\\\/\\\/quehacerpolitico.mx\\\/?p=10724#article\",\"isPartOf\":{\"@id\":\"https:\\\/\\\/quehacerpolitico.mx\\\/?p=10724\"},\"author\":{\"name\":\"Redacci\u00f3n QP\",\"@id\":\"https:\\\/\\\/quehacerpolitico.mx\\\/#\\\/schema\\\/person\\\/496d8ad2d1d3f8036101dca7ee39e585\"},\"headline\":\"Pueblos ind\u00edgenas dan Bast\u00f3n de Mando a AMLO; \u201cqueremos ser tomados en cuenta\u201d, le exigen\",\"datePublished\":\"2018-12-02T00:28:23+00:00\",\"mainEntityOfPage\":{\"@id\":\"https:\\\/\\\/quehacerpolitico.mx\\\/?p=10724\"},\"wordCount\":244,\"commentCount\":0,\"image\":{\"@id\":\"https:\\\/\\\/quehacerpolitico.mx\\\/?p=10724#primaryimage\"},\"thumbnailUrl\":\"\",\"articleSection\":[\"Noticias\"],\"inLanguage\":\"es\",\"potentialAction\":[{\"@type\":\"CommentAction\",\"name\":\"Comment\",\"target\":[\"https:\\\/\\\/quehacerpolitico.mx\\\/?p=10724#respond\"]}]},{\"@type\":\"WebPage\",\"@id\":\"https:\\\/\\\/quehacerpolitico.mx\\\/?p=10724\",\"url\":\"https:\\\/\\\/quehacerpolitico.mx\\\/?p=10724\",\"name\":\"Pueblos ind\u00edgenas dan Bast\u00f3n de Mando a AMLO; \u201cqueremos ser tomados en cuenta\u201d, le exigen -\",\"isPartOf\":{\"@id\":\"https:\\\/\\\/quehacerpolitico.mx\\\/#website\"},\"primaryImageOfPage\":{\"@id\":\"https:\\\/\\\/quehacerpolitico.mx\\\/?p=10724#primaryimage\"},\"image\":{\"@id\":\"https:\\\/\\\/quehacerpolitico.mx\\\/?p=10724#primaryimage\"},\"thumbnailUrl\":\"\",\"datePublished\":\"2018-12-02T00:28:23+00:00\",\"author\":{\"@id\":\"https:\\\/\\\/quehacerpolitico.mx\\\/#\\\/schema\\\/person\\\/496d8ad2d1d3f8036101dca7ee39e585\"},\"breadcrumb\":{\"@id\":\"https:\\\/\\\/quehacerpolitico.mx\\\/?p=10724#breadcrumb\"},\"inLanguage\":\"es\",\"potentialAction\":[{\"@type\":\"ReadAction\",\"target\":[\"https:\\\/\\\/quehacerpolitico.mx\\\/?p=10724\"]}]},{\"@type\":\"ImageObject\",\"inLanguage\":\"es\",\"@id\":\"https:\\\/\\\/quehacerpolitico.mx\\\/?p=10724#primaryimage\",\"url\":\"\",\"contentUrl\":\"\"},{\"@type\":\"BreadcrumbList\",\"@id\":\"https:\\\/\\\/quehacerpolitico.mx\\\/?p=10724#breadcrumb\",\"itemListElement\":[{\"@type\":\"ListItem\",\"position\":1,\"name\":\"Inicio\",\"item\":\"https:\\\/\\\/quehacerpolitico.mx\\\/\"},{\"@type\":\"ListItem\",\"position\":2,\"name\":\"Pueblos ind\u00edgenas dan Bast\u00f3n de Mando a AMLO; \u201cqueremos ser tomados en cuenta\u201d, le exigen\"}]},{\"@type\":\"WebSite\",\"@id\":\"https:\\\/\\\/quehacerpolitico.mx\\\/#website\",\"url\":\"https:\\\/\\\/quehacerpolitico.mx\\\/\",\"name\":\"\",\"description\":\"\",\"potentialAction\":[{\"@type\":\"SearchAction\",\"target\":{\"@type\":\"EntryPoint\",\"urlTemplate\":\"https:\\\/\\\/quehacerpolitico.mx\\\/?s={search_term_string}\"},\"query-input\":{\"@type\":\"PropertyValueSpecification\",\"valueRequired\":true,\"valueName\":\"search_term_string\"}}],\"inLanguage\":\"es\"},{\"@type\":\"Person\",\"@id\":\"https:\\\/\\\/quehacerpolitico.mx\\\/#\\\/schema\\\/person\\\/496d8ad2d1d3f8036101dca7ee39e585\",\"name\":\"Redacci\u00f3n QP\",\"image\":{\"@type\":\"ImageObject\",\"inLanguage\":\"es\",\"@id\":\"https:\\\/\\\/secure.gravatar.com\\\/avatar\\\/c7164ed6fdec453195284ad24a5ae5b6e1eed2b848477fa2a4787ba9adf39a41?s=96&d=mm&r=g\",\"url\":\"https:\\\/\\\/secure.gravatar.com\\\/avatar\\\/c7164ed6fdec453195284ad24a5ae5b6e1eed2b848477fa2a4787ba9adf39a41?s=96&d=mm&r=g\",\"contentUrl\":\"https:\\\/\\\/secure.gravatar.com\\\/avatar\\\/c7164ed6fdec453195284ad24a5ae5b6e1eed2b848477fa2a4787ba9adf39a41?s=96&d=mm&r=g\",\"caption\":\"Redacci\u00f3n QP\"},\"url\":\"https:\\\/\\\/quehacerpolitico.mx\\\/?author=2\"}]}<\/script>\n<!-- \/ Yoast SEO plugin. -->","yoast_head_json":{"title":"Pueblos ind\u00edgenas dan Bast\u00f3n de Mando a AMLO; \u201cqueremos ser tomados en cuenta\u201d, le exigen -","robots":{"index":"index","follow":"follow","max-snippet":"max-snippet:-1","max-image-preview":"max-image-preview:large","max-video-preview":"max-video-preview:-1"},"canonical":"https:\/\/quehacerpolitico.mx\/?p=10724","og_locale":"es_MX","og_type":"article","og_title":"Pueblos ind\u00edgenas dan Bast\u00f3n de Mando a AMLO; \u201cqueremos ser tomados en cuenta\u201d, le exigen -","og_description":"Pueblos ind\u00edgenas dan Bast\u00f3n de Mando a AMLO; \u201cqueremos ser tomados en cuenta\u201d, le exigen Por Redacci\u00f3n QP","og_url":"https:\/\/quehacerpolitico.mx\/?p=10724","article_published_time":"2018-12-02T00:28:23+00:00","author":"Redacci\u00f3n QP","twitter_card":"summary_large_image","twitter_misc":{"Escrito por":"Redacci\u00f3n QP","Tiempo de lectura":"1 minuto"},"schema":{"@context":"https:\/\/schema.org","@graph":[{"@type":"Article","@id":"https:\/\/quehacerpolitico.mx\/?p=10724#article","isPartOf":{"@id":"https:\/\/quehacerpolitico.mx\/?p=10724"},"author":{"name":"Redacci\u00f3n QP","@id":"https:\/\/quehacerpolitico.mx\/#\/schema\/person\/496d8ad2d1d3f8036101dca7ee39e585"},"headline":"Pueblos ind\u00edgenas dan Bast\u00f3n de Mando a AMLO; \u201cqueremos ser tomados en cuenta\u201d, le exigen","datePublished":"2018-12-02T00:28:23+00:00","mainEntityOfPage":{"@id":"https:\/\/quehacerpolitico.mx\/?p=10724"},"wordCount":244,"commentCount":0,"image":{"@id":"https:\/\/quehacerpolitico.mx\/?p=10724#primaryimage"},"thumbnailUrl":"","articleSection":["Noticias"],"inLanguage":"es","potentialAction":[{"@type":"CommentAction","name":"Comment","target":["https:\/\/quehacerpolitico.mx\/?p=10724#respond"]}]},{"@type":"WebPage","@id":"https:\/\/quehacerpolitico.mx\/?p=10724","url":"https:\/\/quehacerpolitico.mx\/?p=10724","name":"Pueblos ind\u00edgenas dan Bast\u00f3n de Mando a AMLO; \u201cqueremos ser tomados en cuenta\u201d, le exigen -","isPartOf":{"@id":"https:\/\/quehacerpolitico.mx\/#website"},"primaryImageOfPage":{"@id":"https:\/\/quehacerpolitico.mx\/?p=10724#primaryimage"},"image":{"@id":"https:\/\/quehacerpolitico.mx\/?p=10724#primaryimage"},"thumbnailUrl":"","datePublished":"2018-12-02T00:28:23+00:00","author":{"@id":"https:\/\/quehacerpolitico.mx\/#\/schema\/person\/496d8ad2d1d3f8036101dca7ee39e585"},"breadcrumb":{"@id":"https:\/\/quehacerpolitico.mx\/?p=10724#breadcrumb"},"inLanguage":"es","potentialAction":[{"@type":"ReadAction","target":["https:\/\/quehacerpolitico.mx\/?p=10724"]}]},{"@type":"ImageObject","inLanguage":"es","@id":"https:\/\/quehacerpolitico.mx\/?p=10724#primaryimage","url":"","contentUrl":""},{"@type":"BreadcrumbList","@id":"https:\/\/quehacerpolitico.mx\/?p=10724#breadcrumb","itemListElement":[{"@type":"ListItem","position":1,"name":"Inicio","item":"https:\/\/quehacerpolitico.mx\/"},{"@type":"ListItem","position":2,"name":"Pueblos ind\u00edgenas dan Bast\u00f3n de Mando a AMLO; \u201cqueremos ser tomados en cuenta\u201d, le exigen"}]},{"@type":"WebSite","@id":"https:\/\/quehacerpolitico.mx\/#website","url":"https:\/\/quehacerpolitico.mx\/","name":"","description":"","potentialAction":[{"@type":"SearchAction","target":{"@type":"EntryPoint","urlTemplate":"https:\/\/quehacerpolitico.mx\/?s={search_term_string}"},"query-input":{"@type":"PropertyValueSpecification","valueRequired":true,"valueName":"search_term_string"}}],"inLanguage":"es"},{"@type":"Person","@id":"https:\/\/quehacerpolitico.mx\/#\/schema\/person\/496d8ad2d1d3f8036101dca7ee39e585","name":"Redacci\u00f3n QP","image":{"@type":"ImageObject","inLanguage":"es","@id":"https:\/\/secure.gravatar.com\/avatar\/c7164ed6fdec453195284ad24a5ae5b6e1eed2b848477fa2a4787ba9adf39a41?s=96&d=mm&r=g","url":"https:\/\/secure.gravatar.com\/avatar\/c7164ed6fdec453195284ad24a5ae5b6e1eed2b848477fa2a4787ba9adf39a41?s=96&d=mm&r=g","contentUrl":"https:\/\/secure.gravatar.com\/avatar\/c7164ed6fdec453195284ad24a5ae5b6e1eed2b848477fa2a4787ba9adf39a41?s=96&d=mm&r=g","caption":"Redacci\u00f3n QP"},"url":"https:\/\/quehacerpolitico.mx\/?author=2"}]}},"featured_image_urls":{"full":"","thumbnail":"","medium":"","medium_large":"","large":"","1536x1536":"","2048x2048":"","covernews-featured":"","covernews-medium":""},"author_info":{"display_name":"Redacci\u00f3n QP","author_link":"https:\/\/quehacerpolitico.mx\/?author=2"},"category_info":"<a href=\"https:\/\/quehacerpolitico.mx\/?cat=2\" rel=\"category\">Noticias<\/a>","tag_info":"Noticias","comment_count":"0","_links":{"self":[{"href":"https:\/\/quehacerpolitico.mx\/index.php?rest_route=\/wp\/v2\/posts\/10724","targetHints":{"allow":["GET"]}}],"collection":[{"href":"https:\/\/quehacerpolitico.mx\/index.php?rest_route=\/wp\/v2\/posts"}],"about":[{"href":"https:\/\/quehacerpolitico.mx\/index.php?rest_route=\/wp\/v2\/types\/post"}],"author":[{"embeddable":true,"href":"https:\/\/quehacerpolitico.mx\/index.php?rest_route=\/wp\/v2\/users\/2"}],"replies":[{"embeddable":true,"href":"https:\/\/quehacerpolitico.mx\/index.php?rest_route=%2Fwp%2Fv2%2Fcomments&post=10724"}],"version-history":[{"count":0,"href":"https:\/\/quehacerpolitico.mx\/index.php?rest_route=\/wp\/v2\/posts\/10724\/revisions"}],"wp:featuredmedia":[{"embeddable":true,"href":"https:\/\/quehacerpolitico.mx\/index.php?rest_route=\/"}],"wp:attachment":[{"href":"https:\/\/quehacerpolitico.mx\/index.php?rest_route=%2Fwp%2Fv2%2Fmedia&parent=10724"}],"wp:term":[{"taxonomy":"category","embeddable":true,"href":"https:\/\/quehacerpolitico.mx\/index.php?rest_route=%2Fwp%2Fv2%2Fcategories&post=10724"},{"taxonomy":"post_tag","embeddable":true,"href":"https:\/\/quehacerpolitico.mx\/index.php?rest_route=%2Fwp%2Fv2%2Ftags&post=10724"}],"curies":[{"name":"wp","href":"https:\/\/api.w.org\/{rel}","templated":true}]}}