{"id":107235,"date":"2023-12-21T19:02:51","date_gmt":"2023-12-21T19:02:51","guid":{"rendered":"https:\/\/quehacerpolitico.mx\/?p=107235"},"modified":"2023-12-21T19:02:55","modified_gmt":"2023-12-21T19:02:55","slug":"fallece-a-los-82-anos-la-gran-cristina-pacheco-escritora-y-periodista-mexicana","status":"publish","type":"post","link":"https:\/\/quehacerpolitico.mx\/?p=107235","title":{"rendered":"Fallece a los 82 a\u00f1os la gran Cristina Pacheco, escritora y periodista mexicana"},"content":{"rendered":"\n<p>Por Redacci\u00f3n QP<\/p>\n\n\n\n<p>Tras complicaciones por salud, este jueves se confirm\u00f3 el fallecimiento de la periodista y escritora Cristina Pacheco<\/p>\n\n\n\n<p>La periodista, escritora, cronista, editora y conductora mexicana\u00a0<strong>Cristina Romo Hern\u00e1ndez<\/strong>, conocida como\u00a0<strong>Cristina Pacheco<\/strong>, muri\u00f3 este jueves.<\/p>\n\n\n\n<figure class=\"wp-block-embed is-type-rich is-provider-twitter wp-block-embed-twitter\"><div class=\"wp-block-embed__wrapper\">\n<blockquote class=\"twitter-tweet\" data-width=\"550\" data-dnt=\"true\"><p lang=\"es\" dir=\"ltr\">CRISTINA PACHECO &quot;Por graves problemas de salud me retiro&quot;. ADMIRADA Y RESPETADA gracias gracias gracias por su gran trabajo respetuoso, \u00fanico e inigualable. Dios la bendiga siempre. \u2b50  -material- <a href=\"https:\/\/twitter.com\/hashtag\/AK?src=hash&amp;ref_src=twsrc%5Etfw\">#AK<\/a> <a href=\"https:\/\/twitter.com\/hashtag\/canalonce?src=hash&amp;ref_src=twsrc%5Etfw\">#canalonce<\/a> <a href=\"https:\/\/twitter.com\/hashtag\/IPN?src=hash&amp;ref_src=twsrc%5Etfw\">#IPN<\/a> <a href=\"https:\/\/t.co\/DTUbW8FoQW\">pic.twitter.com\/DTUbW8FoQW<\/a><\/p>&mdash; Laura Estrada Periodista (@LauraEstradaTv) <a href=\"https:\/\/twitter.com\/LauraEstradaTv\/status\/1730823202014663148?ref_src=twsrc%5Etfw\">December 2, 2023<\/a><\/blockquote><script async src=\"https:\/\/platform.twitter.com\/widgets.js\" charset=\"utf-8\"><\/script>\n<\/div><\/figure>\n\n\n\n<p>La noticia fue confirmada por el Sistema P\u00fablico de Radiodifusi\u00f3n del Estado Mexicano, donde reconoci\u00f3 el trabajo de la conductora de \u201cConversando\u201d y \u201cAqu\u00ed nos toc\u00f3 vivir\u201d, una experiencia de m\u00e1s de 4 d\u00e9cadas en televisi\u00f3n.<\/p>\n\n\n\n<figure class=\"wp-block-embed is-type-rich is-provider-twitter wp-block-embed-twitter\"><div class=\"wp-block-embed__wrapper\">\n<blockquote class=\"twitter-tweet\" data-width=\"550\" data-dnt=\"true\"><p lang=\"es\" dir=\"ltr\">El Sistema P\u00fablico de Radiodifusi\u00f3n del Estado Mexicano lamenta el sensible fallecimiento de la periodista y cronista <a href=\"https:\/\/twitter.com\/hashtag\/CristinaPacheco?src=hash&amp;ref_src=twsrc%5Etfw\">#CristinaPacheco<\/a>, conductora de \u201cAqu\u00ed nos toc\u00f3 vivir\u201d y \u201cConversando&quot;, sumando m\u00e1s de 40 a\u00f1os en <a href=\"https:\/\/twitter.com\/CanalOnceTV?ref_src=twsrc%5Etfw\">@CanalOnceTV<\/a>.<br><br>Enviamos nuestro p\u00e9same a familiares y amigos. <a href=\"https:\/\/t.co\/76vO4vJLeK\">pic.twitter.com\/76vO4vJLeK<\/a><\/p>&mdash; SPR M\u00e9xico (@SPRMexico) <a href=\"https:\/\/twitter.com\/SPRMexico\/status\/1737899732088029204?ref_src=twsrc%5Etfw\">December 21, 2023<\/a><\/blockquote><script async src=\"https:\/\/platform.twitter.com\/widgets.js\" charset=\"utf-8\"><\/script>\n<\/div><\/figure>\n\n\n\n<p>A inicios de diciembre, como le informamos en este espacio, Cristina Pacheco confirm\u00f3 su salida de la televisi\u00f3n, de forma moment\u00e1nea, por graves problemas de salud, seg\u00fan revel\u00f3 al finalizar el programa \u2018Conversando\u2018 de Canal Once.<\/p>\n\n\n\n<figure class=\"wp-block-embed is-type-rich is-provider-twitter wp-block-embed-twitter\"><div class=\"wp-block-embed__wrapper\">\n<blockquote class=\"twitter-tweet\" data-width=\"550\" data-dnt=\"true\"><p lang=\"es\" dir=\"ltr\">Con profunda tristeza informamos la partida de nuestra querida Cristina Pacheco. Una eminencia en el periodismo y gran persona. Todos los colaboradores del Once nos unimos a esta triste p\u00e9rdida. Ha dejado en nuestra televisora un legado inolvidable. Gracias, por cada ense\u00f1anza\ud83d\udd4a\ufe0f <a href=\"https:\/\/t.co\/ULREL5hJ5z\">pic.twitter.com\/ULREL5hJ5z<\/a><\/p>&mdash; El Once (@CanalOnceTV) <a href=\"https:\/\/twitter.com\/CanalOnceTV\/status\/1737902501599355286?ref_src=twsrc%5Etfw\">December 21, 2023<\/a><\/blockquote><script async src=\"https:\/\/platform.twitter.com\/widgets.js\" charset=\"utf-8\"><\/script>\n<\/div><\/figure>\n\n\n\n<figure class=\"wp-block-embed is-type-rich is-provider-twitter wp-block-embed-twitter\"><div class=\"wp-block-embed__wrapper\">\n<blockquote class=\"twitter-tweet\" data-width=\"550\" data-dnt=\"true\"><p lang=\"es\" dir=\"ltr\">\ud83d\udfe1 Cristina Pacheco&#8230; el adi\u00f3s moment\u00e1neo a medio siglo de contar historias. <a href=\"https:\/\/twitter.com\/Conversando11TV?ref_src=twsrc%5Etfw\">@Conversando11TV<\/a> <a href=\"https:\/\/twitter.com\/hashtag\/Aqu%C3%ADNosToc%C3%B3Vivir?src=hash&amp;ref_src=twsrc%5Etfw\">#Aqu\u00edNosToc\u00f3Vivir<\/a><a href=\"https:\/\/twitter.com\/hashtag\/OnceNoticias?src=hash&amp;ref_src=twsrc%5Etfw\">#OnceNoticias<\/a>\ud83d\udd3b <a href=\"https:\/\/t.co\/rFtsSg22v3\">pic.twitter.com\/rFtsSg22v3<\/a><\/p>&mdash; Once Noticias (@OnceNoticiasTV) <a href=\"https:\/\/twitter.com\/OnceNoticiasTV\/status\/1730816517380645003?ref_src=twsrc%5Etfw\">December 2, 2023<\/a><\/blockquote><script async src=\"https:\/\/platform.twitter.com\/widgets.js\" charset=\"utf-8\"><\/script>\n<\/div><\/figure>\n\n\n\n<figure class=\"wp-block-embed is-type-video is-provider-youtube wp-block-embed-youtube wp-embed-aspect-4-3 wp-has-aspect-ratio\"><div class=\"wp-block-embed__wrapper\">\n<iframe loading=\"lazy\" title=\"1982 - Las pi\u00f1atas\" width=\"640\" height=\"480\" src=\"https:\/\/www.youtube.com\/embed\/vWHPYirHNv0?feature=oembed\" frameborder=\"0\" allow=\"accelerometer; autoplay; clipboard-write; encrypted-media; gyroscope; picture-in-picture; web-share\" referrerpolicy=\"strict-origin-when-cross-origin\" allowfullscreen><\/iframe>\n<\/div><\/figure>\n","protected":false},"excerpt":{"rendered":"<p>Por Redacci\u00f3n QP Tras complicaciones por salud, este jueves se confirm\u00f3 el fallecimiento de la&#8230;<\/p>\n","protected":false},"author":2,"featured_media":107236,"comment_status":"open","ping_status":"open","sticky":false,"template":"","format":"standard","meta":{"_monsterinsights_skip_tracking":false,"_monsterinsights_sitenote_active":false,"_monsterinsights_sitenote_note":"","_monsterinsights_sitenote_category":0,"footnotes":""},"categories":[58],"tags":[],"class_list":["post-107235","post","type-post","status-publish","format-standard","has-post-thumbnail","hentry","category-cultura"],"yoast_head":"<!-- This site is optimized with the Yoast SEO plugin v27.3 - https:\/\/yoast.com\/product\/yoast-seo-wordpress\/ -->\n<title>Fallece a los 82 a\u00f1os la gran Cristina Pacheco, escritora y periodista mexicana -<\/title>\n<meta name=\"robots\" content=\"index, follow, max-snippet:-1, max-image-preview:large, max-video-preview:-1\" \/>\n<link rel=\"canonical\" href=\"https:\/\/quehacerpolitico.mx\/?p=107235\" \/>\n<meta property=\"og:locale\" content=\"es_MX\" \/>\n<meta property=\"og:type\" content=\"article\" \/>\n<meta property=\"og:title\" content=\"Fallece a los 82 a\u00f1os la gran Cristina Pacheco, escritora y periodista mexicana -\" \/>\n<meta property=\"og:description\" content=\"Por Redacci\u00f3n QP Tras complicaciones por salud, este jueves se confirm\u00f3 el fallecimiento de la...\" \/>\n<meta property=\"og:url\" content=\"https:\/\/quehacerpolitico.mx\/?p=107235\" \/>\n<meta property=\"article:published_time\" content=\"2023-12-21T19:02:51+00:00\" \/>\n<meta property=\"article:modified_time\" content=\"2023-12-21T19:02:55+00:00\" \/>\n<meta property=\"og:image\" content=\"https:\/\/quehacerpolitico.mx\/wp-content\/uploads\/2023\/12\/IMG_2800.jpeg\" \/>\n\t<meta property=\"og:image:width\" content=\"755\" \/>\n\t<meta property=\"og:image:height\" content=\"406\" \/>\n\t<meta property=\"og:image:type\" content=\"image\/jpeg\" \/>\n<meta name=\"author\" content=\"Redacci\u00f3n QP\" \/>\n<meta name=\"twitter:card\" content=\"summary_large_image\" \/>\n<meta name=\"twitter:label1\" content=\"Escrito por\" \/>\n\t<meta name=\"twitter:data1\" content=\"Redacci\u00f3n QP\" \/>\n\t<meta name=\"twitter:label2\" content=\"Tiempo de lectura\" \/>\n\t<meta name=\"twitter:data2\" content=\"1 minuto\" \/>\n<script type=\"application\/ld+json\" class=\"yoast-schema-graph\">{\"@context\":\"https:\\\/\\\/schema.org\",\"@graph\":[{\"@type\":\"Article\",\"@id\":\"https:\\\/\\\/quehacerpolitico.mx\\\/?p=107235#article\",\"isPartOf\":{\"@id\":\"https:\\\/\\\/quehacerpolitico.mx\\\/?p=107235\"},\"author\":{\"name\":\"Redacci\u00f3n QP\",\"@id\":\"https:\\\/\\\/quehacerpolitico.mx\\\/#\\\/schema\\\/person\\\/496d8ad2d1d3f8036101dca7ee39e585\"},\"headline\":\"Fallece a los 82 a\u00f1os la gran Cristina Pacheco, escritora y periodista mexicana\",\"datePublished\":\"2023-12-21T19:02:51+00:00\",\"dateModified\":\"2023-12-21T19:02:55+00:00\",\"mainEntityOfPage\":{\"@id\":\"https:\\\/\\\/quehacerpolitico.mx\\\/?p=107235\"},\"wordCount\":183,\"commentCount\":0,\"image\":{\"@id\":\"https:\\\/\\\/quehacerpolitico.mx\\\/?p=107235#primaryimage\"},\"thumbnailUrl\":\"https:\\\/\\\/quehacerpolitico.mx\\\/wp-content\\\/uploads\\\/2023\\\/12\\\/IMG_2800.jpeg\",\"articleSection\":[\"Cultura y Entretenimiento\"],\"inLanguage\":\"es\",\"potentialAction\":[{\"@type\":\"CommentAction\",\"name\":\"Comment\",\"target\":[\"https:\\\/\\\/quehacerpolitico.mx\\\/?p=107235#respond\"]}]},{\"@type\":\"WebPage\",\"@id\":\"https:\\\/\\\/quehacerpolitico.mx\\\/?p=107235\",\"url\":\"https:\\\/\\\/quehacerpolitico.mx\\\/?p=107235\",\"name\":\"Fallece a los 82 a\u00f1os la gran Cristina Pacheco, escritora y periodista mexicana -\",\"isPartOf\":{\"@id\":\"https:\\\/\\\/quehacerpolitico.mx\\\/#website\"},\"primaryImageOfPage\":{\"@id\":\"https:\\\/\\\/quehacerpolitico.mx\\\/?p=107235#primaryimage\"},\"image\":{\"@id\":\"https:\\\/\\\/quehacerpolitico.mx\\\/?p=107235#primaryimage\"},\"thumbnailUrl\":\"https:\\\/\\\/quehacerpolitico.mx\\\/wp-content\\\/uploads\\\/2023\\\/12\\\/IMG_2800.jpeg\",\"datePublished\":\"2023-12-21T19:02:51+00:00\",\"dateModified\":\"2023-12-21T19:02:55+00:00\",\"author\":{\"@id\":\"https:\\\/\\\/quehacerpolitico.mx\\\/#\\\/schema\\\/person\\\/496d8ad2d1d3f8036101dca7ee39e585\"},\"breadcrumb\":{\"@id\":\"https:\\\/\\\/quehacerpolitico.mx\\\/?p=107235#breadcrumb\"},\"inLanguage\":\"es\",\"potentialAction\":[{\"@type\":\"ReadAction\",\"target\":[\"https:\\\/\\\/quehacerpolitico.mx\\\/?p=107235\"]}]},{\"@type\":\"ImageObject\",\"inLanguage\":\"es\",\"@id\":\"https:\\\/\\\/quehacerpolitico.mx\\\/?p=107235#primaryimage\",\"url\":\"https:\\\/\\\/quehacerpolitico.mx\\\/wp-content\\\/uploads\\\/2023\\\/12\\\/IMG_2800.jpeg\",\"contentUrl\":\"https:\\\/\\\/quehacerpolitico.mx\\\/wp-content\\\/uploads\\\/2023\\\/12\\\/IMG_2800.jpeg\",\"width\":755,\"height\":406},{\"@type\":\"BreadcrumbList\",\"@id\":\"https:\\\/\\\/quehacerpolitico.mx\\\/?p=107235#breadcrumb\",\"itemListElement\":[{\"@type\":\"ListItem\",\"position\":1,\"name\":\"Inicio\",\"item\":\"https:\\\/\\\/quehacerpolitico.mx\\\/\"},{\"@type\":\"ListItem\",\"position\":2,\"name\":\"Fallece a los 82 a\u00f1os la gran Cristina Pacheco, escritora y periodista mexicana\"}]},{\"@type\":\"WebSite\",\"@id\":\"https:\\\/\\\/quehacerpolitico.mx\\\/#website\",\"url\":\"https:\\\/\\\/quehacerpolitico.mx\\\/\",\"name\":\"\",\"description\":\"\",\"potentialAction\":[{\"@type\":\"SearchAction\",\"target\":{\"@type\":\"EntryPoint\",\"urlTemplate\":\"https:\\\/\\\/quehacerpolitico.mx\\\/?s={search_term_string}\"},\"query-input\":{\"@type\":\"PropertyValueSpecification\",\"valueRequired\":true,\"valueName\":\"search_term_string\"}}],\"inLanguage\":\"es\"},{\"@type\":\"Person\",\"@id\":\"https:\\\/\\\/quehacerpolitico.mx\\\/#\\\/schema\\\/person\\\/496d8ad2d1d3f8036101dca7ee39e585\",\"name\":\"Redacci\u00f3n QP\",\"image\":{\"@type\":\"ImageObject\",\"inLanguage\":\"es\",\"@id\":\"https:\\\/\\\/secure.gravatar.com\\\/avatar\\\/c7164ed6fdec453195284ad24a5ae5b6e1eed2b848477fa2a4787ba9adf39a41?s=96&d=mm&r=g\",\"url\":\"https:\\\/\\\/secure.gravatar.com\\\/avatar\\\/c7164ed6fdec453195284ad24a5ae5b6e1eed2b848477fa2a4787ba9adf39a41?s=96&d=mm&r=g\",\"contentUrl\":\"https:\\\/\\\/secure.gravatar.com\\\/avatar\\\/c7164ed6fdec453195284ad24a5ae5b6e1eed2b848477fa2a4787ba9adf39a41?s=96&d=mm&r=g\",\"caption\":\"Redacci\u00f3n QP\"},\"url\":\"https:\\\/\\\/quehacerpolitico.mx\\\/?author=2\"}]}<\/script>\n<!-- \/ Yoast SEO plugin. -->","yoast_head_json":{"title":"Fallece a los 82 a\u00f1os la gran Cristina Pacheco, escritora y periodista mexicana -","robots":{"index":"index","follow":"follow","max-snippet":"max-snippet:-1","max-image-preview":"max-image-preview:large","max-video-preview":"max-video-preview:-1"},"canonical":"https:\/\/quehacerpolitico.mx\/?p=107235","og_locale":"es_MX","og_type":"article","og_title":"Fallece a los 82 a\u00f1os la gran Cristina Pacheco, escritora y periodista mexicana -","og_description":"Por Redacci\u00f3n QP Tras complicaciones por salud, este jueves se confirm\u00f3 el fallecimiento de la...","og_url":"https:\/\/quehacerpolitico.mx\/?p=107235","article_published_time":"2023-12-21T19:02:51+00:00","article_modified_time":"2023-12-21T19:02:55+00:00","og_image":[{"width":755,"height":406,"url":"https:\/\/quehacerpolitico.mx\/wp-content\/uploads\/2023\/12\/IMG_2800.jpeg","type":"image\/jpeg"}],"author":"Redacci\u00f3n QP","twitter_card":"summary_large_image","twitter_misc":{"Escrito por":"Redacci\u00f3n QP","Tiempo de lectura":"1 minuto"},"schema":{"@context":"https:\/\/schema.org","@graph":[{"@type":"Article","@id":"https:\/\/quehacerpolitico.mx\/?p=107235#article","isPartOf":{"@id":"https:\/\/quehacerpolitico.mx\/?p=107235"},"author":{"name":"Redacci\u00f3n QP","@id":"https:\/\/quehacerpolitico.mx\/#\/schema\/person\/496d8ad2d1d3f8036101dca7ee39e585"},"headline":"Fallece a los 82 a\u00f1os la gran Cristina Pacheco, escritora y periodista mexicana","datePublished":"2023-12-21T19:02:51+00:00","dateModified":"2023-12-21T19:02:55+00:00","mainEntityOfPage":{"@id":"https:\/\/quehacerpolitico.mx\/?p=107235"},"wordCount":183,"commentCount":0,"image":{"@id":"https:\/\/quehacerpolitico.mx\/?p=107235#primaryimage"},"thumbnailUrl":"https:\/\/quehacerpolitico.mx\/wp-content\/uploads\/2023\/12\/IMG_2800.jpeg","articleSection":["Cultura y Entretenimiento"],"inLanguage":"es","potentialAction":[{"@type":"CommentAction","name":"Comment","target":["https:\/\/quehacerpolitico.mx\/?p=107235#respond"]}]},{"@type":"WebPage","@id":"https:\/\/quehacerpolitico.mx\/?p=107235","url":"https:\/\/quehacerpolitico.mx\/?p=107235","name":"Fallece a los 82 a\u00f1os la gran Cristina Pacheco, escritora y periodista mexicana -","isPartOf":{"@id":"https:\/\/quehacerpolitico.mx\/#website"},"primaryImageOfPage":{"@id":"https:\/\/quehacerpolitico.mx\/?p=107235#primaryimage"},"image":{"@id":"https:\/\/quehacerpolitico.mx\/?p=107235#primaryimage"},"thumbnailUrl":"https:\/\/quehacerpolitico.mx\/wp-content\/uploads\/2023\/12\/IMG_2800.jpeg","datePublished":"2023-12-21T19:02:51+00:00","dateModified":"2023-12-21T19:02:55+00:00","author":{"@id":"https:\/\/quehacerpolitico.mx\/#\/schema\/person\/496d8ad2d1d3f8036101dca7ee39e585"},"breadcrumb":{"@id":"https:\/\/quehacerpolitico.mx\/?p=107235#breadcrumb"},"inLanguage":"es","potentialAction":[{"@type":"ReadAction","target":["https:\/\/quehacerpolitico.mx\/?p=107235"]}]},{"@type":"ImageObject","inLanguage":"es","@id":"https:\/\/quehacerpolitico.mx\/?p=107235#primaryimage","url":"https:\/\/quehacerpolitico.mx\/wp-content\/uploads\/2023\/12\/IMG_2800.jpeg","contentUrl":"https:\/\/quehacerpolitico.mx\/wp-content\/uploads\/2023\/12\/IMG_2800.jpeg","width":755,"height":406},{"@type":"BreadcrumbList","@id":"https:\/\/quehacerpolitico.mx\/?p=107235#breadcrumb","itemListElement":[{"@type":"ListItem","position":1,"name":"Inicio","item":"https:\/\/quehacerpolitico.mx\/"},{"@type":"ListItem","position":2,"name":"Fallece a los 82 a\u00f1os la gran Cristina Pacheco, escritora y periodista mexicana"}]},{"@type":"WebSite","@id":"https:\/\/quehacerpolitico.mx\/#website","url":"https:\/\/quehacerpolitico.mx\/","name":"","description":"","potentialAction":[{"@type":"SearchAction","target":{"@type":"EntryPoint","urlTemplate":"https:\/\/quehacerpolitico.mx\/?s={search_term_string}"},"query-input":{"@type":"PropertyValueSpecification","valueRequired":true,"valueName":"search_term_string"}}],"inLanguage":"es"},{"@type":"Person","@id":"https:\/\/quehacerpolitico.mx\/#\/schema\/person\/496d8ad2d1d3f8036101dca7ee39e585","name":"Redacci\u00f3n QP","image":{"@type":"ImageObject","inLanguage":"es","@id":"https:\/\/secure.gravatar.com\/avatar\/c7164ed6fdec453195284ad24a5ae5b6e1eed2b848477fa2a4787ba9adf39a41?s=96&d=mm&r=g","url":"https:\/\/secure.gravatar.com\/avatar\/c7164ed6fdec453195284ad24a5ae5b6e1eed2b848477fa2a4787ba9adf39a41?s=96&d=mm&r=g","contentUrl":"https:\/\/secure.gravatar.com\/avatar\/c7164ed6fdec453195284ad24a5ae5b6e1eed2b848477fa2a4787ba9adf39a41?s=96&d=mm&r=g","caption":"Redacci\u00f3n QP"},"url":"https:\/\/quehacerpolitico.mx\/?author=2"}]}},"featured_image_urls":{"full":["https:\/\/quehacerpolitico.mx\/wp-content\/uploads\/2023\/12\/IMG_2800.jpeg",755,406,false],"thumbnail":["https:\/\/quehacerpolitico.mx\/wp-content\/uploads\/2023\/12\/IMG_2800-150x150.jpeg",150,150,true],"medium":["https:\/\/quehacerpolitico.mx\/wp-content\/uploads\/2023\/12\/IMG_2800-300x161.jpeg",300,161,true],"medium_large":["https:\/\/quehacerpolitico.mx\/wp-content\/uploads\/2023\/12\/IMG_2800.jpeg",640,344,false],"large":["https:\/\/quehacerpolitico.mx\/wp-content\/uploads\/2023\/12\/IMG_2800.jpeg",640,344,false],"1536x1536":["https:\/\/quehacerpolitico.mx\/wp-content\/uploads\/2023\/12\/IMG_2800.jpeg",755,406,false],"2048x2048":["https:\/\/quehacerpolitico.mx\/wp-content\/uploads\/2023\/12\/IMG_2800.jpeg",755,406,false],"covernews-featured":["https:\/\/quehacerpolitico.mx\/wp-content\/uploads\/2023\/12\/IMG_2800.jpeg",755,406,false],"covernews-medium":["https:\/\/quehacerpolitico.mx\/wp-content\/uploads\/2023\/12\/IMG_2800.jpeg",540,290,false]},"author_info":{"display_name":"Redacci\u00f3n QP","author_link":"https:\/\/quehacerpolitico.mx\/?author=2"},"category_info":"<a href=\"https:\/\/quehacerpolitico.mx\/?cat=58\" rel=\"category\">Cultura y Entretenimiento<\/a>","tag_info":"Cultura y Entretenimiento","comment_count":"0","_links":{"self":[{"href":"https:\/\/quehacerpolitico.mx\/index.php?rest_route=\/wp\/v2\/posts\/107235","targetHints":{"allow":["GET"]}}],"collection":[{"href":"https:\/\/quehacerpolitico.mx\/index.php?rest_route=\/wp\/v2\/posts"}],"about":[{"href":"https:\/\/quehacerpolitico.mx\/index.php?rest_route=\/wp\/v2\/types\/post"}],"author":[{"embeddable":true,"href":"https:\/\/quehacerpolitico.mx\/index.php?rest_route=\/wp\/v2\/users\/2"}],"replies":[{"embeddable":true,"href":"https:\/\/quehacerpolitico.mx\/index.php?rest_route=%2Fwp%2Fv2%2Fcomments&post=107235"}],"version-history":[{"count":1,"href":"https:\/\/quehacerpolitico.mx\/index.php?rest_route=\/wp\/v2\/posts\/107235\/revisions"}],"predecessor-version":[{"id":107237,"href":"https:\/\/quehacerpolitico.mx\/index.php?rest_route=\/wp\/v2\/posts\/107235\/revisions\/107237"}],"wp:featuredmedia":[{"embeddable":true,"href":"https:\/\/quehacerpolitico.mx\/index.php?rest_route=\/wp\/v2\/media\/107236"}],"wp:attachment":[{"href":"https:\/\/quehacerpolitico.mx\/index.php?rest_route=%2Fwp%2Fv2%2Fmedia&parent=107235"}],"wp:term":[{"taxonomy":"category","embeddable":true,"href":"https:\/\/quehacerpolitico.mx\/index.php?rest_route=%2Fwp%2Fv2%2Fcategories&post=107235"},{"taxonomy":"post_tag","embeddable":true,"href":"https:\/\/quehacerpolitico.mx\/index.php?rest_route=%2Fwp%2Fv2%2Ftags&post=107235"}],"curies":[{"name":"wp","href":"https:\/\/api.w.org\/{rel}","templated":true}]}}