{"id":107204,"date":"2023-12-20T16:54:18","date_gmt":"2023-12-20T16:54:18","guid":{"rendered":"https:\/\/quehacerpolitico.mx\/?p=107204"},"modified":"2023-12-20T16:54:21","modified_gmt":"2023-12-20T16:54:21","slug":"gobierno-de-guerrero-tiene-previsto-tener-para-el-28-de-diciembre-un-total-de-cuatro-mil-534-habitaciones-en-127-hoteles-de-acapulco","status":"publish","type":"post","link":"https:\/\/quehacerpolitico.mx\/?p=107204","title":{"rendered":"Gobierno de\u00a0Guerrero\u00a0tiene previsto tener para el\u00a028 de diciembre\u00a0un total de\u00a0cuatro mil 534 habitaciones en 127 hoteles\u00a0de\u00a0Acapulco"},"content":{"rendered":"\n<p>Por Redacci\u00f3n QP<\/p>\n\n\n\n<p>Dichos hoteles con habitaciones disponibles para los turistas se encuentran en cuatro zonas de Acapulco, en Guerrero<\/p>\n\n\n\n<p>El Gobierno de\u00a0<strong>Guerrero<\/strong>\u00a0tiene previsto tener para el\u00a0<strong>28 de diciembre<\/strong>\u00a0un total de\u00a0<strong>cuatro mil 534 habitaciones en 127 hoteles\u00a0<\/strong>de<strong>\u00a0Acapulco<\/strong>, tras la devastaci\u00f3n ocasionada por el\u00a0<strong>hurac\u00e1n Otis<\/strong>.<\/p>\n\n\n\n<figure class=\"wp-block-embed is-type-video is-provider-youtube wp-block-embed-youtube wp-embed-aspect-16-9 wp-has-aspect-ratio\"><div class=\"wp-block-embed__wrapper\">\n<iframe loading=\"lazy\" title=\"Acapulco cierra el a\u00f1o con 127 hoteles y\u00a0m\u00e1s de 4 mil habitaciones\u00a0disponibles: Evelyn Salgado\" width=\"640\" height=\"360\" src=\"https:\/\/www.youtube.com\/embed\/SqShS_pHypg?feature=oembed\" frameborder=\"0\" allow=\"accelerometer; autoplay; clipboard-write; encrypted-media; gyroscope; picture-in-picture; web-share\" referrerpolicy=\"strict-origin-when-cross-origin\" allowfullscreen><\/iframe>\n<\/div><\/figure>\n\n\n\n<p>Lo anterior fue detallado por la gobernadora&nbsp;<strong>Evelyn Salgado Pineda<\/strong>&nbsp;en la conferencia matutina del presidente Andr\u00e9s Manuel L\u00f3pez Obrador, que se realiz\u00f3 esta ma\u00f1ana en el puerto de Acapulco con motivo del informe sobre la reconstrucci\u00f3n de la entidad a casi dos meses del impacto de Otis.<\/p>\n\n\n\n<p>Dichos hoteles con habitaciones disponibles para los turistas se encontrar\u00e1n en las zonas Tradicional (57), Dorada (58), Diamante (7) y Pie de la Cuesta (5).<\/p>\n\n\n\n<p>Saldo Pineda detaall\u00f3 que muchos restaurantes y comercios de esparcimiento ya reabrieron y se encuentran en funcionamiento un total de 162&nbsp;<strong>tiendas de autoservicio<\/strong>.<\/p>\n\n\n\n<p>Se han recogido 700 mil 420 toneladas de basura, adem\u00e1s de que se han llevado a cabo 87 mil 720 viajes de cami\u00f3n al relleno sanitario y limpiados mil 432 kil\u00f3metros lineales de calles.<\/p>\n\n\n\n<p>En cuanto aa servicios bancarios, la gobernadora de Guerrero recalc\u00f3 que est\u00e1 cubierto todo el municipio de Acapulco.<\/p>\n\n\n\n<p>El presidente\u00a0<strong>Andres Manuel\u00a0L\u00f3pez Obrador<\/strong>\u00a0asever\u00f3 que \u201cse est\u00e1\u00a0<strong>cumpliendo con todo<\/strong>\u201d en lo referente a la\u00a0<strong>recuperaci\u00f3n<\/strong>\u00a0de\u00a0<strong>Guerrero<\/strong>\u00a0tras la\u00a0<strong>devastaci\u00f3n<\/strong>\u00a0ocasionada por Otis<strong>.<\/strong><\/p>\n\n\n\n<figure class=\"wp-block-embed is-type-rich is-provider-twitter wp-block-embed-twitter\"><div class=\"wp-block-embed__wrapper\">\n<blockquote class=\"twitter-tweet\" data-width=\"550\" data-dnt=\"true\"><p lang=\"es\" dir=\"ltr\">El presidente L\u00f3pez Obrador afirm\u00f3 que \u201cse est\u00e1 cumpliendo con todo\u201d en lo referente a la recuperaci\u00f3n de Guerrero tras la devastaci\u00f3n ocasionada por el hurac\u00e1n Otis. <br><br>&quot;La gente est\u00e1 ayudando mucho, se est\u00e1 cumpliendo con todo\u201d, se\u00f1al\u00f3.<br><br>M\u00e1s, en <a href=\"https:\/\/t.co\/BjdELZkX5p\">https:\/\/t.co\/BjdELZkX5p<\/a> <a href=\"https:\/\/t.co\/7KvdVsCwwS\">pic.twitter.com\/7KvdVsCwwS<\/a><\/p>&mdash; Joaqu\u00edn L\u00f3pez-D\u00f3riga (@lopezdoriga) <a href=\"https:\/\/twitter.com\/lopezdoriga\/status\/1737468831147368633?ref_src=twsrc%5Etfw\">December 20, 2023<\/a><\/blockquote><script async src=\"https:\/\/platform.twitter.com\/widgets.js\" charset=\"utf-8\"><\/script>\n<\/div><\/figure>\n\n\n\n<p>El mandatario mexicano&nbsp;dej\u00f3 en claro que \u201c<strong>muy pronto<\/strong>\u201d se lograr\u00e1 el&nbsp;<strong>renacimiento<\/strong>&nbsp;de dicho puerto guerrerense.<\/p>\n\n\n\n<p>\u201cDesde el primer d\u00eda estamos trabajando y se est\u00e1 avanzando bastante, no hemos tenido contratiempos, la gente est\u00e1 ayudando mucho, se est\u00e1 cumpliendo con todo\u201d, dijo.<\/p>\n\n\n\n<p>Vamos a estar informando peri\u00f3dicamente para que pronto, muy pronto, se logre la recuperaci\u00f3n, el renacimiento de Acapulco, que es el objetivo principal\u201d, puntualiz\u00f3 el mandatario mexicano.<\/p>\n\n\n\n<p>El hurac\u00e1n Otis est\u00e1 a punto de cumplir dos meses desde su impacto en Guerrero, donde rompi\u00f3 el r\u00e9cord de intensificaci\u00f3n para un cicl\u00f3n en M\u00e9xico.<\/p>\n\n\n\n<figure class=\"wp-block-embed is-type-rich is-provider-twitter wp-block-embed-twitter\"><div class=\"wp-block-embed__wrapper\">\n<blockquote class=\"twitter-tweet\" data-width=\"550\" data-dnt=\"true\"><p lang=\"es\" dir=\"ltr\">AMLO verdaderamente dijo que en <a href=\"https:\/\/twitter.com\/hashtag\/Acapulco?src=hash&amp;ref_src=twsrc%5Etfw\">#Acapulco<\/a> ser\u00e1 mejor la Navidad tras el paso del hurac\u00e1n Otis porque &quot;hay muchas casas con foquitos de Navidad&quot;\ud83e\udee0 <a href=\"https:\/\/t.co\/Z43EU0z0PB\">pic.twitter.com\/Z43EU0z0PB<\/a><\/p>&mdash; Ruido en la Red (@RuidoEnLaRed) <a href=\"https:\/\/twitter.com\/RuidoEnLaRed\/status\/1737483411118289269?ref_src=twsrc%5Etfw\">December 20, 2023<\/a><\/blockquote><script async src=\"https:\/\/platform.twitter.com\/widgets.js\" charset=\"utf-8\"><\/script>\n<\/div><\/figure>\n\n\n\n<p>Familias de desaparecidos han protestado para cuestionar las labores de b\u00fasqueda del Gobierno de M\u00e9xico, que ha sido cuestionado por la cifra oficial de v\u00edctimas y la atenci\u00f3n tard\u00eda de los damnificados en Acapulco y&nbsp;<strong>Coyuca de Ben\u00edtez<\/strong>, los dos municipios m\u00e1s da\u00f1ados por el hurac\u00e1n.<\/p>\n\n\n\n<p>El Gobierno estim\u00f3 el 1 de noviembre en 61 mil 313 millones de pesos las reparaciones y apoyos sociales, pero la agencia Fitch calcul\u00f3 en 16 mil millones de d\u00f3lares las p\u00e9rdidas catastr\u00f3ficas y las c\u00e1maras empresariales previeron hasta 300 mil millones de pesos.<\/p>\n\n\n\n<p>La\u00a0<strong>Asociaci\u00f3n Mexicana de Instituciones de Seguros<\/strong>\u00a0(<strong>AMIS<\/strong>) ha recibido reportes por una estimaci\u00f3n de pago de 31 mil 900 millones de pesos de da\u00f1os ocasionados por Otis, siendo considerado el tercer evento de mayor impacto M\u00e9xico y el segundo hurac\u00e1n en la industria de seguros del pa\u00eds.<\/p>\n\n\n\n<figure class=\"wp-block-embed is-type-video is-provider-youtube wp-block-embed-youtube wp-embed-aspect-16-9 wp-has-aspect-ratio\"><div class=\"wp-block-embed__wrapper\">\n<iframe loading=\"lazy\" title=\"\u00a1ACAPULCO TENDR\u00c1 A\u00d1O NUEVO! | L\u00f3pez Obrador asegura que funcionar\u00e1n m\u00e1s de 120 hoteles\" width=\"640\" height=\"360\" src=\"https:\/\/www.youtube.com\/embed\/hdYI75zl8as?feature=oembed\" frameborder=\"0\" allow=\"accelerometer; autoplay; clipboard-write; encrypted-media; gyroscope; picture-in-picture; web-share\" referrerpolicy=\"strict-origin-when-cross-origin\" allowfullscreen><\/iframe>\n<\/div><\/figure>\n","protected":false},"excerpt":{"rendered":"<p>Por Redacci\u00f3n QP Dichos hoteles con habitaciones disponibles para los turistas se encuentran en cuatro&#8230;<\/p>\n","protected":false},"author":2,"featured_media":107205,"comment_status":"open","ping_status":"open","sticky":false,"template":"","format":"standard","meta":{"_monsterinsights_skip_tracking":false,"_monsterinsights_sitenote_active":false,"_monsterinsights_sitenote_note":"","_monsterinsights_sitenote_category":0,"footnotes":""},"categories":[56],"tags":[],"class_list":["post-107204","post","type-post","status-publish","format-standard","has-post-thumbnail","hentry","category-economia"],"yoast_head":"<!-- This site is optimized with the Yoast SEO plugin v27.3 - https:\/\/yoast.com\/product\/yoast-seo-wordpress\/ -->\n<title>Gobierno de\u00a0Guerrero\u00a0tiene previsto tener para el\u00a028 de diciembre\u00a0un total de\u00a0cuatro mil 534 habitaciones en 127 hoteles\u00a0de\u00a0Acapulco -<\/title>\n<meta name=\"robots\" content=\"index, follow, max-snippet:-1, max-image-preview:large, max-video-preview:-1\" \/>\n<link rel=\"canonical\" href=\"https:\/\/quehacerpolitico.mx\/?p=107204\" \/>\n<meta property=\"og:locale\" content=\"es_MX\" \/>\n<meta property=\"og:type\" content=\"article\" \/>\n<meta property=\"og:title\" content=\"Gobierno de\u00a0Guerrero\u00a0tiene previsto tener para el\u00a028 de diciembre\u00a0un total de\u00a0cuatro mil 534 habitaciones en 127 hoteles\u00a0de\u00a0Acapulco -\" \/>\n<meta property=\"og:description\" content=\"Por Redacci\u00f3n QP Dichos hoteles con habitaciones disponibles para los turistas se encuentran en cuatro...\" \/>\n<meta property=\"og:url\" content=\"https:\/\/quehacerpolitico.mx\/?p=107204\" \/>\n<meta property=\"article:published_time\" content=\"2023-12-20T16:54:18+00:00\" \/>\n<meta property=\"article:modified_time\" content=\"2023-12-20T16:54:21+00:00\" \/>\n<meta property=\"og:image\" content=\"https:\/\/quehacerpolitico.mx\/wp-content\/uploads\/2023\/12\/IMG_2775.jpeg\" \/>\n\t<meta property=\"og:image:width\" content=\"1284\" \/>\n\t<meta property=\"og:image:height\" content=\"699\" \/>\n\t<meta property=\"og:image:type\" content=\"image\/jpeg\" \/>\n<meta name=\"author\" content=\"Redacci\u00f3n QP\" \/>\n<meta name=\"twitter:card\" content=\"summary_large_image\" \/>\n<meta name=\"twitter:label1\" content=\"Escrito por\" \/>\n\t<meta name=\"twitter:data1\" content=\"Redacci\u00f3n QP\" \/>\n\t<meta name=\"twitter:label2\" content=\"Tiempo de lectura\" \/>\n\t<meta name=\"twitter:data2\" content=\"3 minutos\" \/>\n<script type=\"application\/ld+json\" class=\"yoast-schema-graph\">{\"@context\":\"https:\\\/\\\/schema.org\",\"@graph\":[{\"@type\":\"Article\",\"@id\":\"https:\\\/\\\/quehacerpolitico.mx\\\/?p=107204#article\",\"isPartOf\":{\"@id\":\"https:\\\/\\\/quehacerpolitico.mx\\\/?p=107204\"},\"author\":{\"name\":\"Redacci\u00f3n QP\",\"@id\":\"https:\\\/\\\/quehacerpolitico.mx\\\/#\\\/schema\\\/person\\\/496d8ad2d1d3f8036101dca7ee39e585\"},\"headline\":\"Gobierno de\u00a0Guerrero\u00a0tiene previsto tener para el\u00a028 de diciembre\u00a0un total de\u00a0cuatro mil 534 habitaciones en 127 hoteles\u00a0de\u00a0Acapulco\",\"datePublished\":\"2023-12-20T16:54:18+00:00\",\"dateModified\":\"2023-12-20T16:54:21+00:00\",\"mainEntityOfPage\":{\"@id\":\"https:\\\/\\\/quehacerpolitico.mx\\\/?p=107204\"},\"wordCount\":552,\"commentCount\":0,\"image\":{\"@id\":\"https:\\\/\\\/quehacerpolitico.mx\\\/?p=107204#primaryimage\"},\"thumbnailUrl\":\"https:\\\/\\\/quehacerpolitico.mx\\\/wp-content\\\/uploads\\\/2023\\\/12\\\/IMG_2775.jpeg\",\"articleSection\":[\"Econom\u00eda\"],\"inLanguage\":\"es\",\"potentialAction\":[{\"@type\":\"CommentAction\",\"name\":\"Comment\",\"target\":[\"https:\\\/\\\/quehacerpolitico.mx\\\/?p=107204#respond\"]}]},{\"@type\":\"WebPage\",\"@id\":\"https:\\\/\\\/quehacerpolitico.mx\\\/?p=107204\",\"url\":\"https:\\\/\\\/quehacerpolitico.mx\\\/?p=107204\",\"name\":\"Gobierno de\u00a0Guerrero\u00a0tiene previsto tener para el\u00a028 de diciembre\u00a0un total de\u00a0cuatro mil 534 habitaciones en 127 hoteles\u00a0de\u00a0Acapulco -\",\"isPartOf\":{\"@id\":\"https:\\\/\\\/quehacerpolitico.mx\\\/#website\"},\"primaryImageOfPage\":{\"@id\":\"https:\\\/\\\/quehacerpolitico.mx\\\/?p=107204#primaryimage\"},\"image\":{\"@id\":\"https:\\\/\\\/quehacerpolitico.mx\\\/?p=107204#primaryimage\"},\"thumbnailUrl\":\"https:\\\/\\\/quehacerpolitico.mx\\\/wp-content\\\/uploads\\\/2023\\\/12\\\/IMG_2775.jpeg\",\"datePublished\":\"2023-12-20T16:54:18+00:00\",\"dateModified\":\"2023-12-20T16:54:21+00:00\",\"author\":{\"@id\":\"https:\\\/\\\/quehacerpolitico.mx\\\/#\\\/schema\\\/person\\\/496d8ad2d1d3f8036101dca7ee39e585\"},\"breadcrumb\":{\"@id\":\"https:\\\/\\\/quehacerpolitico.mx\\\/?p=107204#breadcrumb\"},\"inLanguage\":\"es\",\"potentialAction\":[{\"@type\":\"ReadAction\",\"target\":[\"https:\\\/\\\/quehacerpolitico.mx\\\/?p=107204\"]}]},{\"@type\":\"ImageObject\",\"inLanguage\":\"es\",\"@id\":\"https:\\\/\\\/quehacerpolitico.mx\\\/?p=107204#primaryimage\",\"url\":\"https:\\\/\\\/quehacerpolitico.mx\\\/wp-content\\\/uploads\\\/2023\\\/12\\\/IMG_2775.jpeg\",\"contentUrl\":\"https:\\\/\\\/quehacerpolitico.mx\\\/wp-content\\\/uploads\\\/2023\\\/12\\\/IMG_2775.jpeg\",\"width\":1284,\"height\":699},{\"@type\":\"BreadcrumbList\",\"@id\":\"https:\\\/\\\/quehacerpolitico.mx\\\/?p=107204#breadcrumb\",\"itemListElement\":[{\"@type\":\"ListItem\",\"position\":1,\"name\":\"Inicio\",\"item\":\"https:\\\/\\\/quehacerpolitico.mx\\\/\"},{\"@type\":\"ListItem\",\"position\":2,\"name\":\"Gobierno de\u00a0Guerrero\u00a0tiene previsto tener para el\u00a028 de diciembre\u00a0un total de\u00a0cuatro mil 534 habitaciones en 127 hoteles\u00a0de\u00a0Acapulco\"}]},{\"@type\":\"WebSite\",\"@id\":\"https:\\\/\\\/quehacerpolitico.mx\\\/#website\",\"url\":\"https:\\\/\\\/quehacerpolitico.mx\\\/\",\"name\":\"\",\"description\":\"\",\"potentialAction\":[{\"@type\":\"SearchAction\",\"target\":{\"@type\":\"EntryPoint\",\"urlTemplate\":\"https:\\\/\\\/quehacerpolitico.mx\\\/?s={search_term_string}\"},\"query-input\":{\"@type\":\"PropertyValueSpecification\",\"valueRequired\":true,\"valueName\":\"search_term_string\"}}],\"inLanguage\":\"es\"},{\"@type\":\"Person\",\"@id\":\"https:\\\/\\\/quehacerpolitico.mx\\\/#\\\/schema\\\/person\\\/496d8ad2d1d3f8036101dca7ee39e585\",\"name\":\"Redacci\u00f3n QP\",\"image\":{\"@type\":\"ImageObject\",\"inLanguage\":\"es\",\"@id\":\"https:\\\/\\\/secure.gravatar.com\\\/avatar\\\/c7164ed6fdec453195284ad24a5ae5b6e1eed2b848477fa2a4787ba9adf39a41?s=96&d=mm&r=g\",\"url\":\"https:\\\/\\\/secure.gravatar.com\\\/avatar\\\/c7164ed6fdec453195284ad24a5ae5b6e1eed2b848477fa2a4787ba9adf39a41?s=96&d=mm&r=g\",\"contentUrl\":\"https:\\\/\\\/secure.gravatar.com\\\/avatar\\\/c7164ed6fdec453195284ad24a5ae5b6e1eed2b848477fa2a4787ba9adf39a41?s=96&d=mm&r=g\",\"caption\":\"Redacci\u00f3n QP\"},\"url\":\"https:\\\/\\\/quehacerpolitico.mx\\\/?author=2\"}]}<\/script>\n<!-- \/ Yoast SEO plugin. -->","yoast_head_json":{"title":"Gobierno de\u00a0Guerrero\u00a0tiene previsto tener para el\u00a028 de diciembre\u00a0un total de\u00a0cuatro mil 534 habitaciones en 127 hoteles\u00a0de\u00a0Acapulco -","robots":{"index":"index","follow":"follow","max-snippet":"max-snippet:-1","max-image-preview":"max-image-preview:large","max-video-preview":"max-video-preview:-1"},"canonical":"https:\/\/quehacerpolitico.mx\/?p=107204","og_locale":"es_MX","og_type":"article","og_title":"Gobierno de\u00a0Guerrero\u00a0tiene previsto tener para el\u00a028 de diciembre\u00a0un total de\u00a0cuatro mil 534 habitaciones en 127 hoteles\u00a0de\u00a0Acapulco -","og_description":"Por Redacci\u00f3n QP Dichos hoteles con habitaciones disponibles para los turistas se encuentran en cuatro...","og_url":"https:\/\/quehacerpolitico.mx\/?p=107204","article_published_time":"2023-12-20T16:54:18+00:00","article_modified_time":"2023-12-20T16:54:21+00:00","og_image":[{"width":1284,"height":699,"url":"https:\/\/quehacerpolitico.mx\/wp-content\/uploads\/2023\/12\/IMG_2775.jpeg","type":"image\/jpeg"}],"author":"Redacci\u00f3n QP","twitter_card":"summary_large_image","twitter_misc":{"Escrito por":"Redacci\u00f3n QP","Tiempo de lectura":"3 minutos"},"schema":{"@context":"https:\/\/schema.org","@graph":[{"@type":"Article","@id":"https:\/\/quehacerpolitico.mx\/?p=107204#article","isPartOf":{"@id":"https:\/\/quehacerpolitico.mx\/?p=107204"},"author":{"name":"Redacci\u00f3n QP","@id":"https:\/\/quehacerpolitico.mx\/#\/schema\/person\/496d8ad2d1d3f8036101dca7ee39e585"},"headline":"Gobierno de\u00a0Guerrero\u00a0tiene previsto tener para el\u00a028 de diciembre\u00a0un total de\u00a0cuatro mil 534 habitaciones en 127 hoteles\u00a0de\u00a0Acapulco","datePublished":"2023-12-20T16:54:18+00:00","dateModified":"2023-12-20T16:54:21+00:00","mainEntityOfPage":{"@id":"https:\/\/quehacerpolitico.mx\/?p=107204"},"wordCount":552,"commentCount":0,"image":{"@id":"https:\/\/quehacerpolitico.mx\/?p=107204#primaryimage"},"thumbnailUrl":"https:\/\/quehacerpolitico.mx\/wp-content\/uploads\/2023\/12\/IMG_2775.jpeg","articleSection":["Econom\u00eda"],"inLanguage":"es","potentialAction":[{"@type":"CommentAction","name":"Comment","target":["https:\/\/quehacerpolitico.mx\/?p=107204#respond"]}]},{"@type":"WebPage","@id":"https:\/\/quehacerpolitico.mx\/?p=107204","url":"https:\/\/quehacerpolitico.mx\/?p=107204","name":"Gobierno de\u00a0Guerrero\u00a0tiene previsto tener para el\u00a028 de diciembre\u00a0un total de\u00a0cuatro mil 534 habitaciones en 127 hoteles\u00a0de\u00a0Acapulco -","isPartOf":{"@id":"https:\/\/quehacerpolitico.mx\/#website"},"primaryImageOfPage":{"@id":"https:\/\/quehacerpolitico.mx\/?p=107204#primaryimage"},"image":{"@id":"https:\/\/quehacerpolitico.mx\/?p=107204#primaryimage"},"thumbnailUrl":"https:\/\/quehacerpolitico.mx\/wp-content\/uploads\/2023\/12\/IMG_2775.jpeg","datePublished":"2023-12-20T16:54:18+00:00","dateModified":"2023-12-20T16:54:21+00:00","author":{"@id":"https:\/\/quehacerpolitico.mx\/#\/schema\/person\/496d8ad2d1d3f8036101dca7ee39e585"},"breadcrumb":{"@id":"https:\/\/quehacerpolitico.mx\/?p=107204#breadcrumb"},"inLanguage":"es","potentialAction":[{"@type":"ReadAction","target":["https:\/\/quehacerpolitico.mx\/?p=107204"]}]},{"@type":"ImageObject","inLanguage":"es","@id":"https:\/\/quehacerpolitico.mx\/?p=107204#primaryimage","url":"https:\/\/quehacerpolitico.mx\/wp-content\/uploads\/2023\/12\/IMG_2775.jpeg","contentUrl":"https:\/\/quehacerpolitico.mx\/wp-content\/uploads\/2023\/12\/IMG_2775.jpeg","width":1284,"height":699},{"@type":"BreadcrumbList","@id":"https:\/\/quehacerpolitico.mx\/?p=107204#breadcrumb","itemListElement":[{"@type":"ListItem","position":1,"name":"Inicio","item":"https:\/\/quehacerpolitico.mx\/"},{"@type":"ListItem","position":2,"name":"Gobierno de\u00a0Guerrero\u00a0tiene previsto tener para el\u00a028 de diciembre\u00a0un total de\u00a0cuatro mil 534 habitaciones en 127 hoteles\u00a0de\u00a0Acapulco"}]},{"@type":"WebSite","@id":"https:\/\/quehacerpolitico.mx\/#website","url":"https:\/\/quehacerpolitico.mx\/","name":"","description":"","potentialAction":[{"@type":"SearchAction","target":{"@type":"EntryPoint","urlTemplate":"https:\/\/quehacerpolitico.mx\/?s={search_term_string}"},"query-input":{"@type":"PropertyValueSpecification","valueRequired":true,"valueName":"search_term_string"}}],"inLanguage":"es"},{"@type":"Person","@id":"https:\/\/quehacerpolitico.mx\/#\/schema\/person\/496d8ad2d1d3f8036101dca7ee39e585","name":"Redacci\u00f3n QP","image":{"@type":"ImageObject","inLanguage":"es","@id":"https:\/\/secure.gravatar.com\/avatar\/c7164ed6fdec453195284ad24a5ae5b6e1eed2b848477fa2a4787ba9adf39a41?s=96&d=mm&r=g","url":"https:\/\/secure.gravatar.com\/avatar\/c7164ed6fdec453195284ad24a5ae5b6e1eed2b848477fa2a4787ba9adf39a41?s=96&d=mm&r=g","contentUrl":"https:\/\/secure.gravatar.com\/avatar\/c7164ed6fdec453195284ad24a5ae5b6e1eed2b848477fa2a4787ba9adf39a41?s=96&d=mm&r=g","caption":"Redacci\u00f3n QP"},"url":"https:\/\/quehacerpolitico.mx\/?author=2"}]}},"featured_image_urls":{"full":["https:\/\/quehacerpolitico.mx\/wp-content\/uploads\/2023\/12\/IMG_2775.jpeg",1284,699,false],"thumbnail":["https:\/\/quehacerpolitico.mx\/wp-content\/uploads\/2023\/12\/IMG_2775-150x150.jpeg",150,150,true],"medium":["https:\/\/quehacerpolitico.mx\/wp-content\/uploads\/2023\/12\/IMG_2775-300x163.jpeg",300,163,true],"medium_large":["https:\/\/quehacerpolitico.mx\/wp-content\/uploads\/2023\/12\/IMG_2775-768x418.jpeg",640,348,true],"large":["https:\/\/quehacerpolitico.mx\/wp-content\/uploads\/2023\/12\/IMG_2775-1024x557.jpeg",640,348,true],"1536x1536":["https:\/\/quehacerpolitico.mx\/wp-content\/uploads\/2023\/12\/IMG_2775.jpeg",1284,699,false],"2048x2048":["https:\/\/quehacerpolitico.mx\/wp-content\/uploads\/2023\/12\/IMG_2775.jpeg",1284,699,false],"covernews-featured":["https:\/\/quehacerpolitico.mx\/wp-content\/uploads\/2023\/12\/IMG_2775.jpeg",1024,557,false],"covernews-medium":["https:\/\/quehacerpolitico.mx\/wp-content\/uploads\/2023\/12\/IMG_2775.jpeg",540,294,false]},"author_info":{"display_name":"Redacci\u00f3n QP","author_link":"https:\/\/quehacerpolitico.mx\/?author=2"},"category_info":"<a href=\"https:\/\/quehacerpolitico.mx\/?cat=56\" rel=\"category\">Econom\u00eda<\/a>","tag_info":"Econom\u00eda","comment_count":"0","_links":{"self":[{"href":"https:\/\/quehacerpolitico.mx\/index.php?rest_route=\/wp\/v2\/posts\/107204","targetHints":{"allow":["GET"]}}],"collection":[{"href":"https:\/\/quehacerpolitico.mx\/index.php?rest_route=\/wp\/v2\/posts"}],"about":[{"href":"https:\/\/quehacerpolitico.mx\/index.php?rest_route=\/wp\/v2\/types\/post"}],"author":[{"embeddable":true,"href":"https:\/\/quehacerpolitico.mx\/index.php?rest_route=\/wp\/v2\/users\/2"}],"replies":[{"embeddable":true,"href":"https:\/\/quehacerpolitico.mx\/index.php?rest_route=%2Fwp%2Fv2%2Fcomments&post=107204"}],"version-history":[{"count":1,"href":"https:\/\/quehacerpolitico.mx\/index.php?rest_route=\/wp\/v2\/posts\/107204\/revisions"}],"predecessor-version":[{"id":107206,"href":"https:\/\/quehacerpolitico.mx\/index.php?rest_route=\/wp\/v2\/posts\/107204\/revisions\/107206"}],"wp:featuredmedia":[{"embeddable":true,"href":"https:\/\/quehacerpolitico.mx\/index.php?rest_route=\/wp\/v2\/media\/107205"}],"wp:attachment":[{"href":"https:\/\/quehacerpolitico.mx\/index.php?rest_route=%2Fwp%2Fv2%2Fmedia&parent=107204"}],"wp:term":[{"taxonomy":"category","embeddable":true,"href":"https:\/\/quehacerpolitico.mx\/index.php?rest_route=%2Fwp%2Fv2%2Fcategories&post=107204"},{"taxonomy":"post_tag","embeddable":true,"href":"https:\/\/quehacerpolitico.mx\/index.php?rest_route=%2Fwp%2Fv2%2Ftags&post=107204"}],"curies":[{"name":"wp","href":"https:\/\/api.w.org\/{rel}","templated":true}]}}