{"id":10720,"date":"2018-12-01T21:28:37","date_gmt":"2018-12-01T21:28:37","guid":{"rendered":"http:\/\/quehacerpolitico.mx\/cuitlahuac-garcia-declara-emergencia-humanitaria-por-las-desapariciones-en-veracruz\/"},"modified":"2018-12-01T21:28:37","modified_gmt":"2018-12-01T21:28:37","slug":"cuitlahuac-garcia-declara-emergencia-humanitaria-por-las-desapariciones-en-veracruz","status":"publish","type":"post","link":"https:\/\/quehacerpolitico.mx\/?p=10720","title":{"rendered":"Cuitl\u00e1huac Garc\u00eda declara emergencia humanitaria por las desapariciones en Veracruz"},"content":{"rendered":"<h1>Cuitl\u00e1huac Garc\u00eda declara emergencia humanitaria por las desapariciones en Veracruz<\/h1>\n<p>Por Redacci\u00f3n QP<\/p>\n<p>El<strong> Gobierno de Veracruz<\/strong> emiti\u00f3 hoy una<strong> declaraci\u00f3n de emergencia humanitaria<\/strong><strong>por<\/strong> la <strong>desaparici\u00f3n<\/strong> de miles de personas a consecuencia de la operaci\u00f3n de carteles del narcotr\u00e1fico y su combate oficial.<\/p>\n<p>En su toma de posesi\u00f3n como Gobernador de Veracruz, Cuitl\u00e1huac Garc\u00eda Jim\u00e9nez (2018-2024), militante del partido Morena, del Presidente Andr\u00e9s Manuel L\u00f3pez Obrador, anunci\u00f3 la declaraci\u00f3n, \u00fanica en su tipo en M\u00e9xico.<\/p>\n<blockquote>\n<p>El nuevo gobernante llam\u00f3 a las organizaciones internacionales de derechos humanos, incluida Naciones Unidas, a participar en un Plan de Emergencia que incluya b\u00fasqueda de desaparecidos, identificaci\u00f3n de cuerpos localizados en fosas (cementerios) clandestinas y ayuda a v\u00edctimas.<\/p>\n<p>La llamada \u201cDeclaratoria de Programa Emergente por Crisis de Violaciones de Derechos Humanos en Materia de Desaparici\u00f3n de Personas en Veracruz\u201d, que cont\u00f3 con el respaldo de colectivos de familiares de desaparecidos, fue presentada en el pleno del Congreso (Parlamento) de esa entidad, asentada en el Golfo de M\u00e9xico.<\/p>\n<p>En Veracruz se tiene un registro oficial de 5 mil personas desaparecidas en la \u00faltima d\u00e9cada, pero las organizaciones de b\u00fasqueda de personas sit\u00faan la cifra en 20 mil.<\/p>\n<blockquote>\n<p>Y en los \u00faltimos ocho a\u00f1os suman de manera oficial al menos 601 fosas clandestinas en territorio veracruzano, donde han sido hallados 518 cuerpos, 560 cr\u00e1neos y 53 mil 606 fragmentos de personas, tanto hombres, mujeres y ni\u00f1os.<\/p>\n<\/blockquote>\n<p>Veracruz ha estado sumido en una lucha entre tres carteles de la droga: Los Zetas, El Golfo y Jalisco Nueva Generaci\u00f3n y por la acci\u00f3n en su contra por parte de efectivos de la Secretar\u00eda de Marina, Ej\u00e9rcito Mexicano y Polic\u00eda Estatal.<\/p>\n<p>\u201cMe duele, nos duele haber llegado a estos extremos. El Estado fallido quiso esconder, en sus rincones burocr\u00e1ticos de supuesta justicia, retardada y torpe, acontecimientos que lastimaban a miles de familias\u201d, dijo Garc\u00eda Jim\u00e9nez.<\/p>\n<p>En su discurso oficial emitido en el primer minuto de hoy, lament\u00f3 que anteriores autoridades hayan sido omisos, faltos de voluntad expedita, que se hayan sustra\u00eddo de la realidad, ya sea por perversidad, indolencia o el calificativo deplorable que haya caracterizado.<\/p>\n<p>Con la declaraci\u00f3n de emergencia, el Gobierno de Veracruz establece un Programa Emergente de ayuda, atenci\u00f3n, asistencia, protecci\u00f3n, acceso a la justicia, acceso a la verdad y reparaci\u00f3n de las v\u00edctimas.<\/p>\n<blockquote>\n<p>Hizo un llamamiento a organismos de los sistemas internacional e interamericano de derechos humanos y a las agencias de cooperaci\u00f3n internacional a apoyar la implementaci\u00f3n de un Plan de Acci\u00f3n, a trav\u00e9s de cooperaci\u00f3n, financiamiento y asistencia.<\/p>\n<\/blockquote>\n<p>El plan contempla dar seguimiento a los hallazgos y peritajes en fosas clandestinas; ofrecer una disculpa p\u00fablica oficial a las v\u00edctimas; dotar de recursos econ\u00f3micos a diversos fondos de atenci\u00f3n a v\u00edctimas.<\/p>\n<p>La creaci\u00f3n de centro o instituto forense y de procesamiento de restos humanos; un programa de medidas de prevenci\u00f3n en materia de desaparici\u00f3n de personas; y la creaci\u00f3n de una polic\u00eda especializada, entre otros puntos.<\/p>\n<blockquote>\n<p>\u201cMadres veracruzanas y familias de seres, tesoros, que hoy no est\u00e1n con ustedes por desaparici\u00f3n. Ustedes me han hecho saber que llevan ese pesar en su coraz\u00f3n y les digo: ah\u00ed donde hay dolor, hoy se fortalece la esperanza de la verdad\u201d, afirm\u00f3.<\/p>\n<\/blockquote>\n<p>Ante docenas de madres de hijos desaparecidos, les dijo que ah\u00ed donde quiere habitar la tristeza para siempre, hoy nace una nueva luz por quienes f\u00edsicamente no est\u00e1n.<\/p>\n<p>\u201cNo estemos solo tristes por su desaparici\u00f3n, no olvidemos que el cobijo de su amor los hace presentes. Tambi\u00e9n abriguemos la esperanza porque los vamos a buscar hasta encontrarlos\u201d, concluy\u00f3.<\/p>\n<\/blockquote>\n","protected":false},"excerpt":{"rendered":"<p>Cuitl\u00e1huac Garc\u00eda declara emergencia humanitaria por las desapariciones en Veracruz<\/p>\n","protected":false},"author":2,"featured_media":10719,"comment_status":"open","ping_status":"open","sticky":false,"template":"","format":"standard","meta":{"_monsterinsights_skip_tracking":false,"_monsterinsights_sitenote_active":false,"_monsterinsights_sitenote_note":"","_monsterinsights_sitenote_category":0,"footnotes":""},"categories":[2],"tags":[],"class_list":["post-10720","post","type-post","status-publish","format-standard","has-post-thumbnail","hentry","category-noticias"],"yoast_head":"<!-- This site is optimized with the Yoast SEO plugin v27.3 - https:\/\/yoast.com\/product\/yoast-seo-wordpress\/ -->\n<title>Cuitl\u00e1huac Garc\u00eda declara emergencia humanitaria por las desapariciones en Veracruz -<\/title>\n<meta name=\"robots\" content=\"index, follow, max-snippet:-1, max-image-preview:large, max-video-preview:-1\" \/>\n<link rel=\"canonical\" href=\"https:\/\/quehacerpolitico.mx\/?p=10720\" \/>\n<meta property=\"og:locale\" content=\"es_MX\" \/>\n<meta property=\"og:type\" content=\"article\" \/>\n<meta property=\"og:title\" content=\"Cuitl\u00e1huac Garc\u00eda declara emergencia humanitaria por las desapariciones en Veracruz -\" \/>\n<meta property=\"og:description\" content=\"Cuitl\u00e1huac Garc\u00eda declara emergencia humanitaria por las desapariciones en Veracruz\" \/>\n<meta property=\"og:url\" content=\"https:\/\/quehacerpolitico.mx\/?p=10720\" \/>\n<meta property=\"article:published_time\" content=\"2018-12-01T21:28:37+00:00\" \/>\n<meta name=\"author\" content=\"Redacci\u00f3n QP\" \/>\n<meta name=\"twitter:card\" content=\"summary_large_image\" \/>\n<meta name=\"twitter:label1\" content=\"Escrito por\" \/>\n\t<meta name=\"twitter:data1\" content=\"Redacci\u00f3n QP\" \/>\n\t<meta name=\"twitter:label2\" content=\"Tiempo de lectura\" \/>\n\t<meta name=\"twitter:data2\" content=\"3 minutos\" \/>\n<script type=\"application\/ld+json\" class=\"yoast-schema-graph\">{\"@context\":\"https:\\\/\\\/schema.org\",\"@graph\":[{\"@type\":\"Article\",\"@id\":\"https:\\\/\\\/quehacerpolitico.mx\\\/?p=10720#article\",\"isPartOf\":{\"@id\":\"https:\\\/\\\/quehacerpolitico.mx\\\/?p=10720\"},\"author\":{\"name\":\"Redacci\u00f3n QP\",\"@id\":\"https:\\\/\\\/quehacerpolitico.mx\\\/#\\\/schema\\\/person\\\/496d8ad2d1d3f8036101dca7ee39e585\"},\"headline\":\"Cuitl\u00e1huac Garc\u00eda declara emergencia humanitaria por las desapariciones en Veracruz\",\"datePublished\":\"2018-12-01T21:28:37+00:00\",\"mainEntityOfPage\":{\"@id\":\"https:\\\/\\\/quehacerpolitico.mx\\\/?p=10720\"},\"wordCount\":650,\"commentCount\":0,\"image\":{\"@id\":\"https:\\\/\\\/quehacerpolitico.mx\\\/?p=10720#primaryimage\"},\"thumbnailUrl\":\"\",\"articleSection\":[\"Noticias\"],\"inLanguage\":\"es\",\"potentialAction\":[{\"@type\":\"CommentAction\",\"name\":\"Comment\",\"target\":[\"https:\\\/\\\/quehacerpolitico.mx\\\/?p=10720#respond\"]}]},{\"@type\":\"WebPage\",\"@id\":\"https:\\\/\\\/quehacerpolitico.mx\\\/?p=10720\",\"url\":\"https:\\\/\\\/quehacerpolitico.mx\\\/?p=10720\",\"name\":\"Cuitl\u00e1huac Garc\u00eda declara emergencia humanitaria por las desapariciones en Veracruz -\",\"isPartOf\":{\"@id\":\"https:\\\/\\\/quehacerpolitico.mx\\\/#website\"},\"primaryImageOfPage\":{\"@id\":\"https:\\\/\\\/quehacerpolitico.mx\\\/?p=10720#primaryimage\"},\"image\":{\"@id\":\"https:\\\/\\\/quehacerpolitico.mx\\\/?p=10720#primaryimage\"},\"thumbnailUrl\":\"\",\"datePublished\":\"2018-12-01T21:28:37+00:00\",\"author\":{\"@id\":\"https:\\\/\\\/quehacerpolitico.mx\\\/#\\\/schema\\\/person\\\/496d8ad2d1d3f8036101dca7ee39e585\"},\"breadcrumb\":{\"@id\":\"https:\\\/\\\/quehacerpolitico.mx\\\/?p=10720#breadcrumb\"},\"inLanguage\":\"es\",\"potentialAction\":[{\"@type\":\"ReadAction\",\"target\":[\"https:\\\/\\\/quehacerpolitico.mx\\\/?p=10720\"]}]},{\"@type\":\"ImageObject\",\"inLanguage\":\"es\",\"@id\":\"https:\\\/\\\/quehacerpolitico.mx\\\/?p=10720#primaryimage\",\"url\":\"\",\"contentUrl\":\"\"},{\"@type\":\"BreadcrumbList\",\"@id\":\"https:\\\/\\\/quehacerpolitico.mx\\\/?p=10720#breadcrumb\",\"itemListElement\":[{\"@type\":\"ListItem\",\"position\":1,\"name\":\"Inicio\",\"item\":\"https:\\\/\\\/quehacerpolitico.mx\\\/\"},{\"@type\":\"ListItem\",\"position\":2,\"name\":\"Cuitl\u00e1huac Garc\u00eda declara emergencia humanitaria por las desapariciones en Veracruz\"}]},{\"@type\":\"WebSite\",\"@id\":\"https:\\\/\\\/quehacerpolitico.mx\\\/#website\",\"url\":\"https:\\\/\\\/quehacerpolitico.mx\\\/\",\"name\":\"\",\"description\":\"\",\"potentialAction\":[{\"@type\":\"SearchAction\",\"target\":{\"@type\":\"EntryPoint\",\"urlTemplate\":\"https:\\\/\\\/quehacerpolitico.mx\\\/?s={search_term_string}\"},\"query-input\":{\"@type\":\"PropertyValueSpecification\",\"valueRequired\":true,\"valueName\":\"search_term_string\"}}],\"inLanguage\":\"es\"},{\"@type\":\"Person\",\"@id\":\"https:\\\/\\\/quehacerpolitico.mx\\\/#\\\/schema\\\/person\\\/496d8ad2d1d3f8036101dca7ee39e585\",\"name\":\"Redacci\u00f3n QP\",\"image\":{\"@type\":\"ImageObject\",\"inLanguage\":\"es\",\"@id\":\"https:\\\/\\\/secure.gravatar.com\\\/avatar\\\/c7164ed6fdec453195284ad24a5ae5b6e1eed2b848477fa2a4787ba9adf39a41?s=96&d=mm&r=g\",\"url\":\"https:\\\/\\\/secure.gravatar.com\\\/avatar\\\/c7164ed6fdec453195284ad24a5ae5b6e1eed2b848477fa2a4787ba9adf39a41?s=96&d=mm&r=g\",\"contentUrl\":\"https:\\\/\\\/secure.gravatar.com\\\/avatar\\\/c7164ed6fdec453195284ad24a5ae5b6e1eed2b848477fa2a4787ba9adf39a41?s=96&d=mm&r=g\",\"caption\":\"Redacci\u00f3n QP\"},\"url\":\"https:\\\/\\\/quehacerpolitico.mx\\\/?author=2\"}]}<\/script>\n<!-- \/ Yoast SEO plugin. -->","yoast_head_json":{"title":"Cuitl\u00e1huac Garc\u00eda declara emergencia humanitaria por las desapariciones en Veracruz -","robots":{"index":"index","follow":"follow","max-snippet":"max-snippet:-1","max-image-preview":"max-image-preview:large","max-video-preview":"max-video-preview:-1"},"canonical":"https:\/\/quehacerpolitico.mx\/?p=10720","og_locale":"es_MX","og_type":"article","og_title":"Cuitl\u00e1huac Garc\u00eda declara emergencia humanitaria por las desapariciones en Veracruz -","og_description":"Cuitl\u00e1huac Garc\u00eda declara emergencia humanitaria por las desapariciones en Veracruz","og_url":"https:\/\/quehacerpolitico.mx\/?p=10720","article_published_time":"2018-12-01T21:28:37+00:00","author":"Redacci\u00f3n QP","twitter_card":"summary_large_image","twitter_misc":{"Escrito por":"Redacci\u00f3n QP","Tiempo de lectura":"3 minutos"},"schema":{"@context":"https:\/\/schema.org","@graph":[{"@type":"Article","@id":"https:\/\/quehacerpolitico.mx\/?p=10720#article","isPartOf":{"@id":"https:\/\/quehacerpolitico.mx\/?p=10720"},"author":{"name":"Redacci\u00f3n QP","@id":"https:\/\/quehacerpolitico.mx\/#\/schema\/person\/496d8ad2d1d3f8036101dca7ee39e585"},"headline":"Cuitl\u00e1huac Garc\u00eda declara emergencia humanitaria por las desapariciones en Veracruz","datePublished":"2018-12-01T21:28:37+00:00","mainEntityOfPage":{"@id":"https:\/\/quehacerpolitico.mx\/?p=10720"},"wordCount":650,"commentCount":0,"image":{"@id":"https:\/\/quehacerpolitico.mx\/?p=10720#primaryimage"},"thumbnailUrl":"","articleSection":["Noticias"],"inLanguage":"es","potentialAction":[{"@type":"CommentAction","name":"Comment","target":["https:\/\/quehacerpolitico.mx\/?p=10720#respond"]}]},{"@type":"WebPage","@id":"https:\/\/quehacerpolitico.mx\/?p=10720","url":"https:\/\/quehacerpolitico.mx\/?p=10720","name":"Cuitl\u00e1huac Garc\u00eda declara emergencia humanitaria por las desapariciones en Veracruz -","isPartOf":{"@id":"https:\/\/quehacerpolitico.mx\/#website"},"primaryImageOfPage":{"@id":"https:\/\/quehacerpolitico.mx\/?p=10720#primaryimage"},"image":{"@id":"https:\/\/quehacerpolitico.mx\/?p=10720#primaryimage"},"thumbnailUrl":"","datePublished":"2018-12-01T21:28:37+00:00","author":{"@id":"https:\/\/quehacerpolitico.mx\/#\/schema\/person\/496d8ad2d1d3f8036101dca7ee39e585"},"breadcrumb":{"@id":"https:\/\/quehacerpolitico.mx\/?p=10720#breadcrumb"},"inLanguage":"es","potentialAction":[{"@type":"ReadAction","target":["https:\/\/quehacerpolitico.mx\/?p=10720"]}]},{"@type":"ImageObject","inLanguage":"es","@id":"https:\/\/quehacerpolitico.mx\/?p=10720#primaryimage","url":"","contentUrl":""},{"@type":"BreadcrumbList","@id":"https:\/\/quehacerpolitico.mx\/?p=10720#breadcrumb","itemListElement":[{"@type":"ListItem","position":1,"name":"Inicio","item":"https:\/\/quehacerpolitico.mx\/"},{"@type":"ListItem","position":2,"name":"Cuitl\u00e1huac Garc\u00eda declara emergencia humanitaria por las desapariciones en Veracruz"}]},{"@type":"WebSite","@id":"https:\/\/quehacerpolitico.mx\/#website","url":"https:\/\/quehacerpolitico.mx\/","name":"","description":"","potentialAction":[{"@type":"SearchAction","target":{"@type":"EntryPoint","urlTemplate":"https:\/\/quehacerpolitico.mx\/?s={search_term_string}"},"query-input":{"@type":"PropertyValueSpecification","valueRequired":true,"valueName":"search_term_string"}}],"inLanguage":"es"},{"@type":"Person","@id":"https:\/\/quehacerpolitico.mx\/#\/schema\/person\/496d8ad2d1d3f8036101dca7ee39e585","name":"Redacci\u00f3n QP","image":{"@type":"ImageObject","inLanguage":"es","@id":"https:\/\/secure.gravatar.com\/avatar\/c7164ed6fdec453195284ad24a5ae5b6e1eed2b848477fa2a4787ba9adf39a41?s=96&d=mm&r=g","url":"https:\/\/secure.gravatar.com\/avatar\/c7164ed6fdec453195284ad24a5ae5b6e1eed2b848477fa2a4787ba9adf39a41?s=96&d=mm&r=g","contentUrl":"https:\/\/secure.gravatar.com\/avatar\/c7164ed6fdec453195284ad24a5ae5b6e1eed2b848477fa2a4787ba9adf39a41?s=96&d=mm&r=g","caption":"Redacci\u00f3n QP"},"url":"https:\/\/quehacerpolitico.mx\/?author=2"}]}},"featured_image_urls":{"full":"","thumbnail":"","medium":"","medium_large":"","large":"","1536x1536":"","2048x2048":"","covernews-featured":"","covernews-medium":""},"author_info":{"display_name":"Redacci\u00f3n QP","author_link":"https:\/\/quehacerpolitico.mx\/?author=2"},"category_info":"<a href=\"https:\/\/quehacerpolitico.mx\/?cat=2\" rel=\"category\">Noticias<\/a>","tag_info":"Noticias","comment_count":"0","_links":{"self":[{"href":"https:\/\/quehacerpolitico.mx\/index.php?rest_route=\/wp\/v2\/posts\/10720","targetHints":{"allow":["GET"]}}],"collection":[{"href":"https:\/\/quehacerpolitico.mx\/index.php?rest_route=\/wp\/v2\/posts"}],"about":[{"href":"https:\/\/quehacerpolitico.mx\/index.php?rest_route=\/wp\/v2\/types\/post"}],"author":[{"embeddable":true,"href":"https:\/\/quehacerpolitico.mx\/index.php?rest_route=\/wp\/v2\/users\/2"}],"replies":[{"embeddable":true,"href":"https:\/\/quehacerpolitico.mx\/index.php?rest_route=%2Fwp%2Fv2%2Fcomments&post=10720"}],"version-history":[{"count":0,"href":"https:\/\/quehacerpolitico.mx\/index.php?rest_route=\/wp\/v2\/posts\/10720\/revisions"}],"wp:featuredmedia":[{"embeddable":true,"href":"https:\/\/quehacerpolitico.mx\/index.php?rest_route=\/"}],"wp:attachment":[{"href":"https:\/\/quehacerpolitico.mx\/index.php?rest_route=%2Fwp%2Fv2%2Fmedia&parent=10720"}],"wp:term":[{"taxonomy":"category","embeddable":true,"href":"https:\/\/quehacerpolitico.mx\/index.php?rest_route=%2Fwp%2Fv2%2Fcategories&post=10720"},{"taxonomy":"post_tag","embeddable":true,"href":"https:\/\/quehacerpolitico.mx\/index.php?rest_route=%2Fwp%2Fv2%2Ftags&post=10720"}],"curies":[{"name":"wp","href":"https:\/\/api.w.org\/{rel}","templated":true}]}}