{"id":10718,"date":"2018-12-01T20:42:22","date_gmt":"2018-12-01T20:42:22","guid":{"rendered":"http:\/\/quehacerpolitico.mx\/nicolas-maduro-llega-a-palacio-nacional-para-reunirse-con-amlo\/"},"modified":"2018-12-01T20:42:22","modified_gmt":"2018-12-01T20:42:22","slug":"nicolas-maduro-llega-a-palacio-nacional-para-reunirse-con-amlo","status":"publish","type":"post","link":"https:\/\/quehacerpolitico.mx\/?p=10718","title":{"rendered":"Nicol\u00e1s Maduro llega a Palacio Nacional para reunirse con AMLO"},"content":{"rendered":"<h1>Nicol\u00e1s Maduro llega a Palacio Nacional para reunirse con AMLO<\/h1>\n<p>Por Redacci\u00f3n QP<\/p>\n<h3><strong>S\u00e1bado 1, 13:46 pm<\/strong><b>\u00a0| NICOL\u00c1S MADURO ASISTE A PALACIO NACIONAL<\/b><\/h3>\n<p>El presidente venezolano Nicol\u00e1s Maduro lleg\u00f3 a Palacio Nacional para asistir a una comida junto a otros invitados a la ceremonia de toma de protesta de Andr\u00e9s Manuel L\u00f3pez Obrador como nuevo mandatario mexicano.<\/p>\n<p>La invitaci\u00f3n a Maduro despert\u00f3 las cr\u00edticas de varios mexicanos por la crisis econ\u00f3mica, pol\u00edtica y social que vive Venezuela. Muchos acusan a Maduro de actuar como un dictador y durante la toma de poder en el Congreso de L\u00f3pez Obrador, algunos legisladores de un partido conservador colocaron una manta con el rostro del presidente y la leyenda \u201cMaduro, no eres bienvenido\u201d. El venezolano no asisti\u00f3 al Congreso. (AP).<\/p>\n<h3>\u2022\u2022\u2022<\/h3>\n<h3><strong>S\u00e1bado 1, 13:31 pm<\/strong><b>\u00a0| AMLO LLEGA A PALACIO NACIONAL<\/b><\/h3>\n<p>L\u00f3pez Obrador lleg\u00f3 ya a Palacio Nacional. En entrevista con medios record\u00f3 que su triunfo es resultado de<span class=\"s1\">\u00a0la lucha de a\u00f1os y de mucha gente, como campesinos, estudiantes e integrantes de todas las clases sociales que lo han apoyado. El funcionario\u00a0<\/span>arrib\u00f3 a Palacio Nacional de la mano de su esposa, la escritora Beatriz Muller.<\/p>\n<div id=\"attachment_3505263\" class=\"wp-caption alignnone\"><img loading=\"lazy\" decoding=\"async\" class=\"wp-image-3505263 size-full\" src=\"https:\/\/www.sinembargo.mx\/wp-content\/uploads\/2018\/12\/captura-de-pantalla-2018-12-01-a-las-13-32-12-1.png\" sizes=\"auto, (max-width: 700px) 100vw, 700px\" srcset=\"https:\/\/www.sinembargo.mx\/wp-content\/uploads\/2018\/12\/captura-de-pantalla-2018-12-01-a-las-13-32-12-1.png 700w, https:\/\/www.sinembargo.mx\/wp-content\/uploads\/2018\/12\/captura-de-pantalla-2018-12-01-a-las-13-32-12-1-300x158.png 300w\" alt=\"\" width=\"700\" height=\"369\" \/><\/p>\n<p class=\"wp-caption-text\">AMLO arrib\u00f3 a Palacio Nacional de la mano de su esposa, la escritora Beatriz Muller.. Foto: Captura de pantalla.<\/p>\n<\/div>\n<h3>\u2022\u2022\u2022<\/h3>\n<h3><strong>S\u00e1bado 1, 13:19 pm<\/strong><b>\u00a0| NICOL\u00c1S MADURO DEJA AEROPUERTO, VA RUMBO A PALACIO NACIONAL<\/b><\/h3>\n<p>El Presidente de Venezuela parti\u00f3 del aeropuerto de la Ciudad de M\u00e9xico escoltado por un operativo de la Polic\u00eda Federal para a Palacio Nacional\u00a0<em>(Milenio).<\/em><\/p>\n<div id=\"attachment_3505247\" class=\"wp-caption alignnone\"><img loading=\"lazy\" decoding=\"async\" class=\"wp-image-3505247 size-full\" src=\"https:\/\/www.sinembargo.mx\/wp-content\/uploads\/2018\/12\/captura-de-pantalla-2018-12-01-a-las-13-18-31.png\" sizes=\"auto, (max-width: 700px) 100vw, 700px\" srcset=\"https:\/\/www.sinembargo.mx\/wp-content\/uploads\/2018\/12\/captura-de-pantalla-2018-12-01-a-las-13-18-31.png 700w, https:\/\/www.sinembargo.mx\/wp-content\/uploads\/2018\/12\/captura-de-pantalla-2018-12-01-a-las-13-18-31-300x244.png 300w\" alt=\"\" width=\"700\" height=\"570\" \/><\/p>\n<p class=\"wp-caption-text\">Nicol\u00e1s Maduro se dirige a Palacio Nacional. Foto: Captura de pantalla.<\/p>\n<\/div>\n<h3>\u2022\u2022\u2022<\/h3>\n<h3><strong>S\u00e1bado 1, 1:15 pm<\/strong><b>\u00a0| INTERNAUTAS HACEN MEMES DEL CADETE QUE ACOMPA\u00d1\u00d3 A AMLO<\/b><\/h3>\n<div id=\"attachment_3505288\" class=\"wp-caption alignnone\"><img loading=\"lazy\" decoding=\"async\" class=\"wp-image-3505288 size-full\" src=\"https:\/\/www.sinembargo.mx\/wp-content\/uploads\/2018\/12\/captura-de-pantalla-2018-12-01-a-las-1-41-59-p-m-3.png\" sizes=\"auto, (max-width: 700px) 100vw, 700px\" srcset=\"https:\/\/www.sinembargo.mx\/wp-content\/uploads\/2018\/12\/captura-de-pantalla-2018-12-01-a-las-1-41-59-p-m-3.png 700w, https:\/\/www.sinembargo.mx\/wp-content\/uploads\/2018\/12\/captura-de-pantalla-2018-12-01-a-las-1-41-59-p-m-3-300x159.png 300w\" alt=\"\" width=\"700\" height=\"370\" \/><\/p>\n<p class=\"wp-caption-text\">Un cadete que hac\u00eda guardia, detr\u00e1s del Presidente, se convirti\u00f3 en el centro de atenci\u00f3n en redes sociales. Foto: Especial<\/p>\n<\/div>\n<p>Durante la investidura de Andr\u00e9s Manuel L\u00f3pez Obrador, en la C\u00e1mara de Diputados, un cadete que hac\u00eda guardia detr\u00e1s del Presidente, se rob\u00f3 la atenci\u00f3n de miles en redes sociales. Una lluvia de im\u00e1genes inundaron Twitter y Facebook, donde ensalzan al \u201cla guapura\u201d del cadete. Incluso, varios hallaron la cuenta del joven y la saturaron, al grado de que ahora no puede aceptar solicitudes de amistad.<\/p>\n<h3>\u2022\u2022\u2022<\/h3>\n<h3><strong>S\u00e1bado 1, 1:10 pm<\/strong><b>\u00a0| AMLO SE DIRIGE A PALACIO NACIONAL<\/b><\/h3>\n<p>El Presidente Andr\u00e9s Manuel L\u00f3pez Obrador finaliz\u00f3 su discurso de toma de protesta en el Congreso de la Uni\u00f3n, y se dirigi\u00f3 hacia Palacio Nacional abordo de su Jetta color blanco. Antes de subir a su veh\u00edculo, el mandatario regres\u00f3 a las rejas del recinto en San L\u00e1zaro para saludar a decenas de personas que lo esperaban para felicitarlo.<\/p>\n<h3>\u2022\u2022\u2022<\/h3>\n<h3><strong>S\u00e1bado 1, 1:06 pm<\/strong><b>\u00a0| CUAR\u00d3N LLAMA CORRUPTO PE\u00d1A; \u201cM\u00c9XICO SE LIBERA, DICE<\/b><\/h3>\n<p>El cineasta mexicano Alfonso Cuar\u00f3n se\u00f1al\u00f3 al ahora ex Presidente de M\u00e9xico, Enrique Pe\u00f1a Nieto, como parte de los mandatarios \u201ccorruptos, represores y cobardes\u201d con los que M\u00e9xico ha sufrido. Adem\u00e1s de acusarlo de \u201cincompetente\u201d.<\/p>\n<p>En su cuenta de Twitter, el director de Roma escribi\u00f3: \u201cPor fin M\u00e9xico se libera de @EPN. M\u00e9xico ha sufrido de presidentes corruptos, represores y cobardes. Enrique Pe\u00f1a Nieto tambi\u00e9n lo fu\u00e9, pero adem\u00e1s fu\u00e9 incre\u00edblemente incompetente (sic)\u201d.<\/p>\n<blockquote class=\"twitter-tweet\" data-width=\"550\" data-dnt=\"true\">\n<p lang=\"es\" dir=\"ltr\">Por fin M\u00e9xico se libera de <a href=\"https:\/\/twitter.com\/EPN?ref_src=twsrc%5Etfw\">@EPN<\/a> .<br \/>M\u00e9xico ha sufrido de presidentes corruptos, represores y cobardes. Enrique Pe\u00f1a Nieto tambi\u00e9n lo fu\u00e9, pero adem\u00e1s fu\u00e9 incre\u00edblemente incompetente.<\/p>\n<p>&mdash; Alfonso Cuaron (@alfonsocuaron) <a href=\"https:\/\/twitter.com\/alfonsocuaron\/status\/1068942020327149568?ref_src=twsrc%5Etfw\">December 1, 2018<\/a><\/p><\/blockquote>\n<p><script async src=\"https:\/\/platform.twitter.com\/widgets.js\" charset=\"utf-8\"><\/script><\/p>\n<h3><strong>S\u00e1bado 1, 1:00 pm<\/strong><b>\u00a0| RICARDO ANAYA EXTERNA APOYO A AMLO<\/b><\/h3>\n<p>El ex candidato a la Presidencia de M\u00e9xico, Ricardo Anaya, extern\u00f3 su apoyo a L\u00f3pez Obrador. En un mensaje escrito en Twitter dese\u00f3 que al morenista y al pa\u00eds le vaya bien. \u201cDeseo de todo coraz\u00f3n que le vaya bien a M\u00e9xico y al nuevo Presidente @lopezobrador_. La oposici\u00f3n debe cumplir con su obligaci\u00f3n de apoyar lo que sea bueno para nuestro pa\u00eds, as\u00ed como de oponerse con firmeza y determinaci\u00f3n ante cualquier desviaci\u00f3n\u201d, escribi\u00f3 en su cuenta.<\/p>\n<blockquote class=\"twitter-tweet\" data-width=\"550\" data-dnt=\"true\">\n<p lang=\"es\" dir=\"ltr\">Deseo de todo coraz\u00f3n que le vaya bien a M\u00e9xico y al nuevo Presidente <a href=\"https:\/\/twitter.com\/lopezobrador_?ref_src=twsrc%5Etfw\">@lopezobrador_<\/a>. La oposici\u00f3n debe cumplir con su obligaci\u00f3n de apoyar lo que sea bueno para nuestro pa\u00eds, as\u00ed como de oponerse con firmeza y determinaci\u00f3n ante cualquier desviaci\u00f3n.<\/p>\n<p>&mdash; RicardoAnayaC (@RicardoAnayaC) <a href=\"https:\/\/twitter.com\/RicardoAnayaC\/status\/1068938924238659584?ref_src=twsrc%5Etfw\">December 1, 2018<\/a><\/p><\/blockquote>\n<p><script async src=\"https:\/\/platform.twitter.com\/widgets.js\" charset=\"utf-8\"><\/script><\/p>\n<h3><strong>S\u00e1bado 1, 12:45 am<\/strong><b>\u00a0| NICOL\u00c1S MADURO LLEGA A M\u00c9XICO PARA REUNI\u00d3N CON AMLO<\/b><\/h3>\n<p>El Presidente de Venezuela lleg\u00f3 a la Ciudad de M\u00e9xico minutos despu\u00e9s de las 12:00 horas para dirigirse a Palacio Nacional, donde m\u00e1s tarde se reunir\u00e1 con L\u00f3pez Obrador y otros funcionarios nacionales e internacionales.\u00a0Horas antes, un grupo de manifestantes se concentr\u00f3 en los alrededores del Palacio Legislativo de San L\u00e1zaro para protestar contra la presencia del mandatario venezolano. <em>(Milenio).<\/em><\/p>\n<h3>\u2022\u2022\u2022<\/h3>\n<h3><strong>S\u00e1bado 1, 12:34 am<\/strong><b>\u00a0| DIPUTADOS PROTESTAN CONTRA INVITACI\u00d3N A MADURO<\/b><\/h3>\n<p>Diputados del Congreso de la Uni\u00f3n protestaron contra la visita del mandatario de Venezuela durante el discurso de L\u00f3pez Obrador. Al grito de \u201c\u00a1Dictador!\u201d\u00a0 rechazaron al pol\u00edtico extranjero cuando el Presidente le agradeci\u00f3 su visita hoy a las actividades programadas para la toma de protesta.<\/p>\n<blockquote class=\"twitter-tweet\" data-width=\"550\" data-dnt=\"true\">\n<p lang=\"es\" dir=\"ltr\">Al grito de &quot;\u00a1Dictador!&quot; rechazan a Nicol\u00e1s Maduro en el Congreso de M\u00e9xico, cuando AMLO lo menciona durante su toma de posesi\u00f3n como <a href=\"https:\/\/twitter.com\/hashtag\/PresidenteDeM%C3%A9xico?src=hash&amp;ref_src=twsrc%5Etfw\">#PresidenteDeM\u00e9xico<\/a>. <a href=\"https:\/\/t.co\/vA8IrzDOL6\">pic.twitter.com\/vA8IrzDOL6<\/a><\/p>\n<p>&mdash; Gabriel Bastidas (@Gbastidas) <a href=\"https:\/\/twitter.com\/Gbastidas\/status\/1068937639838003201?ref_src=twsrc%5Etfw\">December 1, 2018<\/a><\/p><\/blockquote>\n<p><script async src=\"https:\/\/platform.twitter.com\/widgets.js\" charset=\"utf-8\"><\/script><\/p>\n<h3><strong>S\u00e1bado 1, 12:28 am<\/strong><b>\u00a0| AMLO AGRADECE A TRUMP LA RELACI\u00d3N CON M\u00c9XICO<\/b><\/h3>\n<p>El Presidente agradeci\u00f3 a Donald Trump la relaci\u00f3n positiva que mantiene con M\u00e9xico y que, en se\u00f1al de amistad haya enviado a hija Ivanka a la toma de protesta, lo mismo dijo sobre el mandatario de Canad\u00e1. \u201cHe recibido un trato respetuoso de Donald Trump. He recibido la misma atenci\u00f3n del Primer Ministro de Canad\u00e1, Justin Trudeau. Ellos son los dos mandatarios para ir m\u00e1s all\u00e1 del Tratado de Libre Comercio de Am\u00e9rica del Norte\u201d.<\/p>\n<p>Obrador agradeci\u00f3 tambi\u00e9n la presencia de funcionarios de El Salvador, Belice, Cuba, Hait\u00ed, Colombia y Venezuela, entre otros que asistieron a la toma de protesta.<\/p>\n<div id=\"attachment_3505234\" class=\"wp-caption alignnone\"><img loading=\"lazy\" decoding=\"async\" class=\"wp-image-3505234 size-full\" src=\"https:\/\/www.sinembargo.mx\/wp-content\/uploads\/2018\/12\/gfgg.jpg\" sizes=\"auto, (max-width: 700px) 100vw, 700px\" srcset=\"https:\/\/www.sinembargo.mx\/wp-content\/uploads\/2018\/12\/gfgg.jpg 700w, https:\/\/www.sinembargo.mx\/wp-content\/uploads\/2018\/12\/gfgg-300x159.jpg 300w\" alt=\"\" width=\"700\" height=\"370\" \/><\/p>\n<p class=\"wp-caption-text\">Foto: Captura de pantalla.<\/p>\n<\/div>\n<h3>\u2022\u2022\u2022<\/h3>\n<h3><strong>S\u00e1bado 1, 12:10 am<\/strong><b>\u00a0| AMLO REITERA CANCELACI\u00d3N DE LA REFORMA EDUCATIVA<\/b><\/h3>\n<p>Durante su discurso de toma de protesta como Presidente, L\u00f3pez Obrador reiter\u00f3 que cancelar\u00e1 la Reforma Educativa. El mensaje lleg\u00f3 mientras miles de maestros de la CNTE protestan en calles del centro hist\u00f3rico para exigir la derogaci\u00f3n de dicha pol\u00edtica. El mandatario tambi\u00e9n insisti\u00f3 en la creaci\u00f3n de un\u00a0Instituto Nacional para la Atenci\u00f3n de los Pueblos Ind\u00edgenas y el\u00a0 inicio de un programa de atenci\u00f3n m\u00e9dica y medicamentos gratuitos.<\/p>\n<h3>\u2022\u2022\u2022<\/h3>\n<h3><strong>S\u00e1bado 1, 11:50 am<\/strong><b>\u00a0| CONGRESO RECUERDA CASO AYOTZINAPA<\/b><\/h3>\n<p>El Congreso de la Uni\u00f3n interrumpi\u00f3 el discurso de toma de protesta de L\u00f3pez Obrador con un conteo hasta el n\u00famero 43 para recordar a los estudiantes desaparecidos en\u00a0Ayotzinapa, Guerrero, en 2014. El\u00a0Presidente anunci\u00f3 que hoy iniciar\u00e1 la constituci\u00f3n de una comisi\u00f3n de la verdad para atender el caso.<\/p>\n<p>\u201cQue se castigue a quien resulte responsable\u201d, pero que la Presidencia se abstenga de quienes se hayan dedicado a hacer negocios al amparo del poder, a\u00f1adi\u00f3.<\/p>\n<div id=\"attachment_3505202\" class=\"wp-caption alignnone\"><img loading=\"lazy\" decoding=\"async\" class=\"wp-image-3505202 size-full\" src=\"https:\/\/www.sinembargo.mx\/wp-content\/uploads\/2018\/12\/captura-de-pantalla-2018-12-01-a-las-11-55-36-copia.png\" sizes=\"auto, (max-width: 700px) 100vw, 700px\" srcset=\"https:\/\/www.sinembargo.mx\/wp-content\/uploads\/2018\/12\/captura-de-pantalla-2018-12-01-a-las-11-55-36-copia.png 700w, https:\/\/www.sinembargo.mx\/wp-content\/uploads\/2018\/12\/captura-de-pantalla-2018-12-01-a-las-11-55-36-copia-300x159.png 300w\" alt=\"\" width=\"700\" height=\"370\" \/><\/p>\n<p class=\"wp-caption-text\">\u201cQue se castigue a quien resulte responsable\u201d, respondi\u00f3 AMLO al reclamo de legisladores por justicia en el caso Ayotzinapa. Foto: Captura de pantalla.<\/p>\n<\/div>\n<h3>\u2022\u2022\u2022<\/h3>\n<h3><strong>S\u00e1bado 1, 11:40 am<\/strong><b>\u00a0| CNTE FRENA SU MARCHA\u00a0<\/b><\/h3>\n<p>Las y los maestros de la\u00a0Coordinadora\u00a0Nacional de Trabajadores de la Educaci\u00f3n (CNTE) que marcharon esta ma\u00f1ana desde el \u00c1ngel de la Independencia y pretend\u00edan llegar al Z\u00f3calo de la Ciudad de M\u00e9xico, frenaron su protesta al llegar al Hemiciclo a Ju\u00e1rez para fijar su posicionamiento pol\u00edtico respecto al nuevo Gobierno que encabezar\u00e1 Andr\u00e9s Manuel L\u00f3pez Obrador. <em>(Acustik Noticias).<\/em><\/p>\n<div id=\"attachment_3505198\" class=\"wp-caption alignnone\"><img loading=\"lazy\" decoding=\"async\" class=\"wp-image-3505198 size-full\" src=\"https:\/\/www.sinembargo.mx\/wp-content\/uploads\/2018\/12\/dtwk5dou0aampaj.jpg\" sizes=\"auto, (max-width: 700px) 100vw, 700px\" srcset=\"https:\/\/www.sinembargo.mx\/wp-content\/uploads\/2018\/12\/dtwk5dou0aampaj.jpg 700w, https:\/\/www.sinembargo.mx\/wp-content\/uploads\/2018\/12\/dtwk5dou0aampaj-300x225.jpg 300w\" alt=\"\" width=\"700\" height=\"525\" \/><\/p>\n<p class=\"wp-caption-text\">La CNTE detuvo su marcha en el Hemiciclo a Ju\u00e1rez, pretend\u00eda llegar al Z\u00f3calo capitalino. Foto: Tomada de Twitter (@MANOLOHDZ).<\/p>\n<\/div>\n<h3>\u2022\u2022\u2022<\/h3>\n<h3><strong>S\u00e1bado 1, 11:25 am<\/strong><b>\u00a0| INTERNAUTAS FESTAJAN TOMA DE PROTESTA\u00a0 CON HASHTAG\u00a0<strong>#4taTransformaci\u00f3n\u00a0<\/strong><\/b><\/h3>\n<div id=\"attachment_3505193\" class=\"wp-caption alignnone\"><img loading=\"lazy\" decoding=\"async\" class=\"wp-image-3505193 size-full\" src=\"https:\/\/www.sinembargo.mx\/wp-content\/uploads\/2018\/12\/photo5483334689415604173.jpg\" sizes=\"auto, (max-width: 700px) 100vw, 700px\" srcset=\"https:\/\/www.sinembargo.mx\/wp-content\/uploads\/2018\/12\/photo5483334689415604173.jpg 700w, https:\/\/www.sinembargo.mx\/wp-content\/uploads\/2018\/12\/photo5483334689415604173-300x224.jpg 300w\" alt=\"\" width=\"700\" height=\"523\" \/><\/p>\n<p class=\"wp-caption-text\">La amplia discusi\u00f3n sobre la toma de posesi\u00f3n se articul\u00f3 a trav\u00e9s de varios hashtags. Foto: Metrics<\/p>\n<\/div>\n<p>En el momento en que el Presidente<strong> Andr\u00e9s Manuel L\u00f3pez Obrador<\/strong> tom\u00f3 protesta la tendencia<strong> #4taTransformaci\u00f3n<\/strong> se coloc\u00f3 como una de las de mayor alcance a nivel global y alcanzaba m\u00e1s de 10 horas de posicionamiento en Twitter. La intensa movilizaci\u00f3n de usuarios estall\u00f3 a las 11:20 horas a trav\u00e9s de las tendencias #4taTransformaci\u00f3n y #AMLOPresidente con una euforia que no se hab\u00eda visto en esta red social desde el 1 de julio.<\/p>\n<p>M\u00e1s de cuarenta tendencias se impusieron en <strong>Twitter<\/strong> con relaci\u00f3n a la toma de protesta del Presidente Andr\u00e9s Manuel L\u00f3epez Obrador en medio de un clima polarizado y tenso donde la celebraci\u00f3n de los simpatizantes de AMLO contrast\u00f3 con la inconformidad de sus cr\u00edticos sobre todo desde las files del Partido Acci\u00f3n Nacional (PAN) por la presencia del <strong>Presidente Nicol\u00e1s Maduro<\/strong> en el pa\u00eds para acudir a la ceremonia de toma de posesi\u00f3n.<\/p>\n<p>La polarizaci\u00f3n y la tensi\u00f3n que se ha mantenido en las redes sociales desde el periodo electoral, se ha incrementado desde este 30 de noviembre. A las 10:30 horas de este viernes comenz\u00f3 a nutrirse la discusi\u00f3n con el hashtag #AMLOPresidente, movilizado por la historiadora y acad\u00e9mica Beatriz Guti\u00e9rrez M\u00fcller (@beatrizgmuller) quien influenci\u00f3 de amplia manera la discusi\u00f3n en la esfera de usuarios que celebraron el arribo de L\u00f3pez Obrador a la Presidencia. Hasta la toma de posesi\u00f3n, su influencia en las redes no baj\u00f3 de intensidad.<\/p>\n<p>Para disipar la euforia y el clima festivo expresado en los hashtags<strong>#4taTransformaci\u00f3n<\/strong>, #AMLOFest, #TomaDeProtesta y otras similares, hubo estrategias de posicionamiento organizadas de manera artificial.Tendencias como #MaduroNoEresBienvenido, #6A\u00f1osEPN y otros como #Adi\u00f3sColosal que rebas\u00f3 en posicionamiento a los hashtags festivos pero con una alta participaci\u00f3n de cuentas con aspecto bot. En este caso destacaron las cuentas @RafaLope1 y @SandraG60885033 que contribuyeron a impulsar la tendencia con 373 retuits. (<em>Ivonne Ojeda, SinEmbargo).<\/em><\/p>\n<h3>\u2022\u2022\u2022<\/h3>\n<h3><strong>S\u00e1bado 1, 11:25 am<\/strong><b>\u00a0| AMLO ASUME LA PRESIDENCIA<\/b><\/h3>\n<p>L\u00f3pez Obrador recibi\u00f3 la banda presidencial de parte de Mu\u00f1oz Ledo en el Congreso de la Uni\u00f3n e inici\u00f3 su toma de protesta com0 Presidente de M\u00e9xico.<\/p>\n<p>\u201cHonorable Congreso, protesto desempe\u00f1ar lealmente el cargo de Presidente de la Rep\u00fablica\u201d, inici\u00f3 su discurso.<\/p>\n<div class=\"im_history_message_wrap\">\n<div class=\"im_message_outer_wrap hasselect\">\n<div class=\"im_message_wrap clearfix\">\n<div class=\"im_content_message_wrap im_message_in\">\n<div class=\"im_message_body\">\n<div>\n<div class=\"im_message_text\" dir=\"auto\">\u201cPuede parecer pretencioso, pero hoy comienza un cambio de r\u00e9gimen pol\u00edtico. Un cambio, a\u00f1adi\u00f3, pacific\u00f3 y ordenado\u201d, afirm\u00f3 y contin\u00fao: \u201cun cambio que se enfocar\u00e1 en erradicar la corrupci\u00f3n\u201d.<\/div>\n<div dir=\"auto\">\n<div id=\"attachment_3505186\" class=\"wp-caption alignnone\"><img loading=\"lazy\" decoding=\"async\" class=\"wp-image-3505186 size-full\" src=\"https:\/\/www.sinembargo.mx\/wp-content\/uploads\/2018\/12\/photo4907106445166749746.jpg\" sizes=\"auto, (max-width: 700px) 100vw, 700px\" srcset=\"https:\/\/www.sinembargo.mx\/wp-content\/uploads\/2018\/12\/photo4907106445166749746.jpg 700w, https:\/\/www.sinembargo.mx\/wp-content\/uploads\/2018\/12\/photo4907106445166749746-300x151.jpg 300w\" alt=\"\" width=\"700\" height=\"353\" \/><\/p>\n<p class=\"wp-caption-text\">AMLO inici\u00f3 su protesta como Presidente. Foto: Especial.<\/p>\n<\/div>\n<div class=\"mceTemp\">\u00a0<\/div>\n<div id=\"attachment_3505189\" class=\"wp-caption alignnone\"><img loading=\"lazy\" decoding=\"async\" class=\"wp-image-3505189 size-full\" src=\"https:\/\/www.sinembargo.mx\/wp-content\/uploads\/2018\/12\/img_7489.jpg\" sizes=\"auto, (max-width: 700px) 100vw, 700px\" srcset=\"https:\/\/www.sinembargo.mx\/wp-content\/uploads\/2018\/12\/img_7489.jpg 700w, https:\/\/www.sinembargo.mx\/wp-content\/uploads\/2018\/12\/img_7489-300x178.jpg 300w\" alt=\"\" width=\"700\" height=\"416\" \/><\/p>\n<p class=\"wp-caption-text\">En su discurso AMLO insisti\u00f3 en que nada ha da\u00f1ado m\u00e1s a M\u00e9xico que la corrupci\u00f3n de los gobernantes y de una c\u00fapula del poder privado. Foto: Cri Rodr\u00edguez, SinEmbargo.<\/p>\n<\/div>\n<\/div>\n<\/div>\n<\/div>\n<\/div>\n<\/div>\n<\/div>\n<\/div>\n<h3>\u2022\u2022\u2022<\/h3>\n<h3><strong>S\u00e1bado 1, 11:12am<\/strong><b>\u00a0| AMLO LLEGA AL CONGRESO<\/b><\/h3>\n<p>L\u00f3pez Obrador arrib\u00f3 al Congreso de la Uni\u00f3n para recibir la banda presidencial. El pol\u00edtico fue aclamado por sus seguidores afuera del Congreso y fue recibido por su comitiva.<\/p>\n<div class=\"im_history_message_wrap im_grouped\">\n<div class=\"im_message_outer_wrap hasselect\">\n<div class=\"im_message_wrap clearfix\">\n<div class=\"im_content_message_wrap im_message_in\">\n<div class=\"im_message_body\">\n<div>\n<div id=\"attachment_3505177\" class=\"wp-caption alignnone\"><img loading=\"lazy\" decoding=\"async\" class=\"wp-image-3505177 size-full\" src=\"https:\/\/www.sinembargo.mx\/wp-content\/uploads\/2018\/12\/dtwoq8ru8aifecs-e1543685880940.jpg\" alt=\"\" width=\"700\" height=\"369\" \/><\/p>\n<p class=\"wp-caption-text\">Foto: Captura de pantalla.<\/p>\n<\/div>\n<\/div>\n<\/div>\n<\/div>\n<\/div>\n<\/div>\n<\/div>\n<h3>\u2022\u2022\u2022<\/h3>\n<h3><strong>S\u00e1bado 1, 11:00 am<\/strong><b>\u00a0|\u00a0<\/b><span class=\"s1\">\u201cEN TI CONFIAMOS\u201d DIJO UN CICLISTA A\u00a0 AMLO ANTES DE TOMAR PROTESTA<\/span><\/h3>\n<p>\u201cEn ti confiamos\u201d, dijo un ciclista a L\u00f3pez Obrador cuando se dirig\u00eda al Congreso de la Uni\u00f3n. La escritora y esposa de Andr\u00e9s Manuel L\u00f3pez Obrador, Beatriz Guti\u00e9rrez M\u00fcller, public\u00f3 en sus redes sociales un video captado desde el interior del veh\u00edculo que la transport\u00f3 a ella y al Presidente al Congreso de la Uni\u00f3n para la toma de protesta presidencial.<\/p>\n<p>Las im\u00e1genes muestran que el hombre vestido de naranja condujo su bicicleta para llegar hasta la ventana de L\u00f3pez Obrador. El Presidente tom\u00f3 esta experiencia en su discurso. \u201cAhora que ven\u00eda para ac\u00e1 se me emparej\u00f3 un joven bicicleta y me dijo: \u2018 t\u00fa no tienes derecho a fallarnos\u2019, y eso voy a hacer\u201d, afirm\u00f3.<\/p>\n<p>https:\/\/www.facebook.com\/BGutierrezMuller\/videos\/2250833685163502\/<\/p>\n<h3><strong>S\u00e1bado 1, 11:06 am<\/strong><b>\u00a0| CNTE MARCHA AL Z\u00d3CALO<\/b><\/h3>\n<p>Miles de\u00a0 maestros de la\u00a0Coordinadora\u00a0Nacional de Trabajadores de la Educaci\u00f3n (CNTE) marchan esta ma\u00f1ana del \u00c1ngel de la Independencia al Z\u00f3calo capitalino. Minutos despu\u00e9s de las 11:00 horas los contingentes arribaron al Hemiciclo a Ju\u00e1rez, protestan para reiterar su rechazo a la Reforma Educativa y exigir su derogaci\u00f3n.<\/p>\n<h3>\u2022\u2022\u2022<\/h3>\n<h3><strong>S\u00e1bado 1, 10:55 am<\/strong><b>\u00a0| PE\u00d1A NIETO LLEGA AL CONGRESO<\/b><\/h3>\n<p>El todav\u00eda Presidente, Enrique Pe\u00f1a Nieto lleg\u00f3 al Congreso y fue recibido por los diputados y senadores del Partido Revolucionario Institucional, llego\u00a0 civiles lo esperaran, en contraste con las decenas de personas que aguardan al llegada de L\u00f3pez Obrador.<\/p>\n<h3>\u2022\u2022\u2022<\/h3>\n<h3><strong>S\u00e1bado 1, 10:45 am<\/strong><b>\u00a0| NICOL\u00c1S MADURO NO LLEGAR\u00c1 AL CONGRESO<\/b><\/h3>\n<p class=\"p1\">El Presidente de Venezuela no llegar\u00eda a la toma de protesta de L\u00f3pez Obrador en la C\u00e1mara de Diputados, pero s\u00ed asistir\u00eda a la comida que se realizar\u00e1 despu\u00e9s en Palacio Nacional, esto inform\u00f3 la periodista Denise Maerker y fue retomado por medios nacionales. <em>(Denise Maerker, Televisa).<\/em><\/p>\n<blockquote class=\"twitter-tweet\" data-width=\"550\" data-dnt=\"true\">\n<p lang=\"es\" dir=\"ltr\">El presidente de Venezuela, Nicol\u00e1s Maduro, no acudir\u00e1 a la C\u00e1mara de Diputados; asistir\u00e1 a la comida en Palacio Nacional   <\/p>\n<p> <a href=\"https:\/\/twitter.com\/hashtag\/TomadeProtesta?src=hash&amp;ref_src=twsrc%5Etfw\">#TomadeProtesta<\/a>   <a href=\"https:\/\/twitter.com\/hashtag\/PresidenteDeM%C3%A9xico?src=hash&amp;ref_src=twsrc%5Etfw\">#PresidenteDeM\u00e9xico<\/a>  <a href=\"https:\/\/twitter.com\/hashtag\/Transici%C3%B3n2018?src=hash&amp;ref_src=twsrc%5Etfw\">#Transici\u00f3n2018<\/a><\/p>\n<p>&mdash; Denise Maerker (@DeniseMaerker) <a href=\"https:\/\/twitter.com\/DeniseMaerker\/status\/1068901992670605312?ref_src=twsrc%5Etfw\">December 1, 2018<\/a><\/p><\/blockquote>\n<p><script async src=\"https:\/\/platform.twitter.com\/widgets.js\" charset=\"utf-8\"><\/script><\/p>\n<h3><strong>S\u00e1bado 1, 10:27 am<\/strong><b>\u00a0| PE\u00d1A NIETO VA RUMBO AL CONGRESO<\/b><\/h3>\n<p>Enrique Pe\u00f1a Nieto sali\u00f3 de su casa en las Lomas de Chapultepec rumbo al Congreso de M\u00e9xico. En entrevista con medios reiter\u00f3 que desea descansar de la pol\u00edtica y la vida p\u00fablica luego de entregar la banda presidencial. <em>(Ciro G\u00f3mez Leyva)<\/em><\/p>\n<h3>\u2022\u2022\u2022<\/h3>\n<h3><strong>S\u00e1bado 1, 10:21 am<\/strong><b>\u00a0| AMLO SALE RUMBO A LOS PINOS<\/b><\/h3>\n<p>L\u00f3pez Obrador dej\u00f3 su casa en Tlalpan para dirigirse al Congreso. Decenas de vecinos lo esperaban y lo despidieron con gritos como: \u201c\u00a1Presidente!,\u00a0 \u00a1presidente!\u201d.<\/p>\n<p>El mandatario electo de M\u00e9xico sali\u00f3 de su domicilio en la delegaci\u00f3n de Tlalpan, en el sur de Ciudad de M\u00e9xico, y se dirige a la C\u00e1mara de Diputados, sede del Legislativo, para ser investido como presidente.<\/p>\n<p>A bordo de su veh\u00edculo particular, un Jetta blanco, el l\u00edder izquierdista sali\u00f3 de su domicilio particular, donde continuar\u00e1 viviendo tras asumir la Presidencia. En los aleda\u00f1os de la vivienda le esperaban centenares de simpatizantes, que abarrotaron la entrada dificultando la salida del veh\u00edculo, para felicitarlo minutos antes de su toma de poder.<\/p>\n<p>\u201cEs un honor, estar con Obrador\u201d, entonaron muchos de ellos mientras el autom\u00f3vil avanzaba a duras penas, ante el peligro de atropellar a alguna de las personas ah\u00ed congregadas.<\/p>\n<p>A L\u00f3pez Obrador le espera un viaje de alrededor de 20 kil\u00f3metros hasta llegar al Palacio Legislativo de San L\u00e1zaro, en el oriente de la capital. (EFE).<\/p>\n<h3>\u2022\u2022\u2022<\/h3>\n<h3><strong>S\u00e1bado 1, 10:00 am<\/strong><b>\u00a0| IVANKA TRUMP FESTAJA SU ASISTENCIA A M\u00c9XICO<\/b><\/h3>\n<p class=\"p1\">Ivanka Trump<span class=\"Apple-converted-space\">\u00a0 <\/span>lleg\u00f3 a M\u00e9xico para toma de protesta de AMLO. En su cuenta de Twitter dijo que<span class=\"Apple-converted-space\">\u00a0 <\/span>\u201c<span class=\"s1\">es un honor\u201d<span class=\"Apple-converted-space\">\u00a0 <\/span>acompa\u00f1ar a las y los mexicanos en un d\u00eda que calific\u00f3 de \u201chist\u00f3rico\u201d.\u00a0<\/span><span class=\"s2\">Dijo que est\u00e1 en compa\u00f1\u00eda de Karen Pence.<\/span><\/p>\n<p class=\"p3\"><span class=\"s2\">\u201cEn M\u00e9xico con <a href=\"https:\/\/twitter.com\/VP\"><span class=\"s3\">@VP<\/span><\/a> Pence, <a href=\"https:\/\/twitter.com\/SecondLady\"><span class=\"s3\">@SecondLady<\/span><\/a> y miembros de la delegaci\u00f3n presidencial para la inauguraci\u00f3n del Presidente <a href=\"https:\/\/twitter.com\/lopezobrador_\"><span class=\"s3\">@lopezobrador_<\/span><\/a>.\u00a0\u00a0<\/span><span class=\"s2\">Muchas felicitaciones al pueblo mexicano!\u00a0<\/span>Es un honor acompa\u00f1arles en este d\u00eda tan hist\u00f3rico y especial\u201d, escribi\u00f3 en Twitter.<\/p>\n<blockquote class=\"twitter-tweet\" data-width=\"550\" data-dnt=\"true\">\n<p lang=\"es\" dir=\"ltr\">En M\u00e9xico con <a href=\"https:\/\/twitter.com\/VP?ref_src=twsrc%5Etfw\">@VP<\/a> Pence, @SecondLady y miembros de la delegaci\u00f3n presidencial para la inauguraci\u00f3n del Presidente <a href=\"https:\/\/twitter.com\/lopezobrador_?ref_src=twsrc%5Etfw\">@lopezobrador_<\/a>. <br \/>Muchas felicitaciones al pueblo mexicano! <br \/>Es un honor acompa\u00f1arles en este d\u00eda tan hist\u00f3rico y especial \ud83c\uddf2\ud83c\uddfd<\/p>\n<p>&mdash; Ivanka Trump (@IvankaTrump) <a href=\"https:\/\/twitter.com\/IvankaTrump\/status\/1068899060743094273?ref_src=twsrc%5Etfw\">December 1, 2018<\/a><\/p><\/blockquote>\n<p><script async src=\"https:\/\/platform.twitter.com\/widgets.js\" charset=\"utf-8\"><\/script><\/p>\n<h3><strong>S\u00e1bado 1, 9:58 am<\/strong><b>\u00a0| PERSONAS PROTESTAN CONTRA MADURO<\/b><\/h3>\n<p class=\"p1\">Un grupo de personas que se manifestaba en contra de la asistencia del Presidente Nicol\u00e1s Maduro a la toma de protesta de L\u00f3pez Obrador se enfrent\u00f3 por minutos con seguidores del morenista, quienes los esperaban en calles rumbo a San L\u00e1zaro. Agentes policiacos comenzaron un cerco para frenar los enfrentamientos. (<em>Milenio<\/em>).<\/p>\n<h3>\u2022\u2022\u2022<\/h3>\n<h3><strong>S\u00e1bado 1, 9:55 am<\/strong><b>\u00a0| INICIA ACCESO A LOS PINOS<\/b><\/h3>\n<p class=\"p1\">Luego de esperar por m\u00e1s de una hora, decenas de personas comenzaron a ingresar a Los Pinos. Algunos portan banderas de M\u00e9xico. En la entrada los esperaba un letrero con el mensaje: \u201cBienvenido pueblo de M\u00e9xico a Los Pinos\u201d.<\/p>\n<p><img loading=\"lazy\" decoding=\"async\" class=\"alignnone wp-image-3505148 size-full\" src=\"https:\/\/www.sinembargo.mx\/wp-content\/uploads\/2018\/12\/photo5483334689415604152.jpg\" sizes=\"auto, (max-width: 700px) 100vw, 700px\" srcset=\"https:\/\/www.sinembargo.mx\/wp-content\/uploads\/2018\/12\/photo5483334689415604152.jpg 700w, https:\/\/www.sinembargo.mx\/wp-content\/uploads\/2018\/12\/photo5483334689415604152-300x225.jpg 300w\" alt=\"\" width=\"700\" height=\"525\" \/><\/p>\n<h3>\u2022\u2022<\/h3>\n<h3><strong>S\u00e1bado 1, 9:40 am<\/strong><b>\u00a0| COPARMEX DESEA \u00c9XITO A AMLO<\/b><\/h3>\n<div class=\"im_history_message_wrap\">\n<div class=\"im_message_outer_wrap hasselect\">\n<div class=\"im_message_wrap clearfix\">\n<div class=\"im_content_message_wrap im_message_in\">\n<div class=\"im_message_body\">\n<div class=\"im_message_text\" dir=\"auto\">\n<p>La Confederaci\u00f3n Patronal de la Rep\u00fablica Mexicana (Coparmex), una de las c\u00fapulas empresariales m\u00e1s importantes del pa\u00eds, le deseo \u00e9xito al Presidente Andr\u00e9s Manuel L\u00f3pez Obrador en su gesti\u00f3n presidencial. Dijo que apoyar\u00e1 las buenas pol\u00edticas p\u00fablicas del Gobierno y cuestionar\u00e1 las leyes y programas perjudiciales para los ciudadanos o las empresas.<\/p>\n<p>\u201cRespetando el estado de derecho, preservando la estabilidad, salvaguardando libertades y con cohesi\u00f3n social, el Pa\u00eds puede alcanzar en los pr\u00f3ximos a\u00f1os, con el liderazgo de Andr\u00e9s Manuel L\u00f3pez Obrador, niveles insospechados de desarrollo y bienestar\u201d, escribi\u00f3 en su cuenta de Twitter Gustavo de Hoyos, presidente de la Coparmex.<br \/>[youtue jsiblek48ws]<\/p>\n<h3><strong>S\u00e1bado 1, 9:35 am<\/strong><b>\u00a0|\u00a0<strong>PE\u00d1A NIETO SE ALISTA RUMBO AL CONGRESO<\/strong><\/b><\/h3>\n<p>El Presidente Pe\u00f1a Nieto se prepara para salir de su casa en Lomas de Chapultepec rumbo al Congreso de M\u00e9xico y presenciar la toma de protesta de L\u00f3pez Obrador, quien ocupar\u00e1 el cargo que el tuvo durante los \u00faltimos seis a\u00f1os. <em>(Milenio).<\/em><\/p>\n<h3>\u2022\u2022\u2022<\/h3>\n<h3><strong>S\u00e1bado 1, 9:10 am<\/strong><b>\u00a0|\u00a0<strong>EL CONGRESO INICIA SESI\u00d3N<\/strong><\/b><\/h3>\n<p>El Congreso de M\u00e9xico ha dado inicio a la sesi\u00f3n en la que se dar\u00e1 el cambio de poderes entre Andr\u00e9s Manuel L\u00f3pez Obrador y Enrique Pe\u00f1a Nieto. Preside Porfirio Mu\u00f1oz Ledo esta sesi\u00f3n hist\u00f3rica. \u201cEs un honor estar con Obrador\u201d, se escucha el grito, casi un\u00e1nime.<\/p>\n<div id=\"attachment_3505131\" class=\"wp-caption alignnone\"><img loading=\"lazy\" decoding=\"async\" class=\"wp-image-3505131 size-full\" src=\"https:\/\/www.sinembargo.mx\/wp-content\/uploads\/2018\/12\/img_7450-1.jpg\" sizes=\"auto, (max-width: 700px) 100vw, 700px\" srcset=\"https:\/\/www.sinembargo.mx\/wp-content\/uploads\/2018\/12\/img_7450-1.jpg 700w, https:\/\/www.sinembargo.mx\/wp-content\/uploads\/2018\/12\/img_7450-1-300x225.jpg 300w\" alt=\"\" width=\"700\" height=\"525\" \/><\/p>\n<p class=\"wp-caption-text\">Foto: Cri Rodr\u00edguez, SinEmbargo.<\/p>\n<\/div>\n<p>La sesi\u00f3n inici\u00f3 con la asistencia de 110 Senadores y 448 diputados. Los\u00a0legisladores del PAN colocaron una manta para protestar contra la asistencia del mandatario de Venezuela, en ella se lee: \u201cMaduro, no eres bienvenido\u201d. (<em>Shaila Rosagel, SinEmbargo<\/em>).<\/p>\n<div id=\"attachment_3505137\" class=\"wp-caption alignnone\"><img loading=\"lazy\" decoding=\"async\" class=\"wp-image-3505137 size-full\" src=\"https:\/\/www.sinembargo.mx\/wp-content\/uploads\/2018\/12\/img_7476.jpg\" sizes=\"auto, (max-width: 700px) 100vw, 700px\" srcset=\"https:\/\/www.sinembargo.mx\/wp-content\/uploads\/2018\/12\/img_7476.jpg 700w, https:\/\/www.sinembargo.mx\/wp-content\/uploads\/2018\/12\/img_7476-300x225.jpg 300w\" alt=\"\" width=\"700\" height=\"525\" \/><\/p>\n<p class=\"wp-caption-text\">Foto: Cri Rodr\u00edguez, SinEmbargo.<\/p>\n<\/div>\n<h3>\u2022\u2022\u2022<\/h3>\n<h3><strong>S\u00e1bado 1, 9:05am<\/strong><b>\u00a0| LA GENTE SE REUNE EN LOS PINOS<\/b><\/h3>\n<p>Una hora antes de la apertura de Los Pinos, la gente comienza una fila para entrar. Son personas que vienen desde distintos puntos de la Ciudad de M\u00e9xico para ver desde las pantallas que se instalar\u00e1n, la toma de protesta de Andr\u00e9s Manuel L\u00f3pez Obrador.<\/p>\n<h3>\u2022\u2022\u2022<\/h3>\n<h3><strong>S\u00e1bado 1, 9:01am<\/strong><b>\u00a0| \u201cNO LOS DEFRAUDAR\u00c9\u201d: AMLO<\/b><\/h3>\n<p>Andr\u00e9s Manuel L\u00f3pez Obrador ha enviado esta ma\u00f1ana un mensaje breve, a unas horas de asumir como Presidente Constitucional de los Estados Unidos Mexicanos: \u201cNo los defraudar\u00e9\u201d.<\/p>\n<blockquote class=\"twitter-tweet\" data-width=\"550\" data-dnt=\"true\">\n<p lang=\"es\" dir=\"ltr\">Inicia la cuarta transformaci\u00f3n de la vida p\u00fablica de M\u00e9xico. Empe\u00f1o mi palabra: no les defraudar\u00e9. <a href=\"https:\/\/t.co\/Y4cJbuejYR\">pic.twitter.com\/Y4cJbuejYR<\/a><\/p>\n<p>&mdash; Andr\u00e9s Manuel (@lopezobrador_) <a href=\"https:\/\/twitter.com\/lopezobrador_\/status\/1068880686134620162?ref_src=twsrc%5Etfw\">December 1, 2018<\/a><\/p><\/blockquote>\n<p><script async src=\"https:\/\/platform.twitter.com\/widgets.js\" charset=\"utf-8\"><\/script><\/p>\n<h3><strong>S\u00e1bado 1, 9:01am<\/strong><b>\u00a0| CALDER\u00d3N LE DESEA \u00c9XITO<\/b><\/h3>\n<p>El ex Presidente Felipe Calder\u00f3n env\u00eda un mensaje a L\u00f3pez Obrador: \u201cPor el bien de M\u00e9xico deseo el mayor de los \u00e9xitos al Presidente\u201d.<\/p>\n<blockquote class=\"twitter-tweet\" data-width=\"550\" data-dnt=\"true\">\n<p lang=\"es\" dir=\"ltr\">Por el bien de M\u00e9xico deseo el mayor de los \u00e9xitos al Presidente <a href=\"https:\/\/twitter.com\/lopezobrador_?ref_src=twsrc%5Etfw\">@lopezobrador_<\/a>. Lo tendr\u00e1 en la medida en que se asuma como presidente de todos los mexicanos y no de unos cuantos, tome sus decisiones con el mayor conocimiento de causa posible y sin prejuicios, y respete la ley.<\/p>\n<p>&mdash; Felipe Calder\u00f3n \ud83c\uddf2\ud83c\uddfd (@FelipeCalderon) <a href=\"https:\/\/twitter.com\/FelipeCalderon\/status\/1068879121470693376?ref_src=twsrc%5Etfw\">December 1, 2018<\/a><\/p><\/blockquote>\n<p><script async src=\"https:\/\/platform.twitter.com\/widgets.js\" charset=\"utf-8\"><\/script><\/p>\n<div id=\"attachment_3505114\" class=\"wp-caption alignnone\"><img loading=\"lazy\" decoding=\"async\" class=\"size-full wp-image-3505114\" src=\"https:\/\/www.sinembargo.mx\/wp-content\/uploads\/2018\/12\/amlo-presidente-electo.jpg\" sizes=\"auto, (max-width: 700px) 100vw, 700px\" srcset=\"https:\/\/www.sinembargo.mx\/wp-content\/uploads\/2018\/12\/amlo-presidente-electo.jpg 700w, https:\/\/www.sinembargo.mx\/wp-content\/uploads\/2018\/12\/amlo-presidente-electo-300x159.jpg 300w\" alt=\"\" width=\"700\" height=\"370\" \/><\/p>\n<p class=\"wp-caption-text\">El l\u00edder izquierdista mexicano Andr\u00e9s Manuel L\u00f3pez Obrador ser\u00e1 investido hoy como nuevo Presidente de M\u00e9xico en una toma de posesi\u00f3n hist\u00f3rica y con la mayor asistencia de l\u00edderes internacionales que ha habido nunca. Foto: Cuartoscuro<\/p>\n<\/div>\n<h3><strong>S\u00e1bado 1, 9:00am<\/strong><b>\u00a0| EL PASO A PASO PARA HOY<\/b><\/h3>\n<p>El l\u00edder izquierdista mexicano Andr\u00e9s Manuel L\u00f3pez Obrador ser\u00e1 investido hoy como nuevo Presidente de M\u00e9xico en una toma de posesi\u00f3n hist\u00f3rica y con la mayor asistencia de l\u00edderes internacionales que ha habido nunca. Esta es la cronolog\u00eda de los actos programados durante la jornada, que incluye eventos inauditos como una celebraci\u00f3n en la c\u00e9ntrica plaza del Z\u00f3calo y la entrega del bast\u00f3n de mando de los pueblos ind\u00edgenas al nuevo mandatario.<\/p>\n<p><strong>\u2013 09.00 horas.\u2013<\/strong>\u00a0Apertura de la sesi\u00f3n en la C\u00e1mara de Diputados de M\u00e9xico, en el Palacio Legislativo, donde intervendr\u00e1n los distintos grupos parlamentarios.<\/p>\n<p><strong>\u2013 10:30 horas.\u2013<\/strong>\u00a0Salida de Andr\u00e9s Manuel L\u00f3pez Obrador desde su domicilio particular en Tlalpan, en el sur de Ciudad de M\u00e9xico, con destino a la C\u00e1mara de Diputados.<\/p>\n<p><strong>\u2013 11:00 horas.\u2013<\/strong>\u00a0Inicio de la ceremonia de transmisi\u00f3n de poderes, en la que el Presidente saliente, Enrique pe\u00f1a Nieto, entregar\u00e1 la banda presidencial al presidente de la C\u00e1mara, Porfirio Mu\u00f1oz Ledo, y este la entregar\u00e1 a L\u00f3pez Obrador, quien jurar\u00e1 el cargo.<\/p>\n<p>El nuevo Presidente ofrecer\u00e1 un discurso a la Naci\u00f3n de una hora que finalizar\u00e1 con el himno mexicano.<\/p>\n<p><strong>\u2013 13:00 horas.\u2013<\/strong> Traslado de L\u00f3pez Obrador en su veh\u00edculo particular desde la C\u00e1mara de Diputados hasta el Palacio Nacional, situado en la plaza del Z\u00f3calo.<\/p>\n<p><strong>\u2013 13:30 horas.\u2013<\/strong> Recepci\u00f3n privada en Palacio Nacional a jefes de Estado y de Gobierno. Est\u00e1n confirmados el Felipe VI de Espa\u00f1a; el Vicepresidente estadounidense Mike Pence; el Presidente de Venezuela, Nicol\u00e1s Maduro, y el de Colombia, Iv\u00e1n Duque, entre otros.<\/p>\n<p><strong>\u2013 16:00 horas.\u2013<\/strong> Fiesta popular con eventos culturales en el Z\u00f3calo para celebrar la investidura de L\u00f3pez Obrador.<\/p>\n<p><strong>\u2013 17:00 horas.\u2013<\/strong> Discurso del Presidente L\u00f3pez Obrador desde el balc\u00f3n del Palacio Nacional dirigido a las personas congregadas en la plaza del Z\u00f3calo.<\/p>\n<p><strong>\u2013 18:00 horas.\u2013<\/strong> Entrega del bast\u00f3n de mando al Presidente L\u00f3pez Obrador por parte de los representantes de los pueblos ind\u00edgenas de M\u00e9xico en el Z\u00f3calo.<\/p>\n<p><strong>\u2013 18:30 horas.\u2013<\/strong> Traslado del Presidente L\u00f3pez Obrador a su domicilio particular en Tlalpan, en el sur de Ciudad de M\u00e9xico.<\/p>\n<p><strong>\u2013 21:00 horas.\u2013<\/strong> Clausura de la fiesta de celebraci\u00f3n en la plaza del Z\u00f3calo. (<em>EFE<\/em>)<\/p>\n<\/div>\n<\/div>\n<\/div>\n<\/div>\n<\/div>\n<\/div>\n","protected":false},"excerpt":{"rendered":"<p>Nicol\u00e1s Maduro llega a Palacio Nacional para reunirse con AMLO<br \/>\nPor Redacci\u00f3n QP<\/p>\n","protected":false},"author":2,"featured_media":10717,"comment_status":"open","ping_status":"open","sticky":false,"template":"","format":"standard","meta":{"_monsterinsights_skip_tracking":false,"_monsterinsights_sitenote_active":false,"_monsterinsights_sitenote_note":"","_monsterinsights_sitenote_category":0,"footnotes":""},"categories":[2],"tags":[],"class_list":["post-10718","post","type-post","status-publish","format-standard","has-post-thumbnail","hentry","category-noticias"],"yoast_head":"<!-- This site is optimized with the Yoast SEO plugin v27.3 - https:\/\/yoast.com\/product\/yoast-seo-wordpress\/ -->\n<title>Nicol\u00e1s Maduro llega a Palacio Nacional para reunirse con AMLO -<\/title>\n<meta name=\"robots\" content=\"index, follow, max-snippet:-1, max-image-preview:large, max-video-preview:-1\" \/>\n<link rel=\"canonical\" href=\"https:\/\/quehacerpolitico.mx\/?p=10718\" \/>\n<meta property=\"og:locale\" content=\"es_MX\" \/>\n<meta property=\"og:type\" content=\"article\" \/>\n<meta property=\"og:title\" content=\"Nicol\u00e1s Maduro llega a Palacio Nacional para reunirse con AMLO -\" \/>\n<meta property=\"og:description\" content=\"Nicol\u00e1s Maduro llega a Palacio Nacional para reunirse con AMLO Por Redacci\u00f3n QP\" \/>\n<meta property=\"og:url\" content=\"https:\/\/quehacerpolitico.mx\/?p=10718\" \/>\n<meta property=\"article:published_time\" content=\"2018-12-01T20:42:22+00:00\" \/>\n<meta name=\"author\" content=\"Redacci\u00f3n QP\" \/>\n<meta name=\"twitter:card\" content=\"summary_large_image\" \/>\n<meta name=\"twitter:label1\" content=\"Escrito por\" \/>\n\t<meta name=\"twitter:data1\" content=\"Redacci\u00f3n QP\" \/>\n\t<meta name=\"twitter:label2\" content=\"Tiempo de lectura\" \/>\n\t<meta name=\"twitter:data2\" content=\"17 minutos\" \/>\n<script type=\"application\/ld+json\" class=\"yoast-schema-graph\">{\"@context\":\"https:\\\/\\\/schema.org\",\"@graph\":[{\"@type\":\"Article\",\"@id\":\"https:\\\/\\\/quehacerpolitico.mx\\\/?p=10718#article\",\"isPartOf\":{\"@id\":\"https:\\\/\\\/quehacerpolitico.mx\\\/?p=10718\"},\"author\":{\"name\":\"Redacci\u00f3n QP\",\"@id\":\"https:\\\/\\\/quehacerpolitico.mx\\\/#\\\/schema\\\/person\\\/496d8ad2d1d3f8036101dca7ee39e585\"},\"headline\":\"Nicol\u00e1s Maduro llega a Palacio Nacional para reunirse con AMLO\",\"datePublished\":\"2018-12-01T20:42:22+00:00\",\"mainEntityOfPage\":{\"@id\":\"https:\\\/\\\/quehacerpolitico.mx\\\/?p=10718\"},\"wordCount\":3456,\"commentCount\":0,\"image\":{\"@id\":\"https:\\\/\\\/quehacerpolitico.mx\\\/?p=10718#primaryimage\"},\"thumbnailUrl\":\"\",\"articleSection\":[\"Noticias\"],\"inLanguage\":\"es\",\"potentialAction\":[{\"@type\":\"CommentAction\",\"name\":\"Comment\",\"target\":[\"https:\\\/\\\/quehacerpolitico.mx\\\/?p=10718#respond\"]}]},{\"@type\":\"WebPage\",\"@id\":\"https:\\\/\\\/quehacerpolitico.mx\\\/?p=10718\",\"url\":\"https:\\\/\\\/quehacerpolitico.mx\\\/?p=10718\",\"name\":\"Nicol\u00e1s Maduro llega a Palacio Nacional para reunirse con AMLO -\",\"isPartOf\":{\"@id\":\"https:\\\/\\\/quehacerpolitico.mx\\\/#website\"},\"primaryImageOfPage\":{\"@id\":\"https:\\\/\\\/quehacerpolitico.mx\\\/?p=10718#primaryimage\"},\"image\":{\"@id\":\"https:\\\/\\\/quehacerpolitico.mx\\\/?p=10718#primaryimage\"},\"thumbnailUrl\":\"\",\"datePublished\":\"2018-12-01T20:42:22+00:00\",\"author\":{\"@id\":\"https:\\\/\\\/quehacerpolitico.mx\\\/#\\\/schema\\\/person\\\/496d8ad2d1d3f8036101dca7ee39e585\"},\"breadcrumb\":{\"@id\":\"https:\\\/\\\/quehacerpolitico.mx\\\/?p=10718#breadcrumb\"},\"inLanguage\":\"es\",\"potentialAction\":[{\"@type\":\"ReadAction\",\"target\":[\"https:\\\/\\\/quehacerpolitico.mx\\\/?p=10718\"]}]},{\"@type\":\"ImageObject\",\"inLanguage\":\"es\",\"@id\":\"https:\\\/\\\/quehacerpolitico.mx\\\/?p=10718#primaryimage\",\"url\":\"\",\"contentUrl\":\"\"},{\"@type\":\"BreadcrumbList\",\"@id\":\"https:\\\/\\\/quehacerpolitico.mx\\\/?p=10718#breadcrumb\",\"itemListElement\":[{\"@type\":\"ListItem\",\"position\":1,\"name\":\"Inicio\",\"item\":\"https:\\\/\\\/quehacerpolitico.mx\\\/\"},{\"@type\":\"ListItem\",\"position\":2,\"name\":\"Nicol\u00e1s Maduro llega a Palacio Nacional para reunirse con AMLO\"}]},{\"@type\":\"WebSite\",\"@id\":\"https:\\\/\\\/quehacerpolitico.mx\\\/#website\",\"url\":\"https:\\\/\\\/quehacerpolitico.mx\\\/\",\"name\":\"\",\"description\":\"\",\"potentialAction\":[{\"@type\":\"SearchAction\",\"target\":{\"@type\":\"EntryPoint\",\"urlTemplate\":\"https:\\\/\\\/quehacerpolitico.mx\\\/?s={search_term_string}\"},\"query-input\":{\"@type\":\"PropertyValueSpecification\",\"valueRequired\":true,\"valueName\":\"search_term_string\"}}],\"inLanguage\":\"es\"},{\"@type\":\"Person\",\"@id\":\"https:\\\/\\\/quehacerpolitico.mx\\\/#\\\/schema\\\/person\\\/496d8ad2d1d3f8036101dca7ee39e585\",\"name\":\"Redacci\u00f3n QP\",\"image\":{\"@type\":\"ImageObject\",\"inLanguage\":\"es\",\"@id\":\"https:\\\/\\\/secure.gravatar.com\\\/avatar\\\/c7164ed6fdec453195284ad24a5ae5b6e1eed2b848477fa2a4787ba9adf39a41?s=96&d=mm&r=g\",\"url\":\"https:\\\/\\\/secure.gravatar.com\\\/avatar\\\/c7164ed6fdec453195284ad24a5ae5b6e1eed2b848477fa2a4787ba9adf39a41?s=96&d=mm&r=g\",\"contentUrl\":\"https:\\\/\\\/secure.gravatar.com\\\/avatar\\\/c7164ed6fdec453195284ad24a5ae5b6e1eed2b848477fa2a4787ba9adf39a41?s=96&d=mm&r=g\",\"caption\":\"Redacci\u00f3n QP\"},\"url\":\"https:\\\/\\\/quehacerpolitico.mx\\\/?author=2\"}]}<\/script>\n<!-- \/ Yoast SEO plugin. -->","yoast_head_json":{"title":"Nicol\u00e1s Maduro llega a Palacio Nacional para reunirse con AMLO -","robots":{"index":"index","follow":"follow","max-snippet":"max-snippet:-1","max-image-preview":"max-image-preview:large","max-video-preview":"max-video-preview:-1"},"canonical":"https:\/\/quehacerpolitico.mx\/?p=10718","og_locale":"es_MX","og_type":"article","og_title":"Nicol\u00e1s Maduro llega a Palacio Nacional para reunirse con AMLO -","og_description":"Nicol\u00e1s Maduro llega a Palacio Nacional para reunirse con AMLO Por Redacci\u00f3n QP","og_url":"https:\/\/quehacerpolitico.mx\/?p=10718","article_published_time":"2018-12-01T20:42:22+00:00","author":"Redacci\u00f3n QP","twitter_card":"summary_large_image","twitter_misc":{"Escrito por":"Redacci\u00f3n QP","Tiempo de lectura":"17 minutos"},"schema":{"@context":"https:\/\/schema.org","@graph":[{"@type":"Article","@id":"https:\/\/quehacerpolitico.mx\/?p=10718#article","isPartOf":{"@id":"https:\/\/quehacerpolitico.mx\/?p=10718"},"author":{"name":"Redacci\u00f3n QP","@id":"https:\/\/quehacerpolitico.mx\/#\/schema\/person\/496d8ad2d1d3f8036101dca7ee39e585"},"headline":"Nicol\u00e1s Maduro llega a Palacio Nacional para reunirse con AMLO","datePublished":"2018-12-01T20:42:22+00:00","mainEntityOfPage":{"@id":"https:\/\/quehacerpolitico.mx\/?p=10718"},"wordCount":3456,"commentCount":0,"image":{"@id":"https:\/\/quehacerpolitico.mx\/?p=10718#primaryimage"},"thumbnailUrl":"","articleSection":["Noticias"],"inLanguage":"es","potentialAction":[{"@type":"CommentAction","name":"Comment","target":["https:\/\/quehacerpolitico.mx\/?p=10718#respond"]}]},{"@type":"WebPage","@id":"https:\/\/quehacerpolitico.mx\/?p=10718","url":"https:\/\/quehacerpolitico.mx\/?p=10718","name":"Nicol\u00e1s Maduro llega a Palacio Nacional para reunirse con AMLO -","isPartOf":{"@id":"https:\/\/quehacerpolitico.mx\/#website"},"primaryImageOfPage":{"@id":"https:\/\/quehacerpolitico.mx\/?p=10718#primaryimage"},"image":{"@id":"https:\/\/quehacerpolitico.mx\/?p=10718#primaryimage"},"thumbnailUrl":"","datePublished":"2018-12-01T20:42:22+00:00","author":{"@id":"https:\/\/quehacerpolitico.mx\/#\/schema\/person\/496d8ad2d1d3f8036101dca7ee39e585"},"breadcrumb":{"@id":"https:\/\/quehacerpolitico.mx\/?p=10718#breadcrumb"},"inLanguage":"es","potentialAction":[{"@type":"ReadAction","target":["https:\/\/quehacerpolitico.mx\/?p=10718"]}]},{"@type":"ImageObject","inLanguage":"es","@id":"https:\/\/quehacerpolitico.mx\/?p=10718#primaryimage","url":"","contentUrl":""},{"@type":"BreadcrumbList","@id":"https:\/\/quehacerpolitico.mx\/?p=10718#breadcrumb","itemListElement":[{"@type":"ListItem","position":1,"name":"Inicio","item":"https:\/\/quehacerpolitico.mx\/"},{"@type":"ListItem","position":2,"name":"Nicol\u00e1s Maduro llega a Palacio Nacional para reunirse con AMLO"}]},{"@type":"WebSite","@id":"https:\/\/quehacerpolitico.mx\/#website","url":"https:\/\/quehacerpolitico.mx\/","name":"","description":"","potentialAction":[{"@type":"SearchAction","target":{"@type":"EntryPoint","urlTemplate":"https:\/\/quehacerpolitico.mx\/?s={search_term_string}"},"query-input":{"@type":"PropertyValueSpecification","valueRequired":true,"valueName":"search_term_string"}}],"inLanguage":"es"},{"@type":"Person","@id":"https:\/\/quehacerpolitico.mx\/#\/schema\/person\/496d8ad2d1d3f8036101dca7ee39e585","name":"Redacci\u00f3n QP","image":{"@type":"ImageObject","inLanguage":"es","@id":"https:\/\/secure.gravatar.com\/avatar\/c7164ed6fdec453195284ad24a5ae5b6e1eed2b848477fa2a4787ba9adf39a41?s=96&d=mm&r=g","url":"https:\/\/secure.gravatar.com\/avatar\/c7164ed6fdec453195284ad24a5ae5b6e1eed2b848477fa2a4787ba9adf39a41?s=96&d=mm&r=g","contentUrl":"https:\/\/secure.gravatar.com\/avatar\/c7164ed6fdec453195284ad24a5ae5b6e1eed2b848477fa2a4787ba9adf39a41?s=96&d=mm&r=g","caption":"Redacci\u00f3n QP"},"url":"https:\/\/quehacerpolitico.mx\/?author=2"}]}},"featured_image_urls":{"full":"","thumbnail":"","medium":"","medium_large":"","large":"","1536x1536":"","2048x2048":"","covernews-featured":"","covernews-medium":""},"author_info":{"display_name":"Redacci\u00f3n QP","author_link":"https:\/\/quehacerpolitico.mx\/?author=2"},"category_info":"<a href=\"https:\/\/quehacerpolitico.mx\/?cat=2\" rel=\"category\">Noticias<\/a>","tag_info":"Noticias","comment_count":"0","_links":{"self":[{"href":"https:\/\/quehacerpolitico.mx\/index.php?rest_route=\/wp\/v2\/posts\/10718","targetHints":{"allow":["GET"]}}],"collection":[{"href":"https:\/\/quehacerpolitico.mx\/index.php?rest_route=\/wp\/v2\/posts"}],"about":[{"href":"https:\/\/quehacerpolitico.mx\/index.php?rest_route=\/wp\/v2\/types\/post"}],"author":[{"embeddable":true,"href":"https:\/\/quehacerpolitico.mx\/index.php?rest_route=\/wp\/v2\/users\/2"}],"replies":[{"embeddable":true,"href":"https:\/\/quehacerpolitico.mx\/index.php?rest_route=%2Fwp%2Fv2%2Fcomments&post=10718"}],"version-history":[{"count":0,"href":"https:\/\/quehacerpolitico.mx\/index.php?rest_route=\/wp\/v2\/posts\/10718\/revisions"}],"wp:featuredmedia":[{"embeddable":true,"href":"https:\/\/quehacerpolitico.mx\/index.php?rest_route=\/"}],"wp:attachment":[{"href":"https:\/\/quehacerpolitico.mx\/index.php?rest_route=%2Fwp%2Fv2%2Fmedia&parent=10718"}],"wp:term":[{"taxonomy":"category","embeddable":true,"href":"https:\/\/quehacerpolitico.mx\/index.php?rest_route=%2Fwp%2Fv2%2Fcategories&post=10718"},{"taxonomy":"post_tag","embeddable":true,"href":"https:\/\/quehacerpolitico.mx\/index.php?rest_route=%2Fwp%2Fv2%2Ftags&post=10718"}],"curies":[{"name":"wp","href":"https:\/\/api.w.org\/{rel}","templated":true}]}}