{"id":10714,"date":"2018-12-01T17:44:30","date_gmt":"2018-12-01T17:44:30","guid":{"rendered":"http:\/\/quehacerpolitico.mx\/amlo-recibe-la-banda-presidencial-y-toma-protesta-como-mandatario-del-pais\/"},"modified":"2018-12-01T17:44:30","modified_gmt":"2018-12-01T17:44:30","slug":"amlo-recibe-la-banda-presidencial-y-toma-protesta-como-mandatario-del-pais","status":"publish","type":"post","link":"https:\/\/quehacerpolitico.mx\/?p=10714","title":{"rendered":"AMLO recibe la banda presidencial y toma protesta como mandatario del pa\u00eds"},"content":{"rendered":"<h1>AMLO recibe la banda presidencial y toma protesta como mandatario del pa\u00eds<\/h1>\n<p>Por Redacci\u00f3n QP<\/p>\n<h3><strong>S\u00e1bado 1, 11:12am<\/strong><b>\u00a0| AMLO LLEGA AL CONGRESO<\/b><\/h3>\n<p>L\u00f3pez Obrador arrib\u00f3 al Congreso de la Uni\u00f3n para recibir la banda presidencial. El pol\u00edtico fue aclamado por sus seguidores afuera del Congreso y fue recibido por su comitiva.<\/p>\n<p>\u201cHonorable Congreso, protesto desempe\u00f1ar lealmente el cargo de Presidente de la Rep\u00fablica\u201d, inici\u00f3 su discurso.<\/p>\n<div class=\"im_history_message_wrap\">\n<div class=\"im_message_outer_wrap hasselect\">\n<div class=\"im_message_wrap clearfix\">\n<div class=\"im_content_message_wrap im_message_in\">\n<div class=\"im_message_body\">\n<div>\n<div class=\"im_message_text\" dir=\"auto\">\u201cPuede parecer pretencioso, pero hoy comienza un cambio de r\u00e9gimen pol\u00edtico. Un cambio, a\u00f1adi\u00f3, pacific\u00f3 y ordenado\u201d, afirm\u00f3 y contin\u00fao: \u201cun cambio que se enfocar\u00e1 en erradicar la corrupci\u00f3n\u201d.<\/div>\n<\/div>\n<\/div>\n<\/div>\n<\/div>\n<\/div>\n<\/div>\n<div class=\"im_history_message_wrap im_grouped\">\n<div class=\"im_message_outer_wrap hasselect\">\n<div class=\"im_message_wrap clearfix\">\n<div class=\"im_content_message_wrap im_message_in\">\n<div class=\"im_message_body\">\n<div>\u00a0<\/div>\n<\/div>\n<\/div>\n<\/div>\n<\/div>\n<\/div>\n<div id=\"attachment_3505186\" class=\"wp-caption alignnone\"><img loading=\"lazy\" decoding=\"async\" class=\"wp-image-3505186 size-full\" src=\"https:\/\/www.sinembargo.mx\/wp-content\/uploads\/2018\/12\/photo4907106445166749746.jpg\" sizes=\"auto, (max-width: 700px) 100vw, 700px\" srcset=\"https:\/\/www.sinembargo.mx\/wp-content\/uploads\/2018\/12\/photo4907106445166749746.jpg 700w, https:\/\/www.sinembargo.mx\/wp-content\/uploads\/2018\/12\/photo4907106445166749746-300x151.jpg 300w\" alt=\"\" width=\"700\" height=\"353\" \/><\/p>\n<p class=\"wp-caption-text\">AMLO inici\u00f3 su protesta como Presidente. Foto: Especial.<\/p>\n<\/div>\n<div id=\"attachment_3505189\" class=\"wp-caption alignnone\"><img loading=\"lazy\" decoding=\"async\" class=\"wp-image-3505189 size-full\" src=\"https:\/\/www.sinembargo.mx\/wp-content\/uploads\/2018\/12\/img_7489.jpg\" sizes=\"auto, (max-width: 700px) 100vw, 700px\" srcset=\"https:\/\/www.sinembargo.mx\/wp-content\/uploads\/2018\/12\/img_7489.jpg 700w, https:\/\/www.sinembargo.mx\/wp-content\/uploads\/2018\/12\/img_7489-300x178.jpg 300w\" alt=\"\" width=\"700\" height=\"416\" \/><\/p>\n<p class=\"wp-caption-text\">En su discurso AMLO insisti\u00f3 en que nada ha da\u00f1ado m\u00e1s a M\u00e9xico que la corrupci\u00f3n de los gobernantes y de una c\u00fapula del poder privado. Foto: Cri Rodr\u00edguez.<\/p>\n<p>https:\/\/www.facebook.com\/lopezobrador.org.mx\/videos\/292168611411531\/<\/p>\n<\/div>\n<h3>\u2022\u2022\u2022<\/h3>\n<h3><strong>S\u00e1bado 1, 11:06 am<\/strong><b>\u00a0| CNTE MARCHA AL Z\u00d3CALO<\/b><\/h3>\n<p>Miles de\u00a0 maestros de la\u00a0Coordinadora\u00a0Nacional de Trabajadores de la Educaci\u00f3n (CNTE) marchan esta ma\u00f1ana del \u00c1ngel de la Independencia al Z\u00f3calo capitalino. Minutos despu\u00e9s de las 11:00 horas los contingentes arribaron al Hemiciclo a Ju\u00e1rez, protestan para reiterar su rechazo a la Reforma Educativa y exigir su derogaci\u00f3n.<\/p>\n<h3><strong>S\u00e1bado 1, 10:55 am<\/strong><b>\u00a0| PE\u00d1A NIETO LLEGA AL CONGRESO<\/b><\/h3>\n<p>El todav\u00eda Presidente, Enrique Pe\u00f1a Nieto lleg\u00f3 al Congreso y fue recibido por los diputados y senadores del Partido Revolucionario Institucional, llego\u00a0 civiles lo esperaran, en contraste con las decenas de personas que aguardan al llegada de L\u00f3pez Obrador.<\/p>\n<h3>\u2022\u2022\u2022<\/h3>\n<h3><strong>S\u00e1bado 1, 10:45 am<\/strong><b>\u00a0| NICOL\u00c1S MADURO NO LLEGAR\u00c1 AL CONGRESO<\/b><\/h3>\n<p class=\"p1\">El Presidente de Venezuela no llegar\u00eda a la toma de protesta de L\u00f3pez Obrador en la C\u00e1mara de Diputados, pero s\u00ed asistir\u00eda a la comida que se realizar\u00e1 despu\u00e9s en Palacio Nacional, esto inform\u00f3 la periodista Denise Maerker y fue retomado por medios nacionales. <em>(Denise Maerker, Televisa).<\/em><\/p>\n<blockquote class=\"twitter-tweet\" data-width=\"550\" data-dnt=\"true\">\n<p lang=\"es\" dir=\"ltr\">El presidente de Venezuela, Nicol\u00e1s Maduro, no acudir\u00e1 a la C\u00e1mara de Diputados; asistir\u00e1 a la comida en Palacio Nacional   <\/p>\n<p> <a href=\"https:\/\/twitter.com\/hashtag\/TomadeProtesta?src=hash&amp;ref_src=twsrc%5Etfw\">#TomadeProtesta<\/a>   <a href=\"https:\/\/twitter.com\/hashtag\/PresidenteDeM%C3%A9xico?src=hash&amp;ref_src=twsrc%5Etfw\">#PresidenteDeM\u00e9xico<\/a>  <a href=\"https:\/\/twitter.com\/hashtag\/Transici%C3%B3n2018?src=hash&amp;ref_src=twsrc%5Etfw\">#Transici\u00f3n2018<\/a><\/p>\n<p>&mdash; Denise Maerker (@DeniseMaerker) <a href=\"https:\/\/twitter.com\/DeniseMaerker\/status\/1068901992670605312?ref_src=twsrc%5Etfw\">December 1, 2018<\/a><\/p><\/blockquote>\n<p><script async src=\"https:\/\/platform.twitter.com\/widgets.js\" charset=\"utf-8\"><\/script><\/p>\n<h3><strong>S\u00e1bado 1, 10:27 am<\/strong><b>\u00a0| PE\u00d1A NIETO VA RUMBO AL CONGRESO<\/b><\/h3>\n<p>Enrique Pe\u00f1a Nieto sali\u00f3 de su casa en las Lomas de Chapultepec rumbo al Congreso de M\u00e9xico. En entrevista con medios reiter\u00f3 que desea descansar de la pol\u00edtica y la vida p\u00fablica luego de entregar la banda presidencial. <em>(Ciro G\u00f3mez Leyva)<\/em><\/p>\n<h3>\u2022\u2022\u2022<\/h3>\n<h3><strong>S\u00e1bado 1, 10:21 am<\/strong><b>\u00a0| AMLO SALE RUMBO A LOS PINOS<\/b><\/h3>\n<p>L\u00f3pez Obrador dej\u00f3 su casa en Tlalpan para dirigirse al Congreso. Decenas de vecinos lo esperaban y lo despidieron con gritos como: \u201c\u00a1Presidente!,\u00a0 \u00a1presidente!\u201d.<\/p>\n<p>El mandatario electo de M\u00e9xico sali\u00f3 de su domicilio en la delegaci\u00f3n de Tlalpan, en el sur de Ciudad de M\u00e9xico, y se dirige a la C\u00e1mara de Diputados, sede del Legislativo, para ser investido como presidente.<\/p>\n<p>A bordo de su veh\u00edculo particular, un Jetta blanco, el l\u00edder izquierdista sali\u00f3 de su domicilio particular, donde continuar\u00e1 viviendo tras asumir la Presidencia. En los aleda\u00f1os de la vivienda le esperaban centenares de simpatizantes, que abarrotaron la entrada dificultando la salida del veh\u00edculo, para felicitarlo minutos antes de su toma de poder.<\/p>\n<p>\u201cEs un honor, estar con Obrador\u201d, entonaron muchos de ellos mientras el autom\u00f3vil avanzaba a duras penas, ante el peligro de atropellar a alguna de las personas ah\u00ed congregadas.<\/p>\n<p>A L\u00f3pez Obrador le espera un viaje de alrededor de 20 kil\u00f3metros hasta llegar al Palacio Legislativo de San L\u00e1zaro, en el oriente de la capital. (EFE).<\/p>\n<h3>\u2022\u2022\u2022<\/h3>\n<h3><strong>S\u00e1bado 1, 10:00 am<\/strong><b>\u00a0| IVANKA TRUMP FESTAJA SU ASISTENCIA A M\u00c9XICO<\/b><\/h3>\n<p class=\"p1\">Ivanka Trump<span class=\"Apple-converted-space\">\u00a0 <\/span>lleg\u00f3 a M\u00e9xico para toma de protesta de AMLO. En su cuenta de Twitter dijo que<span class=\"Apple-converted-space\">\u00a0 <\/span>\u201c<span class=\"s1\">es un honor\u201d<span class=\"Apple-converted-space\">\u00a0 <\/span>acompa\u00f1ar a las y los mexicanos en un d\u00eda que calific\u00f3 de \u201chist\u00f3rico\u201d.\u00a0<\/span><span class=\"s2\">Dijo que est\u00e1 en compa\u00f1\u00eda de Karen Pence.<\/span><\/p>\n<p class=\"p3\"><span class=\"s2\">\u201cEn M\u00e9xico con <a href=\"https:\/\/twitter.com\/VP\"><span class=\"s3\">@VP<\/span><\/a> Pence, <a href=\"https:\/\/twitter.com\/SecondLady\"><span class=\"s3\">@SecondLady<\/span><\/a> y miembros de la delegaci\u00f3n presidencial para la inauguraci\u00f3n del Presidente <a href=\"https:\/\/twitter.com\/lopezobrador_\"><span class=\"s3\">@lopezobrador_<\/span><\/a>.\u00a0\u00a0<\/span><span class=\"s2\">Muchas felicitaciones al pueblo mexicano!\u00a0<\/span>Es un honor acompa\u00f1arles en este d\u00eda tan hist\u00f3rico y especial\u201d, escribi\u00f3 en Twitter.<\/p>\n<blockquote class=\"twitter-tweet\" data-width=\"550\" data-dnt=\"true\">\n<p lang=\"es\" dir=\"ltr\">En M\u00e9xico con <a href=\"https:\/\/twitter.com\/VP?ref_src=twsrc%5Etfw\">@VP<\/a> Pence, @SecondLady y miembros de la delegaci\u00f3n presidencial para la inauguraci\u00f3n del Presidente <a href=\"https:\/\/twitter.com\/lopezobrador_?ref_src=twsrc%5Etfw\">@lopezobrador_<\/a>. <br \/>Muchas felicitaciones al pueblo mexicano! <br \/>Es un honor acompa\u00f1arles en este d\u00eda tan hist\u00f3rico y especial \ud83c\uddf2\ud83c\uddfd<\/p>\n<p>&mdash; Ivanka Trump (@IvankaTrump) <a href=\"https:\/\/twitter.com\/IvankaTrump\/status\/1068899060743094273?ref_src=twsrc%5Etfw\">December 1, 2018<\/a><\/p><\/blockquote>\n<p><script async src=\"https:\/\/platform.twitter.com\/widgets.js\" charset=\"utf-8\"><\/script><\/p>\n<h3><strong>S\u00e1bado 1, 9:58 am<\/strong><b>\u00a0| PERSONAS PROTESTAN CONTRA MADURO<\/b><\/h3>\n<p class=\"p1\">Un grupo de personas que se manifestaba en contra de la asistencia del Presidente Nicol\u00e1s Maduro a la toma de protesta de L\u00f3pez Obrador se enfrent\u00f3 por minutos con seguidores del morenista, quienes los esperaban en calles rumbo a San L\u00e1zaro. Agentes policiacos comenzaron un cerco para frenar los enfrentamientos. (<em>Milenio<\/em>).<\/p>\n<h3>\u2022\u2022\u2022<\/h3>\n<h3><strong>S\u00e1bado 1, 9:55 am<\/strong><b>\u00a0| INICIA ACCESO A LOS PINOS<\/b><\/h3>\n<p class=\"p1\">Luego de esperar por m\u00e1s de una hora, decenas de personas comenzaron a ingresar a Los Pinos. Algunos portan banderas de M\u00e9xico. En la entrada los esperaba un letrero con el mensaje: \u201cBienvenido pueblo de M\u00e9xico a Los Pinos\u201d.<\/p>\n<p><img loading=\"lazy\" decoding=\"async\" class=\"alignnone wp-image-3505148 size-full\" src=\"https:\/\/www.sinembargo.mx\/wp-content\/uploads\/2018\/12\/photo5483334689415604152.jpg\" sizes=\"auto, (max-width: 700px) 100vw, 700px\" srcset=\"https:\/\/www.sinembargo.mx\/wp-content\/uploads\/2018\/12\/photo5483334689415604152.jpg 700w, https:\/\/www.sinembargo.mx\/wp-content\/uploads\/2018\/12\/photo5483334689415604152-300x225.jpg 300w\" alt=\"\" width=\"700\" height=\"525\" \/><\/p>\n<h3>\u2022\u2022<\/h3>\n<h3><strong>S\u00e1bado 1, 9:40 am<\/strong><b>\u00a0| COPARMEX DESEA \u00c9XITO A AMLO<\/b><\/h3>\n<div class=\"im_history_message_wrap\">\n<div class=\"im_message_outer_wrap hasselect\">\n<div class=\"im_message_wrap clearfix\">\n<div class=\"im_content_message_wrap im_message_in\">\n<div class=\"im_message_body\">\n<div class=\"im_message_text\" dir=\"auto\">\n<p>La Confederaci\u00f3n Patronal de la Rep\u00fablica Mexicana (Coparmex), una de las c\u00fapulas empresariales m\u00e1s importantes del pa\u00eds, le deseo \u00e9xito al Presidente Andr\u00e9s Manuel L\u00f3pez Obrador en su gesti\u00f3n presidencial. Dijo que apoyar\u00e1 las buenas pol\u00edticas p\u00fablicas del Gobierno y cuestionar\u00e1 las leyes y programas perjudiciales para los ciudadanos o las empresas.<\/p>\n<p>\u201cRespetando el estado de derecho, preservando la estabilidad, salvaguardando libertades y con cohesi\u00f3n social, el Pa\u00eds puede alcanzar en los pr\u00f3ximos a\u00f1os, con el liderazgo de Andr\u00e9s Manuel L\u00f3pez Obrador, niveles insospechados de desarrollo y bienestar\u201d, escribi\u00f3 en su cuenta de Twitter Gustavo de Hoyos, presidente de la Coparmex.<br \/>[youtue jsiblek48ws]<\/p>\n<h3><strong>S\u00e1bado 1, 9:35 am<\/strong><b>\u00a0|\u00a0<strong>PE\u00d1A NIETO SE ALISTA RUMBO AL CONGRESO<\/strong><\/b><\/h3>\n<p>El Presidente Pe\u00f1a Nieto se prepara para salir de su casa en Lomas de Chapultepec rumbo al Congreso de M\u00e9xico y presenciar la toma de protesta de L\u00f3pez Obrador, quien ocupar\u00e1 el cargo que el tuvo durante los \u00faltimos seis a\u00f1os. <em>(Milenio).<\/em><\/p>\n<h3>\u2022\u2022\u2022<\/h3>\n<h3><strong>S\u00e1bado 1, 9:10 am<\/strong><b>\u00a0|\u00a0<strong>EL CONGRESO INICIA SESI\u00d3N<\/strong><\/b><\/h3>\n<p>El Congreso de M\u00e9xico ha dado inicio a la sesi\u00f3n en la que se dar\u00e1 el cambio de poderes entre Andr\u00e9s Manuel L\u00f3pez Obrador y Enrique Pe\u00f1a Nieto. Preside Porfirio Mu\u00f1oz Ledo esta sesi\u00f3n hist\u00f3rica. \u201cEs un honor estar con Obrador\u201d, se escucha el grito, casi un\u00e1nime.<\/p>\n<div id=\"attachment_3505131\" class=\"wp-caption alignnone\"><img loading=\"lazy\" decoding=\"async\" class=\"wp-image-3505131 size-full\" src=\"https:\/\/www.sinembargo.mx\/wp-content\/uploads\/2018\/12\/img_7450-1.jpg\" sizes=\"auto, (max-width: 700px) 100vw, 700px\" srcset=\"https:\/\/www.sinembargo.mx\/wp-content\/uploads\/2018\/12\/img_7450-1.jpg 700w, https:\/\/www.sinembargo.mx\/wp-content\/uploads\/2018\/12\/img_7450-1-300x225.jpg 300w\" alt=\"\" width=\"700\" height=\"525\" \/><\/p>\n<p class=\"wp-caption-text\">Foto: Cri Rodr\u00edguez<\/p>\n<\/div>\n<p>La sesi\u00f3n inici\u00f3 con la asistencia de 110 Senadores y 448 diputados. Los\u00a0legisladores del PAN colocaron una manta para protestar contra la asistencia del mandatario de Venezuela, en ella se lee: \u201cMaduro, no eres bienvenido\u201d.\u00a0<\/p>\n<div id=\"attachment_3505137\" class=\"wp-caption alignnone\"><img loading=\"lazy\" decoding=\"async\" class=\"wp-image-3505137 size-full\" src=\"https:\/\/www.sinembargo.mx\/wp-content\/uploads\/2018\/12\/img_7476.jpg\" sizes=\"auto, (max-width: 700px) 100vw, 700px\" srcset=\"https:\/\/www.sinembargo.mx\/wp-content\/uploads\/2018\/12\/img_7476.jpg 700w, https:\/\/www.sinembargo.mx\/wp-content\/uploads\/2018\/12\/img_7476-300x225.jpg 300w\" alt=\"\" width=\"700\" height=\"525\" \/><\/p>\n<p class=\"wp-caption-text\">Foto: Cri Rodr\u00edguez<\/p>\n<\/div>\n<h3>\u2022\u2022\u2022<\/h3>\n<h3><strong>S\u00e1bado 1, 9:05am<\/strong><b>\u00a0| LA GENTE SE REUNE EN LOS PINOS<\/b><\/h3>\n<p>Una hora antes de la apertura de Los Pinos, la gente comienza una fila para entrar. Son personas que vienen desde distintos puntos de la Ciudad de M\u00e9xico para ver desde las pantallas que se instalar\u00e1n, la toma de protesta de Andr\u00e9s Manuel L\u00f3pez Obrador.<\/p>\n<h3>\u2022\u2022\u2022<\/h3>\n<h3><strong>S\u00e1bado 1, 9:01am<\/strong><b>\u00a0| \u201cNO LOS DEFRAUDAR\u00c9\u201d: AMLO<\/b><\/h3>\n<p>Andr\u00e9s Manuel L\u00f3pez Obrador ha enviado esta ma\u00f1ana un mensaje breve, a unas horas de asumir como Presidente Constitucional de los Estados Unidos Mexicanos: \u201cNo los defraudar\u00e9\u201d.<\/p>\n<blockquote class=\"twitter-tweet\" data-width=\"550\" data-dnt=\"true\">\n<p lang=\"es\" dir=\"ltr\">Inicia la cuarta transformaci\u00f3n de la vida p\u00fablica de M\u00e9xico. Empe\u00f1o mi palabra: no les defraudar\u00e9. <a href=\"https:\/\/t.co\/Y4cJbuejYR\">pic.twitter.com\/Y4cJbuejYR<\/a><\/p>\n<p>&mdash; Andr\u00e9s Manuel (@lopezobrador_) <a href=\"https:\/\/twitter.com\/lopezobrador_\/status\/1068880686134620162?ref_src=twsrc%5Etfw\">December 1, 2018<\/a><\/p><\/blockquote>\n<p><script async src=\"https:\/\/platform.twitter.com\/widgets.js\" charset=\"utf-8\"><\/script><\/p>\n<h3><strong>S\u00e1bado 1, 9:01am<\/strong><b>\u00a0| CALDER\u00d3N LE DESEA \u00c9XITO<\/b><\/h3>\n<p>El ex Presidente Felipe Calder\u00f3n env\u00eda un mensaje a L\u00f3pez Obrador: \u201cPor el bien de M\u00e9xico deseo el mayor de los \u00e9xitos al Presidente\u201d.<\/p>\n<blockquote class=\"twitter-tweet\" data-width=\"550\" data-dnt=\"true\">\n<p lang=\"es\" dir=\"ltr\">Por el bien de M\u00e9xico deseo el mayor de los \u00e9xitos al Presidente <a href=\"https:\/\/twitter.com\/lopezobrador_?ref_src=twsrc%5Etfw\">@lopezobrador_<\/a>. Lo tendr\u00e1 en la medida en que se asuma como presidente de todos los mexicanos y no de unos cuantos, tome sus decisiones con el mayor conocimiento de causa posible y sin prejuicios, y respete la ley.<\/p>\n<p>&mdash; Felipe Calder\u00f3n \ud83c\uddf2\ud83c\uddfd (@FelipeCalderon) <a href=\"https:\/\/twitter.com\/FelipeCalderon\/status\/1068879121470693376?ref_src=twsrc%5Etfw\">December 1, 2018<\/a><\/p><\/blockquote>\n<p><script async src=\"https:\/\/platform.twitter.com\/widgets.js\" charset=\"utf-8\"><\/script><\/p>\n<div id=\"attachment_3505114\" class=\"wp-caption alignnone\"><img loading=\"lazy\" decoding=\"async\" class=\"size-full wp-image-3505114\" src=\"https:\/\/www.sinembargo.mx\/wp-content\/uploads\/2018\/12\/amlo-presidente-electo.jpg\" sizes=\"auto, (max-width: 700px) 100vw, 700px\" srcset=\"https:\/\/www.sinembargo.mx\/wp-content\/uploads\/2018\/12\/amlo-presidente-electo.jpg 700w, https:\/\/www.sinembargo.mx\/wp-content\/uploads\/2018\/12\/amlo-presidente-electo-300x159.jpg 300w\" alt=\"\" width=\"700\" height=\"370\" \/><\/p>\n<p class=\"wp-caption-text\">El l\u00edder izquierdista mexicano Andr\u00e9s Manuel L\u00f3pez Obrador ser\u00e1 investido hoy como nuevo Presidente de M\u00e9xico en una toma de posesi\u00f3n hist\u00f3rica y con la mayor asistencia de l\u00edderes internacionales que ha habido nunca. Foto: Cuartoscuro<\/p>\n<\/div>\n<h3><strong>S\u00e1bado 1, 9:00am<\/strong><b>\u00a0| EL PASO A PASO PARA HOY<\/b><\/h3>\n<p>El l\u00edder izquierdista mexicano Andr\u00e9s Manuel L\u00f3pez Obrador ser\u00e1 investido hoy como nuevo Presidente de M\u00e9xico en una toma de posesi\u00f3n hist\u00f3rica y con la mayor asistencia de l\u00edderes internacionales que ha habido nunca. Esta es la cronolog\u00eda de los actos programados durante la jornada, que incluye eventos inauditos como una celebraci\u00f3n en la c\u00e9ntrica plaza del Z\u00f3calo y la entrega del bast\u00f3n de mando de los pueblos ind\u00edgenas al nuevo mandatario.<\/p>\n<p><strong>\u2013 09.00 horas.\u2013<\/strong>\u00a0Apertura de la sesi\u00f3n en la C\u00e1mara de Diputados de M\u00e9xico, en el Palacio Legislativo, donde intervendr\u00e1n los distintos grupos parlamentarios.<\/p>\n<p><strong>\u2013 10:30 horas.\u2013<\/strong>\u00a0Salida de Andr\u00e9s Manuel L\u00f3pez Obrador desde su domicilio particular en Tlalpan, en el sur de Ciudad de M\u00e9xico, con destino a la C\u00e1mara de Diputados.<\/p>\n<p><strong>\u2013 11:00 horas.\u2013<\/strong>\u00a0Inicio de la ceremonia de transmisi\u00f3n de poderes, en la que el Presidente saliente, Enrique pe\u00f1a Nieto, entregar\u00e1 la banda presidencial al presidente de la C\u00e1mara, Porfirio Mu\u00f1oz Ledo, y este la entregar\u00e1 a L\u00f3pez Obrador, quien jurar\u00e1 el cargo.<\/p>\n<p>El nuevo Presidente ofrecer\u00e1 un discurso a la Naci\u00f3n de una hora que finalizar\u00e1 con el himno mexicano.<\/p>\n<p><strong>\u2013 13:00 horas.\u2013<\/strong> Traslado de L\u00f3pez Obrador en su veh\u00edculo particular desde la C\u00e1mara de Diputados hasta el Palacio Nacional, situado en la plaza del Z\u00f3calo.<\/p>\n<p><strong>\u2013 13:30 horas.\u2013<\/strong> Recepci\u00f3n privada en Palacio Nacional a jefes de Estado y de Gobierno. Est\u00e1n confirmados el Felipe VI de Espa\u00f1a; el Vicepresidente estadounidense Mike Pence; el Presidente de Venezuela, Nicol\u00e1s Maduro, y el de Colombia, Iv\u00e1n Duque, entre otros.<\/p>\n<p><strong>\u2013 16:00 horas.\u2013<\/strong> Fiesta popular con eventos culturales en el Z\u00f3calo para celebrar la investidura de L\u00f3pez Obrador.<\/p>\n<p><strong>\u2013 17:00 horas.\u2013<\/strong> Discurso del Presidente L\u00f3pez Obrador desde el balc\u00f3n del Palacio Nacional dirigido a las personas congregadas en la plaza del Z\u00f3calo.<\/p>\n<p><strong>\u2013 18:00 horas.\u2013<\/strong> Entrega del bast\u00f3n de mando al Presidente L\u00f3pez Obrador por parte de los representantes de los pueblos ind\u00edgenas de M\u00e9xico en el Z\u00f3calo.<\/p>\n<p><strong>\u2013 18:30 horas.\u2013<\/strong> Traslado del Presidente L\u00f3pez Obrador a su domicilio particular en Tlalpan, en el sur de Ciudad de M\u00e9xico.<\/p>\n<p><strong>\u2013 21:00 horas.\u2013<\/strong> Clausura de la fiesta de celebraci\u00f3n en la plaza del Z\u00f3calo. (<em>EFE<\/em>)<\/p>\n<\/div>\n<\/div>\n<\/div>\n<\/div>\n<\/div>\n<\/div>\n","protected":false},"excerpt":{"rendered":"<p>AMLO recibe la banda presidencial y toma protesta como mandatario del pa\u00eds<br \/>\nPor Redacci\u00f3n QP<\/p>\n","protected":false},"author":2,"featured_media":10713,"comment_status":"open","ping_status":"open","sticky":false,"template":"","format":"standard","meta":{"_monsterinsights_skip_tracking":false,"_monsterinsights_sitenote_active":false,"_monsterinsights_sitenote_note":"","_monsterinsights_sitenote_category":0,"footnotes":""},"categories":[2],"tags":[],"class_list":["post-10714","post","type-post","status-publish","format-standard","has-post-thumbnail","hentry","category-noticias"],"yoast_head":"<!-- This site is optimized with the Yoast SEO plugin v27.3 - https:\/\/yoast.com\/product\/yoast-seo-wordpress\/ -->\n<title>AMLO recibe la banda presidencial y toma protesta como mandatario del pa\u00eds -<\/title>\n<meta name=\"robots\" content=\"index, follow, max-snippet:-1, max-image-preview:large, max-video-preview:-1\" \/>\n<link rel=\"canonical\" href=\"https:\/\/quehacerpolitico.mx\/?p=10714\" \/>\n<meta property=\"og:locale\" content=\"es_MX\" \/>\n<meta property=\"og:type\" content=\"article\" \/>\n<meta property=\"og:title\" content=\"AMLO recibe la banda presidencial y toma protesta como mandatario del pa\u00eds -\" \/>\n<meta property=\"og:description\" content=\"AMLO recibe la banda presidencial y toma protesta como mandatario del pa\u00eds Por Redacci\u00f3n QP\" \/>\n<meta property=\"og:url\" content=\"https:\/\/quehacerpolitico.mx\/?p=10714\" \/>\n<meta property=\"article:published_time\" content=\"2018-12-01T17:44:30+00:00\" \/>\n<meta name=\"author\" content=\"Redacci\u00f3n QP\" \/>\n<meta name=\"twitter:card\" content=\"summary_large_image\" \/>\n<meta name=\"twitter:label1\" content=\"Escrito por\" \/>\n\t<meta name=\"twitter:data1\" content=\"Redacci\u00f3n QP\" \/>\n\t<meta name=\"twitter:label2\" content=\"Tiempo de lectura\" \/>\n\t<meta name=\"twitter:data2\" content=\"8 minutos\" \/>\n<script type=\"application\/ld+json\" class=\"yoast-schema-graph\">{\"@context\":\"https:\\\/\\\/schema.org\",\"@graph\":[{\"@type\":\"Article\",\"@id\":\"https:\\\/\\\/quehacerpolitico.mx\\\/?p=10714#article\",\"isPartOf\":{\"@id\":\"https:\\\/\\\/quehacerpolitico.mx\\\/?p=10714\"},\"author\":{\"name\":\"Redacci\u00f3n QP\",\"@id\":\"https:\\\/\\\/quehacerpolitico.mx\\\/#\\\/schema\\\/person\\\/496d8ad2d1d3f8036101dca7ee39e585\"},\"headline\":\"AMLO recibe la banda presidencial y toma protesta como mandatario del pa\u00eds\",\"datePublished\":\"2018-12-01T17:44:30+00:00\",\"mainEntityOfPage\":{\"@id\":\"https:\\\/\\\/quehacerpolitico.mx\\\/?p=10714\"},\"wordCount\":1693,\"commentCount\":0,\"image\":{\"@id\":\"https:\\\/\\\/quehacerpolitico.mx\\\/?p=10714#primaryimage\"},\"thumbnailUrl\":\"\",\"articleSection\":[\"Noticias\"],\"inLanguage\":\"es\",\"potentialAction\":[{\"@type\":\"CommentAction\",\"name\":\"Comment\",\"target\":[\"https:\\\/\\\/quehacerpolitico.mx\\\/?p=10714#respond\"]}]},{\"@type\":\"WebPage\",\"@id\":\"https:\\\/\\\/quehacerpolitico.mx\\\/?p=10714\",\"url\":\"https:\\\/\\\/quehacerpolitico.mx\\\/?p=10714\",\"name\":\"AMLO recibe la banda presidencial y toma protesta como mandatario del pa\u00eds -\",\"isPartOf\":{\"@id\":\"https:\\\/\\\/quehacerpolitico.mx\\\/#website\"},\"primaryImageOfPage\":{\"@id\":\"https:\\\/\\\/quehacerpolitico.mx\\\/?p=10714#primaryimage\"},\"image\":{\"@id\":\"https:\\\/\\\/quehacerpolitico.mx\\\/?p=10714#primaryimage\"},\"thumbnailUrl\":\"\",\"datePublished\":\"2018-12-01T17:44:30+00:00\",\"author\":{\"@id\":\"https:\\\/\\\/quehacerpolitico.mx\\\/#\\\/schema\\\/person\\\/496d8ad2d1d3f8036101dca7ee39e585\"},\"breadcrumb\":{\"@id\":\"https:\\\/\\\/quehacerpolitico.mx\\\/?p=10714#breadcrumb\"},\"inLanguage\":\"es\",\"potentialAction\":[{\"@type\":\"ReadAction\",\"target\":[\"https:\\\/\\\/quehacerpolitico.mx\\\/?p=10714\"]}]},{\"@type\":\"ImageObject\",\"inLanguage\":\"es\",\"@id\":\"https:\\\/\\\/quehacerpolitico.mx\\\/?p=10714#primaryimage\",\"url\":\"\",\"contentUrl\":\"\"},{\"@type\":\"BreadcrumbList\",\"@id\":\"https:\\\/\\\/quehacerpolitico.mx\\\/?p=10714#breadcrumb\",\"itemListElement\":[{\"@type\":\"ListItem\",\"position\":1,\"name\":\"Inicio\",\"item\":\"https:\\\/\\\/quehacerpolitico.mx\\\/\"},{\"@type\":\"ListItem\",\"position\":2,\"name\":\"AMLO recibe la banda presidencial y toma protesta como mandatario del pa\u00eds\"}]},{\"@type\":\"WebSite\",\"@id\":\"https:\\\/\\\/quehacerpolitico.mx\\\/#website\",\"url\":\"https:\\\/\\\/quehacerpolitico.mx\\\/\",\"name\":\"\",\"description\":\"\",\"potentialAction\":[{\"@type\":\"SearchAction\",\"target\":{\"@type\":\"EntryPoint\",\"urlTemplate\":\"https:\\\/\\\/quehacerpolitico.mx\\\/?s={search_term_string}\"},\"query-input\":{\"@type\":\"PropertyValueSpecification\",\"valueRequired\":true,\"valueName\":\"search_term_string\"}}],\"inLanguage\":\"es\"},{\"@type\":\"Person\",\"@id\":\"https:\\\/\\\/quehacerpolitico.mx\\\/#\\\/schema\\\/person\\\/496d8ad2d1d3f8036101dca7ee39e585\",\"name\":\"Redacci\u00f3n QP\",\"image\":{\"@type\":\"ImageObject\",\"inLanguage\":\"es\",\"@id\":\"https:\\\/\\\/secure.gravatar.com\\\/avatar\\\/c7164ed6fdec453195284ad24a5ae5b6e1eed2b848477fa2a4787ba9adf39a41?s=96&d=mm&r=g\",\"url\":\"https:\\\/\\\/secure.gravatar.com\\\/avatar\\\/c7164ed6fdec453195284ad24a5ae5b6e1eed2b848477fa2a4787ba9adf39a41?s=96&d=mm&r=g\",\"contentUrl\":\"https:\\\/\\\/secure.gravatar.com\\\/avatar\\\/c7164ed6fdec453195284ad24a5ae5b6e1eed2b848477fa2a4787ba9adf39a41?s=96&d=mm&r=g\",\"caption\":\"Redacci\u00f3n QP\"},\"url\":\"https:\\\/\\\/quehacerpolitico.mx\\\/?author=2\"}]}<\/script>\n<!-- \/ Yoast SEO plugin. -->","yoast_head_json":{"title":"AMLO recibe la banda presidencial y toma protesta como mandatario del pa\u00eds -","robots":{"index":"index","follow":"follow","max-snippet":"max-snippet:-1","max-image-preview":"max-image-preview:large","max-video-preview":"max-video-preview:-1"},"canonical":"https:\/\/quehacerpolitico.mx\/?p=10714","og_locale":"es_MX","og_type":"article","og_title":"AMLO recibe la banda presidencial y toma protesta como mandatario del pa\u00eds -","og_description":"AMLO recibe la banda presidencial y toma protesta como mandatario del pa\u00eds Por Redacci\u00f3n QP","og_url":"https:\/\/quehacerpolitico.mx\/?p=10714","article_published_time":"2018-12-01T17:44:30+00:00","author":"Redacci\u00f3n QP","twitter_card":"summary_large_image","twitter_misc":{"Escrito por":"Redacci\u00f3n QP","Tiempo de lectura":"8 minutos"},"schema":{"@context":"https:\/\/schema.org","@graph":[{"@type":"Article","@id":"https:\/\/quehacerpolitico.mx\/?p=10714#article","isPartOf":{"@id":"https:\/\/quehacerpolitico.mx\/?p=10714"},"author":{"name":"Redacci\u00f3n QP","@id":"https:\/\/quehacerpolitico.mx\/#\/schema\/person\/496d8ad2d1d3f8036101dca7ee39e585"},"headline":"AMLO recibe la banda presidencial y toma protesta como mandatario del pa\u00eds","datePublished":"2018-12-01T17:44:30+00:00","mainEntityOfPage":{"@id":"https:\/\/quehacerpolitico.mx\/?p=10714"},"wordCount":1693,"commentCount":0,"image":{"@id":"https:\/\/quehacerpolitico.mx\/?p=10714#primaryimage"},"thumbnailUrl":"","articleSection":["Noticias"],"inLanguage":"es","potentialAction":[{"@type":"CommentAction","name":"Comment","target":["https:\/\/quehacerpolitico.mx\/?p=10714#respond"]}]},{"@type":"WebPage","@id":"https:\/\/quehacerpolitico.mx\/?p=10714","url":"https:\/\/quehacerpolitico.mx\/?p=10714","name":"AMLO recibe la banda presidencial y toma protesta como mandatario del pa\u00eds -","isPartOf":{"@id":"https:\/\/quehacerpolitico.mx\/#website"},"primaryImageOfPage":{"@id":"https:\/\/quehacerpolitico.mx\/?p=10714#primaryimage"},"image":{"@id":"https:\/\/quehacerpolitico.mx\/?p=10714#primaryimage"},"thumbnailUrl":"","datePublished":"2018-12-01T17:44:30+00:00","author":{"@id":"https:\/\/quehacerpolitico.mx\/#\/schema\/person\/496d8ad2d1d3f8036101dca7ee39e585"},"breadcrumb":{"@id":"https:\/\/quehacerpolitico.mx\/?p=10714#breadcrumb"},"inLanguage":"es","potentialAction":[{"@type":"ReadAction","target":["https:\/\/quehacerpolitico.mx\/?p=10714"]}]},{"@type":"ImageObject","inLanguage":"es","@id":"https:\/\/quehacerpolitico.mx\/?p=10714#primaryimage","url":"","contentUrl":""},{"@type":"BreadcrumbList","@id":"https:\/\/quehacerpolitico.mx\/?p=10714#breadcrumb","itemListElement":[{"@type":"ListItem","position":1,"name":"Inicio","item":"https:\/\/quehacerpolitico.mx\/"},{"@type":"ListItem","position":2,"name":"AMLO recibe la banda presidencial y toma protesta como mandatario del pa\u00eds"}]},{"@type":"WebSite","@id":"https:\/\/quehacerpolitico.mx\/#website","url":"https:\/\/quehacerpolitico.mx\/","name":"","description":"","potentialAction":[{"@type":"SearchAction","target":{"@type":"EntryPoint","urlTemplate":"https:\/\/quehacerpolitico.mx\/?s={search_term_string}"},"query-input":{"@type":"PropertyValueSpecification","valueRequired":true,"valueName":"search_term_string"}}],"inLanguage":"es"},{"@type":"Person","@id":"https:\/\/quehacerpolitico.mx\/#\/schema\/person\/496d8ad2d1d3f8036101dca7ee39e585","name":"Redacci\u00f3n QP","image":{"@type":"ImageObject","inLanguage":"es","@id":"https:\/\/secure.gravatar.com\/avatar\/c7164ed6fdec453195284ad24a5ae5b6e1eed2b848477fa2a4787ba9adf39a41?s=96&d=mm&r=g","url":"https:\/\/secure.gravatar.com\/avatar\/c7164ed6fdec453195284ad24a5ae5b6e1eed2b848477fa2a4787ba9adf39a41?s=96&d=mm&r=g","contentUrl":"https:\/\/secure.gravatar.com\/avatar\/c7164ed6fdec453195284ad24a5ae5b6e1eed2b848477fa2a4787ba9adf39a41?s=96&d=mm&r=g","caption":"Redacci\u00f3n QP"},"url":"https:\/\/quehacerpolitico.mx\/?author=2"}]}},"featured_image_urls":{"full":"","thumbnail":"","medium":"","medium_large":"","large":"","1536x1536":"","2048x2048":"","covernews-featured":"","covernews-medium":""},"author_info":{"display_name":"Redacci\u00f3n QP","author_link":"https:\/\/quehacerpolitico.mx\/?author=2"},"category_info":"<a href=\"https:\/\/quehacerpolitico.mx\/?cat=2\" rel=\"category\">Noticias<\/a>","tag_info":"Noticias","comment_count":"0","_links":{"self":[{"href":"https:\/\/quehacerpolitico.mx\/index.php?rest_route=\/wp\/v2\/posts\/10714","targetHints":{"allow":["GET"]}}],"collection":[{"href":"https:\/\/quehacerpolitico.mx\/index.php?rest_route=\/wp\/v2\/posts"}],"about":[{"href":"https:\/\/quehacerpolitico.mx\/index.php?rest_route=\/wp\/v2\/types\/post"}],"author":[{"embeddable":true,"href":"https:\/\/quehacerpolitico.mx\/index.php?rest_route=\/wp\/v2\/users\/2"}],"replies":[{"embeddable":true,"href":"https:\/\/quehacerpolitico.mx\/index.php?rest_route=%2Fwp%2Fv2%2Fcomments&post=10714"}],"version-history":[{"count":0,"href":"https:\/\/quehacerpolitico.mx\/index.php?rest_route=\/wp\/v2\/posts\/10714\/revisions"}],"wp:featuredmedia":[{"embeddable":true,"href":"https:\/\/quehacerpolitico.mx\/index.php?rest_route=\/"}],"wp:attachment":[{"href":"https:\/\/quehacerpolitico.mx\/index.php?rest_route=%2Fwp%2Fv2%2Fmedia&parent=10714"}],"wp:term":[{"taxonomy":"category","embeddable":true,"href":"https:\/\/quehacerpolitico.mx\/index.php?rest_route=%2Fwp%2Fv2%2Fcategories&post=10714"},{"taxonomy":"post_tag","embeddable":true,"href":"https:\/\/quehacerpolitico.mx\/index.php?rest_route=%2Fwp%2Fv2%2Ftags&post=10714"}],"curies":[{"name":"wp","href":"https:\/\/api.w.org\/{rel}","templated":true}]}}