{"id":107104,"date":"2023-12-13T21:24:21","date_gmt":"2023-12-13T21:24:21","guid":{"rendered":"https:\/\/quehacerpolitico.mx\/?p=107104"},"modified":"2023-12-13T21:24:24","modified_gmt":"2023-12-13T21:24:24","slug":"la-fed-mantiene-la-tasa-de-interes-sin-cambios-por-tercera-vez-consecutiva","status":"publish","type":"post","link":"https:\/\/quehacerpolitico.mx\/?p=107104","title":{"rendered":"La Fed mantiene la tasa de inter\u00e9s sin cambios por tercera vez consecutiva"},"content":{"rendered":"\n<p>Por Redacci\u00f3n QP<\/p>\n\n\n\n<p>La Reserva Federal de Estados Unidos (<strong>Fed<\/strong>) anunci\u00f3 este mi\u00e9rcoles una nueva pausa en los incrementos de la\u00a0<strong>tasa de inter\u00e9s<\/strong>, el tercer respiro consecutivo tras las once alzas que ha realizado desde\u00a0<strong>marzo<\/strong>\u00a0del a\u00f1o pasado, pero no descart\u00f3 volver a subirla si la coyuntura lo exige.<\/p>\n\n\n\n<p>El<strong>&nbsp;banco central&nbsp;<\/strong>estadounidense decidi\u00f3 mantener la tasa de inter\u00e9s en el rango actual del 5.25% al 5.5%, su m\u00e1ximo nivel desde&nbsp;<strong>2001<\/strong>, y recalc\u00f3 que su Comit\u00e9 Federal de Mercado abierto (<strong>FOMC<\/strong>, por sus siglas en ingl\u00e9s) seguir\u00e1 evaluando informaci\u00f3n econ\u00f3mica complementaria para \u201cdeterminar el alcance de un&nbsp;<strong>endurecimiento<\/strong>&nbsp;adicional de la pol\u00edtica\u201d.&nbsp;<\/p>\n\n\n\n<p>El&nbsp;<strong>FOMC<\/strong>&nbsp;es el \u00f3rgano encargado de decidir si se suben o no las tasas de inter\u00e9s.<\/p>\n\n\n\n<p>En un comunicado apunt\u00f3 que a la hora de determinar el alcance de cualquier&nbsp;<strong>endurecimiento<\/strong>&nbsp;adicional para devolver la inflaci\u00f3n al 2%, \u201cel comit\u00e9 tendr\u00e1 en cuenta el&nbsp;<strong>endurecimiento<\/strong>&nbsp;acumulativo de la pol\u00edtica monetaria, los&nbsp;<strong>retrasos<\/strong>&nbsp;con los que la pol\u00edtica monetaria afecta la actividad econ\u00f3mica y la inflaci\u00f3n, y las consecuencias&nbsp;<strong>econ\u00f3micas<\/strong>&nbsp;y desarrollos financieros\u201d.<\/p>\n\n\n\n<p>El FOMC sostuvo que est\u00e1 \u201cplenamente comprometido\u201d con llevar la&nbsp;<strong>inflaci\u00f3n<\/strong>&nbsp;a ese objetivo del 2% y adelant\u00f3 su disposici\u00f3n a ajustar la postura de la<strong>&nbsp;pol\u00edtica monetaria<\/strong>seg\u00fan corresponda, si surgen&nbsp;<strong>riesgos<\/strong>&nbsp;que puedan impedir el logro de esa meta.<\/p>\n\n\n\n<p>El comit\u00e9 se pronunci\u00f3 minutos antes de que el presidente de la Fed,\u00a0<strong>Jerome Powell<\/strong>, ofreciera una conferencia de prensa para explicar esta decisi\u00f3n.<\/p>\n\n\n\n<p>Hasta junio de este a\u00f1o, en todas sus reuniones desde que comenz\u00f3 la racha de incrementos los miembros del comit\u00e9 decidieron subirlos. Tras la pausa de junio en julio volvieron a&nbsp;<strong>aumentarlos<\/strong>&nbsp;y en&nbsp;<strong>septiembre<\/strong>de nuevo optaron por pausar las alzas.<\/p>\n\n\n\n<p>La Fed inici\u00f3 su \u00faltima reuni\u00f3n de&nbsp;<strong>2023<\/strong>&nbsp;el martes, el mismo d\u00eda en que se public\u00f3 que la inflaci\u00f3n estadounidense ha seguido&nbsp;<strong>moder\u00e1ndose<\/strong>&nbsp;y que su tasa interanual se coloc\u00f3 en noviembre en el 3.1%, una d\u00e9cima por debajo de octubre.<\/p>\n\n\n\n<p>El FOMC apunt\u00f3 que se ha suavizado en el \u00faltimo a\u00f1o \u201cpero sigue elevada\u201d.<\/p>\n\n\n\n<p>La tasa de la inflaci\u00f3n subyacente, que mide el aumento de precios sin contar ni la energ\u00eda ni los alimentos \u2014y es uno de los indicadores en los que m\u00e1s se fija la Fed para tomar sus decisiones\u2014 subi\u00f3 tres d\u00e9cimas en\u00a0<strong>noviembre<\/strong> en t\u00e9rminos mensuales y en t\u00e9rminos anuales se coloc\u00f3 en el 4%.<\/p>\n\n\n\n<p>En cuanto al mercado laboral, otro de los datos clave que analiza la Fed para examinar posibles alzas, la creaci\u00f3n neta de nuevos puestos de trabajo subi\u00f3 de nuevo en\u00a0<strong>noviembre<\/strong>\u00a0y se crearon 199 mil puestos nuevos, 49 mil m\u00e1s de los generados un mes antes.<\/p>\n\n\n\n<p>Con informaci\u00f3n de EFE<\/p>\n","protected":false},"excerpt":{"rendered":"<p>Por Redacci\u00f3n QP La Reserva Federal de Estados Unidos (Fed) anunci\u00f3 este mi\u00e9rcoles una nueva&#8230;<\/p>\n","protected":false},"author":2,"featured_media":107105,"comment_status":"open","ping_status":"open","sticky":false,"template":"","format":"standard","meta":{"_monsterinsights_skip_tracking":false,"_monsterinsights_sitenote_active":false,"_monsterinsights_sitenote_note":"","_monsterinsights_sitenote_category":0,"footnotes":""},"categories":[56],"tags":[],"class_list":["post-107104","post","type-post","status-publish","format-standard","has-post-thumbnail","hentry","category-economia"],"yoast_head":"<!-- This site is optimized with the Yoast SEO plugin v27.3 - https:\/\/yoast.com\/product\/yoast-seo-wordpress\/ -->\n<title>La Fed mantiene la tasa de inter\u00e9s sin cambios por tercera vez consecutiva -<\/title>\n<meta name=\"robots\" content=\"index, follow, max-snippet:-1, max-image-preview:large, max-video-preview:-1\" \/>\n<link rel=\"canonical\" href=\"https:\/\/quehacerpolitico.mx\/?p=107104\" \/>\n<meta property=\"og:locale\" content=\"es_MX\" \/>\n<meta property=\"og:type\" content=\"article\" \/>\n<meta property=\"og:title\" content=\"La Fed mantiene la tasa de inter\u00e9s sin cambios por tercera vez consecutiva -\" \/>\n<meta property=\"og:description\" content=\"Por Redacci\u00f3n QP La Reserva Federal de Estados Unidos (Fed) anunci\u00f3 este mi\u00e9rcoles una nueva...\" \/>\n<meta property=\"og:url\" content=\"https:\/\/quehacerpolitico.mx\/?p=107104\" \/>\n<meta property=\"article:published_time\" content=\"2023-12-13T21:24:21+00:00\" \/>\n<meta property=\"article:modified_time\" content=\"2023-12-13T21:24:24+00:00\" \/>\n<meta property=\"og:image\" content=\"https:\/\/quehacerpolitico.mx\/wp-content\/uploads\/2023\/12\/IMG_2617.jpeg\" \/>\n\t<meta property=\"og:image:width\" content=\"755\" \/>\n\t<meta property=\"og:image:height\" content=\"406\" \/>\n\t<meta property=\"og:image:type\" content=\"image\/jpeg\" \/>\n<meta name=\"author\" content=\"Redacci\u00f3n QP\" \/>\n<meta name=\"twitter:card\" content=\"summary_large_image\" \/>\n<meta name=\"twitter:label1\" content=\"Escrito por\" \/>\n\t<meta name=\"twitter:data1\" content=\"Redacci\u00f3n QP\" \/>\n\t<meta name=\"twitter:label2\" content=\"Tiempo de lectura\" \/>\n\t<meta name=\"twitter:data2\" content=\"3 minutos\" \/>\n<script type=\"application\/ld+json\" class=\"yoast-schema-graph\">{\"@context\":\"https:\\\/\\\/schema.org\",\"@graph\":[{\"@type\":\"Article\",\"@id\":\"https:\\\/\\\/quehacerpolitico.mx\\\/?p=107104#article\",\"isPartOf\":{\"@id\":\"https:\\\/\\\/quehacerpolitico.mx\\\/?p=107104\"},\"author\":{\"name\":\"Redacci\u00f3n QP\",\"@id\":\"https:\\\/\\\/quehacerpolitico.mx\\\/#\\\/schema\\\/person\\\/496d8ad2d1d3f8036101dca7ee39e585\"},\"headline\":\"La Fed mantiene la tasa de inter\u00e9s sin cambios por tercera vez consecutiva\",\"datePublished\":\"2023-12-13T21:24:21+00:00\",\"dateModified\":\"2023-12-13T21:24:24+00:00\",\"mainEntityOfPage\":{\"@id\":\"https:\\\/\\\/quehacerpolitico.mx\\\/?p=107104\"},\"wordCount\":515,\"commentCount\":0,\"image\":{\"@id\":\"https:\\\/\\\/quehacerpolitico.mx\\\/?p=107104#primaryimage\"},\"thumbnailUrl\":\"https:\\\/\\\/quehacerpolitico.mx\\\/wp-content\\\/uploads\\\/2023\\\/12\\\/IMG_2617.jpeg\",\"articleSection\":[\"Econom\u00eda\"],\"inLanguage\":\"es\",\"potentialAction\":[{\"@type\":\"CommentAction\",\"name\":\"Comment\",\"target\":[\"https:\\\/\\\/quehacerpolitico.mx\\\/?p=107104#respond\"]}]},{\"@type\":\"WebPage\",\"@id\":\"https:\\\/\\\/quehacerpolitico.mx\\\/?p=107104\",\"url\":\"https:\\\/\\\/quehacerpolitico.mx\\\/?p=107104\",\"name\":\"La Fed mantiene la tasa de inter\u00e9s sin cambios por tercera vez consecutiva -\",\"isPartOf\":{\"@id\":\"https:\\\/\\\/quehacerpolitico.mx\\\/#website\"},\"primaryImageOfPage\":{\"@id\":\"https:\\\/\\\/quehacerpolitico.mx\\\/?p=107104#primaryimage\"},\"image\":{\"@id\":\"https:\\\/\\\/quehacerpolitico.mx\\\/?p=107104#primaryimage\"},\"thumbnailUrl\":\"https:\\\/\\\/quehacerpolitico.mx\\\/wp-content\\\/uploads\\\/2023\\\/12\\\/IMG_2617.jpeg\",\"datePublished\":\"2023-12-13T21:24:21+00:00\",\"dateModified\":\"2023-12-13T21:24:24+00:00\",\"author\":{\"@id\":\"https:\\\/\\\/quehacerpolitico.mx\\\/#\\\/schema\\\/person\\\/496d8ad2d1d3f8036101dca7ee39e585\"},\"breadcrumb\":{\"@id\":\"https:\\\/\\\/quehacerpolitico.mx\\\/?p=107104#breadcrumb\"},\"inLanguage\":\"es\",\"potentialAction\":[{\"@type\":\"ReadAction\",\"target\":[\"https:\\\/\\\/quehacerpolitico.mx\\\/?p=107104\"]}]},{\"@type\":\"ImageObject\",\"inLanguage\":\"es\",\"@id\":\"https:\\\/\\\/quehacerpolitico.mx\\\/?p=107104#primaryimage\",\"url\":\"https:\\\/\\\/quehacerpolitico.mx\\\/wp-content\\\/uploads\\\/2023\\\/12\\\/IMG_2617.jpeg\",\"contentUrl\":\"https:\\\/\\\/quehacerpolitico.mx\\\/wp-content\\\/uploads\\\/2023\\\/12\\\/IMG_2617.jpeg\",\"width\":755,\"height\":406},{\"@type\":\"BreadcrumbList\",\"@id\":\"https:\\\/\\\/quehacerpolitico.mx\\\/?p=107104#breadcrumb\",\"itemListElement\":[{\"@type\":\"ListItem\",\"position\":1,\"name\":\"Inicio\",\"item\":\"https:\\\/\\\/quehacerpolitico.mx\\\/\"},{\"@type\":\"ListItem\",\"position\":2,\"name\":\"La Fed mantiene la tasa de inter\u00e9s sin cambios por tercera vez consecutiva\"}]},{\"@type\":\"WebSite\",\"@id\":\"https:\\\/\\\/quehacerpolitico.mx\\\/#website\",\"url\":\"https:\\\/\\\/quehacerpolitico.mx\\\/\",\"name\":\"\",\"description\":\"\",\"potentialAction\":[{\"@type\":\"SearchAction\",\"target\":{\"@type\":\"EntryPoint\",\"urlTemplate\":\"https:\\\/\\\/quehacerpolitico.mx\\\/?s={search_term_string}\"},\"query-input\":{\"@type\":\"PropertyValueSpecification\",\"valueRequired\":true,\"valueName\":\"search_term_string\"}}],\"inLanguage\":\"es\"},{\"@type\":\"Person\",\"@id\":\"https:\\\/\\\/quehacerpolitico.mx\\\/#\\\/schema\\\/person\\\/496d8ad2d1d3f8036101dca7ee39e585\",\"name\":\"Redacci\u00f3n QP\",\"image\":{\"@type\":\"ImageObject\",\"inLanguage\":\"es\",\"@id\":\"https:\\\/\\\/secure.gravatar.com\\\/avatar\\\/c7164ed6fdec453195284ad24a5ae5b6e1eed2b848477fa2a4787ba9adf39a41?s=96&d=mm&r=g\",\"url\":\"https:\\\/\\\/secure.gravatar.com\\\/avatar\\\/c7164ed6fdec453195284ad24a5ae5b6e1eed2b848477fa2a4787ba9adf39a41?s=96&d=mm&r=g\",\"contentUrl\":\"https:\\\/\\\/secure.gravatar.com\\\/avatar\\\/c7164ed6fdec453195284ad24a5ae5b6e1eed2b848477fa2a4787ba9adf39a41?s=96&d=mm&r=g\",\"caption\":\"Redacci\u00f3n QP\"},\"url\":\"https:\\\/\\\/quehacerpolitico.mx\\\/?author=2\"}]}<\/script>\n<!-- \/ Yoast SEO plugin. -->","yoast_head_json":{"title":"La Fed mantiene la tasa de inter\u00e9s sin cambios por tercera vez consecutiva -","robots":{"index":"index","follow":"follow","max-snippet":"max-snippet:-1","max-image-preview":"max-image-preview:large","max-video-preview":"max-video-preview:-1"},"canonical":"https:\/\/quehacerpolitico.mx\/?p=107104","og_locale":"es_MX","og_type":"article","og_title":"La Fed mantiene la tasa de inter\u00e9s sin cambios por tercera vez consecutiva -","og_description":"Por Redacci\u00f3n QP La Reserva Federal de Estados Unidos (Fed) anunci\u00f3 este mi\u00e9rcoles una nueva...","og_url":"https:\/\/quehacerpolitico.mx\/?p=107104","article_published_time":"2023-12-13T21:24:21+00:00","article_modified_time":"2023-12-13T21:24:24+00:00","og_image":[{"width":755,"height":406,"url":"https:\/\/quehacerpolitico.mx\/wp-content\/uploads\/2023\/12\/IMG_2617.jpeg","type":"image\/jpeg"}],"author":"Redacci\u00f3n QP","twitter_card":"summary_large_image","twitter_misc":{"Escrito por":"Redacci\u00f3n QP","Tiempo de lectura":"3 minutos"},"schema":{"@context":"https:\/\/schema.org","@graph":[{"@type":"Article","@id":"https:\/\/quehacerpolitico.mx\/?p=107104#article","isPartOf":{"@id":"https:\/\/quehacerpolitico.mx\/?p=107104"},"author":{"name":"Redacci\u00f3n QP","@id":"https:\/\/quehacerpolitico.mx\/#\/schema\/person\/496d8ad2d1d3f8036101dca7ee39e585"},"headline":"La Fed mantiene la tasa de inter\u00e9s sin cambios por tercera vez consecutiva","datePublished":"2023-12-13T21:24:21+00:00","dateModified":"2023-12-13T21:24:24+00:00","mainEntityOfPage":{"@id":"https:\/\/quehacerpolitico.mx\/?p=107104"},"wordCount":515,"commentCount":0,"image":{"@id":"https:\/\/quehacerpolitico.mx\/?p=107104#primaryimage"},"thumbnailUrl":"https:\/\/quehacerpolitico.mx\/wp-content\/uploads\/2023\/12\/IMG_2617.jpeg","articleSection":["Econom\u00eda"],"inLanguage":"es","potentialAction":[{"@type":"CommentAction","name":"Comment","target":["https:\/\/quehacerpolitico.mx\/?p=107104#respond"]}]},{"@type":"WebPage","@id":"https:\/\/quehacerpolitico.mx\/?p=107104","url":"https:\/\/quehacerpolitico.mx\/?p=107104","name":"La Fed mantiene la tasa de inter\u00e9s sin cambios por tercera vez consecutiva -","isPartOf":{"@id":"https:\/\/quehacerpolitico.mx\/#website"},"primaryImageOfPage":{"@id":"https:\/\/quehacerpolitico.mx\/?p=107104#primaryimage"},"image":{"@id":"https:\/\/quehacerpolitico.mx\/?p=107104#primaryimage"},"thumbnailUrl":"https:\/\/quehacerpolitico.mx\/wp-content\/uploads\/2023\/12\/IMG_2617.jpeg","datePublished":"2023-12-13T21:24:21+00:00","dateModified":"2023-12-13T21:24:24+00:00","author":{"@id":"https:\/\/quehacerpolitico.mx\/#\/schema\/person\/496d8ad2d1d3f8036101dca7ee39e585"},"breadcrumb":{"@id":"https:\/\/quehacerpolitico.mx\/?p=107104#breadcrumb"},"inLanguage":"es","potentialAction":[{"@type":"ReadAction","target":["https:\/\/quehacerpolitico.mx\/?p=107104"]}]},{"@type":"ImageObject","inLanguage":"es","@id":"https:\/\/quehacerpolitico.mx\/?p=107104#primaryimage","url":"https:\/\/quehacerpolitico.mx\/wp-content\/uploads\/2023\/12\/IMG_2617.jpeg","contentUrl":"https:\/\/quehacerpolitico.mx\/wp-content\/uploads\/2023\/12\/IMG_2617.jpeg","width":755,"height":406},{"@type":"BreadcrumbList","@id":"https:\/\/quehacerpolitico.mx\/?p=107104#breadcrumb","itemListElement":[{"@type":"ListItem","position":1,"name":"Inicio","item":"https:\/\/quehacerpolitico.mx\/"},{"@type":"ListItem","position":2,"name":"La Fed mantiene la tasa de inter\u00e9s sin cambios por tercera vez consecutiva"}]},{"@type":"WebSite","@id":"https:\/\/quehacerpolitico.mx\/#website","url":"https:\/\/quehacerpolitico.mx\/","name":"","description":"","potentialAction":[{"@type":"SearchAction","target":{"@type":"EntryPoint","urlTemplate":"https:\/\/quehacerpolitico.mx\/?s={search_term_string}"},"query-input":{"@type":"PropertyValueSpecification","valueRequired":true,"valueName":"search_term_string"}}],"inLanguage":"es"},{"@type":"Person","@id":"https:\/\/quehacerpolitico.mx\/#\/schema\/person\/496d8ad2d1d3f8036101dca7ee39e585","name":"Redacci\u00f3n QP","image":{"@type":"ImageObject","inLanguage":"es","@id":"https:\/\/secure.gravatar.com\/avatar\/c7164ed6fdec453195284ad24a5ae5b6e1eed2b848477fa2a4787ba9adf39a41?s=96&d=mm&r=g","url":"https:\/\/secure.gravatar.com\/avatar\/c7164ed6fdec453195284ad24a5ae5b6e1eed2b848477fa2a4787ba9adf39a41?s=96&d=mm&r=g","contentUrl":"https:\/\/secure.gravatar.com\/avatar\/c7164ed6fdec453195284ad24a5ae5b6e1eed2b848477fa2a4787ba9adf39a41?s=96&d=mm&r=g","caption":"Redacci\u00f3n QP"},"url":"https:\/\/quehacerpolitico.mx\/?author=2"}]}},"featured_image_urls":{"full":["https:\/\/quehacerpolitico.mx\/wp-content\/uploads\/2023\/12\/IMG_2617.jpeg",755,406,false],"thumbnail":["https:\/\/quehacerpolitico.mx\/wp-content\/uploads\/2023\/12\/IMG_2617-150x150.jpeg",150,150,true],"medium":["https:\/\/quehacerpolitico.mx\/wp-content\/uploads\/2023\/12\/IMG_2617-300x161.jpeg",300,161,true],"medium_large":["https:\/\/quehacerpolitico.mx\/wp-content\/uploads\/2023\/12\/IMG_2617.jpeg",640,344,false],"large":["https:\/\/quehacerpolitico.mx\/wp-content\/uploads\/2023\/12\/IMG_2617.jpeg",640,344,false],"1536x1536":["https:\/\/quehacerpolitico.mx\/wp-content\/uploads\/2023\/12\/IMG_2617.jpeg",755,406,false],"2048x2048":["https:\/\/quehacerpolitico.mx\/wp-content\/uploads\/2023\/12\/IMG_2617.jpeg",755,406,false],"covernews-featured":["https:\/\/quehacerpolitico.mx\/wp-content\/uploads\/2023\/12\/IMG_2617.jpeg",755,406,false],"covernews-medium":["https:\/\/quehacerpolitico.mx\/wp-content\/uploads\/2023\/12\/IMG_2617.jpeg",540,290,false]},"author_info":{"display_name":"Redacci\u00f3n QP","author_link":"https:\/\/quehacerpolitico.mx\/?author=2"},"category_info":"<a href=\"https:\/\/quehacerpolitico.mx\/?cat=56\" rel=\"category\">Econom\u00eda<\/a>","tag_info":"Econom\u00eda","comment_count":"0","_links":{"self":[{"href":"https:\/\/quehacerpolitico.mx\/index.php?rest_route=\/wp\/v2\/posts\/107104","targetHints":{"allow":["GET"]}}],"collection":[{"href":"https:\/\/quehacerpolitico.mx\/index.php?rest_route=\/wp\/v2\/posts"}],"about":[{"href":"https:\/\/quehacerpolitico.mx\/index.php?rest_route=\/wp\/v2\/types\/post"}],"author":[{"embeddable":true,"href":"https:\/\/quehacerpolitico.mx\/index.php?rest_route=\/wp\/v2\/users\/2"}],"replies":[{"embeddable":true,"href":"https:\/\/quehacerpolitico.mx\/index.php?rest_route=%2Fwp%2Fv2%2Fcomments&post=107104"}],"version-history":[{"count":1,"href":"https:\/\/quehacerpolitico.mx\/index.php?rest_route=\/wp\/v2\/posts\/107104\/revisions"}],"predecessor-version":[{"id":107106,"href":"https:\/\/quehacerpolitico.mx\/index.php?rest_route=\/wp\/v2\/posts\/107104\/revisions\/107106"}],"wp:featuredmedia":[{"embeddable":true,"href":"https:\/\/quehacerpolitico.mx\/index.php?rest_route=\/wp\/v2\/media\/107105"}],"wp:attachment":[{"href":"https:\/\/quehacerpolitico.mx\/index.php?rest_route=%2Fwp%2Fv2%2Fmedia&parent=107104"}],"wp:term":[{"taxonomy":"category","embeddable":true,"href":"https:\/\/quehacerpolitico.mx\/index.php?rest_route=%2Fwp%2Fv2%2Fcategories&post=107104"},{"taxonomy":"post_tag","embeddable":true,"href":"https:\/\/quehacerpolitico.mx\/index.php?rest_route=%2Fwp%2Fv2%2Ftags&post=107104"}],"curies":[{"name":"wp","href":"https:\/\/api.w.org\/{rel}","templated":true}]}}