{"id":107074,"date":"2023-12-13T17:03:47","date_gmt":"2023-12-13T17:03:47","guid":{"rendered":"https:\/\/quehacerpolitico.mx\/?p=107074"},"modified":"2023-12-13T17:03:49","modified_gmt":"2023-12-13T17:03:49","slug":"texcaltitlan-es-la-excepcion-y-no-la-regla-dice-amlo","status":"publish","type":"post","link":"https:\/\/quehacerpolitico.mx\/?p=107074","title":{"rendered":"Texcaltitl\u00e1n &#8220;es la excepci\u00f3n y no la regla&#8221;, dice AMLO"},"content":{"rendered":"\n<p>Por Redacci\u00f3n QP<\/p>\n\n\n\n<p>Tras lo ocurrido en Texcaltitl\u00e1n, L\u00f3pez Obrador asever\u00f3 que\u00a0su Gobierno trabaja en cumplir con su responsabilidad de proteger a ciudadanos<\/p>\n\n\n\n<p>El presidente\u00a0<strong>Andres Manuel\u00a0L\u00f3pez Obrador\u00a0<\/strong>dej\u00f3 en claro que lo ocurrido en\u00a0<strong>Texcaltitl\u00e1n<\/strong>,\u00a0<strong>Estado de<\/strong>\u00a0<strong>M\u00e9xico<\/strong>, donde un\u00a0enfrentamiento entre pobladores y criminales dej\u00f3\u00a0<strong>14 muertos, \u201ces la excepci\u00f3n y no la regla\u201d<\/strong>.<\/p>\n\n\n\n<figure class=\"wp-block-embed is-type-rich is-provider-twitter wp-block-embed-twitter\"><div class=\"wp-block-embed__wrapper\">\n<blockquote class=\"twitter-tweet\" data-width=\"550\" data-dnt=\"true\"><p lang=\"es\" dir=\"ltr\">Seg\u00fan AMLO (<a href=\"https:\/\/twitter.com\/lopezobrador_?ref_src=twsrc%5Etfw\">@lopezobrador_<\/a>) los grupos de autodefensas son una &quot;excepci\u00f3n no la regla&quot;<br><br>Y aunque le enlistaron varios estados donde los mismos ciudadanos son los que buscan garantizar su propia seguridad, sigue insistiendo en que s\u00f3lo son &quot;en algunos casos&quot; <a href=\"https:\/\/t.co\/Tn6dOEzhxm\">pic.twitter.com\/Tn6dOEzhxm<\/a><\/p>&mdash; Ruido en la Red (@RuidoEnLaRed) <a href=\"https:\/\/twitter.com\/RuidoEnLaRed\/status\/1734952838764044333?ref_src=twsrc%5Etfw\">December 13, 2023<\/a><\/blockquote><script async src=\"https:\/\/platform.twitter.com\/widgets.js\" charset=\"utf-8\"><\/script>\n<\/div><\/figure>\n\n\n\n<p>En la conferencia matutina de<strong>\u00a0Palacio Nacional<\/strong>,\u00a0<strong>L\u00f3pez Obrador<\/strong> asever\u00f3 que\u00a0su\u00a0<strong>Gobierno<\/strong>\u00a0trabaja todos los d\u00edas en que el Estado cumpla con su responsabilidad de proteger a los ciudadanos y que ellos no se hagan cargo de su defensa.<\/p>\n\n\n\n<p>\u201cEstamos trabajando todos los d\u00edas en eso, para que el Estado cumpla con su responsabilidad de garantizar la paz y la tranquilidad, que no tengan que ser los ciudadanos los que se hagan cargo de la defensa, como pasaba antes\u201d, indic\u00f3.<\/p>\n\n\n\n<p>Todav\u00eda hay algunos casos (donde sigue pasando) pero es la excepci\u00f3n no es la regla. Ah\u00ed por ejemplo (en Texcaltitl\u00e1n), y en otros casos. Much\u00edsimos casos, pero nunca igual\u201d, expuso.<\/p>\n\n\n\n<p>\u201cEstamos trabajando todos los d\u00edas, nada m\u00e1s que ya no es el tiempo porque pues se produce como olvido, como amnesia, de los autodefensas, ya no es igual\u201d, puntualiz\u00f3.<\/p>\n\n\n\n<p>El mandatario mexicano extern\u00f3 que hay \u201cmillones de mexicanos\u201d que aseguran que la cuesti\u00f3n de la violencia ha mejorado.<\/p>\n\n\n\n<p>Yo te puedo decir que hay much\u00edsimos mexicanos, millones de mexicanos que sostienen que estamos mejor, no hay ninguna encuesta, ni las que hacen nuestros adversarios, en donde salga el Gobierno reprobado\u201d, argument\u00f3.<\/p>\n\n\n\n<figure class=\"wp-block-embed is-type-rich is-provider-twitter wp-block-embed-twitter\"><div class=\"wp-block-embed__wrapper\">\n<blockquote class=\"twitter-tweet\" data-width=\"550\" data-dnt=\"true\"><p lang=\"es\" dir=\"ltr\">. <a href=\"https:\/\/twitter.com\/lopezobrador_?ref_src=twsrc%5Etfw\">@lopezobrador_<\/a> no soport\u00f3 que lo encararan en la ma\u00f1anera sobre la inseguridad en el pa\u00eds<br><br>Reportera: \u00bfDe qu\u00e9 sirve que ustedes se re\u00fanan todos los d\u00edas si vemos lo de Texcatitl\u00e1n?<br><br>AMLO: Si no nos reuni\u00e9semos todos los d\u00edas&#8230;<br><br>R: Estar\u00eda peor el pa\u00eds.<br><br>AMLO: S\u00ed&#8230; <a href=\"https:\/\/t.co\/6WeAfKXq84\">pic.twitter.com\/6WeAfKXq84<\/a><\/p>&mdash; Ruido en la Red (@RuidoEnLaRed) <a href=\"https:\/\/twitter.com\/RuidoEnLaRed\/status\/1734958471966007476?ref_src=twsrc%5Etfw\">December 13, 2023<\/a><\/blockquote><script async src=\"https:\/\/platform.twitter.com\/widgets.js\" charset=\"utf-8\"><\/script>\n<\/div><\/figure>\n\n\n\n<p>El pasado viernes 8 de diciembre, un enfrentamiento entre presuntos criminales y pobladores en\u00a0<strong>Texcaltitl\u00e1n<\/strong>,\u00a0<strong>Estado de M\u00e9xico<\/strong>, dej\u00f3 14 personas muertas, una decena de ellas integrantes del grupo criminal\u00a0<strong>La Familia Michoacana<\/strong>, adem\u00e1s de varios lesionados.<\/p>\n\n\n\n<p>De acuerdo con reportes de la prensa local, el enfrentamiento surgi\u00f3 luego de que los pobladores denunciaran que fueron extorsionados por sujetos que se ostentaban como miembros de la&nbsp;<strong>Familia Michoacana<\/strong>, quienes les exig\u00edan pagos por cada metro cuadrado de siembra.<\/p>\n\n\n\n<p>Ante esta situaci\u00f3n, los habitantes se organizaron para confrontar a los criminales lo que deriv\u00f3 en el enfrentamiento.<\/p>\n\n\n\n<p>Seg\u00fan un informe presentado el s\u00e1bado por autoridades locales, entre los 14 muertos se encontraba El&nbsp;<em>Payaso<\/em>\u2019, l\u00edder de la Familia Michoacana en la zona, y un par de sicarios \u201cde alto o mediano nivel\u201d.<\/p>\n\n\n\n<p>Adem\u00e1s, la gobernadora mexiquense,&nbsp;<strong>Delfina G\u00f3mez,<\/strong>&nbsp;prometi\u00f3 que no habr\u00e1 impunidad en el caso e inform\u00f3 que solicitar\u00e1 al Gobierno federal la \u201cpresencia permanente de las fuerzas federales en la regi\u00f3n\u201d, para cuidar y proteger a los pobladores.<\/p>\n","protected":false},"excerpt":{"rendered":"<p>Por Redacci\u00f3n QP Tras lo ocurrido en Texcaltitl\u00e1n, L\u00f3pez Obrador asever\u00f3 que\u00a0su Gobierno trabaja en&#8230;<\/p>\n","protected":false},"author":2,"featured_media":107075,"comment_status":"open","ping_status":"open","sticky":false,"template":"","format":"standard","meta":{"_monsterinsights_skip_tracking":false,"_monsterinsights_sitenote_active":false,"_monsterinsights_sitenote_note":"","_monsterinsights_sitenote_category":0,"footnotes":""},"categories":[2],"tags":[],"class_list":["post-107074","post","type-post","status-publish","format-standard","has-post-thumbnail","hentry","category-noticias"],"yoast_head":"<!-- This site is optimized with the Yoast SEO plugin v27.3 - https:\/\/yoast.com\/product\/yoast-seo-wordpress\/ -->\n<title>Texcaltitl\u00e1n &quot;es la excepci\u00f3n y no la regla&quot;, dice AMLO -<\/title>\n<meta name=\"robots\" content=\"index, follow, max-snippet:-1, max-image-preview:large, max-video-preview:-1\" \/>\n<link rel=\"canonical\" href=\"https:\/\/quehacerpolitico.mx\/?p=107074\" \/>\n<meta property=\"og:locale\" content=\"es_MX\" \/>\n<meta property=\"og:type\" content=\"article\" \/>\n<meta property=\"og:title\" content=\"Texcaltitl\u00e1n &quot;es la excepci\u00f3n y no la regla&quot;, dice AMLO -\" \/>\n<meta property=\"og:description\" content=\"Por Redacci\u00f3n QP Tras lo ocurrido en Texcaltitl\u00e1n, L\u00f3pez Obrador asever\u00f3 que\u00a0su Gobierno trabaja en...\" \/>\n<meta property=\"og:url\" content=\"https:\/\/quehacerpolitico.mx\/?p=107074\" \/>\n<meta property=\"article:published_time\" content=\"2023-12-13T17:03:47+00:00\" \/>\n<meta property=\"article:modified_time\" content=\"2023-12-13T17:03:49+00:00\" \/>\n<meta property=\"og:image\" content=\"https:\/\/quehacerpolitico.mx\/wp-content\/uploads\/2023\/12\/IMG_2599.jpeg\" \/>\n\t<meta property=\"og:image:width\" content=\"1284\" \/>\n\t<meta property=\"og:image:height\" content=\"713\" \/>\n\t<meta property=\"og:image:type\" content=\"image\/jpeg\" \/>\n<meta name=\"author\" content=\"Redacci\u00f3n QP\" \/>\n<meta name=\"twitter:card\" content=\"summary_large_image\" \/>\n<meta name=\"twitter:label1\" content=\"Escrito por\" \/>\n\t<meta name=\"twitter:data1\" content=\"Redacci\u00f3n QP\" \/>\n\t<meta name=\"twitter:label2\" content=\"Tiempo de lectura\" \/>\n\t<meta name=\"twitter:data2\" content=\"2 minutos\" \/>\n<script type=\"application\/ld+json\" class=\"yoast-schema-graph\">{\"@context\":\"https:\\\/\\\/schema.org\",\"@graph\":[{\"@type\":\"Article\",\"@id\":\"https:\\\/\\\/quehacerpolitico.mx\\\/?p=107074#article\",\"isPartOf\":{\"@id\":\"https:\\\/\\\/quehacerpolitico.mx\\\/?p=107074\"},\"author\":{\"name\":\"Redacci\u00f3n QP\",\"@id\":\"https:\\\/\\\/quehacerpolitico.mx\\\/#\\\/schema\\\/person\\\/496d8ad2d1d3f8036101dca7ee39e585\"},\"headline\":\"Texcaltitl\u00e1n &#8220;es la excepci\u00f3n y no la regla&#8221;, dice AMLO\",\"datePublished\":\"2023-12-13T17:03:47+00:00\",\"dateModified\":\"2023-12-13T17:03:49+00:00\",\"mainEntityOfPage\":{\"@id\":\"https:\\\/\\\/quehacerpolitico.mx\\\/?p=107074\"},\"wordCount\":482,\"commentCount\":0,\"image\":{\"@id\":\"https:\\\/\\\/quehacerpolitico.mx\\\/?p=107074#primaryimage\"},\"thumbnailUrl\":\"https:\\\/\\\/quehacerpolitico.mx\\\/wp-content\\\/uploads\\\/2023\\\/12\\\/IMG_2599.jpeg\",\"articleSection\":[\"Noticias\"],\"inLanguage\":\"es\",\"potentialAction\":[{\"@type\":\"CommentAction\",\"name\":\"Comment\",\"target\":[\"https:\\\/\\\/quehacerpolitico.mx\\\/?p=107074#respond\"]}]},{\"@type\":\"WebPage\",\"@id\":\"https:\\\/\\\/quehacerpolitico.mx\\\/?p=107074\",\"url\":\"https:\\\/\\\/quehacerpolitico.mx\\\/?p=107074\",\"name\":\"Texcaltitl\u00e1n \\\"es la excepci\u00f3n y no la regla\\\", dice AMLO -\",\"isPartOf\":{\"@id\":\"https:\\\/\\\/quehacerpolitico.mx\\\/#website\"},\"primaryImageOfPage\":{\"@id\":\"https:\\\/\\\/quehacerpolitico.mx\\\/?p=107074#primaryimage\"},\"image\":{\"@id\":\"https:\\\/\\\/quehacerpolitico.mx\\\/?p=107074#primaryimage\"},\"thumbnailUrl\":\"https:\\\/\\\/quehacerpolitico.mx\\\/wp-content\\\/uploads\\\/2023\\\/12\\\/IMG_2599.jpeg\",\"datePublished\":\"2023-12-13T17:03:47+00:00\",\"dateModified\":\"2023-12-13T17:03:49+00:00\",\"author\":{\"@id\":\"https:\\\/\\\/quehacerpolitico.mx\\\/#\\\/schema\\\/person\\\/496d8ad2d1d3f8036101dca7ee39e585\"},\"breadcrumb\":{\"@id\":\"https:\\\/\\\/quehacerpolitico.mx\\\/?p=107074#breadcrumb\"},\"inLanguage\":\"es\",\"potentialAction\":[{\"@type\":\"ReadAction\",\"target\":[\"https:\\\/\\\/quehacerpolitico.mx\\\/?p=107074\"]}]},{\"@type\":\"ImageObject\",\"inLanguage\":\"es\",\"@id\":\"https:\\\/\\\/quehacerpolitico.mx\\\/?p=107074#primaryimage\",\"url\":\"https:\\\/\\\/quehacerpolitico.mx\\\/wp-content\\\/uploads\\\/2023\\\/12\\\/IMG_2599.jpeg\",\"contentUrl\":\"https:\\\/\\\/quehacerpolitico.mx\\\/wp-content\\\/uploads\\\/2023\\\/12\\\/IMG_2599.jpeg\",\"width\":1284,\"height\":713},{\"@type\":\"BreadcrumbList\",\"@id\":\"https:\\\/\\\/quehacerpolitico.mx\\\/?p=107074#breadcrumb\",\"itemListElement\":[{\"@type\":\"ListItem\",\"position\":1,\"name\":\"Inicio\",\"item\":\"https:\\\/\\\/quehacerpolitico.mx\\\/\"},{\"@type\":\"ListItem\",\"position\":2,\"name\":\"Texcaltitl\u00e1n &#8220;es la excepci\u00f3n y no la regla&#8221;, dice AMLO\"}]},{\"@type\":\"WebSite\",\"@id\":\"https:\\\/\\\/quehacerpolitico.mx\\\/#website\",\"url\":\"https:\\\/\\\/quehacerpolitico.mx\\\/\",\"name\":\"\",\"description\":\"\",\"potentialAction\":[{\"@type\":\"SearchAction\",\"target\":{\"@type\":\"EntryPoint\",\"urlTemplate\":\"https:\\\/\\\/quehacerpolitico.mx\\\/?s={search_term_string}\"},\"query-input\":{\"@type\":\"PropertyValueSpecification\",\"valueRequired\":true,\"valueName\":\"search_term_string\"}}],\"inLanguage\":\"es\"},{\"@type\":\"Person\",\"@id\":\"https:\\\/\\\/quehacerpolitico.mx\\\/#\\\/schema\\\/person\\\/496d8ad2d1d3f8036101dca7ee39e585\",\"name\":\"Redacci\u00f3n QP\",\"image\":{\"@type\":\"ImageObject\",\"inLanguage\":\"es\",\"@id\":\"https:\\\/\\\/secure.gravatar.com\\\/avatar\\\/c7164ed6fdec453195284ad24a5ae5b6e1eed2b848477fa2a4787ba9adf39a41?s=96&d=mm&r=g\",\"url\":\"https:\\\/\\\/secure.gravatar.com\\\/avatar\\\/c7164ed6fdec453195284ad24a5ae5b6e1eed2b848477fa2a4787ba9adf39a41?s=96&d=mm&r=g\",\"contentUrl\":\"https:\\\/\\\/secure.gravatar.com\\\/avatar\\\/c7164ed6fdec453195284ad24a5ae5b6e1eed2b848477fa2a4787ba9adf39a41?s=96&d=mm&r=g\",\"caption\":\"Redacci\u00f3n QP\"},\"url\":\"https:\\\/\\\/quehacerpolitico.mx\\\/?author=2\"}]}<\/script>\n<!-- \/ Yoast SEO plugin. -->","yoast_head_json":{"title":"Texcaltitl\u00e1n \"es la excepci\u00f3n y no la regla\", dice AMLO -","robots":{"index":"index","follow":"follow","max-snippet":"max-snippet:-1","max-image-preview":"max-image-preview:large","max-video-preview":"max-video-preview:-1"},"canonical":"https:\/\/quehacerpolitico.mx\/?p=107074","og_locale":"es_MX","og_type":"article","og_title":"Texcaltitl\u00e1n \"es la excepci\u00f3n y no la regla\", dice AMLO -","og_description":"Por Redacci\u00f3n QP Tras lo ocurrido en Texcaltitl\u00e1n, L\u00f3pez Obrador asever\u00f3 que\u00a0su Gobierno trabaja en...","og_url":"https:\/\/quehacerpolitico.mx\/?p=107074","article_published_time":"2023-12-13T17:03:47+00:00","article_modified_time":"2023-12-13T17:03:49+00:00","og_image":[{"width":1284,"height":713,"url":"https:\/\/quehacerpolitico.mx\/wp-content\/uploads\/2023\/12\/IMG_2599.jpeg","type":"image\/jpeg"}],"author":"Redacci\u00f3n QP","twitter_card":"summary_large_image","twitter_misc":{"Escrito por":"Redacci\u00f3n QP","Tiempo de lectura":"2 minutos"},"schema":{"@context":"https:\/\/schema.org","@graph":[{"@type":"Article","@id":"https:\/\/quehacerpolitico.mx\/?p=107074#article","isPartOf":{"@id":"https:\/\/quehacerpolitico.mx\/?p=107074"},"author":{"name":"Redacci\u00f3n QP","@id":"https:\/\/quehacerpolitico.mx\/#\/schema\/person\/496d8ad2d1d3f8036101dca7ee39e585"},"headline":"Texcaltitl\u00e1n &#8220;es la excepci\u00f3n y no la regla&#8221;, dice AMLO","datePublished":"2023-12-13T17:03:47+00:00","dateModified":"2023-12-13T17:03:49+00:00","mainEntityOfPage":{"@id":"https:\/\/quehacerpolitico.mx\/?p=107074"},"wordCount":482,"commentCount":0,"image":{"@id":"https:\/\/quehacerpolitico.mx\/?p=107074#primaryimage"},"thumbnailUrl":"https:\/\/quehacerpolitico.mx\/wp-content\/uploads\/2023\/12\/IMG_2599.jpeg","articleSection":["Noticias"],"inLanguage":"es","potentialAction":[{"@type":"CommentAction","name":"Comment","target":["https:\/\/quehacerpolitico.mx\/?p=107074#respond"]}]},{"@type":"WebPage","@id":"https:\/\/quehacerpolitico.mx\/?p=107074","url":"https:\/\/quehacerpolitico.mx\/?p=107074","name":"Texcaltitl\u00e1n \"es la excepci\u00f3n y no la regla\", dice AMLO -","isPartOf":{"@id":"https:\/\/quehacerpolitico.mx\/#website"},"primaryImageOfPage":{"@id":"https:\/\/quehacerpolitico.mx\/?p=107074#primaryimage"},"image":{"@id":"https:\/\/quehacerpolitico.mx\/?p=107074#primaryimage"},"thumbnailUrl":"https:\/\/quehacerpolitico.mx\/wp-content\/uploads\/2023\/12\/IMG_2599.jpeg","datePublished":"2023-12-13T17:03:47+00:00","dateModified":"2023-12-13T17:03:49+00:00","author":{"@id":"https:\/\/quehacerpolitico.mx\/#\/schema\/person\/496d8ad2d1d3f8036101dca7ee39e585"},"breadcrumb":{"@id":"https:\/\/quehacerpolitico.mx\/?p=107074#breadcrumb"},"inLanguage":"es","potentialAction":[{"@type":"ReadAction","target":["https:\/\/quehacerpolitico.mx\/?p=107074"]}]},{"@type":"ImageObject","inLanguage":"es","@id":"https:\/\/quehacerpolitico.mx\/?p=107074#primaryimage","url":"https:\/\/quehacerpolitico.mx\/wp-content\/uploads\/2023\/12\/IMG_2599.jpeg","contentUrl":"https:\/\/quehacerpolitico.mx\/wp-content\/uploads\/2023\/12\/IMG_2599.jpeg","width":1284,"height":713},{"@type":"BreadcrumbList","@id":"https:\/\/quehacerpolitico.mx\/?p=107074#breadcrumb","itemListElement":[{"@type":"ListItem","position":1,"name":"Inicio","item":"https:\/\/quehacerpolitico.mx\/"},{"@type":"ListItem","position":2,"name":"Texcaltitl\u00e1n &#8220;es la excepci\u00f3n y no la regla&#8221;, dice AMLO"}]},{"@type":"WebSite","@id":"https:\/\/quehacerpolitico.mx\/#website","url":"https:\/\/quehacerpolitico.mx\/","name":"","description":"","potentialAction":[{"@type":"SearchAction","target":{"@type":"EntryPoint","urlTemplate":"https:\/\/quehacerpolitico.mx\/?s={search_term_string}"},"query-input":{"@type":"PropertyValueSpecification","valueRequired":true,"valueName":"search_term_string"}}],"inLanguage":"es"},{"@type":"Person","@id":"https:\/\/quehacerpolitico.mx\/#\/schema\/person\/496d8ad2d1d3f8036101dca7ee39e585","name":"Redacci\u00f3n QP","image":{"@type":"ImageObject","inLanguage":"es","@id":"https:\/\/secure.gravatar.com\/avatar\/c7164ed6fdec453195284ad24a5ae5b6e1eed2b848477fa2a4787ba9adf39a41?s=96&d=mm&r=g","url":"https:\/\/secure.gravatar.com\/avatar\/c7164ed6fdec453195284ad24a5ae5b6e1eed2b848477fa2a4787ba9adf39a41?s=96&d=mm&r=g","contentUrl":"https:\/\/secure.gravatar.com\/avatar\/c7164ed6fdec453195284ad24a5ae5b6e1eed2b848477fa2a4787ba9adf39a41?s=96&d=mm&r=g","caption":"Redacci\u00f3n QP"},"url":"https:\/\/quehacerpolitico.mx\/?author=2"}]}},"featured_image_urls":{"full":["https:\/\/quehacerpolitico.mx\/wp-content\/uploads\/2023\/12\/IMG_2599.jpeg",1284,713,false],"thumbnail":["https:\/\/quehacerpolitico.mx\/wp-content\/uploads\/2023\/12\/IMG_2599-150x150.jpeg",150,150,true],"medium":["https:\/\/quehacerpolitico.mx\/wp-content\/uploads\/2023\/12\/IMG_2599-300x167.jpeg",300,167,true],"medium_large":["https:\/\/quehacerpolitico.mx\/wp-content\/uploads\/2023\/12\/IMG_2599-768x426.jpeg",640,355,true],"large":["https:\/\/quehacerpolitico.mx\/wp-content\/uploads\/2023\/12\/IMG_2599-1024x569.jpeg",640,356,true],"1536x1536":["https:\/\/quehacerpolitico.mx\/wp-content\/uploads\/2023\/12\/IMG_2599.jpeg",1284,713,false],"2048x2048":["https:\/\/quehacerpolitico.mx\/wp-content\/uploads\/2023\/12\/IMG_2599.jpeg",1284,713,false],"covernews-featured":["https:\/\/quehacerpolitico.mx\/wp-content\/uploads\/2023\/12\/IMG_2599.jpeg",1024,569,false],"covernews-medium":["https:\/\/quehacerpolitico.mx\/wp-content\/uploads\/2023\/12\/IMG_2599.jpeg",540,300,false]},"author_info":{"display_name":"Redacci\u00f3n QP","author_link":"https:\/\/quehacerpolitico.mx\/?author=2"},"category_info":"<a href=\"https:\/\/quehacerpolitico.mx\/?cat=2\" rel=\"category\">Noticias<\/a>","tag_info":"Noticias","comment_count":"0","_links":{"self":[{"href":"https:\/\/quehacerpolitico.mx\/index.php?rest_route=\/wp\/v2\/posts\/107074","targetHints":{"allow":["GET"]}}],"collection":[{"href":"https:\/\/quehacerpolitico.mx\/index.php?rest_route=\/wp\/v2\/posts"}],"about":[{"href":"https:\/\/quehacerpolitico.mx\/index.php?rest_route=\/wp\/v2\/types\/post"}],"author":[{"embeddable":true,"href":"https:\/\/quehacerpolitico.mx\/index.php?rest_route=\/wp\/v2\/users\/2"}],"replies":[{"embeddable":true,"href":"https:\/\/quehacerpolitico.mx\/index.php?rest_route=%2Fwp%2Fv2%2Fcomments&post=107074"}],"version-history":[{"count":1,"href":"https:\/\/quehacerpolitico.mx\/index.php?rest_route=\/wp\/v2\/posts\/107074\/revisions"}],"predecessor-version":[{"id":107076,"href":"https:\/\/quehacerpolitico.mx\/index.php?rest_route=\/wp\/v2\/posts\/107074\/revisions\/107076"}],"wp:featuredmedia":[{"embeddable":true,"href":"https:\/\/quehacerpolitico.mx\/index.php?rest_route=\/wp\/v2\/media\/107075"}],"wp:attachment":[{"href":"https:\/\/quehacerpolitico.mx\/index.php?rest_route=%2Fwp%2Fv2%2Fmedia&parent=107074"}],"wp:term":[{"taxonomy":"category","embeddable":true,"href":"https:\/\/quehacerpolitico.mx\/index.php?rest_route=%2Fwp%2Fv2%2Fcategories&post=107074"},{"taxonomy":"post_tag","embeddable":true,"href":"https:\/\/quehacerpolitico.mx\/index.php?rest_route=%2Fwp%2Fv2%2Ftags&post=107074"}],"curies":[{"name":"wp","href":"https:\/\/api.w.org\/{rel}","templated":true}]}}