{"id":107067,"date":"2023-12-12T22:07:05","date_gmt":"2023-12-12T22:07:05","guid":{"rendered":"https:\/\/quehacerpolitico.mx\/?p=107067"},"modified":"2023-12-12T22:07:09","modified_gmt":"2023-12-12T22:07:09","slug":"diana-olivares-presidenta-de-la-canaero-califico-como-un-golpe-muy-fuerte-el-incremento-de-las-tarifas-de-servicios-del-aeropuerto-internacional-de-la-cdmx","status":"publish","type":"post","link":"https:\/\/quehacerpolitico.mx\/?p=107067","title":{"rendered":"Diana Olivares, presidenta de la Canaero, calific\u00f3 como un \u201cgolpe muy fuerte\u201d el\u00a0incremento\u00a0de las\u00a0tarifas de servicios\u00a0del Aeropuerto Internacional de la CDMX"},"content":{"rendered":"\n<p>Por Redacci\u00f3n QP<\/p>\n\n\n\n<p>Diana Olivares, presidenta de la Canaero, detall\u00f3 que los aumentos en el AICM repercutir\u00e1n en aerol\u00edneas y pasajeros<\/p>\n\n\n\n<p><strong>Diana Olivares<\/strong>, presidenta de la\u00a0Camara Nacional de Aerotransportes\u00a0(<strong>Canaero<\/strong>), calific\u00f3 como un \u201cgolpe muy fuerte\u201d el\u00a0<strong>incremento<\/strong>\u00a0de las\u00a0<strong>tarifas de servicios<\/strong>\u00a0del\u00a0<strong>Aeropuerto Internacional de la Ciudad de M\u00e9xico<\/strong>\u00a0(<strong>AICM<\/strong>), que ser\u00e1 del 77 por ciento,\u00a0 el cual se combinar\u00e1 con el aumento del\u00a0<strong>Tarifa de Uso de Aeropuerto<\/strong>\u00a0(<strong>TUA<\/strong>) a 55 d\u00f3lares.<\/p>\n\n\n\n<figure class=\"wp-block-image size-large\"><img loading=\"lazy\" decoding=\"async\" width=\"718\" height=\"1024\" src=\"https:\/\/quehacerpolitico.mx\/wp-content\/uploads\/2023\/12\/image-26-718x1024.jpeg\" alt=\"\" class=\"wp-image-107068\" srcset=\"https:\/\/quehacerpolitico.mx\/wp-content\/uploads\/2023\/12\/image-26-718x1024.jpeg 718w, https:\/\/quehacerpolitico.mx\/wp-content\/uploads\/2023\/12\/image-26-210x300.jpeg 210w, https:\/\/quehacerpolitico.mx\/wp-content\/uploads\/2023\/12\/image-26-768x1095.jpeg 768w, https:\/\/quehacerpolitico.mx\/wp-content\/uploads\/2023\/12\/image-26-1077x1536.jpeg 1077w, https:\/\/quehacerpolitico.mx\/wp-content\/uploads\/2023\/12\/image-26-102x146.jpeg 102w, https:\/\/quehacerpolitico.mx\/wp-content\/uploads\/2023\/12\/image-26-35x50.jpeg 35w, https:\/\/quehacerpolitico.mx\/wp-content\/uploads\/2023\/12\/image-26-53x75.jpeg 53w, https:\/\/quehacerpolitico.mx\/wp-content\/uploads\/2023\/12\/image-26.jpeg 1242w\" sizes=\"auto, (max-width: 718px) 100vw, 718px\" \/><\/figure>\n\n\n\n<p>En entrevista con\u00a0<strong>Joaqu\u00edn L\u00f3pez-D\u00f3riga<\/strong>\u00a0para su espacio en\u00a0<strong>Radio F\u00f3rmula<\/strong>, Olivares Abrego detall\u00f3 que todos estos incrementos en el AICM repercutir\u00e1n en los costos que deber\u00e1n pagar tanto las aerol\u00edneas como los pasajeros que utilizan la instalaci\u00f3n a\u00e9rea.<\/p>\n\n\n\n<figure class=\"wp-block-embed is-type-video is-provider-youtube wp-block-embed-youtube wp-embed-aspect-16-9 wp-has-aspect-ratio\"><div class=\"wp-block-embed__wrapper\">\n<iframe loading=\"lazy\" title=\"AICM terminar\u00e1 cobrando de TUA 10 veces m\u00e1s que en NY: Diana Olivares\" width=\"640\" height=\"360\" src=\"https:\/\/www.youtube.com\/embed\/AAkpAYRXCa8?feature=oembed\" frameborder=\"0\" allow=\"accelerometer; autoplay; clipboard-write; encrypted-media; gyroscope; picture-in-picture; web-share\" referrerpolicy=\"strict-origin-when-cross-origin\" allowfullscreen><\/iframe>\n<\/div><\/figure>\n\n\n\n<p>Es un golpe s\u00faper duro para nosotros, nuestros m\u00e1rgenes son muy cortos para las aerol\u00edneas, m\u00e1s o menos lo que gastamos mucho es en combustible y en servicios y aeroportuarios. Tambi\u00e9n se va a subir el TUA, que en un boleto nacional aproximadamente es el 60 por ciento de lo que pagan los pasajeros. Son los pasajeros los que van a sufrir estos aumentos\u201d, indic\u00f3.<\/p>\n\n\n\n<p>\u201cEntre aviones y pasajeros es el 73 por ciento de lo que genera un aeropuerto, sobre todo el AICM. Para darte n\u00fameros, son 18 mil millones fueron lo que se recaud\u00f3 en el 2022 para el AICM. Nuestro llamado b\u00e1sicamente es para ver a d\u00f3nde se van esos recursos\u201d, recalc\u00f3.<\/p>\n\n\n\n<p>La presidenta de la Canaero indic\u00f3 que la TUA del AICM ser\u00e1 uno de los m\u00e1s caros del mundo, con el incremento hasta 55 d\u00f3lares, los cuales no se ven reflejados en el mantenimiento del aeropuerto capitalino, el cual est\u00e1 por los suelos.<\/p>\n\n\n\n<p>\u201cEn un aeropuerto de nueva York, son 5 d\u00f3lares de d\u00f3lares; uno de Sao Paulo, 11 d\u00f3lares de TUA; el de Par\u00eds son 27 d\u00f3lares de TUA, y nosotros en la CDMX, en ese aeropuerto que est\u00e1n terribles las instalaciones, vamos a estar pagando 55 d\u00f3lares, vamos a ser de los aeropuertos m\u00e1s caros del mundo\u201d, enfatiz\u00f3.<\/p>\n\n\n\n<p>\u201cLo que queremos es que se reinvierta ese dinero en mantener este aeropuerto y noen otras cosas. Que ya no haya m\u00e1s aumentos, porque al final las aerol\u00edneas y los pasajeros son los que m\u00e1s sufren\u201d, expuso.<\/p>\n\n\n\n<p>\u201cEl servicio del aeropuerto no es para que haya este aumento. Tomando en cuenta las aerol\u00edneas y los pasajeros, representamos el 73 por ciento de los ingresos del AICM, que claramente se ve que no est\u00e1n invertidos en el mantenimiento\u201d, enfatiz\u00f3.<\/p>\n\n\n\n<p>Apunt\u00f3 que tanto la Canaero, la\u00a0<strong>Asociaci\u00f3n Internacional del Transporte A\u00e9reo<\/strong>\u00a0(<strong>IATA<\/strong>), as\u00ed como agencias de viaje se encuentran alzando \u201cla voz para que los pasajeros no tengan que sufrir m\u00e1s incrementos\u201d.<\/p>\n\n\n\n<p>Este tema va a pegarle mucho a los pasajeros\u201d, recalc\u00f3.<\/p>\n\n\n\n<p>La administraci\u00f3n del Aeropuerto Internacional de Ciudad de M\u00e9xico (AICM)\u00a0asegur\u00f3 este lunes que el aumento en las tarifas de sus servicios aeroportuarios se debe a que hay 13 a\u00f1os de \u201crezago\u201d, periodo en el que no incrementaron.<\/p>\n\n\n\n<p>Por medio de un comunicado, el AICM asegur\u00f3 que a pesar del aumento planteado, los precios seguir\u00e1n por debajo de lo que cobran otros grupos aeroportuarios privados.<\/p>\n\n\n\n<p>La decisi\u00f3n de aumentar 77 por ciento en promedio la tarifa de servicios aeroportuarios en el AICM ha provocado revuelo entre los distintos sectores a\u00e9reos nacionales e internacionales.<\/p>\n","protected":false},"excerpt":{"rendered":"<p>Por Redacci\u00f3n QP Diana Olivares, presidenta de la Canaero, detall\u00f3 que los aumentos en el&#8230;<\/p>\n","protected":false},"author":2,"featured_media":107069,"comment_status":"open","ping_status":"open","sticky":false,"template":"","format":"standard","meta":{"_monsterinsights_skip_tracking":false,"_monsterinsights_sitenote_active":false,"_monsterinsights_sitenote_note":"","_monsterinsights_sitenote_category":0,"footnotes":""},"categories":[56],"tags":[],"class_list":["post-107067","post","type-post","status-publish","format-standard","has-post-thumbnail","hentry","category-economia"],"yoast_head":"<!-- This site is optimized with the Yoast SEO plugin v27.3 - https:\/\/yoast.com\/product\/yoast-seo-wordpress\/ -->\n<title>Diana Olivares, presidenta de la Canaero, calific\u00f3 como un \u201cgolpe muy fuerte\u201d el\u00a0incremento\u00a0de las\u00a0tarifas de servicios\u00a0del Aeropuerto Internacional de la CDMX -<\/title>\n<meta name=\"robots\" content=\"index, follow, max-snippet:-1, max-image-preview:large, max-video-preview:-1\" \/>\n<link rel=\"canonical\" href=\"https:\/\/quehacerpolitico.mx\/?p=107067\" \/>\n<meta property=\"og:locale\" content=\"es_MX\" \/>\n<meta property=\"og:type\" content=\"article\" \/>\n<meta property=\"og:title\" content=\"Diana Olivares, presidenta de la Canaero, calific\u00f3 como un \u201cgolpe muy fuerte\u201d el\u00a0incremento\u00a0de las\u00a0tarifas de servicios\u00a0del Aeropuerto Internacional de la CDMX -\" \/>\n<meta property=\"og:description\" content=\"Por Redacci\u00f3n QP Diana Olivares, presidenta de la Canaero, detall\u00f3 que los aumentos en el...\" \/>\n<meta property=\"og:url\" content=\"https:\/\/quehacerpolitico.mx\/?p=107067\" \/>\n<meta property=\"article:published_time\" content=\"2023-12-12T22:07:05+00:00\" \/>\n<meta property=\"article:modified_time\" content=\"2023-12-12T22:07:09+00:00\" \/>\n<meta property=\"og:image\" content=\"https:\/\/quehacerpolitico.mx\/wp-content\/uploads\/2023\/12\/IMG_2590.jpeg\" \/>\n\t<meta property=\"og:image:width\" content=\"702\" \/>\n\t<meta property=\"og:image:height\" content=\"437\" \/>\n\t<meta property=\"og:image:type\" content=\"image\/jpeg\" \/>\n<meta name=\"author\" content=\"Redacci\u00f3n QP\" \/>\n<meta name=\"twitter:card\" content=\"summary_large_image\" \/>\n<meta name=\"twitter:label1\" content=\"Escrito por\" \/>\n\t<meta name=\"twitter:data1\" content=\"Redacci\u00f3n QP\" \/>\n\t<meta name=\"twitter:label2\" content=\"Tiempo de lectura\" \/>\n\t<meta name=\"twitter:data2\" content=\"3 minutos\" \/>\n<script type=\"application\/ld+json\" class=\"yoast-schema-graph\">{\"@context\":\"https:\\\/\\\/schema.org\",\"@graph\":[{\"@type\":\"Article\",\"@id\":\"https:\\\/\\\/quehacerpolitico.mx\\\/?p=107067#article\",\"isPartOf\":{\"@id\":\"https:\\\/\\\/quehacerpolitico.mx\\\/?p=107067\"},\"author\":{\"name\":\"Redacci\u00f3n QP\",\"@id\":\"https:\\\/\\\/quehacerpolitico.mx\\\/#\\\/schema\\\/person\\\/496d8ad2d1d3f8036101dca7ee39e585\"},\"headline\":\"Diana Olivares, presidenta de la Canaero, calific\u00f3 como un \u201cgolpe muy fuerte\u201d el\u00a0incremento\u00a0de las\u00a0tarifas de servicios\u00a0del Aeropuerto Internacional de la CDMX\",\"datePublished\":\"2023-12-12T22:07:05+00:00\",\"dateModified\":\"2023-12-12T22:07:09+00:00\",\"mainEntityOfPage\":{\"@id\":\"https:\\\/\\\/quehacerpolitico.mx\\\/?p=107067\"},\"wordCount\":608,\"commentCount\":0,\"image\":{\"@id\":\"https:\\\/\\\/quehacerpolitico.mx\\\/?p=107067#primaryimage\"},\"thumbnailUrl\":\"https:\\\/\\\/quehacerpolitico.mx\\\/wp-content\\\/uploads\\\/2023\\\/12\\\/IMG_2590.jpeg\",\"articleSection\":[\"Econom\u00eda\"],\"inLanguage\":\"es\",\"potentialAction\":[{\"@type\":\"CommentAction\",\"name\":\"Comment\",\"target\":[\"https:\\\/\\\/quehacerpolitico.mx\\\/?p=107067#respond\"]}]},{\"@type\":\"WebPage\",\"@id\":\"https:\\\/\\\/quehacerpolitico.mx\\\/?p=107067\",\"url\":\"https:\\\/\\\/quehacerpolitico.mx\\\/?p=107067\",\"name\":\"Diana Olivares, presidenta de la Canaero, calific\u00f3 como un \u201cgolpe muy fuerte\u201d el\u00a0incremento\u00a0de las\u00a0tarifas de servicios\u00a0del Aeropuerto Internacional de la CDMX -\",\"isPartOf\":{\"@id\":\"https:\\\/\\\/quehacerpolitico.mx\\\/#website\"},\"primaryImageOfPage\":{\"@id\":\"https:\\\/\\\/quehacerpolitico.mx\\\/?p=107067#primaryimage\"},\"image\":{\"@id\":\"https:\\\/\\\/quehacerpolitico.mx\\\/?p=107067#primaryimage\"},\"thumbnailUrl\":\"https:\\\/\\\/quehacerpolitico.mx\\\/wp-content\\\/uploads\\\/2023\\\/12\\\/IMG_2590.jpeg\",\"datePublished\":\"2023-12-12T22:07:05+00:00\",\"dateModified\":\"2023-12-12T22:07:09+00:00\",\"author\":{\"@id\":\"https:\\\/\\\/quehacerpolitico.mx\\\/#\\\/schema\\\/person\\\/496d8ad2d1d3f8036101dca7ee39e585\"},\"breadcrumb\":{\"@id\":\"https:\\\/\\\/quehacerpolitico.mx\\\/?p=107067#breadcrumb\"},\"inLanguage\":\"es\",\"potentialAction\":[{\"@type\":\"ReadAction\",\"target\":[\"https:\\\/\\\/quehacerpolitico.mx\\\/?p=107067\"]}]},{\"@type\":\"ImageObject\",\"inLanguage\":\"es\",\"@id\":\"https:\\\/\\\/quehacerpolitico.mx\\\/?p=107067#primaryimage\",\"url\":\"https:\\\/\\\/quehacerpolitico.mx\\\/wp-content\\\/uploads\\\/2023\\\/12\\\/IMG_2590.jpeg\",\"contentUrl\":\"https:\\\/\\\/quehacerpolitico.mx\\\/wp-content\\\/uploads\\\/2023\\\/12\\\/IMG_2590.jpeg\",\"width\":702,\"height\":437},{\"@type\":\"BreadcrumbList\",\"@id\":\"https:\\\/\\\/quehacerpolitico.mx\\\/?p=107067#breadcrumb\",\"itemListElement\":[{\"@type\":\"ListItem\",\"position\":1,\"name\":\"Inicio\",\"item\":\"https:\\\/\\\/quehacerpolitico.mx\\\/\"},{\"@type\":\"ListItem\",\"position\":2,\"name\":\"Diana Olivares, presidenta de la Canaero, calific\u00f3 como un \u201cgolpe muy fuerte\u201d el\u00a0incremento\u00a0de las\u00a0tarifas de servicios\u00a0del Aeropuerto Internacional de la CDMX\"}]},{\"@type\":\"WebSite\",\"@id\":\"https:\\\/\\\/quehacerpolitico.mx\\\/#website\",\"url\":\"https:\\\/\\\/quehacerpolitico.mx\\\/\",\"name\":\"\",\"description\":\"\",\"potentialAction\":[{\"@type\":\"SearchAction\",\"target\":{\"@type\":\"EntryPoint\",\"urlTemplate\":\"https:\\\/\\\/quehacerpolitico.mx\\\/?s={search_term_string}\"},\"query-input\":{\"@type\":\"PropertyValueSpecification\",\"valueRequired\":true,\"valueName\":\"search_term_string\"}}],\"inLanguage\":\"es\"},{\"@type\":\"Person\",\"@id\":\"https:\\\/\\\/quehacerpolitico.mx\\\/#\\\/schema\\\/person\\\/496d8ad2d1d3f8036101dca7ee39e585\",\"name\":\"Redacci\u00f3n QP\",\"image\":{\"@type\":\"ImageObject\",\"inLanguage\":\"es\",\"@id\":\"https:\\\/\\\/secure.gravatar.com\\\/avatar\\\/c7164ed6fdec453195284ad24a5ae5b6e1eed2b848477fa2a4787ba9adf39a41?s=96&d=mm&r=g\",\"url\":\"https:\\\/\\\/secure.gravatar.com\\\/avatar\\\/c7164ed6fdec453195284ad24a5ae5b6e1eed2b848477fa2a4787ba9adf39a41?s=96&d=mm&r=g\",\"contentUrl\":\"https:\\\/\\\/secure.gravatar.com\\\/avatar\\\/c7164ed6fdec453195284ad24a5ae5b6e1eed2b848477fa2a4787ba9adf39a41?s=96&d=mm&r=g\",\"caption\":\"Redacci\u00f3n QP\"},\"url\":\"https:\\\/\\\/quehacerpolitico.mx\\\/?author=2\"}]}<\/script>\n<!-- \/ Yoast SEO plugin. -->","yoast_head_json":{"title":"Diana Olivares, presidenta de la Canaero, calific\u00f3 como un \u201cgolpe muy fuerte\u201d el\u00a0incremento\u00a0de las\u00a0tarifas de servicios\u00a0del Aeropuerto Internacional de la CDMX -","robots":{"index":"index","follow":"follow","max-snippet":"max-snippet:-1","max-image-preview":"max-image-preview:large","max-video-preview":"max-video-preview:-1"},"canonical":"https:\/\/quehacerpolitico.mx\/?p=107067","og_locale":"es_MX","og_type":"article","og_title":"Diana Olivares, presidenta de la Canaero, calific\u00f3 como un \u201cgolpe muy fuerte\u201d el\u00a0incremento\u00a0de las\u00a0tarifas de servicios\u00a0del Aeropuerto Internacional de la CDMX -","og_description":"Por Redacci\u00f3n QP Diana Olivares, presidenta de la Canaero, detall\u00f3 que los aumentos en el...","og_url":"https:\/\/quehacerpolitico.mx\/?p=107067","article_published_time":"2023-12-12T22:07:05+00:00","article_modified_time":"2023-12-12T22:07:09+00:00","og_image":[{"width":702,"height":437,"url":"https:\/\/quehacerpolitico.mx\/wp-content\/uploads\/2023\/12\/IMG_2590.jpeg","type":"image\/jpeg"}],"author":"Redacci\u00f3n QP","twitter_card":"summary_large_image","twitter_misc":{"Escrito por":"Redacci\u00f3n QP","Tiempo de lectura":"3 minutos"},"schema":{"@context":"https:\/\/schema.org","@graph":[{"@type":"Article","@id":"https:\/\/quehacerpolitico.mx\/?p=107067#article","isPartOf":{"@id":"https:\/\/quehacerpolitico.mx\/?p=107067"},"author":{"name":"Redacci\u00f3n QP","@id":"https:\/\/quehacerpolitico.mx\/#\/schema\/person\/496d8ad2d1d3f8036101dca7ee39e585"},"headline":"Diana Olivares, presidenta de la Canaero, calific\u00f3 como un \u201cgolpe muy fuerte\u201d el\u00a0incremento\u00a0de las\u00a0tarifas de servicios\u00a0del Aeropuerto Internacional de la CDMX","datePublished":"2023-12-12T22:07:05+00:00","dateModified":"2023-12-12T22:07:09+00:00","mainEntityOfPage":{"@id":"https:\/\/quehacerpolitico.mx\/?p=107067"},"wordCount":608,"commentCount":0,"image":{"@id":"https:\/\/quehacerpolitico.mx\/?p=107067#primaryimage"},"thumbnailUrl":"https:\/\/quehacerpolitico.mx\/wp-content\/uploads\/2023\/12\/IMG_2590.jpeg","articleSection":["Econom\u00eda"],"inLanguage":"es","potentialAction":[{"@type":"CommentAction","name":"Comment","target":["https:\/\/quehacerpolitico.mx\/?p=107067#respond"]}]},{"@type":"WebPage","@id":"https:\/\/quehacerpolitico.mx\/?p=107067","url":"https:\/\/quehacerpolitico.mx\/?p=107067","name":"Diana Olivares, presidenta de la Canaero, calific\u00f3 como un \u201cgolpe muy fuerte\u201d el\u00a0incremento\u00a0de las\u00a0tarifas de servicios\u00a0del Aeropuerto Internacional de la CDMX -","isPartOf":{"@id":"https:\/\/quehacerpolitico.mx\/#website"},"primaryImageOfPage":{"@id":"https:\/\/quehacerpolitico.mx\/?p=107067#primaryimage"},"image":{"@id":"https:\/\/quehacerpolitico.mx\/?p=107067#primaryimage"},"thumbnailUrl":"https:\/\/quehacerpolitico.mx\/wp-content\/uploads\/2023\/12\/IMG_2590.jpeg","datePublished":"2023-12-12T22:07:05+00:00","dateModified":"2023-12-12T22:07:09+00:00","author":{"@id":"https:\/\/quehacerpolitico.mx\/#\/schema\/person\/496d8ad2d1d3f8036101dca7ee39e585"},"breadcrumb":{"@id":"https:\/\/quehacerpolitico.mx\/?p=107067#breadcrumb"},"inLanguage":"es","potentialAction":[{"@type":"ReadAction","target":["https:\/\/quehacerpolitico.mx\/?p=107067"]}]},{"@type":"ImageObject","inLanguage":"es","@id":"https:\/\/quehacerpolitico.mx\/?p=107067#primaryimage","url":"https:\/\/quehacerpolitico.mx\/wp-content\/uploads\/2023\/12\/IMG_2590.jpeg","contentUrl":"https:\/\/quehacerpolitico.mx\/wp-content\/uploads\/2023\/12\/IMG_2590.jpeg","width":702,"height":437},{"@type":"BreadcrumbList","@id":"https:\/\/quehacerpolitico.mx\/?p=107067#breadcrumb","itemListElement":[{"@type":"ListItem","position":1,"name":"Inicio","item":"https:\/\/quehacerpolitico.mx\/"},{"@type":"ListItem","position":2,"name":"Diana Olivares, presidenta de la Canaero, calific\u00f3 como un \u201cgolpe muy fuerte\u201d el\u00a0incremento\u00a0de las\u00a0tarifas de servicios\u00a0del Aeropuerto Internacional de la CDMX"}]},{"@type":"WebSite","@id":"https:\/\/quehacerpolitico.mx\/#website","url":"https:\/\/quehacerpolitico.mx\/","name":"","description":"","potentialAction":[{"@type":"SearchAction","target":{"@type":"EntryPoint","urlTemplate":"https:\/\/quehacerpolitico.mx\/?s={search_term_string}"},"query-input":{"@type":"PropertyValueSpecification","valueRequired":true,"valueName":"search_term_string"}}],"inLanguage":"es"},{"@type":"Person","@id":"https:\/\/quehacerpolitico.mx\/#\/schema\/person\/496d8ad2d1d3f8036101dca7ee39e585","name":"Redacci\u00f3n QP","image":{"@type":"ImageObject","inLanguage":"es","@id":"https:\/\/secure.gravatar.com\/avatar\/c7164ed6fdec453195284ad24a5ae5b6e1eed2b848477fa2a4787ba9adf39a41?s=96&d=mm&r=g","url":"https:\/\/secure.gravatar.com\/avatar\/c7164ed6fdec453195284ad24a5ae5b6e1eed2b848477fa2a4787ba9adf39a41?s=96&d=mm&r=g","contentUrl":"https:\/\/secure.gravatar.com\/avatar\/c7164ed6fdec453195284ad24a5ae5b6e1eed2b848477fa2a4787ba9adf39a41?s=96&d=mm&r=g","caption":"Redacci\u00f3n QP"},"url":"https:\/\/quehacerpolitico.mx\/?author=2"}]}},"featured_image_urls":{"full":["https:\/\/quehacerpolitico.mx\/wp-content\/uploads\/2023\/12\/IMG_2590.jpeg",702,437,false],"thumbnail":["https:\/\/quehacerpolitico.mx\/wp-content\/uploads\/2023\/12\/IMG_2590-150x150.jpeg",150,150,true],"medium":["https:\/\/quehacerpolitico.mx\/wp-content\/uploads\/2023\/12\/IMG_2590-300x187.jpeg",300,187,true],"medium_large":["https:\/\/quehacerpolitico.mx\/wp-content\/uploads\/2023\/12\/IMG_2590.jpeg",640,398,false],"large":["https:\/\/quehacerpolitico.mx\/wp-content\/uploads\/2023\/12\/IMG_2590.jpeg",640,398,false],"1536x1536":["https:\/\/quehacerpolitico.mx\/wp-content\/uploads\/2023\/12\/IMG_2590.jpeg",702,437,false],"2048x2048":["https:\/\/quehacerpolitico.mx\/wp-content\/uploads\/2023\/12\/IMG_2590.jpeg",702,437,false],"covernews-featured":["https:\/\/quehacerpolitico.mx\/wp-content\/uploads\/2023\/12\/IMG_2590.jpeg",702,437,false],"covernews-medium":["https:\/\/quehacerpolitico.mx\/wp-content\/uploads\/2023\/12\/IMG_2590.jpeg",540,336,false]},"author_info":{"display_name":"Redacci\u00f3n QP","author_link":"https:\/\/quehacerpolitico.mx\/?author=2"},"category_info":"<a href=\"https:\/\/quehacerpolitico.mx\/?cat=56\" rel=\"category\">Econom\u00eda<\/a>","tag_info":"Econom\u00eda","comment_count":"0","_links":{"self":[{"href":"https:\/\/quehacerpolitico.mx\/index.php?rest_route=\/wp\/v2\/posts\/107067","targetHints":{"allow":["GET"]}}],"collection":[{"href":"https:\/\/quehacerpolitico.mx\/index.php?rest_route=\/wp\/v2\/posts"}],"about":[{"href":"https:\/\/quehacerpolitico.mx\/index.php?rest_route=\/wp\/v2\/types\/post"}],"author":[{"embeddable":true,"href":"https:\/\/quehacerpolitico.mx\/index.php?rest_route=\/wp\/v2\/users\/2"}],"replies":[{"embeddable":true,"href":"https:\/\/quehacerpolitico.mx\/index.php?rest_route=%2Fwp%2Fv2%2Fcomments&post=107067"}],"version-history":[{"count":1,"href":"https:\/\/quehacerpolitico.mx\/index.php?rest_route=\/wp\/v2\/posts\/107067\/revisions"}],"predecessor-version":[{"id":107070,"href":"https:\/\/quehacerpolitico.mx\/index.php?rest_route=\/wp\/v2\/posts\/107067\/revisions\/107070"}],"wp:featuredmedia":[{"embeddable":true,"href":"https:\/\/quehacerpolitico.mx\/index.php?rest_route=\/wp\/v2\/media\/107069"}],"wp:attachment":[{"href":"https:\/\/quehacerpolitico.mx\/index.php?rest_route=%2Fwp%2Fv2%2Fmedia&parent=107067"}],"wp:term":[{"taxonomy":"category","embeddable":true,"href":"https:\/\/quehacerpolitico.mx\/index.php?rest_route=%2Fwp%2Fv2%2Fcategories&post=107067"},{"taxonomy":"post_tag","embeddable":true,"href":"https:\/\/quehacerpolitico.mx\/index.php?rest_route=%2Fwp%2Fv2%2Ftags&post=107067"}],"curies":[{"name":"wp","href":"https:\/\/api.w.org\/{rel}","templated":true}]}}