{"id":107058,"date":"2023-12-12T20:05:57","date_gmt":"2023-12-12T20:05:57","guid":{"rendered":"https:\/\/quehacerpolitico.mx\/?p=107058"},"modified":"2023-12-12T20:05:59","modified_gmt":"2023-12-12T20:05:59","slug":"antonio-mohamed-decidio-dar-un-paso-al-costado-y-renuncio-a-pumas-argumentando-problemas-personales-se-queda-su-auxiliar-gustavo-lema-como-tecnico","status":"publish","type":"post","link":"https:\/\/quehacerpolitico.mx\/?p=107058","title":{"rendered":"Antonio Mohamed\u00a0decidi\u00f3 dar un paso al costado y renunci\u00f3 a Pumas argumentando \u201cproblemas personales\u201d se queda su auxiliar Gustavo Lema como t\u00e9cnico"},"content":{"rendered":"\n<p>Por Redacci\u00f3n QP<\/p>\n\n\n\n<p>Pese a que ten\u00eda cinco meses m\u00e1s de contrato, Antonio Mohamed decidi\u00f3 dar un paso al costado y present\u00f3 su renuncia al Club Universidad.<\/p>\n\n\n\n<p>Pese a tener cinco meses m\u00e1s de contrato con el\u00a0<strong>Club Universidad,<\/strong>\u00a0el t\u00e9cnico argentino\u00a0<strong>Antonio Mohamed<\/strong>\u00a0decidi\u00f3 dar un paso al costado y renunci\u00f3 al equipo argumentando \u201c<strong>problemas personales<\/strong>\u201d y la necesidad de un \u201c<strong>descanso mental\u201d<\/strong>, con lo que su auxiliar\u00a0<strong>Gustavo Lema<\/strong>\u00a0se quedar\u00e1 al mando con la finalidad de darle continuidad al proyecto.<\/p>\n\n\n\n<figure class=\"wp-block-embed is-type-rich is-provider-twitter wp-block-embed-twitter\"><div class=\"wp-block-embed__wrapper\">\n<blockquote class=\"twitter-tweet\" data-width=\"550\" data-dnt=\"true\"><p lang=\"es\" dir=\"ltr\">Le damos la bienvenida a Gustavo Lema como nuestro nuevo Director T\u00e9cnico. \ud83d\ude4c<br>Trabajaremos juntos en busca de conseguir todos los objetivos. \ud83d\udc4a <br><br> <a href=\"https:\/\/twitter.com\/hashtag\/DePumasSoy?src=hash&amp;ref_src=twsrc%5Etfw\">#DePumasSoy<\/a> <a href=\"https:\/\/twitter.com\/hashtag\/DeCanteraSomos?src=hash&amp;ref_src=twsrc%5Etfw\">#DeCanteraSomos<\/a> <a href=\"https:\/\/t.co\/CrH057vJz4\">pic.twitter.com\/CrH057vJz4<\/a><\/p>&mdash; PUMAS (@PumasMX) <a href=\"https:\/\/twitter.com\/PumasMX\/status\/1734659867795730602?ref_src=twsrc%5Etfw\">December 12, 2023<\/a><\/blockquote><script async src=\"https:\/\/platform.twitter.com\/widgets.js\" charset=\"utf-8\"><\/script>\n<\/div><\/figure>\n\n\n\n<figure class=\"wp-block-embed is-type-rich is-provider-twitter wp-block-embed-twitter\"><div class=\"wp-block-embed__wrapper\">\n<blockquote class=\"twitter-tweet\" data-width=\"550\" data-dnt=\"true\"><p lang=\"es\" dir=\"ltr\">Gracias por toda tu experiencia compartida en el azul y oro, \u2018Turco\u2019. Fue un camino lleno de aprendizajes y buenos momentos. \ud83d\udc3e<br><br>Te deseamos lo mejor. <a href=\"https:\/\/twitter.com\/hashtag\/DePumasSoy?src=hash&amp;ref_src=twsrc%5Etfw\">#DePumasSoy<\/a> <a href=\"https:\/\/twitter.com\/hashtag\/DeCanteraSomos?src=hash&amp;ref_src=twsrc%5Etfw\">#DeCanteraSomos<\/a> <a href=\"https:\/\/t.co\/3yqOrhCidj\">pic.twitter.com\/3yqOrhCidj<\/a><\/p>&mdash; PUMAS (@PumasMX) <a href=\"https:\/\/twitter.com\/PumasMX\/status\/1734659337144988131?ref_src=twsrc%5Etfw\">December 12, 2023<\/a><\/blockquote><script async src=\"https:\/\/platform.twitter.com\/widgets.js\" charset=\"utf-8\"><\/script>\n<\/div><\/figure>\n\n\n\n<p>El \u2018Turco\u2019 lleg\u00f3 a finales del Clausura 2023 para relevar a Rafael Puente del R\u00edo, y en cuatro partidos estuvo a punto de meter al equipo al Repechaje; sin embargo, en la \u00faltima jornada cay\u00f3 ante\u00a0<strong>Rayados<\/strong>\u00a0y se esfumaron las posibilidades.<\/p>\n\n\n\n<p>Para el presente Apertura llev\u00f3 a cabo varios cambios de futbolistas y solicit\u00f3 algunos refuerzos como los defensas centrales\u00a0<strong>Lisandro Magall\u00e1n<\/strong>\u00a0(argentino) y\u00a0<strong>Nathan Silva<\/strong>(brasile\u00f1o), adem\u00e1s del delantero\u00a0<strong>Gabriel<\/strong><strong>Fern\u00e1ndez<\/strong>\u00a0(uruguayo), entre otros.<\/p>\n\n\n\n<figure class=\"wp-block-embed is-type-video is-provider-youtube wp-block-embed-youtube wp-embed-aspect-4-3 wp-has-aspect-ratio\"><div class=\"wp-block-embed__wrapper\">\nhttps:\/\/www.youtube.com\/live\/Kstgybjsi2Q?si=CvITdAAGAgkdWUFA\n<\/div><\/figure>\n\n\n\n<p>Bajo su gesti\u00f3n el conjunto auriazul regres\u00f3 a una Liguilla como cuarto lugar general luego de tres torneos de ausencia y super\u00f3 a las&nbsp;<strong>Chivas<\/strong>en los Cuartos de Final, para posteriormente quedarse a un paso de la Final al caer (2-1 global) ante los&nbsp;<strong>Tigres<\/strong>&nbsp;el domingo pasado.<\/p>\n\n\n\n<p>Pumas convoc\u00f3 a una conferencia este martes a las 13:00 horas, en donde se confirm\u00f3 la salida de Mohamed.<\/p>\n\n\n\n<p>\u201cEstoy muy agradecido con la directiva,&nbsp;<strong>pido una disculpa a la directiva, a la afici\u00f3n por no poder terminar el contrato. No es por ir a otro equipo<\/strong>, es por un descanso mental, ese es el motivo principal. No es un motivo de salud ni nada parecido.<\/p>\n\n\n\n<p>\u201cEl proyecto sigue en buenas manos para seguir creciendo y apuntalando al equipo. Ojal\u00e1 siendo un hincha m\u00e1s pueda apoyar al equipo\u201d, explic\u00f3 Mohamed en conferencia de prensa desde la cantera, todav\u00eda vestido con chamarra del conjunto auriazul.<\/p>\n","protected":false},"excerpt":{"rendered":"<p>Por Redacci\u00f3n QP Pese a que ten\u00eda cinco meses m\u00e1s de contrato, Antonio Mohamed decidi\u00f3&#8230;<\/p>\n","protected":false},"author":2,"featured_media":107059,"comment_status":"open","ping_status":"open","sticky":false,"template":"","format":"standard","meta":{"_monsterinsights_skip_tracking":false,"_monsterinsights_sitenote_active":false,"_monsterinsights_sitenote_note":"","_monsterinsights_sitenote_category":0,"footnotes":""},"categories":[54],"tags":[],"class_list":["post-107058","post","type-post","status-publish","format-standard","has-post-thumbnail","hentry","category-deportes"],"yoast_head":"<!-- This site is optimized with the Yoast SEO plugin v27.3 - https:\/\/yoast.com\/product\/yoast-seo-wordpress\/ -->\n<title>Antonio Mohamed\u00a0decidi\u00f3 dar un paso al costado y renunci\u00f3 a Pumas argumentando \u201cproblemas personales\u201d se queda su auxiliar Gustavo Lema como t\u00e9cnico -<\/title>\n<meta name=\"robots\" content=\"index, follow, max-snippet:-1, max-image-preview:large, max-video-preview:-1\" \/>\n<link rel=\"canonical\" href=\"https:\/\/quehacerpolitico.mx\/?p=107058\" \/>\n<meta property=\"og:locale\" content=\"es_MX\" \/>\n<meta property=\"og:type\" content=\"article\" \/>\n<meta property=\"og:title\" content=\"Antonio Mohamed\u00a0decidi\u00f3 dar un paso al costado y renunci\u00f3 a Pumas argumentando \u201cproblemas personales\u201d se queda su auxiliar Gustavo Lema como t\u00e9cnico -\" \/>\n<meta property=\"og:description\" content=\"Por Redacci\u00f3n QP Pese a que ten\u00eda cinco meses m\u00e1s de contrato, Antonio Mohamed decidi\u00f3...\" \/>\n<meta property=\"og:url\" content=\"https:\/\/quehacerpolitico.mx\/?p=107058\" \/>\n<meta property=\"article:published_time\" content=\"2023-12-12T20:05:57+00:00\" \/>\n<meta property=\"article:modified_time\" content=\"2023-12-12T20:05:59+00:00\" \/>\n<meta property=\"og:image\" content=\"https:\/\/quehacerpolitico.mx\/wp-content\/uploads\/2023\/12\/IMG_2582.jpeg\" \/>\n\t<meta property=\"og:image:width\" content=\"2048\" \/>\n\t<meta property=\"og:image:height\" content=\"1362\" \/>\n\t<meta property=\"og:image:type\" content=\"image\/jpeg\" \/>\n<meta name=\"author\" content=\"Redacci\u00f3n QP\" \/>\n<meta name=\"twitter:card\" content=\"summary_large_image\" \/>\n<meta name=\"twitter:label1\" content=\"Escrito por\" \/>\n\t<meta name=\"twitter:data1\" content=\"Redacci\u00f3n QP\" \/>\n\t<meta name=\"twitter:label2\" content=\"Tiempo de lectura\" \/>\n\t<meta name=\"twitter:data2\" content=\"2 minutos\" \/>\n<script type=\"application\/ld+json\" class=\"yoast-schema-graph\">{\"@context\":\"https:\\\/\\\/schema.org\",\"@graph\":[{\"@type\":\"Article\",\"@id\":\"https:\\\/\\\/quehacerpolitico.mx\\\/?p=107058#article\",\"isPartOf\":{\"@id\":\"https:\\\/\\\/quehacerpolitico.mx\\\/?p=107058\"},\"author\":{\"name\":\"Redacci\u00f3n QP\",\"@id\":\"https:\\\/\\\/quehacerpolitico.mx\\\/#\\\/schema\\\/person\\\/496d8ad2d1d3f8036101dca7ee39e585\"},\"headline\":\"Antonio Mohamed\u00a0decidi\u00f3 dar un paso al costado y renunci\u00f3 a Pumas argumentando \u201cproblemas personales\u201d se queda su auxiliar Gustavo Lema como t\u00e9cnico\",\"datePublished\":\"2023-12-12T20:05:57+00:00\",\"dateModified\":\"2023-12-12T20:05:59+00:00\",\"mainEntityOfPage\":{\"@id\":\"https:\\\/\\\/quehacerpolitico.mx\\\/?p=107058\"},\"wordCount\":382,\"commentCount\":0,\"image\":{\"@id\":\"https:\\\/\\\/quehacerpolitico.mx\\\/?p=107058#primaryimage\"},\"thumbnailUrl\":\"https:\\\/\\\/quehacerpolitico.mx\\\/wp-content\\\/uploads\\\/2023\\\/12\\\/IMG_2582.jpeg\",\"articleSection\":[\"Deportes\"],\"inLanguage\":\"es\",\"potentialAction\":[{\"@type\":\"CommentAction\",\"name\":\"Comment\",\"target\":[\"https:\\\/\\\/quehacerpolitico.mx\\\/?p=107058#respond\"]}]},{\"@type\":\"WebPage\",\"@id\":\"https:\\\/\\\/quehacerpolitico.mx\\\/?p=107058\",\"url\":\"https:\\\/\\\/quehacerpolitico.mx\\\/?p=107058\",\"name\":\"Antonio Mohamed\u00a0decidi\u00f3 dar un paso al costado y renunci\u00f3 a Pumas argumentando \u201cproblemas personales\u201d se queda su auxiliar Gustavo Lema como t\u00e9cnico -\",\"isPartOf\":{\"@id\":\"https:\\\/\\\/quehacerpolitico.mx\\\/#website\"},\"primaryImageOfPage\":{\"@id\":\"https:\\\/\\\/quehacerpolitico.mx\\\/?p=107058#primaryimage\"},\"image\":{\"@id\":\"https:\\\/\\\/quehacerpolitico.mx\\\/?p=107058#primaryimage\"},\"thumbnailUrl\":\"https:\\\/\\\/quehacerpolitico.mx\\\/wp-content\\\/uploads\\\/2023\\\/12\\\/IMG_2582.jpeg\",\"datePublished\":\"2023-12-12T20:05:57+00:00\",\"dateModified\":\"2023-12-12T20:05:59+00:00\",\"author\":{\"@id\":\"https:\\\/\\\/quehacerpolitico.mx\\\/#\\\/schema\\\/person\\\/496d8ad2d1d3f8036101dca7ee39e585\"},\"breadcrumb\":{\"@id\":\"https:\\\/\\\/quehacerpolitico.mx\\\/?p=107058#breadcrumb\"},\"inLanguage\":\"es\",\"potentialAction\":[{\"@type\":\"ReadAction\",\"target\":[\"https:\\\/\\\/quehacerpolitico.mx\\\/?p=107058\"]}]},{\"@type\":\"ImageObject\",\"inLanguage\":\"es\",\"@id\":\"https:\\\/\\\/quehacerpolitico.mx\\\/?p=107058#primaryimage\",\"url\":\"https:\\\/\\\/quehacerpolitico.mx\\\/wp-content\\\/uploads\\\/2023\\\/12\\\/IMG_2582.jpeg\",\"contentUrl\":\"https:\\\/\\\/quehacerpolitico.mx\\\/wp-content\\\/uploads\\\/2023\\\/12\\\/IMG_2582.jpeg\",\"width\":2048,\"height\":1362},{\"@type\":\"BreadcrumbList\",\"@id\":\"https:\\\/\\\/quehacerpolitico.mx\\\/?p=107058#breadcrumb\",\"itemListElement\":[{\"@type\":\"ListItem\",\"position\":1,\"name\":\"Inicio\",\"item\":\"https:\\\/\\\/quehacerpolitico.mx\\\/\"},{\"@type\":\"ListItem\",\"position\":2,\"name\":\"Antonio Mohamed\u00a0decidi\u00f3 dar un paso al costado y renunci\u00f3 a Pumas argumentando \u201cproblemas personales\u201d se queda su auxiliar Gustavo Lema como t\u00e9cnico\"}]},{\"@type\":\"WebSite\",\"@id\":\"https:\\\/\\\/quehacerpolitico.mx\\\/#website\",\"url\":\"https:\\\/\\\/quehacerpolitico.mx\\\/\",\"name\":\"\",\"description\":\"\",\"potentialAction\":[{\"@type\":\"SearchAction\",\"target\":{\"@type\":\"EntryPoint\",\"urlTemplate\":\"https:\\\/\\\/quehacerpolitico.mx\\\/?s={search_term_string}\"},\"query-input\":{\"@type\":\"PropertyValueSpecification\",\"valueRequired\":true,\"valueName\":\"search_term_string\"}}],\"inLanguage\":\"es\"},{\"@type\":\"Person\",\"@id\":\"https:\\\/\\\/quehacerpolitico.mx\\\/#\\\/schema\\\/person\\\/496d8ad2d1d3f8036101dca7ee39e585\",\"name\":\"Redacci\u00f3n QP\",\"image\":{\"@type\":\"ImageObject\",\"inLanguage\":\"es\",\"@id\":\"https:\\\/\\\/secure.gravatar.com\\\/avatar\\\/c7164ed6fdec453195284ad24a5ae5b6e1eed2b848477fa2a4787ba9adf39a41?s=96&d=mm&r=g\",\"url\":\"https:\\\/\\\/secure.gravatar.com\\\/avatar\\\/c7164ed6fdec453195284ad24a5ae5b6e1eed2b848477fa2a4787ba9adf39a41?s=96&d=mm&r=g\",\"contentUrl\":\"https:\\\/\\\/secure.gravatar.com\\\/avatar\\\/c7164ed6fdec453195284ad24a5ae5b6e1eed2b848477fa2a4787ba9adf39a41?s=96&d=mm&r=g\",\"caption\":\"Redacci\u00f3n QP\"},\"url\":\"https:\\\/\\\/quehacerpolitico.mx\\\/?author=2\"}]}<\/script>\n<!-- \/ Yoast SEO plugin. -->","yoast_head_json":{"title":"Antonio Mohamed\u00a0decidi\u00f3 dar un paso al costado y renunci\u00f3 a Pumas argumentando \u201cproblemas personales\u201d se queda su auxiliar Gustavo Lema como t\u00e9cnico -","robots":{"index":"index","follow":"follow","max-snippet":"max-snippet:-1","max-image-preview":"max-image-preview:large","max-video-preview":"max-video-preview:-1"},"canonical":"https:\/\/quehacerpolitico.mx\/?p=107058","og_locale":"es_MX","og_type":"article","og_title":"Antonio Mohamed\u00a0decidi\u00f3 dar un paso al costado y renunci\u00f3 a Pumas argumentando \u201cproblemas personales\u201d se queda su auxiliar Gustavo Lema como t\u00e9cnico -","og_description":"Por Redacci\u00f3n QP Pese a que ten\u00eda cinco meses m\u00e1s de contrato, Antonio Mohamed decidi\u00f3...","og_url":"https:\/\/quehacerpolitico.mx\/?p=107058","article_published_time":"2023-12-12T20:05:57+00:00","article_modified_time":"2023-12-12T20:05:59+00:00","og_image":[{"width":2048,"height":1362,"url":"https:\/\/quehacerpolitico.mx\/wp-content\/uploads\/2023\/12\/IMG_2582.jpeg","type":"image\/jpeg"}],"author":"Redacci\u00f3n QP","twitter_card":"summary_large_image","twitter_misc":{"Escrito por":"Redacci\u00f3n QP","Tiempo de lectura":"2 minutos"},"schema":{"@context":"https:\/\/schema.org","@graph":[{"@type":"Article","@id":"https:\/\/quehacerpolitico.mx\/?p=107058#article","isPartOf":{"@id":"https:\/\/quehacerpolitico.mx\/?p=107058"},"author":{"name":"Redacci\u00f3n QP","@id":"https:\/\/quehacerpolitico.mx\/#\/schema\/person\/496d8ad2d1d3f8036101dca7ee39e585"},"headline":"Antonio Mohamed\u00a0decidi\u00f3 dar un paso al costado y renunci\u00f3 a Pumas argumentando \u201cproblemas personales\u201d se queda su auxiliar Gustavo Lema como t\u00e9cnico","datePublished":"2023-12-12T20:05:57+00:00","dateModified":"2023-12-12T20:05:59+00:00","mainEntityOfPage":{"@id":"https:\/\/quehacerpolitico.mx\/?p=107058"},"wordCount":382,"commentCount":0,"image":{"@id":"https:\/\/quehacerpolitico.mx\/?p=107058#primaryimage"},"thumbnailUrl":"https:\/\/quehacerpolitico.mx\/wp-content\/uploads\/2023\/12\/IMG_2582.jpeg","articleSection":["Deportes"],"inLanguage":"es","potentialAction":[{"@type":"CommentAction","name":"Comment","target":["https:\/\/quehacerpolitico.mx\/?p=107058#respond"]}]},{"@type":"WebPage","@id":"https:\/\/quehacerpolitico.mx\/?p=107058","url":"https:\/\/quehacerpolitico.mx\/?p=107058","name":"Antonio Mohamed\u00a0decidi\u00f3 dar un paso al costado y renunci\u00f3 a Pumas argumentando \u201cproblemas personales\u201d se queda su auxiliar Gustavo Lema como t\u00e9cnico -","isPartOf":{"@id":"https:\/\/quehacerpolitico.mx\/#website"},"primaryImageOfPage":{"@id":"https:\/\/quehacerpolitico.mx\/?p=107058#primaryimage"},"image":{"@id":"https:\/\/quehacerpolitico.mx\/?p=107058#primaryimage"},"thumbnailUrl":"https:\/\/quehacerpolitico.mx\/wp-content\/uploads\/2023\/12\/IMG_2582.jpeg","datePublished":"2023-12-12T20:05:57+00:00","dateModified":"2023-12-12T20:05:59+00:00","author":{"@id":"https:\/\/quehacerpolitico.mx\/#\/schema\/person\/496d8ad2d1d3f8036101dca7ee39e585"},"breadcrumb":{"@id":"https:\/\/quehacerpolitico.mx\/?p=107058#breadcrumb"},"inLanguage":"es","potentialAction":[{"@type":"ReadAction","target":["https:\/\/quehacerpolitico.mx\/?p=107058"]}]},{"@type":"ImageObject","inLanguage":"es","@id":"https:\/\/quehacerpolitico.mx\/?p=107058#primaryimage","url":"https:\/\/quehacerpolitico.mx\/wp-content\/uploads\/2023\/12\/IMG_2582.jpeg","contentUrl":"https:\/\/quehacerpolitico.mx\/wp-content\/uploads\/2023\/12\/IMG_2582.jpeg","width":2048,"height":1362},{"@type":"BreadcrumbList","@id":"https:\/\/quehacerpolitico.mx\/?p=107058#breadcrumb","itemListElement":[{"@type":"ListItem","position":1,"name":"Inicio","item":"https:\/\/quehacerpolitico.mx\/"},{"@type":"ListItem","position":2,"name":"Antonio Mohamed\u00a0decidi\u00f3 dar un paso al costado y renunci\u00f3 a Pumas argumentando \u201cproblemas personales\u201d se queda su auxiliar Gustavo Lema como t\u00e9cnico"}]},{"@type":"WebSite","@id":"https:\/\/quehacerpolitico.mx\/#website","url":"https:\/\/quehacerpolitico.mx\/","name":"","description":"","potentialAction":[{"@type":"SearchAction","target":{"@type":"EntryPoint","urlTemplate":"https:\/\/quehacerpolitico.mx\/?s={search_term_string}"},"query-input":{"@type":"PropertyValueSpecification","valueRequired":true,"valueName":"search_term_string"}}],"inLanguage":"es"},{"@type":"Person","@id":"https:\/\/quehacerpolitico.mx\/#\/schema\/person\/496d8ad2d1d3f8036101dca7ee39e585","name":"Redacci\u00f3n QP","image":{"@type":"ImageObject","inLanguage":"es","@id":"https:\/\/secure.gravatar.com\/avatar\/c7164ed6fdec453195284ad24a5ae5b6e1eed2b848477fa2a4787ba9adf39a41?s=96&d=mm&r=g","url":"https:\/\/secure.gravatar.com\/avatar\/c7164ed6fdec453195284ad24a5ae5b6e1eed2b848477fa2a4787ba9adf39a41?s=96&d=mm&r=g","contentUrl":"https:\/\/secure.gravatar.com\/avatar\/c7164ed6fdec453195284ad24a5ae5b6e1eed2b848477fa2a4787ba9adf39a41?s=96&d=mm&r=g","caption":"Redacci\u00f3n QP"},"url":"https:\/\/quehacerpolitico.mx\/?author=2"}]}},"featured_image_urls":{"full":["https:\/\/quehacerpolitico.mx\/wp-content\/uploads\/2023\/12\/IMG_2582.jpeg",2048,1362,false],"thumbnail":["https:\/\/quehacerpolitico.mx\/wp-content\/uploads\/2023\/12\/IMG_2582-150x150.jpeg",150,150,true],"medium":["https:\/\/quehacerpolitico.mx\/wp-content\/uploads\/2023\/12\/IMG_2582-300x200.jpeg",300,200,true],"medium_large":["https:\/\/quehacerpolitico.mx\/wp-content\/uploads\/2023\/12\/IMG_2582-768x511.jpeg",640,426,true],"large":["https:\/\/quehacerpolitico.mx\/wp-content\/uploads\/2023\/12\/IMG_2582-1024x681.jpeg",640,426,true],"1536x1536":["https:\/\/quehacerpolitico.mx\/wp-content\/uploads\/2023\/12\/IMG_2582-1536x1022.jpeg",1536,1022,true],"2048x2048":["https:\/\/quehacerpolitico.mx\/wp-content\/uploads\/2023\/12\/IMG_2582.jpeg",2048,1362,false],"covernews-featured":["https:\/\/quehacerpolitico.mx\/wp-content\/uploads\/2023\/12\/IMG_2582.jpeg",1024,681,false],"covernews-medium":["https:\/\/quehacerpolitico.mx\/wp-content\/uploads\/2023\/12\/IMG_2582.jpeg",511,340,false]},"author_info":{"display_name":"Redacci\u00f3n QP","author_link":"https:\/\/quehacerpolitico.mx\/?author=2"},"category_info":"<a href=\"https:\/\/quehacerpolitico.mx\/?cat=54\" rel=\"category\">Deportes<\/a>","tag_info":"Deportes","comment_count":"0","_links":{"self":[{"href":"https:\/\/quehacerpolitico.mx\/index.php?rest_route=\/wp\/v2\/posts\/107058","targetHints":{"allow":["GET"]}}],"collection":[{"href":"https:\/\/quehacerpolitico.mx\/index.php?rest_route=\/wp\/v2\/posts"}],"about":[{"href":"https:\/\/quehacerpolitico.mx\/index.php?rest_route=\/wp\/v2\/types\/post"}],"author":[{"embeddable":true,"href":"https:\/\/quehacerpolitico.mx\/index.php?rest_route=\/wp\/v2\/users\/2"}],"replies":[{"embeddable":true,"href":"https:\/\/quehacerpolitico.mx\/index.php?rest_route=%2Fwp%2Fv2%2Fcomments&post=107058"}],"version-history":[{"count":1,"href":"https:\/\/quehacerpolitico.mx\/index.php?rest_route=\/wp\/v2\/posts\/107058\/revisions"}],"predecessor-version":[{"id":107060,"href":"https:\/\/quehacerpolitico.mx\/index.php?rest_route=\/wp\/v2\/posts\/107058\/revisions\/107060"}],"wp:featuredmedia":[{"embeddable":true,"href":"https:\/\/quehacerpolitico.mx\/index.php?rest_route=\/wp\/v2\/media\/107059"}],"wp:attachment":[{"href":"https:\/\/quehacerpolitico.mx\/index.php?rest_route=%2Fwp%2Fv2%2Fmedia&parent=107058"}],"wp:term":[{"taxonomy":"category","embeddable":true,"href":"https:\/\/quehacerpolitico.mx\/index.php?rest_route=%2Fwp%2Fv2%2Fcategories&post=107058"},{"taxonomy":"post_tag","embeddable":true,"href":"https:\/\/quehacerpolitico.mx\/index.php?rest_route=%2Fwp%2Fv2%2Ftags&post=107058"}],"curies":[{"name":"wp","href":"https:\/\/api.w.org\/{rel}","templated":true}]}}