{"id":107048,"date":"2023-12-12T18:46:17","date_gmt":"2023-12-12T18:46:17","guid":{"rendered":"https:\/\/quehacerpolitico.mx\/?p=107048"},"modified":"2023-12-12T18:46:20","modified_gmt":"2023-12-12T18:46:20","slug":"arjona-deja-los-escenarios-por-problemas-de-salud","status":"publish","type":"post","link":"https:\/\/quehacerpolitico.mx\/?p=107048","title":{"rendered":"Arjona deja los escenarios por problemas de salud"},"content":{"rendered":"\n<p>Por Redacci\u00f3n QP<\/p>\n\n\n\n<p>Problemas con su salud orillan a Arjona al retiro temporal<\/p>\n\n\n\n<p>El cantante y compositor&nbsp;<strong>Ricardo Arjona&nbsp;<\/strong>no pudo m\u00e1s y&nbsp;<strong>anunci\u00f3 su retiro de los escenarios, sin fecha de regreso, obligado por una crisis en su organismo.<\/strong><\/p>\n\n\n\n<p>El guatemalteco, quien finaliz\u00f3 la gira &#8220;<strong>Blanco y Negro<\/strong>&#8220;, mencion\u00f3\u00a0<strong>lo dif\u00edcil que le ha sido &#8220;poder terminar de pie con esta despedida&#8221;, anunciando que lo en los \u00faltimos dos meses lleva seis infiltraciones de columna y &#8220;posponiendo una cirug\u00eda inminente&#8221;.<\/strong><\/p>\n\n\n\n<figure class=\"wp-block-image size-large\"><img loading=\"lazy\" decoding=\"async\" width=\"576\" height=\"1024\" src=\"https:\/\/quehacerpolitico.mx\/wp-content\/uploads\/2023\/12\/image-22-576x1024.jpeg\" alt=\"\" class=\"wp-image-107049\" srcset=\"https:\/\/quehacerpolitico.mx\/wp-content\/uploads\/2023\/12\/image-22-576x1024.jpeg 576w, https:\/\/quehacerpolitico.mx\/wp-content\/uploads\/2023\/12\/image-22-169x300.jpeg 169w, https:\/\/quehacerpolitico.mx\/wp-content\/uploads\/2023\/12\/image-22-768x1365.jpeg 768w, https:\/\/quehacerpolitico.mx\/wp-content\/uploads\/2023\/12\/image-22-864x1536.jpeg 864w, https:\/\/quehacerpolitico.mx\/wp-content\/uploads\/2023\/12\/image-22-1152x2048.jpeg 1152w, https:\/\/quehacerpolitico.mx\/wp-content\/uploads\/2023\/12\/image-22-82x146.jpeg 82w, https:\/\/quehacerpolitico.mx\/wp-content\/uploads\/2023\/12\/image-22-28x50.jpeg 28w, https:\/\/quehacerpolitico.mx\/wp-content\/uploads\/2023\/12\/image-22-42x75.jpeg 42w, https:\/\/quehacerpolitico.mx\/wp-content\/uploads\/2023\/12\/image-22.jpeg 1164w\" sizes=\"auto, (max-width: 576px) 100vw, 576px\" \/><\/figure>\n\n\n\n<p>&#8220;Gracias por hacer tan f\u00e1cil lo imposible. Pens\u00e9 que no estaba para dar un paso la tarde de ayer y termin\u00e9 haciendo una marat\u00f3n en la pasarela improvisada m\u00e1s larga de mi vida. Casi como fue mi carrera desde un principio. Hoy, ser\u00e1 el \u00faltimo concierto de\u00a0<strong>Blanco y Negro<\/strong>.\u00a0<strong>A todas las ciudades que toc\u00f3 esta gira de 159 conciertos mi agradecimiento eterno<\/strong>. A los m\u00e9dicos que me pusieron de pie para poder terminar este viaje posponiendo una cirug\u00eda inminente, muchas gracias&#8221;, indic\u00f3 en un comunicado.<\/p>\n\n\n\n<figure class=\"wp-block-image size-large\"><img loading=\"lazy\" decoding=\"async\" width=\"684\" height=\"1024\" src=\"https:\/\/quehacerpolitico.mx\/wp-content\/uploads\/2023\/12\/image-25-684x1024.jpeg\" alt=\"\" class=\"wp-image-107052\" srcset=\"https:\/\/quehacerpolitico.mx\/wp-content\/uploads\/2023\/12\/image-25-684x1024.jpeg 684w, https:\/\/quehacerpolitico.mx\/wp-content\/uploads\/2023\/12\/image-25-200x300.jpeg 200w, https:\/\/quehacerpolitico.mx\/wp-content\/uploads\/2023\/12\/image-25-768x1150.jpeg 768w, https:\/\/quehacerpolitico.mx\/wp-content\/uploads\/2023\/12\/image-25-1026x1536.jpeg 1026w, https:\/\/quehacerpolitico.mx\/wp-content\/uploads\/2023\/12\/image-25-97x146.jpeg 97w, https:\/\/quehacerpolitico.mx\/wp-content\/uploads\/2023\/12\/image-25-33x50.jpeg 33w, https:\/\/quehacerpolitico.mx\/wp-content\/uploads\/2023\/12\/image-25-50x75.jpeg 50w, https:\/\/quehacerpolitico.mx\/wp-content\/uploads\/2023\/12\/image-25.jpeg 1284w\" sizes=\"auto, (max-width: 684px) 100vw, 684px\" \/><\/figure>\n\n\n\n<figure class=\"wp-block-image size-large\"><img loading=\"lazy\" decoding=\"async\" width=\"677\" height=\"1024\" src=\"https:\/\/quehacerpolitico.mx\/wp-content\/uploads\/2023\/12\/image-24-677x1024.jpeg\" alt=\"\" class=\"wp-image-107051\" srcset=\"https:\/\/quehacerpolitico.mx\/wp-content\/uploads\/2023\/12\/image-24-677x1024.jpeg 677w, https:\/\/quehacerpolitico.mx\/wp-content\/uploads\/2023\/12\/image-24-198x300.jpeg 198w, https:\/\/quehacerpolitico.mx\/wp-content\/uploads\/2023\/12\/image-24-768x1162.jpeg 768w, https:\/\/quehacerpolitico.mx\/wp-content\/uploads\/2023\/12\/image-24-1016x1536.jpeg 1016w, https:\/\/quehacerpolitico.mx\/wp-content\/uploads\/2023\/12\/image-24-97x146.jpeg 97w, https:\/\/quehacerpolitico.mx\/wp-content\/uploads\/2023\/12\/image-24-33x50.jpeg 33w, https:\/\/quehacerpolitico.mx\/wp-content\/uploads\/2023\/12\/image-24-50x75.jpeg 50w, https:\/\/quehacerpolitico.mx\/wp-content\/uploads\/2023\/12\/image-24.jpeg 1284w\" sizes=\"auto, (max-width: 677px) 100vw, 677px\" \/><\/figure>\n\n\n\n<figure class=\"wp-block-image size-large\"><img loading=\"lazy\" decoding=\"async\" width=\"679\" height=\"1024\" src=\"https:\/\/quehacerpolitico.mx\/wp-content\/uploads\/2023\/12\/image-23-679x1024.jpeg\" alt=\"\" class=\"wp-image-107050\" srcset=\"https:\/\/quehacerpolitico.mx\/wp-content\/uploads\/2023\/12\/image-23-679x1024.jpeg 679w, https:\/\/quehacerpolitico.mx\/wp-content\/uploads\/2023\/12\/image-23-199x300.jpeg 199w, https:\/\/quehacerpolitico.mx\/wp-content\/uploads\/2023\/12\/image-23-768x1159.jpeg 768w, https:\/\/quehacerpolitico.mx\/wp-content\/uploads\/2023\/12\/image-23-1018x1536.jpeg 1018w, https:\/\/quehacerpolitico.mx\/wp-content\/uploads\/2023\/12\/image-23-97x146.jpeg 97w, https:\/\/quehacerpolitico.mx\/wp-content\/uploads\/2023\/12\/image-23-33x50.jpeg 33w, https:\/\/quehacerpolitico.mx\/wp-content\/uploads\/2023\/12\/image-23-50x75.jpeg 50w, https:\/\/quehacerpolitico.mx\/wp-content\/uploads\/2023\/12\/image-23.jpeg 1284w\" sizes=\"auto, (max-width: 679px) 100vw, 679px\" \/><\/figure>\n\n\n\n<p>Y a forma de despedida, dijo a sus fans: &#8220;Me llamo Ricardo, los que me quieren me dicen SECO, y, m\u00e1s feliz y pleno que nunca, aunque con achaque que pronto ser\u00e1 historia, les digo adi\u00f3s y gracias, con todo el coraz\u00f3n&#8221;.<\/p>\n\n\n\n<figure class=\"wp-block-embed is-type-rich is-provider-twitter wp-block-embed-twitter\"><div class=\"wp-block-embed__wrapper\">\n<blockquote class=\"twitter-tweet\" data-width=\"550\" data-dnt=\"true\"><p lang=\"es\" dir=\"ltr\">Despu\u00e9s de 157 shows, Blanco y Negro Tour se despide en Chile. <a href=\"https:\/\/t.co\/TaOK39xrhb\">pic.twitter.com\/TaOK39xrhb<\/a><\/p>&mdash; Ricardo Arjona \u00ae (@Ricardo_Arjona) <a href=\"https:\/\/twitter.com\/Ricardo_Arjona\/status\/1733097398140834294?ref_src=twsrc%5Etfw\">December 8, 2023<\/a><\/blockquote><script async src=\"https:\/\/platform.twitter.com\/widgets.js\" charset=\"utf-8\"><\/script>\n<\/div><\/figure>\n","protected":false},"excerpt":{"rendered":"<p>Por Redacci\u00f3n QP Problemas con su salud orillan a Arjona al retiro temporal El cantante&#8230;<\/p>\n","protected":false},"author":2,"featured_media":107053,"comment_status":"open","ping_status":"open","sticky":false,"template":"","format":"standard","meta":{"_monsterinsights_skip_tracking":false,"_monsterinsights_sitenote_active":false,"_monsterinsights_sitenote_note":"","_monsterinsights_sitenote_category":0,"footnotes":""},"categories":[58],"tags":[],"class_list":["post-107048","post","type-post","status-publish","format-standard","has-post-thumbnail","hentry","category-cultura"],"yoast_head":"<!-- This site is optimized with the Yoast SEO plugin v27.3 - https:\/\/yoast.com\/product\/yoast-seo-wordpress\/ -->\n<title>Arjona deja los escenarios por problemas de salud -<\/title>\n<meta name=\"robots\" content=\"index, follow, max-snippet:-1, max-image-preview:large, max-video-preview:-1\" \/>\n<link rel=\"canonical\" href=\"https:\/\/quehacerpolitico.mx\/?p=107048\" \/>\n<meta property=\"og:locale\" content=\"es_MX\" \/>\n<meta property=\"og:type\" content=\"article\" \/>\n<meta property=\"og:title\" content=\"Arjona deja los escenarios por problemas de salud -\" \/>\n<meta property=\"og:description\" content=\"Por Redacci\u00f3n QP Problemas con su salud orillan a Arjona al retiro temporal El cantante...\" \/>\n<meta property=\"og:url\" content=\"https:\/\/quehacerpolitico.mx\/?p=107048\" \/>\n<meta property=\"article:published_time\" content=\"2023-12-12T18:46:17+00:00\" \/>\n<meta property=\"article:modified_time\" content=\"2023-12-12T18:46:20+00:00\" \/>\n<meta property=\"og:image\" content=\"https:\/\/quehacerpolitico.mx\/wp-content\/uploads\/2023\/12\/IMG_2578.jpeg\" \/>\n\t<meta property=\"og:image:width\" content=\"1284\" \/>\n\t<meta property=\"og:image:height\" content=\"734\" \/>\n\t<meta property=\"og:image:type\" content=\"image\/jpeg\" \/>\n<meta name=\"author\" content=\"Redacci\u00f3n QP\" \/>\n<meta name=\"twitter:card\" content=\"summary_large_image\" \/>\n<meta name=\"twitter:label1\" content=\"Escrito por\" \/>\n\t<meta name=\"twitter:data1\" content=\"Redacci\u00f3n QP\" \/>\n\t<meta name=\"twitter:label2\" content=\"Tiempo de lectura\" \/>\n\t<meta name=\"twitter:data2\" content=\"1 minuto\" \/>\n<script type=\"application\/ld+json\" class=\"yoast-schema-graph\">{\"@context\":\"https:\\\/\\\/schema.org\",\"@graph\":[{\"@type\":\"Article\",\"@id\":\"https:\\\/\\\/quehacerpolitico.mx\\\/?p=107048#article\",\"isPartOf\":{\"@id\":\"https:\\\/\\\/quehacerpolitico.mx\\\/?p=107048\"},\"author\":{\"name\":\"Redacci\u00f3n QP\",\"@id\":\"https:\\\/\\\/quehacerpolitico.mx\\\/#\\\/schema\\\/person\\\/496d8ad2d1d3f8036101dca7ee39e585\"},\"headline\":\"Arjona deja los escenarios por problemas de salud\",\"datePublished\":\"2023-12-12T18:46:17+00:00\",\"dateModified\":\"2023-12-12T18:46:20+00:00\",\"mainEntityOfPage\":{\"@id\":\"https:\\\/\\\/quehacerpolitico.mx\\\/?p=107048\"},\"wordCount\":244,\"commentCount\":0,\"image\":{\"@id\":\"https:\\\/\\\/quehacerpolitico.mx\\\/?p=107048#primaryimage\"},\"thumbnailUrl\":\"https:\\\/\\\/quehacerpolitico.mx\\\/wp-content\\\/uploads\\\/2023\\\/12\\\/IMG_2578.jpeg\",\"articleSection\":[\"Cultura y Entretenimiento\"],\"inLanguage\":\"es\",\"potentialAction\":[{\"@type\":\"CommentAction\",\"name\":\"Comment\",\"target\":[\"https:\\\/\\\/quehacerpolitico.mx\\\/?p=107048#respond\"]}]},{\"@type\":\"WebPage\",\"@id\":\"https:\\\/\\\/quehacerpolitico.mx\\\/?p=107048\",\"url\":\"https:\\\/\\\/quehacerpolitico.mx\\\/?p=107048\",\"name\":\"Arjona deja los escenarios por problemas de salud -\",\"isPartOf\":{\"@id\":\"https:\\\/\\\/quehacerpolitico.mx\\\/#website\"},\"primaryImageOfPage\":{\"@id\":\"https:\\\/\\\/quehacerpolitico.mx\\\/?p=107048#primaryimage\"},\"image\":{\"@id\":\"https:\\\/\\\/quehacerpolitico.mx\\\/?p=107048#primaryimage\"},\"thumbnailUrl\":\"https:\\\/\\\/quehacerpolitico.mx\\\/wp-content\\\/uploads\\\/2023\\\/12\\\/IMG_2578.jpeg\",\"datePublished\":\"2023-12-12T18:46:17+00:00\",\"dateModified\":\"2023-12-12T18:46:20+00:00\",\"author\":{\"@id\":\"https:\\\/\\\/quehacerpolitico.mx\\\/#\\\/schema\\\/person\\\/496d8ad2d1d3f8036101dca7ee39e585\"},\"breadcrumb\":{\"@id\":\"https:\\\/\\\/quehacerpolitico.mx\\\/?p=107048#breadcrumb\"},\"inLanguage\":\"es\",\"potentialAction\":[{\"@type\":\"ReadAction\",\"target\":[\"https:\\\/\\\/quehacerpolitico.mx\\\/?p=107048\"]}]},{\"@type\":\"ImageObject\",\"inLanguage\":\"es\",\"@id\":\"https:\\\/\\\/quehacerpolitico.mx\\\/?p=107048#primaryimage\",\"url\":\"https:\\\/\\\/quehacerpolitico.mx\\\/wp-content\\\/uploads\\\/2023\\\/12\\\/IMG_2578.jpeg\",\"contentUrl\":\"https:\\\/\\\/quehacerpolitico.mx\\\/wp-content\\\/uploads\\\/2023\\\/12\\\/IMG_2578.jpeg\",\"width\":1284,\"height\":734},{\"@type\":\"BreadcrumbList\",\"@id\":\"https:\\\/\\\/quehacerpolitico.mx\\\/?p=107048#breadcrumb\",\"itemListElement\":[{\"@type\":\"ListItem\",\"position\":1,\"name\":\"Inicio\",\"item\":\"https:\\\/\\\/quehacerpolitico.mx\\\/\"},{\"@type\":\"ListItem\",\"position\":2,\"name\":\"Arjona deja los escenarios por problemas de salud\"}]},{\"@type\":\"WebSite\",\"@id\":\"https:\\\/\\\/quehacerpolitico.mx\\\/#website\",\"url\":\"https:\\\/\\\/quehacerpolitico.mx\\\/\",\"name\":\"\",\"description\":\"\",\"potentialAction\":[{\"@type\":\"SearchAction\",\"target\":{\"@type\":\"EntryPoint\",\"urlTemplate\":\"https:\\\/\\\/quehacerpolitico.mx\\\/?s={search_term_string}\"},\"query-input\":{\"@type\":\"PropertyValueSpecification\",\"valueRequired\":true,\"valueName\":\"search_term_string\"}}],\"inLanguage\":\"es\"},{\"@type\":\"Person\",\"@id\":\"https:\\\/\\\/quehacerpolitico.mx\\\/#\\\/schema\\\/person\\\/496d8ad2d1d3f8036101dca7ee39e585\",\"name\":\"Redacci\u00f3n QP\",\"image\":{\"@type\":\"ImageObject\",\"inLanguage\":\"es\",\"@id\":\"https:\\\/\\\/secure.gravatar.com\\\/avatar\\\/c7164ed6fdec453195284ad24a5ae5b6e1eed2b848477fa2a4787ba9adf39a41?s=96&d=mm&r=g\",\"url\":\"https:\\\/\\\/secure.gravatar.com\\\/avatar\\\/c7164ed6fdec453195284ad24a5ae5b6e1eed2b848477fa2a4787ba9adf39a41?s=96&d=mm&r=g\",\"contentUrl\":\"https:\\\/\\\/secure.gravatar.com\\\/avatar\\\/c7164ed6fdec453195284ad24a5ae5b6e1eed2b848477fa2a4787ba9adf39a41?s=96&d=mm&r=g\",\"caption\":\"Redacci\u00f3n QP\"},\"url\":\"https:\\\/\\\/quehacerpolitico.mx\\\/?author=2\"}]}<\/script>\n<!-- \/ Yoast SEO plugin. -->","yoast_head_json":{"title":"Arjona deja los escenarios por problemas de salud -","robots":{"index":"index","follow":"follow","max-snippet":"max-snippet:-1","max-image-preview":"max-image-preview:large","max-video-preview":"max-video-preview:-1"},"canonical":"https:\/\/quehacerpolitico.mx\/?p=107048","og_locale":"es_MX","og_type":"article","og_title":"Arjona deja los escenarios por problemas de salud -","og_description":"Por Redacci\u00f3n QP Problemas con su salud orillan a Arjona al retiro temporal El cantante...","og_url":"https:\/\/quehacerpolitico.mx\/?p=107048","article_published_time":"2023-12-12T18:46:17+00:00","article_modified_time":"2023-12-12T18:46:20+00:00","og_image":[{"width":1284,"height":734,"url":"https:\/\/quehacerpolitico.mx\/wp-content\/uploads\/2023\/12\/IMG_2578.jpeg","type":"image\/jpeg"}],"author":"Redacci\u00f3n QP","twitter_card":"summary_large_image","twitter_misc":{"Escrito por":"Redacci\u00f3n QP","Tiempo de lectura":"1 minuto"},"schema":{"@context":"https:\/\/schema.org","@graph":[{"@type":"Article","@id":"https:\/\/quehacerpolitico.mx\/?p=107048#article","isPartOf":{"@id":"https:\/\/quehacerpolitico.mx\/?p=107048"},"author":{"name":"Redacci\u00f3n QP","@id":"https:\/\/quehacerpolitico.mx\/#\/schema\/person\/496d8ad2d1d3f8036101dca7ee39e585"},"headline":"Arjona deja los escenarios por problemas de salud","datePublished":"2023-12-12T18:46:17+00:00","dateModified":"2023-12-12T18:46:20+00:00","mainEntityOfPage":{"@id":"https:\/\/quehacerpolitico.mx\/?p=107048"},"wordCount":244,"commentCount":0,"image":{"@id":"https:\/\/quehacerpolitico.mx\/?p=107048#primaryimage"},"thumbnailUrl":"https:\/\/quehacerpolitico.mx\/wp-content\/uploads\/2023\/12\/IMG_2578.jpeg","articleSection":["Cultura y Entretenimiento"],"inLanguage":"es","potentialAction":[{"@type":"CommentAction","name":"Comment","target":["https:\/\/quehacerpolitico.mx\/?p=107048#respond"]}]},{"@type":"WebPage","@id":"https:\/\/quehacerpolitico.mx\/?p=107048","url":"https:\/\/quehacerpolitico.mx\/?p=107048","name":"Arjona deja los escenarios por problemas de salud -","isPartOf":{"@id":"https:\/\/quehacerpolitico.mx\/#website"},"primaryImageOfPage":{"@id":"https:\/\/quehacerpolitico.mx\/?p=107048#primaryimage"},"image":{"@id":"https:\/\/quehacerpolitico.mx\/?p=107048#primaryimage"},"thumbnailUrl":"https:\/\/quehacerpolitico.mx\/wp-content\/uploads\/2023\/12\/IMG_2578.jpeg","datePublished":"2023-12-12T18:46:17+00:00","dateModified":"2023-12-12T18:46:20+00:00","author":{"@id":"https:\/\/quehacerpolitico.mx\/#\/schema\/person\/496d8ad2d1d3f8036101dca7ee39e585"},"breadcrumb":{"@id":"https:\/\/quehacerpolitico.mx\/?p=107048#breadcrumb"},"inLanguage":"es","potentialAction":[{"@type":"ReadAction","target":["https:\/\/quehacerpolitico.mx\/?p=107048"]}]},{"@type":"ImageObject","inLanguage":"es","@id":"https:\/\/quehacerpolitico.mx\/?p=107048#primaryimage","url":"https:\/\/quehacerpolitico.mx\/wp-content\/uploads\/2023\/12\/IMG_2578.jpeg","contentUrl":"https:\/\/quehacerpolitico.mx\/wp-content\/uploads\/2023\/12\/IMG_2578.jpeg","width":1284,"height":734},{"@type":"BreadcrumbList","@id":"https:\/\/quehacerpolitico.mx\/?p=107048#breadcrumb","itemListElement":[{"@type":"ListItem","position":1,"name":"Inicio","item":"https:\/\/quehacerpolitico.mx\/"},{"@type":"ListItem","position":2,"name":"Arjona deja los escenarios por problemas de salud"}]},{"@type":"WebSite","@id":"https:\/\/quehacerpolitico.mx\/#website","url":"https:\/\/quehacerpolitico.mx\/","name":"","description":"","potentialAction":[{"@type":"SearchAction","target":{"@type":"EntryPoint","urlTemplate":"https:\/\/quehacerpolitico.mx\/?s={search_term_string}"},"query-input":{"@type":"PropertyValueSpecification","valueRequired":true,"valueName":"search_term_string"}}],"inLanguage":"es"},{"@type":"Person","@id":"https:\/\/quehacerpolitico.mx\/#\/schema\/person\/496d8ad2d1d3f8036101dca7ee39e585","name":"Redacci\u00f3n QP","image":{"@type":"ImageObject","inLanguage":"es","@id":"https:\/\/secure.gravatar.com\/avatar\/c7164ed6fdec453195284ad24a5ae5b6e1eed2b848477fa2a4787ba9adf39a41?s=96&d=mm&r=g","url":"https:\/\/secure.gravatar.com\/avatar\/c7164ed6fdec453195284ad24a5ae5b6e1eed2b848477fa2a4787ba9adf39a41?s=96&d=mm&r=g","contentUrl":"https:\/\/secure.gravatar.com\/avatar\/c7164ed6fdec453195284ad24a5ae5b6e1eed2b848477fa2a4787ba9adf39a41?s=96&d=mm&r=g","caption":"Redacci\u00f3n QP"},"url":"https:\/\/quehacerpolitico.mx\/?author=2"}]}},"featured_image_urls":{"full":["https:\/\/quehacerpolitico.mx\/wp-content\/uploads\/2023\/12\/IMG_2578.jpeg",1284,734,false],"thumbnail":["https:\/\/quehacerpolitico.mx\/wp-content\/uploads\/2023\/12\/IMG_2578-150x150.jpeg",150,150,true],"medium":["https:\/\/quehacerpolitico.mx\/wp-content\/uploads\/2023\/12\/IMG_2578-300x171.jpeg",300,171,true],"medium_large":["https:\/\/quehacerpolitico.mx\/wp-content\/uploads\/2023\/12\/IMG_2578-768x439.jpeg",640,366,true],"large":["https:\/\/quehacerpolitico.mx\/wp-content\/uploads\/2023\/12\/IMG_2578-1024x585.jpeg",640,366,true],"1536x1536":["https:\/\/quehacerpolitico.mx\/wp-content\/uploads\/2023\/12\/IMG_2578.jpeg",1284,734,false],"2048x2048":["https:\/\/quehacerpolitico.mx\/wp-content\/uploads\/2023\/12\/IMG_2578.jpeg",1284,734,false],"covernews-featured":["https:\/\/quehacerpolitico.mx\/wp-content\/uploads\/2023\/12\/IMG_2578.jpeg",1024,585,false],"covernews-medium":["https:\/\/quehacerpolitico.mx\/wp-content\/uploads\/2023\/12\/IMG_2578.jpeg",540,309,false]},"author_info":{"display_name":"Redacci\u00f3n QP","author_link":"https:\/\/quehacerpolitico.mx\/?author=2"},"category_info":"<a href=\"https:\/\/quehacerpolitico.mx\/?cat=58\" rel=\"category\">Cultura y Entretenimiento<\/a>","tag_info":"Cultura y Entretenimiento","comment_count":"0","_links":{"self":[{"href":"https:\/\/quehacerpolitico.mx\/index.php?rest_route=\/wp\/v2\/posts\/107048","targetHints":{"allow":["GET"]}}],"collection":[{"href":"https:\/\/quehacerpolitico.mx\/index.php?rest_route=\/wp\/v2\/posts"}],"about":[{"href":"https:\/\/quehacerpolitico.mx\/index.php?rest_route=\/wp\/v2\/types\/post"}],"author":[{"embeddable":true,"href":"https:\/\/quehacerpolitico.mx\/index.php?rest_route=\/wp\/v2\/users\/2"}],"replies":[{"embeddable":true,"href":"https:\/\/quehacerpolitico.mx\/index.php?rest_route=%2Fwp%2Fv2%2Fcomments&post=107048"}],"version-history":[{"count":1,"href":"https:\/\/quehacerpolitico.mx\/index.php?rest_route=\/wp\/v2\/posts\/107048\/revisions"}],"predecessor-version":[{"id":107054,"href":"https:\/\/quehacerpolitico.mx\/index.php?rest_route=\/wp\/v2\/posts\/107048\/revisions\/107054"}],"wp:featuredmedia":[{"embeddable":true,"href":"https:\/\/quehacerpolitico.mx\/index.php?rest_route=\/wp\/v2\/media\/107053"}],"wp:attachment":[{"href":"https:\/\/quehacerpolitico.mx\/index.php?rest_route=%2Fwp%2Fv2%2Fmedia&parent=107048"}],"wp:term":[{"taxonomy":"category","embeddable":true,"href":"https:\/\/quehacerpolitico.mx\/index.php?rest_route=%2Fwp%2Fv2%2Fcategories&post=107048"},{"taxonomy":"post_tag","embeddable":true,"href":"https:\/\/quehacerpolitico.mx\/index.php?rest_route=%2Fwp%2Fv2%2Ftags&post=107048"}],"curies":[{"name":"wp","href":"https:\/\/api.w.org\/{rel}","templated":true}]}}