{"id":107041,"date":"2023-12-12T18:19:03","date_gmt":"2023-12-12T18:19:03","guid":{"rendered":"https:\/\/quehacerpolitico.mx\/?p=107041"},"modified":"2023-12-12T18:19:08","modified_gmt":"2023-12-12T18:19:08","slug":"micro-sismos-ponen-a-temblar-a-la-cdmx","status":"publish","type":"post","link":"https:\/\/quehacerpolitico.mx\/?p=107041","title":{"rendered":"Micro sismos ponen a temblar a la CDMX"},"content":{"rendered":"\n<p>Por Redacci\u00f3n QP<\/p>\n\n\n\n<p>Esto explica la plataforma Sassla despu\u00e9s de los movimientos tel\u00faricos de hoy 12 de diciembre<\/p>\n\n\n\n<p>Tres\u00a0sismos sacudieron este 12 de diciembre la\u00a0Ciudad de M\u00e9xico <\/p>\n\n\n\n<p>Despu\u00e9s de que algunas plataformas informaran de que se percib\u00eda un temblor en la capital del pa\u00eds, el\u00a0Instituto de Investigaciones Geol\u00f3gicas y Atmosf\u00e9ricas inform\u00f3 que fueron tres microsismos los que se percibieron hoy.<\/p>\n\n\n\n<figure class=\"wp-block-embed is-type-video is-provider-youtube wp-block-embed-youtube wp-embed-aspect-16-9 wp-has-aspect-ratio\"><div class=\"wp-block-embed__wrapper\">\n<iframe loading=\"lazy\" title=\"Se registra sismo en la CDMX\" width=\"640\" height=\"360\" src=\"https:\/\/www.youtube.com\/embed\/bWBAoCmls6w?feature=oembed\" frameborder=\"0\" allow=\"accelerometer; autoplay; clipboard-write; encrypted-media; gyroscope; picture-in-picture; web-share\" referrerpolicy=\"strict-origin-when-cross-origin\" allowfullscreen><\/iframe>\n<\/div><\/figure>\n\n\n\n<p>El primero, de magnitud 1.8, con epicentro en Coyoac\u00e1n, a una profundidad de 2 km; el segundo, de 2.3, a una profundidad de 1 km; y el \u00faltimo, de 2.9, a 2 km de profundidad, con epicentro en Mixcoac.<\/p>\n\n\n\n<figure class=\"wp-block-embed is-type-rich is-provider-twitter wp-block-embed-twitter\"><div class=\"wp-block-embed__wrapper\">\n<blockquote class=\"twitter-tweet\" data-width=\"550\" data-dnt=\"true\"><p lang=\"es\" dir=\"ltr\">Sismo IMPERCEPTIBLE en la Bas\u00edlica de Guadalupe, tampoco sonaron las alertas. <br><br>La celebraci\u00f3n a la Virgen no se interrumpi\u00f3 <a href=\"https:\/\/twitter.com\/adn40?ref_src=twsrc%5Etfw\">@adn40<\/a> <a href=\"https:\/\/t.co\/5HEUH5ReLL\">pic.twitter.com\/5HEUH5ReLL<\/a><\/p>&mdash; Sarahi Uribe (@SarahiUribeG) <a href=\"https:\/\/twitter.com\/SarahiUribeG\/status\/1734625311340339301?ref_src=twsrc%5Etfw\">December 12, 2023<\/a><\/blockquote><script async src=\"https:\/\/platform.twitter.com\/widgets.js\" charset=\"utf-8\"><\/script>\n<\/div><\/figure>\n\n\n\n<figure class=\"wp-block-embed is-type-rich is-provider-twitter wp-block-embed-twitter\"><div class=\"wp-block-embed__wrapper\">\n<blockquote class=\"twitter-tweet\" data-width=\"550\" data-dnt=\"true\"><p lang=\"es\" dir=\"ltr\">\ud83d\udea8 <a href=\"https:\/\/twitter.com\/hashtag\/%C3%9AltimaHora?src=hash&amp;ref_src=twsrc%5Etfw\">#\u00daltimaHora<\/a> Se percibe sismo en Ciudad de M\u00e9xico <a href=\"https:\/\/t.co\/s1gVEGJT87\">pic.twitter.com\/s1gVEGJT87<\/a><\/p>&mdash; Manuel Lopez San Martin (@MLopezSanMartin) <a href=\"https:\/\/twitter.com\/MLopezSanMartin\/status\/1734623957007896941?ref_src=twsrc%5Etfw\">December 12, 2023<\/a><\/blockquote><script async src=\"https:\/\/platform.twitter.com\/widgets.js\" charset=\"utf-8\"><\/script>\n<\/div><\/figure>\n\n\n\n<p>Luego, el Servicio Sismol\u00f3gico Nacional\u00a0(SSN) confirm\u00f3 los sismos, aunque ajust\u00f3 a\u00a0<strong>2.8 y 3.0 los dos \u00faltimos, con epicentro en la alcald\u00eda \u00c1lvaro Obreg\u00f3n.<\/strong><\/p>\n\n\n\n<figure class=\"wp-block-image size-full\"><img loading=\"lazy\" decoding=\"async\" width=\"533\" height=\"412\" src=\"https:\/\/quehacerpolitico.mx\/wp-content\/uploads\/2023\/12\/image.png\" alt=\"\" class=\"wp-image-107044\" srcset=\"https:\/\/quehacerpolitico.mx\/wp-content\/uploads\/2023\/12\/image.png 533w, https:\/\/quehacerpolitico.mx\/wp-content\/uploads\/2023\/12\/image-300x232.png 300w, https:\/\/quehacerpolitico.mx\/wp-content\/uploads\/2023\/12\/image-189x146.png 189w, https:\/\/quehacerpolitico.mx\/wp-content\/uploads\/2023\/12\/image-50x39.png 50w, https:\/\/quehacerpolitico.mx\/wp-content\/uploads\/2023\/12\/image-97x75.png 97w\" sizes=\"auto, (max-width: 533px) 100vw, 533px\" \/><\/figure>\n\n\n\n<h2 class=\"wp-block-heading\">\u00bfPor qu\u00e9 no se activ\u00f3 la alerta s\u00edsmica hoy 12 de diciembre?<\/h2>\n\n\n\n<p>En sus redes sociales, la plataforma\u00a0@SasslaMx dio a conocer que la alerta s\u00edsmica no se activa en este tipo de temblores, ya que se trat\u00f3 de microsismos; adem\u00e1s, porque los fen\u00f3menos\u00a0deben tener m\u00ednimo una magnitud de 5.0, y su radio de percepci\u00f3n es muy reducido, adem\u00e1s de que tienen una duraci\u00f3n de poco m\u00e1s de 3 a 5 segundos.<\/p>\n\n\n\n<figure class=\"wp-block-image size-full\"><img loading=\"lazy\" decoding=\"async\" width=\"568\" height=\"171\" src=\"https:\/\/quehacerpolitico.mx\/wp-content\/uploads\/2023\/12\/image-20.jpeg\" alt=\"\" class=\"wp-image-107043\" srcset=\"https:\/\/quehacerpolitico.mx\/wp-content\/uploads\/2023\/12\/image-20.jpeg 568w, https:\/\/quehacerpolitico.mx\/wp-content\/uploads\/2023\/12\/image-20-300x90.jpeg 300w, https:\/\/quehacerpolitico.mx\/wp-content\/uploads\/2023\/12\/image-20-260x78.jpeg 260w, https:\/\/quehacerpolitico.mx\/wp-content\/uploads\/2023\/12\/image-20-50x15.jpeg 50w, https:\/\/quehacerpolitico.mx\/wp-content\/uploads\/2023\/12\/image-20-150x45.jpeg 150w\" sizes=\"auto, (max-width: 568px) 100vw, 568px\" \/><\/figure>\n\n\n\n<p>Por su parte, la\u00a0Coordinaci\u00f3n Nacional de Protecci\u00f3n Civil detalla que los sismos de la CDMX no se alertan debido a que tienen epicentro local, y\u00a0<strong>porque est\u00e1n fuera de la cobertura del Sistema de Alerta S\u00edsmica Mexicano (Sasmex).<\/strong><\/p>\n\n\n\n<figure class=\"wp-block-image size-full\"><img loading=\"lazy\" decoding=\"async\" width=\"603\" height=\"176\" src=\"https:\/\/quehacerpolitico.mx\/wp-content\/uploads\/2023\/12\/image-21.jpeg\" alt=\"\" class=\"wp-image-107046\" srcset=\"https:\/\/quehacerpolitico.mx\/wp-content\/uploads\/2023\/12\/image-21.jpeg 603w, https:\/\/quehacerpolitico.mx\/wp-content\/uploads\/2023\/12\/image-21-300x88.jpeg 300w, https:\/\/quehacerpolitico.mx\/wp-content\/uploads\/2023\/12\/image-21-260x76.jpeg 260w, https:\/\/quehacerpolitico.mx\/wp-content\/uploads\/2023\/12\/image-21-50x15.jpeg 50w, https:\/\/quehacerpolitico.mx\/wp-content\/uploads\/2023\/12\/image-21-150x44.jpeg 150w\" sizes=\"auto, (max-width: 603px) 100vw, 603px\" \/><\/figure>\n\n\n\n<figure class=\"wp-block-image size-full\"><img loading=\"lazy\" decoding=\"async\" width=\"539\" height=\"174\" src=\"https:\/\/quehacerpolitico.mx\/wp-content\/uploads\/2023\/12\/image-1.png\" alt=\"\" class=\"wp-image-107045\" srcset=\"https:\/\/quehacerpolitico.mx\/wp-content\/uploads\/2023\/12\/image-1.png 539w, https:\/\/quehacerpolitico.mx\/wp-content\/uploads\/2023\/12\/image-1-300x97.png 300w, https:\/\/quehacerpolitico.mx\/wp-content\/uploads\/2023\/12\/image-1-260x84.png 260w, https:\/\/quehacerpolitico.mx\/wp-content\/uploads\/2023\/12\/image-1-50x16.png 50w, https:\/\/quehacerpolitico.mx\/wp-content\/uploads\/2023\/12\/image-1-150x48.png 150w\" sizes=\"auto, (max-width: 539px) 100vw, 539px\" \/><\/figure>\n\n\n\n<figure class=\"wp-block-embed is-type-rich is-provider-twitter wp-block-embed-twitter\"><div class=\"wp-block-embed__wrapper\">\n<blockquote class=\"twitter-tweet\" data-width=\"550\" data-dnt=\"true\"><p lang=\"es\" dir=\"ltr\">Continuamos recibiendo informaci\u00f3n de las Unidades de Gesti\u00f3n Integral de Riesgos y Protecci\u00f3n Civil de las Alcald\u00edas; al momento, no tenemos reporte de afectaciones. Permanecemos atentos.<\/p>&mdash; urzua_venegas (@VenegasUrzua) <a href=\"https:\/\/twitter.com\/VenegasUrzua\/status\/1734624002235126199?ref_src=twsrc%5Etfw\">December 12, 2023<\/a><\/blockquote><script async src=\"https:\/\/platform.twitter.com\/widgets.js\" charset=\"utf-8\"><\/script>\n<\/div><\/figure>\n","protected":false},"excerpt":{"rendered":"<p>Por Redacci\u00f3n QP Esto explica la plataforma Sassla despu\u00e9s de los movimientos tel\u00faricos de hoy&#8230;<\/p>\n","protected":false},"author":2,"featured_media":107042,"comment_status":"open","ping_status":"open","sticky":false,"template":"","format":"standard","meta":{"_monsterinsights_skip_tracking":false,"_monsterinsights_sitenote_active":false,"_monsterinsights_sitenote_note":"","_monsterinsights_sitenote_category":0,"footnotes":""},"categories":[55],"tags":[],"class_list":["post-107041","post","type-post","status-publish","format-standard","has-post-thumbnail","hentry","category-cdmx"],"yoast_head":"<!-- This site is optimized with the Yoast SEO plugin v27.3 - https:\/\/yoast.com\/product\/yoast-seo-wordpress\/ -->\n<title>Micro sismos ponen a temblar a la CDMX -<\/title>\n<meta name=\"robots\" content=\"index, follow, max-snippet:-1, max-image-preview:large, max-video-preview:-1\" \/>\n<link rel=\"canonical\" href=\"https:\/\/quehacerpolitico.mx\/?p=107041\" \/>\n<meta property=\"og:locale\" content=\"es_MX\" \/>\n<meta property=\"og:type\" content=\"article\" \/>\n<meta property=\"og:title\" content=\"Micro sismos ponen a temblar a la CDMX -\" \/>\n<meta property=\"og:description\" content=\"Por Redacci\u00f3n QP Esto explica la plataforma Sassla despu\u00e9s de los movimientos tel\u00faricos de hoy...\" \/>\n<meta property=\"og:url\" content=\"https:\/\/quehacerpolitico.mx\/?p=107041\" \/>\n<meta property=\"article:published_time\" content=\"2023-12-12T18:19:03+00:00\" \/>\n<meta property=\"article:modified_time\" content=\"2023-12-12T18:19:08+00:00\" \/>\n<meta property=\"og:image\" content=\"https:\/\/quehacerpolitico.mx\/wp-content\/uploads\/2023\/12\/IMG_2566.jpeg\" \/>\n\t<meta property=\"og:image:width\" content=\"1124\" \/>\n\t<meta property=\"og:image:height\" content=\"703\" \/>\n\t<meta property=\"og:image:type\" content=\"image\/jpeg\" \/>\n<meta name=\"author\" content=\"Redacci\u00f3n QP\" \/>\n<meta name=\"twitter:card\" content=\"summary_large_image\" \/>\n<meta name=\"twitter:label1\" content=\"Escrito por\" \/>\n\t<meta name=\"twitter:data1\" content=\"Redacci\u00f3n QP\" \/>\n\t<meta name=\"twitter:label2\" content=\"Tiempo de lectura\" \/>\n\t<meta name=\"twitter:data2\" content=\"1 minuto\" \/>\n<script type=\"application\/ld+json\" class=\"yoast-schema-graph\">{\"@context\":\"https:\\\/\\\/schema.org\",\"@graph\":[{\"@type\":\"Article\",\"@id\":\"https:\\\/\\\/quehacerpolitico.mx\\\/?p=107041#article\",\"isPartOf\":{\"@id\":\"https:\\\/\\\/quehacerpolitico.mx\\\/?p=107041\"},\"author\":{\"name\":\"Redacci\u00f3n QP\",\"@id\":\"https:\\\/\\\/quehacerpolitico.mx\\\/#\\\/schema\\\/person\\\/496d8ad2d1d3f8036101dca7ee39e585\"},\"headline\":\"Micro sismos ponen a temblar a la CDMX\",\"datePublished\":\"2023-12-12T18:19:03+00:00\",\"dateModified\":\"2023-12-12T18:19:08+00:00\",\"mainEntityOfPage\":{\"@id\":\"https:\\\/\\\/quehacerpolitico.mx\\\/?p=107041\"},\"wordCount\":303,\"commentCount\":0,\"image\":{\"@id\":\"https:\\\/\\\/quehacerpolitico.mx\\\/?p=107041#primaryimage\"},\"thumbnailUrl\":\"https:\\\/\\\/quehacerpolitico.mx\\\/wp-content\\\/uploads\\\/2023\\\/12\\\/IMG_2566.jpeg\",\"articleSection\":[\"CDMX\"],\"inLanguage\":\"es\",\"potentialAction\":[{\"@type\":\"CommentAction\",\"name\":\"Comment\",\"target\":[\"https:\\\/\\\/quehacerpolitico.mx\\\/?p=107041#respond\"]}]},{\"@type\":\"WebPage\",\"@id\":\"https:\\\/\\\/quehacerpolitico.mx\\\/?p=107041\",\"url\":\"https:\\\/\\\/quehacerpolitico.mx\\\/?p=107041\",\"name\":\"Micro sismos ponen a temblar a la CDMX -\",\"isPartOf\":{\"@id\":\"https:\\\/\\\/quehacerpolitico.mx\\\/#website\"},\"primaryImageOfPage\":{\"@id\":\"https:\\\/\\\/quehacerpolitico.mx\\\/?p=107041#primaryimage\"},\"image\":{\"@id\":\"https:\\\/\\\/quehacerpolitico.mx\\\/?p=107041#primaryimage\"},\"thumbnailUrl\":\"https:\\\/\\\/quehacerpolitico.mx\\\/wp-content\\\/uploads\\\/2023\\\/12\\\/IMG_2566.jpeg\",\"datePublished\":\"2023-12-12T18:19:03+00:00\",\"dateModified\":\"2023-12-12T18:19:08+00:00\",\"author\":{\"@id\":\"https:\\\/\\\/quehacerpolitico.mx\\\/#\\\/schema\\\/person\\\/496d8ad2d1d3f8036101dca7ee39e585\"},\"breadcrumb\":{\"@id\":\"https:\\\/\\\/quehacerpolitico.mx\\\/?p=107041#breadcrumb\"},\"inLanguage\":\"es\",\"potentialAction\":[{\"@type\":\"ReadAction\",\"target\":[\"https:\\\/\\\/quehacerpolitico.mx\\\/?p=107041\"]}]},{\"@type\":\"ImageObject\",\"inLanguage\":\"es\",\"@id\":\"https:\\\/\\\/quehacerpolitico.mx\\\/?p=107041#primaryimage\",\"url\":\"https:\\\/\\\/quehacerpolitico.mx\\\/wp-content\\\/uploads\\\/2023\\\/12\\\/IMG_2566.jpeg\",\"contentUrl\":\"https:\\\/\\\/quehacerpolitico.mx\\\/wp-content\\\/uploads\\\/2023\\\/12\\\/IMG_2566.jpeg\",\"width\":1124,\"height\":703},{\"@type\":\"BreadcrumbList\",\"@id\":\"https:\\\/\\\/quehacerpolitico.mx\\\/?p=107041#breadcrumb\",\"itemListElement\":[{\"@type\":\"ListItem\",\"position\":1,\"name\":\"Inicio\",\"item\":\"https:\\\/\\\/quehacerpolitico.mx\\\/\"},{\"@type\":\"ListItem\",\"position\":2,\"name\":\"Micro sismos ponen a temblar a la CDMX\"}]},{\"@type\":\"WebSite\",\"@id\":\"https:\\\/\\\/quehacerpolitico.mx\\\/#website\",\"url\":\"https:\\\/\\\/quehacerpolitico.mx\\\/\",\"name\":\"\",\"description\":\"\",\"potentialAction\":[{\"@type\":\"SearchAction\",\"target\":{\"@type\":\"EntryPoint\",\"urlTemplate\":\"https:\\\/\\\/quehacerpolitico.mx\\\/?s={search_term_string}\"},\"query-input\":{\"@type\":\"PropertyValueSpecification\",\"valueRequired\":true,\"valueName\":\"search_term_string\"}}],\"inLanguage\":\"es\"},{\"@type\":\"Person\",\"@id\":\"https:\\\/\\\/quehacerpolitico.mx\\\/#\\\/schema\\\/person\\\/496d8ad2d1d3f8036101dca7ee39e585\",\"name\":\"Redacci\u00f3n QP\",\"image\":{\"@type\":\"ImageObject\",\"inLanguage\":\"es\",\"@id\":\"https:\\\/\\\/secure.gravatar.com\\\/avatar\\\/c7164ed6fdec453195284ad24a5ae5b6e1eed2b848477fa2a4787ba9adf39a41?s=96&d=mm&r=g\",\"url\":\"https:\\\/\\\/secure.gravatar.com\\\/avatar\\\/c7164ed6fdec453195284ad24a5ae5b6e1eed2b848477fa2a4787ba9adf39a41?s=96&d=mm&r=g\",\"contentUrl\":\"https:\\\/\\\/secure.gravatar.com\\\/avatar\\\/c7164ed6fdec453195284ad24a5ae5b6e1eed2b848477fa2a4787ba9adf39a41?s=96&d=mm&r=g\",\"caption\":\"Redacci\u00f3n QP\"},\"url\":\"https:\\\/\\\/quehacerpolitico.mx\\\/?author=2\"}]}<\/script>\n<!-- \/ Yoast SEO plugin. -->","yoast_head_json":{"title":"Micro sismos ponen a temblar a la CDMX -","robots":{"index":"index","follow":"follow","max-snippet":"max-snippet:-1","max-image-preview":"max-image-preview:large","max-video-preview":"max-video-preview:-1"},"canonical":"https:\/\/quehacerpolitico.mx\/?p=107041","og_locale":"es_MX","og_type":"article","og_title":"Micro sismos ponen a temblar a la CDMX -","og_description":"Por Redacci\u00f3n QP Esto explica la plataforma Sassla despu\u00e9s de los movimientos tel\u00faricos de hoy...","og_url":"https:\/\/quehacerpolitico.mx\/?p=107041","article_published_time":"2023-12-12T18:19:03+00:00","article_modified_time":"2023-12-12T18:19:08+00:00","og_image":[{"width":1124,"height":703,"url":"https:\/\/quehacerpolitico.mx\/wp-content\/uploads\/2023\/12\/IMG_2566.jpeg","type":"image\/jpeg"}],"author":"Redacci\u00f3n QP","twitter_card":"summary_large_image","twitter_misc":{"Escrito por":"Redacci\u00f3n QP","Tiempo de lectura":"1 minuto"},"schema":{"@context":"https:\/\/schema.org","@graph":[{"@type":"Article","@id":"https:\/\/quehacerpolitico.mx\/?p=107041#article","isPartOf":{"@id":"https:\/\/quehacerpolitico.mx\/?p=107041"},"author":{"name":"Redacci\u00f3n QP","@id":"https:\/\/quehacerpolitico.mx\/#\/schema\/person\/496d8ad2d1d3f8036101dca7ee39e585"},"headline":"Micro sismos ponen a temblar a la CDMX","datePublished":"2023-12-12T18:19:03+00:00","dateModified":"2023-12-12T18:19:08+00:00","mainEntityOfPage":{"@id":"https:\/\/quehacerpolitico.mx\/?p=107041"},"wordCount":303,"commentCount":0,"image":{"@id":"https:\/\/quehacerpolitico.mx\/?p=107041#primaryimage"},"thumbnailUrl":"https:\/\/quehacerpolitico.mx\/wp-content\/uploads\/2023\/12\/IMG_2566.jpeg","articleSection":["CDMX"],"inLanguage":"es","potentialAction":[{"@type":"CommentAction","name":"Comment","target":["https:\/\/quehacerpolitico.mx\/?p=107041#respond"]}]},{"@type":"WebPage","@id":"https:\/\/quehacerpolitico.mx\/?p=107041","url":"https:\/\/quehacerpolitico.mx\/?p=107041","name":"Micro sismos ponen a temblar a la CDMX -","isPartOf":{"@id":"https:\/\/quehacerpolitico.mx\/#website"},"primaryImageOfPage":{"@id":"https:\/\/quehacerpolitico.mx\/?p=107041#primaryimage"},"image":{"@id":"https:\/\/quehacerpolitico.mx\/?p=107041#primaryimage"},"thumbnailUrl":"https:\/\/quehacerpolitico.mx\/wp-content\/uploads\/2023\/12\/IMG_2566.jpeg","datePublished":"2023-12-12T18:19:03+00:00","dateModified":"2023-12-12T18:19:08+00:00","author":{"@id":"https:\/\/quehacerpolitico.mx\/#\/schema\/person\/496d8ad2d1d3f8036101dca7ee39e585"},"breadcrumb":{"@id":"https:\/\/quehacerpolitico.mx\/?p=107041#breadcrumb"},"inLanguage":"es","potentialAction":[{"@type":"ReadAction","target":["https:\/\/quehacerpolitico.mx\/?p=107041"]}]},{"@type":"ImageObject","inLanguage":"es","@id":"https:\/\/quehacerpolitico.mx\/?p=107041#primaryimage","url":"https:\/\/quehacerpolitico.mx\/wp-content\/uploads\/2023\/12\/IMG_2566.jpeg","contentUrl":"https:\/\/quehacerpolitico.mx\/wp-content\/uploads\/2023\/12\/IMG_2566.jpeg","width":1124,"height":703},{"@type":"BreadcrumbList","@id":"https:\/\/quehacerpolitico.mx\/?p=107041#breadcrumb","itemListElement":[{"@type":"ListItem","position":1,"name":"Inicio","item":"https:\/\/quehacerpolitico.mx\/"},{"@type":"ListItem","position":2,"name":"Micro sismos ponen a temblar a la CDMX"}]},{"@type":"WebSite","@id":"https:\/\/quehacerpolitico.mx\/#website","url":"https:\/\/quehacerpolitico.mx\/","name":"","description":"","potentialAction":[{"@type":"SearchAction","target":{"@type":"EntryPoint","urlTemplate":"https:\/\/quehacerpolitico.mx\/?s={search_term_string}"},"query-input":{"@type":"PropertyValueSpecification","valueRequired":true,"valueName":"search_term_string"}}],"inLanguage":"es"},{"@type":"Person","@id":"https:\/\/quehacerpolitico.mx\/#\/schema\/person\/496d8ad2d1d3f8036101dca7ee39e585","name":"Redacci\u00f3n QP","image":{"@type":"ImageObject","inLanguage":"es","@id":"https:\/\/secure.gravatar.com\/avatar\/c7164ed6fdec453195284ad24a5ae5b6e1eed2b848477fa2a4787ba9adf39a41?s=96&d=mm&r=g","url":"https:\/\/secure.gravatar.com\/avatar\/c7164ed6fdec453195284ad24a5ae5b6e1eed2b848477fa2a4787ba9adf39a41?s=96&d=mm&r=g","contentUrl":"https:\/\/secure.gravatar.com\/avatar\/c7164ed6fdec453195284ad24a5ae5b6e1eed2b848477fa2a4787ba9adf39a41?s=96&d=mm&r=g","caption":"Redacci\u00f3n QP"},"url":"https:\/\/quehacerpolitico.mx\/?author=2"}]}},"featured_image_urls":{"full":["https:\/\/quehacerpolitico.mx\/wp-content\/uploads\/2023\/12\/IMG_2566.jpeg",1124,703,false],"thumbnail":["https:\/\/quehacerpolitico.mx\/wp-content\/uploads\/2023\/12\/IMG_2566-150x150.jpeg",150,150,true],"medium":["https:\/\/quehacerpolitico.mx\/wp-content\/uploads\/2023\/12\/IMG_2566-300x188.jpeg",300,188,true],"medium_large":["https:\/\/quehacerpolitico.mx\/wp-content\/uploads\/2023\/12\/IMG_2566-768x480.jpeg",640,400,true],"large":["https:\/\/quehacerpolitico.mx\/wp-content\/uploads\/2023\/12\/IMG_2566-1024x640.jpeg",640,400,true],"1536x1536":["https:\/\/quehacerpolitico.mx\/wp-content\/uploads\/2023\/12\/IMG_2566.jpeg",1124,703,false],"2048x2048":["https:\/\/quehacerpolitico.mx\/wp-content\/uploads\/2023\/12\/IMG_2566.jpeg",1124,703,false],"covernews-featured":["https:\/\/quehacerpolitico.mx\/wp-content\/uploads\/2023\/12\/IMG_2566.jpeg",1024,640,false],"covernews-medium":["https:\/\/quehacerpolitico.mx\/wp-content\/uploads\/2023\/12\/IMG_2566.jpeg",540,338,false]},"author_info":{"display_name":"Redacci\u00f3n QP","author_link":"https:\/\/quehacerpolitico.mx\/?author=2"},"category_info":"<a href=\"https:\/\/quehacerpolitico.mx\/?cat=55\" rel=\"category\">CDMX<\/a>","tag_info":"CDMX","comment_count":"0","_links":{"self":[{"href":"https:\/\/quehacerpolitico.mx\/index.php?rest_route=\/wp\/v2\/posts\/107041","targetHints":{"allow":["GET"]}}],"collection":[{"href":"https:\/\/quehacerpolitico.mx\/index.php?rest_route=\/wp\/v2\/posts"}],"about":[{"href":"https:\/\/quehacerpolitico.mx\/index.php?rest_route=\/wp\/v2\/types\/post"}],"author":[{"embeddable":true,"href":"https:\/\/quehacerpolitico.mx\/index.php?rest_route=\/wp\/v2\/users\/2"}],"replies":[{"embeddable":true,"href":"https:\/\/quehacerpolitico.mx\/index.php?rest_route=%2Fwp%2Fv2%2Fcomments&post=107041"}],"version-history":[{"count":1,"href":"https:\/\/quehacerpolitico.mx\/index.php?rest_route=\/wp\/v2\/posts\/107041\/revisions"}],"predecessor-version":[{"id":107047,"href":"https:\/\/quehacerpolitico.mx\/index.php?rest_route=\/wp\/v2\/posts\/107041\/revisions\/107047"}],"wp:featuredmedia":[{"embeddable":true,"href":"https:\/\/quehacerpolitico.mx\/index.php?rest_route=\/wp\/v2\/media\/107042"}],"wp:attachment":[{"href":"https:\/\/quehacerpolitico.mx\/index.php?rest_route=%2Fwp%2Fv2%2Fmedia&parent=107041"}],"wp:term":[{"taxonomy":"category","embeddable":true,"href":"https:\/\/quehacerpolitico.mx\/index.php?rest_route=%2Fwp%2Fv2%2Fcategories&post=107041"},{"taxonomy":"post_tag","embeddable":true,"href":"https:\/\/quehacerpolitico.mx\/index.php?rest_route=%2Fwp%2Fv2%2Ftags&post=107041"}],"curies":[{"name":"wp","href":"https:\/\/api.w.org\/{rel}","templated":true}]}}