{"id":107038,"date":"2023-12-12T17:55:00","date_gmt":"2023-12-12T17:55:00","guid":{"rendered":"https:\/\/quehacerpolitico.mx\/?p=107038"},"modified":"2023-12-12T17:55:03","modified_gmt":"2023-12-12T17:55:03","slug":"instan-instituciones-a-defender-al-inai-tras-amago-de-amlo-de-desaparecerlo-el-derecho-a-la-informacion-esta-en-riesgo","status":"publish","type":"post","link":"https:\/\/quehacerpolitico.mx\/?p=107038","title":{"rendered":"Instan instituciones a defender al INAI tras amago de AMLO de desaparecerlo: \u201cEl derecho a la informaci\u00f3n est\u00e1 en riesgo\u201d"},"content":{"rendered":"\n<p>Por Redacci\u00f3n QP<\/p>\n\n\n\n<p>El Instituto Nacional de Transparencia, Acceso a la Informaci\u00f3n y Protecci\u00f3n de Datos Personales (<strong>INAI<\/strong>) y diversas organizaciones de la<strong>&nbsp;sociedad civil<\/strong>&nbsp;llamaron a defender al organismo ante el anuncio del presidente Andr\u00e9s Manuel L\u00f3pez Obrador de proponer&nbsp;<strong>desaparecerlo<\/strong>.<\/p>\n\n\n\n<p>\u201cQue la defensa del\u00a0<strong>INAI<\/strong>\u00a0se oiga ante esta declaraci\u00f3n y, tambi\u00e9n, que defendamos con hechos. Ser\u00e1 muy importante que las reflexiones de este foro-taller lleguen hasta\u00a0<strong>Palacio Nacional<\/strong>\u201d, enfatiz\u00f3 la comisionada Julieta del R\u00edo Venegas, de acuerdo con un comunicado compartido este martes.<\/p>\n\n\n\n<figure class=\"wp-block-embed is-type-video is-provider-youtube wp-block-embed-youtube wp-embed-aspect-16-9 wp-has-aspect-ratio\"><div class=\"wp-block-embed__wrapper\">\n<iframe loading=\"lazy\" title=\"Adri\u00e1n Alcal\u00e1 lament\u00f3 las declaraciones de AMLO: \u201cDebe conocer la importancia del INAI\u201d\" width=\"640\" height=\"360\" src=\"https:\/\/www.youtube.com\/embed\/VQzc3aTBWWU?feature=oembed\" frameborder=\"0\" allow=\"accelerometer; autoplay; clipboard-write; encrypted-media; gyroscope; picture-in-picture; web-share\" referrerpolicy=\"strict-origin-when-cross-origin\" allowfullscreen><\/iframe>\n<\/div><\/figure>\n\n\n\n<p>En tanto, Diego de la Mora Maurer, director de Fundar, consider\u00f3 que el&nbsp;<strong>derecho a la informaci\u00f3n&nbsp;<\/strong>en M\u00e9xico est\u00e1 en riesgo, ya que se pretende desaparecer al INAI, \u201cinstituci\u00f3n que es producto de una lucha de la sociedad civil iniciada hace muchos a\u00f1os\u201d.<\/p>\n\n\n\n<p>Por otra parte, el INAI y las organizaciones urgieron al&nbsp;<strong>Senado<\/strong>&nbsp;de la Rep\u00fablica a hacer las designaciones de los tres&nbsp;<strong>comisionados faltantes.<\/strong><\/p>\n\n\n\n<p>\u201cNos pronunciamos en un llamado respetuoso para que el Senado de la Rep\u00fablica lleve a cabo la designaci\u00f3n de las personas comisionadas que posibiliten la integraci\u00f3n del Pleno del INAI conforme a su&nbsp;<strong>dise\u00f1o constitucional<\/strong>\u201d, pidieron en un pronunciamiento conjunto en conmemoraci\u00f3n del 75 aniversario de la&nbsp;<strong>Declaraci\u00f3n Universal de los Derechos Humanos.<\/strong><\/p>\n\n\n\n<p>Se\u00f1alaron que la situaci\u00f3n actual que enfrenta el&nbsp;<strong>INAI<\/strong>&nbsp;por la ausencia de tres comisionadas compromete los derechos humanos en M\u00e9xico, el equilibrio de poderes y el Estado de Derecho, as\u00ed como aspectos que trascienden a las condiciones y coyunturas pol\u00edticas.<\/p>\n\n\n\n<p>El pronunciamiento fue suscrito por las organizaciones&nbsp;<strong>Fundar<\/strong>, M\u00e9xico Eval\u00faa, Transparencia Mexicana, Social Tic y Mexicanos contra la Corrupci\u00f3n y la Impunidad, as\u00ed como por el Comit\u00e9 de Participaci\u00f3n Ciudadana del Sistema Nacional Anticorrupci\u00f3n.<\/p>\n\n\n\n<p>En octubre, el pleno de la Suprema Corte de Justicia de la Naci\u00f3n (<strong>SCJN<\/strong>) determin\u00f3 obligar al Senado que designe antes de diciembre a tres comisionados para cubrir las vacantes que hay en el&nbsp;<strong>INAI<\/strong>.<\/p>\n\n\n\n<p>Tambi\u00e9n autoriz\u00f3 al organismo a sesionar con cuatro comisionados, con lo que se reactiv\u00f3 tras mantenerse inoperante por cinco meses por falta de&nbsp;<strong>qu\u00f3rum<\/strong>.<\/p>\n\n\n\n<p>Sin embargo, hasta el momento, el\u00a0<strong>Senado<\/strong>\u00a0no ha logrado un consenso para designar a los comisionados faltantes.<\/p>\n\n\n\n<p>En tanto, el pleno del INAI eligi\u00f3 este domingo a&nbsp;<strong>Adri\u00e1n Alcal\u00e1 M\u00e9ndez&nbsp;<\/strong>como el nuevo comisionado presidente del organismo para el periodo 2023-2026.<\/p>\n\n\n\n<p>Por su parte, el presidente Andr\u00e9s Manuel L\u00f3pez Obrador anunci\u00f3 este lunes que enviar\u00e1 al Congreso dos iniciativas de ley antes de que termine su gobierno, una para desaparecer\u00a0<strong>organismos aut\u00f3nomos<\/strong>, como el INAI.<\/p>\n","protected":false},"excerpt":{"rendered":"<p>Por Redacci\u00f3n QP El Instituto Nacional de Transparencia, Acceso a la Informaci\u00f3n y Protecci\u00f3n de&#8230;<\/p>\n","protected":false},"author":2,"featured_media":107039,"comment_status":"open","ping_status":"open","sticky":false,"template":"","format":"standard","meta":{"_monsterinsights_skip_tracking":false,"_monsterinsights_sitenote_active":false,"_monsterinsights_sitenote_note":"","_monsterinsights_sitenote_category":0,"footnotes":""},"categories":[2],"tags":[],"class_list":["post-107038","post","type-post","status-publish","format-standard","has-post-thumbnail","hentry","category-noticias"],"yoast_head":"<!-- This site is optimized with the Yoast SEO plugin v27.3 - https:\/\/yoast.com\/product\/yoast-seo-wordpress\/ -->\n<title>Instan instituciones a defender al INAI tras amago de AMLO de desaparecerlo: \u201cEl derecho a la informaci\u00f3n est\u00e1 en riesgo\u201d -<\/title>\n<meta name=\"robots\" content=\"index, follow, max-snippet:-1, max-image-preview:large, max-video-preview:-1\" \/>\n<link rel=\"canonical\" href=\"https:\/\/quehacerpolitico.mx\/?p=107038\" \/>\n<meta property=\"og:locale\" content=\"es_MX\" \/>\n<meta property=\"og:type\" content=\"article\" \/>\n<meta property=\"og:title\" content=\"Instan instituciones a defender al INAI tras amago de AMLO de desaparecerlo: \u201cEl derecho a la informaci\u00f3n est\u00e1 en riesgo\u201d -\" \/>\n<meta property=\"og:description\" content=\"Por Redacci\u00f3n QP El Instituto Nacional de Transparencia, Acceso a la Informaci\u00f3n y Protecci\u00f3n de...\" \/>\n<meta property=\"og:url\" content=\"https:\/\/quehacerpolitico.mx\/?p=107038\" \/>\n<meta property=\"article:published_time\" content=\"2023-12-12T17:55:00+00:00\" \/>\n<meta property=\"article:modified_time\" content=\"2023-12-12T17:55:03+00:00\" \/>\n<meta property=\"og:image\" content=\"https:\/\/quehacerpolitico.mx\/wp-content\/uploads\/2023\/12\/IMG_2565.jpeg\" \/>\n\t<meta property=\"og:image:width\" content=\"739\" \/>\n\t<meta property=\"og:image:height\" content=\"415\" \/>\n\t<meta property=\"og:image:type\" content=\"image\/jpeg\" \/>\n<meta name=\"author\" content=\"Redacci\u00f3n QP\" \/>\n<meta name=\"twitter:card\" content=\"summary_large_image\" \/>\n<meta name=\"twitter:label1\" content=\"Escrito por\" \/>\n\t<meta name=\"twitter:data1\" content=\"Redacci\u00f3n QP\" \/>\n\t<meta name=\"twitter:label2\" content=\"Tiempo de lectura\" \/>\n\t<meta name=\"twitter:data2\" content=\"2 minutos\" \/>\n<script type=\"application\/ld+json\" class=\"yoast-schema-graph\">{\"@context\":\"https:\\\/\\\/schema.org\",\"@graph\":[{\"@type\":\"Article\",\"@id\":\"https:\\\/\\\/quehacerpolitico.mx\\\/?p=107038#article\",\"isPartOf\":{\"@id\":\"https:\\\/\\\/quehacerpolitico.mx\\\/?p=107038\"},\"author\":{\"name\":\"Redacci\u00f3n QP\",\"@id\":\"https:\\\/\\\/quehacerpolitico.mx\\\/#\\\/schema\\\/person\\\/496d8ad2d1d3f8036101dca7ee39e585\"},\"headline\":\"Instan instituciones a defender al INAI tras amago de AMLO de desaparecerlo: \u201cEl derecho a la informaci\u00f3n est\u00e1 en riesgo\u201d\",\"datePublished\":\"2023-12-12T17:55:00+00:00\",\"dateModified\":\"2023-12-12T17:55:03+00:00\",\"mainEntityOfPage\":{\"@id\":\"https:\\\/\\\/quehacerpolitico.mx\\\/?p=107038\"},\"wordCount\":499,\"commentCount\":0,\"image\":{\"@id\":\"https:\\\/\\\/quehacerpolitico.mx\\\/?p=107038#primaryimage\"},\"thumbnailUrl\":\"https:\\\/\\\/quehacerpolitico.mx\\\/wp-content\\\/uploads\\\/2023\\\/12\\\/IMG_2565.jpeg\",\"articleSection\":[\"Noticias\"],\"inLanguage\":\"es\",\"potentialAction\":[{\"@type\":\"CommentAction\",\"name\":\"Comment\",\"target\":[\"https:\\\/\\\/quehacerpolitico.mx\\\/?p=107038#respond\"]}]},{\"@type\":\"WebPage\",\"@id\":\"https:\\\/\\\/quehacerpolitico.mx\\\/?p=107038\",\"url\":\"https:\\\/\\\/quehacerpolitico.mx\\\/?p=107038\",\"name\":\"Instan instituciones a defender al INAI tras amago de AMLO de desaparecerlo: \u201cEl derecho a la informaci\u00f3n est\u00e1 en riesgo\u201d -\",\"isPartOf\":{\"@id\":\"https:\\\/\\\/quehacerpolitico.mx\\\/#website\"},\"primaryImageOfPage\":{\"@id\":\"https:\\\/\\\/quehacerpolitico.mx\\\/?p=107038#primaryimage\"},\"image\":{\"@id\":\"https:\\\/\\\/quehacerpolitico.mx\\\/?p=107038#primaryimage\"},\"thumbnailUrl\":\"https:\\\/\\\/quehacerpolitico.mx\\\/wp-content\\\/uploads\\\/2023\\\/12\\\/IMG_2565.jpeg\",\"datePublished\":\"2023-12-12T17:55:00+00:00\",\"dateModified\":\"2023-12-12T17:55:03+00:00\",\"author\":{\"@id\":\"https:\\\/\\\/quehacerpolitico.mx\\\/#\\\/schema\\\/person\\\/496d8ad2d1d3f8036101dca7ee39e585\"},\"breadcrumb\":{\"@id\":\"https:\\\/\\\/quehacerpolitico.mx\\\/?p=107038#breadcrumb\"},\"inLanguage\":\"es\",\"potentialAction\":[{\"@type\":\"ReadAction\",\"target\":[\"https:\\\/\\\/quehacerpolitico.mx\\\/?p=107038\"]}]},{\"@type\":\"ImageObject\",\"inLanguage\":\"es\",\"@id\":\"https:\\\/\\\/quehacerpolitico.mx\\\/?p=107038#primaryimage\",\"url\":\"https:\\\/\\\/quehacerpolitico.mx\\\/wp-content\\\/uploads\\\/2023\\\/12\\\/IMG_2565.jpeg\",\"contentUrl\":\"https:\\\/\\\/quehacerpolitico.mx\\\/wp-content\\\/uploads\\\/2023\\\/12\\\/IMG_2565.jpeg\",\"width\":739,\"height\":415},{\"@type\":\"BreadcrumbList\",\"@id\":\"https:\\\/\\\/quehacerpolitico.mx\\\/?p=107038#breadcrumb\",\"itemListElement\":[{\"@type\":\"ListItem\",\"position\":1,\"name\":\"Inicio\",\"item\":\"https:\\\/\\\/quehacerpolitico.mx\\\/\"},{\"@type\":\"ListItem\",\"position\":2,\"name\":\"Instan instituciones a defender al INAI tras amago de AMLO de desaparecerlo: \u201cEl derecho a la informaci\u00f3n est\u00e1 en riesgo\u201d\"}]},{\"@type\":\"WebSite\",\"@id\":\"https:\\\/\\\/quehacerpolitico.mx\\\/#website\",\"url\":\"https:\\\/\\\/quehacerpolitico.mx\\\/\",\"name\":\"\",\"description\":\"\",\"potentialAction\":[{\"@type\":\"SearchAction\",\"target\":{\"@type\":\"EntryPoint\",\"urlTemplate\":\"https:\\\/\\\/quehacerpolitico.mx\\\/?s={search_term_string}\"},\"query-input\":{\"@type\":\"PropertyValueSpecification\",\"valueRequired\":true,\"valueName\":\"search_term_string\"}}],\"inLanguage\":\"es\"},{\"@type\":\"Person\",\"@id\":\"https:\\\/\\\/quehacerpolitico.mx\\\/#\\\/schema\\\/person\\\/496d8ad2d1d3f8036101dca7ee39e585\",\"name\":\"Redacci\u00f3n QP\",\"image\":{\"@type\":\"ImageObject\",\"inLanguage\":\"es\",\"@id\":\"https:\\\/\\\/secure.gravatar.com\\\/avatar\\\/c7164ed6fdec453195284ad24a5ae5b6e1eed2b848477fa2a4787ba9adf39a41?s=96&d=mm&r=g\",\"url\":\"https:\\\/\\\/secure.gravatar.com\\\/avatar\\\/c7164ed6fdec453195284ad24a5ae5b6e1eed2b848477fa2a4787ba9adf39a41?s=96&d=mm&r=g\",\"contentUrl\":\"https:\\\/\\\/secure.gravatar.com\\\/avatar\\\/c7164ed6fdec453195284ad24a5ae5b6e1eed2b848477fa2a4787ba9adf39a41?s=96&d=mm&r=g\",\"caption\":\"Redacci\u00f3n QP\"},\"url\":\"https:\\\/\\\/quehacerpolitico.mx\\\/?author=2\"}]}<\/script>\n<!-- \/ Yoast SEO plugin. -->","yoast_head_json":{"title":"Instan instituciones a defender al INAI tras amago de AMLO de desaparecerlo: \u201cEl derecho a la informaci\u00f3n est\u00e1 en riesgo\u201d -","robots":{"index":"index","follow":"follow","max-snippet":"max-snippet:-1","max-image-preview":"max-image-preview:large","max-video-preview":"max-video-preview:-1"},"canonical":"https:\/\/quehacerpolitico.mx\/?p=107038","og_locale":"es_MX","og_type":"article","og_title":"Instan instituciones a defender al INAI tras amago de AMLO de desaparecerlo: \u201cEl derecho a la informaci\u00f3n est\u00e1 en riesgo\u201d -","og_description":"Por Redacci\u00f3n QP El Instituto Nacional de Transparencia, Acceso a la Informaci\u00f3n y Protecci\u00f3n de...","og_url":"https:\/\/quehacerpolitico.mx\/?p=107038","article_published_time":"2023-12-12T17:55:00+00:00","article_modified_time":"2023-12-12T17:55:03+00:00","og_image":[{"width":739,"height":415,"url":"https:\/\/quehacerpolitico.mx\/wp-content\/uploads\/2023\/12\/IMG_2565.jpeg","type":"image\/jpeg"}],"author":"Redacci\u00f3n QP","twitter_card":"summary_large_image","twitter_misc":{"Escrito por":"Redacci\u00f3n QP","Tiempo de lectura":"2 minutos"},"schema":{"@context":"https:\/\/schema.org","@graph":[{"@type":"Article","@id":"https:\/\/quehacerpolitico.mx\/?p=107038#article","isPartOf":{"@id":"https:\/\/quehacerpolitico.mx\/?p=107038"},"author":{"name":"Redacci\u00f3n QP","@id":"https:\/\/quehacerpolitico.mx\/#\/schema\/person\/496d8ad2d1d3f8036101dca7ee39e585"},"headline":"Instan instituciones a defender al INAI tras amago de AMLO de desaparecerlo: \u201cEl derecho a la informaci\u00f3n est\u00e1 en riesgo\u201d","datePublished":"2023-12-12T17:55:00+00:00","dateModified":"2023-12-12T17:55:03+00:00","mainEntityOfPage":{"@id":"https:\/\/quehacerpolitico.mx\/?p=107038"},"wordCount":499,"commentCount":0,"image":{"@id":"https:\/\/quehacerpolitico.mx\/?p=107038#primaryimage"},"thumbnailUrl":"https:\/\/quehacerpolitico.mx\/wp-content\/uploads\/2023\/12\/IMG_2565.jpeg","articleSection":["Noticias"],"inLanguage":"es","potentialAction":[{"@type":"CommentAction","name":"Comment","target":["https:\/\/quehacerpolitico.mx\/?p=107038#respond"]}]},{"@type":"WebPage","@id":"https:\/\/quehacerpolitico.mx\/?p=107038","url":"https:\/\/quehacerpolitico.mx\/?p=107038","name":"Instan instituciones a defender al INAI tras amago de AMLO de desaparecerlo: \u201cEl derecho a la informaci\u00f3n est\u00e1 en riesgo\u201d -","isPartOf":{"@id":"https:\/\/quehacerpolitico.mx\/#website"},"primaryImageOfPage":{"@id":"https:\/\/quehacerpolitico.mx\/?p=107038#primaryimage"},"image":{"@id":"https:\/\/quehacerpolitico.mx\/?p=107038#primaryimage"},"thumbnailUrl":"https:\/\/quehacerpolitico.mx\/wp-content\/uploads\/2023\/12\/IMG_2565.jpeg","datePublished":"2023-12-12T17:55:00+00:00","dateModified":"2023-12-12T17:55:03+00:00","author":{"@id":"https:\/\/quehacerpolitico.mx\/#\/schema\/person\/496d8ad2d1d3f8036101dca7ee39e585"},"breadcrumb":{"@id":"https:\/\/quehacerpolitico.mx\/?p=107038#breadcrumb"},"inLanguage":"es","potentialAction":[{"@type":"ReadAction","target":["https:\/\/quehacerpolitico.mx\/?p=107038"]}]},{"@type":"ImageObject","inLanguage":"es","@id":"https:\/\/quehacerpolitico.mx\/?p=107038#primaryimage","url":"https:\/\/quehacerpolitico.mx\/wp-content\/uploads\/2023\/12\/IMG_2565.jpeg","contentUrl":"https:\/\/quehacerpolitico.mx\/wp-content\/uploads\/2023\/12\/IMG_2565.jpeg","width":739,"height":415},{"@type":"BreadcrumbList","@id":"https:\/\/quehacerpolitico.mx\/?p=107038#breadcrumb","itemListElement":[{"@type":"ListItem","position":1,"name":"Inicio","item":"https:\/\/quehacerpolitico.mx\/"},{"@type":"ListItem","position":2,"name":"Instan instituciones a defender al INAI tras amago de AMLO de desaparecerlo: \u201cEl derecho a la informaci\u00f3n est\u00e1 en riesgo\u201d"}]},{"@type":"WebSite","@id":"https:\/\/quehacerpolitico.mx\/#website","url":"https:\/\/quehacerpolitico.mx\/","name":"","description":"","potentialAction":[{"@type":"SearchAction","target":{"@type":"EntryPoint","urlTemplate":"https:\/\/quehacerpolitico.mx\/?s={search_term_string}"},"query-input":{"@type":"PropertyValueSpecification","valueRequired":true,"valueName":"search_term_string"}}],"inLanguage":"es"},{"@type":"Person","@id":"https:\/\/quehacerpolitico.mx\/#\/schema\/person\/496d8ad2d1d3f8036101dca7ee39e585","name":"Redacci\u00f3n QP","image":{"@type":"ImageObject","inLanguage":"es","@id":"https:\/\/secure.gravatar.com\/avatar\/c7164ed6fdec453195284ad24a5ae5b6e1eed2b848477fa2a4787ba9adf39a41?s=96&d=mm&r=g","url":"https:\/\/secure.gravatar.com\/avatar\/c7164ed6fdec453195284ad24a5ae5b6e1eed2b848477fa2a4787ba9adf39a41?s=96&d=mm&r=g","contentUrl":"https:\/\/secure.gravatar.com\/avatar\/c7164ed6fdec453195284ad24a5ae5b6e1eed2b848477fa2a4787ba9adf39a41?s=96&d=mm&r=g","caption":"Redacci\u00f3n QP"},"url":"https:\/\/quehacerpolitico.mx\/?author=2"}]}},"featured_image_urls":{"full":["https:\/\/quehacerpolitico.mx\/wp-content\/uploads\/2023\/12\/IMG_2565.jpeg",739,415,false],"thumbnail":["https:\/\/quehacerpolitico.mx\/wp-content\/uploads\/2023\/12\/IMG_2565-150x150.jpeg",150,150,true],"medium":["https:\/\/quehacerpolitico.mx\/wp-content\/uploads\/2023\/12\/IMG_2565-300x168.jpeg",300,168,true],"medium_large":["https:\/\/quehacerpolitico.mx\/wp-content\/uploads\/2023\/12\/IMG_2565.jpeg",640,359,false],"large":["https:\/\/quehacerpolitico.mx\/wp-content\/uploads\/2023\/12\/IMG_2565.jpeg",640,359,false],"1536x1536":["https:\/\/quehacerpolitico.mx\/wp-content\/uploads\/2023\/12\/IMG_2565.jpeg",739,415,false],"2048x2048":["https:\/\/quehacerpolitico.mx\/wp-content\/uploads\/2023\/12\/IMG_2565.jpeg",739,415,false],"covernews-featured":["https:\/\/quehacerpolitico.mx\/wp-content\/uploads\/2023\/12\/IMG_2565.jpeg",739,415,false],"covernews-medium":["https:\/\/quehacerpolitico.mx\/wp-content\/uploads\/2023\/12\/IMG_2565.jpeg",540,303,false]},"author_info":{"display_name":"Redacci\u00f3n QP","author_link":"https:\/\/quehacerpolitico.mx\/?author=2"},"category_info":"<a href=\"https:\/\/quehacerpolitico.mx\/?cat=2\" rel=\"category\">Noticias<\/a>","tag_info":"Noticias","comment_count":"0","_links":{"self":[{"href":"https:\/\/quehacerpolitico.mx\/index.php?rest_route=\/wp\/v2\/posts\/107038","targetHints":{"allow":["GET"]}}],"collection":[{"href":"https:\/\/quehacerpolitico.mx\/index.php?rest_route=\/wp\/v2\/posts"}],"about":[{"href":"https:\/\/quehacerpolitico.mx\/index.php?rest_route=\/wp\/v2\/types\/post"}],"author":[{"embeddable":true,"href":"https:\/\/quehacerpolitico.mx\/index.php?rest_route=\/wp\/v2\/users\/2"}],"replies":[{"embeddable":true,"href":"https:\/\/quehacerpolitico.mx\/index.php?rest_route=%2Fwp%2Fv2%2Fcomments&post=107038"}],"version-history":[{"count":1,"href":"https:\/\/quehacerpolitico.mx\/index.php?rest_route=\/wp\/v2\/posts\/107038\/revisions"}],"predecessor-version":[{"id":107040,"href":"https:\/\/quehacerpolitico.mx\/index.php?rest_route=\/wp\/v2\/posts\/107038\/revisions\/107040"}],"wp:featuredmedia":[{"embeddable":true,"href":"https:\/\/quehacerpolitico.mx\/index.php?rest_route=\/wp\/v2\/media\/107039"}],"wp:attachment":[{"href":"https:\/\/quehacerpolitico.mx\/index.php?rest_route=%2Fwp%2Fv2%2Fmedia&parent=107038"}],"wp:term":[{"taxonomy":"category","embeddable":true,"href":"https:\/\/quehacerpolitico.mx\/index.php?rest_route=%2Fwp%2Fv2%2Fcategories&post=107038"},{"taxonomy":"post_tag","embeddable":true,"href":"https:\/\/quehacerpolitico.mx\/index.php?rest_route=%2Fwp%2Fv2%2Ftags&post=107038"}],"curies":[{"name":"wp","href":"https:\/\/api.w.org\/{rel}","templated":true}]}}