{"id":107035,"date":"2023-12-12T16:46:50","date_gmt":"2023-12-12T16:46:50","guid":{"rendered":"https:\/\/quehacerpolitico.mx\/?p=107035"},"modified":"2023-12-12T16:46:53","modified_gmt":"2023-12-12T16:46:53","slug":"sube-a-3-el-numero-de-peregrinos-muertos-tras-ser-arrollados-en-la-autopista-mexico-puebla","status":"publish","type":"post","link":"https:\/\/quehacerpolitico.mx\/?p=107035","title":{"rendered":"Sube a 3 el n\u00famero de peregrinos muertos tras ser arrollados en la autopista M\u00e9xico-Puebla"},"content":{"rendered":"\n<p>Por Redacci\u00f3n QP<\/p>\n\n\n\n<p>La Fiscal\u00eda General de Justicia de la Ciudad de M\u00e9xico inform\u00f3 este martes que suman tres&nbsp;<strong>peregrinos<\/strong>&nbsp;<strong>muertos<\/strong>&nbsp;y al menos 10&nbsp;<strong>lesionados<\/strong>&nbsp;luego de que ayer fueron atropellados en los carriles centrales de la autopista&nbsp;<strong>M\u00e9xico-Puebla<\/strong>.<\/p>\n\n\n\n<p>A trav\u00e9s de un comunicado, la fiscal\u00eda capitalina asegur\u00f3 que inici\u00f3 una carpeta de investigaci\u00f3n por los delitos de\u00a0<strong>homicidio<\/strong>\u00a0y\u00a0<strong>lesiones<\/strong>, ambos culposos.<\/p>\n\n\n\n<p>Seg\u00fan las primeras investigaciones, una\u00a0<strong>peregrinaci\u00f3n<\/strong>\u00a0que se dirig\u00eda al municipio de San Sebasti\u00e1n Villanueva, en Puebla, fue embestida por una\u00a0<strong>camioneta tipo pick up<\/strong>.<\/p>\n\n\n\n<figure class=\"wp-block-embed is-type-video is-provider-youtube wp-block-embed-youtube wp-embed-aspect-16-9 wp-has-aspect-ratio\"><div class=\"wp-block-embed__wrapper\">\n<iframe loading=\"lazy\" title=\"\u201cSe llev\u00f3 a los de las motos\u201d. Conductor arrolla a caravana de bikers y mata a dos\" width=\"640\" height=\"360\" src=\"https:\/\/www.youtube.com\/embed\/b-jAhAB0rv8?feature=oembed\" frameborder=\"0\" allow=\"accelerometer; autoplay; clipboard-write; encrypted-media; gyroscope; picture-in-picture; web-share\" referrerpolicy=\"strict-origin-when-cross-origin\" allowfullscreen><\/iframe>\n<\/div><\/figure>\n\n\n\n<p>En el lugar dos personas murieron, mientras que los lesionados fueron trasladados a diferentes&nbsp;<strong>hospitales<\/strong>, donde uno de ellos muri\u00f3.<\/p>\n\n\n\n<p>El hombre que posiblemente conduc\u00eda el\u00a0<strong>veh\u00edculo<\/strong>\u00a0que atropell\u00f3 a las personas, fue puesto a disposici\u00f3n del representante social de la Fiscal\u00eda de Investigaci\u00f3n Territorial en\u00a0<strong>Iztapalapa<\/strong>, quien integra la carpeta de investigaci\u00f3n respectiva.<\/p>\n\n\n\n<p>En tanto, detectives de la Polic\u00eda de Investigaci\u00f3n (<strong>PDI<\/strong>) acudieron al lugar para obtener informaci\u00f3n con posibles testigos, asegur\u00f3 la fiscal\u00eda capitalina.<\/p>\n\n\n\n<p>El jefe de Gobierno de la Ciudad de M\u00e9xico, Mart\u00ed Batres Guadarrama, inform\u00f3 el domingo que fueron desplegados alrededor de 22 mil 359 elementos de diferentes \u00e1reas y alcald\u00edas como parte del operativo por la llegada de peregrinos que conmemoran el D\u00eda de la Virgen de Guadalupe, en la\u00a0<strong>Bas\u00edlica<\/strong>.<\/p>\n\n\n\n<figure class=\"wp-block-embed is-type-rich is-provider-twitter wp-block-embed-twitter\"><div class=\"wp-block-embed__wrapper\">\n<blockquote class=\"twitter-tweet\" data-width=\"550\" data-dnt=\"true\"><p lang=\"es\" dir=\"ltr\"><a href=\"https:\/\/twitter.com\/hashtag\/ACTUALIZACI%C3%93N?src=hash&amp;ref_src=twsrc%5Etfw\">#ACTUALIZACI\u00d3N<\/a> Sube a 3 el n\u00famero de peregrinos muertos tras ser arrollados en la autopista M\u00e9xico-Puebla<br><br>La <a href=\"https:\/\/twitter.com\/FiscaliaCDMX?ref_src=twsrc%5Etfw\">@FiscaliaCDMX<\/a> abre carpeta de investigaci\u00f3n<a href=\"https:\/\/t.co\/c4uGYLicgr\">pic.twitter.com\/c4uGYLicgr<\/a> <a href=\"https:\/\/t.co\/r4iKD8EYk0\">pic.twitter.com\/r4iKD8EYk0<\/a><\/p>&mdash; Manuel Lopez San Martin (@MLopezSanMartin) <a href=\"https:\/\/twitter.com\/MLopezSanMartin\/status\/1734584730543411454?ref_src=twsrc%5Etfw\">December 12, 2023<\/a><\/blockquote><script async src=\"https:\/\/platform.twitter.com\/widgets.js\" charset=\"utf-8\"><\/script>\n<\/div><\/figure>\n\n\n\n<p>Batres detall\u00f3 que por parte de la alcald\u00eda Gustavo A. Madero hay 11 mil 569 personas atendiendo a los&nbsp;<strong>peregrinos<\/strong>&nbsp;que viajan de diferentes estados de la Rep\u00fablica a la Bas\u00edlica de Guadalupe.<\/p>\n\n\n\n<p>Asimismo, la Secretar\u00eda de Seguridad Ciudadana (SSC) despleg\u00f3 5 mil 500 elementos y otras dependencias del gobierno de la ciudad, 5 mil 290, para atender a por lo menos 11 millones de visitantes como parte del programa\u00a0<strong>\u201cBienvenido Peregrino 2023\u201d<\/strong>.<\/p>\n","protected":false},"excerpt":{"rendered":"<p>Por Redacci\u00f3n QP La Fiscal\u00eda General de Justicia de la Ciudad de M\u00e9xico inform\u00f3 este&#8230;<\/p>\n","protected":false},"author":2,"featured_media":107036,"comment_status":"open","ping_status":"open","sticky":false,"template":"","format":"standard","meta":{"_monsterinsights_skip_tracking":false,"_monsterinsights_sitenote_active":false,"_monsterinsights_sitenote_note":"","_monsterinsights_sitenote_category":0,"footnotes":""},"categories":[2],"tags":[],"class_list":["post-107035","post","type-post","status-publish","format-standard","has-post-thumbnail","hentry","category-noticias"],"yoast_head":"<!-- This site is optimized with the Yoast SEO plugin v27.3 - https:\/\/yoast.com\/product\/yoast-seo-wordpress\/ -->\n<title>Sube a 3 el n\u00famero de peregrinos muertos tras ser arrollados en la autopista M\u00e9xico-Puebla -<\/title>\n<meta name=\"robots\" content=\"index, follow, max-snippet:-1, max-image-preview:large, max-video-preview:-1\" \/>\n<link rel=\"canonical\" href=\"https:\/\/quehacerpolitico.mx\/?p=107035\" \/>\n<meta property=\"og:locale\" content=\"es_MX\" \/>\n<meta property=\"og:type\" content=\"article\" \/>\n<meta property=\"og:title\" content=\"Sube a 3 el n\u00famero de peregrinos muertos tras ser arrollados en la autopista M\u00e9xico-Puebla -\" \/>\n<meta property=\"og:description\" content=\"Por Redacci\u00f3n QP La Fiscal\u00eda General de Justicia de la Ciudad de M\u00e9xico inform\u00f3 este...\" \/>\n<meta property=\"og:url\" content=\"https:\/\/quehacerpolitico.mx\/?p=107035\" \/>\n<meta property=\"article:published_time\" content=\"2023-12-12T16:46:50+00:00\" \/>\n<meta property=\"article:modified_time\" content=\"2023-12-12T16:46:53+00:00\" \/>\n<meta property=\"og:image\" content=\"https:\/\/quehacerpolitico.mx\/wp-content\/uploads\/2023\/12\/IMG_2564.jpeg\" \/>\n\t<meta property=\"og:image:width\" content=\"1284\" \/>\n\t<meta property=\"og:image:height\" content=\"693\" \/>\n\t<meta property=\"og:image:type\" content=\"image\/jpeg\" \/>\n<meta name=\"author\" content=\"Redacci\u00f3n QP\" \/>\n<meta name=\"twitter:card\" content=\"summary_large_image\" \/>\n<meta name=\"twitter:label1\" content=\"Escrito por\" \/>\n\t<meta name=\"twitter:data1\" content=\"Redacci\u00f3n QP\" \/>\n\t<meta name=\"twitter:label2\" content=\"Tiempo de lectura\" \/>\n\t<meta name=\"twitter:data2\" content=\"2 minutos\" \/>\n<script type=\"application\/ld+json\" class=\"yoast-schema-graph\">{\"@context\":\"https:\\\/\\\/schema.org\",\"@graph\":[{\"@type\":\"Article\",\"@id\":\"https:\\\/\\\/quehacerpolitico.mx\\\/?p=107035#article\",\"isPartOf\":{\"@id\":\"https:\\\/\\\/quehacerpolitico.mx\\\/?p=107035\"},\"author\":{\"name\":\"Redacci\u00f3n QP\",\"@id\":\"https:\\\/\\\/quehacerpolitico.mx\\\/#\\\/schema\\\/person\\\/496d8ad2d1d3f8036101dca7ee39e585\"},\"headline\":\"Sube a 3 el n\u00famero de peregrinos muertos tras ser arrollados en la autopista M\u00e9xico-Puebla\",\"datePublished\":\"2023-12-12T16:46:50+00:00\",\"dateModified\":\"2023-12-12T16:46:53+00:00\",\"mainEntityOfPage\":{\"@id\":\"https:\\\/\\\/quehacerpolitico.mx\\\/?p=107035\"},\"wordCount\":351,\"commentCount\":0,\"image\":{\"@id\":\"https:\\\/\\\/quehacerpolitico.mx\\\/?p=107035#primaryimage\"},\"thumbnailUrl\":\"https:\\\/\\\/quehacerpolitico.mx\\\/wp-content\\\/uploads\\\/2023\\\/12\\\/IMG_2564.jpeg\",\"articleSection\":[\"Noticias\"],\"inLanguage\":\"es\",\"potentialAction\":[{\"@type\":\"CommentAction\",\"name\":\"Comment\",\"target\":[\"https:\\\/\\\/quehacerpolitico.mx\\\/?p=107035#respond\"]}]},{\"@type\":\"WebPage\",\"@id\":\"https:\\\/\\\/quehacerpolitico.mx\\\/?p=107035\",\"url\":\"https:\\\/\\\/quehacerpolitico.mx\\\/?p=107035\",\"name\":\"Sube a 3 el n\u00famero de peregrinos muertos tras ser arrollados en la autopista M\u00e9xico-Puebla -\",\"isPartOf\":{\"@id\":\"https:\\\/\\\/quehacerpolitico.mx\\\/#website\"},\"primaryImageOfPage\":{\"@id\":\"https:\\\/\\\/quehacerpolitico.mx\\\/?p=107035#primaryimage\"},\"image\":{\"@id\":\"https:\\\/\\\/quehacerpolitico.mx\\\/?p=107035#primaryimage\"},\"thumbnailUrl\":\"https:\\\/\\\/quehacerpolitico.mx\\\/wp-content\\\/uploads\\\/2023\\\/12\\\/IMG_2564.jpeg\",\"datePublished\":\"2023-12-12T16:46:50+00:00\",\"dateModified\":\"2023-12-12T16:46:53+00:00\",\"author\":{\"@id\":\"https:\\\/\\\/quehacerpolitico.mx\\\/#\\\/schema\\\/person\\\/496d8ad2d1d3f8036101dca7ee39e585\"},\"breadcrumb\":{\"@id\":\"https:\\\/\\\/quehacerpolitico.mx\\\/?p=107035#breadcrumb\"},\"inLanguage\":\"es\",\"potentialAction\":[{\"@type\":\"ReadAction\",\"target\":[\"https:\\\/\\\/quehacerpolitico.mx\\\/?p=107035\"]}]},{\"@type\":\"ImageObject\",\"inLanguage\":\"es\",\"@id\":\"https:\\\/\\\/quehacerpolitico.mx\\\/?p=107035#primaryimage\",\"url\":\"https:\\\/\\\/quehacerpolitico.mx\\\/wp-content\\\/uploads\\\/2023\\\/12\\\/IMG_2564.jpeg\",\"contentUrl\":\"https:\\\/\\\/quehacerpolitico.mx\\\/wp-content\\\/uploads\\\/2023\\\/12\\\/IMG_2564.jpeg\",\"width\":1284,\"height\":693},{\"@type\":\"BreadcrumbList\",\"@id\":\"https:\\\/\\\/quehacerpolitico.mx\\\/?p=107035#breadcrumb\",\"itemListElement\":[{\"@type\":\"ListItem\",\"position\":1,\"name\":\"Inicio\",\"item\":\"https:\\\/\\\/quehacerpolitico.mx\\\/\"},{\"@type\":\"ListItem\",\"position\":2,\"name\":\"Sube a 3 el n\u00famero de peregrinos muertos tras ser arrollados en la autopista M\u00e9xico-Puebla\"}]},{\"@type\":\"WebSite\",\"@id\":\"https:\\\/\\\/quehacerpolitico.mx\\\/#website\",\"url\":\"https:\\\/\\\/quehacerpolitico.mx\\\/\",\"name\":\"\",\"description\":\"\",\"potentialAction\":[{\"@type\":\"SearchAction\",\"target\":{\"@type\":\"EntryPoint\",\"urlTemplate\":\"https:\\\/\\\/quehacerpolitico.mx\\\/?s={search_term_string}\"},\"query-input\":{\"@type\":\"PropertyValueSpecification\",\"valueRequired\":true,\"valueName\":\"search_term_string\"}}],\"inLanguage\":\"es\"},{\"@type\":\"Person\",\"@id\":\"https:\\\/\\\/quehacerpolitico.mx\\\/#\\\/schema\\\/person\\\/496d8ad2d1d3f8036101dca7ee39e585\",\"name\":\"Redacci\u00f3n QP\",\"image\":{\"@type\":\"ImageObject\",\"inLanguage\":\"es\",\"@id\":\"https:\\\/\\\/secure.gravatar.com\\\/avatar\\\/c7164ed6fdec453195284ad24a5ae5b6e1eed2b848477fa2a4787ba9adf39a41?s=96&d=mm&r=g\",\"url\":\"https:\\\/\\\/secure.gravatar.com\\\/avatar\\\/c7164ed6fdec453195284ad24a5ae5b6e1eed2b848477fa2a4787ba9adf39a41?s=96&d=mm&r=g\",\"contentUrl\":\"https:\\\/\\\/secure.gravatar.com\\\/avatar\\\/c7164ed6fdec453195284ad24a5ae5b6e1eed2b848477fa2a4787ba9adf39a41?s=96&d=mm&r=g\",\"caption\":\"Redacci\u00f3n QP\"},\"url\":\"https:\\\/\\\/quehacerpolitico.mx\\\/?author=2\"}]}<\/script>\n<!-- \/ Yoast SEO plugin. -->","yoast_head_json":{"title":"Sube a 3 el n\u00famero de peregrinos muertos tras ser arrollados en la autopista M\u00e9xico-Puebla -","robots":{"index":"index","follow":"follow","max-snippet":"max-snippet:-1","max-image-preview":"max-image-preview:large","max-video-preview":"max-video-preview:-1"},"canonical":"https:\/\/quehacerpolitico.mx\/?p=107035","og_locale":"es_MX","og_type":"article","og_title":"Sube a 3 el n\u00famero de peregrinos muertos tras ser arrollados en la autopista M\u00e9xico-Puebla -","og_description":"Por Redacci\u00f3n QP La Fiscal\u00eda General de Justicia de la Ciudad de M\u00e9xico inform\u00f3 este...","og_url":"https:\/\/quehacerpolitico.mx\/?p=107035","article_published_time":"2023-12-12T16:46:50+00:00","article_modified_time":"2023-12-12T16:46:53+00:00","og_image":[{"width":1284,"height":693,"url":"https:\/\/quehacerpolitico.mx\/wp-content\/uploads\/2023\/12\/IMG_2564.jpeg","type":"image\/jpeg"}],"author":"Redacci\u00f3n QP","twitter_card":"summary_large_image","twitter_misc":{"Escrito por":"Redacci\u00f3n QP","Tiempo de lectura":"2 minutos"},"schema":{"@context":"https:\/\/schema.org","@graph":[{"@type":"Article","@id":"https:\/\/quehacerpolitico.mx\/?p=107035#article","isPartOf":{"@id":"https:\/\/quehacerpolitico.mx\/?p=107035"},"author":{"name":"Redacci\u00f3n QP","@id":"https:\/\/quehacerpolitico.mx\/#\/schema\/person\/496d8ad2d1d3f8036101dca7ee39e585"},"headline":"Sube a 3 el n\u00famero de peregrinos muertos tras ser arrollados en la autopista M\u00e9xico-Puebla","datePublished":"2023-12-12T16:46:50+00:00","dateModified":"2023-12-12T16:46:53+00:00","mainEntityOfPage":{"@id":"https:\/\/quehacerpolitico.mx\/?p=107035"},"wordCount":351,"commentCount":0,"image":{"@id":"https:\/\/quehacerpolitico.mx\/?p=107035#primaryimage"},"thumbnailUrl":"https:\/\/quehacerpolitico.mx\/wp-content\/uploads\/2023\/12\/IMG_2564.jpeg","articleSection":["Noticias"],"inLanguage":"es","potentialAction":[{"@type":"CommentAction","name":"Comment","target":["https:\/\/quehacerpolitico.mx\/?p=107035#respond"]}]},{"@type":"WebPage","@id":"https:\/\/quehacerpolitico.mx\/?p=107035","url":"https:\/\/quehacerpolitico.mx\/?p=107035","name":"Sube a 3 el n\u00famero de peregrinos muertos tras ser arrollados en la autopista M\u00e9xico-Puebla -","isPartOf":{"@id":"https:\/\/quehacerpolitico.mx\/#website"},"primaryImageOfPage":{"@id":"https:\/\/quehacerpolitico.mx\/?p=107035#primaryimage"},"image":{"@id":"https:\/\/quehacerpolitico.mx\/?p=107035#primaryimage"},"thumbnailUrl":"https:\/\/quehacerpolitico.mx\/wp-content\/uploads\/2023\/12\/IMG_2564.jpeg","datePublished":"2023-12-12T16:46:50+00:00","dateModified":"2023-12-12T16:46:53+00:00","author":{"@id":"https:\/\/quehacerpolitico.mx\/#\/schema\/person\/496d8ad2d1d3f8036101dca7ee39e585"},"breadcrumb":{"@id":"https:\/\/quehacerpolitico.mx\/?p=107035#breadcrumb"},"inLanguage":"es","potentialAction":[{"@type":"ReadAction","target":["https:\/\/quehacerpolitico.mx\/?p=107035"]}]},{"@type":"ImageObject","inLanguage":"es","@id":"https:\/\/quehacerpolitico.mx\/?p=107035#primaryimage","url":"https:\/\/quehacerpolitico.mx\/wp-content\/uploads\/2023\/12\/IMG_2564.jpeg","contentUrl":"https:\/\/quehacerpolitico.mx\/wp-content\/uploads\/2023\/12\/IMG_2564.jpeg","width":1284,"height":693},{"@type":"BreadcrumbList","@id":"https:\/\/quehacerpolitico.mx\/?p=107035#breadcrumb","itemListElement":[{"@type":"ListItem","position":1,"name":"Inicio","item":"https:\/\/quehacerpolitico.mx\/"},{"@type":"ListItem","position":2,"name":"Sube a 3 el n\u00famero de peregrinos muertos tras ser arrollados en la autopista M\u00e9xico-Puebla"}]},{"@type":"WebSite","@id":"https:\/\/quehacerpolitico.mx\/#website","url":"https:\/\/quehacerpolitico.mx\/","name":"","description":"","potentialAction":[{"@type":"SearchAction","target":{"@type":"EntryPoint","urlTemplate":"https:\/\/quehacerpolitico.mx\/?s={search_term_string}"},"query-input":{"@type":"PropertyValueSpecification","valueRequired":true,"valueName":"search_term_string"}}],"inLanguage":"es"},{"@type":"Person","@id":"https:\/\/quehacerpolitico.mx\/#\/schema\/person\/496d8ad2d1d3f8036101dca7ee39e585","name":"Redacci\u00f3n QP","image":{"@type":"ImageObject","inLanguage":"es","@id":"https:\/\/secure.gravatar.com\/avatar\/c7164ed6fdec453195284ad24a5ae5b6e1eed2b848477fa2a4787ba9adf39a41?s=96&d=mm&r=g","url":"https:\/\/secure.gravatar.com\/avatar\/c7164ed6fdec453195284ad24a5ae5b6e1eed2b848477fa2a4787ba9adf39a41?s=96&d=mm&r=g","contentUrl":"https:\/\/secure.gravatar.com\/avatar\/c7164ed6fdec453195284ad24a5ae5b6e1eed2b848477fa2a4787ba9adf39a41?s=96&d=mm&r=g","caption":"Redacci\u00f3n QP"},"url":"https:\/\/quehacerpolitico.mx\/?author=2"}]}},"featured_image_urls":{"full":["https:\/\/quehacerpolitico.mx\/wp-content\/uploads\/2023\/12\/IMG_2564.jpeg",1284,693,false],"thumbnail":["https:\/\/quehacerpolitico.mx\/wp-content\/uploads\/2023\/12\/IMG_2564-150x150.jpeg",150,150,true],"medium":["https:\/\/quehacerpolitico.mx\/wp-content\/uploads\/2023\/12\/IMG_2564-300x162.jpeg",300,162,true],"medium_large":["https:\/\/quehacerpolitico.mx\/wp-content\/uploads\/2023\/12\/IMG_2564-768x415.jpeg",640,346,true],"large":["https:\/\/quehacerpolitico.mx\/wp-content\/uploads\/2023\/12\/IMG_2564-1024x553.jpeg",640,346,true],"1536x1536":["https:\/\/quehacerpolitico.mx\/wp-content\/uploads\/2023\/12\/IMG_2564.jpeg",1284,693,false],"2048x2048":["https:\/\/quehacerpolitico.mx\/wp-content\/uploads\/2023\/12\/IMG_2564.jpeg",1284,693,false],"covernews-featured":["https:\/\/quehacerpolitico.mx\/wp-content\/uploads\/2023\/12\/IMG_2564.jpeg",1024,553,false],"covernews-medium":["https:\/\/quehacerpolitico.mx\/wp-content\/uploads\/2023\/12\/IMG_2564.jpeg",540,291,false]},"author_info":{"display_name":"Redacci\u00f3n QP","author_link":"https:\/\/quehacerpolitico.mx\/?author=2"},"category_info":"<a href=\"https:\/\/quehacerpolitico.mx\/?cat=2\" rel=\"category\">Noticias<\/a>","tag_info":"Noticias","comment_count":"0","_links":{"self":[{"href":"https:\/\/quehacerpolitico.mx\/index.php?rest_route=\/wp\/v2\/posts\/107035","targetHints":{"allow":["GET"]}}],"collection":[{"href":"https:\/\/quehacerpolitico.mx\/index.php?rest_route=\/wp\/v2\/posts"}],"about":[{"href":"https:\/\/quehacerpolitico.mx\/index.php?rest_route=\/wp\/v2\/types\/post"}],"author":[{"embeddable":true,"href":"https:\/\/quehacerpolitico.mx\/index.php?rest_route=\/wp\/v2\/users\/2"}],"replies":[{"embeddable":true,"href":"https:\/\/quehacerpolitico.mx\/index.php?rest_route=%2Fwp%2Fv2%2Fcomments&post=107035"}],"version-history":[{"count":1,"href":"https:\/\/quehacerpolitico.mx\/index.php?rest_route=\/wp\/v2\/posts\/107035\/revisions"}],"predecessor-version":[{"id":107037,"href":"https:\/\/quehacerpolitico.mx\/index.php?rest_route=\/wp\/v2\/posts\/107035\/revisions\/107037"}],"wp:featuredmedia":[{"embeddable":true,"href":"https:\/\/quehacerpolitico.mx\/index.php?rest_route=\/wp\/v2\/media\/107036"}],"wp:attachment":[{"href":"https:\/\/quehacerpolitico.mx\/index.php?rest_route=%2Fwp%2Fv2%2Fmedia&parent=107035"}],"wp:term":[{"taxonomy":"category","embeddable":true,"href":"https:\/\/quehacerpolitico.mx\/index.php?rest_route=%2Fwp%2Fv2%2Fcategories&post=107035"},{"taxonomy":"post_tag","embeddable":true,"href":"https:\/\/quehacerpolitico.mx\/index.php?rest_route=%2Fwp%2Fv2%2Ftags&post=107035"}],"curies":[{"name":"wp","href":"https:\/\/api.w.org\/{rel}","templated":true}]}}