{"id":10703,"date":"2018-12-01T04:43:02","date_gmt":"2018-12-01T04:43:02","guid":{"rendered":"http:\/\/quehacerpolitico.mx\/imagenes-gobierno-de-amlo-presenta-su-nuevo-nombre-y-logo\/"},"modified":"2018-12-01T04:43:02","modified_gmt":"2018-12-01T04:43:02","slug":"imagenes-gobierno-de-amlo-presenta-su-nuevo-nombre-y-logo","status":"publish","type":"post","link":"https:\/\/quehacerpolitico.mx\/?p=10703","title":{"rendered":"[IM\u00c1GENES] Gobierno de AMLO presenta su nuevo nombre y logo"},"content":{"rendered":"<h3 class=\"mtitle\">[IM\u00c1GENES] Gobierno de AMLO presenta su nuevo nombre y logo<\/h3>\n<p>Por Redacci\u00f3n QP<\/p>\n<div class=\"sumary single\">\n<p>Los sellos y la firma tambi\u00e9n ser\u00e1n parte de la \u2018Cuarta Transformaci\u00f3n\u2019 que encabezar\u00e1 Andr\u00e9s Manuel L\u00f3pez Obrador.<\/p>\n<\/div>\n<div class=\"footer date autor movil\">El gobierno entrante que comenzar\u00e1 funciones el primer minuto de ma\u00f1ana s\u00e1bado 1 de diciembre, ya tiene una nueva identidad de la que llaman <strong>\u2018La Cuarta Transformaci\u00f3n\u2019.<\/strong><\/div>\n<div class=\"singleNote\">\n<p>Ser\u00e1 color que asemeja al usado por Morena, que transmite \u2018pasi\u00f3n, movimiento y poder\u2019. Adem\u00e1s, predomina el rojo en varias tonalidades, lo que asemeja al <strong>color caracter\u00edstico de Morena.<\/strong><\/p>\n<p>El gobierno lo administrar\u00e1 el tabasque\u00f1o <strong>Andr\u00e9s Manuel L\u00f3pez Obrador.<\/strong><\/p>\n<p>De acuerdo con el \u2018Manual de identidad\u2019, que utilizar\u00e1n todas las dependencias federales y ser\u00e1 aplicado a partir del 1 de diciembre.<\/p>\n<p>Asimismo, se dio a conocer que la firma tambi\u00e9n cambiar\u00e1: ser\u00e1 \u2018Gobierno de M\u00e9xico\u2019, y no ya <strong>\u2018Gobierno de la Rep\u00fablica\u2019<\/strong>, misma que utiliz\u00f3 <strong>Enrique Pe\u00f1a Nieto.<\/strong><\/p>\n<p><strong>-Sello-<\/strong><\/p>\n<p>El sello ser\u00e1 acompa\u00f1ado de la imagen de cinco h\u00e9roes nacionales: Miguel Hidalgo y <strong>Jos\u00e9 Mar\u00eda Morelos<\/strong>, representantes de la \u201cprimera transformaci\u00f3n\u201d soberanista; Benito Ju\u00e1rez, al centro, representante de la \u201csegunda transformaci\u00f3n\u201d constitucionalista y laica.<\/p>\n<p>Tambi\u00e9n aparecen Francisco I. Madero, representante de la \u201ctercera transformaci\u00f3n\u201d de la libertad de expresi\u00f3n y el respeto a la voluntad popular, y L\u00e1zaro C\u00e1rdenas, por su ideario nacionalista y popular.<\/p>\n<div id=\"attachment_270819\" class=\"wp-caption aligncenter\"><img loading=\"lazy\" decoding=\"async\" class=\"size-medium wp-image-270819\" src=\"https:\/\/elbigdata.mx\/wp-content\/uploads\/2018\/11\/imagen_nuevo_gobierno-768x450.jpg\" sizes=\"auto, (max-width: 768px) 100vw, 768px\" srcset=\"https:\/\/elbigdata.mx\/wp-content\/uploads\/2018\/11\/imagen_nuevo_gobierno-768x450.jpg 768w, https:\/\/elbigdata.mx\/wp-content\/uploads\/2018\/11\/imagen_nuevo_gobierno-360x211.jpg 360w, https:\/\/elbigdata.mx\/wp-content\/uploads\/2018\/11\/imagen_nuevo_gobierno.jpg 854w\" alt=\"\" width=\"768\" height=\"450\" \/><\/p>\n<p class=\"wp-caption-text\">Foto: Grupo Reforma<\/p>\n<\/div>\n<h3><strong>-Tipograf\u00eda-<\/strong><\/h3>\n<p>El equipo de transici\u00f3n cre\u00f3 una tipograf\u00eda propia para la nueva marca, que se denomina fuente \u2018GMX\u2019.<\/p>\n<blockquote>\n<p>\u201cEs una tipograf\u00eda original creada exclusivamente para la identidad de Gobierno de M\u00e9xico. Se busc\u00f3 crear una tipograf\u00eda a la altura de la transformaci\u00f3n del pa\u00eds. Es en\u00e9rgica y con car\u00e1cter, como los mexicanos; contempor\u00e1nea y atrevida pero tambi\u00e9n respetuosa de la gran historia del pa\u00eds\u201d, dice el manual.<\/p>\n<p><em>Con informaci\u00f3n de Reforma<\/em><\/p>\n<\/blockquote>\n<\/div>\n","protected":false},"excerpt":{"rendered":"<p>[IM\u00c1GENES] Gobierno de AMLO presenta su nuevo nombre y logo<br \/>\nPor Redacci\u00f3n QP<\/p>\n","protected":false},"author":2,"featured_media":10702,"comment_status":"open","ping_status":"open","sticky":false,"template":"","format":"standard","meta":{"_monsterinsights_skip_tracking":false,"_monsterinsights_sitenote_active":false,"_monsterinsights_sitenote_note":"","_monsterinsights_sitenote_category":0,"footnotes":""},"categories":[2],"tags":[],"class_list":["post-10703","post","type-post","status-publish","format-standard","has-post-thumbnail","hentry","category-noticias"],"yoast_head":"<!-- This site is optimized with the Yoast SEO plugin v27.3 - https:\/\/yoast.com\/product\/yoast-seo-wordpress\/ -->\n<title>[IM\u00c1GENES] Gobierno de AMLO presenta su nuevo nombre y logo -<\/title>\n<meta name=\"robots\" content=\"index, follow, max-snippet:-1, max-image-preview:large, max-video-preview:-1\" \/>\n<link rel=\"canonical\" href=\"https:\/\/quehacerpolitico.mx\/?p=10703\" \/>\n<meta property=\"og:locale\" content=\"es_MX\" \/>\n<meta property=\"og:type\" content=\"article\" \/>\n<meta property=\"og:title\" content=\"[IM\u00c1GENES] Gobierno de AMLO presenta su nuevo nombre y logo -\" \/>\n<meta property=\"og:description\" content=\"[IM\u00c1GENES] Gobierno de AMLO presenta su nuevo nombre y logo Por Redacci\u00f3n QP\" \/>\n<meta property=\"og:url\" content=\"https:\/\/quehacerpolitico.mx\/?p=10703\" \/>\n<meta property=\"article:published_time\" content=\"2018-12-01T04:43:02+00:00\" \/>\n<meta name=\"author\" content=\"Redacci\u00f3n QP\" \/>\n<meta name=\"twitter:card\" content=\"summary_large_image\" \/>\n<meta name=\"twitter:label1\" content=\"Escrito por\" \/>\n\t<meta name=\"twitter:data1\" content=\"Redacci\u00f3n QP\" \/>\n\t<meta name=\"twitter:label2\" content=\"Tiempo de lectura\" \/>\n\t<meta name=\"twitter:data2\" content=\"2 minutos\" \/>\n<script type=\"application\/ld+json\" class=\"yoast-schema-graph\">{\"@context\":\"https:\\\/\\\/schema.org\",\"@graph\":[{\"@type\":\"Article\",\"@id\":\"https:\\\/\\\/quehacerpolitico.mx\\\/?p=10703#article\",\"isPartOf\":{\"@id\":\"https:\\\/\\\/quehacerpolitico.mx\\\/?p=10703\"},\"author\":{\"name\":\"Redacci\u00f3n QP\",\"@id\":\"https:\\\/\\\/quehacerpolitico.mx\\\/#\\\/schema\\\/person\\\/496d8ad2d1d3f8036101dca7ee39e585\"},\"headline\":\"[IM\u00c1GENES] Gobierno de AMLO presenta su nuevo nombre y logo\",\"datePublished\":\"2018-12-01T04:43:02+00:00\",\"mainEntityOfPage\":{\"@id\":\"https:\\\/\\\/quehacerpolitico.mx\\\/?p=10703\"},\"wordCount\":342,\"commentCount\":0,\"image\":{\"@id\":\"https:\\\/\\\/quehacerpolitico.mx\\\/?p=10703#primaryimage\"},\"thumbnailUrl\":\"\",\"articleSection\":[\"Noticias\"],\"inLanguage\":\"es\",\"potentialAction\":[{\"@type\":\"CommentAction\",\"name\":\"Comment\",\"target\":[\"https:\\\/\\\/quehacerpolitico.mx\\\/?p=10703#respond\"]}]},{\"@type\":\"WebPage\",\"@id\":\"https:\\\/\\\/quehacerpolitico.mx\\\/?p=10703\",\"url\":\"https:\\\/\\\/quehacerpolitico.mx\\\/?p=10703\",\"name\":\"[IM\u00c1GENES] Gobierno de AMLO presenta su nuevo nombre y logo -\",\"isPartOf\":{\"@id\":\"https:\\\/\\\/quehacerpolitico.mx\\\/#website\"},\"primaryImageOfPage\":{\"@id\":\"https:\\\/\\\/quehacerpolitico.mx\\\/?p=10703#primaryimage\"},\"image\":{\"@id\":\"https:\\\/\\\/quehacerpolitico.mx\\\/?p=10703#primaryimage\"},\"thumbnailUrl\":\"\",\"datePublished\":\"2018-12-01T04:43:02+00:00\",\"author\":{\"@id\":\"https:\\\/\\\/quehacerpolitico.mx\\\/#\\\/schema\\\/person\\\/496d8ad2d1d3f8036101dca7ee39e585\"},\"breadcrumb\":{\"@id\":\"https:\\\/\\\/quehacerpolitico.mx\\\/?p=10703#breadcrumb\"},\"inLanguage\":\"es\",\"potentialAction\":[{\"@type\":\"ReadAction\",\"target\":[\"https:\\\/\\\/quehacerpolitico.mx\\\/?p=10703\"]}]},{\"@type\":\"ImageObject\",\"inLanguage\":\"es\",\"@id\":\"https:\\\/\\\/quehacerpolitico.mx\\\/?p=10703#primaryimage\",\"url\":\"\",\"contentUrl\":\"\"},{\"@type\":\"BreadcrumbList\",\"@id\":\"https:\\\/\\\/quehacerpolitico.mx\\\/?p=10703#breadcrumb\",\"itemListElement\":[{\"@type\":\"ListItem\",\"position\":1,\"name\":\"Inicio\",\"item\":\"https:\\\/\\\/quehacerpolitico.mx\\\/\"},{\"@type\":\"ListItem\",\"position\":2,\"name\":\"[IM\u00c1GENES] Gobierno de AMLO presenta su nuevo nombre y logo\"}]},{\"@type\":\"WebSite\",\"@id\":\"https:\\\/\\\/quehacerpolitico.mx\\\/#website\",\"url\":\"https:\\\/\\\/quehacerpolitico.mx\\\/\",\"name\":\"\",\"description\":\"\",\"potentialAction\":[{\"@type\":\"SearchAction\",\"target\":{\"@type\":\"EntryPoint\",\"urlTemplate\":\"https:\\\/\\\/quehacerpolitico.mx\\\/?s={search_term_string}\"},\"query-input\":{\"@type\":\"PropertyValueSpecification\",\"valueRequired\":true,\"valueName\":\"search_term_string\"}}],\"inLanguage\":\"es\"},{\"@type\":\"Person\",\"@id\":\"https:\\\/\\\/quehacerpolitico.mx\\\/#\\\/schema\\\/person\\\/496d8ad2d1d3f8036101dca7ee39e585\",\"name\":\"Redacci\u00f3n QP\",\"image\":{\"@type\":\"ImageObject\",\"inLanguage\":\"es\",\"@id\":\"https:\\\/\\\/secure.gravatar.com\\\/avatar\\\/c7164ed6fdec453195284ad24a5ae5b6e1eed2b848477fa2a4787ba9adf39a41?s=96&d=mm&r=g\",\"url\":\"https:\\\/\\\/secure.gravatar.com\\\/avatar\\\/c7164ed6fdec453195284ad24a5ae5b6e1eed2b848477fa2a4787ba9adf39a41?s=96&d=mm&r=g\",\"contentUrl\":\"https:\\\/\\\/secure.gravatar.com\\\/avatar\\\/c7164ed6fdec453195284ad24a5ae5b6e1eed2b848477fa2a4787ba9adf39a41?s=96&d=mm&r=g\",\"caption\":\"Redacci\u00f3n QP\"},\"url\":\"https:\\\/\\\/quehacerpolitico.mx\\\/?author=2\"}]}<\/script>\n<!-- \/ Yoast SEO plugin. -->","yoast_head_json":{"title":"[IM\u00c1GENES] Gobierno de AMLO presenta su nuevo nombre y logo -","robots":{"index":"index","follow":"follow","max-snippet":"max-snippet:-1","max-image-preview":"max-image-preview:large","max-video-preview":"max-video-preview:-1"},"canonical":"https:\/\/quehacerpolitico.mx\/?p=10703","og_locale":"es_MX","og_type":"article","og_title":"[IM\u00c1GENES] Gobierno de AMLO presenta su nuevo nombre y logo -","og_description":"[IM\u00c1GENES] Gobierno de AMLO presenta su nuevo nombre y logo Por Redacci\u00f3n QP","og_url":"https:\/\/quehacerpolitico.mx\/?p=10703","article_published_time":"2018-12-01T04:43:02+00:00","author":"Redacci\u00f3n QP","twitter_card":"summary_large_image","twitter_misc":{"Escrito por":"Redacci\u00f3n QP","Tiempo de lectura":"2 minutos"},"schema":{"@context":"https:\/\/schema.org","@graph":[{"@type":"Article","@id":"https:\/\/quehacerpolitico.mx\/?p=10703#article","isPartOf":{"@id":"https:\/\/quehacerpolitico.mx\/?p=10703"},"author":{"name":"Redacci\u00f3n QP","@id":"https:\/\/quehacerpolitico.mx\/#\/schema\/person\/496d8ad2d1d3f8036101dca7ee39e585"},"headline":"[IM\u00c1GENES] Gobierno de AMLO presenta su nuevo nombre y logo","datePublished":"2018-12-01T04:43:02+00:00","mainEntityOfPage":{"@id":"https:\/\/quehacerpolitico.mx\/?p=10703"},"wordCount":342,"commentCount":0,"image":{"@id":"https:\/\/quehacerpolitico.mx\/?p=10703#primaryimage"},"thumbnailUrl":"","articleSection":["Noticias"],"inLanguage":"es","potentialAction":[{"@type":"CommentAction","name":"Comment","target":["https:\/\/quehacerpolitico.mx\/?p=10703#respond"]}]},{"@type":"WebPage","@id":"https:\/\/quehacerpolitico.mx\/?p=10703","url":"https:\/\/quehacerpolitico.mx\/?p=10703","name":"[IM\u00c1GENES] Gobierno de AMLO presenta su nuevo nombre y logo -","isPartOf":{"@id":"https:\/\/quehacerpolitico.mx\/#website"},"primaryImageOfPage":{"@id":"https:\/\/quehacerpolitico.mx\/?p=10703#primaryimage"},"image":{"@id":"https:\/\/quehacerpolitico.mx\/?p=10703#primaryimage"},"thumbnailUrl":"","datePublished":"2018-12-01T04:43:02+00:00","author":{"@id":"https:\/\/quehacerpolitico.mx\/#\/schema\/person\/496d8ad2d1d3f8036101dca7ee39e585"},"breadcrumb":{"@id":"https:\/\/quehacerpolitico.mx\/?p=10703#breadcrumb"},"inLanguage":"es","potentialAction":[{"@type":"ReadAction","target":["https:\/\/quehacerpolitico.mx\/?p=10703"]}]},{"@type":"ImageObject","inLanguage":"es","@id":"https:\/\/quehacerpolitico.mx\/?p=10703#primaryimage","url":"","contentUrl":""},{"@type":"BreadcrumbList","@id":"https:\/\/quehacerpolitico.mx\/?p=10703#breadcrumb","itemListElement":[{"@type":"ListItem","position":1,"name":"Inicio","item":"https:\/\/quehacerpolitico.mx\/"},{"@type":"ListItem","position":2,"name":"[IM\u00c1GENES] Gobierno de AMLO presenta su nuevo nombre y logo"}]},{"@type":"WebSite","@id":"https:\/\/quehacerpolitico.mx\/#website","url":"https:\/\/quehacerpolitico.mx\/","name":"","description":"","potentialAction":[{"@type":"SearchAction","target":{"@type":"EntryPoint","urlTemplate":"https:\/\/quehacerpolitico.mx\/?s={search_term_string}"},"query-input":{"@type":"PropertyValueSpecification","valueRequired":true,"valueName":"search_term_string"}}],"inLanguage":"es"},{"@type":"Person","@id":"https:\/\/quehacerpolitico.mx\/#\/schema\/person\/496d8ad2d1d3f8036101dca7ee39e585","name":"Redacci\u00f3n QP","image":{"@type":"ImageObject","inLanguage":"es","@id":"https:\/\/secure.gravatar.com\/avatar\/c7164ed6fdec453195284ad24a5ae5b6e1eed2b848477fa2a4787ba9adf39a41?s=96&d=mm&r=g","url":"https:\/\/secure.gravatar.com\/avatar\/c7164ed6fdec453195284ad24a5ae5b6e1eed2b848477fa2a4787ba9adf39a41?s=96&d=mm&r=g","contentUrl":"https:\/\/secure.gravatar.com\/avatar\/c7164ed6fdec453195284ad24a5ae5b6e1eed2b848477fa2a4787ba9adf39a41?s=96&d=mm&r=g","caption":"Redacci\u00f3n QP"},"url":"https:\/\/quehacerpolitico.mx\/?author=2"}]}},"featured_image_urls":{"full":"","thumbnail":"","medium":"","medium_large":"","large":"","1536x1536":"","2048x2048":"","covernews-featured":"","covernews-medium":""},"author_info":{"display_name":"Redacci\u00f3n QP","author_link":"https:\/\/quehacerpolitico.mx\/?author=2"},"category_info":"<a href=\"https:\/\/quehacerpolitico.mx\/?cat=2\" rel=\"category\">Noticias<\/a>","tag_info":"Noticias","comment_count":"0","_links":{"self":[{"href":"https:\/\/quehacerpolitico.mx\/index.php?rest_route=\/wp\/v2\/posts\/10703","targetHints":{"allow":["GET"]}}],"collection":[{"href":"https:\/\/quehacerpolitico.mx\/index.php?rest_route=\/wp\/v2\/posts"}],"about":[{"href":"https:\/\/quehacerpolitico.mx\/index.php?rest_route=\/wp\/v2\/types\/post"}],"author":[{"embeddable":true,"href":"https:\/\/quehacerpolitico.mx\/index.php?rest_route=\/wp\/v2\/users\/2"}],"replies":[{"embeddable":true,"href":"https:\/\/quehacerpolitico.mx\/index.php?rest_route=%2Fwp%2Fv2%2Fcomments&post=10703"}],"version-history":[{"count":0,"href":"https:\/\/quehacerpolitico.mx\/index.php?rest_route=\/wp\/v2\/posts\/10703\/revisions"}],"wp:featuredmedia":[{"embeddable":true,"href":"https:\/\/quehacerpolitico.mx\/index.php?rest_route=\/"}],"wp:attachment":[{"href":"https:\/\/quehacerpolitico.mx\/index.php?rest_route=%2Fwp%2Fv2%2Fmedia&parent=10703"}],"wp:term":[{"taxonomy":"category","embeddable":true,"href":"https:\/\/quehacerpolitico.mx\/index.php?rest_route=%2Fwp%2Fv2%2Fcategories&post=10703"},{"taxonomy":"post_tag","embeddable":true,"href":"https:\/\/quehacerpolitico.mx\/index.php?rest_route=%2Fwp%2Fv2%2Ftags&post=10703"}],"curies":[{"name":"wp","href":"https:\/\/api.w.org\/{rel}","templated":true}]}}