{"id":106993,"date":"2023-12-11T19:14:11","date_gmt":"2023-12-11T19:14:11","guid":{"rendered":"https:\/\/quehacerpolitico.mx\/?p=106993"},"modified":"2023-12-11T19:14:14","modified_gmt":"2023-12-11T19:14:14","slug":"no-renuncia-reyes-rodriguez-mondragon-al-tribunal-electoral-del-poder-judicial-de-la-federacion-tepjf","status":"publish","type":"post","link":"https:\/\/quehacerpolitico.mx\/?p=106993","title":{"rendered":"NO renuncia Reyes Rodr\u00edguez Mondrag\u00f3n al Tribunal Electoral del Poder Judicial de la Federaci\u00f3n (TEPJF)"},"content":{"rendered":"\n<p>Por Redacci\u00f3n QP<\/p>\n\n\n\n<p><strong>Reyes Rodr\u00edguez Mondrag\u00f3n<\/strong>\u00a0anunci\u00f3 este lunes que no renunciar\u00e1 a su cargo como magistrado presidente del Tribunal Electoral del Poder Judicial de la Federaci\u00f3n (<strong>TEPJF<\/strong>) y dijo que convocar\u00e1 al pleno a reanudar la sesi\u00f3n del pasado\u00a0<strong>7 de septiembre<\/strong>\u00a0para que en ella se ponga a consideraci\u00f3n de sus integrantes su permanencia frente al\u00a0<strong>tribunal<\/strong>.<\/p>\n\n\n\n<p>\u201cDeseo anunciar mi decisi\u00f3n de no\u00a0<strong>renunciar<\/strong>\u00a0a mi\u00a0<strong>encargo<\/strong>\u00a0como magistrado electoral de la Sala Superior, el cual me fue conferido por el Senado de la Rep\u00fablica desde 2016\u2033, anunci\u00f3\u00a0<strong>Rodr\u00edguez Mondrag\u00f3n<\/strong>\u00a0en un comunicado en sus redes sociales.<\/p>\n\n\n\n<figure class=\"wp-block-embed is-type-rich is-provider-twitter wp-block-embed-twitter\"><div class=\"wp-block-embed__wrapper\">\n<blockquote class=\"twitter-tweet\" data-width=\"550\" data-dnt=\"true\"><p lang=\"es\" dir=\"ltr\">Anuncio mi decisi\u00f3n de no renunciar a mi cargo como magistrado electoral de la Sala Superior del <a href=\"https:\/\/twitter.com\/TEPJF_informa?ref_src=twsrc%5Etfw\">@TEPJF_informa<\/a>: <a href=\"https:\/\/t.co\/wvHj3umagN\">pic.twitter.com\/wvHj3umagN<\/a><\/p>&mdash; Reyes Rodr\u00edguez Mondrag\u00f3n (@ReyesRdzM) <a href=\"https:\/\/twitter.com\/ReyesRdzM\/status\/1734246593572884563?ref_src=twsrc%5Etfw\">December 11, 2023<\/a><\/blockquote><script async src=\"https:\/\/platform.twitter.com\/widgets.js\" charset=\"utf-8\"><\/script>\n<\/div><\/figure>\n\n\n\n<p>\u201cConvocar\u00e9 al pleno del TEPJF para reanudar la sesi\u00f3n p\u00fablica del pasado 7 de diciembre con la presencia de las cinco magistraturas, y ser\u00e1 en ese espacio donde ponga a su\u00a0<strong>consideraci\u00f3n<\/strong>\u00a0mi\u00a0<strong>permanencia<\/strong>\u00a0en la presidencial del tribunal, seguro de que la construcci\u00f3n de una soluci\u00f3n colegiada es la mejor salida posible para resolver nuestras diferencias\u201d, indic\u00f3.<\/p>\n\n\n\n<p>Rodr\u00edguez Mondrag\u00f3n no anunci\u00f3 si hoy\u00a0<strong>reanudar\u00e1<\/strong>\u00a0la sesi\u00f3n del pleno de la Sala Superior, pero refrend\u00f3 su convicci\u00f3n democr\u00e1tica para encontrar acuerdos para superar las diferencias con respeto a la Constituci\u00f3n.<\/p>\n\n\n\n<figure class=\"wp-block-embed is-type-rich is-provider-twitter wp-block-embed-twitter\"><div class=\"wp-block-embed__wrapper\">\n<blockquote class=\"twitter-tweet\" data-width=\"550\" data-dnt=\"true\"><p lang=\"es\" dir=\"ltr\">El magistrado Reyes Rodr\u00edguez Mondrag\u00f3n espera resolver las  &quot;diferencias&quot; con tres de sus compa\u00f1eros que le piden dejar la presidencia del Tribunal Electoral\ud83e\udd14 <a href=\"https:\/\/t.co\/i5UojC1S5Y\">pic.twitter.com\/i5UojC1S5Y<\/a><\/p>&mdash; Manuel Lopez San Martin (@MLopezSanMartin) <a href=\"https:\/\/twitter.com\/MLopezSanMartin\/status\/1734285638457872895?ref_src=twsrc%5Etfw\">December 11, 2023<\/a><\/blockquote><script async src=\"https:\/\/platform.twitter.com\/widgets.js\" charset=\"utf-8\"><\/script>\n<\/div><\/figure>\n\n\n\n<p>El a\u00fan presidente del TEPJF afirm\u00f3 que ha seguido con&nbsp;<strong>atenci\u00f3n<\/strong>&nbsp;las manifestaciones hechas por organizaciones de la sociedad civil, que han pedido&nbsp;<strong>di\u00e1logo<\/strong>&nbsp;a los magistrados para resolver este diferendo.&nbsp;<\/p>\n\n\n\n<p>\u201cCreo firmemente que debemos continuar en esa ruta, donde la mejor manera de abordar las diferencias es resolvi\u00e9ndolas conjuntamente, con rigor legal y de manera directa, de cara a la sociedad\u201d, afirm\u00f3.<\/p>\n\n\n\n<p>Este domingo, el bloque de magistrados M\u00f3nica Soto, Alfredo Fuentes y Felipe de la Mata Piza\u00f1a, pidi\u00f3 al presidente del TEPJF,&nbsp;<strong>Reyes Rodr\u00edguez Mondrag\u00f3n<\/strong>, dejar de \u201c<strong>aferrarse<\/strong>\u201d al cargo y presentar su&nbsp;<strong>renuncia<\/strong>&nbsp;este lunes.<\/p>\n\n\n\n<p>\u201cReyes Rodr\u00edguez ha mostrado&nbsp;<strong>debilidad<\/strong>&nbsp;en el manejo de esta instituci\u00f3n que es de vital importancia para la estabilidad&nbsp;<strong>democr\u00e1tica<\/strong>del pa\u00eds. Sus decisiones carecen de&nbsp;<strong>confiabilidad<\/strong>, ya que en sus funciones se ha sometido a&nbsp;<strong>intereses<\/strong>&nbsp;<strong>ajenos<\/strong>&nbsp;al tribunal\u201d, sostuvieron los tres magistrados.<\/p>\n\n\n\n<p>\u201cEsperamos que el proceso de reflexi\u00f3n en el cual a\u00fan se mantiene inmerso, el magistrado Reyes Rodr\u00edguez, ponga por encima el inter\u00e9s superior del pa\u00eds y la estabilidad del actual proceso electoral. Reiteramos que&nbsp;<strong>aferrarse<\/strong>&nbsp;al&nbsp;<strong>cargo<\/strong>&nbsp;tendr\u00e1 consecuencias nocivas para la autonom\u00eda de este \u00f3rgano\u201d, dijeron.<\/p>\n\n\n\n<h2 class=\"wp-block-heading\" id=\"h-barra-de-abogados-llamo-a-dejar-de-lado-los-intereses-personales-y-evitar-un-cambio-intempestivo-en-la-presidencia\">Barra de Abogados llam\u00f3 a dejar de lado los intereses personales y evitar \u201cun cambio intempestivo\u201d en la presidencia&nbsp;<\/h2>\n\n\n\n<p>Este mismo lunes la Barra Mexicana de Abogados llam\u00f3 a los magistrados\u00a0<strong>M\u00f3nica Soto, Felipe de la Mata\u00a0<\/strong>y\u00a0<strong>Felipe Fuentes Barrera<\/strong>\u00a0a dejar de lado los intereses personales y evitar \u201cun cambio intempestivo\u201d en la presidencia del tribunal.<\/p>\n\n\n\n<p>En un comunicado, la Barra se\u00f1ala que entienden que el tribunal pueda tener\u00a0<strong>diferencias<\/strong>\u00a0<strong>internas<\/strong>, sin embargo, hicieron un llamado al di\u00e1logo entre sus integrantes a fin de no generar incertidumbre e\u00a0<strong>inestabilidad<\/strong>\u00a0en la\u00a0<strong>democracia<\/strong>\u00a0mexicana.<\/p>\n\n\n\n<figure class=\"wp-block-embed is-type-rich is-provider-twitter wp-block-embed-twitter\"><div class=\"wp-block-embed__wrapper\">\n<blockquote class=\"twitter-tweet\" data-width=\"550\" data-dnt=\"true\"><p lang=\"es\" dir=\"ltr\">La BMA, con preocupaci\u00f3n, ha dado seguimiento a los desencuentros p\u00fablicos que al interior del <a href=\"https:\/\/twitter.com\/TEPJF_informa?ref_src=twsrc%5Etfw\">@TEPJF_informa<\/a> se han desarrollado durante los \u00faltimos d\u00edas.<br>Aqu\u00ed nuestra posici\u00f3n al respecto \ud83d\udc47\ud83c\udffd <a href=\"https:\/\/t.co\/AbZzMrDE3i\">pic.twitter.com\/AbZzMrDE3i<\/a><\/p>&mdash; Barra Mexicana, Colegio de Abogados A.C. (@BMA_Abogados) <a href=\"https:\/\/twitter.com\/BMA_Abogados\/status\/1734217612840607947?ref_src=twsrc%5Etfw\">December 11, 2023<\/a><\/blockquote><script async src=\"https:\/\/platform.twitter.com\/widgets.js\" charset=\"utf-8\"><\/script>\n<\/div><\/figure>\n\n\n\n<p>\u201cUn proceso electoral como el que vive el pa\u00eds no necesita que la m\u00e1xima autoridad jurisdiccional en la materia tenga un cambio\u00a0<strong>accidentado<\/strong>\u00a0e\u00a0<strong>intempestivo<\/strong>\u00a0en su presidencia\u201d, indicaron.<\/p>\n","protected":false},"excerpt":{"rendered":"<p>Por Redacci\u00f3n QP Reyes Rodr\u00edguez Mondrag\u00f3n\u00a0anunci\u00f3 este lunes que no renunciar\u00e1 a su cargo como&#8230;<\/p>\n","protected":false},"author":2,"featured_media":106994,"comment_status":"open","ping_status":"open","sticky":false,"template":"","format":"standard","meta":{"_monsterinsights_skip_tracking":false,"_monsterinsights_sitenote_active":false,"_monsterinsights_sitenote_note":"","_monsterinsights_sitenote_category":0,"footnotes":""},"categories":[2],"tags":[],"class_list":["post-106993","post","type-post","status-publish","format-standard","has-post-thumbnail","hentry","category-noticias"],"yoast_head":"<!-- This site is optimized with the Yoast SEO plugin v27.3 - https:\/\/yoast.com\/product\/yoast-seo-wordpress\/ -->\n<title>NO renuncia Reyes Rodr\u00edguez Mondrag\u00f3n al Tribunal Electoral del Poder Judicial de la Federaci\u00f3n (TEPJF) -<\/title>\n<meta name=\"robots\" content=\"index, follow, max-snippet:-1, max-image-preview:large, max-video-preview:-1\" \/>\n<link rel=\"canonical\" href=\"https:\/\/quehacerpolitico.mx\/?p=106993\" \/>\n<meta property=\"og:locale\" content=\"es_MX\" \/>\n<meta property=\"og:type\" content=\"article\" \/>\n<meta property=\"og:title\" content=\"NO renuncia Reyes Rodr\u00edguez Mondrag\u00f3n al Tribunal Electoral del Poder Judicial de la Federaci\u00f3n (TEPJF) -\" \/>\n<meta property=\"og:description\" content=\"Por Redacci\u00f3n QP Reyes Rodr\u00edguez Mondrag\u00f3n\u00a0anunci\u00f3 este lunes que no renunciar\u00e1 a su cargo como...\" \/>\n<meta property=\"og:url\" content=\"https:\/\/quehacerpolitico.mx\/?p=106993\" \/>\n<meta property=\"article:published_time\" content=\"2023-12-11T19:14:11+00:00\" \/>\n<meta property=\"article:modified_time\" content=\"2023-12-11T19:14:14+00:00\" \/>\n<meta property=\"og:image\" content=\"https:\/\/quehacerpolitico.mx\/wp-content\/uploads\/2023\/12\/IMG_2541.jpeg\" \/>\n\t<meta property=\"og:image:width\" content=\"1284\" \/>\n\t<meta property=\"og:image:height\" content=\"711\" \/>\n\t<meta property=\"og:image:type\" content=\"image\/jpeg\" \/>\n<meta name=\"author\" content=\"Redacci\u00f3n QP\" \/>\n<meta name=\"twitter:card\" content=\"summary_large_image\" \/>\n<meta name=\"twitter:label1\" content=\"Escrito por\" \/>\n\t<meta name=\"twitter:data1\" content=\"Redacci\u00f3n QP\" \/>\n\t<meta name=\"twitter:label2\" content=\"Tiempo de lectura\" \/>\n\t<meta name=\"twitter:data2\" content=\"3 minutos\" \/>\n<script type=\"application\/ld+json\" class=\"yoast-schema-graph\">{\"@context\":\"https:\\\/\\\/schema.org\",\"@graph\":[{\"@type\":\"Article\",\"@id\":\"https:\\\/\\\/quehacerpolitico.mx\\\/?p=106993#article\",\"isPartOf\":{\"@id\":\"https:\\\/\\\/quehacerpolitico.mx\\\/?p=106993\"},\"author\":{\"name\":\"Redacci\u00f3n QP\",\"@id\":\"https:\\\/\\\/quehacerpolitico.mx\\\/#\\\/schema\\\/person\\\/496d8ad2d1d3f8036101dca7ee39e585\"},\"headline\":\"NO renuncia Reyes Rodr\u00edguez Mondrag\u00f3n al Tribunal Electoral del Poder Judicial de la Federaci\u00f3n (TEPJF)\",\"datePublished\":\"2023-12-11T19:14:11+00:00\",\"dateModified\":\"2023-12-11T19:14:14+00:00\",\"mainEntityOfPage\":{\"@id\":\"https:\\\/\\\/quehacerpolitico.mx\\\/?p=106993\"},\"wordCount\":614,\"commentCount\":0,\"image\":{\"@id\":\"https:\\\/\\\/quehacerpolitico.mx\\\/?p=106993#primaryimage\"},\"thumbnailUrl\":\"https:\\\/\\\/quehacerpolitico.mx\\\/wp-content\\\/uploads\\\/2023\\\/12\\\/IMG_2541.jpeg\",\"articleSection\":[\"Noticias\"],\"inLanguage\":\"es\",\"potentialAction\":[{\"@type\":\"CommentAction\",\"name\":\"Comment\",\"target\":[\"https:\\\/\\\/quehacerpolitico.mx\\\/?p=106993#respond\"]}]},{\"@type\":\"WebPage\",\"@id\":\"https:\\\/\\\/quehacerpolitico.mx\\\/?p=106993\",\"url\":\"https:\\\/\\\/quehacerpolitico.mx\\\/?p=106993\",\"name\":\"NO renuncia Reyes Rodr\u00edguez Mondrag\u00f3n al Tribunal Electoral del Poder Judicial de la Federaci\u00f3n (TEPJF) -\",\"isPartOf\":{\"@id\":\"https:\\\/\\\/quehacerpolitico.mx\\\/#website\"},\"primaryImageOfPage\":{\"@id\":\"https:\\\/\\\/quehacerpolitico.mx\\\/?p=106993#primaryimage\"},\"image\":{\"@id\":\"https:\\\/\\\/quehacerpolitico.mx\\\/?p=106993#primaryimage\"},\"thumbnailUrl\":\"https:\\\/\\\/quehacerpolitico.mx\\\/wp-content\\\/uploads\\\/2023\\\/12\\\/IMG_2541.jpeg\",\"datePublished\":\"2023-12-11T19:14:11+00:00\",\"dateModified\":\"2023-12-11T19:14:14+00:00\",\"author\":{\"@id\":\"https:\\\/\\\/quehacerpolitico.mx\\\/#\\\/schema\\\/person\\\/496d8ad2d1d3f8036101dca7ee39e585\"},\"breadcrumb\":{\"@id\":\"https:\\\/\\\/quehacerpolitico.mx\\\/?p=106993#breadcrumb\"},\"inLanguage\":\"es\",\"potentialAction\":[{\"@type\":\"ReadAction\",\"target\":[\"https:\\\/\\\/quehacerpolitico.mx\\\/?p=106993\"]}]},{\"@type\":\"ImageObject\",\"inLanguage\":\"es\",\"@id\":\"https:\\\/\\\/quehacerpolitico.mx\\\/?p=106993#primaryimage\",\"url\":\"https:\\\/\\\/quehacerpolitico.mx\\\/wp-content\\\/uploads\\\/2023\\\/12\\\/IMG_2541.jpeg\",\"contentUrl\":\"https:\\\/\\\/quehacerpolitico.mx\\\/wp-content\\\/uploads\\\/2023\\\/12\\\/IMG_2541.jpeg\",\"width\":1284,\"height\":711},{\"@type\":\"BreadcrumbList\",\"@id\":\"https:\\\/\\\/quehacerpolitico.mx\\\/?p=106993#breadcrumb\",\"itemListElement\":[{\"@type\":\"ListItem\",\"position\":1,\"name\":\"Inicio\",\"item\":\"https:\\\/\\\/quehacerpolitico.mx\\\/\"},{\"@type\":\"ListItem\",\"position\":2,\"name\":\"NO renuncia Reyes Rodr\u00edguez Mondrag\u00f3n al Tribunal Electoral del Poder Judicial de la Federaci\u00f3n (TEPJF)\"}]},{\"@type\":\"WebSite\",\"@id\":\"https:\\\/\\\/quehacerpolitico.mx\\\/#website\",\"url\":\"https:\\\/\\\/quehacerpolitico.mx\\\/\",\"name\":\"\",\"description\":\"\",\"potentialAction\":[{\"@type\":\"SearchAction\",\"target\":{\"@type\":\"EntryPoint\",\"urlTemplate\":\"https:\\\/\\\/quehacerpolitico.mx\\\/?s={search_term_string}\"},\"query-input\":{\"@type\":\"PropertyValueSpecification\",\"valueRequired\":true,\"valueName\":\"search_term_string\"}}],\"inLanguage\":\"es\"},{\"@type\":\"Person\",\"@id\":\"https:\\\/\\\/quehacerpolitico.mx\\\/#\\\/schema\\\/person\\\/496d8ad2d1d3f8036101dca7ee39e585\",\"name\":\"Redacci\u00f3n QP\",\"image\":{\"@type\":\"ImageObject\",\"inLanguage\":\"es\",\"@id\":\"https:\\\/\\\/secure.gravatar.com\\\/avatar\\\/c7164ed6fdec453195284ad24a5ae5b6e1eed2b848477fa2a4787ba9adf39a41?s=96&d=mm&r=g\",\"url\":\"https:\\\/\\\/secure.gravatar.com\\\/avatar\\\/c7164ed6fdec453195284ad24a5ae5b6e1eed2b848477fa2a4787ba9adf39a41?s=96&d=mm&r=g\",\"contentUrl\":\"https:\\\/\\\/secure.gravatar.com\\\/avatar\\\/c7164ed6fdec453195284ad24a5ae5b6e1eed2b848477fa2a4787ba9adf39a41?s=96&d=mm&r=g\",\"caption\":\"Redacci\u00f3n QP\"},\"url\":\"https:\\\/\\\/quehacerpolitico.mx\\\/?author=2\"}]}<\/script>\n<!-- \/ Yoast SEO plugin. -->","yoast_head_json":{"title":"NO renuncia Reyes Rodr\u00edguez Mondrag\u00f3n al Tribunal Electoral del Poder Judicial de la Federaci\u00f3n (TEPJF) -","robots":{"index":"index","follow":"follow","max-snippet":"max-snippet:-1","max-image-preview":"max-image-preview:large","max-video-preview":"max-video-preview:-1"},"canonical":"https:\/\/quehacerpolitico.mx\/?p=106993","og_locale":"es_MX","og_type":"article","og_title":"NO renuncia Reyes Rodr\u00edguez Mondrag\u00f3n al Tribunal Electoral del Poder Judicial de la Federaci\u00f3n (TEPJF) -","og_description":"Por Redacci\u00f3n QP Reyes Rodr\u00edguez Mondrag\u00f3n\u00a0anunci\u00f3 este lunes que no renunciar\u00e1 a su cargo como...","og_url":"https:\/\/quehacerpolitico.mx\/?p=106993","article_published_time":"2023-12-11T19:14:11+00:00","article_modified_time":"2023-12-11T19:14:14+00:00","og_image":[{"width":1284,"height":711,"url":"https:\/\/quehacerpolitico.mx\/wp-content\/uploads\/2023\/12\/IMG_2541.jpeg","type":"image\/jpeg"}],"author":"Redacci\u00f3n QP","twitter_card":"summary_large_image","twitter_misc":{"Escrito por":"Redacci\u00f3n QP","Tiempo de lectura":"3 minutos"},"schema":{"@context":"https:\/\/schema.org","@graph":[{"@type":"Article","@id":"https:\/\/quehacerpolitico.mx\/?p=106993#article","isPartOf":{"@id":"https:\/\/quehacerpolitico.mx\/?p=106993"},"author":{"name":"Redacci\u00f3n QP","@id":"https:\/\/quehacerpolitico.mx\/#\/schema\/person\/496d8ad2d1d3f8036101dca7ee39e585"},"headline":"NO renuncia Reyes Rodr\u00edguez Mondrag\u00f3n al Tribunal Electoral del Poder Judicial de la Federaci\u00f3n (TEPJF)","datePublished":"2023-12-11T19:14:11+00:00","dateModified":"2023-12-11T19:14:14+00:00","mainEntityOfPage":{"@id":"https:\/\/quehacerpolitico.mx\/?p=106993"},"wordCount":614,"commentCount":0,"image":{"@id":"https:\/\/quehacerpolitico.mx\/?p=106993#primaryimage"},"thumbnailUrl":"https:\/\/quehacerpolitico.mx\/wp-content\/uploads\/2023\/12\/IMG_2541.jpeg","articleSection":["Noticias"],"inLanguage":"es","potentialAction":[{"@type":"CommentAction","name":"Comment","target":["https:\/\/quehacerpolitico.mx\/?p=106993#respond"]}]},{"@type":"WebPage","@id":"https:\/\/quehacerpolitico.mx\/?p=106993","url":"https:\/\/quehacerpolitico.mx\/?p=106993","name":"NO renuncia Reyes Rodr\u00edguez Mondrag\u00f3n al Tribunal Electoral del Poder Judicial de la Federaci\u00f3n (TEPJF) -","isPartOf":{"@id":"https:\/\/quehacerpolitico.mx\/#website"},"primaryImageOfPage":{"@id":"https:\/\/quehacerpolitico.mx\/?p=106993#primaryimage"},"image":{"@id":"https:\/\/quehacerpolitico.mx\/?p=106993#primaryimage"},"thumbnailUrl":"https:\/\/quehacerpolitico.mx\/wp-content\/uploads\/2023\/12\/IMG_2541.jpeg","datePublished":"2023-12-11T19:14:11+00:00","dateModified":"2023-12-11T19:14:14+00:00","author":{"@id":"https:\/\/quehacerpolitico.mx\/#\/schema\/person\/496d8ad2d1d3f8036101dca7ee39e585"},"breadcrumb":{"@id":"https:\/\/quehacerpolitico.mx\/?p=106993#breadcrumb"},"inLanguage":"es","potentialAction":[{"@type":"ReadAction","target":["https:\/\/quehacerpolitico.mx\/?p=106993"]}]},{"@type":"ImageObject","inLanguage":"es","@id":"https:\/\/quehacerpolitico.mx\/?p=106993#primaryimage","url":"https:\/\/quehacerpolitico.mx\/wp-content\/uploads\/2023\/12\/IMG_2541.jpeg","contentUrl":"https:\/\/quehacerpolitico.mx\/wp-content\/uploads\/2023\/12\/IMG_2541.jpeg","width":1284,"height":711},{"@type":"BreadcrumbList","@id":"https:\/\/quehacerpolitico.mx\/?p=106993#breadcrumb","itemListElement":[{"@type":"ListItem","position":1,"name":"Inicio","item":"https:\/\/quehacerpolitico.mx\/"},{"@type":"ListItem","position":2,"name":"NO renuncia Reyes Rodr\u00edguez Mondrag\u00f3n al Tribunal Electoral del Poder Judicial de la Federaci\u00f3n (TEPJF)"}]},{"@type":"WebSite","@id":"https:\/\/quehacerpolitico.mx\/#website","url":"https:\/\/quehacerpolitico.mx\/","name":"","description":"","potentialAction":[{"@type":"SearchAction","target":{"@type":"EntryPoint","urlTemplate":"https:\/\/quehacerpolitico.mx\/?s={search_term_string}"},"query-input":{"@type":"PropertyValueSpecification","valueRequired":true,"valueName":"search_term_string"}}],"inLanguage":"es"},{"@type":"Person","@id":"https:\/\/quehacerpolitico.mx\/#\/schema\/person\/496d8ad2d1d3f8036101dca7ee39e585","name":"Redacci\u00f3n QP","image":{"@type":"ImageObject","inLanguage":"es","@id":"https:\/\/secure.gravatar.com\/avatar\/c7164ed6fdec453195284ad24a5ae5b6e1eed2b848477fa2a4787ba9adf39a41?s=96&d=mm&r=g","url":"https:\/\/secure.gravatar.com\/avatar\/c7164ed6fdec453195284ad24a5ae5b6e1eed2b848477fa2a4787ba9adf39a41?s=96&d=mm&r=g","contentUrl":"https:\/\/secure.gravatar.com\/avatar\/c7164ed6fdec453195284ad24a5ae5b6e1eed2b848477fa2a4787ba9adf39a41?s=96&d=mm&r=g","caption":"Redacci\u00f3n QP"},"url":"https:\/\/quehacerpolitico.mx\/?author=2"}]}},"featured_image_urls":{"full":["https:\/\/quehacerpolitico.mx\/wp-content\/uploads\/2023\/12\/IMG_2541.jpeg",1284,711,false],"thumbnail":["https:\/\/quehacerpolitico.mx\/wp-content\/uploads\/2023\/12\/IMG_2541-150x150.jpeg",150,150,true],"medium":["https:\/\/quehacerpolitico.mx\/wp-content\/uploads\/2023\/12\/IMG_2541-300x166.jpeg",300,166,true],"medium_large":["https:\/\/quehacerpolitico.mx\/wp-content\/uploads\/2023\/12\/IMG_2541-768x425.jpeg",640,354,true],"large":["https:\/\/quehacerpolitico.mx\/wp-content\/uploads\/2023\/12\/IMG_2541-1024x567.jpeg",640,354,true],"1536x1536":["https:\/\/quehacerpolitico.mx\/wp-content\/uploads\/2023\/12\/IMG_2541.jpeg",1284,711,false],"2048x2048":["https:\/\/quehacerpolitico.mx\/wp-content\/uploads\/2023\/12\/IMG_2541.jpeg",1284,711,false],"covernews-featured":["https:\/\/quehacerpolitico.mx\/wp-content\/uploads\/2023\/12\/IMG_2541.jpeg",1024,567,false],"covernews-medium":["https:\/\/quehacerpolitico.mx\/wp-content\/uploads\/2023\/12\/IMG_2541.jpeg",540,299,false]},"author_info":{"display_name":"Redacci\u00f3n QP","author_link":"https:\/\/quehacerpolitico.mx\/?author=2"},"category_info":"<a href=\"https:\/\/quehacerpolitico.mx\/?cat=2\" rel=\"category\">Noticias<\/a>","tag_info":"Noticias","comment_count":"0","_links":{"self":[{"href":"https:\/\/quehacerpolitico.mx\/index.php?rest_route=\/wp\/v2\/posts\/106993","targetHints":{"allow":["GET"]}}],"collection":[{"href":"https:\/\/quehacerpolitico.mx\/index.php?rest_route=\/wp\/v2\/posts"}],"about":[{"href":"https:\/\/quehacerpolitico.mx\/index.php?rest_route=\/wp\/v2\/types\/post"}],"author":[{"embeddable":true,"href":"https:\/\/quehacerpolitico.mx\/index.php?rest_route=\/wp\/v2\/users\/2"}],"replies":[{"embeddable":true,"href":"https:\/\/quehacerpolitico.mx\/index.php?rest_route=%2Fwp%2Fv2%2Fcomments&post=106993"}],"version-history":[{"count":1,"href":"https:\/\/quehacerpolitico.mx\/index.php?rest_route=\/wp\/v2\/posts\/106993\/revisions"}],"predecessor-version":[{"id":106995,"href":"https:\/\/quehacerpolitico.mx\/index.php?rest_route=\/wp\/v2\/posts\/106993\/revisions\/106995"}],"wp:featuredmedia":[{"embeddable":true,"href":"https:\/\/quehacerpolitico.mx\/index.php?rest_route=\/wp\/v2\/media\/106994"}],"wp:attachment":[{"href":"https:\/\/quehacerpolitico.mx\/index.php?rest_route=%2Fwp%2Fv2%2Fmedia&parent=106993"}],"wp:term":[{"taxonomy":"category","embeddable":true,"href":"https:\/\/quehacerpolitico.mx\/index.php?rest_route=%2Fwp%2Fv2%2Fcategories&post=106993"},{"taxonomy":"post_tag","embeddable":true,"href":"https:\/\/quehacerpolitico.mx\/index.php?rest_route=%2Fwp%2Fv2%2Ftags&post=106993"}],"curies":[{"name":"wp","href":"https:\/\/api.w.org\/{rel}","templated":true}]}}