{"id":106984,"date":"2023-12-11T18:20:44","date_gmt":"2023-12-11T18:20:44","guid":{"rendered":"https:\/\/quehacerpolitico.mx\/?p=106984"},"modified":"2023-12-11T18:20:46","modified_gmt":"2023-12-11T18:20:46","slug":"amlo-califico-como-una-verguenza-que-el-poder-judicial-no-quiera-entregar-los-15-mil-millones-de-pesos-de-fideicomisos-para-ayudar-a-los-damnificados-de","status":"publish","type":"post","link":"https:\/\/quehacerpolitico.mx\/?p=106984","title":{"rendered":"AMLO calific\u00f3 como una \u201cverg\u00fcenza\u201d que el\u00a0Poder Judicial\u00a0no quiera entregar los 15 mil millones de pesos de\u00a0fideicomisos\u00a0para ayudar a los\u00a0damnificados\u00a0de\u00a0Guerrero\u00a0por el\u00a0hurac\u00e1n Otis"},"content":{"rendered":"\n<p>Por Redacci\u00f3n QP<\/p>\n\n\n\n<p>L\u00f3pez Obrador volvi\u00f3 a arremeter contra el Poder Judicial por no entregar sus fideicomisos a damnificados por Otis en Guerrero<\/p>\n\n\n\n<p>El presidente\u00a0<strong>Andres Manuel\u00a0L\u00f3pez Obrador<\/strong>\u00a0calific\u00f3 como una \u201c<strong>verg\u00fcenza<\/strong>\u201d que el\u00a0<strong>Poder Judicial<\/strong>\u00a0no quiera entregar los 15 mil millones de pesos de\u00a0<strong>fideicomisos<\/strong>\u00a0para ayudar a los\u00a0<strong>damnificados<\/strong>\u00a0de\u00a0<strong>Guerrero<\/strong>\u00a0por el\u00a0<strong>hurac\u00e1n Otis<\/strong>.<\/p>\n\n\n\n<p>En la conferencia matutina de Palacio Nacional, L\u00f3pez Obrador record\u00f3 que la ministra presidenta de la\u00a0<strong>Suprema Corte de Justicia de la Naci\u00f3n<\/strong>\u00a0(<strong>SCJN<\/strong>),\u00a0<strong>Norma Pi\u00f1a,<\/strong>\u00a0ya le hab\u00eda detallado en una carta que entregar\u00edan dichas recursos, y que ahora no lo quieren hacer.<\/p>\n\n\n\n<p>Miren la verg\u00fcenza del Poder Judicial de que no quieren aportar 15 mil millones de un fideicomiso que es para garantizarles esos privilegios, que no lo quieran aportar a los damnificados de Acapulco\u201d, indic\u00f3.<\/p>\n\n\n\n<p>\u201cPero que adem\u00e1s, primero la presidenta del Poder Judicial, esto tiene que ver con la dignidad, me haya enviado una carta dici\u00e9ndome que ve\u00eda bien nuestra propuesta de que ese dinero se utilizara para apoyar a los damnificados de Acapulco\u201d, expuso.<\/p>\n\n\n\n<p>El mandatario mexicano arremeti\u00f3 de paso contra el ministro\u00a0<strong>Javier Laynez<\/strong>, quien suspendi\u00f3 el\u00a0pasado 5 de diciembre la eliminaci\u00f3n de los 13 fideicomisos del Poder Judicial de la Federaci\u00f3n, a quien calific\u00f3 como \u201cel m\u00e1s tenaz de los defensores de causas que tiene que ver con la corrupci\u00f3n\u201d.<\/p>\n\n\n\n<p>Y luego empiezan los amparos al grado de que el se\u00f1or Laynez, que est\u00e1 ahora como el m\u00e1s tenaz de los defensores de causas que tiene que ver con la corrupci\u00f3n, ahora dice que ese fideicomiso es de ellos\u201d, argument\u00f3.<\/p>\n\n\n\n<p>\u201cMinistro de la Corte, juez y parte, porque fue una decisi\u00f3n del Poder Legislativo, de un poder aut\u00f3nomo, de la C\u00e1mara de Diputados que tiene la facultad exclusiva de acuerdo con la Constituci\u00f3n de aprobar el presupuesto y de manera cretina, dicen no, y el se\u00f1or Laynez, aqu\u00ed aprovecho, acaba de resolver que es legal la venta, la distribuci\u00f3n de los vapeadores, que est\u00e1 probado que son da\u00f1inos a la salud\u201d, argument\u00f3.<\/p>\n\n\n\n<figure class=\"wp-block-embed is-type-rich is-provider-twitter wp-block-embed-twitter\"><div class=\"wp-block-embed__wrapper\">\n<blockquote class=\"twitter-tweet\" data-width=\"550\" data-dnt=\"true\"><p lang=\"es\" dir=\"ltr\">\ud83d\udea8 AMLO anuncia una iniciativa de ley, antes de que finalice el a\u00f1o, para prohibir los vapeadores<br><br>\u00bfNo que prohibido prohibir? \ud83e\udd14 <a href=\"https:\/\/t.co\/zJ36AdjxrI\">pic.twitter.com\/zJ36AdjxrI<\/a><\/p>&mdash; Manuel Lopez San Martin (@MLopezSanMartin) <a href=\"https:\/\/twitter.com\/MLopezSanMartin\/status\/1734239401369313453?ref_src=twsrc%5Etfw\">December 11, 2023<\/a><\/blockquote><script async src=\"https:\/\/platform.twitter.com\/widgets.js\" charset=\"utf-8\"><\/script>\n<\/div><\/figure>\n","protected":false},"excerpt":{"rendered":"<p>Por Redacci\u00f3n QP L\u00f3pez Obrador volvi\u00f3 a arremeter contra el Poder Judicial por no entregar&#8230;<\/p>\n","protected":false},"author":2,"featured_media":106985,"comment_status":"open","ping_status":"open","sticky":false,"template":"","format":"standard","meta":{"_monsterinsights_skip_tracking":false,"_monsterinsights_sitenote_active":false,"_monsterinsights_sitenote_note":"","_monsterinsights_sitenote_category":0,"footnotes":""},"categories":[2],"tags":[],"class_list":["post-106984","post","type-post","status-publish","format-standard","has-post-thumbnail","hentry","category-noticias"],"yoast_head":"<!-- This site is optimized with the Yoast SEO plugin v27.3 - https:\/\/yoast.com\/product\/yoast-seo-wordpress\/ -->\n<title>AMLO calific\u00f3 como una \u201cverg\u00fcenza\u201d que el\u00a0Poder Judicial\u00a0no quiera entregar los 15 mil millones de pesos de\u00a0fideicomisos\u00a0para ayudar a los\u00a0damnificados\u00a0de\u00a0Guerrero\u00a0por el\u00a0hurac\u00e1n Otis -<\/title>\n<meta name=\"robots\" content=\"index, follow, max-snippet:-1, max-image-preview:large, max-video-preview:-1\" \/>\n<link rel=\"canonical\" href=\"https:\/\/quehacerpolitico.mx\/?p=106984\" \/>\n<meta property=\"og:locale\" content=\"es_MX\" \/>\n<meta property=\"og:type\" content=\"article\" \/>\n<meta property=\"og:title\" content=\"AMLO calific\u00f3 como una \u201cverg\u00fcenza\u201d que el\u00a0Poder Judicial\u00a0no quiera entregar los 15 mil millones de pesos de\u00a0fideicomisos\u00a0para ayudar a los\u00a0damnificados\u00a0de\u00a0Guerrero\u00a0por el\u00a0hurac\u00e1n Otis -\" \/>\n<meta property=\"og:description\" content=\"Por Redacci\u00f3n QP L\u00f3pez Obrador volvi\u00f3 a arremeter contra el Poder Judicial por no entregar...\" \/>\n<meta property=\"og:url\" content=\"https:\/\/quehacerpolitico.mx\/?p=106984\" \/>\n<meta property=\"article:published_time\" content=\"2023-12-11T18:20:44+00:00\" \/>\n<meta property=\"article:modified_time\" content=\"2023-12-11T18:20:46+00:00\" \/>\n<meta property=\"og:image\" content=\"https:\/\/quehacerpolitico.mx\/wp-content\/uploads\/2023\/12\/IMG_2538.jpeg\" \/>\n\t<meta property=\"og:image:width\" content=\"1284\" \/>\n\t<meta property=\"og:image:height\" content=\"694\" \/>\n\t<meta property=\"og:image:type\" content=\"image\/jpeg\" \/>\n<meta name=\"author\" content=\"Redacci\u00f3n QP\" \/>\n<meta name=\"twitter:card\" content=\"summary_large_image\" \/>\n<meta name=\"twitter:label1\" content=\"Escrito por\" \/>\n\t<meta name=\"twitter:data1\" content=\"Redacci\u00f3n QP\" \/>\n\t<meta name=\"twitter:label2\" content=\"Tiempo de lectura\" \/>\n\t<meta name=\"twitter:data2\" content=\"2 minutos\" \/>\n<script type=\"application\/ld+json\" class=\"yoast-schema-graph\">{\"@context\":\"https:\\\/\\\/schema.org\",\"@graph\":[{\"@type\":\"Article\",\"@id\":\"https:\\\/\\\/quehacerpolitico.mx\\\/?p=106984#article\",\"isPartOf\":{\"@id\":\"https:\\\/\\\/quehacerpolitico.mx\\\/?p=106984\"},\"author\":{\"name\":\"Redacci\u00f3n QP\",\"@id\":\"https:\\\/\\\/quehacerpolitico.mx\\\/#\\\/schema\\\/person\\\/496d8ad2d1d3f8036101dca7ee39e585\"},\"headline\":\"AMLO calific\u00f3 como una \u201cverg\u00fcenza\u201d que el\u00a0Poder Judicial\u00a0no quiera entregar los 15 mil millones de pesos de\u00a0fideicomisos\u00a0para ayudar a los\u00a0damnificados\u00a0de\u00a0Guerrero\u00a0por el\u00a0hurac\u00e1n Otis\",\"datePublished\":\"2023-12-11T18:20:44+00:00\",\"dateModified\":\"2023-12-11T18:20:46+00:00\",\"mainEntityOfPage\":{\"@id\":\"https:\\\/\\\/quehacerpolitico.mx\\\/?p=106984\"},\"wordCount\":406,\"commentCount\":0,\"image\":{\"@id\":\"https:\\\/\\\/quehacerpolitico.mx\\\/?p=106984#primaryimage\"},\"thumbnailUrl\":\"https:\\\/\\\/quehacerpolitico.mx\\\/wp-content\\\/uploads\\\/2023\\\/12\\\/IMG_2538.jpeg\",\"articleSection\":[\"Noticias\"],\"inLanguage\":\"es\",\"potentialAction\":[{\"@type\":\"CommentAction\",\"name\":\"Comment\",\"target\":[\"https:\\\/\\\/quehacerpolitico.mx\\\/?p=106984#respond\"]}]},{\"@type\":\"WebPage\",\"@id\":\"https:\\\/\\\/quehacerpolitico.mx\\\/?p=106984\",\"url\":\"https:\\\/\\\/quehacerpolitico.mx\\\/?p=106984\",\"name\":\"AMLO calific\u00f3 como una \u201cverg\u00fcenza\u201d que el\u00a0Poder Judicial\u00a0no quiera entregar los 15 mil millones de pesos de\u00a0fideicomisos\u00a0para ayudar a los\u00a0damnificados\u00a0de\u00a0Guerrero\u00a0por el\u00a0hurac\u00e1n Otis -\",\"isPartOf\":{\"@id\":\"https:\\\/\\\/quehacerpolitico.mx\\\/#website\"},\"primaryImageOfPage\":{\"@id\":\"https:\\\/\\\/quehacerpolitico.mx\\\/?p=106984#primaryimage\"},\"image\":{\"@id\":\"https:\\\/\\\/quehacerpolitico.mx\\\/?p=106984#primaryimage\"},\"thumbnailUrl\":\"https:\\\/\\\/quehacerpolitico.mx\\\/wp-content\\\/uploads\\\/2023\\\/12\\\/IMG_2538.jpeg\",\"datePublished\":\"2023-12-11T18:20:44+00:00\",\"dateModified\":\"2023-12-11T18:20:46+00:00\",\"author\":{\"@id\":\"https:\\\/\\\/quehacerpolitico.mx\\\/#\\\/schema\\\/person\\\/496d8ad2d1d3f8036101dca7ee39e585\"},\"breadcrumb\":{\"@id\":\"https:\\\/\\\/quehacerpolitico.mx\\\/?p=106984#breadcrumb\"},\"inLanguage\":\"es\",\"potentialAction\":[{\"@type\":\"ReadAction\",\"target\":[\"https:\\\/\\\/quehacerpolitico.mx\\\/?p=106984\"]}]},{\"@type\":\"ImageObject\",\"inLanguage\":\"es\",\"@id\":\"https:\\\/\\\/quehacerpolitico.mx\\\/?p=106984#primaryimage\",\"url\":\"https:\\\/\\\/quehacerpolitico.mx\\\/wp-content\\\/uploads\\\/2023\\\/12\\\/IMG_2538.jpeg\",\"contentUrl\":\"https:\\\/\\\/quehacerpolitico.mx\\\/wp-content\\\/uploads\\\/2023\\\/12\\\/IMG_2538.jpeg\",\"width\":1284,\"height\":694},{\"@type\":\"BreadcrumbList\",\"@id\":\"https:\\\/\\\/quehacerpolitico.mx\\\/?p=106984#breadcrumb\",\"itemListElement\":[{\"@type\":\"ListItem\",\"position\":1,\"name\":\"Inicio\",\"item\":\"https:\\\/\\\/quehacerpolitico.mx\\\/\"},{\"@type\":\"ListItem\",\"position\":2,\"name\":\"AMLO calific\u00f3 como una \u201cverg\u00fcenza\u201d que el\u00a0Poder Judicial\u00a0no quiera entregar los 15 mil millones de pesos de\u00a0fideicomisos\u00a0para ayudar a los\u00a0damnificados\u00a0de\u00a0Guerrero\u00a0por el\u00a0hurac\u00e1n Otis\"}]},{\"@type\":\"WebSite\",\"@id\":\"https:\\\/\\\/quehacerpolitico.mx\\\/#website\",\"url\":\"https:\\\/\\\/quehacerpolitico.mx\\\/\",\"name\":\"\",\"description\":\"\",\"potentialAction\":[{\"@type\":\"SearchAction\",\"target\":{\"@type\":\"EntryPoint\",\"urlTemplate\":\"https:\\\/\\\/quehacerpolitico.mx\\\/?s={search_term_string}\"},\"query-input\":{\"@type\":\"PropertyValueSpecification\",\"valueRequired\":true,\"valueName\":\"search_term_string\"}}],\"inLanguage\":\"es\"},{\"@type\":\"Person\",\"@id\":\"https:\\\/\\\/quehacerpolitico.mx\\\/#\\\/schema\\\/person\\\/496d8ad2d1d3f8036101dca7ee39e585\",\"name\":\"Redacci\u00f3n QP\",\"image\":{\"@type\":\"ImageObject\",\"inLanguage\":\"es\",\"@id\":\"https:\\\/\\\/secure.gravatar.com\\\/avatar\\\/c7164ed6fdec453195284ad24a5ae5b6e1eed2b848477fa2a4787ba9adf39a41?s=96&d=mm&r=g\",\"url\":\"https:\\\/\\\/secure.gravatar.com\\\/avatar\\\/c7164ed6fdec453195284ad24a5ae5b6e1eed2b848477fa2a4787ba9adf39a41?s=96&d=mm&r=g\",\"contentUrl\":\"https:\\\/\\\/secure.gravatar.com\\\/avatar\\\/c7164ed6fdec453195284ad24a5ae5b6e1eed2b848477fa2a4787ba9adf39a41?s=96&d=mm&r=g\",\"caption\":\"Redacci\u00f3n QP\"},\"url\":\"https:\\\/\\\/quehacerpolitico.mx\\\/?author=2\"}]}<\/script>\n<!-- \/ Yoast SEO plugin. -->","yoast_head_json":{"title":"AMLO calific\u00f3 como una \u201cverg\u00fcenza\u201d que el\u00a0Poder Judicial\u00a0no quiera entregar los 15 mil millones de pesos de\u00a0fideicomisos\u00a0para ayudar a los\u00a0damnificados\u00a0de\u00a0Guerrero\u00a0por el\u00a0hurac\u00e1n Otis -","robots":{"index":"index","follow":"follow","max-snippet":"max-snippet:-1","max-image-preview":"max-image-preview:large","max-video-preview":"max-video-preview:-1"},"canonical":"https:\/\/quehacerpolitico.mx\/?p=106984","og_locale":"es_MX","og_type":"article","og_title":"AMLO calific\u00f3 como una \u201cverg\u00fcenza\u201d que el\u00a0Poder Judicial\u00a0no quiera entregar los 15 mil millones de pesos de\u00a0fideicomisos\u00a0para ayudar a los\u00a0damnificados\u00a0de\u00a0Guerrero\u00a0por el\u00a0hurac\u00e1n Otis -","og_description":"Por Redacci\u00f3n QP L\u00f3pez Obrador volvi\u00f3 a arremeter contra el Poder Judicial por no entregar...","og_url":"https:\/\/quehacerpolitico.mx\/?p=106984","article_published_time":"2023-12-11T18:20:44+00:00","article_modified_time":"2023-12-11T18:20:46+00:00","og_image":[{"width":1284,"height":694,"url":"https:\/\/quehacerpolitico.mx\/wp-content\/uploads\/2023\/12\/IMG_2538.jpeg","type":"image\/jpeg"}],"author":"Redacci\u00f3n QP","twitter_card":"summary_large_image","twitter_misc":{"Escrito por":"Redacci\u00f3n QP","Tiempo de lectura":"2 minutos"},"schema":{"@context":"https:\/\/schema.org","@graph":[{"@type":"Article","@id":"https:\/\/quehacerpolitico.mx\/?p=106984#article","isPartOf":{"@id":"https:\/\/quehacerpolitico.mx\/?p=106984"},"author":{"name":"Redacci\u00f3n QP","@id":"https:\/\/quehacerpolitico.mx\/#\/schema\/person\/496d8ad2d1d3f8036101dca7ee39e585"},"headline":"AMLO calific\u00f3 como una \u201cverg\u00fcenza\u201d que el\u00a0Poder Judicial\u00a0no quiera entregar los 15 mil millones de pesos de\u00a0fideicomisos\u00a0para ayudar a los\u00a0damnificados\u00a0de\u00a0Guerrero\u00a0por el\u00a0hurac\u00e1n Otis","datePublished":"2023-12-11T18:20:44+00:00","dateModified":"2023-12-11T18:20:46+00:00","mainEntityOfPage":{"@id":"https:\/\/quehacerpolitico.mx\/?p=106984"},"wordCount":406,"commentCount":0,"image":{"@id":"https:\/\/quehacerpolitico.mx\/?p=106984#primaryimage"},"thumbnailUrl":"https:\/\/quehacerpolitico.mx\/wp-content\/uploads\/2023\/12\/IMG_2538.jpeg","articleSection":["Noticias"],"inLanguage":"es","potentialAction":[{"@type":"CommentAction","name":"Comment","target":["https:\/\/quehacerpolitico.mx\/?p=106984#respond"]}]},{"@type":"WebPage","@id":"https:\/\/quehacerpolitico.mx\/?p=106984","url":"https:\/\/quehacerpolitico.mx\/?p=106984","name":"AMLO calific\u00f3 como una \u201cverg\u00fcenza\u201d que el\u00a0Poder Judicial\u00a0no quiera entregar los 15 mil millones de pesos de\u00a0fideicomisos\u00a0para ayudar a los\u00a0damnificados\u00a0de\u00a0Guerrero\u00a0por el\u00a0hurac\u00e1n Otis -","isPartOf":{"@id":"https:\/\/quehacerpolitico.mx\/#website"},"primaryImageOfPage":{"@id":"https:\/\/quehacerpolitico.mx\/?p=106984#primaryimage"},"image":{"@id":"https:\/\/quehacerpolitico.mx\/?p=106984#primaryimage"},"thumbnailUrl":"https:\/\/quehacerpolitico.mx\/wp-content\/uploads\/2023\/12\/IMG_2538.jpeg","datePublished":"2023-12-11T18:20:44+00:00","dateModified":"2023-12-11T18:20:46+00:00","author":{"@id":"https:\/\/quehacerpolitico.mx\/#\/schema\/person\/496d8ad2d1d3f8036101dca7ee39e585"},"breadcrumb":{"@id":"https:\/\/quehacerpolitico.mx\/?p=106984#breadcrumb"},"inLanguage":"es","potentialAction":[{"@type":"ReadAction","target":["https:\/\/quehacerpolitico.mx\/?p=106984"]}]},{"@type":"ImageObject","inLanguage":"es","@id":"https:\/\/quehacerpolitico.mx\/?p=106984#primaryimage","url":"https:\/\/quehacerpolitico.mx\/wp-content\/uploads\/2023\/12\/IMG_2538.jpeg","contentUrl":"https:\/\/quehacerpolitico.mx\/wp-content\/uploads\/2023\/12\/IMG_2538.jpeg","width":1284,"height":694},{"@type":"BreadcrumbList","@id":"https:\/\/quehacerpolitico.mx\/?p=106984#breadcrumb","itemListElement":[{"@type":"ListItem","position":1,"name":"Inicio","item":"https:\/\/quehacerpolitico.mx\/"},{"@type":"ListItem","position":2,"name":"AMLO calific\u00f3 como una \u201cverg\u00fcenza\u201d que el\u00a0Poder Judicial\u00a0no quiera entregar los 15 mil millones de pesos de\u00a0fideicomisos\u00a0para ayudar a los\u00a0damnificados\u00a0de\u00a0Guerrero\u00a0por el\u00a0hurac\u00e1n Otis"}]},{"@type":"WebSite","@id":"https:\/\/quehacerpolitico.mx\/#website","url":"https:\/\/quehacerpolitico.mx\/","name":"","description":"","potentialAction":[{"@type":"SearchAction","target":{"@type":"EntryPoint","urlTemplate":"https:\/\/quehacerpolitico.mx\/?s={search_term_string}"},"query-input":{"@type":"PropertyValueSpecification","valueRequired":true,"valueName":"search_term_string"}}],"inLanguage":"es"},{"@type":"Person","@id":"https:\/\/quehacerpolitico.mx\/#\/schema\/person\/496d8ad2d1d3f8036101dca7ee39e585","name":"Redacci\u00f3n QP","image":{"@type":"ImageObject","inLanguage":"es","@id":"https:\/\/secure.gravatar.com\/avatar\/c7164ed6fdec453195284ad24a5ae5b6e1eed2b848477fa2a4787ba9adf39a41?s=96&d=mm&r=g","url":"https:\/\/secure.gravatar.com\/avatar\/c7164ed6fdec453195284ad24a5ae5b6e1eed2b848477fa2a4787ba9adf39a41?s=96&d=mm&r=g","contentUrl":"https:\/\/secure.gravatar.com\/avatar\/c7164ed6fdec453195284ad24a5ae5b6e1eed2b848477fa2a4787ba9adf39a41?s=96&d=mm&r=g","caption":"Redacci\u00f3n QP"},"url":"https:\/\/quehacerpolitico.mx\/?author=2"}]}},"featured_image_urls":{"full":["https:\/\/quehacerpolitico.mx\/wp-content\/uploads\/2023\/12\/IMG_2538.jpeg",1284,694,false],"thumbnail":["https:\/\/quehacerpolitico.mx\/wp-content\/uploads\/2023\/12\/IMG_2538-150x150.jpeg",150,150,true],"medium":["https:\/\/quehacerpolitico.mx\/wp-content\/uploads\/2023\/12\/IMG_2538-300x162.jpeg",300,162,true],"medium_large":["https:\/\/quehacerpolitico.mx\/wp-content\/uploads\/2023\/12\/IMG_2538-768x415.jpeg",640,346,true],"large":["https:\/\/quehacerpolitico.mx\/wp-content\/uploads\/2023\/12\/IMG_2538-1024x553.jpeg",640,346,true],"1536x1536":["https:\/\/quehacerpolitico.mx\/wp-content\/uploads\/2023\/12\/IMG_2538.jpeg",1284,694,false],"2048x2048":["https:\/\/quehacerpolitico.mx\/wp-content\/uploads\/2023\/12\/IMG_2538.jpeg",1284,694,false],"covernews-featured":["https:\/\/quehacerpolitico.mx\/wp-content\/uploads\/2023\/12\/IMG_2538.jpeg",1024,553,false],"covernews-medium":["https:\/\/quehacerpolitico.mx\/wp-content\/uploads\/2023\/12\/IMG_2538.jpeg",540,292,false]},"author_info":{"display_name":"Redacci\u00f3n QP","author_link":"https:\/\/quehacerpolitico.mx\/?author=2"},"category_info":"<a href=\"https:\/\/quehacerpolitico.mx\/?cat=2\" rel=\"category\">Noticias<\/a>","tag_info":"Noticias","comment_count":"0","_links":{"self":[{"href":"https:\/\/quehacerpolitico.mx\/index.php?rest_route=\/wp\/v2\/posts\/106984","targetHints":{"allow":["GET"]}}],"collection":[{"href":"https:\/\/quehacerpolitico.mx\/index.php?rest_route=\/wp\/v2\/posts"}],"about":[{"href":"https:\/\/quehacerpolitico.mx\/index.php?rest_route=\/wp\/v2\/types\/post"}],"author":[{"embeddable":true,"href":"https:\/\/quehacerpolitico.mx\/index.php?rest_route=\/wp\/v2\/users\/2"}],"replies":[{"embeddable":true,"href":"https:\/\/quehacerpolitico.mx\/index.php?rest_route=%2Fwp%2Fv2%2Fcomments&post=106984"}],"version-history":[{"count":1,"href":"https:\/\/quehacerpolitico.mx\/index.php?rest_route=\/wp\/v2\/posts\/106984\/revisions"}],"predecessor-version":[{"id":106986,"href":"https:\/\/quehacerpolitico.mx\/index.php?rest_route=\/wp\/v2\/posts\/106984\/revisions\/106986"}],"wp:featuredmedia":[{"embeddable":true,"href":"https:\/\/quehacerpolitico.mx\/index.php?rest_route=\/wp\/v2\/media\/106985"}],"wp:attachment":[{"href":"https:\/\/quehacerpolitico.mx\/index.php?rest_route=%2Fwp%2Fv2%2Fmedia&parent=106984"}],"wp:term":[{"taxonomy":"category","embeddable":true,"href":"https:\/\/quehacerpolitico.mx\/index.php?rest_route=%2Fwp%2Fv2%2Fcategories&post=106984"},{"taxonomy":"post_tag","embeddable":true,"href":"https:\/\/quehacerpolitico.mx\/index.php?rest_route=%2Fwp%2Fv2%2Ftags&post=106984"}],"curies":[{"name":"wp","href":"https:\/\/api.w.org\/{rel}","templated":true}]}}