{"id":106981,"date":"2023-12-11T17:39:25","date_gmt":"2023-12-11T17:39:25","guid":{"rendered":"https:\/\/quehacerpolitico.mx\/?p=106981"},"modified":"2023-12-11T17:39:28","modified_gmt":"2023-12-11T17:39:28","slug":"respeto-a-la-familia-dice-amlo-tras-la-muerte-de-consuelo-loera-madre-de-el-chapo-guzman","status":"publish","type":"post","link":"https:\/\/quehacerpolitico.mx\/?p=106981","title":{"rendered":"&#8220;Respeto a la familia&#8221;, dice AMLO tras la muerte de Consuelo Loera, madre de &#8216;El Chapo&#8217; Guzm\u00e1n"},"content":{"rendered":"\n<p>Por Redacci\u00f3n QP<\/p>\n\n\n\n<p>Mar\u00eda Consuelo Loera, madre del narcotraficante mexicano Joaqu\u00edn \u2018Chapo\u2019 Guzm\u00e1n, muri\u00f3 la tarde del domingo a los 94 a\u00f1os de edad<\/p>\n\n\n\n<p>El presidente de M\u00e9xico,\u00a0<strong>Andres Manuel \u00a0L\u00f3pez Obrador<\/strong>, dej\u00f3 en claro esta ma\u00f1ana que \u201ccualquier ser humano que pierde la vida merece respeto\u201d, tras opinar sobre la\u00a0<strong>muerte<\/strong>\u00a0de la madre del narcotraficante\u00a0<strong>Joaqu\u00edn Chapo Guzm\u00e1n<\/strong>,\u00a0Mar\u00eda Consuelo Loera.<\/p>\n\n\n\n<p>Respeto a la familia, ya la se\u00f1ora, estaba leyendo, pues grande. No tengo m\u00e1s comentarios. Cualquier ser humano que pierde la vida merece respeto y consideraci\u00f3n a sus familiares, a todos los que pasan por esos trances\u201d, indic\u00f3.<\/p>\n\n\n\n<p>\u201cNada humano me es ajeno, y no hay que odiar, y hay que poner en pr\u00e1ctica ese principio filos\u00f3fico, universal, del amor al pr\u00f3jimo. Solo siendo buenos podemos er felices\u201d, detall\u00f3 en la conferencia matutina de Palacio Nacional.<\/p>\n\n\n\n<figure class=\"wp-block-embed is-type-rich is-provider-twitter wp-block-embed-twitter\"><div class=\"wp-block-embed__wrapper\">\n<blockquote class=\"twitter-tweet\" data-width=\"550\" data-dnt=\"true\"><p lang=\"es\" dir=\"ltr\">\ud83d\udd34Trascendi\u00f3 la muerte de la madre del Chapo Guzm\u00e1n.<br><br>&quot;Cualquier persona que pierde la vida merece respeto&quot;, opin\u00f3 <a href=\"https:\/\/twitter.com\/lopezobrador_?ref_src=twsrc%5Etfw\">@lopezobrador_<\/a> al respecto. <a href=\"https:\/\/t.co\/KS9ZWbbR8t\">pic.twitter.com\/KS9ZWbbR8t<\/a><\/p>&mdash; Ruido en la Red (@RuidoEnLaRed) <a href=\"https:\/\/twitter.com\/RuidoEnLaRed\/status\/1734220947064783149?ref_src=twsrc%5Etfw\">December 11, 2023<\/a><\/blockquote><script async src=\"https:\/\/platform.twitter.com\/widgets.js\" charset=\"utf-8\"><\/script>\n<\/div><\/figure>\n\n\n\n<p>El mandatario mexicano detall\u00f3 que no se implementar\u00e1 en Sinaloa un operativo de seguridad especial tras la muerte de la madre del&nbsp;<em>Chapo<\/em>&nbsp;Guzm\u00e1n.<\/p>\n\n\n\n<p>\u201cNo, hay en Sinaloa y en todo el pa\u00eds vigilancia siempre, ahora se cuenta con la Guardia Nacional, son ya cerca de 130 mil elementos y tenemos la ventaja que tanto la Semar como la Sedena nos ayudan en labores de seguridad p\u00fablica\u201d, explic\u00f3.<\/p>\n\n\n\n<p>Mar\u00eda Consuelo Loera, madre del narcotraficante mexicano Joaqu\u00edn\u00a0<em>Chapo<\/em>\u00a0Guzm\u00e1n, muri\u00f3 la tarde de este domingo a los\u00a0<strong>94 a\u00f1os<\/strong>.<\/p>\n\n\n\n<p>La mujer, tambi\u00e9n abuela de los narcotraficantes conocidos como&nbsp;<strong>Los Chapitos<\/strong>, actuales l\u00edderes del Cartel de Sinaloa, habr\u00eda muerto en una cl\u00ednica privada del norte\u00f1o estado mexicano de Sinaloa, pues padec\u00eda secuelas tras haber enfermado de covid-19 en 2021.<\/p>\n\n\n\n<p>Originaria de Badiraguato, Sinaloa, Loera fue captada de manera p\u00fablica en marzo de 2020 durante un breve encuentro con el presidente L\u00f3pez Obrador, cuando el mandatario acudi\u00f3 a la zona a supervisar la construcci\u00f3n de la carretera&nbsp;<strong>Badiraguato<\/strong>&nbsp;\u2013 Guadalupe y Calvo.<\/p>\n\n\n\n<p>En ese visita, el 29 de marzo de 2020, pese a la pandemia de covid-19, el gobernante mexicano se baj\u00f3 de su camioneta para saludar a Loera, quien le pidi\u00f3 ayuda para visitar a su hijo, preso en Estados Unidos.<\/p>\n\n\n\n<p>\u201cYo te saludo, no te bajes, no te bajes, ya recib\u00ed tu carta\u201d, le dijo el presidente a la mam\u00e1 del&nbsp;<em>Chapo<\/em>&nbsp;Guzm\u00e1n en dicho encuentro.<\/p>\n\n\n\n<p>El mandatario se refer\u00eda a una misiva que Loera le envi\u00f3, en la que le ped\u00eda apoyo para que su gobierno interviniera ante Estados Unidos con el objetivo de que ella pudiera visitar a su hijo en la c\u00e1rcel de m\u00e1xima seguridad ADX Florence, en Estados Unidos, donde est\u00e1 recluido desde 2019 cumpliendo una cadena perpetua.<\/p>\n\n\n\n<p>El saludo de L\u00f3pez Obrador a la madre del\u00a0<em>Chapo<\/em>\u00a0le vali\u00f3 al tabasque\u00f1o una serie de cr\u00edticas.<\/p>\n","protected":false},"excerpt":{"rendered":"<p>Por Redacci\u00f3n QP Mar\u00eda Consuelo Loera, madre del narcotraficante mexicano Joaqu\u00edn \u2018Chapo\u2019 Guzm\u00e1n, muri\u00f3 la&#8230;<\/p>\n","protected":false},"author":2,"featured_media":106982,"comment_status":"open","ping_status":"open","sticky":false,"template":"","format":"standard","meta":{"_monsterinsights_skip_tracking":false,"_monsterinsights_sitenote_active":false,"_monsterinsights_sitenote_note":"","_monsterinsights_sitenote_category":0,"footnotes":""},"categories":[2],"tags":[],"class_list":["post-106981","post","type-post","status-publish","format-standard","has-post-thumbnail","hentry","category-noticias"],"yoast_head":"<!-- This site is optimized with the Yoast SEO plugin v27.3 - https:\/\/yoast.com\/product\/yoast-seo-wordpress\/ -->\n<title>&quot;Respeto a la familia&quot;, dice AMLO tras la muerte de Consuelo Loera, madre de &#039;El Chapo&#039; Guzm\u00e1n -<\/title>\n<meta name=\"robots\" content=\"index, follow, max-snippet:-1, max-image-preview:large, max-video-preview:-1\" \/>\n<link rel=\"canonical\" href=\"https:\/\/quehacerpolitico.mx\/?p=106981\" \/>\n<meta property=\"og:locale\" content=\"es_MX\" \/>\n<meta property=\"og:type\" content=\"article\" \/>\n<meta property=\"og:title\" content=\"&quot;Respeto a la familia&quot;, dice AMLO tras la muerte de Consuelo Loera, madre de &#039;El Chapo&#039; Guzm\u00e1n -\" \/>\n<meta property=\"og:description\" content=\"Por Redacci\u00f3n QP Mar\u00eda Consuelo Loera, madre del narcotraficante mexicano Joaqu\u00edn \u2018Chapo\u2019 Guzm\u00e1n, muri\u00f3 la...\" \/>\n<meta property=\"og:url\" content=\"https:\/\/quehacerpolitico.mx\/?p=106981\" \/>\n<meta property=\"article:published_time\" content=\"2023-12-11T17:39:25+00:00\" \/>\n<meta property=\"article:modified_time\" content=\"2023-12-11T17:39:28+00:00\" \/>\n<meta property=\"og:image\" content=\"https:\/\/quehacerpolitico.mx\/wp-content\/uploads\/2023\/12\/IMG_2535.jpeg\" \/>\n\t<meta property=\"og:image:width\" content=\"739\" \/>\n\t<meta property=\"og:image:height\" content=\"415\" \/>\n\t<meta property=\"og:image:type\" content=\"image\/jpeg\" \/>\n<meta name=\"author\" content=\"Redacci\u00f3n QP\" \/>\n<meta name=\"twitter:card\" content=\"summary_large_image\" \/>\n<meta name=\"twitter:label1\" content=\"Escrito por\" \/>\n\t<meta name=\"twitter:data1\" content=\"Redacci\u00f3n QP\" \/>\n\t<meta name=\"twitter:label2\" content=\"Tiempo de lectura\" \/>\n\t<meta name=\"twitter:data2\" content=\"2 minutos\" \/>\n<script type=\"application\/ld+json\" class=\"yoast-schema-graph\">{\"@context\":\"https:\\\/\\\/schema.org\",\"@graph\":[{\"@type\":\"Article\",\"@id\":\"https:\\\/\\\/quehacerpolitico.mx\\\/?p=106981#article\",\"isPartOf\":{\"@id\":\"https:\\\/\\\/quehacerpolitico.mx\\\/?p=106981\"},\"author\":{\"name\":\"Redacci\u00f3n QP\",\"@id\":\"https:\\\/\\\/quehacerpolitico.mx\\\/#\\\/schema\\\/person\\\/496d8ad2d1d3f8036101dca7ee39e585\"},\"headline\":\"&#8220;Respeto a la familia&#8221;, dice AMLO tras la muerte de Consuelo Loera, madre de &#8216;El Chapo&#8217; Guzm\u00e1n\",\"datePublished\":\"2023-12-11T17:39:25+00:00\",\"dateModified\":\"2023-12-11T17:39:28+00:00\",\"mainEntityOfPage\":{\"@id\":\"https:\\\/\\\/quehacerpolitico.mx\\\/?p=106981\"},\"wordCount\":516,\"commentCount\":0,\"image\":{\"@id\":\"https:\\\/\\\/quehacerpolitico.mx\\\/?p=106981#primaryimage\"},\"thumbnailUrl\":\"https:\\\/\\\/quehacerpolitico.mx\\\/wp-content\\\/uploads\\\/2023\\\/12\\\/IMG_2535.jpeg\",\"articleSection\":[\"Noticias\"],\"inLanguage\":\"es\",\"potentialAction\":[{\"@type\":\"CommentAction\",\"name\":\"Comment\",\"target\":[\"https:\\\/\\\/quehacerpolitico.mx\\\/?p=106981#respond\"]}]},{\"@type\":\"WebPage\",\"@id\":\"https:\\\/\\\/quehacerpolitico.mx\\\/?p=106981\",\"url\":\"https:\\\/\\\/quehacerpolitico.mx\\\/?p=106981\",\"name\":\"\\\"Respeto a la familia\\\", dice AMLO tras la muerte de Consuelo Loera, madre de 'El Chapo' Guzm\u00e1n -\",\"isPartOf\":{\"@id\":\"https:\\\/\\\/quehacerpolitico.mx\\\/#website\"},\"primaryImageOfPage\":{\"@id\":\"https:\\\/\\\/quehacerpolitico.mx\\\/?p=106981#primaryimage\"},\"image\":{\"@id\":\"https:\\\/\\\/quehacerpolitico.mx\\\/?p=106981#primaryimage\"},\"thumbnailUrl\":\"https:\\\/\\\/quehacerpolitico.mx\\\/wp-content\\\/uploads\\\/2023\\\/12\\\/IMG_2535.jpeg\",\"datePublished\":\"2023-12-11T17:39:25+00:00\",\"dateModified\":\"2023-12-11T17:39:28+00:00\",\"author\":{\"@id\":\"https:\\\/\\\/quehacerpolitico.mx\\\/#\\\/schema\\\/person\\\/496d8ad2d1d3f8036101dca7ee39e585\"},\"breadcrumb\":{\"@id\":\"https:\\\/\\\/quehacerpolitico.mx\\\/?p=106981#breadcrumb\"},\"inLanguage\":\"es\",\"potentialAction\":[{\"@type\":\"ReadAction\",\"target\":[\"https:\\\/\\\/quehacerpolitico.mx\\\/?p=106981\"]}]},{\"@type\":\"ImageObject\",\"inLanguage\":\"es\",\"@id\":\"https:\\\/\\\/quehacerpolitico.mx\\\/?p=106981#primaryimage\",\"url\":\"https:\\\/\\\/quehacerpolitico.mx\\\/wp-content\\\/uploads\\\/2023\\\/12\\\/IMG_2535.jpeg\",\"contentUrl\":\"https:\\\/\\\/quehacerpolitico.mx\\\/wp-content\\\/uploads\\\/2023\\\/12\\\/IMG_2535.jpeg\",\"width\":739,\"height\":415},{\"@type\":\"BreadcrumbList\",\"@id\":\"https:\\\/\\\/quehacerpolitico.mx\\\/?p=106981#breadcrumb\",\"itemListElement\":[{\"@type\":\"ListItem\",\"position\":1,\"name\":\"Inicio\",\"item\":\"https:\\\/\\\/quehacerpolitico.mx\\\/\"},{\"@type\":\"ListItem\",\"position\":2,\"name\":\"&#8220;Respeto a la familia&#8221;, dice AMLO tras la muerte de Consuelo Loera, madre de &#8216;El Chapo&#8217; Guzm\u00e1n\"}]},{\"@type\":\"WebSite\",\"@id\":\"https:\\\/\\\/quehacerpolitico.mx\\\/#website\",\"url\":\"https:\\\/\\\/quehacerpolitico.mx\\\/\",\"name\":\"\",\"description\":\"\",\"potentialAction\":[{\"@type\":\"SearchAction\",\"target\":{\"@type\":\"EntryPoint\",\"urlTemplate\":\"https:\\\/\\\/quehacerpolitico.mx\\\/?s={search_term_string}\"},\"query-input\":{\"@type\":\"PropertyValueSpecification\",\"valueRequired\":true,\"valueName\":\"search_term_string\"}}],\"inLanguage\":\"es\"},{\"@type\":\"Person\",\"@id\":\"https:\\\/\\\/quehacerpolitico.mx\\\/#\\\/schema\\\/person\\\/496d8ad2d1d3f8036101dca7ee39e585\",\"name\":\"Redacci\u00f3n QP\",\"image\":{\"@type\":\"ImageObject\",\"inLanguage\":\"es\",\"@id\":\"https:\\\/\\\/secure.gravatar.com\\\/avatar\\\/c7164ed6fdec453195284ad24a5ae5b6e1eed2b848477fa2a4787ba9adf39a41?s=96&d=mm&r=g\",\"url\":\"https:\\\/\\\/secure.gravatar.com\\\/avatar\\\/c7164ed6fdec453195284ad24a5ae5b6e1eed2b848477fa2a4787ba9adf39a41?s=96&d=mm&r=g\",\"contentUrl\":\"https:\\\/\\\/secure.gravatar.com\\\/avatar\\\/c7164ed6fdec453195284ad24a5ae5b6e1eed2b848477fa2a4787ba9adf39a41?s=96&d=mm&r=g\",\"caption\":\"Redacci\u00f3n QP\"},\"url\":\"https:\\\/\\\/quehacerpolitico.mx\\\/?author=2\"}]}<\/script>\n<!-- \/ Yoast SEO plugin. -->","yoast_head_json":{"title":"\"Respeto a la familia\", dice AMLO tras la muerte de Consuelo Loera, madre de 'El Chapo' Guzm\u00e1n -","robots":{"index":"index","follow":"follow","max-snippet":"max-snippet:-1","max-image-preview":"max-image-preview:large","max-video-preview":"max-video-preview:-1"},"canonical":"https:\/\/quehacerpolitico.mx\/?p=106981","og_locale":"es_MX","og_type":"article","og_title":"\"Respeto a la familia\", dice AMLO tras la muerte de Consuelo Loera, madre de 'El Chapo' Guzm\u00e1n -","og_description":"Por Redacci\u00f3n QP Mar\u00eda Consuelo Loera, madre del narcotraficante mexicano Joaqu\u00edn \u2018Chapo\u2019 Guzm\u00e1n, muri\u00f3 la...","og_url":"https:\/\/quehacerpolitico.mx\/?p=106981","article_published_time":"2023-12-11T17:39:25+00:00","article_modified_time":"2023-12-11T17:39:28+00:00","og_image":[{"width":739,"height":415,"url":"https:\/\/quehacerpolitico.mx\/wp-content\/uploads\/2023\/12\/IMG_2535.jpeg","type":"image\/jpeg"}],"author":"Redacci\u00f3n QP","twitter_card":"summary_large_image","twitter_misc":{"Escrito por":"Redacci\u00f3n QP","Tiempo de lectura":"2 minutos"},"schema":{"@context":"https:\/\/schema.org","@graph":[{"@type":"Article","@id":"https:\/\/quehacerpolitico.mx\/?p=106981#article","isPartOf":{"@id":"https:\/\/quehacerpolitico.mx\/?p=106981"},"author":{"name":"Redacci\u00f3n QP","@id":"https:\/\/quehacerpolitico.mx\/#\/schema\/person\/496d8ad2d1d3f8036101dca7ee39e585"},"headline":"&#8220;Respeto a la familia&#8221;, dice AMLO tras la muerte de Consuelo Loera, madre de &#8216;El Chapo&#8217; Guzm\u00e1n","datePublished":"2023-12-11T17:39:25+00:00","dateModified":"2023-12-11T17:39:28+00:00","mainEntityOfPage":{"@id":"https:\/\/quehacerpolitico.mx\/?p=106981"},"wordCount":516,"commentCount":0,"image":{"@id":"https:\/\/quehacerpolitico.mx\/?p=106981#primaryimage"},"thumbnailUrl":"https:\/\/quehacerpolitico.mx\/wp-content\/uploads\/2023\/12\/IMG_2535.jpeg","articleSection":["Noticias"],"inLanguage":"es","potentialAction":[{"@type":"CommentAction","name":"Comment","target":["https:\/\/quehacerpolitico.mx\/?p=106981#respond"]}]},{"@type":"WebPage","@id":"https:\/\/quehacerpolitico.mx\/?p=106981","url":"https:\/\/quehacerpolitico.mx\/?p=106981","name":"\"Respeto a la familia\", dice AMLO tras la muerte de Consuelo Loera, madre de 'El Chapo' Guzm\u00e1n -","isPartOf":{"@id":"https:\/\/quehacerpolitico.mx\/#website"},"primaryImageOfPage":{"@id":"https:\/\/quehacerpolitico.mx\/?p=106981#primaryimage"},"image":{"@id":"https:\/\/quehacerpolitico.mx\/?p=106981#primaryimage"},"thumbnailUrl":"https:\/\/quehacerpolitico.mx\/wp-content\/uploads\/2023\/12\/IMG_2535.jpeg","datePublished":"2023-12-11T17:39:25+00:00","dateModified":"2023-12-11T17:39:28+00:00","author":{"@id":"https:\/\/quehacerpolitico.mx\/#\/schema\/person\/496d8ad2d1d3f8036101dca7ee39e585"},"breadcrumb":{"@id":"https:\/\/quehacerpolitico.mx\/?p=106981#breadcrumb"},"inLanguage":"es","potentialAction":[{"@type":"ReadAction","target":["https:\/\/quehacerpolitico.mx\/?p=106981"]}]},{"@type":"ImageObject","inLanguage":"es","@id":"https:\/\/quehacerpolitico.mx\/?p=106981#primaryimage","url":"https:\/\/quehacerpolitico.mx\/wp-content\/uploads\/2023\/12\/IMG_2535.jpeg","contentUrl":"https:\/\/quehacerpolitico.mx\/wp-content\/uploads\/2023\/12\/IMG_2535.jpeg","width":739,"height":415},{"@type":"BreadcrumbList","@id":"https:\/\/quehacerpolitico.mx\/?p=106981#breadcrumb","itemListElement":[{"@type":"ListItem","position":1,"name":"Inicio","item":"https:\/\/quehacerpolitico.mx\/"},{"@type":"ListItem","position":2,"name":"&#8220;Respeto a la familia&#8221;, dice AMLO tras la muerte de Consuelo Loera, madre de &#8216;El Chapo&#8217; Guzm\u00e1n"}]},{"@type":"WebSite","@id":"https:\/\/quehacerpolitico.mx\/#website","url":"https:\/\/quehacerpolitico.mx\/","name":"","description":"","potentialAction":[{"@type":"SearchAction","target":{"@type":"EntryPoint","urlTemplate":"https:\/\/quehacerpolitico.mx\/?s={search_term_string}"},"query-input":{"@type":"PropertyValueSpecification","valueRequired":true,"valueName":"search_term_string"}}],"inLanguage":"es"},{"@type":"Person","@id":"https:\/\/quehacerpolitico.mx\/#\/schema\/person\/496d8ad2d1d3f8036101dca7ee39e585","name":"Redacci\u00f3n QP","image":{"@type":"ImageObject","inLanguage":"es","@id":"https:\/\/secure.gravatar.com\/avatar\/c7164ed6fdec453195284ad24a5ae5b6e1eed2b848477fa2a4787ba9adf39a41?s=96&d=mm&r=g","url":"https:\/\/secure.gravatar.com\/avatar\/c7164ed6fdec453195284ad24a5ae5b6e1eed2b848477fa2a4787ba9adf39a41?s=96&d=mm&r=g","contentUrl":"https:\/\/secure.gravatar.com\/avatar\/c7164ed6fdec453195284ad24a5ae5b6e1eed2b848477fa2a4787ba9adf39a41?s=96&d=mm&r=g","caption":"Redacci\u00f3n QP"},"url":"https:\/\/quehacerpolitico.mx\/?author=2"}]}},"featured_image_urls":{"full":["https:\/\/quehacerpolitico.mx\/wp-content\/uploads\/2023\/12\/IMG_2535.jpeg",739,415,false],"thumbnail":["https:\/\/quehacerpolitico.mx\/wp-content\/uploads\/2023\/12\/IMG_2535-150x150.jpeg",150,150,true],"medium":["https:\/\/quehacerpolitico.mx\/wp-content\/uploads\/2023\/12\/IMG_2535-300x168.jpeg",300,168,true],"medium_large":["https:\/\/quehacerpolitico.mx\/wp-content\/uploads\/2023\/12\/IMG_2535.jpeg",640,359,false],"large":["https:\/\/quehacerpolitico.mx\/wp-content\/uploads\/2023\/12\/IMG_2535.jpeg",640,359,false],"1536x1536":["https:\/\/quehacerpolitico.mx\/wp-content\/uploads\/2023\/12\/IMG_2535.jpeg",739,415,false],"2048x2048":["https:\/\/quehacerpolitico.mx\/wp-content\/uploads\/2023\/12\/IMG_2535.jpeg",739,415,false],"covernews-featured":["https:\/\/quehacerpolitico.mx\/wp-content\/uploads\/2023\/12\/IMG_2535.jpeg",739,415,false],"covernews-medium":["https:\/\/quehacerpolitico.mx\/wp-content\/uploads\/2023\/12\/IMG_2535.jpeg",540,303,false]},"author_info":{"display_name":"Redacci\u00f3n QP","author_link":"https:\/\/quehacerpolitico.mx\/?author=2"},"category_info":"<a href=\"https:\/\/quehacerpolitico.mx\/?cat=2\" rel=\"category\">Noticias<\/a>","tag_info":"Noticias","comment_count":"0","_links":{"self":[{"href":"https:\/\/quehacerpolitico.mx\/index.php?rest_route=\/wp\/v2\/posts\/106981","targetHints":{"allow":["GET"]}}],"collection":[{"href":"https:\/\/quehacerpolitico.mx\/index.php?rest_route=\/wp\/v2\/posts"}],"about":[{"href":"https:\/\/quehacerpolitico.mx\/index.php?rest_route=\/wp\/v2\/types\/post"}],"author":[{"embeddable":true,"href":"https:\/\/quehacerpolitico.mx\/index.php?rest_route=\/wp\/v2\/users\/2"}],"replies":[{"embeddable":true,"href":"https:\/\/quehacerpolitico.mx\/index.php?rest_route=%2Fwp%2Fv2%2Fcomments&post=106981"}],"version-history":[{"count":1,"href":"https:\/\/quehacerpolitico.mx\/index.php?rest_route=\/wp\/v2\/posts\/106981\/revisions"}],"predecessor-version":[{"id":106983,"href":"https:\/\/quehacerpolitico.mx\/index.php?rest_route=\/wp\/v2\/posts\/106981\/revisions\/106983"}],"wp:featuredmedia":[{"embeddable":true,"href":"https:\/\/quehacerpolitico.mx\/index.php?rest_route=\/wp\/v2\/media\/106982"}],"wp:attachment":[{"href":"https:\/\/quehacerpolitico.mx\/index.php?rest_route=%2Fwp%2Fv2%2Fmedia&parent=106981"}],"wp:term":[{"taxonomy":"category","embeddable":true,"href":"https:\/\/quehacerpolitico.mx\/index.php?rest_route=%2Fwp%2Fv2%2Fcategories&post=106981"},{"taxonomy":"post_tag","embeddable":true,"href":"https:\/\/quehacerpolitico.mx\/index.php?rest_route=%2Fwp%2Fv2%2Ftags&post=106981"}],"curies":[{"name":"wp","href":"https:\/\/api.w.org\/{rel}","templated":true}]}}