{"id":106975,"date":"2023-12-11T17:17:47","date_gmt":"2023-12-11T17:17:47","guid":{"rendered":"https:\/\/quehacerpolitico.mx\/?p=106975"},"modified":"2023-12-11T17:23:50","modified_gmt":"2023-12-11T17:23:50","slug":"tras-los-enfrentamientos-que-dejaron-14-muertos-en-texcaltitlan-edomex-amlo-dice-que-ya-mandaron-a-600-elementos-de-sedena-y-guardia-nacional","status":"publish","type":"post","link":"https:\/\/quehacerpolitico.mx\/?p=106975","title":{"rendered":"Tras los enfrentamientos que dejaron 14 muertos en #Texcaltitl\u00e1n, #Edomex, AMLO dice que ya mandaron a 600 elementos de Sedena y Guardia Nacional"},"content":{"rendered":"\n<p>Por Redacci\u00f3n QP<\/p>\n\n\n\n<p>L\u00f3pez Obrador indic\u00f3 que ya se est\u00e1 realizando la investigaci\u00f3n correspondiente por el enfrentamiento del viernes Texcaltitl\u00e1n, en el Edomex<\/p>\n\n\n\n<p>El presidente&nbsp;<strong>Andres Manuel L\u00f3pez Obrador<\/strong>&nbsp;detall\u00f3 que hay<strong> 600 elementos<\/strong>&nbsp;de la&nbsp;<strong>Guardia Nacional<\/strong>&nbsp;y del<strong>&nbsp;Ej\u00e9rcito mexicano<\/strong> en la zona de&nbsp;<strong>Texcaltitl\u00e1n<\/strong>, en el&nbsp;<strong>Estado de M\u00e9xico<\/strong>, tras el&nbsp;<strong>enfrentamiento<\/strong>&nbsp;entre pobladores y delincuentes del viernes pasado, que dej\u00f3 un saldo de&nbsp;14 personas muertas.<\/p>\n\n\n\n<p>En la conferencia matutina de Palacio Nacional, L\u00f3pez Obrador indic\u00f3 que ya se est\u00e1 realizando la investigaci\u00f3n correspondiente por estos hechos y protegiendo a la poblaci\u00f3n.<\/p>\n\n\n\n<figure class=\"wp-block-embed is-type-rich is-provider-twitter wp-block-embed-twitter\"><div class=\"wp-block-embed__wrapper\">\n<blockquote class=\"twitter-tweet\" data-width=\"550\" data-dnt=\"true\"><p lang=\"es\" dir=\"ltr\">Tras los enfrentamientos que dejaron 14 muertos en <a href=\"https:\/\/twitter.com\/hashtag\/Texcaltitl%C3%A1n?src=hash&amp;ref_src=twsrc%5Etfw\">#Texcaltitl\u00e1n<\/a>, <a href=\"https:\/\/twitter.com\/hashtag\/Edomex?src=hash&amp;ref_src=twsrc%5Etfw\">#Edomex<\/a>, AMLO dice que ya mandaron a 600 elementos de Sedena y Guardia Nacional <a href=\"https:\/\/t.co\/I07FlbZ5z5\">pic.twitter.com\/I07FlbZ5z5<\/a><\/p>&mdash; Manuel Lopez San Martin (@MLopezSanMartin) <a href=\"https:\/\/twitter.com\/MLopezSanMartin\/status\/1734223460933709832?ref_src=twsrc%5Etfw\">December 11, 2023<\/a><\/blockquote><script async src=\"https:\/\/platform.twitter.com\/widgets.js\" charset=\"utf-8\"><\/script>\n<\/div><\/figure>\n\n\n\n<p>\u201cYo creo que ma\u00f1ana se va a informar sobre lo sucedido, muy lamentable. S\u00ed fue un enfrentamiento entre pobladores y al parecer una banda de la delincuencia por extorsi\u00f3n, por eso lamentablemente perdieron la vida 14 personas, 10 de esta supuesta banda de presuntos delincuentes y cuatro campesinos de esa comunidad\u201d, indic\u00f3.<\/p>\n\n\n\n<p>Ya se est\u00e1 analizando, se tiene protecci\u00f3n en la zona desde que sucedieron estos hechos. Hay integrantes de la Sedena y de la Guardia Nacional, alrededor de 600 elementos que est\u00e1n protegiendo a la poblaci\u00f3n\u201d, expuso.<\/p>\n\n\n\n<p>El pasado viernes 8 de diciembre, un enfrentamiento entre presuntos criminales y pobladores en Texcaltitl\u00e1n que dej\u00f3 14 muertos, una decena de ellas integrantes del grupo criminal\u00a0<strong>La Familia Michoacana<\/strong>, adem\u00e1s de varios heridos.<\/p>\n\n\n\n<figure class=\"wp-block-embed is-type-rich is-provider-twitter wp-block-embed-twitter\"><div class=\"wp-block-embed__wrapper\">\n<blockquote class=\"twitter-tweet\" data-width=\"550\" data-dnt=\"true\"><p lang=\"es\" dir=\"ltr\"><a href=\"https:\/\/twitter.com\/hashtag\/QPMX?src=hash&amp;ref_src=twsrc%5Etfw\">#QPMX<\/a> <a href=\"https:\/\/twitter.com\/hashtag\/ElQuehacerPolitico?src=hash&amp;ref_src=twsrc%5Etfw\">#ElQuehacerPolitico<\/a> <br><br>Pobladores artos de los cobros por extorsi\u00f3n y \u201cderecho de piso\u201d se enfrentaron con presuntos miembros del crimen organizado.<br><br>Varias personas entre ellos comerciantes y productores, los habr\u00edan dejado sin vida, en Texcaltitl\u00e1n, <a href=\"https:\/\/twitter.com\/hashtag\/EdoM%C3%A9x?src=hash&amp;ref_src=twsrc%5Etfw\">#EdoM\u00e9x<\/a> <a href=\"https:\/\/t.co\/uM4NMrqUu3\">pic.twitter.com\/uM4NMrqUu3<\/a><\/p>&mdash; Quehacer Pol\u00edtico (@QueHacerPolitic) <a href=\"https:\/\/twitter.com\/QueHacerPolitic\/status\/1733253325808701889?ref_src=twsrc%5Etfw\">December 8, 2023<\/a><\/blockquote><script async src=\"https:\/\/platform.twitter.com\/widgets.js\" charset=\"utf-8\"><\/script>\n<\/div><\/figure>\n\n\n\n<figure class=\"wp-block-embed is-type-video is-provider-youtube wp-block-embed-youtube wp-embed-aspect-16-9 wp-has-aspect-ratio\"><div class=\"wp-block-embed__wrapper\">\nhttps:\/\/youtube.com\/shorts\/1kI9zhHOoYA?si=ZOADdbfyU_HF5DfX\n<\/div><\/figure>\n\n\n\n<p>De acuerdo con la prensa local, el enfrentamiento surgi\u00f3 despu\u00e9s de que los vecinos denunciaran que fueron extorsionados por personas que dec\u00edan ser miembros de La Familia Michoacana, quienes les exig\u00edan pagos por cada metro cuadrado de siembra.<\/p>\n\n\n\n<p>Ante esta situaci\u00f3n, los habitantes se organizaron para confrontar a los criminales, lo que deriv\u00f3 en el enfrentamiento.<\/p>\n\n\n\n<p>Seg\u00fan un informe presentado este s\u00e1bado por autoridades locales, entre los 14 muertos se encontraba una persona que fue identificada como&nbsp;<em>El Payaso<\/em>, l\u00edder de La Familia Michoacana en la zona, y un par de sicarios \u201cde alto o mediano nivel\u201d.<\/p>\n\n\n\n<p>La gobernadora del Edomex,&nbsp;<strong>Delfina G\u00f3mez<\/strong>, prometi\u00f3 que no habr\u00e1 impunidad en el caso e inform\u00f3 de que solicitar\u00e1 al Gobierno federal la \u201cpresencia permanente de las fuerzas federales en la regi\u00f3n\u201d, para cuidar y proteger a los residentes.<\/p>\n\n\n\n<p>La Familia Michoacana es uno de los grupos delictivos que operan en el pa\u00eds, los cuales se disputan a sangre y fuego el control de la producci\u00f3n y tr\u00e1fico de drogas como la marihuana y metanfetamina, adem\u00e1s de actividades como la extorsi\u00f3n a comerciantes, el secuestro y el robo a autotransporte de carga.<\/p>\n","protected":false},"excerpt":{"rendered":"<p>Por Redacci\u00f3n QP L\u00f3pez Obrador indic\u00f3 que ya se est\u00e1 realizando la investigaci\u00f3n correspondiente por&#8230;<\/p>\n","protected":false},"author":2,"featured_media":106979,"comment_status":"open","ping_status":"open","sticky":false,"template":"","format":"standard","meta":{"_monsterinsights_skip_tracking":false,"_monsterinsights_sitenote_active":false,"_monsterinsights_sitenote_note":"","_monsterinsights_sitenote_category":0,"footnotes":""},"categories":[2],"tags":[],"class_list":["post-106975","post","type-post","status-publish","format-standard","has-post-thumbnail","hentry","category-noticias"],"yoast_head":"<!-- This site is optimized with the Yoast SEO plugin v27.3 - https:\/\/yoast.com\/product\/yoast-seo-wordpress\/ -->\n<title>Tras los enfrentamientos que dejaron 14 muertos en #Texcaltitl\u00e1n, #Edomex, AMLO dice que ya mandaron a 600 elementos de Sedena y Guardia Nacional -<\/title>\n<meta name=\"robots\" content=\"index, follow, max-snippet:-1, max-image-preview:large, max-video-preview:-1\" \/>\n<link rel=\"canonical\" href=\"https:\/\/quehacerpolitico.mx\/?p=106975\" \/>\n<meta property=\"og:locale\" content=\"es_MX\" \/>\n<meta property=\"og:type\" content=\"article\" \/>\n<meta property=\"og:title\" content=\"Tras los enfrentamientos que dejaron 14 muertos en #Texcaltitl\u00e1n, #Edomex, AMLO dice que ya mandaron a 600 elementos de Sedena y Guardia Nacional -\" \/>\n<meta property=\"og:description\" content=\"Por Redacci\u00f3n QP L\u00f3pez Obrador indic\u00f3 que ya se est\u00e1 realizando la investigaci\u00f3n correspondiente por...\" \/>\n<meta property=\"og:url\" content=\"https:\/\/quehacerpolitico.mx\/?p=106975\" \/>\n<meta property=\"article:published_time\" content=\"2023-12-11T17:17:47+00:00\" \/>\n<meta property=\"article:modified_time\" content=\"2023-12-11T17:23:50+00:00\" \/>\n<meta property=\"og:image\" content=\"https:\/\/quehacerpolitico.mx\/wp-content\/uploads\/2023\/12\/IMG_2534.jpeg\" \/>\n\t<meta property=\"og:image:width\" content=\"702\" \/>\n\t<meta property=\"og:image:height\" content=\"437\" \/>\n\t<meta property=\"og:image:type\" content=\"image\/jpeg\" \/>\n<meta name=\"author\" content=\"Redacci\u00f3n QP\" \/>\n<meta name=\"twitter:card\" content=\"summary_large_image\" \/>\n<meta name=\"twitter:label1\" content=\"Escrito por\" \/>\n\t<meta name=\"twitter:data1\" content=\"Redacci\u00f3n QP\" \/>\n\t<meta name=\"twitter:label2\" content=\"Tiempo de lectura\" \/>\n\t<meta name=\"twitter:data2\" content=\"2 minutos\" \/>\n<script type=\"application\/ld+json\" class=\"yoast-schema-graph\">{\"@context\":\"https:\\\/\\\/schema.org\",\"@graph\":[{\"@type\":\"Article\",\"@id\":\"https:\\\/\\\/quehacerpolitico.mx\\\/?p=106975#article\",\"isPartOf\":{\"@id\":\"https:\\\/\\\/quehacerpolitico.mx\\\/?p=106975\"},\"author\":{\"name\":\"Redacci\u00f3n QP\",\"@id\":\"https:\\\/\\\/quehacerpolitico.mx\\\/#\\\/schema\\\/person\\\/496d8ad2d1d3f8036101dca7ee39e585\"},\"headline\":\"Tras los enfrentamientos que dejaron 14 muertos en #Texcaltitl\u00e1n, #Edomex, AMLO dice que ya mandaron a 600 elementos de Sedena y Guardia Nacional\",\"datePublished\":\"2023-12-11T17:17:47+00:00\",\"dateModified\":\"2023-12-11T17:23:50+00:00\",\"mainEntityOfPage\":{\"@id\":\"https:\\\/\\\/quehacerpolitico.mx\\\/?p=106975\"},\"wordCount\":498,\"commentCount\":0,\"image\":{\"@id\":\"https:\\\/\\\/quehacerpolitico.mx\\\/?p=106975#primaryimage\"},\"thumbnailUrl\":\"https:\\\/\\\/quehacerpolitico.mx\\\/wp-content\\\/uploads\\\/2023\\\/12\\\/IMG_2534.jpeg\",\"articleSection\":[\"Noticias\"],\"inLanguage\":\"es\",\"potentialAction\":[{\"@type\":\"CommentAction\",\"name\":\"Comment\",\"target\":[\"https:\\\/\\\/quehacerpolitico.mx\\\/?p=106975#respond\"]}]},{\"@type\":\"WebPage\",\"@id\":\"https:\\\/\\\/quehacerpolitico.mx\\\/?p=106975\",\"url\":\"https:\\\/\\\/quehacerpolitico.mx\\\/?p=106975\",\"name\":\"Tras los enfrentamientos que dejaron 14 muertos en #Texcaltitl\u00e1n, #Edomex, AMLO dice que ya mandaron a 600 elementos de Sedena y Guardia Nacional -\",\"isPartOf\":{\"@id\":\"https:\\\/\\\/quehacerpolitico.mx\\\/#website\"},\"primaryImageOfPage\":{\"@id\":\"https:\\\/\\\/quehacerpolitico.mx\\\/?p=106975#primaryimage\"},\"image\":{\"@id\":\"https:\\\/\\\/quehacerpolitico.mx\\\/?p=106975#primaryimage\"},\"thumbnailUrl\":\"https:\\\/\\\/quehacerpolitico.mx\\\/wp-content\\\/uploads\\\/2023\\\/12\\\/IMG_2534.jpeg\",\"datePublished\":\"2023-12-11T17:17:47+00:00\",\"dateModified\":\"2023-12-11T17:23:50+00:00\",\"author\":{\"@id\":\"https:\\\/\\\/quehacerpolitico.mx\\\/#\\\/schema\\\/person\\\/496d8ad2d1d3f8036101dca7ee39e585\"},\"breadcrumb\":{\"@id\":\"https:\\\/\\\/quehacerpolitico.mx\\\/?p=106975#breadcrumb\"},\"inLanguage\":\"es\",\"potentialAction\":[{\"@type\":\"ReadAction\",\"target\":[\"https:\\\/\\\/quehacerpolitico.mx\\\/?p=106975\"]}]},{\"@type\":\"ImageObject\",\"inLanguage\":\"es\",\"@id\":\"https:\\\/\\\/quehacerpolitico.mx\\\/?p=106975#primaryimage\",\"url\":\"https:\\\/\\\/quehacerpolitico.mx\\\/wp-content\\\/uploads\\\/2023\\\/12\\\/IMG_2534.jpeg\",\"contentUrl\":\"https:\\\/\\\/quehacerpolitico.mx\\\/wp-content\\\/uploads\\\/2023\\\/12\\\/IMG_2534.jpeg\",\"width\":702,\"height\":437},{\"@type\":\"BreadcrumbList\",\"@id\":\"https:\\\/\\\/quehacerpolitico.mx\\\/?p=106975#breadcrumb\",\"itemListElement\":[{\"@type\":\"ListItem\",\"position\":1,\"name\":\"Inicio\",\"item\":\"https:\\\/\\\/quehacerpolitico.mx\\\/\"},{\"@type\":\"ListItem\",\"position\":2,\"name\":\"Tras los enfrentamientos que dejaron 14 muertos en #Texcaltitl\u00e1n, #Edomex, AMLO dice que ya mandaron a 600 elementos de Sedena y Guardia Nacional\"}]},{\"@type\":\"WebSite\",\"@id\":\"https:\\\/\\\/quehacerpolitico.mx\\\/#website\",\"url\":\"https:\\\/\\\/quehacerpolitico.mx\\\/\",\"name\":\"\",\"description\":\"\",\"potentialAction\":[{\"@type\":\"SearchAction\",\"target\":{\"@type\":\"EntryPoint\",\"urlTemplate\":\"https:\\\/\\\/quehacerpolitico.mx\\\/?s={search_term_string}\"},\"query-input\":{\"@type\":\"PropertyValueSpecification\",\"valueRequired\":true,\"valueName\":\"search_term_string\"}}],\"inLanguage\":\"es\"},{\"@type\":\"Person\",\"@id\":\"https:\\\/\\\/quehacerpolitico.mx\\\/#\\\/schema\\\/person\\\/496d8ad2d1d3f8036101dca7ee39e585\",\"name\":\"Redacci\u00f3n QP\",\"image\":{\"@type\":\"ImageObject\",\"inLanguage\":\"es\",\"@id\":\"https:\\\/\\\/secure.gravatar.com\\\/avatar\\\/c7164ed6fdec453195284ad24a5ae5b6e1eed2b848477fa2a4787ba9adf39a41?s=96&d=mm&r=g\",\"url\":\"https:\\\/\\\/secure.gravatar.com\\\/avatar\\\/c7164ed6fdec453195284ad24a5ae5b6e1eed2b848477fa2a4787ba9adf39a41?s=96&d=mm&r=g\",\"contentUrl\":\"https:\\\/\\\/secure.gravatar.com\\\/avatar\\\/c7164ed6fdec453195284ad24a5ae5b6e1eed2b848477fa2a4787ba9adf39a41?s=96&d=mm&r=g\",\"caption\":\"Redacci\u00f3n QP\"},\"url\":\"https:\\\/\\\/quehacerpolitico.mx\\\/?author=2\"}]}<\/script>\n<!-- \/ Yoast SEO plugin. -->","yoast_head_json":{"title":"Tras los enfrentamientos que dejaron 14 muertos en #Texcaltitl\u00e1n, #Edomex, AMLO dice que ya mandaron a 600 elementos de Sedena y Guardia Nacional -","robots":{"index":"index","follow":"follow","max-snippet":"max-snippet:-1","max-image-preview":"max-image-preview:large","max-video-preview":"max-video-preview:-1"},"canonical":"https:\/\/quehacerpolitico.mx\/?p=106975","og_locale":"es_MX","og_type":"article","og_title":"Tras los enfrentamientos que dejaron 14 muertos en #Texcaltitl\u00e1n, #Edomex, AMLO dice que ya mandaron a 600 elementos de Sedena y Guardia Nacional -","og_description":"Por Redacci\u00f3n QP L\u00f3pez Obrador indic\u00f3 que ya se est\u00e1 realizando la investigaci\u00f3n correspondiente por...","og_url":"https:\/\/quehacerpolitico.mx\/?p=106975","article_published_time":"2023-12-11T17:17:47+00:00","article_modified_time":"2023-12-11T17:23:50+00:00","og_image":[{"width":702,"height":437,"url":"https:\/\/quehacerpolitico.mx\/wp-content\/uploads\/2023\/12\/IMG_2534.jpeg","type":"image\/jpeg"}],"author":"Redacci\u00f3n QP","twitter_card":"summary_large_image","twitter_misc":{"Escrito por":"Redacci\u00f3n QP","Tiempo de lectura":"2 minutos"},"schema":{"@context":"https:\/\/schema.org","@graph":[{"@type":"Article","@id":"https:\/\/quehacerpolitico.mx\/?p=106975#article","isPartOf":{"@id":"https:\/\/quehacerpolitico.mx\/?p=106975"},"author":{"name":"Redacci\u00f3n QP","@id":"https:\/\/quehacerpolitico.mx\/#\/schema\/person\/496d8ad2d1d3f8036101dca7ee39e585"},"headline":"Tras los enfrentamientos que dejaron 14 muertos en #Texcaltitl\u00e1n, #Edomex, AMLO dice que ya mandaron a 600 elementos de Sedena y Guardia Nacional","datePublished":"2023-12-11T17:17:47+00:00","dateModified":"2023-12-11T17:23:50+00:00","mainEntityOfPage":{"@id":"https:\/\/quehacerpolitico.mx\/?p=106975"},"wordCount":498,"commentCount":0,"image":{"@id":"https:\/\/quehacerpolitico.mx\/?p=106975#primaryimage"},"thumbnailUrl":"https:\/\/quehacerpolitico.mx\/wp-content\/uploads\/2023\/12\/IMG_2534.jpeg","articleSection":["Noticias"],"inLanguage":"es","potentialAction":[{"@type":"CommentAction","name":"Comment","target":["https:\/\/quehacerpolitico.mx\/?p=106975#respond"]}]},{"@type":"WebPage","@id":"https:\/\/quehacerpolitico.mx\/?p=106975","url":"https:\/\/quehacerpolitico.mx\/?p=106975","name":"Tras los enfrentamientos que dejaron 14 muertos en #Texcaltitl\u00e1n, #Edomex, AMLO dice que ya mandaron a 600 elementos de Sedena y Guardia Nacional -","isPartOf":{"@id":"https:\/\/quehacerpolitico.mx\/#website"},"primaryImageOfPage":{"@id":"https:\/\/quehacerpolitico.mx\/?p=106975#primaryimage"},"image":{"@id":"https:\/\/quehacerpolitico.mx\/?p=106975#primaryimage"},"thumbnailUrl":"https:\/\/quehacerpolitico.mx\/wp-content\/uploads\/2023\/12\/IMG_2534.jpeg","datePublished":"2023-12-11T17:17:47+00:00","dateModified":"2023-12-11T17:23:50+00:00","author":{"@id":"https:\/\/quehacerpolitico.mx\/#\/schema\/person\/496d8ad2d1d3f8036101dca7ee39e585"},"breadcrumb":{"@id":"https:\/\/quehacerpolitico.mx\/?p=106975#breadcrumb"},"inLanguage":"es","potentialAction":[{"@type":"ReadAction","target":["https:\/\/quehacerpolitico.mx\/?p=106975"]}]},{"@type":"ImageObject","inLanguage":"es","@id":"https:\/\/quehacerpolitico.mx\/?p=106975#primaryimage","url":"https:\/\/quehacerpolitico.mx\/wp-content\/uploads\/2023\/12\/IMG_2534.jpeg","contentUrl":"https:\/\/quehacerpolitico.mx\/wp-content\/uploads\/2023\/12\/IMG_2534.jpeg","width":702,"height":437},{"@type":"BreadcrumbList","@id":"https:\/\/quehacerpolitico.mx\/?p=106975#breadcrumb","itemListElement":[{"@type":"ListItem","position":1,"name":"Inicio","item":"https:\/\/quehacerpolitico.mx\/"},{"@type":"ListItem","position":2,"name":"Tras los enfrentamientos que dejaron 14 muertos en #Texcaltitl\u00e1n, #Edomex, AMLO dice que ya mandaron a 600 elementos de Sedena y Guardia Nacional"}]},{"@type":"WebSite","@id":"https:\/\/quehacerpolitico.mx\/#website","url":"https:\/\/quehacerpolitico.mx\/","name":"","description":"","potentialAction":[{"@type":"SearchAction","target":{"@type":"EntryPoint","urlTemplate":"https:\/\/quehacerpolitico.mx\/?s={search_term_string}"},"query-input":{"@type":"PropertyValueSpecification","valueRequired":true,"valueName":"search_term_string"}}],"inLanguage":"es"},{"@type":"Person","@id":"https:\/\/quehacerpolitico.mx\/#\/schema\/person\/496d8ad2d1d3f8036101dca7ee39e585","name":"Redacci\u00f3n QP","image":{"@type":"ImageObject","inLanguage":"es","@id":"https:\/\/secure.gravatar.com\/avatar\/c7164ed6fdec453195284ad24a5ae5b6e1eed2b848477fa2a4787ba9adf39a41?s=96&d=mm&r=g","url":"https:\/\/secure.gravatar.com\/avatar\/c7164ed6fdec453195284ad24a5ae5b6e1eed2b848477fa2a4787ba9adf39a41?s=96&d=mm&r=g","contentUrl":"https:\/\/secure.gravatar.com\/avatar\/c7164ed6fdec453195284ad24a5ae5b6e1eed2b848477fa2a4787ba9adf39a41?s=96&d=mm&r=g","caption":"Redacci\u00f3n QP"},"url":"https:\/\/quehacerpolitico.mx\/?author=2"}]}},"featured_image_urls":{"full":["https:\/\/quehacerpolitico.mx\/wp-content\/uploads\/2023\/12\/IMG_2534.jpeg",702,437,false],"thumbnail":["https:\/\/quehacerpolitico.mx\/wp-content\/uploads\/2023\/12\/IMG_2534-150x150.jpeg",150,150,true],"medium":["https:\/\/quehacerpolitico.mx\/wp-content\/uploads\/2023\/12\/IMG_2534-300x187.jpeg",300,187,true],"medium_large":["https:\/\/quehacerpolitico.mx\/wp-content\/uploads\/2023\/12\/IMG_2534.jpeg",640,398,false],"large":["https:\/\/quehacerpolitico.mx\/wp-content\/uploads\/2023\/12\/IMG_2534.jpeg",640,398,false],"1536x1536":["https:\/\/quehacerpolitico.mx\/wp-content\/uploads\/2023\/12\/IMG_2534.jpeg",702,437,false],"2048x2048":["https:\/\/quehacerpolitico.mx\/wp-content\/uploads\/2023\/12\/IMG_2534.jpeg",702,437,false],"covernews-featured":["https:\/\/quehacerpolitico.mx\/wp-content\/uploads\/2023\/12\/IMG_2534.jpeg",702,437,false],"covernews-medium":["https:\/\/quehacerpolitico.mx\/wp-content\/uploads\/2023\/12\/IMG_2534.jpeg",540,336,false]},"author_info":{"display_name":"Redacci\u00f3n QP","author_link":"https:\/\/quehacerpolitico.mx\/?author=2"},"category_info":"<a href=\"https:\/\/quehacerpolitico.mx\/?cat=2\" rel=\"category\">Noticias<\/a>","tag_info":"Noticias","comment_count":"0","_links":{"self":[{"href":"https:\/\/quehacerpolitico.mx\/index.php?rest_route=\/wp\/v2\/posts\/106975","targetHints":{"allow":["GET"]}}],"collection":[{"href":"https:\/\/quehacerpolitico.mx\/index.php?rest_route=\/wp\/v2\/posts"}],"about":[{"href":"https:\/\/quehacerpolitico.mx\/index.php?rest_route=\/wp\/v2\/types\/post"}],"author":[{"embeddable":true,"href":"https:\/\/quehacerpolitico.mx\/index.php?rest_route=\/wp\/v2\/users\/2"}],"replies":[{"embeddable":true,"href":"https:\/\/quehacerpolitico.mx\/index.php?rest_route=%2Fwp%2Fv2%2Fcomments&post=106975"}],"version-history":[{"count":2,"href":"https:\/\/quehacerpolitico.mx\/index.php?rest_route=\/wp\/v2\/posts\/106975\/revisions"}],"predecessor-version":[{"id":106980,"href":"https:\/\/quehacerpolitico.mx\/index.php?rest_route=\/wp\/v2\/posts\/106975\/revisions\/106980"}],"wp:featuredmedia":[{"embeddable":true,"href":"https:\/\/quehacerpolitico.mx\/index.php?rest_route=\/wp\/v2\/media\/106979"}],"wp:attachment":[{"href":"https:\/\/quehacerpolitico.mx\/index.php?rest_route=%2Fwp%2Fv2%2Fmedia&parent=106975"}],"wp:term":[{"taxonomy":"category","embeddable":true,"href":"https:\/\/quehacerpolitico.mx\/index.php?rest_route=%2Fwp%2Fv2%2Fcategories&post=106975"},{"taxonomy":"post_tag","embeddable":true,"href":"https:\/\/quehacerpolitico.mx\/index.php?rest_route=%2Fwp%2Fv2%2Ftags&post=106975"}],"curies":[{"name":"wp","href":"https:\/\/api.w.org\/{rel}","templated":true}]}}