{"id":106972,"date":"2023-12-11T16:59:15","date_gmt":"2023-12-11T16:59:15","guid":{"rendered":"https:\/\/quehacerpolitico.mx\/?p=106972"},"modified":"2023-12-11T16:59:17","modified_gmt":"2023-12-11T16:59:17","slug":"autoridades-de-la-ciudad-de-mexico-esperan-mas-de-11-millones-de-peregrinos-visitando-la-basilica-de-guadalupe","status":"publish","type":"post","link":"https:\/\/quehacerpolitico.mx\/?p=106972","title":{"rendered":"Autoridades de la\u00a0Ciudad de M\u00e9xico\u00a0esperan m\u00e1s de\u00a011 millones\u00a0de\u00a0peregrinos visitando la\u00a0Bas\u00edlica de Guadalupe"},"content":{"rendered":"\n<p>Por Redacci\u00f3n QP<\/p>\n\n\n\n<p>Autoridades de la Ciudad de M\u00e9xico implementaron el operativo\u00a0\u201cBienvenido Peregrino 2023\u201d en la Bas\u00edlica de Guadalupe<\/p>\n\n\n\n<p>Autoridades de la\u00a0<strong>Ciudad de M\u00e9xico<\/strong>\u00a0esperan m\u00e1s de\u00a0<strong>11 millones<\/strong>\u00a0de\u00a0peregrinos visitando la<strong>\u00a0Bas\u00edlica de Guadalupe<\/strong>,\u00a0de cara a la celebraci\u00f3n a la Virgen este martes\u00a0<strong>12 de diciembre<\/strong>.<\/p>\n\n\n\n<p>Lo anterior fue detallado en redes sociales por el jefe de Gobierno de la Ciudad de M\u00e9xico,\u00a0<strong>Mart\u00ed Batres<\/strong>, quien dio algunos detalles del despliegue del operativo\u00a0\u201c<strong>Bienvenido Peregrino 2023<\/strong>\u201c.<\/p>\n\n\n\n<figure class=\"wp-block-embed is-type-rich is-provider-twitter wp-block-embed-twitter\"><div class=\"wp-block-embed__wrapper\">\n<blockquote class=\"twitter-tweet\" data-width=\"550\" data-dnt=\"true\"><p lang=\"es\" dir=\"ltr\">Informamos que desde ayer y hasta el 13 de diciembre de 2023 se despliega el Operativo &quot;Bienvenido Peregrino 2023&quot;, con el objetivo de atender y proteger a las m\u00e1s de 11 millones de personas que visitar\u00e1n la Bas\u00edlica de Guadalupe en el marco de la festividad religiosa m\u00e1s grande\u2026 <a href=\"https:\/\/t.co\/OAKhn6XF8l\">pic.twitter.com\/OAKhn6XF8l<\/a><\/p>&mdash; Mart\u00ed Batres (@martibatres) <a href=\"https:\/\/twitter.com\/martibatres\/status\/1733938182004019616?ref_src=twsrc%5Etfw\">December 10, 2023<\/a><\/blockquote><script async src=\"https:\/\/platform.twitter.com\/widgets.js\" charset=\"utf-8\"><\/script>\n<\/div><\/figure>\n\n\n\n<p>\u201cInformamos que desde ayer y hasta el 13 de diciembre de 2023 se despliega el Operativo \u201cBienvenido Peregrino 2023\u2033, con el objetivo de atender y proteger a las m\u00e1s de 11 millones de personas que visitar\u00e1n la Bas\u00edlica de Guadalupe en el marco de la festividad religiosa m\u00e1s grande de M\u00e9xico y Am\u00e9rica Latina\u201d, indic\u00f3.<\/p>\n\n\n\n<p>Adem\u00e1s, indic\u00f3 que se tendr\u00e1n m\u00e1s de 22 mil 300 elementos de diferentes dependencias en diversas vialidades circundantes y en 10 puntos de atenci\u00f3n al peregrino que ofrecer\u00e1n hidrataci\u00f3n, espacios para descanso, alimentos y servicios m\u00e9dicos a los peregrinos.<\/p>\n\n\n\n<p>Efectivos de la Secretar\u00eda de Seguridad Ciudadana (<strong>SSC CDMX<\/strong>) implementar\u00e1n un dispositivo de seguridad y vialidad con el objetivo de salvaguardar la integridad tanto f\u00edsica como patrimonial de los feligreses y asistentes en pr\u00f3ximas fechas a la Bas\u00edlica de Guadalupe.<\/p>\n\n\n\n<p>De cra a la celebraci\u00f3n, se destinar\u00e1n 5 mil 500 polic\u00edas, apoyados con 300 veh\u00edculos oficiales, cinco motocicletas, nueve gr\u00faas, seis ambulancias, cuatro motoambulancias del Escuadr\u00f3n de Rescate y Urgencias M\u00e9dicas (ERUM), los encargados de la seguridad y vialidad para garantizar la integridad de todos los ciudadanos.<\/p>\n\n\n\n<figure class=\"wp-block-embed is-type-rich is-provider-twitter wp-block-embed-twitter\"><div class=\"wp-block-embed__wrapper\">\n<blockquote class=\"twitter-tweet\" data-width=\"550\" data-dnt=\"true\"><p lang=\"es\" dir=\"ltr\">Debido a la afluencia extraordinaria de personas en la ciudad por las celebraciones de la Virgen de Guadalupe, implementamos el Operativo &quot;Bienvenido Peregrino 2023&quot;, con m\u00e1s de 22 mil servidores p\u00fablicos de distintas dependencias del <a href=\"https:\/\/twitter.com\/GobCDMX?ref_src=twsrc%5Etfw\">@GobCDMX<\/a> y <a href=\"https:\/\/twitter.com\/TuAlcaldiaGAM?ref_src=twsrc%5Etfw\">@TuAlcaldiaGAM<\/a>, para garantizar\u2026 <a href=\"https:\/\/t.co\/k8YsaXoqXy\">pic.twitter.com\/k8YsaXoqXy<\/a><\/p>&mdash; Mart\u00ed Batres (@martibatres) <a href=\"https:\/\/twitter.com\/martibatres\/status\/1733949913623331053?ref_src=twsrc%5Etfw\">December 10, 2023<\/a><\/blockquote><script async src=\"https:\/\/platform.twitter.com\/widgets.js\" charset=\"utf-8\"><\/script>\n<\/div><\/figure>\n\n\n\n<p>Adem\u00e1s un helic\u00f3ptero de C\u00f3ndores de la SSC realizar\u00e1 sobrevuelos de prevenci\u00f3n y vigilancia para informar de forma oportuna cualquier incidente al personal en campo.<\/p>\n\n\n\n<p>Con motivo del d\u00eda de la&nbsp;<strong>Virgen de Guadalupe<\/strong>, que se celebra el 12 de diciembre, millones de peregrinos viajan de todos los rincones de M\u00e9xico, de otros pa\u00edses de Am\u00e9rica e incluso de otros continentes a la Bas\u00edlica, en la&nbsp;<strong>alcald\u00eda Gustavo A. Madero<\/strong>.<\/p>\n\n\n\n<p>La fe por la Virgen de Guadalupe surgi\u00f3 en M\u00e9xico el 12 de diciembre de 1531, cuando la tradici\u00f3n apunta que se le apareci\u00f3 al ind\u00edgena Juan Diego, quien fue canonizado en 2002 por el papa Juan Pablo II, en el Cerro del Tepeyac, a cuyos pies se ubica actualmente la bas\u00edlica.<\/p>\n","protected":false},"excerpt":{"rendered":"<p>Por Redacci\u00f3n QP Autoridades de la Ciudad de M\u00e9xico implementaron el operativo\u00a0\u201cBienvenido Peregrino 2023\u201d en&#8230;<\/p>\n","protected":false},"author":2,"featured_media":106973,"comment_status":"open","ping_status":"open","sticky":false,"template":"","format":"standard","meta":{"_monsterinsights_skip_tracking":false,"_monsterinsights_sitenote_active":false,"_monsterinsights_sitenote_note":"","_monsterinsights_sitenote_category":0,"footnotes":""},"categories":[55],"tags":[],"class_list":["post-106972","post","type-post","status-publish","format-standard","has-post-thumbnail","hentry","category-cdmx"],"yoast_head":"<!-- This site is optimized with the Yoast SEO plugin v27.3 - https:\/\/yoast.com\/product\/yoast-seo-wordpress\/ -->\n<title>Autoridades de la\u00a0Ciudad de M\u00e9xico\u00a0esperan m\u00e1s de\u00a011 millones\u00a0de\u00a0peregrinos visitando la\u00a0Bas\u00edlica de Guadalupe -<\/title>\n<meta name=\"robots\" content=\"index, follow, max-snippet:-1, max-image-preview:large, max-video-preview:-1\" \/>\n<link rel=\"canonical\" href=\"https:\/\/quehacerpolitico.mx\/?p=106972\" \/>\n<meta property=\"og:locale\" content=\"es_MX\" \/>\n<meta property=\"og:type\" content=\"article\" \/>\n<meta property=\"og:title\" content=\"Autoridades de la\u00a0Ciudad de M\u00e9xico\u00a0esperan m\u00e1s de\u00a011 millones\u00a0de\u00a0peregrinos visitando la\u00a0Bas\u00edlica de Guadalupe -\" \/>\n<meta property=\"og:description\" content=\"Por Redacci\u00f3n QP Autoridades de la Ciudad de M\u00e9xico implementaron el operativo\u00a0\u201cBienvenido Peregrino 2023\u201d en...\" \/>\n<meta property=\"og:url\" content=\"https:\/\/quehacerpolitico.mx\/?p=106972\" \/>\n<meta property=\"article:published_time\" content=\"2023-12-11T16:59:15+00:00\" \/>\n<meta property=\"article:modified_time\" content=\"2023-12-11T16:59:17+00:00\" \/>\n<meta property=\"og:image\" content=\"https:\/\/quehacerpolitico.mx\/wp-content\/uploads\/2023\/12\/IMG_2531.jpeg\" \/>\n\t<meta property=\"og:image:width\" content=\"2048\" \/>\n\t<meta property=\"og:image:height\" content=\"1366\" \/>\n\t<meta property=\"og:image:type\" content=\"image\/jpeg\" \/>\n<meta name=\"author\" content=\"Redacci\u00f3n QP\" \/>\n<meta name=\"twitter:card\" content=\"summary_large_image\" \/>\n<meta name=\"twitter:label1\" content=\"Escrito por\" \/>\n\t<meta name=\"twitter:data1\" content=\"Redacci\u00f3n QP\" \/>\n\t<meta name=\"twitter:label2\" content=\"Tiempo de lectura\" \/>\n\t<meta name=\"twitter:data2\" content=\"2 minutos\" \/>\n<script type=\"application\/ld+json\" class=\"yoast-schema-graph\">{\"@context\":\"https:\\\/\\\/schema.org\",\"@graph\":[{\"@type\":\"Article\",\"@id\":\"https:\\\/\\\/quehacerpolitico.mx\\\/?p=106972#article\",\"isPartOf\":{\"@id\":\"https:\\\/\\\/quehacerpolitico.mx\\\/?p=106972\"},\"author\":{\"name\":\"Redacci\u00f3n QP\",\"@id\":\"https:\\\/\\\/quehacerpolitico.mx\\\/#\\\/schema\\\/person\\\/496d8ad2d1d3f8036101dca7ee39e585\"},\"headline\":\"Autoridades de la\u00a0Ciudad de M\u00e9xico\u00a0esperan m\u00e1s de\u00a011 millones\u00a0de\u00a0peregrinos visitando la\u00a0Bas\u00edlica de Guadalupe\",\"datePublished\":\"2023-12-11T16:59:15+00:00\",\"dateModified\":\"2023-12-11T16:59:17+00:00\",\"mainEntityOfPage\":{\"@id\":\"https:\\\/\\\/quehacerpolitico.mx\\\/?p=106972\"},\"wordCount\":457,\"commentCount\":0,\"image\":{\"@id\":\"https:\\\/\\\/quehacerpolitico.mx\\\/?p=106972#primaryimage\"},\"thumbnailUrl\":\"https:\\\/\\\/quehacerpolitico.mx\\\/wp-content\\\/uploads\\\/2023\\\/12\\\/IMG_2531.jpeg\",\"articleSection\":[\"CDMX\"],\"inLanguage\":\"es\",\"potentialAction\":[{\"@type\":\"CommentAction\",\"name\":\"Comment\",\"target\":[\"https:\\\/\\\/quehacerpolitico.mx\\\/?p=106972#respond\"]}]},{\"@type\":\"WebPage\",\"@id\":\"https:\\\/\\\/quehacerpolitico.mx\\\/?p=106972\",\"url\":\"https:\\\/\\\/quehacerpolitico.mx\\\/?p=106972\",\"name\":\"Autoridades de la\u00a0Ciudad de M\u00e9xico\u00a0esperan m\u00e1s de\u00a011 millones\u00a0de\u00a0peregrinos visitando la\u00a0Bas\u00edlica de Guadalupe -\",\"isPartOf\":{\"@id\":\"https:\\\/\\\/quehacerpolitico.mx\\\/#website\"},\"primaryImageOfPage\":{\"@id\":\"https:\\\/\\\/quehacerpolitico.mx\\\/?p=106972#primaryimage\"},\"image\":{\"@id\":\"https:\\\/\\\/quehacerpolitico.mx\\\/?p=106972#primaryimage\"},\"thumbnailUrl\":\"https:\\\/\\\/quehacerpolitico.mx\\\/wp-content\\\/uploads\\\/2023\\\/12\\\/IMG_2531.jpeg\",\"datePublished\":\"2023-12-11T16:59:15+00:00\",\"dateModified\":\"2023-12-11T16:59:17+00:00\",\"author\":{\"@id\":\"https:\\\/\\\/quehacerpolitico.mx\\\/#\\\/schema\\\/person\\\/496d8ad2d1d3f8036101dca7ee39e585\"},\"breadcrumb\":{\"@id\":\"https:\\\/\\\/quehacerpolitico.mx\\\/?p=106972#breadcrumb\"},\"inLanguage\":\"es\",\"potentialAction\":[{\"@type\":\"ReadAction\",\"target\":[\"https:\\\/\\\/quehacerpolitico.mx\\\/?p=106972\"]}]},{\"@type\":\"ImageObject\",\"inLanguage\":\"es\",\"@id\":\"https:\\\/\\\/quehacerpolitico.mx\\\/?p=106972#primaryimage\",\"url\":\"https:\\\/\\\/quehacerpolitico.mx\\\/wp-content\\\/uploads\\\/2023\\\/12\\\/IMG_2531.jpeg\",\"contentUrl\":\"https:\\\/\\\/quehacerpolitico.mx\\\/wp-content\\\/uploads\\\/2023\\\/12\\\/IMG_2531.jpeg\",\"width\":2048,\"height\":1366},{\"@type\":\"BreadcrumbList\",\"@id\":\"https:\\\/\\\/quehacerpolitico.mx\\\/?p=106972#breadcrumb\",\"itemListElement\":[{\"@type\":\"ListItem\",\"position\":1,\"name\":\"Inicio\",\"item\":\"https:\\\/\\\/quehacerpolitico.mx\\\/\"},{\"@type\":\"ListItem\",\"position\":2,\"name\":\"Autoridades de la\u00a0Ciudad de M\u00e9xico\u00a0esperan m\u00e1s de\u00a011 millones\u00a0de\u00a0peregrinos visitando la\u00a0Bas\u00edlica de Guadalupe\"}]},{\"@type\":\"WebSite\",\"@id\":\"https:\\\/\\\/quehacerpolitico.mx\\\/#website\",\"url\":\"https:\\\/\\\/quehacerpolitico.mx\\\/\",\"name\":\"\",\"description\":\"\",\"potentialAction\":[{\"@type\":\"SearchAction\",\"target\":{\"@type\":\"EntryPoint\",\"urlTemplate\":\"https:\\\/\\\/quehacerpolitico.mx\\\/?s={search_term_string}\"},\"query-input\":{\"@type\":\"PropertyValueSpecification\",\"valueRequired\":true,\"valueName\":\"search_term_string\"}}],\"inLanguage\":\"es\"},{\"@type\":\"Person\",\"@id\":\"https:\\\/\\\/quehacerpolitico.mx\\\/#\\\/schema\\\/person\\\/496d8ad2d1d3f8036101dca7ee39e585\",\"name\":\"Redacci\u00f3n QP\",\"image\":{\"@type\":\"ImageObject\",\"inLanguage\":\"es\",\"@id\":\"https:\\\/\\\/secure.gravatar.com\\\/avatar\\\/c7164ed6fdec453195284ad24a5ae5b6e1eed2b848477fa2a4787ba9adf39a41?s=96&d=mm&r=g\",\"url\":\"https:\\\/\\\/secure.gravatar.com\\\/avatar\\\/c7164ed6fdec453195284ad24a5ae5b6e1eed2b848477fa2a4787ba9adf39a41?s=96&d=mm&r=g\",\"contentUrl\":\"https:\\\/\\\/secure.gravatar.com\\\/avatar\\\/c7164ed6fdec453195284ad24a5ae5b6e1eed2b848477fa2a4787ba9adf39a41?s=96&d=mm&r=g\",\"caption\":\"Redacci\u00f3n QP\"},\"url\":\"https:\\\/\\\/quehacerpolitico.mx\\\/?author=2\"}]}<\/script>\n<!-- \/ Yoast SEO plugin. -->","yoast_head_json":{"title":"Autoridades de la\u00a0Ciudad de M\u00e9xico\u00a0esperan m\u00e1s de\u00a011 millones\u00a0de\u00a0peregrinos visitando la\u00a0Bas\u00edlica de Guadalupe -","robots":{"index":"index","follow":"follow","max-snippet":"max-snippet:-1","max-image-preview":"max-image-preview:large","max-video-preview":"max-video-preview:-1"},"canonical":"https:\/\/quehacerpolitico.mx\/?p=106972","og_locale":"es_MX","og_type":"article","og_title":"Autoridades de la\u00a0Ciudad de M\u00e9xico\u00a0esperan m\u00e1s de\u00a011 millones\u00a0de\u00a0peregrinos visitando la\u00a0Bas\u00edlica de Guadalupe -","og_description":"Por Redacci\u00f3n QP Autoridades de la Ciudad de M\u00e9xico implementaron el operativo\u00a0\u201cBienvenido Peregrino 2023\u201d en...","og_url":"https:\/\/quehacerpolitico.mx\/?p=106972","article_published_time":"2023-12-11T16:59:15+00:00","article_modified_time":"2023-12-11T16:59:17+00:00","og_image":[{"width":2048,"height":1366,"url":"https:\/\/quehacerpolitico.mx\/wp-content\/uploads\/2023\/12\/IMG_2531.jpeg","type":"image\/jpeg"}],"author":"Redacci\u00f3n QP","twitter_card":"summary_large_image","twitter_misc":{"Escrito por":"Redacci\u00f3n QP","Tiempo de lectura":"2 minutos"},"schema":{"@context":"https:\/\/schema.org","@graph":[{"@type":"Article","@id":"https:\/\/quehacerpolitico.mx\/?p=106972#article","isPartOf":{"@id":"https:\/\/quehacerpolitico.mx\/?p=106972"},"author":{"name":"Redacci\u00f3n QP","@id":"https:\/\/quehacerpolitico.mx\/#\/schema\/person\/496d8ad2d1d3f8036101dca7ee39e585"},"headline":"Autoridades de la\u00a0Ciudad de M\u00e9xico\u00a0esperan m\u00e1s de\u00a011 millones\u00a0de\u00a0peregrinos visitando la\u00a0Bas\u00edlica de Guadalupe","datePublished":"2023-12-11T16:59:15+00:00","dateModified":"2023-12-11T16:59:17+00:00","mainEntityOfPage":{"@id":"https:\/\/quehacerpolitico.mx\/?p=106972"},"wordCount":457,"commentCount":0,"image":{"@id":"https:\/\/quehacerpolitico.mx\/?p=106972#primaryimage"},"thumbnailUrl":"https:\/\/quehacerpolitico.mx\/wp-content\/uploads\/2023\/12\/IMG_2531.jpeg","articleSection":["CDMX"],"inLanguage":"es","potentialAction":[{"@type":"CommentAction","name":"Comment","target":["https:\/\/quehacerpolitico.mx\/?p=106972#respond"]}]},{"@type":"WebPage","@id":"https:\/\/quehacerpolitico.mx\/?p=106972","url":"https:\/\/quehacerpolitico.mx\/?p=106972","name":"Autoridades de la\u00a0Ciudad de M\u00e9xico\u00a0esperan m\u00e1s de\u00a011 millones\u00a0de\u00a0peregrinos visitando la\u00a0Bas\u00edlica de Guadalupe -","isPartOf":{"@id":"https:\/\/quehacerpolitico.mx\/#website"},"primaryImageOfPage":{"@id":"https:\/\/quehacerpolitico.mx\/?p=106972#primaryimage"},"image":{"@id":"https:\/\/quehacerpolitico.mx\/?p=106972#primaryimage"},"thumbnailUrl":"https:\/\/quehacerpolitico.mx\/wp-content\/uploads\/2023\/12\/IMG_2531.jpeg","datePublished":"2023-12-11T16:59:15+00:00","dateModified":"2023-12-11T16:59:17+00:00","author":{"@id":"https:\/\/quehacerpolitico.mx\/#\/schema\/person\/496d8ad2d1d3f8036101dca7ee39e585"},"breadcrumb":{"@id":"https:\/\/quehacerpolitico.mx\/?p=106972#breadcrumb"},"inLanguage":"es","potentialAction":[{"@type":"ReadAction","target":["https:\/\/quehacerpolitico.mx\/?p=106972"]}]},{"@type":"ImageObject","inLanguage":"es","@id":"https:\/\/quehacerpolitico.mx\/?p=106972#primaryimage","url":"https:\/\/quehacerpolitico.mx\/wp-content\/uploads\/2023\/12\/IMG_2531.jpeg","contentUrl":"https:\/\/quehacerpolitico.mx\/wp-content\/uploads\/2023\/12\/IMG_2531.jpeg","width":2048,"height":1366},{"@type":"BreadcrumbList","@id":"https:\/\/quehacerpolitico.mx\/?p=106972#breadcrumb","itemListElement":[{"@type":"ListItem","position":1,"name":"Inicio","item":"https:\/\/quehacerpolitico.mx\/"},{"@type":"ListItem","position":2,"name":"Autoridades de la\u00a0Ciudad de M\u00e9xico\u00a0esperan m\u00e1s de\u00a011 millones\u00a0de\u00a0peregrinos visitando la\u00a0Bas\u00edlica de Guadalupe"}]},{"@type":"WebSite","@id":"https:\/\/quehacerpolitico.mx\/#website","url":"https:\/\/quehacerpolitico.mx\/","name":"","description":"","potentialAction":[{"@type":"SearchAction","target":{"@type":"EntryPoint","urlTemplate":"https:\/\/quehacerpolitico.mx\/?s={search_term_string}"},"query-input":{"@type":"PropertyValueSpecification","valueRequired":true,"valueName":"search_term_string"}}],"inLanguage":"es"},{"@type":"Person","@id":"https:\/\/quehacerpolitico.mx\/#\/schema\/person\/496d8ad2d1d3f8036101dca7ee39e585","name":"Redacci\u00f3n QP","image":{"@type":"ImageObject","inLanguage":"es","@id":"https:\/\/secure.gravatar.com\/avatar\/c7164ed6fdec453195284ad24a5ae5b6e1eed2b848477fa2a4787ba9adf39a41?s=96&d=mm&r=g","url":"https:\/\/secure.gravatar.com\/avatar\/c7164ed6fdec453195284ad24a5ae5b6e1eed2b848477fa2a4787ba9adf39a41?s=96&d=mm&r=g","contentUrl":"https:\/\/secure.gravatar.com\/avatar\/c7164ed6fdec453195284ad24a5ae5b6e1eed2b848477fa2a4787ba9adf39a41?s=96&d=mm&r=g","caption":"Redacci\u00f3n QP"},"url":"https:\/\/quehacerpolitico.mx\/?author=2"}]}},"featured_image_urls":{"full":["https:\/\/quehacerpolitico.mx\/wp-content\/uploads\/2023\/12\/IMG_2531.jpeg",2048,1366,false],"thumbnail":["https:\/\/quehacerpolitico.mx\/wp-content\/uploads\/2023\/12\/IMG_2531-150x150.jpeg",150,150,true],"medium":["https:\/\/quehacerpolitico.mx\/wp-content\/uploads\/2023\/12\/IMG_2531-300x200.jpeg",300,200,true],"medium_large":["https:\/\/quehacerpolitico.mx\/wp-content\/uploads\/2023\/12\/IMG_2531-768x512.jpeg",640,427,true],"large":["https:\/\/quehacerpolitico.mx\/wp-content\/uploads\/2023\/12\/IMG_2531-1024x683.jpeg",640,427,true],"1536x1536":["https:\/\/quehacerpolitico.mx\/wp-content\/uploads\/2023\/12\/IMG_2531-1536x1025.jpeg",1536,1025,true],"2048x2048":["https:\/\/quehacerpolitico.mx\/wp-content\/uploads\/2023\/12\/IMG_2531.jpeg",2048,1366,false],"covernews-featured":["https:\/\/quehacerpolitico.mx\/wp-content\/uploads\/2023\/12\/IMG_2531.jpeg",1024,683,false],"covernews-medium":["https:\/\/quehacerpolitico.mx\/wp-content\/uploads\/2023\/12\/IMG_2531.jpeg",510,340,false]},"author_info":{"display_name":"Redacci\u00f3n QP","author_link":"https:\/\/quehacerpolitico.mx\/?author=2"},"category_info":"<a href=\"https:\/\/quehacerpolitico.mx\/?cat=55\" rel=\"category\">CDMX<\/a>","tag_info":"CDMX","comment_count":"0","_links":{"self":[{"href":"https:\/\/quehacerpolitico.mx\/index.php?rest_route=\/wp\/v2\/posts\/106972","targetHints":{"allow":["GET"]}}],"collection":[{"href":"https:\/\/quehacerpolitico.mx\/index.php?rest_route=\/wp\/v2\/posts"}],"about":[{"href":"https:\/\/quehacerpolitico.mx\/index.php?rest_route=\/wp\/v2\/types\/post"}],"author":[{"embeddable":true,"href":"https:\/\/quehacerpolitico.mx\/index.php?rest_route=\/wp\/v2\/users\/2"}],"replies":[{"embeddable":true,"href":"https:\/\/quehacerpolitico.mx\/index.php?rest_route=%2Fwp%2Fv2%2Fcomments&post=106972"}],"version-history":[{"count":1,"href":"https:\/\/quehacerpolitico.mx\/index.php?rest_route=\/wp\/v2\/posts\/106972\/revisions"}],"predecessor-version":[{"id":106974,"href":"https:\/\/quehacerpolitico.mx\/index.php?rest_route=\/wp\/v2\/posts\/106972\/revisions\/106974"}],"wp:featuredmedia":[{"embeddable":true,"href":"https:\/\/quehacerpolitico.mx\/index.php?rest_route=\/wp\/v2\/media\/106973"}],"wp:attachment":[{"href":"https:\/\/quehacerpolitico.mx\/index.php?rest_route=%2Fwp%2Fv2%2Fmedia&parent=106972"}],"wp:term":[{"taxonomy":"category","embeddable":true,"href":"https:\/\/quehacerpolitico.mx\/index.php?rest_route=%2Fwp%2Fv2%2Fcategories&post=106972"},{"taxonomy":"post_tag","embeddable":true,"href":"https:\/\/quehacerpolitico.mx\/index.php?rest_route=%2Fwp%2Fv2%2Ftags&post=106972"}],"curies":[{"name":"wp","href":"https:\/\/api.w.org\/{rel}","templated":true}]}}