{"id":106969,"date":"2023-12-11T15:46:25","date_gmt":"2023-12-11T15:46:25","guid":{"rendered":"https:\/\/quehacerpolitico.mx\/?p=106969"},"modified":"2023-12-11T15:46:29","modified_gmt":"2023-12-11T15:46:29","slug":"internacionales-carolina-alonso-romei-milei-asume-presidencia-de-argentina-y-anuncia-drasticas-medidas-economicas","status":"publish","type":"post","link":"https:\/\/quehacerpolitico.mx\/?p=106969","title":{"rendered":"Internacionales\/\/\/Carolina Alonso Romei\/\/\/Milei asume Presidencia de Argentina y\u00a0anuncia dr\u00e1sticas medidas econ\u00f3micas"},"content":{"rendered":"\n<p>Por Carolina Alonso Romei<\/p>\n\n\n\n<p>Internacionalista <\/p>\n\n\n\n<p>El presidente dijo que inicia una nueva era en la que se ver\u00e1 la reconstrucci\u00f3n del pa\u00eds<\/p>\n\n\n\n<p>El presidente de Argentina,&nbsp;Javier&nbsp;Milei, advirti\u00f3 a sus compatriotas que el pa\u00eds se encuentra en una situaci\u00f3n cr\u00edtica derivada de los errores cometidos durante d\u00e9cadas y anunci\u00f3 que para evitar una hiperinflaci\u00f3n y enderezar la econom\u00eda tomar\u00e1 dolorosas medidas de ajuste.<\/p>\n\n\n\n<p>Milei, de 53 a\u00f1os, se dirigi\u00f3 a miles de seguidores que le escucharon en un escenario montado a espaldas del Congreso, donde jur\u00f3 como presidente por un periodo de cuatro a\u00f1os en reemplazo del peronista Alberto Fern\u00e1ndez (2019-2023).<\/p>\n\n\n\n<p>El l\u00edder de La Libertad Avanza afirm\u00f3 que con su llegada al poder comenz\u00f3 una nueva era de \u201cpaz y crecimiento\u201d que pone fin a \u201cd\u00e9cadas de fracasos, peleas intestinas y disputas sin sentido que han destruido\u201d al pa\u00eds.<\/p>\n\n\n\n<p>Advirti\u00f3 que su Gobierno no tolerar\u00e1 \u201ca quienes usen la violencia o la extorsi\u00f3n\u201d para obstaculizar el cambio del actual modelo populista que se ha propuesto concretar.<\/p>\n\n\n\n<p><strong>El escenario de hiperinflaci\u00f3n, seg\u00fan Milei, llevar\u00eda a Argentina a la peor crisis de su historia y equiparar\u00eda al pa\u00eds \u201ccon la oscuridad de Venezuela\u201d.<\/strong><\/p>\n\n\n\n<figure class=\"wp-block-embed is-type-video is-provider-youtube wp-block-embed-youtube wp-embed-aspect-16-9 wp-has-aspect-ratio\"><div class=\"wp-block-embed__wrapper\">\n<iframe loading=\"lazy\" title=\"Resumen de la toma de posesi\u00f3n de Javier Milei como presidente de Argentina\" width=\"640\" height=\"360\" src=\"https:\/\/www.youtube.com\/embed\/_ZCUXL1Yrg8?feature=oembed\" frameborder=\"0\" allow=\"accelerometer; autoplay; clipboard-write; encrypted-media; gyroscope; picture-in-picture; web-share\" referrerpolicy=\"strict-origin-when-cross-origin\" allowfullscreen><\/iframe>\n<\/div><\/figure>\n\n\n\n<p>Asistieron l\u00edderes mundiales de la derecha como el presidente de Ucrania,&nbsp;Volodimir&nbsp;Zelenski, el primer ministro de Hungr\u00eda,&nbsp;Viktor&nbsp;Orb\u00e1n, y el titular del partido&nbsp;Vox, el espa\u00f1ol Santiago&nbsp;Abascal.<\/p>\n\n\n\n<h4 class=\"wp-block-heading\"><strong>\u201cMi Gobierno recibe la peor herencia en la historia\u201d: Milei&nbsp;<\/strong><\/h4>\n\n\n\n<p>El ultraderechista, Javier Milei, dio su primer discurso como presidente ante simpatizantes, y dijo que en&nbsp;<strong>Argentina comienza una nueva era; \u201choy damos por terminada una larga y triste historia de declive y comenzamos la reconstrucci\u00f3n de nuestro pa\u00eds\u201d<\/strong>.<\/p>\n\n\n\n<p>El mandatario repas\u00f3 toda la herencia dejada por el Gobierno del peronista Alberto Fern\u00e1ndez (2019-2023) para pintar una dura radiograf\u00eda del pa\u00eds que encuentra al inicio de su gobierno&nbsp;y en el que deber\u00e1 tomar dif\u00edciles decisiones econ\u00f3micas, por lo que en ese sentido compar\u00f3 el impacto de la ca\u00edda del muro de Berl\u00edn con el resultado de las \u00faltimas elecciones argentinas.<\/p>\n\n\n\n<p>\u201cAs\u00ed como la ca\u00edda del muro de Berl\u00edn, estas elecciones han marcado el punto de quiebre de nuestra historia\u201d, indic\u00f3 Milei.<\/p>\n\n\n\n<p>Tambi\u00e9n habl\u00f3 de la nueva era que comienza la naci\u00f3n a su cargo: \u201cNo hay vuelta atr\u00e1s. Hoy enterramos d\u00e9cadas de fracaso y peleas sin sentido que nos han dejado en la ruina; hoy empieza una era de paz y prosperidad, de libertad y progreso, de desarrollo\u201d.<\/p>\n\n\n\n<p><strong>En el tema de la pobreza, pint\u00f3 un panorama sombr\u00edo.<\/strong>&nbsp;\u201cRecibimos un pa\u00eds donde la mitad de la poblaci\u00f3n es pobre; m\u00e1s de 20 millones no pueden vivir una vida digna\u201d y mencion\u00f3 que por m\u00e1s de 100 a\u00f1os los pol\u00edticos han insistido en defender un modelo que lo \u00fanico que genera es \u201cpobreza, estancamiento y miseria\u201d. Dijo que el modelo ha fracasado en todo el mundo, pero en especial en Argentina.<\/p>\n\n\n\n<p>Aunque Milei centr\u00f3 su discurso en el tema econ\u00f3mico, que resumi\u00f3 en que \u201cno hay plata\u201d y que no hay alternativa que lleve al \u201cajuste econ\u00f3mico\u201d y no m\u00e1s monetizaci\u00f3n,&nbsp;aludi\u00f3 a la \u201cherencia\u201d que le deja el Gobierno de Alberto Fern\u00e1ndez en materia social y de salud sin dejar de aludir al problema de violencia que azota a la naci\u00f3n y asegur\u00f3 que el pa\u00eds se convirti\u00f3 en un \u201cba\u00f1o de sangre\u201d y que el narcotr\u00e1fico \u201cse apoder\u00f3 de nuestras calles\u201d.<\/p>\n\n\n\n<p>Sin mencionarla por su nombre, se refiri\u00f3 a la situaci\u00f3n en Rosario, donde el problema del narcotr\u00e1fico est\u00e1 en ascenso. \u201cEl narco se apoder\u00f3 de la ciudad\u201d y mientras los delincuentes andan libres, \u201clos ciudadanos est\u00e1n encerrados\u201d en sus casas enrejadas. Advirti\u00f3 que con su Gobierno, se acab\u00f3 el \u201csiga, siga de los delincuentes\u201d. &nbsp; &nbsp; &nbsp;<\/p>\n\n\n\n<p><strong>Reconoci\u00f3 que el desaf\u00edo que tiene es \u201cenorme\u201d y que \u201c100 a\u00f1os de fracaso no se resuelven en un d\u00eda\u201d, pero que ya trabaja en ello.&nbsp;<\/strong>&nbsp; &nbsp; &nbsp;<\/p>\n\n\n\n<p>El Universal<\/p>\n\n\n\n<figure class=\"wp-block-image\"><img decoding=\"async\" src=\"https:\/\/www.informador.mx\/__export\/1702290729323\/sites\/elinformador\/img\/2023\/12\/11\/imagen_cymkcmykimagen_20231210-f743b55be8cfd16fb23c2ff6ba852741a7b0c81f.jpg_158021514.jpg\" alt=\"\"\/><figcaption class=\"wp-element-caption\">En su mensaje, el mandatario profundiz\u00f3 en la herencia que recibe de Alberto Fern\u00e1ndez. EFE&nbsp;<\/figcaption><\/figure>\n\n\n\n<h4 class=\"wp-block-heading\"><strong>Discurso breve, dur\u00edsimo y con aplausos pese al ajuste financiero<\/strong><\/h4>\n\n\n\n<p>Econom\u00eda, salud y educaci\u00f3n fueron los tres pilares que cimentaron el primer discurso del nuevo presidente de Argentina, Javier&nbsp;Milei, quien en una intervenci\u00f3n breve y dur\u00edsima calific\u00f3 la herencia dejada por el mandatario saliente Alberto Fern\u00e1ndez como la \u201cpeor\u201d recibida por \u201cning\u00fan Gobierno\u201d, no obstante fue aplaudido pese al anuncio de severos ajustes.<\/p>\n\n\n\n<p>\u201cHoy comienza una nueva era en Argentina\u201d, proclam\u00f3 el nuevo jefe del Estado argentino desde una tribuna instalada frente al Congreso de la naci\u00f3n. A su costado, los principales representantes internacionales que llegaron lo escuchaban con atenci\u00f3n.<\/p>\n\n\n\n<p>Desde el \u201chola a todos\u201d con que abri\u00f3 el discurso, Milei pint\u00f3 una dura realidad del pa\u00eds y asegur\u00f3 que tomar\u00e1 dif\u00edciles decisiones econ\u00f3micas.<\/p>\n\n\n\n<p>Anunci\u00f3 que<strong>&nbsp;aplicar\u00e1 un duro ajuste y que habr\u00e1 \u201c<\/strong><strong>estanflaci\u00f3n<\/strong><strong>\u201d (elevada inflaci\u00f3n y retroceso econ\u00f3mico) durante varios meses<\/strong>, pero prometi\u00f3 que este ser\u00e1 el \u201c\u00faltimo mal trago\u201d antes de la \u201creconstrucci\u00f3n\u201d del pa\u00eds, en el que la inflaci\u00f3n ronda cerca del 150% anual.<\/p>\n\n\n\n<p>Pese a la crudeza del diagn\u00f3stico y la dureza de las medidas anunciadas, el nuevo presidente fue ovacionado por la multitud.<\/p>\n\n\n\n<figure class=\"wp-block-embed is-type-video is-provider-youtube wp-block-embed-youtube wp-embed-aspect-16-9 wp-has-aspect-ratio\"><div class=\"wp-block-embed__wrapper\">\n<iframe loading=\"lazy\" title=\"Discurso hist\u00f3rico del Presidente Milei en su asunci\u00f3n inaugural- 10\/12\/23\" width=\"640\" height=\"360\" src=\"https:\/\/www.youtube.com\/embed\/a17GYC99r5g?feature=oembed\" frameborder=\"0\" allow=\"accelerometer; autoplay; clipboard-write; encrypted-media; gyroscope; picture-in-picture; web-share\" referrerpolicy=\"strict-origin-when-cross-origin\" allowfullscreen><\/iframe>\n<\/div><\/figure>\n\n\n\n<p>Asegur\u00f3 que la \u201cherencia\u201d que deja el kirchnerismo es la \u201cpeor\u201d que haya recibido nunca un Gobierno argentino, con d\u00e9ficit financiero y fiscal equivalente al 17% del Producto Interno Bruto (PIB), inflaci\u00f3n que crece a una tasa anual del 300%, actividad econ\u00f3mica paralizada, una tasa de pobreza del 45% y un \u00edndice de indigencia cercano al 10 por ciento.<\/p>\n\n\n\n<p><strong>Ratific\u00f3 que aplicar\u00e1 un ajuste fiscal del 5% del PIB que caer\u00e1 \u201ccasi totalmente\u201d sobre el Estado y no sobre el sector privado.<\/strong><\/p>\n\n\n\n<p>Tambi\u00e9n confirm\u00f3 que \u201climpiar\u00e1\u201d los pasivos del Banco Central y pondr\u00e1 fin a la emisi\u00f3n monetaria que, a su juicio, es la causa de la elevada inflaci\u00f3n de Argentina.<\/p>\n\n\n\n<p>Pero puntualiz\u00f3 que la pol\u00edtica monetaria act\u00faa con un rezago de entre 18 y 24 meses, por lo que anticip\u00f3 que la inflaci\u00f3n permanecer\u00e1 alta, y cit\u00f3 pron\u00f3sticos privados que prev\u00e9n tasas mensuales de entre el 20 y el 40% de aqu\u00ed a febrero pr\u00f3ximo.<\/p>\n\n\n\n<p><strong>Milei pint\u00f3 un delicado escenario fiscal y monetario que, a su juicio, coloca a Argentina al borde de una hiperinflaci\u00f3n, que podr\u00eda llegar al 15 mil por ciento anual.<\/strong><\/p>\n\n\n\n<p>Con estos y otros n\u00fameros en mente, avis\u00f3 de que el esfuerzo ser\u00e1 \u201ctit\u00e1nico\u201d, y apel\u00f3 tanto a la \u201cfortaleza\u201d del pueblo como a la esperanza: \u201cSer\u00e1 dif\u00edcil, pero lo vamos a lograr\u201d.<\/p>\n\n\n\n<p><strong>En materia de educaci\u00f3n, el presidente se lament\u00f3 por las preocupantes cifras<\/strong>, un panorama que contrast\u00f3 con el pasado, cuando Argentina se convirti\u00f3 en el primer pa\u00eds \u201cen terminar con el analfabetismo en el mundo\u201d.<\/p>\n\n\n\n<p>\u201c\u00a1Si se levantara (Domingo Faustino) Sarmiento (presidente de la naci\u00f3n entre 1868 y 1874 y gran impulsor de la educaci\u00f3n) y viera lo que hicieron con la educaci\u00f3n&#8230;!\u201d, lament\u00f3.<\/p>\n\n\n\n<p>Record\u00f3 que s\u00f3lo el 16% de los j\u00f3venes concluyen estudios secundarios y que el 70% de los que lo hacen \u201cno pueden resolver un problema de matem\u00e1tica b\u00e1sica o comprender un texto\u201d.<\/p>\n\n\n\n<p>EFE<\/p>\n\n\n\n<figure class=\"wp-block-image\"><img decoding=\"async\" src=\"https:\/\/www.informador.mx\/__export\/1702291088921\/sites\/elinformador\/img\/2023\/12\/11\/imagen_cymkimagen_f32992c4166b4ed28ca1e9e738dd567a--0--3b27bf33486e4247a40be143664aac3e.jpg_158021514.jpg\" alt=\"\"\/><figcaption class=\"wp-element-caption\">Javier Milei se refiri\u00f3 a los ciudadanos argentinos frente al Congreso en Buenos Aires. AP&nbsp;<\/figcaption><\/figure>\n\n\n\n<h4 class=\"wp-block-heading\"><strong>De los perros en el bast\u00f3n al c\u00e1ntico en la Rosada<\/strong><\/h4>\n\n\n\n<p>Desde los perros tallados en el bast\u00f3n presidencial hasta el gesto procaz de la ex mandataria (2007-2015) y ex vicepresidenta, Cristina Fern\u00e1ndez: la jornada de asunci\u00f3n de Javier Milei como nuevo presidente de Argentina estuvo plagada de curiosidades.<\/p>\n\n\n\n<p>Fern\u00e1ndez entr\u00f3 al Congreso, antes del traspaso de mando, ense\u00f1ando el dedo medio de su mano derecha, lo que se conoce popularmente en Argentina como \u201chacer un \u2018fuck&nbsp;you\u2019\u201d y en otros pa\u00edses como \u2018peineta\u2019.<\/p>\n\n\n\n<p>En el v\u00eddeo captado por la televisi\u00f3n&nbsp;<strong>no se aprecia claramente a qui\u00e9n va dirigido el gesto de la expresidenta, pero se presume que respondi\u00f3 alg\u00fan comentario contra su persona<\/strong>; de hecho, a la salida del Congreso la gente le grit\u00f3 \u201cchorra\u201d (ladrona) desde los balcones de los edificios.<\/p>\n\n\n\n<p>Antes de que llegara Milei, Fern\u00e1ndez tambi\u00e9n se \u201colvid\u00f3\u201d de leer la resoluci\u00f3n que declaraba la elecci\u00f3n de Milei como presidente, y al final de la lectura, muchos presentes en la C\u00e1mara de Diputados gritaron: \u201c\u00a1Libertad, libertad!\u201d<br>\u201cViva la libertad, carajo\u201d fue la dedicatoria que estamp\u00f3 Milei junto con su firma en los Libros de Honor del Senado y de la C\u00e1mara de Diputados, antes de prestar juramento como presidente, dejando su lema de campa\u00f1a en un documento p\u00fablico.<\/p>\n\n\n\n<p><strong>Adem\u00e1s de la banda, Milei recibi\u00f3 de manos de Alberto Fern\u00e1ndez el bast\u00f3n presidencial, que fue personalizado con el grabado en su pu\u00f1o con las caras de sus cinco perros mastines, \u201csus hijitos de cuatro patas\u201d, como \u00e9l los llama.<\/strong><\/p>\n\n\n\n<p>EFE&nbsp;<\/p>\n\n\n\n<h4 class=\"wp-block-heading\"><strong>Zelenski busca apoyo entre pa\u00edses en desarrollo<\/strong><\/h4>\n\n\n\n<p>El presidente de Ucrania, Volodimir Zelenski, lleg\u00f3 el domingo a Buenos Aires para asistir a la asunci\u00f3n del nuevo presidente de Argentina, Javier Milei, como parte de los esfuerzos de buscar apoyos entre pa\u00edses en desarrollo para la lucha iniciada hace 21 meses contra las fuerzas invasoras rusas.<\/p>\n\n\n\n<figure class=\"wp-block-image\"><img decoding=\"async\" src=\"https:\/\/www.informador.mx\/__export\/1702291650787\/sites\/elinformador\/img\/2023\/12\/11\/imagen_17_cmyk.jpg_157097993.jpg\" alt=\"\"\/><figcaption class=\"wp-element-caption\">AP&nbsp;<\/figcaption><\/figure>\n\n\n\n<h4 class=\"wp-block-heading\"><strong>Se incorpora a la OCDE tras asunci\u00f3n<\/strong><\/h4>\n\n\n\n<p>Argentina y la Organizaci\u00f3n para la Cooperaci\u00f3n y el Desarrollo Econ\u00f3mico (OCDE) acordaron que hoy se firmar\u00e1 el acceso del pa\u00eds sudamericano al organismo internacional, anunci\u00f3 la futura ministra de Relaciones Exteriores, Diana Mondino.<\/p>\n\n\n\n<h4 class=\"wp-block-heading\"><strong>Acude con gabinete a \u201cacto interreligioso\u201d&nbsp;<\/strong><\/h4>\n\n\n\n<p>El presidente de Argentina, Javier Milei, acompa\u00f1ado de la vicepresidente Victoria Villarruel, los ministros y miembros de su gabinete acudieron ayer a la Catedral Metropolitana de Buenos Aires para asistir a una \u201cmisa interreligiosa\u201d con motivo de la asunci\u00f3n del poder del nuevo gobernante.<\/p>\n\n\n\n<h4 class=\"wp-block-heading\"><strong>Eduardo Ver\u00e1stegui viaja a Buenos Aires&nbsp;<\/strong><\/h4>\n\n\n\n<p>Aunque de parte del Gobierno mexicano no hubo presencia ni participaci\u00f3n en Argentina tras la reciente investidura de Javier Milei, Eduardo Ver\u00e1stegui expuso en redes sociales algunas im\u00e1genes de su asistencia y afinidad con el presidente argentino: \u201cLe vienen muy \u2018Buenos Aires\u2019 a Argentina\u201d.<\/p>\n","protected":false},"excerpt":{"rendered":"<p>Por Carolina Alonso Romei Internacionalista El presidente dijo que inicia una nueva era en la&#8230;<\/p>\n","protected":false},"author":2,"featured_media":106970,"comment_status":"open","ping_status":"open","sticky":false,"template":"","format":"standard","meta":{"_monsterinsights_skip_tracking":false,"_monsterinsights_sitenote_active":false,"_monsterinsights_sitenote_note":"","_monsterinsights_sitenote_category":0,"footnotes":""},"categories":[1],"tags":[],"class_list":["post-106969","post","type-post","status-publish","format-standard","has-post-thumbnail","hentry","category-sin-categoria"],"yoast_head":"<!-- This site is optimized with the Yoast SEO plugin v27.3 - https:\/\/yoast.com\/product\/yoast-seo-wordpress\/ -->\n<title>Internacionales\/\/\/Carolina Alonso Romei\/\/\/Milei asume Presidencia de Argentina y\u00a0anuncia dr\u00e1sticas medidas econ\u00f3micas -<\/title>\n<meta name=\"robots\" content=\"index, follow, max-snippet:-1, max-image-preview:large, max-video-preview:-1\" \/>\n<link rel=\"canonical\" href=\"https:\/\/quehacerpolitico.mx\/?p=106969\" \/>\n<meta property=\"og:locale\" content=\"es_MX\" \/>\n<meta property=\"og:type\" content=\"article\" \/>\n<meta property=\"og:title\" content=\"Internacionales\/\/\/Carolina Alonso Romei\/\/\/Milei asume Presidencia de Argentina y\u00a0anuncia dr\u00e1sticas medidas econ\u00f3micas -\" \/>\n<meta property=\"og:description\" content=\"Por Carolina Alonso Romei Internacionalista El presidente dijo que inicia una nueva era en la...\" \/>\n<meta property=\"og:url\" content=\"https:\/\/quehacerpolitico.mx\/?p=106969\" \/>\n<meta property=\"article:published_time\" content=\"2023-12-11T15:46:25+00:00\" \/>\n<meta property=\"article:modified_time\" content=\"2023-12-11T15:46:29+00:00\" \/>\n<meta property=\"og:image\" content=\"https:\/\/quehacerpolitico.mx\/wp-content\/uploads\/2023\/12\/IMG_2530.jpeg\" \/>\n\t<meta property=\"og:image:width\" content=\"1200\" \/>\n\t<meta property=\"og:image:height\" content=\"600\" \/>\n\t<meta property=\"og:image:type\" content=\"image\/jpeg\" \/>\n<meta name=\"author\" content=\"Redacci\u00f3n QP\" \/>\n<meta name=\"twitter:card\" content=\"summary_large_image\" \/>\n<meta name=\"twitter:label1\" content=\"Escrito por\" \/>\n\t<meta name=\"twitter:data1\" content=\"Redacci\u00f3n QP\" \/>\n\t<meta name=\"twitter:label2\" content=\"Tiempo de lectura\" \/>\n\t<meta name=\"twitter:data2\" content=\"9 minutos\" \/>\n<script type=\"application\/ld+json\" class=\"yoast-schema-graph\">{\"@context\":\"https:\\\/\\\/schema.org\",\"@graph\":[{\"@type\":\"Article\",\"@id\":\"https:\\\/\\\/quehacerpolitico.mx\\\/?p=106969#article\",\"isPartOf\":{\"@id\":\"https:\\\/\\\/quehacerpolitico.mx\\\/?p=106969\"},\"author\":{\"name\":\"Redacci\u00f3n QP\",\"@id\":\"https:\\\/\\\/quehacerpolitico.mx\\\/#\\\/schema\\\/person\\\/496d8ad2d1d3f8036101dca7ee39e585\"},\"headline\":\"Internacionales\\\/\\\/\\\/Carolina Alonso Romei\\\/\\\/\\\/Milei asume Presidencia de Argentina y\u00a0anuncia dr\u00e1sticas medidas econ\u00f3micas\",\"datePublished\":\"2023-12-11T15:46:25+00:00\",\"dateModified\":\"2023-12-11T15:46:29+00:00\",\"mainEntityOfPage\":{\"@id\":\"https:\\\/\\\/quehacerpolitico.mx\\\/?p=106969\"},\"wordCount\":1818,\"commentCount\":0,\"image\":{\"@id\":\"https:\\\/\\\/quehacerpolitico.mx\\\/?p=106969#primaryimage\"},\"thumbnailUrl\":\"https:\\\/\\\/quehacerpolitico.mx\\\/wp-content\\\/uploads\\\/2023\\\/12\\\/IMG_2530.jpeg\",\"articleSection\":[\"Internacionales\"],\"inLanguage\":\"es\",\"potentialAction\":[{\"@type\":\"CommentAction\",\"name\":\"Comment\",\"target\":[\"https:\\\/\\\/quehacerpolitico.mx\\\/?p=106969#respond\"]}]},{\"@type\":\"WebPage\",\"@id\":\"https:\\\/\\\/quehacerpolitico.mx\\\/?p=106969\",\"url\":\"https:\\\/\\\/quehacerpolitico.mx\\\/?p=106969\",\"name\":\"Internacionales\\\/\\\/\\\/Carolina Alonso Romei\\\/\\\/\\\/Milei asume Presidencia de Argentina y\u00a0anuncia dr\u00e1sticas medidas econ\u00f3micas -\",\"isPartOf\":{\"@id\":\"https:\\\/\\\/quehacerpolitico.mx\\\/#website\"},\"primaryImageOfPage\":{\"@id\":\"https:\\\/\\\/quehacerpolitico.mx\\\/?p=106969#primaryimage\"},\"image\":{\"@id\":\"https:\\\/\\\/quehacerpolitico.mx\\\/?p=106969#primaryimage\"},\"thumbnailUrl\":\"https:\\\/\\\/quehacerpolitico.mx\\\/wp-content\\\/uploads\\\/2023\\\/12\\\/IMG_2530.jpeg\",\"datePublished\":\"2023-12-11T15:46:25+00:00\",\"dateModified\":\"2023-12-11T15:46:29+00:00\",\"author\":{\"@id\":\"https:\\\/\\\/quehacerpolitico.mx\\\/#\\\/schema\\\/person\\\/496d8ad2d1d3f8036101dca7ee39e585\"},\"breadcrumb\":{\"@id\":\"https:\\\/\\\/quehacerpolitico.mx\\\/?p=106969#breadcrumb\"},\"inLanguage\":\"es\",\"potentialAction\":[{\"@type\":\"ReadAction\",\"target\":[\"https:\\\/\\\/quehacerpolitico.mx\\\/?p=106969\"]}]},{\"@type\":\"ImageObject\",\"inLanguage\":\"es\",\"@id\":\"https:\\\/\\\/quehacerpolitico.mx\\\/?p=106969#primaryimage\",\"url\":\"https:\\\/\\\/quehacerpolitico.mx\\\/wp-content\\\/uploads\\\/2023\\\/12\\\/IMG_2530.jpeg\",\"contentUrl\":\"https:\\\/\\\/quehacerpolitico.mx\\\/wp-content\\\/uploads\\\/2023\\\/12\\\/IMG_2530.jpeg\",\"width\":1200,\"height\":600},{\"@type\":\"BreadcrumbList\",\"@id\":\"https:\\\/\\\/quehacerpolitico.mx\\\/?p=106969#breadcrumb\",\"itemListElement\":[{\"@type\":\"ListItem\",\"position\":1,\"name\":\"Inicio\",\"item\":\"https:\\\/\\\/quehacerpolitico.mx\\\/\"},{\"@type\":\"ListItem\",\"position\":2,\"name\":\"Internacionales\\\/\\\/\\\/Carolina Alonso Romei\\\/\\\/\\\/Milei asume Presidencia de Argentina y\u00a0anuncia dr\u00e1sticas medidas econ\u00f3micas\"}]},{\"@type\":\"WebSite\",\"@id\":\"https:\\\/\\\/quehacerpolitico.mx\\\/#website\",\"url\":\"https:\\\/\\\/quehacerpolitico.mx\\\/\",\"name\":\"\",\"description\":\"\",\"potentialAction\":[{\"@type\":\"SearchAction\",\"target\":{\"@type\":\"EntryPoint\",\"urlTemplate\":\"https:\\\/\\\/quehacerpolitico.mx\\\/?s={search_term_string}\"},\"query-input\":{\"@type\":\"PropertyValueSpecification\",\"valueRequired\":true,\"valueName\":\"search_term_string\"}}],\"inLanguage\":\"es\"},{\"@type\":\"Person\",\"@id\":\"https:\\\/\\\/quehacerpolitico.mx\\\/#\\\/schema\\\/person\\\/496d8ad2d1d3f8036101dca7ee39e585\",\"name\":\"Redacci\u00f3n QP\",\"image\":{\"@type\":\"ImageObject\",\"inLanguage\":\"es\",\"@id\":\"https:\\\/\\\/secure.gravatar.com\\\/avatar\\\/c7164ed6fdec453195284ad24a5ae5b6e1eed2b848477fa2a4787ba9adf39a41?s=96&d=mm&r=g\",\"url\":\"https:\\\/\\\/secure.gravatar.com\\\/avatar\\\/c7164ed6fdec453195284ad24a5ae5b6e1eed2b848477fa2a4787ba9adf39a41?s=96&d=mm&r=g\",\"contentUrl\":\"https:\\\/\\\/secure.gravatar.com\\\/avatar\\\/c7164ed6fdec453195284ad24a5ae5b6e1eed2b848477fa2a4787ba9adf39a41?s=96&d=mm&r=g\",\"caption\":\"Redacci\u00f3n QP\"},\"url\":\"https:\\\/\\\/quehacerpolitico.mx\\\/?author=2\"}]}<\/script>\n<!-- \/ Yoast SEO plugin. -->","yoast_head_json":{"title":"Internacionales\/\/\/Carolina Alonso Romei\/\/\/Milei asume Presidencia de Argentina y\u00a0anuncia dr\u00e1sticas medidas econ\u00f3micas -","robots":{"index":"index","follow":"follow","max-snippet":"max-snippet:-1","max-image-preview":"max-image-preview:large","max-video-preview":"max-video-preview:-1"},"canonical":"https:\/\/quehacerpolitico.mx\/?p=106969","og_locale":"es_MX","og_type":"article","og_title":"Internacionales\/\/\/Carolina Alonso Romei\/\/\/Milei asume Presidencia de Argentina y\u00a0anuncia dr\u00e1sticas medidas econ\u00f3micas -","og_description":"Por Carolina Alonso Romei Internacionalista El presidente dijo que inicia una nueva era en la...","og_url":"https:\/\/quehacerpolitico.mx\/?p=106969","article_published_time":"2023-12-11T15:46:25+00:00","article_modified_time":"2023-12-11T15:46:29+00:00","og_image":[{"width":1200,"height":600,"url":"https:\/\/quehacerpolitico.mx\/wp-content\/uploads\/2023\/12\/IMG_2530.jpeg","type":"image\/jpeg"}],"author":"Redacci\u00f3n QP","twitter_card":"summary_large_image","twitter_misc":{"Escrito por":"Redacci\u00f3n QP","Tiempo de lectura":"9 minutos"},"schema":{"@context":"https:\/\/schema.org","@graph":[{"@type":"Article","@id":"https:\/\/quehacerpolitico.mx\/?p=106969#article","isPartOf":{"@id":"https:\/\/quehacerpolitico.mx\/?p=106969"},"author":{"name":"Redacci\u00f3n QP","@id":"https:\/\/quehacerpolitico.mx\/#\/schema\/person\/496d8ad2d1d3f8036101dca7ee39e585"},"headline":"Internacionales\/\/\/Carolina Alonso Romei\/\/\/Milei asume Presidencia de Argentina y\u00a0anuncia dr\u00e1sticas medidas econ\u00f3micas","datePublished":"2023-12-11T15:46:25+00:00","dateModified":"2023-12-11T15:46:29+00:00","mainEntityOfPage":{"@id":"https:\/\/quehacerpolitico.mx\/?p=106969"},"wordCount":1818,"commentCount":0,"image":{"@id":"https:\/\/quehacerpolitico.mx\/?p=106969#primaryimage"},"thumbnailUrl":"https:\/\/quehacerpolitico.mx\/wp-content\/uploads\/2023\/12\/IMG_2530.jpeg","articleSection":["Internacionales"],"inLanguage":"es","potentialAction":[{"@type":"CommentAction","name":"Comment","target":["https:\/\/quehacerpolitico.mx\/?p=106969#respond"]}]},{"@type":"WebPage","@id":"https:\/\/quehacerpolitico.mx\/?p=106969","url":"https:\/\/quehacerpolitico.mx\/?p=106969","name":"Internacionales\/\/\/Carolina Alonso Romei\/\/\/Milei asume Presidencia de Argentina y\u00a0anuncia dr\u00e1sticas medidas econ\u00f3micas -","isPartOf":{"@id":"https:\/\/quehacerpolitico.mx\/#website"},"primaryImageOfPage":{"@id":"https:\/\/quehacerpolitico.mx\/?p=106969#primaryimage"},"image":{"@id":"https:\/\/quehacerpolitico.mx\/?p=106969#primaryimage"},"thumbnailUrl":"https:\/\/quehacerpolitico.mx\/wp-content\/uploads\/2023\/12\/IMG_2530.jpeg","datePublished":"2023-12-11T15:46:25+00:00","dateModified":"2023-12-11T15:46:29+00:00","author":{"@id":"https:\/\/quehacerpolitico.mx\/#\/schema\/person\/496d8ad2d1d3f8036101dca7ee39e585"},"breadcrumb":{"@id":"https:\/\/quehacerpolitico.mx\/?p=106969#breadcrumb"},"inLanguage":"es","potentialAction":[{"@type":"ReadAction","target":["https:\/\/quehacerpolitico.mx\/?p=106969"]}]},{"@type":"ImageObject","inLanguage":"es","@id":"https:\/\/quehacerpolitico.mx\/?p=106969#primaryimage","url":"https:\/\/quehacerpolitico.mx\/wp-content\/uploads\/2023\/12\/IMG_2530.jpeg","contentUrl":"https:\/\/quehacerpolitico.mx\/wp-content\/uploads\/2023\/12\/IMG_2530.jpeg","width":1200,"height":600},{"@type":"BreadcrumbList","@id":"https:\/\/quehacerpolitico.mx\/?p=106969#breadcrumb","itemListElement":[{"@type":"ListItem","position":1,"name":"Inicio","item":"https:\/\/quehacerpolitico.mx\/"},{"@type":"ListItem","position":2,"name":"Internacionales\/\/\/Carolina Alonso Romei\/\/\/Milei asume Presidencia de Argentina y\u00a0anuncia dr\u00e1sticas medidas econ\u00f3micas"}]},{"@type":"WebSite","@id":"https:\/\/quehacerpolitico.mx\/#website","url":"https:\/\/quehacerpolitico.mx\/","name":"","description":"","potentialAction":[{"@type":"SearchAction","target":{"@type":"EntryPoint","urlTemplate":"https:\/\/quehacerpolitico.mx\/?s={search_term_string}"},"query-input":{"@type":"PropertyValueSpecification","valueRequired":true,"valueName":"search_term_string"}}],"inLanguage":"es"},{"@type":"Person","@id":"https:\/\/quehacerpolitico.mx\/#\/schema\/person\/496d8ad2d1d3f8036101dca7ee39e585","name":"Redacci\u00f3n QP","image":{"@type":"ImageObject","inLanguage":"es","@id":"https:\/\/secure.gravatar.com\/avatar\/c7164ed6fdec453195284ad24a5ae5b6e1eed2b848477fa2a4787ba9adf39a41?s=96&d=mm&r=g","url":"https:\/\/secure.gravatar.com\/avatar\/c7164ed6fdec453195284ad24a5ae5b6e1eed2b848477fa2a4787ba9adf39a41?s=96&d=mm&r=g","contentUrl":"https:\/\/secure.gravatar.com\/avatar\/c7164ed6fdec453195284ad24a5ae5b6e1eed2b848477fa2a4787ba9adf39a41?s=96&d=mm&r=g","caption":"Redacci\u00f3n QP"},"url":"https:\/\/quehacerpolitico.mx\/?author=2"}]}},"featured_image_urls":{"full":["https:\/\/quehacerpolitico.mx\/wp-content\/uploads\/2023\/12\/IMG_2530.jpeg",1200,600,false],"thumbnail":["https:\/\/quehacerpolitico.mx\/wp-content\/uploads\/2023\/12\/IMG_2530-150x150.jpeg",150,150,true],"medium":["https:\/\/quehacerpolitico.mx\/wp-content\/uploads\/2023\/12\/IMG_2530-300x150.jpeg",300,150,true],"medium_large":["https:\/\/quehacerpolitico.mx\/wp-content\/uploads\/2023\/12\/IMG_2530-768x384.jpeg",640,320,true],"large":["https:\/\/quehacerpolitico.mx\/wp-content\/uploads\/2023\/12\/IMG_2530-1024x512.jpeg",640,320,true],"1536x1536":["https:\/\/quehacerpolitico.mx\/wp-content\/uploads\/2023\/12\/IMG_2530.jpeg",1200,600,false],"2048x2048":["https:\/\/quehacerpolitico.mx\/wp-content\/uploads\/2023\/12\/IMG_2530.jpeg",1200,600,false],"covernews-featured":["https:\/\/quehacerpolitico.mx\/wp-content\/uploads\/2023\/12\/IMG_2530.jpeg",1024,512,false],"covernews-medium":["https:\/\/quehacerpolitico.mx\/wp-content\/uploads\/2023\/12\/IMG_2530.jpeg",540,270,false]},"author_info":{"display_name":"Redacci\u00f3n QP","author_link":"https:\/\/quehacerpolitico.mx\/?author=2"},"category_info":"<a href=\"https:\/\/quehacerpolitico.mx\/?cat=1\" rel=\"category\">Internacionales<\/a>","tag_info":"Internacionales","comment_count":"0","_links":{"self":[{"href":"https:\/\/quehacerpolitico.mx\/index.php?rest_route=\/wp\/v2\/posts\/106969","targetHints":{"allow":["GET"]}}],"collection":[{"href":"https:\/\/quehacerpolitico.mx\/index.php?rest_route=\/wp\/v2\/posts"}],"about":[{"href":"https:\/\/quehacerpolitico.mx\/index.php?rest_route=\/wp\/v2\/types\/post"}],"author":[{"embeddable":true,"href":"https:\/\/quehacerpolitico.mx\/index.php?rest_route=\/wp\/v2\/users\/2"}],"replies":[{"embeddable":true,"href":"https:\/\/quehacerpolitico.mx\/index.php?rest_route=%2Fwp%2Fv2%2Fcomments&post=106969"}],"version-history":[{"count":1,"href":"https:\/\/quehacerpolitico.mx\/index.php?rest_route=\/wp\/v2\/posts\/106969\/revisions"}],"predecessor-version":[{"id":106971,"href":"https:\/\/quehacerpolitico.mx\/index.php?rest_route=\/wp\/v2\/posts\/106969\/revisions\/106971"}],"wp:featuredmedia":[{"embeddable":true,"href":"https:\/\/quehacerpolitico.mx\/index.php?rest_route=\/wp\/v2\/media\/106970"}],"wp:attachment":[{"href":"https:\/\/quehacerpolitico.mx\/index.php?rest_route=%2Fwp%2Fv2%2Fmedia&parent=106969"}],"wp:term":[{"taxonomy":"category","embeddable":true,"href":"https:\/\/quehacerpolitico.mx\/index.php?rest_route=%2Fwp%2Fv2%2Fcategories&post=106969"},{"taxonomy":"post_tag","embeddable":true,"href":"https:\/\/quehacerpolitico.mx\/index.php?rest_route=%2Fwp%2Fv2%2Ftags&post=106969"}],"curies":[{"name":"wp","href":"https:\/\/api.w.org\/{rel}","templated":true}]}}