{"id":106966,"date":"2023-12-11T15:16:05","date_gmt":"2023-12-11T15:16:05","guid":{"rendered":"https:\/\/quehacerpolitico.mx\/?p=106966"},"modified":"2023-12-11T15:16:09","modified_gmt":"2023-12-11T15:16:09","slug":"el-quehacer-politico-jose-alberto-prado-angeles-los-dilemas-de-las-cuotas-de-genero-en-la-cdmx","status":"publish","type":"post","link":"https:\/\/quehacerpolitico.mx\/?p=106966","title":{"rendered":"El Quehacer Pol\u00edtico\/\/\/Jose Alberto Prado \u00c1ngeles\/\/\/Los dilemas de las cuotas de g\u00e9nero en la CDMX"},"content":{"rendered":"\n<p>Por Jos\u00e9 Alberto Prado Angeles<\/p>\n\n\n\n<p>Director General y Editor<\/p>\n\n\n\n<p>El 17 de octubre de 1953, despu\u00e9s de un largo proceso de luchas y movimientos sociales, fue reconocido el derecho constitucional de sufragio activo (elegir) y pasivo (ser electas) de las mujeres mexicanas. Sin embargo, no bast\u00f3 con reconocer tal derecho, sino que hubo necesidad de legislar, en los \u00faltimos a\u00f1os del siglo XX, a favor de acciones afirmativas que permitieran a las mujeres competir en condiciones de equidad con los varones. Adicionalmente, fue necesaria la interpretaci\u00f3n de la normatividad electoral por parte del Tribunal Electoral del Poder Judicial de la Federaci\u00f3n, a fin de garantizar y hacer efectivos los derechos pol\u00edtico-electorales de las mujeres. En el sistema electoral mexicano la cuota de g\u00e9nero b\u00e1sicamente ha consistido en la inclusi\u00f3n de un porcentaje m\u00ednimo de mujeres en el registro de candidaturas a puestos de representaci\u00f3n popular. Sin embargo, esta acci\u00f3n afirmativa ha sido objeto de limitaciones y ambig\u00fcedades en su aplicaci\u00f3n por parte de los partidos pol\u00edticos, tal como po- demos ilustrar en las siguientes l\u00edneas en el caso de la Ciudad de M\u00e9xico. En primer lugar, debemos apuntar que, para los procesos electorales de los a\u00f1os 1997, 2000 y 2003, para elegir y renovar la Asamblea Legislativa del Distrito Federal (ALDF), en materia de cuota de g\u00e9nero, la normatividad electoral b\u00e1sicamente suger\u00eda no exceder 70 por ciento de candidatos por un mismo g\u00e9nero. Ante este principio normativo, en las primeras tres legislaturas de la ALDF, la cantidad de candidatas electas fue de 17, 19 y 23, respectivamente. En este periodo jugaron un papel primordial tanto el PRD como el PAN, ya que ambos partidos procuraron cumplir con la cuota de g\u00e9nero, lo cual abon\u00f3 a la representaci\u00f3n femenina. No obstante, a pesar de registrarse una tendencia positiva, la principal contrariedad del COFIPE de 1997 y del CEDF de 1999 radic\u00f3 en que la cuota de g\u00e9nero fue una medida indicativa. As\u00ed, la falta de claridad en los alcances de dicha medida permiti\u00f3 que la mayor\u00eda de partidos pol\u00edticos cumplieran parcial o nulamente con la cuota de g\u00e9nero, distribuyendo el porcentaje m\u00ednimo entre candidaturas propietarias y suplentes, en algunos casos enviando a sus candidatas a distritos sin posibilidades de triunfo o registr\u00e1ndolas en los \u00faltimos lugares de las listas de candidatos plurinominales. En segundo t\u00e9rmino, para los procesos electorales de los a\u00f1os 2006 y 2009 se modificaron parcialmente las reglas, entre las cuales se observar\u00edan principalmente dos cambios: por una parte, los partidos pol\u00edticos deb\u00edan registrar entre 50 y 70 por ciento como m\u00e1ximo de f\u00f3rmulas por un mismo g\u00e9nero y \u00e9stas deb\u00edan corresponder a candidaturas titulares. Por otra parte, se indic\u00f3 que por cada lista de tres candidatos plurinominales deb\u00eda incluirse por lo menos una candidatura de g\u00e9nero distinto.<\/p>\n\n\n\n<p>Ante este panorama, en la integraci\u00f3n de la cuarta le- gislatura hay una disminuci\u00f3n en la representaci\u00f3n fe- menina, pues s\u00f3lo fueron electas 17 mujeres. Esta dis- minuci\u00f3n se debi\u00f3 a que, en el proceso electoral del a\u00f1o 2006, la principal fuerza pol\u00edtica (PRD) no cumpli\u00f3 con la recomendaci\u00f3n, lo cual indudablemente afect\u00f3 la re- presentaci\u00f3n femenina. En cambio, para el a\u00f1o 2009 la quinta legislatura de la ALDF se integr\u00f3 con 21 mujeres electas. Este resultado fue consecuencia principalmente de que todos los partidos pol\u00edticos, sin excepci\u00f3n, cumplieron con la cuota m\u00ednima de g\u00e9nero. De este modo, el cumplimiento e incumplimiento de la cuota de g\u00e9nero por parte de las principales fuerzas pol\u00edticas fue un factor determinante en la representaci\u00f3n pol\u00edtica de las mujeres. Con todo, a pesar de los cambios que trajo la reforma del a\u00f1o 2003, la principal contrariedad continu\u00f3 radicando en que la cuota figuraba meramente como una recomendaci\u00f3n para los partidos pol\u00edticos, en virtud de que no se inclu\u00eda ninguna sanci\u00f3n en la normatividad en caso de incumplimiento. En tercer lugar, previo al proceso electoral del a\u00f1o 2012 tuvieron lugar dos hechos importantes en materia de derechos pol\u00edtico electorales de las mujeres: por un lado, en el a\u00f1o 2010 entr\u00f3 en vigor el nuevo C\u00f3digo de Instituciones y Procedimientos Electorales para el Distrito Federal (CIPEDF), el cual b\u00e1sicamente consisti\u00f3 en que: el incumplimiento de la cuota de g\u00e9nero ser\u00eda sancionado con la cancelaci\u00f3n del registro de la candidatura en cuesti\u00f3n y que, en lugar de 30 por ciento, el m\u00ednimo ser\u00eda 40 por ciento de candidaturas de un mismo g\u00e9nero, tanto por el principio de mayor\u00eda relativa como por el de representaci\u00f3n proporcional. Adem\u00e1s, quedaban exentos de la cuota los partidos que eligieran a sus candidatos mediante un proceso interno de votaci\u00f3n democr\u00e1tico. Por otro lado, en el a\u00f1o 2011 el Tribunal Electoral del Poder Judicial de la Federaci\u00f3n resolvi\u00f3 en la Sentencia 12624, entre otras cosas, que las f\u00f3rmulas (propietario y suplente) deb\u00edan ser del mismo g\u00e9nero, con el prop\u00f3sito de garantizar la efectiva representaci\u00f3n de las candidatas, toda vez que, en el terreno nacional, los partidos pol\u00edticos se escudaban en las ambig\u00fcedades normativas para incumplir con la cuota de g\u00e9nero.<\/p>\n\n\n\n<p>A pesar de lo anterior, los resultados para la integraci\u00f3n de la quinta legislatura no fueron alentadores, ya que, de contar con 21 legisladoras en cuarta legislatura, en el a\u00f1o 2012 fueron incorporadas apenas 22 candidatas. Lo anterior debido a que la segunda fuerza pol\u00edtica (PAN) no cumpli\u00f3 con la cuota de g\u00e9nero, pues su proceso de elecci\u00f3n de candidatos fue mediante elecci\u00f3n democr\u00e1tica directa, lo cual es una excepci\u00f3n para el cumplimiento de la cuota. Por \u00faltimo, para el proceso electoral del a\u00f1o 2015, en junio de 2014 se reform\u00f3 el CIPEDF, con el cual se transit\u00f3 del principio de equidad al principio de paridad, por lo que los partidos pol\u00edticos deb\u00edan garantizar que sus candidaturas uninominales correspondan a 50 por ciento varones, 50 por ciento mujeres. En tanto que las listas plurinominales deb\u00edan alternar entre un g\u00e9nero y otro. En consecuencia, los resultados de 2015 fueron favorables, toda vez que la ALDF qued\u00f3 conforma- da por 30 mujeres (45 por ciento) y 36 varones (55 por ciento). Y este resultado se debi\u00f3 en gran medi- da a que todas las fuerzas pol\u00edticas de la Ciudad de M\u00e9xico cumplieron con el principio de paridad de g\u00e9nero, tanto en sus candidaturas de mayor\u00eda relativa como de representaci\u00f3n proporcional. Ante este panorama, podemos apuntar que la cuota de g\u00e9nero ha transitado por varias etapas en las que la falta de claridad en los alcances de su aplicaci\u00f3n ha sido vulnerada por los partidos pol\u00edticos, sobre todo en el periodo que va de 1997 a 2014. Hoy, sin embargo, podemos afirmar que es una acci\u00f3n afirmativa s\u00f3lida que ha logrado los principales objetivos que le dieron fundamento: generar condiciones equitativas en la competencia por cargos de representaci\u00f3n popular y revertir la subrepresentaci\u00f3n femenina en los espacios de toma de decisiones. Al menos en la Ciudad de M\u00e9xico.<\/p>\n\n\n\n<p>As\u00ed el Quehacer Pol\u00edtico Desde 1980, inquiriendo en la pol\u00edtica de M\u00e9xico, cuestionando, exponiendo, revelando y razonando.Es cuanto.<\/p>\n","protected":false},"excerpt":{"rendered":"<p>Por Jos\u00e9 Alberto Prado Angeles Director General y Editor El 17 de octubre de 1953,&#8230;<\/p>\n","protected":false},"author":2,"featured_media":106967,"comment_status":"open","ping_status":"open","sticky":false,"template":"","format":"standard","meta":{"_monsterinsights_skip_tracking":false,"_monsterinsights_sitenote_active":false,"_monsterinsights_sitenote_note":"","_monsterinsights_sitenote_category":0,"footnotes":""},"categories":[2],"tags":[],"class_list":["post-106966","post","type-post","status-publish","format-standard","has-post-thumbnail","hentry","category-noticias"],"yoast_head":"<!-- This site is optimized with the Yoast SEO plugin v27.3 - https:\/\/yoast.com\/product\/yoast-seo-wordpress\/ -->\n<title>El Quehacer Pol\u00edtico\/\/\/Jose Alberto Prado \u00c1ngeles\/\/\/Los dilemas de las cuotas de g\u00e9nero en la CDMX -<\/title>\n<meta name=\"robots\" content=\"index, follow, max-snippet:-1, max-image-preview:large, max-video-preview:-1\" \/>\n<link rel=\"canonical\" href=\"https:\/\/quehacerpolitico.mx\/?p=106966\" \/>\n<meta property=\"og:locale\" content=\"es_MX\" \/>\n<meta property=\"og:type\" content=\"article\" \/>\n<meta property=\"og:title\" content=\"El Quehacer Pol\u00edtico\/\/\/Jose Alberto Prado \u00c1ngeles\/\/\/Los dilemas de las cuotas de g\u00e9nero en la CDMX -\" \/>\n<meta property=\"og:description\" content=\"Por Jos\u00e9 Alberto Prado Angeles Director General y Editor El 17 de octubre de 1953,...\" \/>\n<meta property=\"og:url\" content=\"https:\/\/quehacerpolitico.mx\/?p=106966\" \/>\n<meta property=\"article:published_time\" content=\"2023-12-11T15:16:05+00:00\" \/>\n<meta property=\"article:modified_time\" content=\"2023-12-11T15:16:09+00:00\" \/>\n<meta property=\"og:image\" content=\"https:\/\/quehacerpolitico.mx\/wp-content\/uploads\/2023\/12\/511bc7b1-f34b-4418-b917-5120714f846d-1.jpeg\" \/>\n\t<meta property=\"og:image:width\" content=\"963\" \/>\n\t<meta property=\"og:image:height\" content=\"493\" \/>\n\t<meta property=\"og:image:type\" content=\"image\/jpeg\" \/>\n<meta name=\"author\" content=\"Redacci\u00f3n QP\" \/>\n<meta name=\"twitter:card\" content=\"summary_large_image\" \/>\n<meta name=\"twitter:label1\" content=\"Escrito por\" \/>\n\t<meta name=\"twitter:data1\" content=\"Redacci\u00f3n QP\" \/>\n\t<meta name=\"twitter:label2\" content=\"Tiempo de lectura\" \/>\n\t<meta name=\"twitter:data2\" content=\"6 minutos\" \/>\n<script type=\"application\/ld+json\" class=\"yoast-schema-graph\">{\"@context\":\"https:\\\/\\\/schema.org\",\"@graph\":[{\"@type\":\"Article\",\"@id\":\"https:\\\/\\\/quehacerpolitico.mx\\\/?p=106966#article\",\"isPartOf\":{\"@id\":\"https:\\\/\\\/quehacerpolitico.mx\\\/?p=106966\"},\"author\":{\"name\":\"Redacci\u00f3n QP\",\"@id\":\"https:\\\/\\\/quehacerpolitico.mx\\\/#\\\/schema\\\/person\\\/496d8ad2d1d3f8036101dca7ee39e585\"},\"headline\":\"El Quehacer Pol\u00edtico\\\/\\\/\\\/Jose Alberto Prado \u00c1ngeles\\\/\\\/\\\/Los dilemas de las cuotas de g\u00e9nero en la CDMX\",\"datePublished\":\"2023-12-11T15:16:05+00:00\",\"dateModified\":\"2023-12-11T15:16:09+00:00\",\"mainEntityOfPage\":{\"@id\":\"https:\\\/\\\/quehacerpolitico.mx\\\/?p=106966\"},\"wordCount\":1247,\"commentCount\":0,\"image\":{\"@id\":\"https:\\\/\\\/quehacerpolitico.mx\\\/?p=106966#primaryimage\"},\"thumbnailUrl\":\"https:\\\/\\\/quehacerpolitico.mx\\\/wp-content\\\/uploads\\\/2023\\\/12\\\/511bc7b1-f34b-4418-b917-5120714f846d-1.jpeg\",\"articleSection\":[\"Noticias\"],\"inLanguage\":\"es\",\"potentialAction\":[{\"@type\":\"CommentAction\",\"name\":\"Comment\",\"target\":[\"https:\\\/\\\/quehacerpolitico.mx\\\/?p=106966#respond\"]}]},{\"@type\":\"WebPage\",\"@id\":\"https:\\\/\\\/quehacerpolitico.mx\\\/?p=106966\",\"url\":\"https:\\\/\\\/quehacerpolitico.mx\\\/?p=106966\",\"name\":\"El Quehacer Pol\u00edtico\\\/\\\/\\\/Jose Alberto Prado \u00c1ngeles\\\/\\\/\\\/Los dilemas de las cuotas de g\u00e9nero en la CDMX -\",\"isPartOf\":{\"@id\":\"https:\\\/\\\/quehacerpolitico.mx\\\/#website\"},\"primaryImageOfPage\":{\"@id\":\"https:\\\/\\\/quehacerpolitico.mx\\\/?p=106966#primaryimage\"},\"image\":{\"@id\":\"https:\\\/\\\/quehacerpolitico.mx\\\/?p=106966#primaryimage\"},\"thumbnailUrl\":\"https:\\\/\\\/quehacerpolitico.mx\\\/wp-content\\\/uploads\\\/2023\\\/12\\\/511bc7b1-f34b-4418-b917-5120714f846d-1.jpeg\",\"datePublished\":\"2023-12-11T15:16:05+00:00\",\"dateModified\":\"2023-12-11T15:16:09+00:00\",\"author\":{\"@id\":\"https:\\\/\\\/quehacerpolitico.mx\\\/#\\\/schema\\\/person\\\/496d8ad2d1d3f8036101dca7ee39e585\"},\"breadcrumb\":{\"@id\":\"https:\\\/\\\/quehacerpolitico.mx\\\/?p=106966#breadcrumb\"},\"inLanguage\":\"es\",\"potentialAction\":[{\"@type\":\"ReadAction\",\"target\":[\"https:\\\/\\\/quehacerpolitico.mx\\\/?p=106966\"]}]},{\"@type\":\"ImageObject\",\"inLanguage\":\"es\",\"@id\":\"https:\\\/\\\/quehacerpolitico.mx\\\/?p=106966#primaryimage\",\"url\":\"https:\\\/\\\/quehacerpolitico.mx\\\/wp-content\\\/uploads\\\/2023\\\/12\\\/511bc7b1-f34b-4418-b917-5120714f846d-1.jpeg\",\"contentUrl\":\"https:\\\/\\\/quehacerpolitico.mx\\\/wp-content\\\/uploads\\\/2023\\\/12\\\/511bc7b1-f34b-4418-b917-5120714f846d-1.jpeg\",\"width\":963,\"height\":493},{\"@type\":\"BreadcrumbList\",\"@id\":\"https:\\\/\\\/quehacerpolitico.mx\\\/?p=106966#breadcrumb\",\"itemListElement\":[{\"@type\":\"ListItem\",\"position\":1,\"name\":\"Inicio\",\"item\":\"https:\\\/\\\/quehacerpolitico.mx\\\/\"},{\"@type\":\"ListItem\",\"position\":2,\"name\":\"El Quehacer Pol\u00edtico\\\/\\\/\\\/Jose Alberto Prado \u00c1ngeles\\\/\\\/\\\/Los dilemas de las cuotas de g\u00e9nero en la CDMX\"}]},{\"@type\":\"WebSite\",\"@id\":\"https:\\\/\\\/quehacerpolitico.mx\\\/#website\",\"url\":\"https:\\\/\\\/quehacerpolitico.mx\\\/\",\"name\":\"\",\"description\":\"\",\"potentialAction\":[{\"@type\":\"SearchAction\",\"target\":{\"@type\":\"EntryPoint\",\"urlTemplate\":\"https:\\\/\\\/quehacerpolitico.mx\\\/?s={search_term_string}\"},\"query-input\":{\"@type\":\"PropertyValueSpecification\",\"valueRequired\":true,\"valueName\":\"search_term_string\"}}],\"inLanguage\":\"es\"},{\"@type\":\"Person\",\"@id\":\"https:\\\/\\\/quehacerpolitico.mx\\\/#\\\/schema\\\/person\\\/496d8ad2d1d3f8036101dca7ee39e585\",\"name\":\"Redacci\u00f3n QP\",\"image\":{\"@type\":\"ImageObject\",\"inLanguage\":\"es\",\"@id\":\"https:\\\/\\\/secure.gravatar.com\\\/avatar\\\/c7164ed6fdec453195284ad24a5ae5b6e1eed2b848477fa2a4787ba9adf39a41?s=96&d=mm&r=g\",\"url\":\"https:\\\/\\\/secure.gravatar.com\\\/avatar\\\/c7164ed6fdec453195284ad24a5ae5b6e1eed2b848477fa2a4787ba9adf39a41?s=96&d=mm&r=g\",\"contentUrl\":\"https:\\\/\\\/secure.gravatar.com\\\/avatar\\\/c7164ed6fdec453195284ad24a5ae5b6e1eed2b848477fa2a4787ba9adf39a41?s=96&d=mm&r=g\",\"caption\":\"Redacci\u00f3n QP\"},\"url\":\"https:\\\/\\\/quehacerpolitico.mx\\\/?author=2\"}]}<\/script>\n<!-- \/ Yoast SEO plugin. -->","yoast_head_json":{"title":"El Quehacer Pol\u00edtico\/\/\/Jose Alberto Prado \u00c1ngeles\/\/\/Los dilemas de las cuotas de g\u00e9nero en la CDMX -","robots":{"index":"index","follow":"follow","max-snippet":"max-snippet:-1","max-image-preview":"max-image-preview:large","max-video-preview":"max-video-preview:-1"},"canonical":"https:\/\/quehacerpolitico.mx\/?p=106966","og_locale":"es_MX","og_type":"article","og_title":"El Quehacer Pol\u00edtico\/\/\/Jose Alberto Prado \u00c1ngeles\/\/\/Los dilemas de las cuotas de g\u00e9nero en la CDMX -","og_description":"Por Jos\u00e9 Alberto Prado Angeles Director General y Editor El 17 de octubre de 1953,...","og_url":"https:\/\/quehacerpolitico.mx\/?p=106966","article_published_time":"2023-12-11T15:16:05+00:00","article_modified_time":"2023-12-11T15:16:09+00:00","og_image":[{"width":963,"height":493,"url":"https:\/\/quehacerpolitico.mx\/wp-content\/uploads\/2023\/12\/511bc7b1-f34b-4418-b917-5120714f846d-1.jpeg","type":"image\/jpeg"}],"author":"Redacci\u00f3n QP","twitter_card":"summary_large_image","twitter_misc":{"Escrito por":"Redacci\u00f3n QP","Tiempo de lectura":"6 minutos"},"schema":{"@context":"https:\/\/schema.org","@graph":[{"@type":"Article","@id":"https:\/\/quehacerpolitico.mx\/?p=106966#article","isPartOf":{"@id":"https:\/\/quehacerpolitico.mx\/?p=106966"},"author":{"name":"Redacci\u00f3n QP","@id":"https:\/\/quehacerpolitico.mx\/#\/schema\/person\/496d8ad2d1d3f8036101dca7ee39e585"},"headline":"El Quehacer Pol\u00edtico\/\/\/Jose Alberto Prado \u00c1ngeles\/\/\/Los dilemas de las cuotas de g\u00e9nero en la CDMX","datePublished":"2023-12-11T15:16:05+00:00","dateModified":"2023-12-11T15:16:09+00:00","mainEntityOfPage":{"@id":"https:\/\/quehacerpolitico.mx\/?p=106966"},"wordCount":1247,"commentCount":0,"image":{"@id":"https:\/\/quehacerpolitico.mx\/?p=106966#primaryimage"},"thumbnailUrl":"https:\/\/quehacerpolitico.mx\/wp-content\/uploads\/2023\/12\/511bc7b1-f34b-4418-b917-5120714f846d-1.jpeg","articleSection":["Noticias"],"inLanguage":"es","potentialAction":[{"@type":"CommentAction","name":"Comment","target":["https:\/\/quehacerpolitico.mx\/?p=106966#respond"]}]},{"@type":"WebPage","@id":"https:\/\/quehacerpolitico.mx\/?p=106966","url":"https:\/\/quehacerpolitico.mx\/?p=106966","name":"El Quehacer Pol\u00edtico\/\/\/Jose Alberto Prado \u00c1ngeles\/\/\/Los dilemas de las cuotas de g\u00e9nero en la CDMX -","isPartOf":{"@id":"https:\/\/quehacerpolitico.mx\/#website"},"primaryImageOfPage":{"@id":"https:\/\/quehacerpolitico.mx\/?p=106966#primaryimage"},"image":{"@id":"https:\/\/quehacerpolitico.mx\/?p=106966#primaryimage"},"thumbnailUrl":"https:\/\/quehacerpolitico.mx\/wp-content\/uploads\/2023\/12\/511bc7b1-f34b-4418-b917-5120714f846d-1.jpeg","datePublished":"2023-12-11T15:16:05+00:00","dateModified":"2023-12-11T15:16:09+00:00","author":{"@id":"https:\/\/quehacerpolitico.mx\/#\/schema\/person\/496d8ad2d1d3f8036101dca7ee39e585"},"breadcrumb":{"@id":"https:\/\/quehacerpolitico.mx\/?p=106966#breadcrumb"},"inLanguage":"es","potentialAction":[{"@type":"ReadAction","target":["https:\/\/quehacerpolitico.mx\/?p=106966"]}]},{"@type":"ImageObject","inLanguage":"es","@id":"https:\/\/quehacerpolitico.mx\/?p=106966#primaryimage","url":"https:\/\/quehacerpolitico.mx\/wp-content\/uploads\/2023\/12\/511bc7b1-f34b-4418-b917-5120714f846d-1.jpeg","contentUrl":"https:\/\/quehacerpolitico.mx\/wp-content\/uploads\/2023\/12\/511bc7b1-f34b-4418-b917-5120714f846d-1.jpeg","width":963,"height":493},{"@type":"BreadcrumbList","@id":"https:\/\/quehacerpolitico.mx\/?p=106966#breadcrumb","itemListElement":[{"@type":"ListItem","position":1,"name":"Inicio","item":"https:\/\/quehacerpolitico.mx\/"},{"@type":"ListItem","position":2,"name":"El Quehacer Pol\u00edtico\/\/\/Jose Alberto Prado \u00c1ngeles\/\/\/Los dilemas de las cuotas de g\u00e9nero en la CDMX"}]},{"@type":"WebSite","@id":"https:\/\/quehacerpolitico.mx\/#website","url":"https:\/\/quehacerpolitico.mx\/","name":"","description":"","potentialAction":[{"@type":"SearchAction","target":{"@type":"EntryPoint","urlTemplate":"https:\/\/quehacerpolitico.mx\/?s={search_term_string}"},"query-input":{"@type":"PropertyValueSpecification","valueRequired":true,"valueName":"search_term_string"}}],"inLanguage":"es"},{"@type":"Person","@id":"https:\/\/quehacerpolitico.mx\/#\/schema\/person\/496d8ad2d1d3f8036101dca7ee39e585","name":"Redacci\u00f3n QP","image":{"@type":"ImageObject","inLanguage":"es","@id":"https:\/\/secure.gravatar.com\/avatar\/c7164ed6fdec453195284ad24a5ae5b6e1eed2b848477fa2a4787ba9adf39a41?s=96&d=mm&r=g","url":"https:\/\/secure.gravatar.com\/avatar\/c7164ed6fdec453195284ad24a5ae5b6e1eed2b848477fa2a4787ba9adf39a41?s=96&d=mm&r=g","contentUrl":"https:\/\/secure.gravatar.com\/avatar\/c7164ed6fdec453195284ad24a5ae5b6e1eed2b848477fa2a4787ba9adf39a41?s=96&d=mm&r=g","caption":"Redacci\u00f3n QP"},"url":"https:\/\/quehacerpolitico.mx\/?author=2"}]}},"featured_image_urls":{"full":["https:\/\/quehacerpolitico.mx\/wp-content\/uploads\/2023\/12\/511bc7b1-f34b-4418-b917-5120714f846d-1.jpeg",963,493,false],"thumbnail":["https:\/\/quehacerpolitico.mx\/wp-content\/uploads\/2023\/12\/511bc7b1-f34b-4418-b917-5120714f846d-1-150x150.jpeg",150,150,true],"medium":["https:\/\/quehacerpolitico.mx\/wp-content\/uploads\/2023\/12\/511bc7b1-f34b-4418-b917-5120714f846d-1-300x154.jpeg",300,154,true],"medium_large":["https:\/\/quehacerpolitico.mx\/wp-content\/uploads\/2023\/12\/511bc7b1-f34b-4418-b917-5120714f846d-1-768x393.jpeg",640,328,true],"large":["https:\/\/quehacerpolitico.mx\/wp-content\/uploads\/2023\/12\/511bc7b1-f34b-4418-b917-5120714f846d-1.jpeg",640,328,false],"1536x1536":["https:\/\/quehacerpolitico.mx\/wp-content\/uploads\/2023\/12\/511bc7b1-f34b-4418-b917-5120714f846d-1.jpeg",963,493,false],"2048x2048":["https:\/\/quehacerpolitico.mx\/wp-content\/uploads\/2023\/12\/511bc7b1-f34b-4418-b917-5120714f846d-1.jpeg",963,493,false],"covernews-featured":["https:\/\/quehacerpolitico.mx\/wp-content\/uploads\/2023\/12\/511bc7b1-f34b-4418-b917-5120714f846d-1.jpeg",963,493,false],"covernews-medium":["https:\/\/quehacerpolitico.mx\/wp-content\/uploads\/2023\/12\/511bc7b1-f34b-4418-b917-5120714f846d-1.jpeg",540,276,false]},"author_info":{"display_name":"Redacci\u00f3n QP","author_link":"https:\/\/quehacerpolitico.mx\/?author=2"},"category_info":"<a href=\"https:\/\/quehacerpolitico.mx\/?cat=2\" rel=\"category\">Noticias<\/a>","tag_info":"Noticias","comment_count":"0","_links":{"self":[{"href":"https:\/\/quehacerpolitico.mx\/index.php?rest_route=\/wp\/v2\/posts\/106966","targetHints":{"allow":["GET"]}}],"collection":[{"href":"https:\/\/quehacerpolitico.mx\/index.php?rest_route=\/wp\/v2\/posts"}],"about":[{"href":"https:\/\/quehacerpolitico.mx\/index.php?rest_route=\/wp\/v2\/types\/post"}],"author":[{"embeddable":true,"href":"https:\/\/quehacerpolitico.mx\/index.php?rest_route=\/wp\/v2\/users\/2"}],"replies":[{"embeddable":true,"href":"https:\/\/quehacerpolitico.mx\/index.php?rest_route=%2Fwp%2Fv2%2Fcomments&post=106966"}],"version-history":[{"count":1,"href":"https:\/\/quehacerpolitico.mx\/index.php?rest_route=\/wp\/v2\/posts\/106966\/revisions"}],"predecessor-version":[{"id":106968,"href":"https:\/\/quehacerpolitico.mx\/index.php?rest_route=\/wp\/v2\/posts\/106966\/revisions\/106968"}],"wp:featuredmedia":[{"embeddable":true,"href":"https:\/\/quehacerpolitico.mx\/index.php?rest_route=\/wp\/v2\/media\/106967"}],"wp:attachment":[{"href":"https:\/\/quehacerpolitico.mx\/index.php?rest_route=%2Fwp%2Fv2%2Fmedia&parent=106966"}],"wp:term":[{"taxonomy":"category","embeddable":true,"href":"https:\/\/quehacerpolitico.mx\/index.php?rest_route=%2Fwp%2Fv2%2Fcategories&post=106966"},{"taxonomy":"post_tag","embeddable":true,"href":"https:\/\/quehacerpolitico.mx\/index.php?rest_route=%2Fwp%2Fv2%2Ftags&post=106966"}],"curies":[{"name":"wp","href":"https:\/\/api.w.org\/{rel}","templated":true}]}}