{"id":106957,"date":"2023-12-08T18:21:55","date_gmt":"2023-12-08T18:21:55","guid":{"rendered":"https:\/\/quehacerpolitico.mx\/?p=106957"},"modified":"2023-12-08T18:21:59","modified_gmt":"2023-12-08T18:21:59","slug":"amlo-plantea-una-consulta-ciudadana-en-cdmx-sobre-las-corridas-de-toros-luego-de-que-la-scjn-desecho-el-amparo-que-las-impedia","status":"publish","type":"post","link":"https:\/\/quehacerpolitico.mx\/?p=106957","title":{"rendered":"AMLO plantea una consulta ciudadana en #CDMX sobre las corridas de toros, luego de que la SCJN desech\u00f3 el amparo que las imped\u00eda"},"content":{"rendered":"\n<p>Por Redacci\u00f3n QP<\/p>\n\n\n\n<p>L\u00f3pez Obrador se refiri\u00f3 a la decisi\u00f3n de la Segunda Sala de la SCJN, donde revoc\u00f3 la suspensi\u00f3n de corridas de las toros en la Plaza M\u00e9xico<\/p>\n\n\n\n<p>El presidente de M\u00e9xico,\u00a0<strong>Andres Manuel L\u00f3pez Obrador<\/strong>, propuso este viernes una\u00a0<strong>consulta ciudadana<\/strong>\u00a0para dar soluci\u00f3n al\u00a0<strong>debate<\/strong>\u00a0sobre las\u00a0<strong>corridas de toros<\/strong>\u00a0en el pa\u00eds.<\/p>\n\n\n\n<p>A\u00fan cuando no termina el proceso legal mi recomendaci\u00f3n es que se convoque a una consulta en la Ciudad de M\u00e9xico. Es que en este caso, ser\u00eda lo mejor para todos\u201d, dijo el mandatario durante su rueda de prensa matutina.<\/p>\n\n\n\n<figure class=\"wp-block-embed is-type-video is-provider-youtube wp-block-embed-youtube wp-embed-aspect-16-9 wp-has-aspect-ratio\"><div class=\"wp-block-embed__wrapper\">\n<iframe loading=\"lazy\" title=\"Plantea AMLO consulta sobre corridas de toros\" width=\"640\" height=\"360\" src=\"https:\/\/www.youtube.com\/embed\/UcR_pNyJaao?feature=oembed\" frameborder=\"0\" allow=\"accelerometer; autoplay; clipboard-write; encrypted-media; gyroscope; picture-in-picture; web-share\" referrerpolicy=\"strict-origin-when-cross-origin\" allowfullscreen><\/iframe>\n<\/div><\/figure>\n\n\n\n<p>Las declaraciones del gobernante mexicano se dan luego de que esta semana la\u00a0<strong>Suprema Corte de Justicia de la Naci\u00f3n<\/strong>(<strong>SCJN<\/strong>) de M\u00e9xico revocara la suspensi\u00f3n que prohib\u00eda a la\u00a0<strong>Monumental Plaza de Toros M\u00e9xico<\/strong>\u00a0la programaci\u00f3n de corridas de toros desde junio de 2022.<\/p>\n\n\n\n<p>La\u00a0Segunda Sala de la SCJN, m\u00e1ximo \u00f3rgano judicial del pa\u00eds, dictamin\u00f3 anular la suspensi\u00f3n otorgada por un juez de distrito al amparo presentado contra la popularmente llamada Plaza M\u00e9xico por parte de la asociaci\u00f3n animalista Justicia Justa.<\/p>\n\n\n\n<p>Luego del fallo, la plaza de toros m\u00e1s grande del mundo y referencia de la tauromaquia en Am\u00e9rica, podr\u00e1 ofrecer festejos taurinos tras m\u00e1s de un a\u00f1o de prohibici\u00f3n debido a una suspensi\u00f3n cautelar a la espera de juicio.<\/p>\n\n\n\n<p>Ante ello, L\u00f3pez Obrador recomend\u00f3 que se consulte a los ciudadanos si est\u00e1n de acuerdo en que regresen las corridas de toros a la capital mexicana, aunque reconoci\u00f3 que lo primero es revisar si legalmente es posible que la consulta sea vinculatoria.<\/p>\n\n\n\n<p>Adem\u00e1s, se comprometi\u00f3 a que antes de que termine su administraci\u00f3n enviar\u00e1 una iniciativa de reforma constitucional para la protecci\u00f3n de los animales en el pa\u00eds.<\/p>\n\n\n\n<p>Y sostuvo que si en la consulta gana la prohibici\u00f3n de corrida de toros, \u00e9l apoyar\u00e1 para que se haga una realidad.<\/p>\n\n\n\n<p>Nada m\u00e1s que yo necesito conocer qu\u00e9 opinan los dem\u00e1s porque yo represento al pueblo\u201d, aclar\u00f3.<\/p>\n\n\n\n<p>Con informaci\u00f3n de EFE<\/p>\n","protected":false},"excerpt":{"rendered":"<p>Por Redacci\u00f3n QP L\u00f3pez Obrador se refiri\u00f3 a la decisi\u00f3n de la Segunda Sala de&#8230;<\/p>\n","protected":false},"author":2,"featured_media":106958,"comment_status":"open","ping_status":"open","sticky":false,"template":"","format":"standard","meta":{"_monsterinsights_skip_tracking":false,"_monsterinsights_sitenote_active":false,"_monsterinsights_sitenote_note":"","_monsterinsights_sitenote_category":0,"footnotes":""},"categories":[2],"tags":[],"class_list":["post-106957","post","type-post","status-publish","format-standard","has-post-thumbnail","hentry","category-noticias"],"yoast_head":"<!-- This site is optimized with the Yoast SEO plugin v27.3 - https:\/\/yoast.com\/product\/yoast-seo-wordpress\/ -->\n<title>AMLO plantea una consulta ciudadana en #CDMX sobre las corridas de toros, luego de que la SCJN desech\u00f3 el amparo que las imped\u00eda -<\/title>\n<meta name=\"robots\" content=\"index, follow, max-snippet:-1, max-image-preview:large, max-video-preview:-1\" \/>\n<link rel=\"canonical\" href=\"https:\/\/quehacerpolitico.mx\/?p=106957\" \/>\n<meta property=\"og:locale\" content=\"es_MX\" \/>\n<meta property=\"og:type\" content=\"article\" \/>\n<meta property=\"og:title\" content=\"AMLO plantea una consulta ciudadana en #CDMX sobre las corridas de toros, luego de que la SCJN desech\u00f3 el amparo que las imped\u00eda -\" \/>\n<meta property=\"og:description\" content=\"Por Redacci\u00f3n QP L\u00f3pez Obrador se refiri\u00f3 a la decisi\u00f3n de la Segunda Sala de...\" \/>\n<meta property=\"og:url\" content=\"https:\/\/quehacerpolitico.mx\/?p=106957\" \/>\n<meta property=\"article:published_time\" content=\"2023-12-08T18:21:55+00:00\" \/>\n<meta property=\"article:modified_time\" content=\"2023-12-08T18:21:59+00:00\" \/>\n<meta property=\"og:image\" content=\"https:\/\/quehacerpolitico.mx\/wp-content\/uploads\/2023\/12\/IMG_2499.jpeg\" \/>\n\t<meta property=\"og:image:width\" content=\"1284\" \/>\n\t<meta property=\"og:image:height\" content=\"722\" \/>\n\t<meta property=\"og:image:type\" content=\"image\/jpeg\" \/>\n<meta name=\"author\" content=\"Redacci\u00f3n QP\" \/>\n<meta name=\"twitter:card\" content=\"summary_large_image\" \/>\n<meta name=\"twitter:label1\" content=\"Escrito por\" \/>\n\t<meta name=\"twitter:data1\" content=\"Redacci\u00f3n QP\" \/>\n\t<meta name=\"twitter:label2\" content=\"Tiempo de lectura\" \/>\n\t<meta name=\"twitter:data2\" content=\"2 minutos\" \/>\n<script type=\"application\/ld+json\" class=\"yoast-schema-graph\">{\"@context\":\"https:\\\/\\\/schema.org\",\"@graph\":[{\"@type\":\"Article\",\"@id\":\"https:\\\/\\\/quehacerpolitico.mx\\\/?p=106957#article\",\"isPartOf\":{\"@id\":\"https:\\\/\\\/quehacerpolitico.mx\\\/?p=106957\"},\"author\":{\"name\":\"Redacci\u00f3n QP\",\"@id\":\"https:\\\/\\\/quehacerpolitico.mx\\\/#\\\/schema\\\/person\\\/496d8ad2d1d3f8036101dca7ee39e585\"},\"headline\":\"AMLO plantea una consulta ciudadana en #CDMX sobre las corridas de toros, luego de que la SCJN desech\u00f3 el amparo que las imped\u00eda\",\"datePublished\":\"2023-12-08T18:21:55+00:00\",\"dateModified\":\"2023-12-08T18:21:59+00:00\",\"mainEntityOfPage\":{\"@id\":\"https:\\\/\\\/quehacerpolitico.mx\\\/?p=106957\"},\"wordCount\":401,\"commentCount\":0,\"image\":{\"@id\":\"https:\\\/\\\/quehacerpolitico.mx\\\/?p=106957#primaryimage\"},\"thumbnailUrl\":\"https:\\\/\\\/quehacerpolitico.mx\\\/wp-content\\\/uploads\\\/2023\\\/12\\\/IMG_2499.jpeg\",\"articleSection\":[\"Noticias\"],\"inLanguage\":\"es\",\"potentialAction\":[{\"@type\":\"CommentAction\",\"name\":\"Comment\",\"target\":[\"https:\\\/\\\/quehacerpolitico.mx\\\/?p=106957#respond\"]}]},{\"@type\":\"WebPage\",\"@id\":\"https:\\\/\\\/quehacerpolitico.mx\\\/?p=106957\",\"url\":\"https:\\\/\\\/quehacerpolitico.mx\\\/?p=106957\",\"name\":\"AMLO plantea una consulta ciudadana en #CDMX sobre las corridas de toros, luego de que la SCJN desech\u00f3 el amparo que las imped\u00eda -\",\"isPartOf\":{\"@id\":\"https:\\\/\\\/quehacerpolitico.mx\\\/#website\"},\"primaryImageOfPage\":{\"@id\":\"https:\\\/\\\/quehacerpolitico.mx\\\/?p=106957#primaryimage\"},\"image\":{\"@id\":\"https:\\\/\\\/quehacerpolitico.mx\\\/?p=106957#primaryimage\"},\"thumbnailUrl\":\"https:\\\/\\\/quehacerpolitico.mx\\\/wp-content\\\/uploads\\\/2023\\\/12\\\/IMG_2499.jpeg\",\"datePublished\":\"2023-12-08T18:21:55+00:00\",\"dateModified\":\"2023-12-08T18:21:59+00:00\",\"author\":{\"@id\":\"https:\\\/\\\/quehacerpolitico.mx\\\/#\\\/schema\\\/person\\\/496d8ad2d1d3f8036101dca7ee39e585\"},\"breadcrumb\":{\"@id\":\"https:\\\/\\\/quehacerpolitico.mx\\\/?p=106957#breadcrumb\"},\"inLanguage\":\"es\",\"potentialAction\":[{\"@type\":\"ReadAction\",\"target\":[\"https:\\\/\\\/quehacerpolitico.mx\\\/?p=106957\"]}]},{\"@type\":\"ImageObject\",\"inLanguage\":\"es\",\"@id\":\"https:\\\/\\\/quehacerpolitico.mx\\\/?p=106957#primaryimage\",\"url\":\"https:\\\/\\\/quehacerpolitico.mx\\\/wp-content\\\/uploads\\\/2023\\\/12\\\/IMG_2499.jpeg\",\"contentUrl\":\"https:\\\/\\\/quehacerpolitico.mx\\\/wp-content\\\/uploads\\\/2023\\\/12\\\/IMG_2499.jpeg\",\"width\":1284,\"height\":722},{\"@type\":\"BreadcrumbList\",\"@id\":\"https:\\\/\\\/quehacerpolitico.mx\\\/?p=106957#breadcrumb\",\"itemListElement\":[{\"@type\":\"ListItem\",\"position\":1,\"name\":\"Inicio\",\"item\":\"https:\\\/\\\/quehacerpolitico.mx\\\/\"},{\"@type\":\"ListItem\",\"position\":2,\"name\":\"AMLO plantea una consulta ciudadana en #CDMX sobre las corridas de toros, luego de que la SCJN desech\u00f3 el amparo que las imped\u00eda\"}]},{\"@type\":\"WebSite\",\"@id\":\"https:\\\/\\\/quehacerpolitico.mx\\\/#website\",\"url\":\"https:\\\/\\\/quehacerpolitico.mx\\\/\",\"name\":\"\",\"description\":\"\",\"potentialAction\":[{\"@type\":\"SearchAction\",\"target\":{\"@type\":\"EntryPoint\",\"urlTemplate\":\"https:\\\/\\\/quehacerpolitico.mx\\\/?s={search_term_string}\"},\"query-input\":{\"@type\":\"PropertyValueSpecification\",\"valueRequired\":true,\"valueName\":\"search_term_string\"}}],\"inLanguage\":\"es\"},{\"@type\":\"Person\",\"@id\":\"https:\\\/\\\/quehacerpolitico.mx\\\/#\\\/schema\\\/person\\\/496d8ad2d1d3f8036101dca7ee39e585\",\"name\":\"Redacci\u00f3n QP\",\"image\":{\"@type\":\"ImageObject\",\"inLanguage\":\"es\",\"@id\":\"https:\\\/\\\/secure.gravatar.com\\\/avatar\\\/c7164ed6fdec453195284ad24a5ae5b6e1eed2b848477fa2a4787ba9adf39a41?s=96&d=mm&r=g\",\"url\":\"https:\\\/\\\/secure.gravatar.com\\\/avatar\\\/c7164ed6fdec453195284ad24a5ae5b6e1eed2b848477fa2a4787ba9adf39a41?s=96&d=mm&r=g\",\"contentUrl\":\"https:\\\/\\\/secure.gravatar.com\\\/avatar\\\/c7164ed6fdec453195284ad24a5ae5b6e1eed2b848477fa2a4787ba9adf39a41?s=96&d=mm&r=g\",\"caption\":\"Redacci\u00f3n QP\"},\"url\":\"https:\\\/\\\/quehacerpolitico.mx\\\/?author=2\"}]}<\/script>\n<!-- \/ Yoast SEO plugin. -->","yoast_head_json":{"title":"AMLO plantea una consulta ciudadana en #CDMX sobre las corridas de toros, luego de que la SCJN desech\u00f3 el amparo que las imped\u00eda -","robots":{"index":"index","follow":"follow","max-snippet":"max-snippet:-1","max-image-preview":"max-image-preview:large","max-video-preview":"max-video-preview:-1"},"canonical":"https:\/\/quehacerpolitico.mx\/?p=106957","og_locale":"es_MX","og_type":"article","og_title":"AMLO plantea una consulta ciudadana en #CDMX sobre las corridas de toros, luego de que la SCJN desech\u00f3 el amparo que las imped\u00eda -","og_description":"Por Redacci\u00f3n QP L\u00f3pez Obrador se refiri\u00f3 a la decisi\u00f3n de la Segunda Sala de...","og_url":"https:\/\/quehacerpolitico.mx\/?p=106957","article_published_time":"2023-12-08T18:21:55+00:00","article_modified_time":"2023-12-08T18:21:59+00:00","og_image":[{"width":1284,"height":722,"url":"https:\/\/quehacerpolitico.mx\/wp-content\/uploads\/2023\/12\/IMG_2499.jpeg","type":"image\/jpeg"}],"author":"Redacci\u00f3n QP","twitter_card":"summary_large_image","twitter_misc":{"Escrito por":"Redacci\u00f3n QP","Tiempo de lectura":"2 minutos"},"schema":{"@context":"https:\/\/schema.org","@graph":[{"@type":"Article","@id":"https:\/\/quehacerpolitico.mx\/?p=106957#article","isPartOf":{"@id":"https:\/\/quehacerpolitico.mx\/?p=106957"},"author":{"name":"Redacci\u00f3n QP","@id":"https:\/\/quehacerpolitico.mx\/#\/schema\/person\/496d8ad2d1d3f8036101dca7ee39e585"},"headline":"AMLO plantea una consulta ciudadana en #CDMX sobre las corridas de toros, luego de que la SCJN desech\u00f3 el amparo que las imped\u00eda","datePublished":"2023-12-08T18:21:55+00:00","dateModified":"2023-12-08T18:21:59+00:00","mainEntityOfPage":{"@id":"https:\/\/quehacerpolitico.mx\/?p=106957"},"wordCount":401,"commentCount":0,"image":{"@id":"https:\/\/quehacerpolitico.mx\/?p=106957#primaryimage"},"thumbnailUrl":"https:\/\/quehacerpolitico.mx\/wp-content\/uploads\/2023\/12\/IMG_2499.jpeg","articleSection":["Noticias"],"inLanguage":"es","potentialAction":[{"@type":"CommentAction","name":"Comment","target":["https:\/\/quehacerpolitico.mx\/?p=106957#respond"]}]},{"@type":"WebPage","@id":"https:\/\/quehacerpolitico.mx\/?p=106957","url":"https:\/\/quehacerpolitico.mx\/?p=106957","name":"AMLO plantea una consulta ciudadana en #CDMX sobre las corridas de toros, luego de que la SCJN desech\u00f3 el amparo que las imped\u00eda -","isPartOf":{"@id":"https:\/\/quehacerpolitico.mx\/#website"},"primaryImageOfPage":{"@id":"https:\/\/quehacerpolitico.mx\/?p=106957#primaryimage"},"image":{"@id":"https:\/\/quehacerpolitico.mx\/?p=106957#primaryimage"},"thumbnailUrl":"https:\/\/quehacerpolitico.mx\/wp-content\/uploads\/2023\/12\/IMG_2499.jpeg","datePublished":"2023-12-08T18:21:55+00:00","dateModified":"2023-12-08T18:21:59+00:00","author":{"@id":"https:\/\/quehacerpolitico.mx\/#\/schema\/person\/496d8ad2d1d3f8036101dca7ee39e585"},"breadcrumb":{"@id":"https:\/\/quehacerpolitico.mx\/?p=106957#breadcrumb"},"inLanguage":"es","potentialAction":[{"@type":"ReadAction","target":["https:\/\/quehacerpolitico.mx\/?p=106957"]}]},{"@type":"ImageObject","inLanguage":"es","@id":"https:\/\/quehacerpolitico.mx\/?p=106957#primaryimage","url":"https:\/\/quehacerpolitico.mx\/wp-content\/uploads\/2023\/12\/IMG_2499.jpeg","contentUrl":"https:\/\/quehacerpolitico.mx\/wp-content\/uploads\/2023\/12\/IMG_2499.jpeg","width":1284,"height":722},{"@type":"BreadcrumbList","@id":"https:\/\/quehacerpolitico.mx\/?p=106957#breadcrumb","itemListElement":[{"@type":"ListItem","position":1,"name":"Inicio","item":"https:\/\/quehacerpolitico.mx\/"},{"@type":"ListItem","position":2,"name":"AMLO plantea una consulta ciudadana en #CDMX sobre las corridas de toros, luego de que la SCJN desech\u00f3 el amparo que las imped\u00eda"}]},{"@type":"WebSite","@id":"https:\/\/quehacerpolitico.mx\/#website","url":"https:\/\/quehacerpolitico.mx\/","name":"","description":"","potentialAction":[{"@type":"SearchAction","target":{"@type":"EntryPoint","urlTemplate":"https:\/\/quehacerpolitico.mx\/?s={search_term_string}"},"query-input":{"@type":"PropertyValueSpecification","valueRequired":true,"valueName":"search_term_string"}}],"inLanguage":"es"},{"@type":"Person","@id":"https:\/\/quehacerpolitico.mx\/#\/schema\/person\/496d8ad2d1d3f8036101dca7ee39e585","name":"Redacci\u00f3n QP","image":{"@type":"ImageObject","inLanguage":"es","@id":"https:\/\/secure.gravatar.com\/avatar\/c7164ed6fdec453195284ad24a5ae5b6e1eed2b848477fa2a4787ba9adf39a41?s=96&d=mm&r=g","url":"https:\/\/secure.gravatar.com\/avatar\/c7164ed6fdec453195284ad24a5ae5b6e1eed2b848477fa2a4787ba9adf39a41?s=96&d=mm&r=g","contentUrl":"https:\/\/secure.gravatar.com\/avatar\/c7164ed6fdec453195284ad24a5ae5b6e1eed2b848477fa2a4787ba9adf39a41?s=96&d=mm&r=g","caption":"Redacci\u00f3n QP"},"url":"https:\/\/quehacerpolitico.mx\/?author=2"}]}},"featured_image_urls":{"full":["https:\/\/quehacerpolitico.mx\/wp-content\/uploads\/2023\/12\/IMG_2499.jpeg",1284,722,false],"thumbnail":["https:\/\/quehacerpolitico.mx\/wp-content\/uploads\/2023\/12\/IMG_2499-150x150.jpeg",150,150,true],"medium":["https:\/\/quehacerpolitico.mx\/wp-content\/uploads\/2023\/12\/IMG_2499-300x169.jpeg",300,169,true],"medium_large":["https:\/\/quehacerpolitico.mx\/wp-content\/uploads\/2023\/12\/IMG_2499-768x432.jpeg",640,360,true],"large":["https:\/\/quehacerpolitico.mx\/wp-content\/uploads\/2023\/12\/IMG_2499-1024x576.jpeg",640,360,true],"1536x1536":["https:\/\/quehacerpolitico.mx\/wp-content\/uploads\/2023\/12\/IMG_2499.jpeg",1284,722,false],"2048x2048":["https:\/\/quehacerpolitico.mx\/wp-content\/uploads\/2023\/12\/IMG_2499.jpeg",1284,722,false],"covernews-featured":["https:\/\/quehacerpolitico.mx\/wp-content\/uploads\/2023\/12\/IMG_2499.jpeg",1024,576,false],"covernews-medium":["https:\/\/quehacerpolitico.mx\/wp-content\/uploads\/2023\/12\/IMG_2499.jpeg",540,304,false]},"author_info":{"display_name":"Redacci\u00f3n QP","author_link":"https:\/\/quehacerpolitico.mx\/?author=2"},"category_info":"<a href=\"https:\/\/quehacerpolitico.mx\/?cat=2\" rel=\"category\">Noticias<\/a>","tag_info":"Noticias","comment_count":"0","_links":{"self":[{"href":"https:\/\/quehacerpolitico.mx\/index.php?rest_route=\/wp\/v2\/posts\/106957","targetHints":{"allow":["GET"]}}],"collection":[{"href":"https:\/\/quehacerpolitico.mx\/index.php?rest_route=\/wp\/v2\/posts"}],"about":[{"href":"https:\/\/quehacerpolitico.mx\/index.php?rest_route=\/wp\/v2\/types\/post"}],"author":[{"embeddable":true,"href":"https:\/\/quehacerpolitico.mx\/index.php?rest_route=\/wp\/v2\/users\/2"}],"replies":[{"embeddable":true,"href":"https:\/\/quehacerpolitico.mx\/index.php?rest_route=%2Fwp%2Fv2%2Fcomments&post=106957"}],"version-history":[{"count":1,"href":"https:\/\/quehacerpolitico.mx\/index.php?rest_route=\/wp\/v2\/posts\/106957\/revisions"}],"predecessor-version":[{"id":106959,"href":"https:\/\/quehacerpolitico.mx\/index.php?rest_route=\/wp\/v2\/posts\/106957\/revisions\/106959"}],"wp:featuredmedia":[{"embeddable":true,"href":"https:\/\/quehacerpolitico.mx\/index.php?rest_route=\/wp\/v2\/media\/106958"}],"wp:attachment":[{"href":"https:\/\/quehacerpolitico.mx\/index.php?rest_route=%2Fwp%2Fv2%2Fmedia&parent=106957"}],"wp:term":[{"taxonomy":"category","embeddable":true,"href":"https:\/\/quehacerpolitico.mx\/index.php?rest_route=%2Fwp%2Fv2%2Fcategories&post=106957"},{"taxonomy":"post_tag","embeddable":true,"href":"https:\/\/quehacerpolitico.mx\/index.php?rest_route=%2Fwp%2Fv2%2Ftags&post=106957"}],"curies":[{"name":"wp","href":"https:\/\/api.w.org\/{rel}","templated":true}]}}