{"id":106909,"date":"2023-12-07T20:14:43","date_gmt":"2023-12-07T20:14:43","guid":{"rendered":"https:\/\/quehacerpolitico.mx\/?p=106909"},"modified":"2023-12-07T20:14:45","modified_gmt":"2023-12-07T20:14:45","slug":"cofepris-otorgo-el-registro-sanitario-a-las-vacunas-de-pfizer-y-moderna-contra-covid-19","status":"publish","type":"post","link":"https:\/\/quehacerpolitico.mx\/?p=106909","title":{"rendered":"Cofepris otorg\u00f3 el\u00a0registro sanitario\u00a0a las\u00a0vacunas de Pfizer\u00a0y\u00a0Moderna\u00a0contra\u00a0COVID-19"},"content":{"rendered":"\n<p>Por Redacci\u00f3n QP<\/p>\n\n\n\n<p>La Cofepris dio el registro sanitario a las vacunas Spikevax de Moderna y a la Comirnaty de Pfizer para comercializarse en M\u00e9xico<\/p>\n\n\n\n<p>La Comisi\u00f3n Federal para la Protecci\u00f3n contra Riesgos Sanitarios (<strong>Cofepris<\/strong>) otorg\u00f3 el\u00a0<strong>registro sanitario<\/strong>\u00a0a las\u00a0<strong>vacunas<\/strong>de\u00a0<strong>Pfizer<\/strong>\u00a0y\u00a0<strong>Moderna<\/strong>\u00a0contra\u00a0<strong>COVID-19<\/strong>.<\/p>\n\n\n\n<figure class=\"wp-block-embed is-type-rich is-provider-twitter wp-block-embed-twitter\"><div class=\"wp-block-embed__wrapper\">\n<blockquote class=\"twitter-tweet\" data-width=\"550\" data-dnt=\"true\"><p lang=\"es\" dir=\"ltr\"><a href=\"https:\/\/twitter.com\/hashtag\/Cofepris?src=hash&amp;ref_src=twsrc%5Etfw\">#Cofepris<\/a> es la primera agencia del continente en otorgar registro sanitario de manera simult\u00e1nea a vacunas contra COVID-19\ud83d\udc89.<br><br>\ud83d\udc49<a href=\"https:\/\/t.co\/9f3vpDusy9\">https:\/\/t.co\/9f3vpDusy9<\/a> <a href=\"https:\/\/t.co\/MXtwvaNBHm\">pic.twitter.com\/MXtwvaNBHm<\/a><\/p>&mdash; COFEPRIS (@COFEPRIS) <a href=\"https:\/\/twitter.com\/COFEPRIS\/status\/1732846774266576916?ref_src=twsrc%5Etfw\">December 7, 2023<\/a><\/blockquote><script async src=\"https:\/\/platform.twitter.com\/widgets.js\" charset=\"utf-8\"><\/script>\n<\/div><\/figure>\n\n\n\n<figure class=\"wp-block-embed is-type-rich is-provider-twitter wp-block-embed-twitter\"><div class=\"wp-block-embed__wrapper\">\n<blockquote class=\"twitter-tweet\" data-width=\"550\" data-dnt=\"true\"><p lang=\"zxx\" dir=\"ltr\"><a href=\"https:\/\/t.co\/RWxSh43s7K\">pic.twitter.com\/RWxSh43s7K<\/a><\/p>&mdash; COFEPRIS (@COFEPRIS) <a href=\"https:\/\/twitter.com\/COFEPRIS\/status\/1732846879287710141?ref_src=twsrc%5Etfw\">December 7, 2023<\/a><\/blockquote><script async src=\"https:\/\/platform.twitter.com\/widgets.js\" charset=\"utf-8\"><\/script>\n<\/div><\/figure>\n\n\n\n<p>Bajo el principio de \u201ccaja de cristal\u201d se dio un riguroso an\u00e1lisis t\u00e9cnico y evaluaci\u00f3n del desempe\u00f1o cl\u00ednico de las vacunas&nbsp;<strong>Spikevax<\/strong>&nbsp;y&nbsp;<strong>Comirnaty<\/strong>.<\/p>\n\n\n\n<p>Un equipo multidisciplinario de personal federal\u00a0determin\u00f3 que los biol\u00f3gicos de Pfizer y Moderna cumplieron los requisitos de\u00a0<strong>calidad<\/strong>,\u00a0<strong>seguridad<\/strong>\u00a0y\u00a0<strong>eficacia<\/strong>.<\/p>\n\n\n\n<p>El registro sanitario permitir\u00e1 la&nbsp;<strong>libre comercializaci\u00f3n<\/strong>&nbsp;en M\u00e9xico de ambas&nbsp;<strong>vacunas<\/strong>&nbsp;contra&nbsp;<strong>COVID-19<\/strong>, especiales para la&nbsp;<strong>variante XBB.1.5<\/strong><\/p>\n\n\n\n<p>Cofepris recuerda que la aplicaci\u00f3n de ambos biol\u00f3gicos debe realizarse bajo vigilancia m\u00e9dica, y que en caso de presentar alg\u00fan evento adverso se puede reportar al correo&nbsp;<a href=\"mailto:farmacovigilancia@cofepris.gob.mx\" target=\"_blank\" rel=\"noreferrer noopener\">farmacovigilancia@cofepris.gob.mx<\/a>&nbsp;o en el enlace&nbsp;<a href=\"https:\/\/www.gob.mx\/cofepris\/es\/articulos\/cofepris-ha-recibido-cuatro-solicitudes-para-la-obtencion-de-registro-sanitario-de-vacunas-contra-covid-19?idiom=es\" target=\"_blank\" rel=\"noreferrer noopener\">gob.mx\/cofepris<\/a>.<\/p>\n","protected":false},"excerpt":{"rendered":"<p>Por Redacci\u00f3n QP La Cofepris dio el registro sanitario a las vacunas Spikevax de Moderna&#8230;<\/p>\n","protected":false},"author":2,"featured_media":106910,"comment_status":"open","ping_status":"open","sticky":false,"template":"","format":"standard","meta":{"_monsterinsights_skip_tracking":false,"_monsterinsights_sitenote_active":false,"_monsterinsights_sitenote_note":"","_monsterinsights_sitenote_category":0,"footnotes":""},"categories":[2],"tags":[],"class_list":["post-106909","post","type-post","status-publish","format-standard","has-post-thumbnail","hentry","category-noticias"],"yoast_head":"<!-- This site is optimized with the Yoast SEO plugin v27.3 - https:\/\/yoast.com\/product\/yoast-seo-wordpress\/ -->\n<title>Cofepris otorg\u00f3 el\u00a0registro sanitario\u00a0a las\u00a0vacunas de Pfizer\u00a0y\u00a0Moderna\u00a0contra\u00a0COVID-19 -<\/title>\n<meta name=\"robots\" content=\"index, follow, max-snippet:-1, max-image-preview:large, max-video-preview:-1\" \/>\n<link rel=\"canonical\" href=\"https:\/\/quehacerpolitico.mx\/?p=106909\" \/>\n<meta property=\"og:locale\" content=\"es_MX\" \/>\n<meta property=\"og:type\" content=\"article\" \/>\n<meta property=\"og:title\" content=\"Cofepris otorg\u00f3 el\u00a0registro sanitario\u00a0a las\u00a0vacunas de Pfizer\u00a0y\u00a0Moderna\u00a0contra\u00a0COVID-19 -\" \/>\n<meta property=\"og:description\" content=\"Por Redacci\u00f3n QP La Cofepris dio el registro sanitario a las vacunas Spikevax de Moderna...\" \/>\n<meta property=\"og:url\" content=\"https:\/\/quehacerpolitico.mx\/?p=106909\" \/>\n<meta property=\"article:published_time\" content=\"2023-12-07T20:14:43+00:00\" \/>\n<meta property=\"article:modified_time\" content=\"2023-12-07T20:14:45+00:00\" \/>\n<meta property=\"og:image\" content=\"https:\/\/quehacerpolitico.mx\/wp-content\/uploads\/2023\/12\/IMG_2470.jpeg\" \/>\n\t<meta property=\"og:image:width\" content=\"739\" \/>\n\t<meta property=\"og:image:height\" content=\"415\" \/>\n\t<meta property=\"og:image:type\" content=\"image\/jpeg\" \/>\n<meta name=\"author\" content=\"Redacci\u00f3n QP\" \/>\n<meta name=\"twitter:card\" content=\"summary_large_image\" \/>\n<meta name=\"twitter:label1\" content=\"Escrito por\" \/>\n\t<meta name=\"twitter:data1\" content=\"Redacci\u00f3n QP\" \/>\n\t<meta name=\"twitter:label2\" content=\"Tiempo de lectura\" \/>\n\t<meta name=\"twitter:data2\" content=\"1 minuto\" \/>\n<script type=\"application\/ld+json\" class=\"yoast-schema-graph\">{\"@context\":\"https:\\\/\\\/schema.org\",\"@graph\":[{\"@type\":\"Article\",\"@id\":\"https:\\\/\\\/quehacerpolitico.mx\\\/?p=106909#article\",\"isPartOf\":{\"@id\":\"https:\\\/\\\/quehacerpolitico.mx\\\/?p=106909\"},\"author\":{\"name\":\"Redacci\u00f3n QP\",\"@id\":\"https:\\\/\\\/quehacerpolitico.mx\\\/#\\\/schema\\\/person\\\/496d8ad2d1d3f8036101dca7ee39e585\"},\"headline\":\"Cofepris otorg\u00f3 el\u00a0registro sanitario\u00a0a las\u00a0vacunas de Pfizer\u00a0y\u00a0Moderna\u00a0contra\u00a0COVID-19\",\"datePublished\":\"2023-12-07T20:14:43+00:00\",\"dateModified\":\"2023-12-07T20:14:45+00:00\",\"mainEntityOfPage\":{\"@id\":\"https:\\\/\\\/quehacerpolitico.mx\\\/?p=106909\"},\"wordCount\":214,\"commentCount\":0,\"image\":{\"@id\":\"https:\\\/\\\/quehacerpolitico.mx\\\/?p=106909#primaryimage\"},\"thumbnailUrl\":\"https:\\\/\\\/quehacerpolitico.mx\\\/wp-content\\\/uploads\\\/2023\\\/12\\\/IMG_2470.jpeg\",\"articleSection\":[\"Noticias\"],\"inLanguage\":\"es\",\"potentialAction\":[{\"@type\":\"CommentAction\",\"name\":\"Comment\",\"target\":[\"https:\\\/\\\/quehacerpolitico.mx\\\/?p=106909#respond\"]}]},{\"@type\":\"WebPage\",\"@id\":\"https:\\\/\\\/quehacerpolitico.mx\\\/?p=106909\",\"url\":\"https:\\\/\\\/quehacerpolitico.mx\\\/?p=106909\",\"name\":\"Cofepris otorg\u00f3 el\u00a0registro sanitario\u00a0a las\u00a0vacunas de Pfizer\u00a0y\u00a0Moderna\u00a0contra\u00a0COVID-19 -\",\"isPartOf\":{\"@id\":\"https:\\\/\\\/quehacerpolitico.mx\\\/#website\"},\"primaryImageOfPage\":{\"@id\":\"https:\\\/\\\/quehacerpolitico.mx\\\/?p=106909#primaryimage\"},\"image\":{\"@id\":\"https:\\\/\\\/quehacerpolitico.mx\\\/?p=106909#primaryimage\"},\"thumbnailUrl\":\"https:\\\/\\\/quehacerpolitico.mx\\\/wp-content\\\/uploads\\\/2023\\\/12\\\/IMG_2470.jpeg\",\"datePublished\":\"2023-12-07T20:14:43+00:00\",\"dateModified\":\"2023-12-07T20:14:45+00:00\",\"author\":{\"@id\":\"https:\\\/\\\/quehacerpolitico.mx\\\/#\\\/schema\\\/person\\\/496d8ad2d1d3f8036101dca7ee39e585\"},\"breadcrumb\":{\"@id\":\"https:\\\/\\\/quehacerpolitico.mx\\\/?p=106909#breadcrumb\"},\"inLanguage\":\"es\",\"potentialAction\":[{\"@type\":\"ReadAction\",\"target\":[\"https:\\\/\\\/quehacerpolitico.mx\\\/?p=106909\"]}]},{\"@type\":\"ImageObject\",\"inLanguage\":\"es\",\"@id\":\"https:\\\/\\\/quehacerpolitico.mx\\\/?p=106909#primaryimage\",\"url\":\"https:\\\/\\\/quehacerpolitico.mx\\\/wp-content\\\/uploads\\\/2023\\\/12\\\/IMG_2470.jpeg\",\"contentUrl\":\"https:\\\/\\\/quehacerpolitico.mx\\\/wp-content\\\/uploads\\\/2023\\\/12\\\/IMG_2470.jpeg\",\"width\":739,\"height\":415},{\"@type\":\"BreadcrumbList\",\"@id\":\"https:\\\/\\\/quehacerpolitico.mx\\\/?p=106909#breadcrumb\",\"itemListElement\":[{\"@type\":\"ListItem\",\"position\":1,\"name\":\"Inicio\",\"item\":\"https:\\\/\\\/quehacerpolitico.mx\\\/\"},{\"@type\":\"ListItem\",\"position\":2,\"name\":\"Cofepris otorg\u00f3 el\u00a0registro sanitario\u00a0a las\u00a0vacunas de Pfizer\u00a0y\u00a0Moderna\u00a0contra\u00a0COVID-19\"}]},{\"@type\":\"WebSite\",\"@id\":\"https:\\\/\\\/quehacerpolitico.mx\\\/#website\",\"url\":\"https:\\\/\\\/quehacerpolitico.mx\\\/\",\"name\":\"\",\"description\":\"\",\"potentialAction\":[{\"@type\":\"SearchAction\",\"target\":{\"@type\":\"EntryPoint\",\"urlTemplate\":\"https:\\\/\\\/quehacerpolitico.mx\\\/?s={search_term_string}\"},\"query-input\":{\"@type\":\"PropertyValueSpecification\",\"valueRequired\":true,\"valueName\":\"search_term_string\"}}],\"inLanguage\":\"es\"},{\"@type\":\"Person\",\"@id\":\"https:\\\/\\\/quehacerpolitico.mx\\\/#\\\/schema\\\/person\\\/496d8ad2d1d3f8036101dca7ee39e585\",\"name\":\"Redacci\u00f3n QP\",\"image\":{\"@type\":\"ImageObject\",\"inLanguage\":\"es\",\"@id\":\"https:\\\/\\\/secure.gravatar.com\\\/avatar\\\/c7164ed6fdec453195284ad24a5ae5b6e1eed2b848477fa2a4787ba9adf39a41?s=96&d=mm&r=g\",\"url\":\"https:\\\/\\\/secure.gravatar.com\\\/avatar\\\/c7164ed6fdec453195284ad24a5ae5b6e1eed2b848477fa2a4787ba9adf39a41?s=96&d=mm&r=g\",\"contentUrl\":\"https:\\\/\\\/secure.gravatar.com\\\/avatar\\\/c7164ed6fdec453195284ad24a5ae5b6e1eed2b848477fa2a4787ba9adf39a41?s=96&d=mm&r=g\",\"caption\":\"Redacci\u00f3n QP\"},\"url\":\"https:\\\/\\\/quehacerpolitico.mx\\\/?author=2\"}]}<\/script>\n<!-- \/ Yoast SEO plugin. -->","yoast_head_json":{"title":"Cofepris otorg\u00f3 el\u00a0registro sanitario\u00a0a las\u00a0vacunas de Pfizer\u00a0y\u00a0Moderna\u00a0contra\u00a0COVID-19 -","robots":{"index":"index","follow":"follow","max-snippet":"max-snippet:-1","max-image-preview":"max-image-preview:large","max-video-preview":"max-video-preview:-1"},"canonical":"https:\/\/quehacerpolitico.mx\/?p=106909","og_locale":"es_MX","og_type":"article","og_title":"Cofepris otorg\u00f3 el\u00a0registro sanitario\u00a0a las\u00a0vacunas de Pfizer\u00a0y\u00a0Moderna\u00a0contra\u00a0COVID-19 -","og_description":"Por Redacci\u00f3n QP La Cofepris dio el registro sanitario a las vacunas Spikevax de Moderna...","og_url":"https:\/\/quehacerpolitico.mx\/?p=106909","article_published_time":"2023-12-07T20:14:43+00:00","article_modified_time":"2023-12-07T20:14:45+00:00","og_image":[{"width":739,"height":415,"url":"https:\/\/quehacerpolitico.mx\/wp-content\/uploads\/2023\/12\/IMG_2470.jpeg","type":"image\/jpeg"}],"author":"Redacci\u00f3n QP","twitter_card":"summary_large_image","twitter_misc":{"Escrito por":"Redacci\u00f3n QP","Tiempo de lectura":"1 minuto"},"schema":{"@context":"https:\/\/schema.org","@graph":[{"@type":"Article","@id":"https:\/\/quehacerpolitico.mx\/?p=106909#article","isPartOf":{"@id":"https:\/\/quehacerpolitico.mx\/?p=106909"},"author":{"name":"Redacci\u00f3n QP","@id":"https:\/\/quehacerpolitico.mx\/#\/schema\/person\/496d8ad2d1d3f8036101dca7ee39e585"},"headline":"Cofepris otorg\u00f3 el\u00a0registro sanitario\u00a0a las\u00a0vacunas de Pfizer\u00a0y\u00a0Moderna\u00a0contra\u00a0COVID-19","datePublished":"2023-12-07T20:14:43+00:00","dateModified":"2023-12-07T20:14:45+00:00","mainEntityOfPage":{"@id":"https:\/\/quehacerpolitico.mx\/?p=106909"},"wordCount":214,"commentCount":0,"image":{"@id":"https:\/\/quehacerpolitico.mx\/?p=106909#primaryimage"},"thumbnailUrl":"https:\/\/quehacerpolitico.mx\/wp-content\/uploads\/2023\/12\/IMG_2470.jpeg","articleSection":["Noticias"],"inLanguage":"es","potentialAction":[{"@type":"CommentAction","name":"Comment","target":["https:\/\/quehacerpolitico.mx\/?p=106909#respond"]}]},{"@type":"WebPage","@id":"https:\/\/quehacerpolitico.mx\/?p=106909","url":"https:\/\/quehacerpolitico.mx\/?p=106909","name":"Cofepris otorg\u00f3 el\u00a0registro sanitario\u00a0a las\u00a0vacunas de Pfizer\u00a0y\u00a0Moderna\u00a0contra\u00a0COVID-19 -","isPartOf":{"@id":"https:\/\/quehacerpolitico.mx\/#website"},"primaryImageOfPage":{"@id":"https:\/\/quehacerpolitico.mx\/?p=106909#primaryimage"},"image":{"@id":"https:\/\/quehacerpolitico.mx\/?p=106909#primaryimage"},"thumbnailUrl":"https:\/\/quehacerpolitico.mx\/wp-content\/uploads\/2023\/12\/IMG_2470.jpeg","datePublished":"2023-12-07T20:14:43+00:00","dateModified":"2023-12-07T20:14:45+00:00","author":{"@id":"https:\/\/quehacerpolitico.mx\/#\/schema\/person\/496d8ad2d1d3f8036101dca7ee39e585"},"breadcrumb":{"@id":"https:\/\/quehacerpolitico.mx\/?p=106909#breadcrumb"},"inLanguage":"es","potentialAction":[{"@type":"ReadAction","target":["https:\/\/quehacerpolitico.mx\/?p=106909"]}]},{"@type":"ImageObject","inLanguage":"es","@id":"https:\/\/quehacerpolitico.mx\/?p=106909#primaryimage","url":"https:\/\/quehacerpolitico.mx\/wp-content\/uploads\/2023\/12\/IMG_2470.jpeg","contentUrl":"https:\/\/quehacerpolitico.mx\/wp-content\/uploads\/2023\/12\/IMG_2470.jpeg","width":739,"height":415},{"@type":"BreadcrumbList","@id":"https:\/\/quehacerpolitico.mx\/?p=106909#breadcrumb","itemListElement":[{"@type":"ListItem","position":1,"name":"Inicio","item":"https:\/\/quehacerpolitico.mx\/"},{"@type":"ListItem","position":2,"name":"Cofepris otorg\u00f3 el\u00a0registro sanitario\u00a0a las\u00a0vacunas de Pfizer\u00a0y\u00a0Moderna\u00a0contra\u00a0COVID-19"}]},{"@type":"WebSite","@id":"https:\/\/quehacerpolitico.mx\/#website","url":"https:\/\/quehacerpolitico.mx\/","name":"","description":"","potentialAction":[{"@type":"SearchAction","target":{"@type":"EntryPoint","urlTemplate":"https:\/\/quehacerpolitico.mx\/?s={search_term_string}"},"query-input":{"@type":"PropertyValueSpecification","valueRequired":true,"valueName":"search_term_string"}}],"inLanguage":"es"},{"@type":"Person","@id":"https:\/\/quehacerpolitico.mx\/#\/schema\/person\/496d8ad2d1d3f8036101dca7ee39e585","name":"Redacci\u00f3n QP","image":{"@type":"ImageObject","inLanguage":"es","@id":"https:\/\/secure.gravatar.com\/avatar\/c7164ed6fdec453195284ad24a5ae5b6e1eed2b848477fa2a4787ba9adf39a41?s=96&d=mm&r=g","url":"https:\/\/secure.gravatar.com\/avatar\/c7164ed6fdec453195284ad24a5ae5b6e1eed2b848477fa2a4787ba9adf39a41?s=96&d=mm&r=g","contentUrl":"https:\/\/secure.gravatar.com\/avatar\/c7164ed6fdec453195284ad24a5ae5b6e1eed2b848477fa2a4787ba9adf39a41?s=96&d=mm&r=g","caption":"Redacci\u00f3n QP"},"url":"https:\/\/quehacerpolitico.mx\/?author=2"}]}},"featured_image_urls":{"full":["https:\/\/quehacerpolitico.mx\/wp-content\/uploads\/2023\/12\/IMG_2470.jpeg",739,415,false],"thumbnail":["https:\/\/quehacerpolitico.mx\/wp-content\/uploads\/2023\/12\/IMG_2470-150x150.jpeg",150,150,true],"medium":["https:\/\/quehacerpolitico.mx\/wp-content\/uploads\/2023\/12\/IMG_2470-300x168.jpeg",300,168,true],"medium_large":["https:\/\/quehacerpolitico.mx\/wp-content\/uploads\/2023\/12\/IMG_2470.jpeg",640,359,false],"large":["https:\/\/quehacerpolitico.mx\/wp-content\/uploads\/2023\/12\/IMG_2470.jpeg",640,359,false],"1536x1536":["https:\/\/quehacerpolitico.mx\/wp-content\/uploads\/2023\/12\/IMG_2470.jpeg",739,415,false],"2048x2048":["https:\/\/quehacerpolitico.mx\/wp-content\/uploads\/2023\/12\/IMG_2470.jpeg",739,415,false],"covernews-featured":["https:\/\/quehacerpolitico.mx\/wp-content\/uploads\/2023\/12\/IMG_2470.jpeg",739,415,false],"covernews-medium":["https:\/\/quehacerpolitico.mx\/wp-content\/uploads\/2023\/12\/IMG_2470.jpeg",540,303,false]},"author_info":{"display_name":"Redacci\u00f3n QP","author_link":"https:\/\/quehacerpolitico.mx\/?author=2"},"category_info":"<a href=\"https:\/\/quehacerpolitico.mx\/?cat=2\" rel=\"category\">Noticias<\/a>","tag_info":"Noticias","comment_count":"0","_links":{"self":[{"href":"https:\/\/quehacerpolitico.mx\/index.php?rest_route=\/wp\/v2\/posts\/106909","targetHints":{"allow":["GET"]}}],"collection":[{"href":"https:\/\/quehacerpolitico.mx\/index.php?rest_route=\/wp\/v2\/posts"}],"about":[{"href":"https:\/\/quehacerpolitico.mx\/index.php?rest_route=\/wp\/v2\/types\/post"}],"author":[{"embeddable":true,"href":"https:\/\/quehacerpolitico.mx\/index.php?rest_route=\/wp\/v2\/users\/2"}],"replies":[{"embeddable":true,"href":"https:\/\/quehacerpolitico.mx\/index.php?rest_route=%2Fwp%2Fv2%2Fcomments&post=106909"}],"version-history":[{"count":1,"href":"https:\/\/quehacerpolitico.mx\/index.php?rest_route=\/wp\/v2\/posts\/106909\/revisions"}],"predecessor-version":[{"id":106911,"href":"https:\/\/quehacerpolitico.mx\/index.php?rest_route=\/wp\/v2\/posts\/106909\/revisions\/106911"}],"wp:featuredmedia":[{"embeddable":true,"href":"https:\/\/quehacerpolitico.mx\/index.php?rest_route=\/wp\/v2\/media\/106910"}],"wp:attachment":[{"href":"https:\/\/quehacerpolitico.mx\/index.php?rest_route=%2Fwp%2Fv2%2Fmedia&parent=106909"}],"wp:term":[{"taxonomy":"category","embeddable":true,"href":"https:\/\/quehacerpolitico.mx\/index.php?rest_route=%2Fwp%2Fv2%2Fcategories&post=106909"},{"taxonomy":"post_tag","embeddable":true,"href":"https:\/\/quehacerpolitico.mx\/index.php?rest_route=%2Fwp%2Fv2%2Ftags&post=106909"}],"curies":[{"name":"wp","href":"https:\/\/api.w.org\/{rel}","templated":true}]}}