{"id":106894,"date":"2023-12-06T19:53:01","date_gmt":"2023-12-06T19:53:01","guid":{"rendered":"https:\/\/quehacerpolitico.mx\/?p=106894"},"modified":"2023-12-06T19:53:05","modified_gmt":"2023-12-06T19:53:05","slug":"fmi-espera-que-la-economia-global-crezca-mas-de-lo-que-se-espera-en-2024","status":"publish","type":"post","link":"https:\/\/quehacerpolitico.mx\/?p=106894","title":{"rendered":"FMI espera que la econom\u00eda global crezca m\u00e1s de lo que se espera en 2024"},"content":{"rendered":"\n<p>Por Redacci\u00f3n QP<\/p>\n\n\n\n<p>El FMI cree que la econom\u00eda mundial el pr\u00f3ximo a\u00f1o tendr\u00e1 mejores resultados de lo que tem\u00eda hace alg\u00fan tiempo<\/p>\n\n\n\n<p>La directora gerente del&nbsp;<strong>Fondo Monetario Internacional<\/strong>&nbsp;(FMI), Kristalina Georgieva, afirm\u00f3 que la&nbsp;<strong>econom\u00eda global<\/strong>&nbsp;el a\u00f1o que viene tendr\u00e1&nbsp;<strong>mejores resultados<\/strong>&nbsp;de los esperados, aunque alert\u00f3 de los riesgos que existen para la seguridad global por la cada vez m\u00e1s fragmentada econom\u00eda mundial.<\/p>\n\n\n\n<p>\u201cCreemos que la econom\u00eda mundial el pr\u00f3ximo a\u00f1o tendr\u00e1 mejores resultados de lo que tem\u00edamos hace alg\u00fan tiempo\u201d, apunt\u00f3 Georgieva en una charla celebrada en el\u00a0Council on Foreign Relations de Washington.<\/p>\n\n\n\n<p>La econom\u00eda global, a\u00f1adi\u00f3, \u201cha demostrado ser notablemente resistente\u201d. \u201cHemos pasado por acontecimientos impensables: COVID, luego la guerra de Rusia en Ucrania, luego la crisis del costo de vida y ahora una crisis muy grave en Medio Oriente. Y, sin embargo, no estamos experimentando un shock econ\u00f3mico dram\u00e1tico\u201d.<\/p>\n\n\n\n<p>Por la pandemia, las predicciones iniciales eran \u201cde depresi\u00f3n\u201d, de \u201cuna contracci\u00f3n de 10 por ciento o m\u00e1s de la econom\u00eda mundial, algo que no sucedi\u00f3\u201d. \u201cUna contracci\u00f3n de 3.1 por ciento en t\u00e9rminos relativos es una demostraci\u00f3n de esa resiliencia\u201d, explic\u00f3 la directora del Fondo.<\/p>\n\n\n\n<p>En su \u00faltimo informe de<strong>\u00a0Perspectivas Econ\u00f3micas Mundiales<\/strong>(WEO, por sus siglas en ingl\u00e9s) publicado en\u00a0octubre, el FMI rebaj\u00f3 en una d\u00e9cima su previsi\u00f3n de crecimiento econ\u00f3mico mundial para 2024, hasta 2.9 por ciento, y mantuvo su pron\u00f3stico en 3 por ciento para este a\u00f1o.<\/p>\n\n\n\n<p>Georgieva se\u00f1al\u00f3 que hoy en d\u00eda hay varias cosas que le preocupan al Fondo, la primera, el crecimiento a medio plazo: \u201cnos mantenemos alrededor de este 3 por ciento a\u00f1o tras a\u00f1o\u201d, pronostic\u00f3.<\/p>\n\n\n\n<p>\u201cEsto es malo porque cuando miras hacia atr\u00e1s antes de la pandemia, era un promedio de 3.8 por ciento. Por lo tanto, perder casi un punto porcentual es bastante dram\u00e1tico con el tiempo\u201d, explic\u00f3.<\/p>\n\n\n\n<p>Al FMI tambi\u00e9n le preocupa la \u201c<strong>divergencia<\/strong>\u00a0muy peligrosa\u201d que se est\u00e1 produciendo en la\u00a0<strong>econom\u00eda<\/strong>\u00a0<strong>mundial<\/strong>\u00a0con \u201cpa\u00edses a los que les est\u00e1 yendo bien\u201d y otros a los que no tan bien. \u201cA medida que se acumula esta divergencia, lo que deber\u00edamos temer no son solo los problemas econ\u00f3micos, sino tambi\u00e9n los problemas de seguridad\u201d, dijo Georgieva.<\/p>\n\n\n\n<p>Por tanto, agreg\u00f3, en un mundo con \u201cshocks m\u00e1s frecuentes\u201d, la \u00fanica manera de \u201cdesarrollar la resiliencia es trabajar m\u00e1s juntos\u201d, afirm\u00f3.<\/p>\n\n\n\n<p>Con informaci\u00f3n de EFE<\/p>\n","protected":false},"excerpt":{"rendered":"<p>Por Redacci\u00f3n QP El FMI cree que la econom\u00eda mundial el pr\u00f3ximo a\u00f1o tendr\u00e1 mejores&#8230;<\/p>\n","protected":false},"author":2,"featured_media":106895,"comment_status":"open","ping_status":"open","sticky":false,"template":"","format":"standard","meta":{"_monsterinsights_skip_tracking":false,"_monsterinsights_sitenote_active":false,"_monsterinsights_sitenote_note":"","_monsterinsights_sitenote_category":0,"footnotes":""},"categories":[56],"tags":[],"class_list":["post-106894","post","type-post","status-publish","format-standard","has-post-thumbnail","hentry","category-economia"],"yoast_head":"<!-- This site is optimized with the Yoast SEO plugin v27.3 - https:\/\/yoast.com\/product\/yoast-seo-wordpress\/ -->\n<title>FMI espera que la econom\u00eda global crezca m\u00e1s de lo que se espera en 2024 -<\/title>\n<meta name=\"robots\" content=\"index, follow, max-snippet:-1, max-image-preview:large, max-video-preview:-1\" \/>\n<link rel=\"canonical\" href=\"https:\/\/quehacerpolitico.mx\/?p=106894\" \/>\n<meta property=\"og:locale\" content=\"es_MX\" \/>\n<meta property=\"og:type\" content=\"article\" \/>\n<meta property=\"og:title\" content=\"FMI espera que la econom\u00eda global crezca m\u00e1s de lo que se espera en 2024 -\" \/>\n<meta property=\"og:description\" content=\"Por Redacci\u00f3n QP El FMI cree que la econom\u00eda mundial el pr\u00f3ximo a\u00f1o tendr\u00e1 mejores...\" \/>\n<meta property=\"og:url\" content=\"https:\/\/quehacerpolitico.mx\/?p=106894\" \/>\n<meta property=\"article:published_time\" content=\"2023-12-06T19:53:01+00:00\" \/>\n<meta property=\"article:modified_time\" content=\"2023-12-06T19:53:05+00:00\" \/>\n<meta property=\"og:image\" content=\"https:\/\/quehacerpolitico.mx\/wp-content\/uploads\/2023\/12\/IMG_2460.jpeg\" \/>\n\t<meta property=\"og:image:width\" content=\"678\" \/>\n\t<meta property=\"og:image:height\" content=\"452\" \/>\n\t<meta property=\"og:image:type\" content=\"image\/jpeg\" \/>\n<meta name=\"author\" content=\"Redacci\u00f3n QP\" \/>\n<meta name=\"twitter:card\" content=\"summary_large_image\" \/>\n<meta name=\"twitter:label1\" content=\"Escrito por\" \/>\n\t<meta name=\"twitter:data1\" content=\"Redacci\u00f3n QP\" \/>\n\t<meta name=\"twitter:label2\" content=\"Tiempo de lectura\" \/>\n\t<meta name=\"twitter:data2\" content=\"2 minutos\" \/>\n<script type=\"application\/ld+json\" class=\"yoast-schema-graph\">{\"@context\":\"https:\\\/\\\/schema.org\",\"@graph\":[{\"@type\":\"Article\",\"@id\":\"https:\\\/\\\/quehacerpolitico.mx\\\/?p=106894#article\",\"isPartOf\":{\"@id\":\"https:\\\/\\\/quehacerpolitico.mx\\\/?p=106894\"},\"author\":{\"name\":\"Redacci\u00f3n QP\",\"@id\":\"https:\\\/\\\/quehacerpolitico.mx\\\/#\\\/schema\\\/person\\\/496d8ad2d1d3f8036101dca7ee39e585\"},\"headline\":\"FMI espera que la econom\u00eda global crezca m\u00e1s de lo que se espera en 2024\",\"datePublished\":\"2023-12-06T19:53:01+00:00\",\"dateModified\":\"2023-12-06T19:53:05+00:00\",\"mainEntityOfPage\":{\"@id\":\"https:\\\/\\\/quehacerpolitico.mx\\\/?p=106894\"},\"wordCount\":454,\"commentCount\":0,\"image\":{\"@id\":\"https:\\\/\\\/quehacerpolitico.mx\\\/?p=106894#primaryimage\"},\"thumbnailUrl\":\"https:\\\/\\\/quehacerpolitico.mx\\\/wp-content\\\/uploads\\\/2023\\\/12\\\/IMG_2460.jpeg\",\"articleSection\":[\"Econom\u00eda\"],\"inLanguage\":\"es\",\"potentialAction\":[{\"@type\":\"CommentAction\",\"name\":\"Comment\",\"target\":[\"https:\\\/\\\/quehacerpolitico.mx\\\/?p=106894#respond\"]}]},{\"@type\":\"WebPage\",\"@id\":\"https:\\\/\\\/quehacerpolitico.mx\\\/?p=106894\",\"url\":\"https:\\\/\\\/quehacerpolitico.mx\\\/?p=106894\",\"name\":\"FMI espera que la econom\u00eda global crezca m\u00e1s de lo que se espera en 2024 -\",\"isPartOf\":{\"@id\":\"https:\\\/\\\/quehacerpolitico.mx\\\/#website\"},\"primaryImageOfPage\":{\"@id\":\"https:\\\/\\\/quehacerpolitico.mx\\\/?p=106894#primaryimage\"},\"image\":{\"@id\":\"https:\\\/\\\/quehacerpolitico.mx\\\/?p=106894#primaryimage\"},\"thumbnailUrl\":\"https:\\\/\\\/quehacerpolitico.mx\\\/wp-content\\\/uploads\\\/2023\\\/12\\\/IMG_2460.jpeg\",\"datePublished\":\"2023-12-06T19:53:01+00:00\",\"dateModified\":\"2023-12-06T19:53:05+00:00\",\"author\":{\"@id\":\"https:\\\/\\\/quehacerpolitico.mx\\\/#\\\/schema\\\/person\\\/496d8ad2d1d3f8036101dca7ee39e585\"},\"breadcrumb\":{\"@id\":\"https:\\\/\\\/quehacerpolitico.mx\\\/?p=106894#breadcrumb\"},\"inLanguage\":\"es\",\"potentialAction\":[{\"@type\":\"ReadAction\",\"target\":[\"https:\\\/\\\/quehacerpolitico.mx\\\/?p=106894\"]}]},{\"@type\":\"ImageObject\",\"inLanguage\":\"es\",\"@id\":\"https:\\\/\\\/quehacerpolitico.mx\\\/?p=106894#primaryimage\",\"url\":\"https:\\\/\\\/quehacerpolitico.mx\\\/wp-content\\\/uploads\\\/2023\\\/12\\\/IMG_2460.jpeg\",\"contentUrl\":\"https:\\\/\\\/quehacerpolitico.mx\\\/wp-content\\\/uploads\\\/2023\\\/12\\\/IMG_2460.jpeg\",\"width\":678,\"height\":452},{\"@type\":\"BreadcrumbList\",\"@id\":\"https:\\\/\\\/quehacerpolitico.mx\\\/?p=106894#breadcrumb\",\"itemListElement\":[{\"@type\":\"ListItem\",\"position\":1,\"name\":\"Inicio\",\"item\":\"https:\\\/\\\/quehacerpolitico.mx\\\/\"},{\"@type\":\"ListItem\",\"position\":2,\"name\":\"FMI espera que la econom\u00eda global crezca m\u00e1s de lo que se espera en 2024\"}]},{\"@type\":\"WebSite\",\"@id\":\"https:\\\/\\\/quehacerpolitico.mx\\\/#website\",\"url\":\"https:\\\/\\\/quehacerpolitico.mx\\\/\",\"name\":\"\",\"description\":\"\",\"potentialAction\":[{\"@type\":\"SearchAction\",\"target\":{\"@type\":\"EntryPoint\",\"urlTemplate\":\"https:\\\/\\\/quehacerpolitico.mx\\\/?s={search_term_string}\"},\"query-input\":{\"@type\":\"PropertyValueSpecification\",\"valueRequired\":true,\"valueName\":\"search_term_string\"}}],\"inLanguage\":\"es\"},{\"@type\":\"Person\",\"@id\":\"https:\\\/\\\/quehacerpolitico.mx\\\/#\\\/schema\\\/person\\\/496d8ad2d1d3f8036101dca7ee39e585\",\"name\":\"Redacci\u00f3n QP\",\"image\":{\"@type\":\"ImageObject\",\"inLanguage\":\"es\",\"@id\":\"https:\\\/\\\/secure.gravatar.com\\\/avatar\\\/c7164ed6fdec453195284ad24a5ae5b6e1eed2b848477fa2a4787ba9adf39a41?s=96&d=mm&r=g\",\"url\":\"https:\\\/\\\/secure.gravatar.com\\\/avatar\\\/c7164ed6fdec453195284ad24a5ae5b6e1eed2b848477fa2a4787ba9adf39a41?s=96&d=mm&r=g\",\"contentUrl\":\"https:\\\/\\\/secure.gravatar.com\\\/avatar\\\/c7164ed6fdec453195284ad24a5ae5b6e1eed2b848477fa2a4787ba9adf39a41?s=96&d=mm&r=g\",\"caption\":\"Redacci\u00f3n QP\"},\"url\":\"https:\\\/\\\/quehacerpolitico.mx\\\/?author=2\"}]}<\/script>\n<!-- \/ Yoast SEO plugin. -->","yoast_head_json":{"title":"FMI espera que la econom\u00eda global crezca m\u00e1s de lo que se espera en 2024 -","robots":{"index":"index","follow":"follow","max-snippet":"max-snippet:-1","max-image-preview":"max-image-preview:large","max-video-preview":"max-video-preview:-1"},"canonical":"https:\/\/quehacerpolitico.mx\/?p=106894","og_locale":"es_MX","og_type":"article","og_title":"FMI espera que la econom\u00eda global crezca m\u00e1s de lo que se espera en 2024 -","og_description":"Por Redacci\u00f3n QP El FMI cree que la econom\u00eda mundial el pr\u00f3ximo a\u00f1o tendr\u00e1 mejores...","og_url":"https:\/\/quehacerpolitico.mx\/?p=106894","article_published_time":"2023-12-06T19:53:01+00:00","article_modified_time":"2023-12-06T19:53:05+00:00","og_image":[{"width":678,"height":452,"url":"https:\/\/quehacerpolitico.mx\/wp-content\/uploads\/2023\/12\/IMG_2460.jpeg","type":"image\/jpeg"}],"author":"Redacci\u00f3n QP","twitter_card":"summary_large_image","twitter_misc":{"Escrito por":"Redacci\u00f3n QP","Tiempo de lectura":"2 minutos"},"schema":{"@context":"https:\/\/schema.org","@graph":[{"@type":"Article","@id":"https:\/\/quehacerpolitico.mx\/?p=106894#article","isPartOf":{"@id":"https:\/\/quehacerpolitico.mx\/?p=106894"},"author":{"name":"Redacci\u00f3n QP","@id":"https:\/\/quehacerpolitico.mx\/#\/schema\/person\/496d8ad2d1d3f8036101dca7ee39e585"},"headline":"FMI espera que la econom\u00eda global crezca m\u00e1s de lo que se espera en 2024","datePublished":"2023-12-06T19:53:01+00:00","dateModified":"2023-12-06T19:53:05+00:00","mainEntityOfPage":{"@id":"https:\/\/quehacerpolitico.mx\/?p=106894"},"wordCount":454,"commentCount":0,"image":{"@id":"https:\/\/quehacerpolitico.mx\/?p=106894#primaryimage"},"thumbnailUrl":"https:\/\/quehacerpolitico.mx\/wp-content\/uploads\/2023\/12\/IMG_2460.jpeg","articleSection":["Econom\u00eda"],"inLanguage":"es","potentialAction":[{"@type":"CommentAction","name":"Comment","target":["https:\/\/quehacerpolitico.mx\/?p=106894#respond"]}]},{"@type":"WebPage","@id":"https:\/\/quehacerpolitico.mx\/?p=106894","url":"https:\/\/quehacerpolitico.mx\/?p=106894","name":"FMI espera que la econom\u00eda global crezca m\u00e1s de lo que se espera en 2024 -","isPartOf":{"@id":"https:\/\/quehacerpolitico.mx\/#website"},"primaryImageOfPage":{"@id":"https:\/\/quehacerpolitico.mx\/?p=106894#primaryimage"},"image":{"@id":"https:\/\/quehacerpolitico.mx\/?p=106894#primaryimage"},"thumbnailUrl":"https:\/\/quehacerpolitico.mx\/wp-content\/uploads\/2023\/12\/IMG_2460.jpeg","datePublished":"2023-12-06T19:53:01+00:00","dateModified":"2023-12-06T19:53:05+00:00","author":{"@id":"https:\/\/quehacerpolitico.mx\/#\/schema\/person\/496d8ad2d1d3f8036101dca7ee39e585"},"breadcrumb":{"@id":"https:\/\/quehacerpolitico.mx\/?p=106894#breadcrumb"},"inLanguage":"es","potentialAction":[{"@type":"ReadAction","target":["https:\/\/quehacerpolitico.mx\/?p=106894"]}]},{"@type":"ImageObject","inLanguage":"es","@id":"https:\/\/quehacerpolitico.mx\/?p=106894#primaryimage","url":"https:\/\/quehacerpolitico.mx\/wp-content\/uploads\/2023\/12\/IMG_2460.jpeg","contentUrl":"https:\/\/quehacerpolitico.mx\/wp-content\/uploads\/2023\/12\/IMG_2460.jpeg","width":678,"height":452},{"@type":"BreadcrumbList","@id":"https:\/\/quehacerpolitico.mx\/?p=106894#breadcrumb","itemListElement":[{"@type":"ListItem","position":1,"name":"Inicio","item":"https:\/\/quehacerpolitico.mx\/"},{"@type":"ListItem","position":2,"name":"FMI espera que la econom\u00eda global crezca m\u00e1s de lo que se espera en 2024"}]},{"@type":"WebSite","@id":"https:\/\/quehacerpolitico.mx\/#website","url":"https:\/\/quehacerpolitico.mx\/","name":"","description":"","potentialAction":[{"@type":"SearchAction","target":{"@type":"EntryPoint","urlTemplate":"https:\/\/quehacerpolitico.mx\/?s={search_term_string}"},"query-input":{"@type":"PropertyValueSpecification","valueRequired":true,"valueName":"search_term_string"}}],"inLanguage":"es"},{"@type":"Person","@id":"https:\/\/quehacerpolitico.mx\/#\/schema\/person\/496d8ad2d1d3f8036101dca7ee39e585","name":"Redacci\u00f3n QP","image":{"@type":"ImageObject","inLanguage":"es","@id":"https:\/\/secure.gravatar.com\/avatar\/c7164ed6fdec453195284ad24a5ae5b6e1eed2b848477fa2a4787ba9adf39a41?s=96&d=mm&r=g","url":"https:\/\/secure.gravatar.com\/avatar\/c7164ed6fdec453195284ad24a5ae5b6e1eed2b848477fa2a4787ba9adf39a41?s=96&d=mm&r=g","contentUrl":"https:\/\/secure.gravatar.com\/avatar\/c7164ed6fdec453195284ad24a5ae5b6e1eed2b848477fa2a4787ba9adf39a41?s=96&d=mm&r=g","caption":"Redacci\u00f3n QP"},"url":"https:\/\/quehacerpolitico.mx\/?author=2"}]}},"featured_image_urls":{"full":["https:\/\/quehacerpolitico.mx\/wp-content\/uploads\/2023\/12\/IMG_2460.jpeg",678,452,false],"thumbnail":["https:\/\/quehacerpolitico.mx\/wp-content\/uploads\/2023\/12\/IMG_2460-150x150.jpeg",150,150,true],"medium":["https:\/\/quehacerpolitico.mx\/wp-content\/uploads\/2023\/12\/IMG_2460-300x200.jpeg",300,200,true],"medium_large":["https:\/\/quehacerpolitico.mx\/wp-content\/uploads\/2023\/12\/IMG_2460.jpeg",640,427,false],"large":["https:\/\/quehacerpolitico.mx\/wp-content\/uploads\/2023\/12\/IMG_2460.jpeg",640,427,false],"1536x1536":["https:\/\/quehacerpolitico.mx\/wp-content\/uploads\/2023\/12\/IMG_2460.jpeg",678,452,false],"2048x2048":["https:\/\/quehacerpolitico.mx\/wp-content\/uploads\/2023\/12\/IMG_2460.jpeg",678,452,false],"covernews-featured":["https:\/\/quehacerpolitico.mx\/wp-content\/uploads\/2023\/12\/IMG_2460.jpeg",678,452,false],"covernews-medium":["https:\/\/quehacerpolitico.mx\/wp-content\/uploads\/2023\/12\/IMG_2460.jpeg",510,340,false]},"author_info":{"display_name":"Redacci\u00f3n QP","author_link":"https:\/\/quehacerpolitico.mx\/?author=2"},"category_info":"<a href=\"https:\/\/quehacerpolitico.mx\/?cat=56\" rel=\"category\">Econom\u00eda<\/a>","tag_info":"Econom\u00eda","comment_count":"0","_links":{"self":[{"href":"https:\/\/quehacerpolitico.mx\/index.php?rest_route=\/wp\/v2\/posts\/106894","targetHints":{"allow":["GET"]}}],"collection":[{"href":"https:\/\/quehacerpolitico.mx\/index.php?rest_route=\/wp\/v2\/posts"}],"about":[{"href":"https:\/\/quehacerpolitico.mx\/index.php?rest_route=\/wp\/v2\/types\/post"}],"author":[{"embeddable":true,"href":"https:\/\/quehacerpolitico.mx\/index.php?rest_route=\/wp\/v2\/users\/2"}],"replies":[{"embeddable":true,"href":"https:\/\/quehacerpolitico.mx\/index.php?rest_route=%2Fwp%2Fv2%2Fcomments&post=106894"}],"version-history":[{"count":1,"href":"https:\/\/quehacerpolitico.mx\/index.php?rest_route=\/wp\/v2\/posts\/106894\/revisions"}],"predecessor-version":[{"id":106896,"href":"https:\/\/quehacerpolitico.mx\/index.php?rest_route=\/wp\/v2\/posts\/106894\/revisions\/106896"}],"wp:featuredmedia":[{"embeddable":true,"href":"https:\/\/quehacerpolitico.mx\/index.php?rest_route=\/wp\/v2\/media\/106895"}],"wp:attachment":[{"href":"https:\/\/quehacerpolitico.mx\/index.php?rest_route=%2Fwp%2Fv2%2Fmedia&parent=106894"}],"wp:term":[{"taxonomy":"category","embeddable":true,"href":"https:\/\/quehacerpolitico.mx\/index.php?rest_route=%2Fwp%2Fv2%2Fcategories&post=106894"},{"taxonomy":"post_tag","embeddable":true,"href":"https:\/\/quehacerpolitico.mx\/index.php?rest_route=%2Fwp%2Fv2%2Ftags&post=106894"}],"curies":[{"name":"wp","href":"https:\/\/api.w.org\/{rel}","templated":true}]}}