{"id":106882,"date":"2023-12-06T14:39:29","date_gmt":"2023-12-06T14:39:29","guid":{"rendered":"https:\/\/quehacerpolitico.mx\/?p=106882"},"modified":"2023-12-06T14:39:33","modified_gmt":"2023-12-06T14:39:33","slug":"internacionales-carolina-alonso-romei-trump-asegura-que-no-sera-un-dictador-si-es-reelegido-salvo-el-primer-dia-quiero-cerrar-la-frontera","status":"publish","type":"post","link":"https:\/\/quehacerpolitico.mx\/?p=106882","title":{"rendered":"Internacionales\/\/\/Carolina Alonso Romei\/\/\/Trump asegura que no ser\u00e1 un dictador si es reelegido, salvo el primer d\u00eda: \u201cQuiero cerrar la frontera\u201d"},"content":{"rendered":"\n<p>Por Carolina Alonso Romei<\/p>\n\n\n\n<p>Internacionalista <\/p>\n\n\n\n<p>El expresidente de Estados Unidos<strong>&nbsp;Donald Trump<\/strong>&nbsp;asegur\u00f3 en la noche del martes que no ser\u00e1 un&nbsp;<strong>dictador<\/strong>&nbsp;si alcanza la reelecci\u00f3n en 2024 \u201csalvo por el primer d\u00eda\u201d.<\/p>\n\n\n\n<p>Al ser cuestionado en una entrevista en la cadena\u00a0<em>Fox News<\/em>\u00a0sobre si puede prometer a los estadounidenses que no abusar\u00e1 de su mandato si vuelve a la Casa Blanca, Trump dijo que no ser\u00e1 un dictador, excepto por el\u00a0<strong>\u201cprimer d\u00eda\u201d\u00a0<\/strong>en el poder.<\/p>\n\n\n\n<p>\u201cQuiero cerrar la&nbsp;<strong>frontera<\/strong>&nbsp;y quiero&nbsp;<strong>perforar<\/strong>(para extraer petr\u00f3leo)\u201d, dijo el republicano.<\/p>\n\n\n\n<p>El expresidente de Estados Unidos declin\u00f3 descartar un posible&nbsp;<strong>abuso de poder&nbsp;<\/strong>si regresa a la&nbsp;<strong>Casa Blanca<\/strong>, cuando el presentador de&nbsp;<em>Fox News Channel<\/em>, Sean Hanity, le pidi\u00f3 el que respondiera a las crecientes cr\u00edticas de los&nbsp;<strong>dem\u00f3cratas<\/strong>&nbsp;a sus mensajes.<\/p>\n\n\n\n<p>El favorito de las&nbsp;<strong>primarias republicanas<\/strong>&nbsp;ha hablado sobre perseguir a sus rivales \u2014a los que se refiere como \u201calima\u00f1as\u201d\u2014 y prometido tomar represalias si gana un segundo mandato por unos&nbsp;<strong>procesos<\/strong>&nbsp;<strong>judiciales<\/strong>&nbsp;en su contra que, afima, tienen motivaciones pol\u00edticas.&nbsp;<\/p>\n\n\n\n<p><strong>Trump<\/strong>&nbsp;mantiene su dominio de las&nbsp;<strong>primarias republicanas<\/strong>, y el presidente,&nbsp;<strong>Joe Biden<\/strong>, ha ido incrementando sus propias advertencias, al afirmar que&nbsp;<strong>Trump<\/strong>&nbsp;est\u00e1 \u201cdecidido a destruir la democracia estadounidense\u201d.<\/p>\n\n\n\n<p>En un momento previo de la entrevista, Hannity pregunt\u00f3 a&nbsp;<strong>Trump<\/strong>&nbsp;si ten\u00eda \u201cde cualquier modo\u201d, \u201ccualquier plan en absoluto, si es reelegido presidente, de<strong>&nbsp;abusar del poder<\/strong>, de saltarse la ley para utilizar al gobierno para perseguir a gente\u201d.<\/p>\n\n\n\n<p>\u201c\u00bfQuiere decir como est\u00e1n haciendo ahora?\u201d, respondi\u00f3&nbsp;<strong>Trump<\/strong>.<\/p>\n\n\n\n<p>El mensaje de la\u00a0<strong>campa\u00f1a de Trump<\/strong>\u00a0y sus amplios planes para un segundo mandato, que incluyen despedir a una parte importante de los bur\u00f3cratas federales y perseguir a sus rivales, han alarmado a los dem\u00f3cratas y se han convertido en un tema de campa\u00f1a clave para\u00a0<strong>Biden<\/strong>, que se prepara para una posible reedici\u00f3n del duelo contra Trump.<\/p>\n\n\n\n<p>\u201c<strong>Donald Trump&nbsp;<\/strong>nos ha dicho exactamente lo que har\u00e1 si es&nbsp;<strong>reelegido<\/strong>, y esta noche dijo que ser\u00e1 un&nbsp;<strong>dictador<\/strong>&nbsp;el primer d\u00eda. Los estadounidenses deben creerle\u201d, dijo la directora de campa\u00f1a de&nbsp;<strong>Biden<\/strong>, Julie Ch\u00e1vez Rodr\u00edguez, en un comunicado.<\/p>\n\n\n\n<p>En una serie de actos de campa\u00f1a el martes,&nbsp;<strong>Biden<\/strong>&nbsp;volvi\u00f3 a advertir que&nbsp;<strong>Trump<\/strong>&nbsp;y sus aliados pretenden \u201cdestruir\u201d las instituciones democr\u00e1ticas y arremeti\u00f3 contra el favorito&nbsp;<strong>republicano<\/strong>, que intent\u00f3 revocar los resultados de las elecciones de 2020 y enfrenta cargos penales por ello<a href=\"https:\/\/www.usa.gov\/es\/\">.<\/a><\/p>\n\n\n\n<p><em>Con informaci\u00f3n de EFE y AP<\/em><\/p>\n","protected":false},"excerpt":{"rendered":"<p>Por Carolina Alonso Romei Internacionalista El expresidente de Estados Unidos&nbsp;Donald Trump&nbsp;asegur\u00f3 en la noche del&#8230;<\/p>\n","protected":false},"author":2,"featured_media":106883,"comment_status":"open","ping_status":"open","sticky":false,"template":"","format":"standard","meta":{"_monsterinsights_skip_tracking":false,"_monsterinsights_sitenote_active":false,"_monsterinsights_sitenote_note":"","_monsterinsights_sitenote_category":0,"footnotes":""},"categories":[1],"tags":[],"class_list":["post-106882","post","type-post","status-publish","format-standard","has-post-thumbnail","hentry","category-sin-categoria"],"yoast_head":"<!-- This site is optimized with the Yoast SEO plugin v27.3 - https:\/\/yoast.com\/product\/yoast-seo-wordpress\/ -->\n<title>Internacionales\/\/\/Carolina Alonso Romei\/\/\/Trump asegura que no ser\u00e1 un dictador si es reelegido, salvo el primer d\u00eda: \u201cQuiero cerrar la frontera\u201d -<\/title>\n<meta name=\"robots\" content=\"index, follow, max-snippet:-1, max-image-preview:large, max-video-preview:-1\" \/>\n<link rel=\"canonical\" href=\"https:\/\/quehacerpolitico.mx\/?p=106882\" \/>\n<meta property=\"og:locale\" content=\"es_MX\" \/>\n<meta property=\"og:type\" content=\"article\" \/>\n<meta property=\"og:title\" content=\"Internacionales\/\/\/Carolina Alonso Romei\/\/\/Trump asegura que no ser\u00e1 un dictador si es reelegido, salvo el primer d\u00eda: \u201cQuiero cerrar la frontera\u201d -\" \/>\n<meta property=\"og:description\" content=\"Por Carolina Alonso Romei Internacionalista El expresidente de Estados Unidos&nbsp;Donald Trump&nbsp;asegur\u00f3 en la noche del...\" \/>\n<meta property=\"og:url\" content=\"https:\/\/quehacerpolitico.mx\/?p=106882\" \/>\n<meta property=\"article:published_time\" content=\"2023-12-06T14:39:29+00:00\" \/>\n<meta property=\"article:modified_time\" content=\"2023-12-06T14:39:33+00:00\" \/>\n<meta property=\"og:image\" content=\"https:\/\/quehacerpolitico.mx\/wp-content\/uploads\/2023\/12\/IMG_2453.jpeg\" \/>\n\t<meta property=\"og:image:width\" content=\"640\" \/>\n\t<meta property=\"og:image:height\" content=\"360\" \/>\n\t<meta property=\"og:image:type\" content=\"image\/jpeg\" \/>\n<meta name=\"author\" content=\"Redacci\u00f3n QP\" \/>\n<meta name=\"twitter:card\" content=\"summary_large_image\" \/>\n<meta name=\"twitter:label1\" content=\"Escrito por\" \/>\n\t<meta name=\"twitter:data1\" content=\"Redacci\u00f3n QP\" \/>\n\t<meta name=\"twitter:label2\" content=\"Tiempo de lectura\" \/>\n\t<meta name=\"twitter:data2\" content=\"2 minutos\" \/>\n<script type=\"application\/ld+json\" class=\"yoast-schema-graph\">{\"@context\":\"https:\\\/\\\/schema.org\",\"@graph\":[{\"@type\":\"Article\",\"@id\":\"https:\\\/\\\/quehacerpolitico.mx\\\/?p=106882#article\",\"isPartOf\":{\"@id\":\"https:\\\/\\\/quehacerpolitico.mx\\\/?p=106882\"},\"author\":{\"name\":\"Redacci\u00f3n QP\",\"@id\":\"https:\\\/\\\/quehacerpolitico.mx\\\/#\\\/schema\\\/person\\\/496d8ad2d1d3f8036101dca7ee39e585\"},\"headline\":\"Internacionales\\\/\\\/\\\/Carolina Alonso Romei\\\/\\\/\\\/Trump asegura que no ser\u00e1 un dictador si es reelegido, salvo el primer d\u00eda: \u201cQuiero cerrar la frontera\u201d\",\"datePublished\":\"2023-12-06T14:39:29+00:00\",\"dateModified\":\"2023-12-06T14:39:33+00:00\",\"mainEntityOfPage\":{\"@id\":\"https:\\\/\\\/quehacerpolitico.mx\\\/?p=106882\"},\"wordCount\":484,\"commentCount\":0,\"image\":{\"@id\":\"https:\\\/\\\/quehacerpolitico.mx\\\/?p=106882#primaryimage\"},\"thumbnailUrl\":\"https:\\\/\\\/quehacerpolitico.mx\\\/wp-content\\\/uploads\\\/2023\\\/12\\\/IMG_2453.jpeg\",\"articleSection\":[\"Internacionales\"],\"inLanguage\":\"es\",\"potentialAction\":[{\"@type\":\"CommentAction\",\"name\":\"Comment\",\"target\":[\"https:\\\/\\\/quehacerpolitico.mx\\\/?p=106882#respond\"]}]},{\"@type\":\"WebPage\",\"@id\":\"https:\\\/\\\/quehacerpolitico.mx\\\/?p=106882\",\"url\":\"https:\\\/\\\/quehacerpolitico.mx\\\/?p=106882\",\"name\":\"Internacionales\\\/\\\/\\\/Carolina Alonso Romei\\\/\\\/\\\/Trump asegura que no ser\u00e1 un dictador si es reelegido, salvo el primer d\u00eda: \u201cQuiero cerrar la frontera\u201d -\",\"isPartOf\":{\"@id\":\"https:\\\/\\\/quehacerpolitico.mx\\\/#website\"},\"primaryImageOfPage\":{\"@id\":\"https:\\\/\\\/quehacerpolitico.mx\\\/?p=106882#primaryimage\"},\"image\":{\"@id\":\"https:\\\/\\\/quehacerpolitico.mx\\\/?p=106882#primaryimage\"},\"thumbnailUrl\":\"https:\\\/\\\/quehacerpolitico.mx\\\/wp-content\\\/uploads\\\/2023\\\/12\\\/IMG_2453.jpeg\",\"datePublished\":\"2023-12-06T14:39:29+00:00\",\"dateModified\":\"2023-12-06T14:39:33+00:00\",\"author\":{\"@id\":\"https:\\\/\\\/quehacerpolitico.mx\\\/#\\\/schema\\\/person\\\/496d8ad2d1d3f8036101dca7ee39e585\"},\"breadcrumb\":{\"@id\":\"https:\\\/\\\/quehacerpolitico.mx\\\/?p=106882#breadcrumb\"},\"inLanguage\":\"es\",\"potentialAction\":[{\"@type\":\"ReadAction\",\"target\":[\"https:\\\/\\\/quehacerpolitico.mx\\\/?p=106882\"]}]},{\"@type\":\"ImageObject\",\"inLanguage\":\"es\",\"@id\":\"https:\\\/\\\/quehacerpolitico.mx\\\/?p=106882#primaryimage\",\"url\":\"https:\\\/\\\/quehacerpolitico.mx\\\/wp-content\\\/uploads\\\/2023\\\/12\\\/IMG_2453.jpeg\",\"contentUrl\":\"https:\\\/\\\/quehacerpolitico.mx\\\/wp-content\\\/uploads\\\/2023\\\/12\\\/IMG_2453.jpeg\",\"width\":640,\"height\":360},{\"@type\":\"BreadcrumbList\",\"@id\":\"https:\\\/\\\/quehacerpolitico.mx\\\/?p=106882#breadcrumb\",\"itemListElement\":[{\"@type\":\"ListItem\",\"position\":1,\"name\":\"Inicio\",\"item\":\"https:\\\/\\\/quehacerpolitico.mx\\\/\"},{\"@type\":\"ListItem\",\"position\":2,\"name\":\"Internacionales\\\/\\\/\\\/Carolina Alonso Romei\\\/\\\/\\\/Trump asegura que no ser\u00e1 un dictador si es reelegido, salvo el primer d\u00eda: \u201cQuiero cerrar la frontera\u201d\"}]},{\"@type\":\"WebSite\",\"@id\":\"https:\\\/\\\/quehacerpolitico.mx\\\/#website\",\"url\":\"https:\\\/\\\/quehacerpolitico.mx\\\/\",\"name\":\"\",\"description\":\"\",\"potentialAction\":[{\"@type\":\"SearchAction\",\"target\":{\"@type\":\"EntryPoint\",\"urlTemplate\":\"https:\\\/\\\/quehacerpolitico.mx\\\/?s={search_term_string}\"},\"query-input\":{\"@type\":\"PropertyValueSpecification\",\"valueRequired\":true,\"valueName\":\"search_term_string\"}}],\"inLanguage\":\"es\"},{\"@type\":\"Person\",\"@id\":\"https:\\\/\\\/quehacerpolitico.mx\\\/#\\\/schema\\\/person\\\/496d8ad2d1d3f8036101dca7ee39e585\",\"name\":\"Redacci\u00f3n QP\",\"image\":{\"@type\":\"ImageObject\",\"inLanguage\":\"es\",\"@id\":\"https:\\\/\\\/secure.gravatar.com\\\/avatar\\\/c7164ed6fdec453195284ad24a5ae5b6e1eed2b848477fa2a4787ba9adf39a41?s=96&d=mm&r=g\",\"url\":\"https:\\\/\\\/secure.gravatar.com\\\/avatar\\\/c7164ed6fdec453195284ad24a5ae5b6e1eed2b848477fa2a4787ba9adf39a41?s=96&d=mm&r=g\",\"contentUrl\":\"https:\\\/\\\/secure.gravatar.com\\\/avatar\\\/c7164ed6fdec453195284ad24a5ae5b6e1eed2b848477fa2a4787ba9adf39a41?s=96&d=mm&r=g\",\"caption\":\"Redacci\u00f3n QP\"},\"url\":\"https:\\\/\\\/quehacerpolitico.mx\\\/?author=2\"}]}<\/script>\n<!-- \/ Yoast SEO plugin. -->","yoast_head_json":{"title":"Internacionales\/\/\/Carolina Alonso Romei\/\/\/Trump asegura que no ser\u00e1 un dictador si es reelegido, salvo el primer d\u00eda: \u201cQuiero cerrar la frontera\u201d -","robots":{"index":"index","follow":"follow","max-snippet":"max-snippet:-1","max-image-preview":"max-image-preview:large","max-video-preview":"max-video-preview:-1"},"canonical":"https:\/\/quehacerpolitico.mx\/?p=106882","og_locale":"es_MX","og_type":"article","og_title":"Internacionales\/\/\/Carolina Alonso Romei\/\/\/Trump asegura que no ser\u00e1 un dictador si es reelegido, salvo el primer d\u00eda: \u201cQuiero cerrar la frontera\u201d -","og_description":"Por Carolina Alonso Romei Internacionalista El expresidente de Estados Unidos&nbsp;Donald Trump&nbsp;asegur\u00f3 en la noche del...","og_url":"https:\/\/quehacerpolitico.mx\/?p=106882","article_published_time":"2023-12-06T14:39:29+00:00","article_modified_time":"2023-12-06T14:39:33+00:00","og_image":[{"width":640,"height":360,"url":"https:\/\/quehacerpolitico.mx\/wp-content\/uploads\/2023\/12\/IMG_2453.jpeg","type":"image\/jpeg"}],"author":"Redacci\u00f3n QP","twitter_card":"summary_large_image","twitter_misc":{"Escrito por":"Redacci\u00f3n QP","Tiempo de lectura":"2 minutos"},"schema":{"@context":"https:\/\/schema.org","@graph":[{"@type":"Article","@id":"https:\/\/quehacerpolitico.mx\/?p=106882#article","isPartOf":{"@id":"https:\/\/quehacerpolitico.mx\/?p=106882"},"author":{"name":"Redacci\u00f3n QP","@id":"https:\/\/quehacerpolitico.mx\/#\/schema\/person\/496d8ad2d1d3f8036101dca7ee39e585"},"headline":"Internacionales\/\/\/Carolina Alonso Romei\/\/\/Trump asegura que no ser\u00e1 un dictador si es reelegido, salvo el primer d\u00eda: \u201cQuiero cerrar la frontera\u201d","datePublished":"2023-12-06T14:39:29+00:00","dateModified":"2023-12-06T14:39:33+00:00","mainEntityOfPage":{"@id":"https:\/\/quehacerpolitico.mx\/?p=106882"},"wordCount":484,"commentCount":0,"image":{"@id":"https:\/\/quehacerpolitico.mx\/?p=106882#primaryimage"},"thumbnailUrl":"https:\/\/quehacerpolitico.mx\/wp-content\/uploads\/2023\/12\/IMG_2453.jpeg","articleSection":["Internacionales"],"inLanguage":"es","potentialAction":[{"@type":"CommentAction","name":"Comment","target":["https:\/\/quehacerpolitico.mx\/?p=106882#respond"]}]},{"@type":"WebPage","@id":"https:\/\/quehacerpolitico.mx\/?p=106882","url":"https:\/\/quehacerpolitico.mx\/?p=106882","name":"Internacionales\/\/\/Carolina Alonso Romei\/\/\/Trump asegura que no ser\u00e1 un dictador si es reelegido, salvo el primer d\u00eda: \u201cQuiero cerrar la frontera\u201d -","isPartOf":{"@id":"https:\/\/quehacerpolitico.mx\/#website"},"primaryImageOfPage":{"@id":"https:\/\/quehacerpolitico.mx\/?p=106882#primaryimage"},"image":{"@id":"https:\/\/quehacerpolitico.mx\/?p=106882#primaryimage"},"thumbnailUrl":"https:\/\/quehacerpolitico.mx\/wp-content\/uploads\/2023\/12\/IMG_2453.jpeg","datePublished":"2023-12-06T14:39:29+00:00","dateModified":"2023-12-06T14:39:33+00:00","author":{"@id":"https:\/\/quehacerpolitico.mx\/#\/schema\/person\/496d8ad2d1d3f8036101dca7ee39e585"},"breadcrumb":{"@id":"https:\/\/quehacerpolitico.mx\/?p=106882#breadcrumb"},"inLanguage":"es","potentialAction":[{"@type":"ReadAction","target":["https:\/\/quehacerpolitico.mx\/?p=106882"]}]},{"@type":"ImageObject","inLanguage":"es","@id":"https:\/\/quehacerpolitico.mx\/?p=106882#primaryimage","url":"https:\/\/quehacerpolitico.mx\/wp-content\/uploads\/2023\/12\/IMG_2453.jpeg","contentUrl":"https:\/\/quehacerpolitico.mx\/wp-content\/uploads\/2023\/12\/IMG_2453.jpeg","width":640,"height":360},{"@type":"BreadcrumbList","@id":"https:\/\/quehacerpolitico.mx\/?p=106882#breadcrumb","itemListElement":[{"@type":"ListItem","position":1,"name":"Inicio","item":"https:\/\/quehacerpolitico.mx\/"},{"@type":"ListItem","position":2,"name":"Internacionales\/\/\/Carolina Alonso Romei\/\/\/Trump asegura que no ser\u00e1 un dictador si es reelegido, salvo el primer d\u00eda: \u201cQuiero cerrar la frontera\u201d"}]},{"@type":"WebSite","@id":"https:\/\/quehacerpolitico.mx\/#website","url":"https:\/\/quehacerpolitico.mx\/","name":"","description":"","potentialAction":[{"@type":"SearchAction","target":{"@type":"EntryPoint","urlTemplate":"https:\/\/quehacerpolitico.mx\/?s={search_term_string}"},"query-input":{"@type":"PropertyValueSpecification","valueRequired":true,"valueName":"search_term_string"}}],"inLanguage":"es"},{"@type":"Person","@id":"https:\/\/quehacerpolitico.mx\/#\/schema\/person\/496d8ad2d1d3f8036101dca7ee39e585","name":"Redacci\u00f3n QP","image":{"@type":"ImageObject","inLanguage":"es","@id":"https:\/\/secure.gravatar.com\/avatar\/c7164ed6fdec453195284ad24a5ae5b6e1eed2b848477fa2a4787ba9adf39a41?s=96&d=mm&r=g","url":"https:\/\/secure.gravatar.com\/avatar\/c7164ed6fdec453195284ad24a5ae5b6e1eed2b848477fa2a4787ba9adf39a41?s=96&d=mm&r=g","contentUrl":"https:\/\/secure.gravatar.com\/avatar\/c7164ed6fdec453195284ad24a5ae5b6e1eed2b848477fa2a4787ba9adf39a41?s=96&d=mm&r=g","caption":"Redacci\u00f3n QP"},"url":"https:\/\/quehacerpolitico.mx\/?author=2"}]}},"featured_image_urls":{"full":["https:\/\/quehacerpolitico.mx\/wp-content\/uploads\/2023\/12\/IMG_2453.jpeg",640,360,false],"thumbnail":["https:\/\/quehacerpolitico.mx\/wp-content\/uploads\/2023\/12\/IMG_2453-150x150.jpeg",150,150,true],"medium":["https:\/\/quehacerpolitico.mx\/wp-content\/uploads\/2023\/12\/IMG_2453-300x169.jpeg",300,169,true],"medium_large":["https:\/\/quehacerpolitico.mx\/wp-content\/uploads\/2023\/12\/IMG_2453.jpeg",640,360,false],"large":["https:\/\/quehacerpolitico.mx\/wp-content\/uploads\/2023\/12\/IMG_2453.jpeg",640,360,false],"1536x1536":["https:\/\/quehacerpolitico.mx\/wp-content\/uploads\/2023\/12\/IMG_2453.jpeg",640,360,false],"2048x2048":["https:\/\/quehacerpolitico.mx\/wp-content\/uploads\/2023\/12\/IMG_2453.jpeg",640,360,false],"covernews-featured":["https:\/\/quehacerpolitico.mx\/wp-content\/uploads\/2023\/12\/IMG_2453.jpeg",640,360,false],"covernews-medium":["https:\/\/quehacerpolitico.mx\/wp-content\/uploads\/2023\/12\/IMG_2453.jpeg",540,304,false]},"author_info":{"display_name":"Redacci\u00f3n QP","author_link":"https:\/\/quehacerpolitico.mx\/?author=2"},"category_info":"<a href=\"https:\/\/quehacerpolitico.mx\/?cat=1\" rel=\"category\">Internacionales<\/a>","tag_info":"Internacionales","comment_count":"0","_links":{"self":[{"href":"https:\/\/quehacerpolitico.mx\/index.php?rest_route=\/wp\/v2\/posts\/106882","targetHints":{"allow":["GET"]}}],"collection":[{"href":"https:\/\/quehacerpolitico.mx\/index.php?rest_route=\/wp\/v2\/posts"}],"about":[{"href":"https:\/\/quehacerpolitico.mx\/index.php?rest_route=\/wp\/v2\/types\/post"}],"author":[{"embeddable":true,"href":"https:\/\/quehacerpolitico.mx\/index.php?rest_route=\/wp\/v2\/users\/2"}],"replies":[{"embeddable":true,"href":"https:\/\/quehacerpolitico.mx\/index.php?rest_route=%2Fwp%2Fv2%2Fcomments&post=106882"}],"version-history":[{"count":1,"href":"https:\/\/quehacerpolitico.mx\/index.php?rest_route=\/wp\/v2\/posts\/106882\/revisions"}],"predecessor-version":[{"id":106884,"href":"https:\/\/quehacerpolitico.mx\/index.php?rest_route=\/wp\/v2\/posts\/106882\/revisions\/106884"}],"wp:featuredmedia":[{"embeddable":true,"href":"https:\/\/quehacerpolitico.mx\/index.php?rest_route=\/wp\/v2\/media\/106883"}],"wp:attachment":[{"href":"https:\/\/quehacerpolitico.mx\/index.php?rest_route=%2Fwp%2Fv2%2Fmedia&parent=106882"}],"wp:term":[{"taxonomy":"category","embeddable":true,"href":"https:\/\/quehacerpolitico.mx\/index.php?rest_route=%2Fwp%2Fv2%2Fcategories&post=106882"},{"taxonomy":"post_tag","embeddable":true,"href":"https:\/\/quehacerpolitico.mx\/index.php?rest_route=%2Fwp%2Fv2%2Ftags&post=106882"}],"curies":[{"name":"wp","href":"https:\/\/api.w.org\/{rel}","templated":true}]}}