{"id":106879,"date":"2023-12-06T14:27:32","date_gmt":"2023-12-06T14:27:32","guid":{"rendered":"https:\/\/quehacerpolitico.mx\/?p=106879"},"modified":"2023-12-06T14:27:37","modified_gmt":"2023-12-06T14:27:37","slug":"internacionales-carolina-alonso-romei-israel-ataca-la-segunda-ciudad-mas-grande-de-gaza-en-una-nueva-fase-de-la-guerra","status":"publish","type":"post","link":"https:\/\/quehacerpolitico.mx\/?p=106879","title":{"rendered":"Internacionales\/\/\/Carolina Alonso Romei\/\/\/Israel ataca la segunda ciudad m\u00e1s grande de Gaza en una nueva fase de la guerra"},"content":{"rendered":"\n<p>Por Carolina Alonso Romei<\/p>\n\n\n\n<p>Internacionalista <\/p>\n\n\n\n<p>Jan Yunis fue escenario del\u00a0d\u00eda m\u00e1s intenso\u00a0de combates desde que comenz\u00f3 la ofensiva terrestre, hace m\u00e1s de cinco semanas<\/p>\n\n\n\n<p>Israel anunci\u00f3 el martes que sus tropas hab\u00edan entrado en la segunda ciudad m\u00e1s grande de Gaza, y los intensos intensos bombardeos israel\u00edes hicieron que r\u00edos de ambulancias y autos particulares corrieran hacia los hospitales con heridos y muertos palestinos, incluidos ni\u00f1os, en una nueva y sangrienta fase de la guerra.<\/p>\n\n\n\n<p><strong>El ej\u00e9rcito israel\u00ed dijo que sus fuerzas se encontraban &#8220;en el coraz\u00f3n&#8221; de Jan Yunis, que se ha convertido en el primer blanco de la ofensiva terrestre de Israel contra el sur de Gaza<\/strong>,\u00a0cuyo objetivo seg\u00fan dice es la destrucci\u00f3n de Ham\u00e1s. Funcionarios castrenses manifestaron que estaban librando el &#8220;d\u00eda m\u00e1s intenso&#8221; de combates desde que comenz\u00f3 la ofensiva terrestre hace m\u00e1s de cinco semanas, y que tambi\u00e9n hab\u00eda intensos enfrentamientos en el norte de Gaza.<\/p>\n\n\n\n<p>En tanto, el primer ministro israel\u00ed, Benjamin Netanyahu, afirm\u00f3 que el ej\u00e9rcito tendr\u00eda que mantener un control de seguridad indefinido sobre la Franja de Gaza mucho despu\u00e9s de que termine la guerra.<\/p>\n\n\n\n<figure class=\"wp-block-embed is-type-video is-provider-youtube wp-block-embed-youtube wp-embed-aspect-16-9 wp-has-aspect-ratio\"><div class=\"wp-block-embed__wrapper\">\n<iframe loading=\"lazy\" title=\"Israel bombardea Jan Yunis y entra en una nueva fase de la guerra con Ham\u00e1s\" width=\"640\" height=\"360\" src=\"https:\/\/www.youtube.com\/embed\/_MrY8-N0ulI?feature=oembed\" frameborder=\"0\" allow=\"accelerometer; autoplay; clipboard-write; encrypted-media; gyroscope; picture-in-picture; web-share\" referrerpolicy=\"strict-origin-when-cross-origin\" allowfullscreen><\/iframe>\n<\/div><\/figure>\n\n\n\n<p><strong>Seg\u00fan Netanyahu, Gaza deber\u00eda ser desmilitarizada y el \u00fanico organismo capaz de garantizarlo ser\u00eda el ej\u00e9rcito israel\u00ed.<\/strong><\/p>\n\n\n\n<p><strong>&#8220;Ninguna fuerza internacional puede ser responsable de eso&#8221;, dijo en una rueda de prensa.<\/strong>\u00a0&#8220;No estoy dispuesto a cerrar los ojos y aceptar cualquier otro tipo de acuerdo&#8221;.<\/p>\n\n\n\n<p>El ataque en el sur est\u00e1 desatando una nueva ola de desplazados palestinos casi dos meses despu\u00e9s del inicio de la guerra, y&nbsp;<strong>los grupos de socorro han advertido que no pueden seguir operando porque los suministros son insuficientes y los combates impiden su distribuci\u00f3n.<\/strong>&nbsp;La ONU dijo que&nbsp;<strong>1.87 millones de personas \u2014m\u00e1s del 80% de la poblaci\u00f3n de Gaza\u2014 han sido expulsadas de sus hogares.<\/strong>&nbsp;Las nuevas ordenes de desalojo emitidas por el ej\u00e9rcito est\u00e1n api\u00f1ando a la poblaci\u00f3n en zonas cada vez m\u00e1s reducidas del sur de la peque\u00f1a franja costera.<\/p>\n\n\n\n<p>Los bombardeos se han intensificado en todo el territorio, incluidas las \u00e1reas a donde se les dice a los palestinos que se desplacen.&nbsp;<strong>En la ciudad de Deir al-Balah, en el centro de Gaza, a poca distancia al norte de Jan Yunis, el bombardeo israel\u00ed destruy\u00f3 el martes una casa en donde decenas de personas desplazadas se hab\u00edan refugiado. Al menos 34 personas murieron, entre ellas por lo menos seis ni\u00f1os,<\/strong>&nbsp;seg\u00fan un periodista de The Associated Press que se encontraba en el hospital y cont\u00f3 los cad\u00e1veres.<\/p>\n\n\n\n<p>Las im\u00e1genes del lugar mostraban a mujeres gritando desde un piso superior de una casa destrozada. Algunos hombres sacaban el cuerpo inerte de un ni\u00f1o de debajo de una losa junto a un coche en llamas. En el hospital cercano, los m\u00e9dicos intentaban reanimar a un ni\u00f1o y una ni\u00f1a ensangrentados e inm\u00f3viles en una camilla.<\/p>\n\n\n\n<p><strong>La campa\u00f1a israel\u00ed en represalia por el ataque de Ham\u00e1s del 7 de octubre ha matado a m\u00e1s de 16 mil 200 personas en Gaza \u2014el 70% de ellos mujeres y ni\u00f1os\u2014 y herido a m\u00e1s de 42 mil,<\/strong>seg\u00fan el Ministerio de Salud de Gaza, que public\u00f3 nuevas cifras el martes por la noche. El ministerio no distingue entre civiles y combatientes muertos. Afirma que cientos de personas han muerto o resultado heridos desde que termin\u00f3 la semana de tregua el viernes, y muchos siguen atrapados bajo los escombros.<\/p>\n\n\n\n<p>Israel afirma que debe expulsar a Ham\u00e1s del poder para evitar una repetici\u00f3n del ataque que desencaden\u00f3 la guerra, en el que Ham\u00e1s y otros milicianos mataron a unas mil 200 personas, en su mayor\u00eda civiles, y se llevaron a unos 240 hombres, mujeres y ni\u00f1os como rehenes.<\/p>\n\n\n\n<p>Presionado por Estados Unidos para que se eviten m\u00e1s v\u00edctimas en masa, Israel dice que est\u00e1 siendo m\u00e1s preciso en su ofensiva y que est\u00e1 tomando medidas adicionales para instar a los civiles a desalojar las zonas por donde avanza. Semanas de bombardeos y una ofensiva terrestre destruyeron buena parte del norte de Gaza.<\/p>\n\n\n\n<p>Con informaci\u00f3n de AP<\/p>\n","protected":false},"excerpt":{"rendered":"<p>Por Carolina Alonso Romei Internacionalista Jan Yunis fue escenario del\u00a0d\u00eda m\u00e1s intenso\u00a0de combates desde que&#8230;<\/p>\n","protected":false},"author":2,"featured_media":106880,"comment_status":"open","ping_status":"open","sticky":false,"template":"","format":"standard","meta":{"_monsterinsights_skip_tracking":false,"_monsterinsights_sitenote_active":false,"_monsterinsights_sitenote_note":"","_monsterinsights_sitenote_category":0,"footnotes":""},"categories":[1],"tags":[],"class_list":["post-106879","post","type-post","status-publish","format-standard","has-post-thumbnail","hentry","category-sin-categoria"],"yoast_head":"<!-- This site is optimized with the Yoast SEO plugin v27.3 - https:\/\/yoast.com\/product\/yoast-seo-wordpress\/ -->\n<title>Internacionales\/\/\/Carolina Alonso Romei\/\/\/Israel ataca la segunda ciudad m\u00e1s grande de Gaza en una nueva fase de la guerra -<\/title>\n<meta name=\"robots\" content=\"index, follow, max-snippet:-1, max-image-preview:large, max-video-preview:-1\" \/>\n<link rel=\"canonical\" href=\"https:\/\/quehacerpolitico.mx\/?p=106879\" \/>\n<meta property=\"og:locale\" content=\"es_MX\" \/>\n<meta property=\"og:type\" content=\"article\" \/>\n<meta property=\"og:title\" content=\"Internacionales\/\/\/Carolina Alonso Romei\/\/\/Israel ataca la segunda ciudad m\u00e1s grande de Gaza en una nueva fase de la guerra -\" \/>\n<meta property=\"og:description\" content=\"Por Carolina Alonso Romei Internacionalista Jan Yunis fue escenario del\u00a0d\u00eda m\u00e1s intenso\u00a0de combates desde que...\" \/>\n<meta property=\"og:url\" content=\"https:\/\/quehacerpolitico.mx\/?p=106879\" \/>\n<meta property=\"article:published_time\" content=\"2023-12-06T14:27:32+00:00\" \/>\n<meta property=\"article:modified_time\" content=\"2023-12-06T14:27:37+00:00\" \/>\n<meta property=\"og:image\" content=\"https:\/\/quehacerpolitico.mx\/wp-content\/uploads\/2023\/12\/IMG_2452.jpeg\" \/>\n\t<meta property=\"og:image:width\" content=\"640\" \/>\n\t<meta property=\"og:image:height\" content=\"359\" \/>\n\t<meta property=\"og:image:type\" content=\"image\/jpeg\" \/>\n<meta name=\"author\" content=\"Redacci\u00f3n QP\" \/>\n<meta name=\"twitter:card\" content=\"summary_large_image\" \/>\n<meta name=\"twitter:label1\" content=\"Escrito por\" \/>\n\t<meta name=\"twitter:data1\" content=\"Redacci\u00f3n QP\" \/>\n\t<meta name=\"twitter:label2\" content=\"Tiempo de lectura\" \/>\n\t<meta name=\"twitter:data2\" content=\"4 minutos\" \/>\n<script type=\"application\/ld+json\" class=\"yoast-schema-graph\">{\"@context\":\"https:\\\/\\\/schema.org\",\"@graph\":[{\"@type\":\"Article\",\"@id\":\"https:\\\/\\\/quehacerpolitico.mx\\\/?p=106879#article\",\"isPartOf\":{\"@id\":\"https:\\\/\\\/quehacerpolitico.mx\\\/?p=106879\"},\"author\":{\"name\":\"Redacci\u00f3n QP\",\"@id\":\"https:\\\/\\\/quehacerpolitico.mx\\\/#\\\/schema\\\/person\\\/496d8ad2d1d3f8036101dca7ee39e585\"},\"headline\":\"Internacionales\\\/\\\/\\\/Carolina Alonso Romei\\\/\\\/\\\/Israel ataca la segunda ciudad m\u00e1s grande de Gaza en una nueva fase de la guerra\",\"datePublished\":\"2023-12-06T14:27:32+00:00\",\"dateModified\":\"2023-12-06T14:27:37+00:00\",\"mainEntityOfPage\":{\"@id\":\"https:\\\/\\\/quehacerpolitico.mx\\\/?p=106879\"},\"wordCount\":753,\"commentCount\":0,\"image\":{\"@id\":\"https:\\\/\\\/quehacerpolitico.mx\\\/?p=106879#primaryimage\"},\"thumbnailUrl\":\"https:\\\/\\\/quehacerpolitico.mx\\\/wp-content\\\/uploads\\\/2023\\\/12\\\/IMG_2452.jpeg\",\"articleSection\":[\"Internacionales\"],\"inLanguage\":\"es\",\"potentialAction\":[{\"@type\":\"CommentAction\",\"name\":\"Comment\",\"target\":[\"https:\\\/\\\/quehacerpolitico.mx\\\/?p=106879#respond\"]}]},{\"@type\":\"WebPage\",\"@id\":\"https:\\\/\\\/quehacerpolitico.mx\\\/?p=106879\",\"url\":\"https:\\\/\\\/quehacerpolitico.mx\\\/?p=106879\",\"name\":\"Internacionales\\\/\\\/\\\/Carolina Alonso Romei\\\/\\\/\\\/Israel ataca la segunda ciudad m\u00e1s grande de Gaza en una nueva fase de la guerra -\",\"isPartOf\":{\"@id\":\"https:\\\/\\\/quehacerpolitico.mx\\\/#website\"},\"primaryImageOfPage\":{\"@id\":\"https:\\\/\\\/quehacerpolitico.mx\\\/?p=106879#primaryimage\"},\"image\":{\"@id\":\"https:\\\/\\\/quehacerpolitico.mx\\\/?p=106879#primaryimage\"},\"thumbnailUrl\":\"https:\\\/\\\/quehacerpolitico.mx\\\/wp-content\\\/uploads\\\/2023\\\/12\\\/IMG_2452.jpeg\",\"datePublished\":\"2023-12-06T14:27:32+00:00\",\"dateModified\":\"2023-12-06T14:27:37+00:00\",\"author\":{\"@id\":\"https:\\\/\\\/quehacerpolitico.mx\\\/#\\\/schema\\\/person\\\/496d8ad2d1d3f8036101dca7ee39e585\"},\"breadcrumb\":{\"@id\":\"https:\\\/\\\/quehacerpolitico.mx\\\/?p=106879#breadcrumb\"},\"inLanguage\":\"es\",\"potentialAction\":[{\"@type\":\"ReadAction\",\"target\":[\"https:\\\/\\\/quehacerpolitico.mx\\\/?p=106879\"]}]},{\"@type\":\"ImageObject\",\"inLanguage\":\"es\",\"@id\":\"https:\\\/\\\/quehacerpolitico.mx\\\/?p=106879#primaryimage\",\"url\":\"https:\\\/\\\/quehacerpolitico.mx\\\/wp-content\\\/uploads\\\/2023\\\/12\\\/IMG_2452.jpeg\",\"contentUrl\":\"https:\\\/\\\/quehacerpolitico.mx\\\/wp-content\\\/uploads\\\/2023\\\/12\\\/IMG_2452.jpeg\",\"width\":640,\"height\":359},{\"@type\":\"BreadcrumbList\",\"@id\":\"https:\\\/\\\/quehacerpolitico.mx\\\/?p=106879#breadcrumb\",\"itemListElement\":[{\"@type\":\"ListItem\",\"position\":1,\"name\":\"Inicio\",\"item\":\"https:\\\/\\\/quehacerpolitico.mx\\\/\"},{\"@type\":\"ListItem\",\"position\":2,\"name\":\"Internacionales\\\/\\\/\\\/Carolina Alonso Romei\\\/\\\/\\\/Israel ataca la segunda ciudad m\u00e1s grande de Gaza en una nueva fase de la guerra\"}]},{\"@type\":\"WebSite\",\"@id\":\"https:\\\/\\\/quehacerpolitico.mx\\\/#website\",\"url\":\"https:\\\/\\\/quehacerpolitico.mx\\\/\",\"name\":\"\",\"description\":\"\",\"potentialAction\":[{\"@type\":\"SearchAction\",\"target\":{\"@type\":\"EntryPoint\",\"urlTemplate\":\"https:\\\/\\\/quehacerpolitico.mx\\\/?s={search_term_string}\"},\"query-input\":{\"@type\":\"PropertyValueSpecification\",\"valueRequired\":true,\"valueName\":\"search_term_string\"}}],\"inLanguage\":\"es\"},{\"@type\":\"Person\",\"@id\":\"https:\\\/\\\/quehacerpolitico.mx\\\/#\\\/schema\\\/person\\\/496d8ad2d1d3f8036101dca7ee39e585\",\"name\":\"Redacci\u00f3n QP\",\"image\":{\"@type\":\"ImageObject\",\"inLanguage\":\"es\",\"@id\":\"https:\\\/\\\/secure.gravatar.com\\\/avatar\\\/c7164ed6fdec453195284ad24a5ae5b6e1eed2b848477fa2a4787ba9adf39a41?s=96&d=mm&r=g\",\"url\":\"https:\\\/\\\/secure.gravatar.com\\\/avatar\\\/c7164ed6fdec453195284ad24a5ae5b6e1eed2b848477fa2a4787ba9adf39a41?s=96&d=mm&r=g\",\"contentUrl\":\"https:\\\/\\\/secure.gravatar.com\\\/avatar\\\/c7164ed6fdec453195284ad24a5ae5b6e1eed2b848477fa2a4787ba9adf39a41?s=96&d=mm&r=g\",\"caption\":\"Redacci\u00f3n QP\"},\"url\":\"https:\\\/\\\/quehacerpolitico.mx\\\/?author=2\"}]}<\/script>\n<!-- \/ Yoast SEO plugin. -->","yoast_head_json":{"title":"Internacionales\/\/\/Carolina Alonso Romei\/\/\/Israel ataca la segunda ciudad m\u00e1s grande de Gaza en una nueva fase de la guerra -","robots":{"index":"index","follow":"follow","max-snippet":"max-snippet:-1","max-image-preview":"max-image-preview:large","max-video-preview":"max-video-preview:-1"},"canonical":"https:\/\/quehacerpolitico.mx\/?p=106879","og_locale":"es_MX","og_type":"article","og_title":"Internacionales\/\/\/Carolina Alonso Romei\/\/\/Israel ataca la segunda ciudad m\u00e1s grande de Gaza en una nueva fase de la guerra -","og_description":"Por Carolina Alonso Romei Internacionalista Jan Yunis fue escenario del\u00a0d\u00eda m\u00e1s intenso\u00a0de combates desde que...","og_url":"https:\/\/quehacerpolitico.mx\/?p=106879","article_published_time":"2023-12-06T14:27:32+00:00","article_modified_time":"2023-12-06T14:27:37+00:00","og_image":[{"width":640,"height":359,"url":"https:\/\/quehacerpolitico.mx\/wp-content\/uploads\/2023\/12\/IMG_2452.jpeg","type":"image\/jpeg"}],"author":"Redacci\u00f3n QP","twitter_card":"summary_large_image","twitter_misc":{"Escrito por":"Redacci\u00f3n QP","Tiempo de lectura":"4 minutos"},"schema":{"@context":"https:\/\/schema.org","@graph":[{"@type":"Article","@id":"https:\/\/quehacerpolitico.mx\/?p=106879#article","isPartOf":{"@id":"https:\/\/quehacerpolitico.mx\/?p=106879"},"author":{"name":"Redacci\u00f3n QP","@id":"https:\/\/quehacerpolitico.mx\/#\/schema\/person\/496d8ad2d1d3f8036101dca7ee39e585"},"headline":"Internacionales\/\/\/Carolina Alonso Romei\/\/\/Israel ataca la segunda ciudad m\u00e1s grande de Gaza en una nueva fase de la guerra","datePublished":"2023-12-06T14:27:32+00:00","dateModified":"2023-12-06T14:27:37+00:00","mainEntityOfPage":{"@id":"https:\/\/quehacerpolitico.mx\/?p=106879"},"wordCount":753,"commentCount":0,"image":{"@id":"https:\/\/quehacerpolitico.mx\/?p=106879#primaryimage"},"thumbnailUrl":"https:\/\/quehacerpolitico.mx\/wp-content\/uploads\/2023\/12\/IMG_2452.jpeg","articleSection":["Internacionales"],"inLanguage":"es","potentialAction":[{"@type":"CommentAction","name":"Comment","target":["https:\/\/quehacerpolitico.mx\/?p=106879#respond"]}]},{"@type":"WebPage","@id":"https:\/\/quehacerpolitico.mx\/?p=106879","url":"https:\/\/quehacerpolitico.mx\/?p=106879","name":"Internacionales\/\/\/Carolina Alonso Romei\/\/\/Israel ataca la segunda ciudad m\u00e1s grande de Gaza en una nueva fase de la guerra -","isPartOf":{"@id":"https:\/\/quehacerpolitico.mx\/#website"},"primaryImageOfPage":{"@id":"https:\/\/quehacerpolitico.mx\/?p=106879#primaryimage"},"image":{"@id":"https:\/\/quehacerpolitico.mx\/?p=106879#primaryimage"},"thumbnailUrl":"https:\/\/quehacerpolitico.mx\/wp-content\/uploads\/2023\/12\/IMG_2452.jpeg","datePublished":"2023-12-06T14:27:32+00:00","dateModified":"2023-12-06T14:27:37+00:00","author":{"@id":"https:\/\/quehacerpolitico.mx\/#\/schema\/person\/496d8ad2d1d3f8036101dca7ee39e585"},"breadcrumb":{"@id":"https:\/\/quehacerpolitico.mx\/?p=106879#breadcrumb"},"inLanguage":"es","potentialAction":[{"@type":"ReadAction","target":["https:\/\/quehacerpolitico.mx\/?p=106879"]}]},{"@type":"ImageObject","inLanguage":"es","@id":"https:\/\/quehacerpolitico.mx\/?p=106879#primaryimage","url":"https:\/\/quehacerpolitico.mx\/wp-content\/uploads\/2023\/12\/IMG_2452.jpeg","contentUrl":"https:\/\/quehacerpolitico.mx\/wp-content\/uploads\/2023\/12\/IMG_2452.jpeg","width":640,"height":359},{"@type":"BreadcrumbList","@id":"https:\/\/quehacerpolitico.mx\/?p=106879#breadcrumb","itemListElement":[{"@type":"ListItem","position":1,"name":"Inicio","item":"https:\/\/quehacerpolitico.mx\/"},{"@type":"ListItem","position":2,"name":"Internacionales\/\/\/Carolina Alonso Romei\/\/\/Israel ataca la segunda ciudad m\u00e1s grande de Gaza en una nueva fase de la guerra"}]},{"@type":"WebSite","@id":"https:\/\/quehacerpolitico.mx\/#website","url":"https:\/\/quehacerpolitico.mx\/","name":"","description":"","potentialAction":[{"@type":"SearchAction","target":{"@type":"EntryPoint","urlTemplate":"https:\/\/quehacerpolitico.mx\/?s={search_term_string}"},"query-input":{"@type":"PropertyValueSpecification","valueRequired":true,"valueName":"search_term_string"}}],"inLanguage":"es"},{"@type":"Person","@id":"https:\/\/quehacerpolitico.mx\/#\/schema\/person\/496d8ad2d1d3f8036101dca7ee39e585","name":"Redacci\u00f3n QP","image":{"@type":"ImageObject","inLanguage":"es","@id":"https:\/\/secure.gravatar.com\/avatar\/c7164ed6fdec453195284ad24a5ae5b6e1eed2b848477fa2a4787ba9adf39a41?s=96&d=mm&r=g","url":"https:\/\/secure.gravatar.com\/avatar\/c7164ed6fdec453195284ad24a5ae5b6e1eed2b848477fa2a4787ba9adf39a41?s=96&d=mm&r=g","contentUrl":"https:\/\/secure.gravatar.com\/avatar\/c7164ed6fdec453195284ad24a5ae5b6e1eed2b848477fa2a4787ba9adf39a41?s=96&d=mm&r=g","caption":"Redacci\u00f3n QP"},"url":"https:\/\/quehacerpolitico.mx\/?author=2"}]}},"featured_image_urls":{"full":["https:\/\/quehacerpolitico.mx\/wp-content\/uploads\/2023\/12\/IMG_2452.jpeg",640,359,false],"thumbnail":["https:\/\/quehacerpolitico.mx\/wp-content\/uploads\/2023\/12\/IMG_2452-150x150.jpeg",150,150,true],"medium":["https:\/\/quehacerpolitico.mx\/wp-content\/uploads\/2023\/12\/IMG_2452-300x168.jpeg",300,168,true],"medium_large":["https:\/\/quehacerpolitico.mx\/wp-content\/uploads\/2023\/12\/IMG_2452.jpeg",640,359,false],"large":["https:\/\/quehacerpolitico.mx\/wp-content\/uploads\/2023\/12\/IMG_2452.jpeg",640,359,false],"1536x1536":["https:\/\/quehacerpolitico.mx\/wp-content\/uploads\/2023\/12\/IMG_2452.jpeg",640,359,false],"2048x2048":["https:\/\/quehacerpolitico.mx\/wp-content\/uploads\/2023\/12\/IMG_2452.jpeg",640,359,false],"covernews-featured":["https:\/\/quehacerpolitico.mx\/wp-content\/uploads\/2023\/12\/IMG_2452.jpeg",640,359,false],"covernews-medium":["https:\/\/quehacerpolitico.mx\/wp-content\/uploads\/2023\/12\/IMG_2452.jpeg",540,303,false]},"author_info":{"display_name":"Redacci\u00f3n QP","author_link":"https:\/\/quehacerpolitico.mx\/?author=2"},"category_info":"<a href=\"https:\/\/quehacerpolitico.mx\/?cat=1\" rel=\"category\">Internacionales<\/a>","tag_info":"Internacionales","comment_count":"0","_links":{"self":[{"href":"https:\/\/quehacerpolitico.mx\/index.php?rest_route=\/wp\/v2\/posts\/106879","targetHints":{"allow":["GET"]}}],"collection":[{"href":"https:\/\/quehacerpolitico.mx\/index.php?rest_route=\/wp\/v2\/posts"}],"about":[{"href":"https:\/\/quehacerpolitico.mx\/index.php?rest_route=\/wp\/v2\/types\/post"}],"author":[{"embeddable":true,"href":"https:\/\/quehacerpolitico.mx\/index.php?rest_route=\/wp\/v2\/users\/2"}],"replies":[{"embeddable":true,"href":"https:\/\/quehacerpolitico.mx\/index.php?rest_route=%2Fwp%2Fv2%2Fcomments&post=106879"}],"version-history":[{"count":1,"href":"https:\/\/quehacerpolitico.mx\/index.php?rest_route=\/wp\/v2\/posts\/106879\/revisions"}],"predecessor-version":[{"id":106881,"href":"https:\/\/quehacerpolitico.mx\/index.php?rest_route=\/wp\/v2\/posts\/106879\/revisions\/106881"}],"wp:featuredmedia":[{"embeddable":true,"href":"https:\/\/quehacerpolitico.mx\/index.php?rest_route=\/wp\/v2\/media\/106880"}],"wp:attachment":[{"href":"https:\/\/quehacerpolitico.mx\/index.php?rest_route=%2Fwp%2Fv2%2Fmedia&parent=106879"}],"wp:term":[{"taxonomy":"category","embeddable":true,"href":"https:\/\/quehacerpolitico.mx\/index.php?rest_route=%2Fwp%2Fv2%2Fcategories&post=106879"},{"taxonomy":"post_tag","embeddable":true,"href":"https:\/\/quehacerpolitico.mx\/index.php?rest_route=%2Fwp%2Fv2%2Ftags&post=106879"}],"curies":[{"name":"wp","href":"https:\/\/api.w.org\/{rel}","templated":true}]}}