{"id":106873,"date":"2023-12-05T23:17:48","date_gmt":"2023-12-05T23:17:48","guid":{"rendered":"https:\/\/quehacerpolitico.mx\/?p=106873"},"modified":"2023-12-05T23:17:50","modified_gmt":"2023-12-05T23:17:50","slug":"l9-del-metro-cdmx-cerrara-parcialmente-a-partir-del-17-de-diciembre-las-obras-de-renivelacion-del-metro-pantitlan","status":"publish","type":"post","link":"https:\/\/quehacerpolitico.mx\/?p=106873","title":{"rendered":"L9 del Metro CDMX cerrar\u00e1 parcialmente a partir del 17 de diciembre las obras de renivelaci\u00f3n del Metro Pantitl\u00e1n"},"content":{"rendered":"\n<p>Por Redacci\u00f3n QP<\/p>\n\n\n\n<p>Mart\u00ed Batres Guadarrama, jefe de Gobierno de la Ciudad de M\u00e9xico (CDMX), anunci\u00f3 que a partir del 17 de diciembre cerrar\u00e1 parcialmente la L\u00ednea 9 (L9) del Metro.<\/p>\n\n\n\n<h3 class=\"wp-block-heading\"><strong>L9 del Metro CDMX cerrar\u00e1 parcialmente a partir del 17 de diciembre<\/strong><\/h3>\n\n\n\n<p>De acuerdo con Mart\u00ed Batres, comenzar\u00e1n los trabajos de reparaci\u00f3n y renivelaci\u00f3n de la L9 del Metro y se tiene previsto que estos duren aproximadamente cinco meses.<\/p>\n\n\n\n<figure class=\"wp-block-embed is-type-rich is-provider-twitter wp-block-embed-twitter\"><div class=\"wp-block-embed__wrapper\">\n<blockquote class=\"twitter-tweet\" data-width=\"550\" data-dnt=\"true\"><p lang=\"es\" dir=\"ltr\">Anuncia el <a href=\"https:\/\/twitter.com\/hashtag\/JefeDeGobierno?src=hash&amp;ref_src=twsrc%5Etfw\">#JefeDeGobierno<\/a> <a href=\"https:\/\/twitter.com\/martibatres?ref_src=twsrc%5Etfw\">@martibatres<\/a> inicio de obras de renivelaci\u00f3n en la L\u00ednea 9, a partir del 17 de diciembre y servicios de apoyo a la movilidad. <a href=\"https:\/\/t.co\/p46UjP7OiL\">pic.twitter.com\/p46UjP7OiL<\/a><\/p>&mdash; MetroCDMX (@MetroCDMX) <a href=\"https:\/\/twitter.com\/MetroCDMX\/status\/1732160893348393248?ref_src=twsrc%5Etfw\">December 5, 2023<\/a><\/blockquote><script async src=\"https:\/\/platform.twitter.com\/widgets.js\" charset=\"utf-8\"><\/script>\n<\/div><\/figure>\n\n\n\n<p>\u201cVamos a comenzar el 17 de diciembre las obras de renivelaci\u00f3n del Metro Pantitl\u00e1n, L\u00ednea 9 (\u2026). Vamos a tener un servicio de transporte alternativo, era importante ir definiendo todas las aristas del transporte; conciliar con los vecinos y luego tener listo todo lo necesario para el comienzo de las obras\u201d, declar\u00f3 Mart\u00ed Batres.<\/p>\n\n\n\n<p>Asimismo, Guillermo Calder\u00f3n Aguilera, director general del Metro,\u00a0detall\u00f3 que los trabajos ser\u00e1n de renivelaci\u00f3n; por lo que las estaciones Pantitl\u00e1n, Puebla y Ciudad Deportiva se mantendr\u00e1n cerradas.<\/p>\n\n\n\n<figure class=\"wp-block-embed is-type-rich is-provider-twitter wp-block-embed-twitter\"><div class=\"wp-block-embed__wrapper\">\n<blockquote class=\"twitter-tweet\" data-width=\"550\" data-dnt=\"true\"><p lang=\"es\" dir=\"ltr\"><a href=\"https:\/\/twitter.com\/hashtag\/EnVivo?src=hash&amp;ref_src=twsrc%5Etfw\">#EnVivo<\/a> \u25b6\ufe0f El <a href=\"https:\/\/twitter.com\/hashtag\/JefeDeGobierno?src=hash&amp;ref_src=twsrc%5Etfw\">#JefeDeGobierno<\/a>, <a href=\"https:\/\/twitter.com\/martibatres?ref_src=twsrc%5Etfw\">@martibatres<\/a>, ofrece conferencia de prensa con <a href=\"https:\/\/twitter.com\/LaSEMOVI?ref_src=twsrc%5Etfw\">@LaSEMOVI<\/a>, <a href=\"https:\/\/twitter.com\/SOBSECDMX?ref_src=twsrc%5Etfw\">@SOBSECDMX<\/a> y <a href=\"https:\/\/twitter.com\/MetroCDMX?ref_src=twsrc%5Etfw\">@MetroCDMX<\/a>. <a href=\"https:\/\/t.co\/y630m5gycg\">https:\/\/t.co\/y630m5gycg<\/a><\/p>&mdash; Gobierno de la Ciudad de M\u00e9xico (@GobCDMX) <a href=\"https:\/\/twitter.com\/GobCDMX\/status\/1732080077247013351?ref_src=twsrc%5Etfw\">December 5, 2023<\/a><\/blockquote><script async src=\"https:\/\/platform.twitter.com\/widgets.js\" charset=\"utf-8\"><\/script>\n<\/div><\/figure>\n\n\n\n<p>Calder\u00f3n Aguilera dio a conocer las fechas para las obras: el retiro de materiales y equipo se tienen programadas del 17 al 31 de diciembre; los trabajos de renivelaci\u00f3n, del 1 de enero al 30 de abril; la instalaci\u00f3n de v\u00edas y equipo, del 15 de abril al 11 de mayo; y las pruebas de funcionamiento del 12 al 24 de mayo.<\/p>\n\n\n\n<h3 class=\"wp-block-heading\"><strong>Inversi\u00f3n de 220 mdp<\/strong><\/h3>\n\n\n\n<p>Por su parte, el titular de la Secretar\u00eda de Obras y Servicios de la Ciudad de M\u00e9xico (Sobse), Jes\u00fas Antonio Esteva Medina; inform\u00f3 que la dependencia capitalina realiza una inversi\u00f3n de 220 millones de pesos en las obras y que se van a cambiar un total de 230 metros lineales de v\u00eda.<\/p>\n\n\n\n<p>\u201cSe determin\u00f3 que para la \u00fanica manera de recuperar la configuraci\u00f3n de esos hundimientos y darle al Metro el nivel que requiere es bajando las trabes; ya no pod\u00edamos seguir increment\u00e1ndole carga. Durante a\u00f1os lo que se hizo fue que le sub\u00edan balastro para mantener las v\u00edas niveladas, eso gener\u00f3 una sobrecarga\u201d, dijo Esteva Medina.<\/p>\n\n\n\n<figure class=\"wp-block-embed is-type-rich is-provider-twitter wp-block-embed-twitter\"><div class=\"wp-block-embed__wrapper\">\n<blockquote class=\"twitter-tweet\" data-width=\"550\" data-dnt=\"true\"><p lang=\"es\" dir=\"ltr\">A partir de pr\u00f3ximo 17 de diciembre dar\u00e1n inicio los trabajos de renivelaci\u00f3n del sistema en la L\u00ednea 9; las estaciones, Ciudad Deportiva, Puebla y la terminal Pantitl\u00e1n de L\u00ednea 9 permanecer\u00e1n cerradas, el servicio ser\u00e1 de manera normal de Vel\u00f3dromo a Tacubaya. Puedes utilizar\u2026 <a href=\"https:\/\/t.co\/ph9FReeuXd\">pic.twitter.com\/ph9FReeuXd<\/a><\/p>&mdash; MetroCDMX (@MetroCDMX) <a href=\"https:\/\/twitter.com\/MetroCDMX\/status\/1732140954541322684?ref_src=twsrc%5Etfw\">December 5, 2023<\/a><\/blockquote><script async src=\"https:\/\/platform.twitter.com\/widgets.js\" charset=\"utf-8\"><\/script>\n<\/div><\/figure>\n","protected":false},"excerpt":{"rendered":"<p>Por Redacci\u00f3n QP Mart\u00ed Batres Guadarrama, jefe de Gobierno de la Ciudad de M\u00e9xico (CDMX),&#8230;<\/p>\n","protected":false},"author":2,"featured_media":106874,"comment_status":"open","ping_status":"open","sticky":false,"template":"","format":"standard","meta":{"_monsterinsights_skip_tracking":false,"_monsterinsights_sitenote_active":false,"_monsterinsights_sitenote_note":"","_monsterinsights_sitenote_category":0,"footnotes":""},"categories":[55],"tags":[],"class_list":["post-106873","post","type-post","status-publish","format-standard","has-post-thumbnail","hentry","category-cdmx"],"yoast_head":"<!-- This site is optimized with the Yoast SEO plugin v27.3 - https:\/\/yoast.com\/product\/yoast-seo-wordpress\/ -->\n<title>L9 del Metro CDMX cerrar\u00e1 parcialmente a partir del 17 de diciembre las obras de renivelaci\u00f3n del Metro Pantitl\u00e1n -<\/title>\n<meta name=\"robots\" content=\"index, follow, max-snippet:-1, max-image-preview:large, max-video-preview:-1\" \/>\n<link rel=\"canonical\" href=\"https:\/\/quehacerpolitico.mx\/?p=106873\" \/>\n<meta property=\"og:locale\" content=\"es_MX\" \/>\n<meta property=\"og:type\" content=\"article\" \/>\n<meta property=\"og:title\" content=\"L9 del Metro CDMX cerrar\u00e1 parcialmente a partir del 17 de diciembre las obras de renivelaci\u00f3n del Metro Pantitl\u00e1n -\" \/>\n<meta property=\"og:description\" content=\"Por Redacci\u00f3n QP Mart\u00ed Batres Guadarrama, jefe de Gobierno de la Ciudad de M\u00e9xico (CDMX),...\" \/>\n<meta property=\"og:url\" content=\"https:\/\/quehacerpolitico.mx\/?p=106873\" \/>\n<meta property=\"article:published_time\" content=\"2023-12-05T23:17:48+00:00\" \/>\n<meta property=\"article:modified_time\" content=\"2023-12-05T23:17:50+00:00\" \/>\n<meta property=\"og:image\" content=\"https:\/\/quehacerpolitico.mx\/wp-content\/uploads\/2023\/12\/IMG_2444.jpeg\" \/>\n\t<meta property=\"og:image:width\" content=\"640\" \/>\n\t<meta property=\"og:image:height\" content=\"360\" \/>\n\t<meta property=\"og:image:type\" content=\"image\/jpeg\" \/>\n<meta name=\"author\" content=\"Redacci\u00f3n QP\" \/>\n<meta name=\"twitter:card\" content=\"summary_large_image\" \/>\n<meta name=\"twitter:label1\" content=\"Escrito por\" \/>\n\t<meta name=\"twitter:data1\" content=\"Redacci\u00f3n QP\" \/>\n\t<meta name=\"twitter:label2\" content=\"Tiempo de lectura\" \/>\n\t<meta name=\"twitter:data2\" content=\"2 minutos\" \/>\n<script type=\"application\/ld+json\" class=\"yoast-schema-graph\">{\"@context\":\"https:\\\/\\\/schema.org\",\"@graph\":[{\"@type\":\"Article\",\"@id\":\"https:\\\/\\\/quehacerpolitico.mx\\\/?p=106873#article\",\"isPartOf\":{\"@id\":\"https:\\\/\\\/quehacerpolitico.mx\\\/?p=106873\"},\"author\":{\"name\":\"Redacci\u00f3n QP\",\"@id\":\"https:\\\/\\\/quehacerpolitico.mx\\\/#\\\/schema\\\/person\\\/496d8ad2d1d3f8036101dca7ee39e585\"},\"headline\":\"L9 del Metro CDMX cerrar\u00e1 parcialmente a partir del 17 de diciembre las obras de renivelaci\u00f3n del Metro Pantitl\u00e1n\",\"datePublished\":\"2023-12-05T23:17:48+00:00\",\"dateModified\":\"2023-12-05T23:17:50+00:00\",\"mainEntityOfPage\":{\"@id\":\"https:\\\/\\\/quehacerpolitico.mx\\\/?p=106873\"},\"wordCount\":391,\"commentCount\":0,\"image\":{\"@id\":\"https:\\\/\\\/quehacerpolitico.mx\\\/?p=106873#primaryimage\"},\"thumbnailUrl\":\"https:\\\/\\\/quehacerpolitico.mx\\\/wp-content\\\/uploads\\\/2023\\\/12\\\/IMG_2444.jpeg\",\"articleSection\":[\"CDMX\"],\"inLanguage\":\"es\",\"potentialAction\":[{\"@type\":\"CommentAction\",\"name\":\"Comment\",\"target\":[\"https:\\\/\\\/quehacerpolitico.mx\\\/?p=106873#respond\"]}]},{\"@type\":\"WebPage\",\"@id\":\"https:\\\/\\\/quehacerpolitico.mx\\\/?p=106873\",\"url\":\"https:\\\/\\\/quehacerpolitico.mx\\\/?p=106873\",\"name\":\"L9 del Metro CDMX cerrar\u00e1 parcialmente a partir del 17 de diciembre las obras de renivelaci\u00f3n del Metro Pantitl\u00e1n -\",\"isPartOf\":{\"@id\":\"https:\\\/\\\/quehacerpolitico.mx\\\/#website\"},\"primaryImageOfPage\":{\"@id\":\"https:\\\/\\\/quehacerpolitico.mx\\\/?p=106873#primaryimage\"},\"image\":{\"@id\":\"https:\\\/\\\/quehacerpolitico.mx\\\/?p=106873#primaryimage\"},\"thumbnailUrl\":\"https:\\\/\\\/quehacerpolitico.mx\\\/wp-content\\\/uploads\\\/2023\\\/12\\\/IMG_2444.jpeg\",\"datePublished\":\"2023-12-05T23:17:48+00:00\",\"dateModified\":\"2023-12-05T23:17:50+00:00\",\"author\":{\"@id\":\"https:\\\/\\\/quehacerpolitico.mx\\\/#\\\/schema\\\/person\\\/496d8ad2d1d3f8036101dca7ee39e585\"},\"breadcrumb\":{\"@id\":\"https:\\\/\\\/quehacerpolitico.mx\\\/?p=106873#breadcrumb\"},\"inLanguage\":\"es\",\"potentialAction\":[{\"@type\":\"ReadAction\",\"target\":[\"https:\\\/\\\/quehacerpolitico.mx\\\/?p=106873\"]}]},{\"@type\":\"ImageObject\",\"inLanguage\":\"es\",\"@id\":\"https:\\\/\\\/quehacerpolitico.mx\\\/?p=106873#primaryimage\",\"url\":\"https:\\\/\\\/quehacerpolitico.mx\\\/wp-content\\\/uploads\\\/2023\\\/12\\\/IMG_2444.jpeg\",\"contentUrl\":\"https:\\\/\\\/quehacerpolitico.mx\\\/wp-content\\\/uploads\\\/2023\\\/12\\\/IMG_2444.jpeg\",\"width\":640,\"height\":360},{\"@type\":\"BreadcrumbList\",\"@id\":\"https:\\\/\\\/quehacerpolitico.mx\\\/?p=106873#breadcrumb\",\"itemListElement\":[{\"@type\":\"ListItem\",\"position\":1,\"name\":\"Inicio\",\"item\":\"https:\\\/\\\/quehacerpolitico.mx\\\/\"},{\"@type\":\"ListItem\",\"position\":2,\"name\":\"L9 del Metro CDMX cerrar\u00e1 parcialmente a partir del 17 de diciembre las obras de renivelaci\u00f3n del Metro Pantitl\u00e1n\"}]},{\"@type\":\"WebSite\",\"@id\":\"https:\\\/\\\/quehacerpolitico.mx\\\/#website\",\"url\":\"https:\\\/\\\/quehacerpolitico.mx\\\/\",\"name\":\"\",\"description\":\"\",\"potentialAction\":[{\"@type\":\"SearchAction\",\"target\":{\"@type\":\"EntryPoint\",\"urlTemplate\":\"https:\\\/\\\/quehacerpolitico.mx\\\/?s={search_term_string}\"},\"query-input\":{\"@type\":\"PropertyValueSpecification\",\"valueRequired\":true,\"valueName\":\"search_term_string\"}}],\"inLanguage\":\"es\"},{\"@type\":\"Person\",\"@id\":\"https:\\\/\\\/quehacerpolitico.mx\\\/#\\\/schema\\\/person\\\/496d8ad2d1d3f8036101dca7ee39e585\",\"name\":\"Redacci\u00f3n QP\",\"image\":{\"@type\":\"ImageObject\",\"inLanguage\":\"es\",\"@id\":\"https:\\\/\\\/secure.gravatar.com\\\/avatar\\\/c7164ed6fdec453195284ad24a5ae5b6e1eed2b848477fa2a4787ba9adf39a41?s=96&d=mm&r=g\",\"url\":\"https:\\\/\\\/secure.gravatar.com\\\/avatar\\\/c7164ed6fdec453195284ad24a5ae5b6e1eed2b848477fa2a4787ba9adf39a41?s=96&d=mm&r=g\",\"contentUrl\":\"https:\\\/\\\/secure.gravatar.com\\\/avatar\\\/c7164ed6fdec453195284ad24a5ae5b6e1eed2b848477fa2a4787ba9adf39a41?s=96&d=mm&r=g\",\"caption\":\"Redacci\u00f3n QP\"},\"url\":\"https:\\\/\\\/quehacerpolitico.mx\\\/?author=2\"}]}<\/script>\n<!-- \/ Yoast SEO plugin. -->","yoast_head_json":{"title":"L9 del Metro CDMX cerrar\u00e1 parcialmente a partir del 17 de diciembre las obras de renivelaci\u00f3n del Metro Pantitl\u00e1n -","robots":{"index":"index","follow":"follow","max-snippet":"max-snippet:-1","max-image-preview":"max-image-preview:large","max-video-preview":"max-video-preview:-1"},"canonical":"https:\/\/quehacerpolitico.mx\/?p=106873","og_locale":"es_MX","og_type":"article","og_title":"L9 del Metro CDMX cerrar\u00e1 parcialmente a partir del 17 de diciembre las obras de renivelaci\u00f3n del Metro Pantitl\u00e1n -","og_description":"Por Redacci\u00f3n QP Mart\u00ed Batres Guadarrama, jefe de Gobierno de la Ciudad de M\u00e9xico (CDMX),...","og_url":"https:\/\/quehacerpolitico.mx\/?p=106873","article_published_time":"2023-12-05T23:17:48+00:00","article_modified_time":"2023-12-05T23:17:50+00:00","og_image":[{"width":640,"height":360,"url":"https:\/\/quehacerpolitico.mx\/wp-content\/uploads\/2023\/12\/IMG_2444.jpeg","type":"image\/jpeg"}],"author":"Redacci\u00f3n QP","twitter_card":"summary_large_image","twitter_misc":{"Escrito por":"Redacci\u00f3n QP","Tiempo de lectura":"2 minutos"},"schema":{"@context":"https:\/\/schema.org","@graph":[{"@type":"Article","@id":"https:\/\/quehacerpolitico.mx\/?p=106873#article","isPartOf":{"@id":"https:\/\/quehacerpolitico.mx\/?p=106873"},"author":{"name":"Redacci\u00f3n QP","@id":"https:\/\/quehacerpolitico.mx\/#\/schema\/person\/496d8ad2d1d3f8036101dca7ee39e585"},"headline":"L9 del Metro CDMX cerrar\u00e1 parcialmente a partir del 17 de diciembre las obras de renivelaci\u00f3n del Metro Pantitl\u00e1n","datePublished":"2023-12-05T23:17:48+00:00","dateModified":"2023-12-05T23:17:50+00:00","mainEntityOfPage":{"@id":"https:\/\/quehacerpolitico.mx\/?p=106873"},"wordCount":391,"commentCount":0,"image":{"@id":"https:\/\/quehacerpolitico.mx\/?p=106873#primaryimage"},"thumbnailUrl":"https:\/\/quehacerpolitico.mx\/wp-content\/uploads\/2023\/12\/IMG_2444.jpeg","articleSection":["CDMX"],"inLanguage":"es","potentialAction":[{"@type":"CommentAction","name":"Comment","target":["https:\/\/quehacerpolitico.mx\/?p=106873#respond"]}]},{"@type":"WebPage","@id":"https:\/\/quehacerpolitico.mx\/?p=106873","url":"https:\/\/quehacerpolitico.mx\/?p=106873","name":"L9 del Metro CDMX cerrar\u00e1 parcialmente a partir del 17 de diciembre las obras de renivelaci\u00f3n del Metro Pantitl\u00e1n -","isPartOf":{"@id":"https:\/\/quehacerpolitico.mx\/#website"},"primaryImageOfPage":{"@id":"https:\/\/quehacerpolitico.mx\/?p=106873#primaryimage"},"image":{"@id":"https:\/\/quehacerpolitico.mx\/?p=106873#primaryimage"},"thumbnailUrl":"https:\/\/quehacerpolitico.mx\/wp-content\/uploads\/2023\/12\/IMG_2444.jpeg","datePublished":"2023-12-05T23:17:48+00:00","dateModified":"2023-12-05T23:17:50+00:00","author":{"@id":"https:\/\/quehacerpolitico.mx\/#\/schema\/person\/496d8ad2d1d3f8036101dca7ee39e585"},"breadcrumb":{"@id":"https:\/\/quehacerpolitico.mx\/?p=106873#breadcrumb"},"inLanguage":"es","potentialAction":[{"@type":"ReadAction","target":["https:\/\/quehacerpolitico.mx\/?p=106873"]}]},{"@type":"ImageObject","inLanguage":"es","@id":"https:\/\/quehacerpolitico.mx\/?p=106873#primaryimage","url":"https:\/\/quehacerpolitico.mx\/wp-content\/uploads\/2023\/12\/IMG_2444.jpeg","contentUrl":"https:\/\/quehacerpolitico.mx\/wp-content\/uploads\/2023\/12\/IMG_2444.jpeg","width":640,"height":360},{"@type":"BreadcrumbList","@id":"https:\/\/quehacerpolitico.mx\/?p=106873#breadcrumb","itemListElement":[{"@type":"ListItem","position":1,"name":"Inicio","item":"https:\/\/quehacerpolitico.mx\/"},{"@type":"ListItem","position":2,"name":"L9 del Metro CDMX cerrar\u00e1 parcialmente a partir del 17 de diciembre las obras de renivelaci\u00f3n del Metro Pantitl\u00e1n"}]},{"@type":"WebSite","@id":"https:\/\/quehacerpolitico.mx\/#website","url":"https:\/\/quehacerpolitico.mx\/","name":"","description":"","potentialAction":[{"@type":"SearchAction","target":{"@type":"EntryPoint","urlTemplate":"https:\/\/quehacerpolitico.mx\/?s={search_term_string}"},"query-input":{"@type":"PropertyValueSpecification","valueRequired":true,"valueName":"search_term_string"}}],"inLanguage":"es"},{"@type":"Person","@id":"https:\/\/quehacerpolitico.mx\/#\/schema\/person\/496d8ad2d1d3f8036101dca7ee39e585","name":"Redacci\u00f3n QP","image":{"@type":"ImageObject","inLanguage":"es","@id":"https:\/\/secure.gravatar.com\/avatar\/c7164ed6fdec453195284ad24a5ae5b6e1eed2b848477fa2a4787ba9adf39a41?s=96&d=mm&r=g","url":"https:\/\/secure.gravatar.com\/avatar\/c7164ed6fdec453195284ad24a5ae5b6e1eed2b848477fa2a4787ba9adf39a41?s=96&d=mm&r=g","contentUrl":"https:\/\/secure.gravatar.com\/avatar\/c7164ed6fdec453195284ad24a5ae5b6e1eed2b848477fa2a4787ba9adf39a41?s=96&d=mm&r=g","caption":"Redacci\u00f3n QP"},"url":"https:\/\/quehacerpolitico.mx\/?author=2"}]}},"featured_image_urls":{"full":["https:\/\/quehacerpolitico.mx\/wp-content\/uploads\/2023\/12\/IMG_2444.jpeg",640,360,false],"thumbnail":["https:\/\/quehacerpolitico.mx\/wp-content\/uploads\/2023\/12\/IMG_2444-150x150.jpeg",150,150,true],"medium":["https:\/\/quehacerpolitico.mx\/wp-content\/uploads\/2023\/12\/IMG_2444-300x169.jpeg",300,169,true],"medium_large":["https:\/\/quehacerpolitico.mx\/wp-content\/uploads\/2023\/12\/IMG_2444.jpeg",640,360,false],"large":["https:\/\/quehacerpolitico.mx\/wp-content\/uploads\/2023\/12\/IMG_2444.jpeg",640,360,false],"1536x1536":["https:\/\/quehacerpolitico.mx\/wp-content\/uploads\/2023\/12\/IMG_2444.jpeg",640,360,false],"2048x2048":["https:\/\/quehacerpolitico.mx\/wp-content\/uploads\/2023\/12\/IMG_2444.jpeg",640,360,false],"covernews-featured":["https:\/\/quehacerpolitico.mx\/wp-content\/uploads\/2023\/12\/IMG_2444.jpeg",640,360,false],"covernews-medium":["https:\/\/quehacerpolitico.mx\/wp-content\/uploads\/2023\/12\/IMG_2444.jpeg",540,304,false]},"author_info":{"display_name":"Redacci\u00f3n QP","author_link":"https:\/\/quehacerpolitico.mx\/?author=2"},"category_info":"<a href=\"https:\/\/quehacerpolitico.mx\/?cat=55\" rel=\"category\">CDMX<\/a>","tag_info":"CDMX","comment_count":"0","_links":{"self":[{"href":"https:\/\/quehacerpolitico.mx\/index.php?rest_route=\/wp\/v2\/posts\/106873","targetHints":{"allow":["GET"]}}],"collection":[{"href":"https:\/\/quehacerpolitico.mx\/index.php?rest_route=\/wp\/v2\/posts"}],"about":[{"href":"https:\/\/quehacerpolitico.mx\/index.php?rest_route=\/wp\/v2\/types\/post"}],"author":[{"embeddable":true,"href":"https:\/\/quehacerpolitico.mx\/index.php?rest_route=\/wp\/v2\/users\/2"}],"replies":[{"embeddable":true,"href":"https:\/\/quehacerpolitico.mx\/index.php?rest_route=%2Fwp%2Fv2%2Fcomments&post=106873"}],"version-history":[{"count":1,"href":"https:\/\/quehacerpolitico.mx\/index.php?rest_route=\/wp\/v2\/posts\/106873\/revisions"}],"predecessor-version":[{"id":106875,"href":"https:\/\/quehacerpolitico.mx\/index.php?rest_route=\/wp\/v2\/posts\/106873\/revisions\/106875"}],"wp:featuredmedia":[{"embeddable":true,"href":"https:\/\/quehacerpolitico.mx\/index.php?rest_route=\/wp\/v2\/media\/106874"}],"wp:attachment":[{"href":"https:\/\/quehacerpolitico.mx\/index.php?rest_route=%2Fwp%2Fv2%2Fmedia&parent=106873"}],"wp:term":[{"taxonomy":"category","embeddable":true,"href":"https:\/\/quehacerpolitico.mx\/index.php?rest_route=%2Fwp%2Fv2%2Fcategories&post=106873"},{"taxonomy":"post_tag","embeddable":true,"href":"https:\/\/quehacerpolitico.mx\/index.php?rest_route=%2Fwp%2Fv2%2Ftags&post=106873"}],"curies":[{"name":"wp","href":"https:\/\/api.w.org\/{rel}","templated":true}]}}