{"id":106780,"date":"2023-12-02T19:17:30","date_gmt":"2023-12-02T19:17:30","guid":{"rendered":"https:\/\/quehacerpolitico.mx\/?p=106780"},"modified":"2023-12-02T19:17:34","modified_gmt":"2023-12-02T19:17:34","slug":"fallece-a-los-84-anos-la-actriz-y-cantante-espanola-concha-velasco-la-chica-yeye","status":"publish","type":"post","link":"https:\/\/quehacerpolitico.mx\/?p=106780","title":{"rendered":"Fallece a los 84 a\u00f1os la actriz y cantante espa\u00f1ola Concha Velasco, la chica yey\u00e9"},"content":{"rendered":"\n<p>Por Redacci\u00f3n QP<\/p>\n\n\n\n<p>La actriz y cantante espa\u00f1ola&nbsp;<strong>Concha Velasco&nbsp;<\/strong>falleci\u00f3 este s\u00e1bado a los&nbsp;<strong>84 a\u00f1os&nbsp;<\/strong>en un hospital de&nbsp;<strong>Madrid<\/strong>, seg\u00fan confirmaron sus hijos, Manuel y Paco Mart\u00ednez.<\/p>\n\n\n\n<p>\u201cLamentamos informar de que nuestra madre, Concha Velasco, ha fallecido (\u2026) a consecuencia de una complicaci\u00f3n en su\u00a0<strong>enfermedad<\/strong>\u201c, explic\u00f3 la familia en un comunicado remitido a los medios de comunicaci\u00f3n.<\/p>\n\n\n\n<p>La capilla ardiente de la artista se instalar\u00e1 hoy en el popular teatro\u00a0<strong>La Latina\u00a0<\/strong>de la capital espa\u00f1ola.<\/p>\n\n\n\n<figure class=\"wp-block-embed is-type-video is-provider-youtube wp-block-embed-youtube wp-embed-aspect-16-9 wp-has-aspect-ratio\"><div class=\"wp-block-embed__wrapper\">\n<iframe loading=\"lazy\" title=\"Muere Concha Velasco a los 84 a\u00f1os\" width=\"640\" height=\"360\" src=\"https:\/\/www.youtube.com\/embed\/JKrKwPIA4ME?feature=oembed\" frameborder=\"0\" allow=\"accelerometer; autoplay; clipboard-write; encrypted-media; gyroscope; picture-in-picture; web-share\" referrerpolicy=\"strict-origin-when-cross-origin\" allowfullscreen><\/iframe>\n<\/div><\/figure>\n\n\n\n<p>Sus hijos agradecieron al personal del&nbsp;<strong>hospital<\/strong>donde falleci\u00f3 y al de las residencias donde vivi\u00f3 en los \u00faltimos a\u00f1os por sus&nbsp;<strong>cuidados<\/strong>&nbsp;\u201cen estos dif\u00edciles tiempos\u201d.<\/p>\n\n\n\n<p>\u201cSomos unos afortunados por haber gozado de la mejor madre del mundo y por recibir el cari\u00f1o de tantos espa\u00f1oles que la quieren y la admiran. Gracias a todos\u201d, a\u00f1aden sus hijos, quienes tambi\u00e9n piden una oraci\u00f3n por el descanso eterno del alma de su&nbsp;<strong>madre<\/strong>.<\/p>\n\n\n\n<p>En el verano de 2021 la salud de la\u00a0<strong>artista<\/strong>\u00a0se deterior\u00f3 dr\u00e1sticamente y sus hijos decidieron en marzo de 2022 trasladarla a una\u00a0<strong>residencia<\/strong>. En diciembre de ese a\u00f1o, tuvo que ser ingresada en el\u00a0<strong>hospital<\/strong>, con problemas de aparato digestivo, h\u00edgado y artritis.<\/p>\n\n\n\n<figure class=\"wp-block-image size-full\"><img loading=\"lazy\" decoding=\"async\" width=\"680\" height=\"338\" src=\"https:\/\/quehacerpolitico.mx\/wp-content\/uploads\/2023\/12\/image-6.jpeg\" alt=\"\" class=\"wp-image-106783\" srcset=\"https:\/\/quehacerpolitico.mx\/wp-content\/uploads\/2023\/12\/image-6.jpeg 680w, https:\/\/quehacerpolitico.mx\/wp-content\/uploads\/2023\/12\/image-6-300x149.jpeg 300w, https:\/\/quehacerpolitico.mx\/wp-content\/uploads\/2023\/12\/image-6-260x129.jpeg 260w, https:\/\/quehacerpolitico.mx\/wp-content\/uploads\/2023\/12\/image-6-50x25.jpeg 50w, https:\/\/quehacerpolitico.mx\/wp-content\/uploads\/2023\/12\/image-6-150x75.jpeg 150w\" sizes=\"auto, (max-width: 680px) 100vw, 680px\" \/><\/figure>\n\n\n\n<p><strong>Concepci\u00f3n Velasco Varona<\/strong>, nacida en Valladolid en 1939, tuvo un linfoma en 2014 que la mantuvo apartada de los&nbsp;<strong>escenarios<\/strong>durante meses y su vuelta fue condicionada a una&nbsp;<strong>vigilancia m\u00e9dica<\/strong>, as\u00ed como a un&nbsp;<strong>reposo<\/strong>que ella misma reconoci\u00f3 que era incapaz de seguir.<\/p>\n\n\n\n<p>La conocida como\u00a0<strong>eterna chica ye ye\u00a0<\/strong>fue una de las artistas m\u00e1s populares y queridas de\u00a0<strong>Espa\u00f1a<\/strong>, con una carrera que comenz\u00f3 muy joven, en una \u00e9poca en la que era conocida como\u00a0<strong>Conchita<\/strong>, marcada por pel\u00edculas como \u201cEl d\u00eda de los enamorados\u201d (1958), \u201cHistorias de la televisi\u00f3n\u201d (1965) o \u201cLas que tienen que servir\u201d (1967).<\/p>\n\n\n\n<figure class=\"wp-block-embed is-type-video is-provider-youtube wp-block-embed-youtube wp-embed-aspect-16-9 wp-has-aspect-ratio\"><div class=\"wp-block-embed__wrapper\">\n<iframe loading=\"lazy\" title=\"Los restos mortales de Concha Velasco llegan al teatro La Latina\" width=\"640\" height=\"360\" src=\"https:\/\/www.youtube.com\/embed\/pcs4cXmgDUg?feature=oembed\" frameborder=\"0\" allow=\"accelerometer; autoplay; clipboard-write; encrypted-media; gyroscope; picture-in-picture; web-share\" referrerpolicy=\"strict-origin-when-cross-origin\" allowfullscreen><\/iframe>\n<\/div><\/figure>\n\n\n\n<p>Velasco dedic\u00f3 mucho tiempo al\u00a0<strong>teatro<\/strong>, con obras como \u201cFilomena Marturano\u201d (1979), \u201cYo me bajo en la pr\u00f3xima, \u00bfy usted?\u201d (1981) \u201cMam\u00e1 quiero ser artista\u201d (1986), \u201cCarmen, Carmen\u201d (1988), \u201cLa truhana\u201d (1992), \u201cLas manzanas del viernes (1999),<strong>\u00a0\u201cHello, Dolly!\u201d\u00a0<\/strong>(2001), \u201cIn\u00e9s desabrochada\u201d (2003) o \u201cH\u00e9cuba\u201d (2013).<\/p>\n\n\n\n<p>Y entre sus papeles&nbsp;<strong>dram\u00e1ticos<\/strong>&nbsp;destacaron el de \u201cTeresa de Jes\u00fas\u201d en la serie de 1983, o los de \u201cTormento\u201d (1974), \u201cPim, pam, pum\u2026 \u00a1fuego!\u201d (1975), \u201cEsquilache\u201d (1989), \u201cM\u00e1s all\u00e1 del jard\u00edn\u201d (1996).<\/p>\n\n\n\n<p>Fue galardonada con el\u00a0<strong>Premio Goya de Honor en 2012<\/strong>, el Max de Honor en 2019, el Valle Incl\u00e1n a mejor actriz por \u201cH\u00e9cuba\u201d en 2015, el Ondas a mejor actriz por \u201cGran Hotel\u201d en 2012 y la Espiga de Oro de la Seminci por \u201cLa hora bruja\u201d en 1985<\/p>\n\n\n\n<p>Con informaci\u00f3n de EFE<\/p>\n","protected":false},"excerpt":{"rendered":"<p>Por Redacci\u00f3n QP La actriz y cantante espa\u00f1ola&nbsp;Concha Velasco&nbsp;falleci\u00f3 este s\u00e1bado a los&nbsp;84 a\u00f1os&nbsp;en un&#8230;<\/p>\n","protected":false},"author":2,"featured_media":106782,"comment_status":"open","ping_status":"open","sticky":false,"template":"","format":"standard","meta":{"_monsterinsights_skip_tracking":false,"_monsterinsights_sitenote_active":false,"_monsterinsights_sitenote_note":"","_monsterinsights_sitenote_category":0,"footnotes":""},"categories":[58],"tags":[],"class_list":["post-106780","post","type-post","status-publish","format-standard","has-post-thumbnail","hentry","category-cultura"],"yoast_head":"<!-- This site is optimized with the Yoast SEO plugin v27.3 - https:\/\/yoast.com\/product\/yoast-seo-wordpress\/ -->\n<title>Fallece a los 84 a\u00f1os la actriz y cantante espa\u00f1ola Concha Velasco, la chica yey\u00e9 -<\/title>\n<meta name=\"robots\" content=\"index, follow, max-snippet:-1, max-image-preview:large, max-video-preview:-1\" \/>\n<link rel=\"canonical\" href=\"https:\/\/quehacerpolitico.mx\/?p=106780\" \/>\n<meta property=\"og:locale\" content=\"es_MX\" \/>\n<meta property=\"og:type\" content=\"article\" \/>\n<meta property=\"og:title\" content=\"Fallece a los 84 a\u00f1os la actriz y cantante espa\u00f1ola Concha Velasco, la chica yey\u00e9 -\" \/>\n<meta property=\"og:description\" content=\"Por Redacci\u00f3n QP La actriz y cantante espa\u00f1ola&nbsp;Concha Velasco&nbsp;falleci\u00f3 este s\u00e1bado a los&nbsp;84 a\u00f1os&nbsp;en un...\" \/>\n<meta property=\"og:url\" content=\"https:\/\/quehacerpolitico.mx\/?p=106780\" \/>\n<meta property=\"article:published_time\" content=\"2023-12-02T19:17:30+00:00\" \/>\n<meta property=\"article:modified_time\" content=\"2023-12-02T19:17:34+00:00\" \/>\n<meta property=\"og:image\" content=\"https:\/\/quehacerpolitico.mx\/wp-content\/uploads\/2023\/12\/IMG_2380.jpeg\" \/>\n\t<meta property=\"og:image:width\" content=\"1262\" \/>\n\t<meta property=\"og:image:height\" content=\"642\" \/>\n\t<meta property=\"og:image:type\" content=\"image\/jpeg\" \/>\n<meta name=\"author\" content=\"Redacci\u00f3n QP\" \/>\n<meta name=\"twitter:card\" content=\"summary_large_image\" \/>\n<meta name=\"twitter:label1\" content=\"Escrito por\" \/>\n\t<meta name=\"twitter:data1\" content=\"Redacci\u00f3n QP\" \/>\n\t<meta name=\"twitter:label2\" content=\"Tiempo de lectura\" \/>\n\t<meta name=\"twitter:data2\" content=\"2 minutos\" \/>\n<script type=\"application\/ld+json\" class=\"yoast-schema-graph\">{\"@context\":\"https:\\\/\\\/schema.org\",\"@graph\":[{\"@type\":\"Article\",\"@id\":\"https:\\\/\\\/quehacerpolitico.mx\\\/?p=106780#article\",\"isPartOf\":{\"@id\":\"https:\\\/\\\/quehacerpolitico.mx\\\/?p=106780\"},\"author\":{\"name\":\"Redacci\u00f3n QP\",\"@id\":\"https:\\\/\\\/quehacerpolitico.mx\\\/#\\\/schema\\\/person\\\/496d8ad2d1d3f8036101dca7ee39e585\"},\"headline\":\"Fallece a los 84 a\u00f1os la actriz y cantante espa\u00f1ola Concha Velasco, la chica yey\u00e9\",\"datePublished\":\"2023-12-02T19:17:30+00:00\",\"dateModified\":\"2023-12-02T19:17:34+00:00\",\"mainEntityOfPage\":{\"@id\":\"https:\\\/\\\/quehacerpolitico.mx\\\/?p=106780\"},\"wordCount\":487,\"commentCount\":0,\"image\":{\"@id\":\"https:\\\/\\\/quehacerpolitico.mx\\\/?p=106780#primaryimage\"},\"thumbnailUrl\":\"https:\\\/\\\/quehacerpolitico.mx\\\/wp-content\\\/uploads\\\/2023\\\/12\\\/IMG_2380.jpeg\",\"articleSection\":[\"Cultura y Entretenimiento\"],\"inLanguage\":\"es\",\"potentialAction\":[{\"@type\":\"CommentAction\",\"name\":\"Comment\",\"target\":[\"https:\\\/\\\/quehacerpolitico.mx\\\/?p=106780#respond\"]}]},{\"@type\":\"WebPage\",\"@id\":\"https:\\\/\\\/quehacerpolitico.mx\\\/?p=106780\",\"url\":\"https:\\\/\\\/quehacerpolitico.mx\\\/?p=106780\",\"name\":\"Fallece a los 84 a\u00f1os la actriz y cantante espa\u00f1ola Concha Velasco, la chica yey\u00e9 -\",\"isPartOf\":{\"@id\":\"https:\\\/\\\/quehacerpolitico.mx\\\/#website\"},\"primaryImageOfPage\":{\"@id\":\"https:\\\/\\\/quehacerpolitico.mx\\\/?p=106780#primaryimage\"},\"image\":{\"@id\":\"https:\\\/\\\/quehacerpolitico.mx\\\/?p=106780#primaryimage\"},\"thumbnailUrl\":\"https:\\\/\\\/quehacerpolitico.mx\\\/wp-content\\\/uploads\\\/2023\\\/12\\\/IMG_2380.jpeg\",\"datePublished\":\"2023-12-02T19:17:30+00:00\",\"dateModified\":\"2023-12-02T19:17:34+00:00\",\"author\":{\"@id\":\"https:\\\/\\\/quehacerpolitico.mx\\\/#\\\/schema\\\/person\\\/496d8ad2d1d3f8036101dca7ee39e585\"},\"breadcrumb\":{\"@id\":\"https:\\\/\\\/quehacerpolitico.mx\\\/?p=106780#breadcrumb\"},\"inLanguage\":\"es\",\"potentialAction\":[{\"@type\":\"ReadAction\",\"target\":[\"https:\\\/\\\/quehacerpolitico.mx\\\/?p=106780\"]}]},{\"@type\":\"ImageObject\",\"inLanguage\":\"es\",\"@id\":\"https:\\\/\\\/quehacerpolitico.mx\\\/?p=106780#primaryimage\",\"url\":\"https:\\\/\\\/quehacerpolitico.mx\\\/wp-content\\\/uploads\\\/2023\\\/12\\\/IMG_2380.jpeg\",\"contentUrl\":\"https:\\\/\\\/quehacerpolitico.mx\\\/wp-content\\\/uploads\\\/2023\\\/12\\\/IMG_2380.jpeg\",\"width\":1262,\"height\":642},{\"@type\":\"BreadcrumbList\",\"@id\":\"https:\\\/\\\/quehacerpolitico.mx\\\/?p=106780#breadcrumb\",\"itemListElement\":[{\"@type\":\"ListItem\",\"position\":1,\"name\":\"Inicio\",\"item\":\"https:\\\/\\\/quehacerpolitico.mx\\\/\"},{\"@type\":\"ListItem\",\"position\":2,\"name\":\"Fallece a los 84 a\u00f1os la actriz y cantante espa\u00f1ola Concha Velasco, la chica yey\u00e9\"}]},{\"@type\":\"WebSite\",\"@id\":\"https:\\\/\\\/quehacerpolitico.mx\\\/#website\",\"url\":\"https:\\\/\\\/quehacerpolitico.mx\\\/\",\"name\":\"\",\"description\":\"\",\"potentialAction\":[{\"@type\":\"SearchAction\",\"target\":{\"@type\":\"EntryPoint\",\"urlTemplate\":\"https:\\\/\\\/quehacerpolitico.mx\\\/?s={search_term_string}\"},\"query-input\":{\"@type\":\"PropertyValueSpecification\",\"valueRequired\":true,\"valueName\":\"search_term_string\"}}],\"inLanguage\":\"es\"},{\"@type\":\"Person\",\"@id\":\"https:\\\/\\\/quehacerpolitico.mx\\\/#\\\/schema\\\/person\\\/496d8ad2d1d3f8036101dca7ee39e585\",\"name\":\"Redacci\u00f3n QP\",\"image\":{\"@type\":\"ImageObject\",\"inLanguage\":\"es\",\"@id\":\"https:\\\/\\\/secure.gravatar.com\\\/avatar\\\/c7164ed6fdec453195284ad24a5ae5b6e1eed2b848477fa2a4787ba9adf39a41?s=96&d=mm&r=g\",\"url\":\"https:\\\/\\\/secure.gravatar.com\\\/avatar\\\/c7164ed6fdec453195284ad24a5ae5b6e1eed2b848477fa2a4787ba9adf39a41?s=96&d=mm&r=g\",\"contentUrl\":\"https:\\\/\\\/secure.gravatar.com\\\/avatar\\\/c7164ed6fdec453195284ad24a5ae5b6e1eed2b848477fa2a4787ba9adf39a41?s=96&d=mm&r=g\",\"caption\":\"Redacci\u00f3n QP\"},\"url\":\"https:\\\/\\\/quehacerpolitico.mx\\\/?author=2\"}]}<\/script>\n<!-- \/ Yoast SEO plugin. -->","yoast_head_json":{"title":"Fallece a los 84 a\u00f1os la actriz y cantante espa\u00f1ola Concha Velasco, la chica yey\u00e9 -","robots":{"index":"index","follow":"follow","max-snippet":"max-snippet:-1","max-image-preview":"max-image-preview:large","max-video-preview":"max-video-preview:-1"},"canonical":"https:\/\/quehacerpolitico.mx\/?p=106780","og_locale":"es_MX","og_type":"article","og_title":"Fallece a los 84 a\u00f1os la actriz y cantante espa\u00f1ola Concha Velasco, la chica yey\u00e9 -","og_description":"Por Redacci\u00f3n QP La actriz y cantante espa\u00f1ola&nbsp;Concha Velasco&nbsp;falleci\u00f3 este s\u00e1bado a los&nbsp;84 a\u00f1os&nbsp;en un...","og_url":"https:\/\/quehacerpolitico.mx\/?p=106780","article_published_time":"2023-12-02T19:17:30+00:00","article_modified_time":"2023-12-02T19:17:34+00:00","og_image":[{"width":1262,"height":642,"url":"https:\/\/quehacerpolitico.mx\/wp-content\/uploads\/2023\/12\/IMG_2380.jpeg","type":"image\/jpeg"}],"author":"Redacci\u00f3n QP","twitter_card":"summary_large_image","twitter_misc":{"Escrito por":"Redacci\u00f3n QP","Tiempo de lectura":"2 minutos"},"schema":{"@context":"https:\/\/schema.org","@graph":[{"@type":"Article","@id":"https:\/\/quehacerpolitico.mx\/?p=106780#article","isPartOf":{"@id":"https:\/\/quehacerpolitico.mx\/?p=106780"},"author":{"name":"Redacci\u00f3n QP","@id":"https:\/\/quehacerpolitico.mx\/#\/schema\/person\/496d8ad2d1d3f8036101dca7ee39e585"},"headline":"Fallece a los 84 a\u00f1os la actriz y cantante espa\u00f1ola Concha Velasco, la chica yey\u00e9","datePublished":"2023-12-02T19:17:30+00:00","dateModified":"2023-12-02T19:17:34+00:00","mainEntityOfPage":{"@id":"https:\/\/quehacerpolitico.mx\/?p=106780"},"wordCount":487,"commentCount":0,"image":{"@id":"https:\/\/quehacerpolitico.mx\/?p=106780#primaryimage"},"thumbnailUrl":"https:\/\/quehacerpolitico.mx\/wp-content\/uploads\/2023\/12\/IMG_2380.jpeg","articleSection":["Cultura y Entretenimiento"],"inLanguage":"es","potentialAction":[{"@type":"CommentAction","name":"Comment","target":["https:\/\/quehacerpolitico.mx\/?p=106780#respond"]}]},{"@type":"WebPage","@id":"https:\/\/quehacerpolitico.mx\/?p=106780","url":"https:\/\/quehacerpolitico.mx\/?p=106780","name":"Fallece a los 84 a\u00f1os la actriz y cantante espa\u00f1ola Concha Velasco, la chica yey\u00e9 -","isPartOf":{"@id":"https:\/\/quehacerpolitico.mx\/#website"},"primaryImageOfPage":{"@id":"https:\/\/quehacerpolitico.mx\/?p=106780#primaryimage"},"image":{"@id":"https:\/\/quehacerpolitico.mx\/?p=106780#primaryimage"},"thumbnailUrl":"https:\/\/quehacerpolitico.mx\/wp-content\/uploads\/2023\/12\/IMG_2380.jpeg","datePublished":"2023-12-02T19:17:30+00:00","dateModified":"2023-12-02T19:17:34+00:00","author":{"@id":"https:\/\/quehacerpolitico.mx\/#\/schema\/person\/496d8ad2d1d3f8036101dca7ee39e585"},"breadcrumb":{"@id":"https:\/\/quehacerpolitico.mx\/?p=106780#breadcrumb"},"inLanguage":"es","potentialAction":[{"@type":"ReadAction","target":["https:\/\/quehacerpolitico.mx\/?p=106780"]}]},{"@type":"ImageObject","inLanguage":"es","@id":"https:\/\/quehacerpolitico.mx\/?p=106780#primaryimage","url":"https:\/\/quehacerpolitico.mx\/wp-content\/uploads\/2023\/12\/IMG_2380.jpeg","contentUrl":"https:\/\/quehacerpolitico.mx\/wp-content\/uploads\/2023\/12\/IMG_2380.jpeg","width":1262,"height":642},{"@type":"BreadcrumbList","@id":"https:\/\/quehacerpolitico.mx\/?p=106780#breadcrumb","itemListElement":[{"@type":"ListItem","position":1,"name":"Inicio","item":"https:\/\/quehacerpolitico.mx\/"},{"@type":"ListItem","position":2,"name":"Fallece a los 84 a\u00f1os la actriz y cantante espa\u00f1ola Concha Velasco, la chica yey\u00e9"}]},{"@type":"WebSite","@id":"https:\/\/quehacerpolitico.mx\/#website","url":"https:\/\/quehacerpolitico.mx\/","name":"","description":"","potentialAction":[{"@type":"SearchAction","target":{"@type":"EntryPoint","urlTemplate":"https:\/\/quehacerpolitico.mx\/?s={search_term_string}"},"query-input":{"@type":"PropertyValueSpecification","valueRequired":true,"valueName":"search_term_string"}}],"inLanguage":"es"},{"@type":"Person","@id":"https:\/\/quehacerpolitico.mx\/#\/schema\/person\/496d8ad2d1d3f8036101dca7ee39e585","name":"Redacci\u00f3n QP","image":{"@type":"ImageObject","inLanguage":"es","@id":"https:\/\/secure.gravatar.com\/avatar\/c7164ed6fdec453195284ad24a5ae5b6e1eed2b848477fa2a4787ba9adf39a41?s=96&d=mm&r=g","url":"https:\/\/secure.gravatar.com\/avatar\/c7164ed6fdec453195284ad24a5ae5b6e1eed2b848477fa2a4787ba9adf39a41?s=96&d=mm&r=g","contentUrl":"https:\/\/secure.gravatar.com\/avatar\/c7164ed6fdec453195284ad24a5ae5b6e1eed2b848477fa2a4787ba9adf39a41?s=96&d=mm&r=g","caption":"Redacci\u00f3n QP"},"url":"https:\/\/quehacerpolitico.mx\/?author=2"}]}},"featured_image_urls":{"full":["https:\/\/quehacerpolitico.mx\/wp-content\/uploads\/2023\/12\/IMG_2380.jpeg",1262,642,false],"thumbnail":["https:\/\/quehacerpolitico.mx\/wp-content\/uploads\/2023\/12\/IMG_2380-150x150.jpeg",150,150,true],"medium":["https:\/\/quehacerpolitico.mx\/wp-content\/uploads\/2023\/12\/IMG_2380-300x153.jpeg",300,153,true],"medium_large":["https:\/\/quehacerpolitico.mx\/wp-content\/uploads\/2023\/12\/IMG_2380-768x391.jpeg",640,326,true],"large":["https:\/\/quehacerpolitico.mx\/wp-content\/uploads\/2023\/12\/IMG_2380-1024x521.jpeg",640,326,true],"1536x1536":["https:\/\/quehacerpolitico.mx\/wp-content\/uploads\/2023\/12\/IMG_2380.jpeg",1262,642,false],"2048x2048":["https:\/\/quehacerpolitico.mx\/wp-content\/uploads\/2023\/12\/IMG_2380.jpeg",1262,642,false],"covernews-featured":["https:\/\/quehacerpolitico.mx\/wp-content\/uploads\/2023\/12\/IMG_2380.jpeg",1024,521,false],"covernews-medium":["https:\/\/quehacerpolitico.mx\/wp-content\/uploads\/2023\/12\/IMG_2380.jpeg",540,275,false]},"author_info":{"display_name":"Redacci\u00f3n QP","author_link":"https:\/\/quehacerpolitico.mx\/?author=2"},"category_info":"<a href=\"https:\/\/quehacerpolitico.mx\/?cat=58\" rel=\"category\">Cultura y Entretenimiento<\/a>","tag_info":"Cultura y Entretenimiento","comment_count":"0","_links":{"self":[{"href":"https:\/\/quehacerpolitico.mx\/index.php?rest_route=\/wp\/v2\/posts\/106780","targetHints":{"allow":["GET"]}}],"collection":[{"href":"https:\/\/quehacerpolitico.mx\/index.php?rest_route=\/wp\/v2\/posts"}],"about":[{"href":"https:\/\/quehacerpolitico.mx\/index.php?rest_route=\/wp\/v2\/types\/post"}],"author":[{"embeddable":true,"href":"https:\/\/quehacerpolitico.mx\/index.php?rest_route=\/wp\/v2\/users\/2"}],"replies":[{"embeddable":true,"href":"https:\/\/quehacerpolitico.mx\/index.php?rest_route=%2Fwp%2Fv2%2Fcomments&post=106780"}],"version-history":[{"count":1,"href":"https:\/\/quehacerpolitico.mx\/index.php?rest_route=\/wp\/v2\/posts\/106780\/revisions"}],"predecessor-version":[{"id":106784,"href":"https:\/\/quehacerpolitico.mx\/index.php?rest_route=\/wp\/v2\/posts\/106780\/revisions\/106784"}],"wp:featuredmedia":[{"embeddable":true,"href":"https:\/\/quehacerpolitico.mx\/index.php?rest_route=\/wp\/v2\/media\/106782"}],"wp:attachment":[{"href":"https:\/\/quehacerpolitico.mx\/index.php?rest_route=%2Fwp%2Fv2%2Fmedia&parent=106780"}],"wp:term":[{"taxonomy":"category","embeddable":true,"href":"https:\/\/quehacerpolitico.mx\/index.php?rest_route=%2Fwp%2Fv2%2Fcategories&post=106780"},{"taxonomy":"post_tag","embeddable":true,"href":"https:\/\/quehacerpolitico.mx\/index.php?rest_route=%2Fwp%2Fv2%2Ftags&post=106780"}],"curies":[{"name":"wp","href":"https:\/\/api.w.org\/{rel}","templated":true}]}}