{"id":106768,"date":"2023-12-02T17:12:36","date_gmt":"2023-12-02T17:12:36","guid":{"rendered":"https:\/\/quehacerpolitico.mx\/?p=106768"},"modified":"2023-12-02T17:12:39","modified_gmt":"2023-12-02T17:12:39","slug":"samuel-garcia-regresa-al-cargo-de-gobernador-de-nuevo-leon-queda-fuera-de-la-candidatura-presidencial-por-mc-se-acabo-el-fosfo-fosfo","status":"publish","type":"post","link":"https:\/\/quehacerpolitico.mx\/?p=106768","title":{"rendered":"Samuel Garc\u00eda regresa al cargo de gobernador de Nuevo Le\u00f3n; queda fuera de la candidatura presidencial por MC se acab\u00f3 el Fosfo Fosfo"},"content":{"rendered":"\n<p>Por Redacci\u00f3n QP<\/p>\n\n\n\n<p><strong>Javier Navarro<\/strong>, secretario de Gobierno de\u00a0<strong>Nuevo Le\u00f3n<\/strong>, inform\u00f3 la madrugada de este s\u00e1bado que Samuel Garc\u00eda reasumir\u00eda el mandato, lo que le impedir\u00eda obtener la candidatura presidencial por Movimiento Ciudadano.<\/p>\n\n\n\n<figure class=\"wp-block-embed is-type-rich is-provider-twitter wp-block-embed-twitter\"><div class=\"wp-block-embed__wrapper\">\n<blockquote class=\"twitter-tweet\" data-width=\"550\" data-dnt=\"true\"><p lang=\"es\" dir=\"ltr\">&quot;No se va a la campa\u00f1a&quot;<br><br>El secretario de Gobierno de NL, Javier Navarro, confirma que Samuel Garc\u00eda deja la contienda presidencial <a href=\"https:\/\/t.co\/svLAZuQsVD\">pic.twitter.com\/svLAZuQsVD<\/a><\/p>&mdash; Manuel Lopez San Martin (@MLopezSanMartin) <a href=\"https:\/\/twitter.com\/MLopezSanMartin\/status\/1730860597213089797?ref_src=twsrc%5Etfw\">December 2, 2023<\/a><\/blockquote><script async src=\"https:\/\/platform.twitter.com\/widgets.js\" charset=\"utf-8\"><\/script>\n<\/div><\/figure>\n\n\n\n<p>Navarro lleg\u00f3 al\u00a0<strong>Palacio de Gobierno<\/strong>\u00a0e inform\u00f3 la decisi\u00f3n de Garc\u00eda a\u00a0<strong>Luis Enrique Orozco<\/strong>, quien momentos antes hab\u00eda asumido como gobernador interino.<\/p>\n\n\n\n<figure class=\"wp-block-embed is-type-rich is-provider-twitter wp-block-embed-twitter\"><div class=\"wp-block-embed__wrapper\">\n<blockquote class=\"twitter-tweet\" data-width=\"550\" data-dnt=\"true\"><p lang=\"es\" dir=\"ltr\">\ud83d\udea8 Luis Enrique Orozco llega a Palacio de Gobierno de Nuevo Le\u00f3n <a href=\"https:\/\/t.co\/BHA2ySqMk1\">pic.twitter.com\/BHA2ySqMk1<\/a><\/p>&mdash; Manuel Lopez San Martin (@MLopezSanMartin) <a href=\"https:\/\/twitter.com\/MLopezSanMartin\/status\/1730832903448490063?ref_src=twsrc%5Etfw\">December 2, 2023<\/a><\/blockquote><script async src=\"https:\/\/platform.twitter.com\/widgets.js\" charset=\"utf-8\"><\/script>\n<\/div><\/figure>\n\n\n\n<figure class=\"wp-block-embed is-type-rich is-provider-twitter wp-block-embed-twitter\"><div class=\"wp-block-embed__wrapper\">\n<blockquote class=\"twitter-tweet\" data-width=\"550\" data-dnt=\"true\"><p lang=\"es\" dir=\"ltr\">\ud83d\udea8 Luis Enrique Orozco, gobernador interino designado por el Congreso local, entra a Palacio de Gobierno de Nuevo Le\u00f3n <a href=\"https:\/\/t.co\/gWYWuhoN6S\">pic.twitter.com\/gWYWuhoN6S<\/a><\/p>&mdash; Manuel Lopez San Martin (@MLopezSanMartin) <a href=\"https:\/\/twitter.com\/MLopezSanMartin\/status\/1730835434580897930?ref_src=twsrc%5Etfw\">December 2, 2023<\/a><\/blockquote><script async src=\"https:\/\/platform.twitter.com\/widgets.js\" charset=\"utf-8\"><\/script>\n<\/div><\/figure>\n\n\n\n<p>Horas antes, la Suprema Corte de Justicia de la Naci\u00f3n determin\u00f3 que Orozco deb\u00eda asumir el Poder Ejecutivo estatal, esto al ser designado por el Congreso local<a href=\"https:\/\/twitter.com\/nuevoleon\">.<\/a><\/p>\n\n\n\n<p>\u201cAsimismo, que cualquier autoridad se abstenga de realizar nueva designaci\u00f3n o nombramiento alguno sobre la titularidad del\u00a0<strong>Poder Ejecutivo<\/strong>, sin importar su denominaci\u00f3n, hasta en tanto se resuelva en definitiva la presente controversia constitucional\u201d, inform\u00f3 la\u00a0<strong>Suprema Corte<\/strong>\u00a0en un comunicado.<\/p>\n\n\n\n<figure class=\"wp-block-image size-large\"><img loading=\"lazy\" decoding=\"async\" width=\"763\" height=\"1024\" src=\"https:\/\/quehacerpolitico.mx\/wp-content\/uploads\/2023\/12\/image-4-763x1024.jpeg\" alt=\"\" class=\"wp-image-106772\" srcset=\"https:\/\/quehacerpolitico.mx\/wp-content\/uploads\/2023\/12\/image-4-763x1024.jpeg 763w, https:\/\/quehacerpolitico.mx\/wp-content\/uploads\/2023\/12\/image-4-224x300.jpeg 224w, https:\/\/quehacerpolitico.mx\/wp-content\/uploads\/2023\/12\/image-4-768x1031.jpeg 768w, https:\/\/quehacerpolitico.mx\/wp-content\/uploads\/2023\/12\/image-4-1145x1536.jpeg 1145w, https:\/\/quehacerpolitico.mx\/wp-content\/uploads\/2023\/12\/image-4-109x146.jpeg 109w, https:\/\/quehacerpolitico.mx\/wp-content\/uploads\/2023\/12\/image-4-37x50.jpeg 37w, https:\/\/quehacerpolitico.mx\/wp-content\/uploads\/2023\/12\/image-4-56x75.jpeg 56w, https:\/\/quehacerpolitico.mx\/wp-content\/uploads\/2023\/12\/image-4.jpeg 1290w\" sizes=\"auto, (max-width: 763px) 100vw, 763px\" \/><\/figure>\n\n\n\n<figure class=\"wp-block-image size-large\"><img loading=\"lazy\" decoding=\"async\" width=\"642\" height=\"1024\" src=\"https:\/\/quehacerpolitico.mx\/wp-content\/uploads\/2023\/12\/image-3-642x1024.jpeg\" alt=\"\" class=\"wp-image-106771\" srcset=\"https:\/\/quehacerpolitico.mx\/wp-content\/uploads\/2023\/12\/image-3-642x1024.jpeg 642w, https:\/\/quehacerpolitico.mx\/wp-content\/uploads\/2023\/12\/image-3-188x300.jpeg 188w, https:\/\/quehacerpolitico.mx\/wp-content\/uploads\/2023\/12\/image-3-768x1226.jpeg 768w, https:\/\/quehacerpolitico.mx\/wp-content\/uploads\/2023\/12\/image-3-962x1536.jpeg 962w, https:\/\/quehacerpolitico.mx\/wp-content\/uploads\/2023\/12\/image-3-91x146.jpeg 91w, https:\/\/quehacerpolitico.mx\/wp-content\/uploads\/2023\/12\/image-3-31x50.jpeg 31w, https:\/\/quehacerpolitico.mx\/wp-content\/uploads\/2023\/12\/image-3-47x75.jpeg 47w, https:\/\/quehacerpolitico.mx\/wp-content\/uploads\/2023\/12\/image-3.jpeg 1208w\" sizes=\"auto, (max-width: 642px) 100vw, 642px\" \/><\/figure>\n\n\n\n<p>Samuel Garc\u00eda hab\u00eda asegurado que Navarro quedar\u00eda como encargado de despacho, esto despu\u00e9s de que un juez fall\u00f3 a su favor. Sin embargo, la decisi\u00f3n de la Suprema Corte orill\u00f3 a que Orozco asistiera al Palacio de Gobierno a asumir el cargo.<\/p>\n\n\n\n<figure class=\"wp-block-embed is-type-rich is-provider-twitter wp-block-embed-twitter\"><div class=\"wp-block-embed__wrapper\">\n<blockquote class=\"twitter-tweet\" data-width=\"550\" data-dnt=\"true\"><p lang=\"es\" dir=\"ltr\">\ud83d\udea8 Samuel Garc\u00eda asegura que Javier Navarro quedar\u00e1 encargado del gobierno de Nuevo Le\u00f3n, mientras \u00e9l se va de candidato <a href=\"https:\/\/t.co\/yXoTDmKbjz\">pic.twitter.com\/yXoTDmKbjz<\/a><\/p>&mdash; Manuel Lopez San Martin (@MLopezSanMartin) <a href=\"https:\/\/twitter.com\/MLopezSanMartin\/status\/1730779947873275932?ref_src=twsrc%5Etfw\">December 2, 2023<\/a><\/blockquote><script async src=\"https:\/\/platform.twitter.com\/widgets.js\" charset=\"utf-8\"><\/script>\n<\/div><\/figure>\n\n\n\n<p>Para que el aspirante presidencial emecista pudiera obtener la candidatura, deb\u00eda no haber ocupado un cargo p\u00fablico seis meses antes. La fecha l\u00edmite venci\u00f3 este s\u00e1bado.&nbsp;<\/p>\n\n\n\n<p>\u201cEs un requisito para ser candidato para la presidencia, la separaci\u00f3n del cargo y as\u00ed est\u00e1 establecido en la\u00a0<strong>Constituci\u00f3n<\/strong>\u201d, dijo la presidenta de la Comisi\u00f3n de Quejas y Denuncias del Instituto Nacional Electoral (INE), Claudia Zavala.<\/p>\n\n\n\n<figure class=\"wp-block-embed is-type-rich is-provider-twitter wp-block-embed-twitter\"><div class=\"wp-block-embed__wrapper\">\n<blockquote class=\"twitter-tweet\" data-width=\"550\" data-dnt=\"true\"><p lang=\"es\" dir=\"ltr\">Pese a la suspensi\u00f3n de un juez local, que fren\u00f3 la licencia solicitada por el gobernador de Nuevo Le\u00f3n, Samuel Garc\u00eda, tiene que separarse de su cargo hoy mismo para poder obtener el registro como candidato a la Presidencia, \u201cEs un requisito constitucional\u201d, explic\u00f3 la consejera\u2026 <a href=\"https:\/\/t.co\/ldwn4bebjk\">pic.twitter.com\/ldwn4bebjk<\/a><\/p>&mdash; Azucena Uresti (@azucenau) <a href=\"https:\/\/twitter.com\/azucenau\/status\/1730701188327223327?ref_src=twsrc%5Etfw\">December 1, 2023<\/a><\/blockquote><script async src=\"https:\/\/platform.twitter.com\/widgets.js\" charset=\"utf-8\"><\/script>\n<\/div><\/figure>\n\n\n\n<p>Samuel Garc\u00eda Sep\u00falveda inform\u00f3 en la madrugada que \u201cest\u00e1 garantizando la estabilidad pol\u00edtica de Nuevo Le\u00f3n, como asegur\u00f3 desde el inicio de su mandato, por esta raz\u00f3n, la gira programada para este fin de semana, se pospone hasta nuevo aviso\u201d.<\/p>\n\n\n\n<figure class=\"wp-block-image size-large\"><img loading=\"lazy\" decoding=\"async\" width=\"763\" height=\"1024\" src=\"https:\/\/quehacerpolitico.mx\/wp-content\/uploads\/2023\/12\/image-2-763x1024.jpeg\" alt=\"\" class=\"wp-image-106770\" srcset=\"https:\/\/quehacerpolitico.mx\/wp-content\/uploads\/2023\/12\/image-2-763x1024.jpeg 763w, https:\/\/quehacerpolitico.mx\/wp-content\/uploads\/2023\/12\/image-2-224x300.jpeg 224w, https:\/\/quehacerpolitico.mx\/wp-content\/uploads\/2023\/12\/image-2-768x1031.jpeg 768w, https:\/\/quehacerpolitico.mx\/wp-content\/uploads\/2023\/12\/image-2-1145x1536.jpeg 1145w, https:\/\/quehacerpolitico.mx\/wp-content\/uploads\/2023\/12\/image-2-109x146.jpeg 109w, https:\/\/quehacerpolitico.mx\/wp-content\/uploads\/2023\/12\/image-2-37x50.jpeg 37w, https:\/\/quehacerpolitico.mx\/wp-content\/uploads\/2023\/12\/image-2-56x75.jpeg 56w, https:\/\/quehacerpolitico.mx\/wp-content\/uploads\/2023\/12\/image-2.jpeg 1290w\" sizes=\"auto, (max-width: 763px) 100vw, 763px\" \/><\/figure>\n\n\n\n<figure class=\"wp-block-image size-large\"><img loading=\"lazy\" decoding=\"async\" width=\"780\" height=\"1024\" src=\"https:\/\/quehacerpolitico.mx\/wp-content\/uploads\/2023\/12\/image-1-780x1024.jpeg\" alt=\"\" class=\"wp-image-106769\" srcset=\"https:\/\/quehacerpolitico.mx\/wp-content\/uploads\/2023\/12\/image-1-780x1024.jpeg 780w, https:\/\/quehacerpolitico.mx\/wp-content\/uploads\/2023\/12\/image-1-228x300.jpeg 228w, https:\/\/quehacerpolitico.mx\/wp-content\/uploads\/2023\/12\/image-1-768x1008.jpeg 768w, https:\/\/quehacerpolitico.mx\/wp-content\/uploads\/2023\/12\/image-1-1170x1536.jpeg 1170w, https:\/\/quehacerpolitico.mx\/wp-content\/uploads\/2023\/12\/image-1-111x146.jpeg 111w, https:\/\/quehacerpolitico.mx\/wp-content\/uploads\/2023\/12\/image-1-38x50.jpeg 38w, https:\/\/quehacerpolitico.mx\/wp-content\/uploads\/2023\/12\/image-1-57x75.jpeg 57w, https:\/\/quehacerpolitico.mx\/wp-content\/uploads\/2023\/12\/image-1.jpeg 1271w\" sizes=\"auto, (max-width: 780px) 100vw, 780px\" \/><\/figure>\n\n\n\n<figure class=\"wp-block-embed is-type-rich is-provider-twitter wp-block-embed-twitter\"><div class=\"wp-block-embed__wrapper\">\n<blockquote class=\"twitter-tweet\" data-width=\"550\" data-dnt=\"true\"><p lang=\"es\" dir=\"ltr\">\ud83d\udea8 Samuel Garc\u00eda reasumir\u00e1 como gobernador de Nuevo Le\u00f3n<br><br>Ya no puede ser candidato presidencial<br><br>El secretario general de Gobierno, Javier Navarro, interrumpe el mensaje del gobernador interino Luis Enrique Orozco para decir que Garc\u00eda regresa al cargo <a href=\"https:\/\/t.co\/m4wQhCw5o6\">pic.twitter.com\/m4wQhCw5o6<\/a><\/p>&mdash; Manuel Lopez San Martin (@MLopezSanMartin) <a href=\"https:\/\/twitter.com\/MLopezSanMartin\/status\/1730854924374949905?ref_src=twsrc%5Etfw\">December 2, 2023<\/a><\/blockquote><script async src=\"https:\/\/platform.twitter.com\/widgets.js\" charset=\"utf-8\"><\/script>\n<\/div><\/figure>\n\n\n\n<figure class=\"wp-block-embed is-type-rich is-provider-twitter wp-block-embed-twitter\"><div class=\"wp-block-embed__wrapper\">\n<blockquote class=\"twitter-tweet\" data-width=\"550\" data-dnt=\"true\"><p lang=\"es\" dir=\"ltr\"><a href=\"https:\/\/twitter.com\/hashtag\/%C3%9ALTIMAHORA?src=hash&amp;ref_src=twsrc%5Etfw\">#\u00daLTIMAHORA<\/a> | Sin responder a los cuestionamientos de la prensa, as\u00ed fue como Samuel Garc\u00eda sali\u00f3 de palacio de gobierno, luego de que se anunci\u00f3 que retomar\u00eda su cargo como gobernador <a href=\"https:\/\/t.co\/ErU5LwL3mF\">pic.twitter.com\/ErU5LwL3mF<\/a><\/p>&mdash; Azucena Uresti (@azucenau) <a href=\"https:\/\/twitter.com\/azucenau\/status\/1730862179153277033?ref_src=twsrc%5Etfw\">December 2, 2023<\/a><\/blockquote><script async src=\"https:\/\/platform.twitter.com\/widgets.js\" charset=\"utf-8\"><\/script>\n<\/div><\/figure>\n","protected":false},"excerpt":{"rendered":"<p>Por Redacci\u00f3n QP Javier Navarro, secretario de Gobierno de\u00a0Nuevo Le\u00f3n, inform\u00f3 la madrugada de este&#8230;<\/p>\n","protected":false},"author":2,"featured_media":106773,"comment_status":"open","ping_status":"open","sticky":false,"template":"","format":"standard","meta":{"_monsterinsights_skip_tracking":false,"_monsterinsights_sitenote_active":false,"_monsterinsights_sitenote_note":"","_monsterinsights_sitenote_category":0,"footnotes":""},"categories":[2],"tags":[],"class_list":["post-106768","post","type-post","status-publish","format-standard","has-post-thumbnail","hentry","category-noticias"],"yoast_head":"<!-- This site is optimized with the Yoast SEO plugin v27.3 - https:\/\/yoast.com\/product\/yoast-seo-wordpress\/ -->\n<title>Samuel Garc\u00eda regresa al cargo de gobernador de Nuevo Le\u00f3n; queda fuera de la candidatura presidencial por MC se acab\u00f3 el Fosfo Fosfo -<\/title>\n<meta name=\"robots\" content=\"index, follow, max-snippet:-1, max-image-preview:large, max-video-preview:-1\" \/>\n<link rel=\"canonical\" href=\"https:\/\/quehacerpolitico.mx\/?p=106768\" \/>\n<meta property=\"og:locale\" content=\"es_MX\" \/>\n<meta property=\"og:type\" content=\"article\" \/>\n<meta property=\"og:title\" content=\"Samuel Garc\u00eda regresa al cargo de gobernador de Nuevo Le\u00f3n; queda fuera de la candidatura presidencial por MC se acab\u00f3 el Fosfo Fosfo -\" \/>\n<meta property=\"og:description\" content=\"Por Redacci\u00f3n QP Javier Navarro, secretario de Gobierno de\u00a0Nuevo Le\u00f3n, inform\u00f3 la madrugada de este...\" \/>\n<meta property=\"og:url\" content=\"https:\/\/quehacerpolitico.mx\/?p=106768\" \/>\n<meta property=\"article:published_time\" content=\"2023-12-02T17:12:36+00:00\" \/>\n<meta property=\"article:modified_time\" content=\"2023-12-02T17:12:39+00:00\" \/>\n<meta property=\"og:image\" content=\"https:\/\/quehacerpolitico.mx\/wp-content\/uploads\/2023\/12\/IMG_2373.webp\" \/>\n\t<meta property=\"og:image:width\" content=\"355\" \/>\n\t<meta property=\"og:image:height\" content=\"223\" \/>\n\t<meta property=\"og:image:type\" content=\"image\/webp\" \/>\n<meta name=\"author\" content=\"Redacci\u00f3n QP\" \/>\n<meta name=\"twitter:card\" content=\"summary_large_image\" \/>\n<meta name=\"twitter:label1\" content=\"Escrito por\" \/>\n\t<meta name=\"twitter:data1\" content=\"Redacci\u00f3n QP\" \/>\n\t<meta name=\"twitter:label2\" content=\"Tiempo de lectura\" \/>\n\t<meta name=\"twitter:data2\" content=\"2 minutos\" \/>\n<script type=\"application\/ld+json\" class=\"yoast-schema-graph\">{\"@context\":\"https:\\\/\\\/schema.org\",\"@graph\":[{\"@type\":\"Article\",\"@id\":\"https:\\\/\\\/quehacerpolitico.mx\\\/?p=106768#article\",\"isPartOf\":{\"@id\":\"https:\\\/\\\/quehacerpolitico.mx\\\/?p=106768\"},\"author\":{\"name\":\"Redacci\u00f3n QP\",\"@id\":\"https:\\\/\\\/quehacerpolitico.mx\\\/#\\\/schema\\\/person\\\/496d8ad2d1d3f8036101dca7ee39e585\"},\"headline\":\"Samuel Garc\u00eda regresa al cargo de gobernador de Nuevo Le\u00f3n; queda fuera de la candidatura presidencial por MC se acab\u00f3 el Fosfo Fosfo\",\"datePublished\":\"2023-12-02T17:12:36+00:00\",\"dateModified\":\"2023-12-02T17:12:39+00:00\",\"mainEntityOfPage\":{\"@id\":\"https:\\\/\\\/quehacerpolitico.mx\\\/?p=106768\"},\"wordCount\":404,\"commentCount\":0,\"image\":{\"@id\":\"https:\\\/\\\/quehacerpolitico.mx\\\/?p=106768#primaryimage\"},\"thumbnailUrl\":\"https:\\\/\\\/quehacerpolitico.mx\\\/wp-content\\\/uploads\\\/2023\\\/12\\\/IMG_2373.webp\",\"articleSection\":[\"Noticias\"],\"inLanguage\":\"es\",\"potentialAction\":[{\"@type\":\"CommentAction\",\"name\":\"Comment\",\"target\":[\"https:\\\/\\\/quehacerpolitico.mx\\\/?p=106768#respond\"]}]},{\"@type\":\"WebPage\",\"@id\":\"https:\\\/\\\/quehacerpolitico.mx\\\/?p=106768\",\"url\":\"https:\\\/\\\/quehacerpolitico.mx\\\/?p=106768\",\"name\":\"Samuel Garc\u00eda regresa al cargo de gobernador de Nuevo Le\u00f3n; queda fuera de la candidatura presidencial por MC se acab\u00f3 el Fosfo Fosfo -\",\"isPartOf\":{\"@id\":\"https:\\\/\\\/quehacerpolitico.mx\\\/#website\"},\"primaryImageOfPage\":{\"@id\":\"https:\\\/\\\/quehacerpolitico.mx\\\/?p=106768#primaryimage\"},\"image\":{\"@id\":\"https:\\\/\\\/quehacerpolitico.mx\\\/?p=106768#primaryimage\"},\"thumbnailUrl\":\"https:\\\/\\\/quehacerpolitico.mx\\\/wp-content\\\/uploads\\\/2023\\\/12\\\/IMG_2373.webp\",\"datePublished\":\"2023-12-02T17:12:36+00:00\",\"dateModified\":\"2023-12-02T17:12:39+00:00\",\"author\":{\"@id\":\"https:\\\/\\\/quehacerpolitico.mx\\\/#\\\/schema\\\/person\\\/496d8ad2d1d3f8036101dca7ee39e585\"},\"breadcrumb\":{\"@id\":\"https:\\\/\\\/quehacerpolitico.mx\\\/?p=106768#breadcrumb\"},\"inLanguage\":\"es\",\"potentialAction\":[{\"@type\":\"ReadAction\",\"target\":[\"https:\\\/\\\/quehacerpolitico.mx\\\/?p=106768\"]}]},{\"@type\":\"ImageObject\",\"inLanguage\":\"es\",\"@id\":\"https:\\\/\\\/quehacerpolitico.mx\\\/?p=106768#primaryimage\",\"url\":\"https:\\\/\\\/quehacerpolitico.mx\\\/wp-content\\\/uploads\\\/2023\\\/12\\\/IMG_2373.webp\",\"contentUrl\":\"https:\\\/\\\/quehacerpolitico.mx\\\/wp-content\\\/uploads\\\/2023\\\/12\\\/IMG_2373.webp\",\"width\":355,\"height\":223},{\"@type\":\"BreadcrumbList\",\"@id\":\"https:\\\/\\\/quehacerpolitico.mx\\\/?p=106768#breadcrumb\",\"itemListElement\":[{\"@type\":\"ListItem\",\"position\":1,\"name\":\"Inicio\",\"item\":\"https:\\\/\\\/quehacerpolitico.mx\\\/\"},{\"@type\":\"ListItem\",\"position\":2,\"name\":\"Samuel Garc\u00eda regresa al cargo de gobernador de Nuevo Le\u00f3n; queda fuera de la candidatura presidencial por MC se acab\u00f3 el Fosfo Fosfo\"}]},{\"@type\":\"WebSite\",\"@id\":\"https:\\\/\\\/quehacerpolitico.mx\\\/#website\",\"url\":\"https:\\\/\\\/quehacerpolitico.mx\\\/\",\"name\":\"\",\"description\":\"\",\"potentialAction\":[{\"@type\":\"SearchAction\",\"target\":{\"@type\":\"EntryPoint\",\"urlTemplate\":\"https:\\\/\\\/quehacerpolitico.mx\\\/?s={search_term_string}\"},\"query-input\":{\"@type\":\"PropertyValueSpecification\",\"valueRequired\":true,\"valueName\":\"search_term_string\"}}],\"inLanguage\":\"es\"},{\"@type\":\"Person\",\"@id\":\"https:\\\/\\\/quehacerpolitico.mx\\\/#\\\/schema\\\/person\\\/496d8ad2d1d3f8036101dca7ee39e585\",\"name\":\"Redacci\u00f3n QP\",\"image\":{\"@type\":\"ImageObject\",\"inLanguage\":\"es\",\"@id\":\"https:\\\/\\\/secure.gravatar.com\\\/avatar\\\/c7164ed6fdec453195284ad24a5ae5b6e1eed2b848477fa2a4787ba9adf39a41?s=96&d=mm&r=g\",\"url\":\"https:\\\/\\\/secure.gravatar.com\\\/avatar\\\/c7164ed6fdec453195284ad24a5ae5b6e1eed2b848477fa2a4787ba9adf39a41?s=96&d=mm&r=g\",\"contentUrl\":\"https:\\\/\\\/secure.gravatar.com\\\/avatar\\\/c7164ed6fdec453195284ad24a5ae5b6e1eed2b848477fa2a4787ba9adf39a41?s=96&d=mm&r=g\",\"caption\":\"Redacci\u00f3n QP\"},\"url\":\"https:\\\/\\\/quehacerpolitico.mx\\\/?author=2\"}]}<\/script>\n<!-- \/ Yoast SEO plugin. -->","yoast_head_json":{"title":"Samuel Garc\u00eda regresa al cargo de gobernador de Nuevo Le\u00f3n; queda fuera de la candidatura presidencial por MC se acab\u00f3 el Fosfo Fosfo -","robots":{"index":"index","follow":"follow","max-snippet":"max-snippet:-1","max-image-preview":"max-image-preview:large","max-video-preview":"max-video-preview:-1"},"canonical":"https:\/\/quehacerpolitico.mx\/?p=106768","og_locale":"es_MX","og_type":"article","og_title":"Samuel Garc\u00eda regresa al cargo de gobernador de Nuevo Le\u00f3n; queda fuera de la candidatura presidencial por MC se acab\u00f3 el Fosfo Fosfo -","og_description":"Por Redacci\u00f3n QP Javier Navarro, secretario de Gobierno de\u00a0Nuevo Le\u00f3n, inform\u00f3 la madrugada de este...","og_url":"https:\/\/quehacerpolitico.mx\/?p=106768","article_published_time":"2023-12-02T17:12:36+00:00","article_modified_time":"2023-12-02T17:12:39+00:00","og_image":[{"width":355,"height":223,"url":"https:\/\/quehacerpolitico.mx\/wp-content\/uploads\/2023\/12\/IMG_2373.webp","type":"image\/webp"}],"author":"Redacci\u00f3n QP","twitter_card":"summary_large_image","twitter_misc":{"Escrito por":"Redacci\u00f3n QP","Tiempo de lectura":"2 minutos"},"schema":{"@context":"https:\/\/schema.org","@graph":[{"@type":"Article","@id":"https:\/\/quehacerpolitico.mx\/?p=106768#article","isPartOf":{"@id":"https:\/\/quehacerpolitico.mx\/?p=106768"},"author":{"name":"Redacci\u00f3n QP","@id":"https:\/\/quehacerpolitico.mx\/#\/schema\/person\/496d8ad2d1d3f8036101dca7ee39e585"},"headline":"Samuel Garc\u00eda regresa al cargo de gobernador de Nuevo Le\u00f3n; queda fuera de la candidatura presidencial por MC se acab\u00f3 el Fosfo Fosfo","datePublished":"2023-12-02T17:12:36+00:00","dateModified":"2023-12-02T17:12:39+00:00","mainEntityOfPage":{"@id":"https:\/\/quehacerpolitico.mx\/?p=106768"},"wordCount":404,"commentCount":0,"image":{"@id":"https:\/\/quehacerpolitico.mx\/?p=106768#primaryimage"},"thumbnailUrl":"https:\/\/quehacerpolitico.mx\/wp-content\/uploads\/2023\/12\/IMG_2373.webp","articleSection":["Noticias"],"inLanguage":"es","potentialAction":[{"@type":"CommentAction","name":"Comment","target":["https:\/\/quehacerpolitico.mx\/?p=106768#respond"]}]},{"@type":"WebPage","@id":"https:\/\/quehacerpolitico.mx\/?p=106768","url":"https:\/\/quehacerpolitico.mx\/?p=106768","name":"Samuel Garc\u00eda regresa al cargo de gobernador de Nuevo Le\u00f3n; queda fuera de la candidatura presidencial por MC se acab\u00f3 el Fosfo Fosfo -","isPartOf":{"@id":"https:\/\/quehacerpolitico.mx\/#website"},"primaryImageOfPage":{"@id":"https:\/\/quehacerpolitico.mx\/?p=106768#primaryimage"},"image":{"@id":"https:\/\/quehacerpolitico.mx\/?p=106768#primaryimage"},"thumbnailUrl":"https:\/\/quehacerpolitico.mx\/wp-content\/uploads\/2023\/12\/IMG_2373.webp","datePublished":"2023-12-02T17:12:36+00:00","dateModified":"2023-12-02T17:12:39+00:00","author":{"@id":"https:\/\/quehacerpolitico.mx\/#\/schema\/person\/496d8ad2d1d3f8036101dca7ee39e585"},"breadcrumb":{"@id":"https:\/\/quehacerpolitico.mx\/?p=106768#breadcrumb"},"inLanguage":"es","potentialAction":[{"@type":"ReadAction","target":["https:\/\/quehacerpolitico.mx\/?p=106768"]}]},{"@type":"ImageObject","inLanguage":"es","@id":"https:\/\/quehacerpolitico.mx\/?p=106768#primaryimage","url":"https:\/\/quehacerpolitico.mx\/wp-content\/uploads\/2023\/12\/IMG_2373.webp","contentUrl":"https:\/\/quehacerpolitico.mx\/wp-content\/uploads\/2023\/12\/IMG_2373.webp","width":355,"height":223},{"@type":"BreadcrumbList","@id":"https:\/\/quehacerpolitico.mx\/?p=106768#breadcrumb","itemListElement":[{"@type":"ListItem","position":1,"name":"Inicio","item":"https:\/\/quehacerpolitico.mx\/"},{"@type":"ListItem","position":2,"name":"Samuel Garc\u00eda regresa al cargo de gobernador de Nuevo Le\u00f3n; queda fuera de la candidatura presidencial por MC se acab\u00f3 el Fosfo Fosfo"}]},{"@type":"WebSite","@id":"https:\/\/quehacerpolitico.mx\/#website","url":"https:\/\/quehacerpolitico.mx\/","name":"","description":"","potentialAction":[{"@type":"SearchAction","target":{"@type":"EntryPoint","urlTemplate":"https:\/\/quehacerpolitico.mx\/?s={search_term_string}"},"query-input":{"@type":"PropertyValueSpecification","valueRequired":true,"valueName":"search_term_string"}}],"inLanguage":"es"},{"@type":"Person","@id":"https:\/\/quehacerpolitico.mx\/#\/schema\/person\/496d8ad2d1d3f8036101dca7ee39e585","name":"Redacci\u00f3n QP","image":{"@type":"ImageObject","inLanguage":"es","@id":"https:\/\/secure.gravatar.com\/avatar\/c7164ed6fdec453195284ad24a5ae5b6e1eed2b848477fa2a4787ba9adf39a41?s=96&d=mm&r=g","url":"https:\/\/secure.gravatar.com\/avatar\/c7164ed6fdec453195284ad24a5ae5b6e1eed2b848477fa2a4787ba9adf39a41?s=96&d=mm&r=g","contentUrl":"https:\/\/secure.gravatar.com\/avatar\/c7164ed6fdec453195284ad24a5ae5b6e1eed2b848477fa2a4787ba9adf39a41?s=96&d=mm&r=g","caption":"Redacci\u00f3n QP"},"url":"https:\/\/quehacerpolitico.mx\/?author=2"}]}},"featured_image_urls":{"full":["https:\/\/quehacerpolitico.mx\/wp-content\/uploads\/2023\/12\/IMG_2373.webp",355,223,false],"thumbnail":["https:\/\/quehacerpolitico.mx\/wp-content\/uploads\/2023\/12\/IMG_2373-150x150.webp",150,150,true],"medium":["https:\/\/quehacerpolitico.mx\/wp-content\/uploads\/2023\/12\/IMG_2373-300x188.webp",300,188,true],"medium_large":["https:\/\/quehacerpolitico.mx\/wp-content\/uploads\/2023\/12\/IMG_2373.webp",355,223,false],"large":["https:\/\/quehacerpolitico.mx\/wp-content\/uploads\/2023\/12\/IMG_2373.webp",355,223,false],"1536x1536":["https:\/\/quehacerpolitico.mx\/wp-content\/uploads\/2023\/12\/IMG_2373.webp",355,223,false],"2048x2048":["https:\/\/quehacerpolitico.mx\/wp-content\/uploads\/2023\/12\/IMG_2373.webp",355,223,false],"covernews-featured":["https:\/\/quehacerpolitico.mx\/wp-content\/uploads\/2023\/12\/IMG_2373.webp",355,223,false],"covernews-medium":["https:\/\/quehacerpolitico.mx\/wp-content\/uploads\/2023\/12\/IMG_2373.webp",355,223,false]},"author_info":{"display_name":"Redacci\u00f3n QP","author_link":"https:\/\/quehacerpolitico.mx\/?author=2"},"category_info":"<a href=\"https:\/\/quehacerpolitico.mx\/?cat=2\" rel=\"category\">Noticias<\/a>","tag_info":"Noticias","comment_count":"0","_links":{"self":[{"href":"https:\/\/quehacerpolitico.mx\/index.php?rest_route=\/wp\/v2\/posts\/106768","targetHints":{"allow":["GET"]}}],"collection":[{"href":"https:\/\/quehacerpolitico.mx\/index.php?rest_route=\/wp\/v2\/posts"}],"about":[{"href":"https:\/\/quehacerpolitico.mx\/index.php?rest_route=\/wp\/v2\/types\/post"}],"author":[{"embeddable":true,"href":"https:\/\/quehacerpolitico.mx\/index.php?rest_route=\/wp\/v2\/users\/2"}],"replies":[{"embeddable":true,"href":"https:\/\/quehacerpolitico.mx\/index.php?rest_route=%2Fwp%2Fv2%2Fcomments&post=106768"}],"version-history":[{"count":1,"href":"https:\/\/quehacerpolitico.mx\/index.php?rest_route=\/wp\/v2\/posts\/106768\/revisions"}],"predecessor-version":[{"id":106774,"href":"https:\/\/quehacerpolitico.mx\/index.php?rest_route=\/wp\/v2\/posts\/106768\/revisions\/106774"}],"wp:featuredmedia":[{"embeddable":true,"href":"https:\/\/quehacerpolitico.mx\/index.php?rest_route=\/wp\/v2\/media\/106773"}],"wp:attachment":[{"href":"https:\/\/quehacerpolitico.mx\/index.php?rest_route=%2Fwp%2Fv2%2Fmedia&parent=106768"}],"wp:term":[{"taxonomy":"category","embeddable":true,"href":"https:\/\/quehacerpolitico.mx\/index.php?rest_route=%2Fwp%2Fv2%2Fcategories&post=106768"},{"taxonomy":"post_tag","embeddable":true,"href":"https:\/\/quehacerpolitico.mx\/index.php?rest_route=%2Fwp%2Fv2%2Ftags&post=106768"}],"curies":[{"name":"wp","href":"https:\/\/api.w.org\/{rel}","templated":true}]}}