{"id":106765,"date":"2023-12-01T23:26:35","date_gmt":"2023-12-01T23:26:35","guid":{"rendered":"https:\/\/quehacerpolitico.mx\/?p=106765"},"modified":"2023-12-01T23:26:39","modified_gmt":"2023-12-01T23:26:39","slug":"taboada-presenta-ante-el-tribunal-electoral-de-la-cdmx-presenta-queja-para-que-resuelva-su-licencia-al-omitirse-su-discusion-en-el-congreso-local","status":"publish","type":"post","link":"https:\/\/quehacerpolitico.mx\/?p=106765","title":{"rendered":"Taboada presenta ante el tribunal electoral de la CDMX presenta queja para que resuelva su licencia al omitirse su discusi\u00f3n en el Congreso local"},"content":{"rendered":"\n<p>Por Redacci\u00f3n QP<\/p>\n\n\n\n<p>El alcalde con licencia de Benito Ju\u00e1rez,&nbsp;<strong>Santiago Taboada<\/strong>, present\u00f3 ante el Tribunal Electoral de la Ciudad de M\u00e9xico una queja para que resuelva su solicitud de licencia definitiva para buscar la&nbsp;<strong>Jefatura de Gobierno<\/strong>, luego de que el jueves en&nbsp;<strong>Congreso<\/strong>&nbsp;capitalino no discutiera el tema ante falta de qu\u00f3rum.<\/p>\n\n\n\n<p><strong>Santiago Taboada\u00a0<\/strong>se\u00f1al\u00f3 que el juicio que solicit\u00f3 es para la protecci\u00f3n de sus derechos pol\u00edticos electorales por la omisi\u00f3n del Congreso capitalino y acus\u00f3 a\u00a0<strong>Morena<\/strong>\u00a0de buscar impedir que \u00e9l compita en las elecciones para la Jefatura de Gobierno como candidato opositor.<\/p>\n\n\n\n<p>Taboada indic\u00f3 que ser\u00e1n el Tribunal Electoral y el Instituto Electoral de la Ciudad de M\u00e9xico quienes deber\u00e1n resolver que se conceda su licencia, ya que el 5 de diciembre comenzar\u00e1 el periodo de 180 d\u00edas obligatorios antes de las elecciones, en los que, por ley, debe estar separado de su cargo para competir.<\/p>\n\n\n\n<figure class=\"wp-block-embed is-type-rich is-provider-twitter wp-block-embed-twitter\"><div class=\"wp-block-embed__wrapper\">\n<blockquote class=\"twitter-tweet\" data-width=\"550\" data-dnt=\"true\"><p lang=\"es\" dir=\"ltr\">&quot;A m\u00ed no me van a bajar&quot;<a href=\"https:\/\/twitter.com\/STaboadaMx?ref_src=twsrc%5Etfw\">@STaboadaMx<\/a> pide al <a href=\"https:\/\/twitter.com\/TECDMX?ref_src=twsrc%5Etfw\">@TECDMX<\/a> que d\u00e9 por buena su solicitud de licencia definitiva, luego de que Morena y aliados han impedido su aprobaci\u00f3n en el Congreso de CDMX <a href=\"https:\/\/t.co\/U6BqNf5MXS\">pic.twitter.com\/U6BqNf5MXS<\/a><\/p>&mdash; Manuel Lopez San Martin (@MLopezSanMartin) <a href=\"https:\/\/twitter.com\/MLopezSanMartin\/status\/1730651388126925132?ref_src=twsrc%5Etfw\">December 1, 2023<\/a><\/blockquote><script async src=\"https:\/\/platform.twitter.com\/widgets.js\" charset=\"utf-8\"><\/script>\n<\/div><\/figure>\n\n\n\n<p>\u201cAl yo haber presentado en tiempo y forma al&nbsp;<strong>Congreso<\/strong>, lo que le estoy diciendo al Tribunal es que me reconozcan a partir de que yo present\u00e9 la licencia definitiva y que se pronuncie para que se me sea otorgado este derecho\u201d, refiri\u00f3.<\/p>\n\n\n\n<p>\u201cA m\u00ed no me van a bajar con sus amenazas, ni me van a bajar con sus&nbsp;<strong>argumentos leguleyos<\/strong>, a m\u00ed me asiste la raz\u00f3n (\u2026) seguimos cumpliendo todos los requisitos legales, tenemos ya una precandidatura \u00fanica y vamos a seguir en la candidatura\u201d, se\u00f1al\u00f3.<\/p>\n\n\n\n<p>\u201cHay antecedente de que en estos casos, cuando se han querido aplicar ese tipo de ajustes pol\u00edticos, siempre hay una protecci\u00f3n a los derechos pol\u00edticos. Entonces no hay duda de que voy a hacer el candidato del Frente\u201d, afirm\u00f3 el panista.<\/p>\n\n\n\n<p>Asimismo, acus\u00f3 al actual jefe de Gobierno de la Ciudad de M\u00e9xico,\u00a0<strong>Mart\u00ed Batres<\/strong>, de ser un falso dem\u00f3crata al tratar de impedir que lo deje competir en el proceso electoral y acus\u00f3 tambi\u00e9n que esta acci\u00f3n de\u00a0<strong>Morena<\/strong>\u00a0est\u00e1 siendo una venganza, ya que la oposici\u00f3n est\u00e1 contra que\u00a0<strong>Ernestina Godoy<\/strong>\u00a0contin\u00fae como fiscal.<\/p>\n\n\n\n<p>El jueves, el&nbsp;<strong>Congreso capitalino<\/strong>&nbsp;no pudo realizar la sesi\u00f3n ordinaria por falta de qu\u00f3rum en la que se discutir\u00eda la extensi\u00f3n de la licencia de&nbsp;<strong>Taboada<\/strong>.<\/p>\n\n\n\n<p>A lo que&nbsp;<strong>Taboada<\/strong>&nbsp;acus\u00f3 a Morena de no jugar limpio, \u201cquieren ganar a la mala lo que volver\u00e1n a perder en las urnas, no respetan las reglas de nuestra democracia\u201d.<\/p>\n\n\n\n<p>\u201cCon la ley en la mano vamos a impedir sus agandalles y chicanadas. Voy a ser jefe de\u00a0<strong>Gobierno<\/strong>, la CDMX quiere el cambio y vamos a lograrlo juntos: una ciudad a la altura de las y los chilangos\u201d, escribi\u00f3 en redes<\/p>\n","protected":false},"excerpt":{"rendered":"<p>Por Redacci\u00f3n QP El alcalde con licencia de Benito Ju\u00e1rez,&nbsp;Santiago Taboada, present\u00f3 ante el Tribunal&#8230;<\/p>\n","protected":false},"author":2,"featured_media":106766,"comment_status":"open","ping_status":"open","sticky":false,"template":"","format":"standard","meta":{"_monsterinsights_skip_tracking":false,"_monsterinsights_sitenote_active":false,"_monsterinsights_sitenote_note":"","_monsterinsights_sitenote_category":0,"footnotes":""},"categories":[55],"tags":[],"class_list":["post-106765","post","type-post","status-publish","format-standard","has-post-thumbnail","hentry","category-cdmx"],"yoast_head":"<!-- This site is optimized with the Yoast SEO plugin v27.3 - https:\/\/yoast.com\/product\/yoast-seo-wordpress\/ -->\n<title>Taboada presenta ante el tribunal electoral de la CDMX presenta queja para que resuelva su licencia al omitirse su discusi\u00f3n en el Congreso local -<\/title>\n<meta name=\"robots\" content=\"index, follow, max-snippet:-1, max-image-preview:large, max-video-preview:-1\" \/>\n<link rel=\"canonical\" href=\"https:\/\/quehacerpolitico.mx\/?p=106765\" \/>\n<meta property=\"og:locale\" content=\"es_MX\" \/>\n<meta property=\"og:type\" content=\"article\" \/>\n<meta property=\"og:title\" content=\"Taboada presenta ante el tribunal electoral de la CDMX presenta queja para que resuelva su licencia al omitirse su discusi\u00f3n en el Congreso local -\" \/>\n<meta property=\"og:description\" content=\"Por Redacci\u00f3n QP El alcalde con licencia de Benito Ju\u00e1rez,&nbsp;Santiago Taboada, present\u00f3 ante el Tribunal...\" \/>\n<meta property=\"og:url\" content=\"https:\/\/quehacerpolitico.mx\/?p=106765\" \/>\n<meta property=\"article:published_time\" content=\"2023-12-01T23:26:35+00:00\" \/>\n<meta property=\"article:modified_time\" content=\"2023-12-01T23:26:39+00:00\" \/>\n<meta property=\"og:image\" content=\"https:\/\/quehacerpolitico.mx\/wp-content\/uploads\/2023\/12\/IMG_2363.jpeg\" \/>\n\t<meta property=\"og:image:width\" content=\"2048\" \/>\n\t<meta property=\"og:image:height\" content=\"1179\" \/>\n\t<meta property=\"og:image:type\" content=\"image\/jpeg\" \/>\n<meta name=\"author\" content=\"Redacci\u00f3n QP\" \/>\n<meta name=\"twitter:card\" content=\"summary_large_image\" \/>\n<meta name=\"twitter:label1\" content=\"Escrito por\" \/>\n\t<meta name=\"twitter:data1\" content=\"Redacci\u00f3n QP\" \/>\n\t<meta name=\"twitter:label2\" content=\"Tiempo de lectura\" \/>\n\t<meta name=\"twitter:data2\" content=\"2 minutos\" \/>\n<script type=\"application\/ld+json\" class=\"yoast-schema-graph\">{\"@context\":\"https:\\\/\\\/schema.org\",\"@graph\":[{\"@type\":\"Article\",\"@id\":\"https:\\\/\\\/quehacerpolitico.mx\\\/?p=106765#article\",\"isPartOf\":{\"@id\":\"https:\\\/\\\/quehacerpolitico.mx\\\/?p=106765\"},\"author\":{\"name\":\"Redacci\u00f3n QP\",\"@id\":\"https:\\\/\\\/quehacerpolitico.mx\\\/#\\\/schema\\\/person\\\/496d8ad2d1d3f8036101dca7ee39e585\"},\"headline\":\"Taboada presenta ante el tribunal electoral de la CDMX presenta queja para que resuelva su licencia al omitirse su discusi\u00f3n en el Congreso local\",\"datePublished\":\"2023-12-01T23:26:35+00:00\",\"dateModified\":\"2023-12-01T23:26:39+00:00\",\"mainEntityOfPage\":{\"@id\":\"https:\\\/\\\/quehacerpolitico.mx\\\/?p=106765\"},\"wordCount\":508,\"commentCount\":0,\"image\":{\"@id\":\"https:\\\/\\\/quehacerpolitico.mx\\\/?p=106765#primaryimage\"},\"thumbnailUrl\":\"https:\\\/\\\/quehacerpolitico.mx\\\/wp-content\\\/uploads\\\/2023\\\/12\\\/IMG_2363.jpeg\",\"articleSection\":[\"CDMX\"],\"inLanguage\":\"es\",\"potentialAction\":[{\"@type\":\"CommentAction\",\"name\":\"Comment\",\"target\":[\"https:\\\/\\\/quehacerpolitico.mx\\\/?p=106765#respond\"]}]},{\"@type\":\"WebPage\",\"@id\":\"https:\\\/\\\/quehacerpolitico.mx\\\/?p=106765\",\"url\":\"https:\\\/\\\/quehacerpolitico.mx\\\/?p=106765\",\"name\":\"Taboada presenta ante el tribunal electoral de la CDMX presenta queja para que resuelva su licencia al omitirse su discusi\u00f3n en el Congreso local -\",\"isPartOf\":{\"@id\":\"https:\\\/\\\/quehacerpolitico.mx\\\/#website\"},\"primaryImageOfPage\":{\"@id\":\"https:\\\/\\\/quehacerpolitico.mx\\\/?p=106765#primaryimage\"},\"image\":{\"@id\":\"https:\\\/\\\/quehacerpolitico.mx\\\/?p=106765#primaryimage\"},\"thumbnailUrl\":\"https:\\\/\\\/quehacerpolitico.mx\\\/wp-content\\\/uploads\\\/2023\\\/12\\\/IMG_2363.jpeg\",\"datePublished\":\"2023-12-01T23:26:35+00:00\",\"dateModified\":\"2023-12-01T23:26:39+00:00\",\"author\":{\"@id\":\"https:\\\/\\\/quehacerpolitico.mx\\\/#\\\/schema\\\/person\\\/496d8ad2d1d3f8036101dca7ee39e585\"},\"breadcrumb\":{\"@id\":\"https:\\\/\\\/quehacerpolitico.mx\\\/?p=106765#breadcrumb\"},\"inLanguage\":\"es\",\"potentialAction\":[{\"@type\":\"ReadAction\",\"target\":[\"https:\\\/\\\/quehacerpolitico.mx\\\/?p=106765\"]}]},{\"@type\":\"ImageObject\",\"inLanguage\":\"es\",\"@id\":\"https:\\\/\\\/quehacerpolitico.mx\\\/?p=106765#primaryimage\",\"url\":\"https:\\\/\\\/quehacerpolitico.mx\\\/wp-content\\\/uploads\\\/2023\\\/12\\\/IMG_2363.jpeg\",\"contentUrl\":\"https:\\\/\\\/quehacerpolitico.mx\\\/wp-content\\\/uploads\\\/2023\\\/12\\\/IMG_2363.jpeg\",\"width\":2048,\"height\":1179},{\"@type\":\"BreadcrumbList\",\"@id\":\"https:\\\/\\\/quehacerpolitico.mx\\\/?p=106765#breadcrumb\",\"itemListElement\":[{\"@type\":\"ListItem\",\"position\":1,\"name\":\"Inicio\",\"item\":\"https:\\\/\\\/quehacerpolitico.mx\\\/\"},{\"@type\":\"ListItem\",\"position\":2,\"name\":\"Taboada presenta ante el tribunal electoral de la CDMX presenta queja para que resuelva su licencia al omitirse su discusi\u00f3n en el Congreso local\"}]},{\"@type\":\"WebSite\",\"@id\":\"https:\\\/\\\/quehacerpolitico.mx\\\/#website\",\"url\":\"https:\\\/\\\/quehacerpolitico.mx\\\/\",\"name\":\"\",\"description\":\"\",\"potentialAction\":[{\"@type\":\"SearchAction\",\"target\":{\"@type\":\"EntryPoint\",\"urlTemplate\":\"https:\\\/\\\/quehacerpolitico.mx\\\/?s={search_term_string}\"},\"query-input\":{\"@type\":\"PropertyValueSpecification\",\"valueRequired\":true,\"valueName\":\"search_term_string\"}}],\"inLanguage\":\"es\"},{\"@type\":\"Person\",\"@id\":\"https:\\\/\\\/quehacerpolitico.mx\\\/#\\\/schema\\\/person\\\/496d8ad2d1d3f8036101dca7ee39e585\",\"name\":\"Redacci\u00f3n QP\",\"image\":{\"@type\":\"ImageObject\",\"inLanguage\":\"es\",\"@id\":\"https:\\\/\\\/secure.gravatar.com\\\/avatar\\\/c7164ed6fdec453195284ad24a5ae5b6e1eed2b848477fa2a4787ba9adf39a41?s=96&d=mm&r=g\",\"url\":\"https:\\\/\\\/secure.gravatar.com\\\/avatar\\\/c7164ed6fdec453195284ad24a5ae5b6e1eed2b848477fa2a4787ba9adf39a41?s=96&d=mm&r=g\",\"contentUrl\":\"https:\\\/\\\/secure.gravatar.com\\\/avatar\\\/c7164ed6fdec453195284ad24a5ae5b6e1eed2b848477fa2a4787ba9adf39a41?s=96&d=mm&r=g\",\"caption\":\"Redacci\u00f3n QP\"},\"url\":\"https:\\\/\\\/quehacerpolitico.mx\\\/?author=2\"}]}<\/script>\n<!-- \/ Yoast SEO plugin. -->","yoast_head_json":{"title":"Taboada presenta ante el tribunal electoral de la CDMX presenta queja para que resuelva su licencia al omitirse su discusi\u00f3n en el Congreso local -","robots":{"index":"index","follow":"follow","max-snippet":"max-snippet:-1","max-image-preview":"max-image-preview:large","max-video-preview":"max-video-preview:-1"},"canonical":"https:\/\/quehacerpolitico.mx\/?p=106765","og_locale":"es_MX","og_type":"article","og_title":"Taboada presenta ante el tribunal electoral de la CDMX presenta queja para que resuelva su licencia al omitirse su discusi\u00f3n en el Congreso local -","og_description":"Por Redacci\u00f3n QP El alcalde con licencia de Benito Ju\u00e1rez,&nbsp;Santiago Taboada, present\u00f3 ante el Tribunal...","og_url":"https:\/\/quehacerpolitico.mx\/?p=106765","article_published_time":"2023-12-01T23:26:35+00:00","article_modified_time":"2023-12-01T23:26:39+00:00","og_image":[{"width":2048,"height":1179,"url":"https:\/\/quehacerpolitico.mx\/wp-content\/uploads\/2023\/12\/IMG_2363.jpeg","type":"image\/jpeg"}],"author":"Redacci\u00f3n QP","twitter_card":"summary_large_image","twitter_misc":{"Escrito por":"Redacci\u00f3n QP","Tiempo de lectura":"2 minutos"},"schema":{"@context":"https:\/\/schema.org","@graph":[{"@type":"Article","@id":"https:\/\/quehacerpolitico.mx\/?p=106765#article","isPartOf":{"@id":"https:\/\/quehacerpolitico.mx\/?p=106765"},"author":{"name":"Redacci\u00f3n QP","@id":"https:\/\/quehacerpolitico.mx\/#\/schema\/person\/496d8ad2d1d3f8036101dca7ee39e585"},"headline":"Taboada presenta ante el tribunal electoral de la CDMX presenta queja para que resuelva su licencia al omitirse su discusi\u00f3n en el Congreso local","datePublished":"2023-12-01T23:26:35+00:00","dateModified":"2023-12-01T23:26:39+00:00","mainEntityOfPage":{"@id":"https:\/\/quehacerpolitico.mx\/?p=106765"},"wordCount":508,"commentCount":0,"image":{"@id":"https:\/\/quehacerpolitico.mx\/?p=106765#primaryimage"},"thumbnailUrl":"https:\/\/quehacerpolitico.mx\/wp-content\/uploads\/2023\/12\/IMG_2363.jpeg","articleSection":["CDMX"],"inLanguage":"es","potentialAction":[{"@type":"CommentAction","name":"Comment","target":["https:\/\/quehacerpolitico.mx\/?p=106765#respond"]}]},{"@type":"WebPage","@id":"https:\/\/quehacerpolitico.mx\/?p=106765","url":"https:\/\/quehacerpolitico.mx\/?p=106765","name":"Taboada presenta ante el tribunal electoral de la CDMX presenta queja para que resuelva su licencia al omitirse su discusi\u00f3n en el Congreso local -","isPartOf":{"@id":"https:\/\/quehacerpolitico.mx\/#website"},"primaryImageOfPage":{"@id":"https:\/\/quehacerpolitico.mx\/?p=106765#primaryimage"},"image":{"@id":"https:\/\/quehacerpolitico.mx\/?p=106765#primaryimage"},"thumbnailUrl":"https:\/\/quehacerpolitico.mx\/wp-content\/uploads\/2023\/12\/IMG_2363.jpeg","datePublished":"2023-12-01T23:26:35+00:00","dateModified":"2023-12-01T23:26:39+00:00","author":{"@id":"https:\/\/quehacerpolitico.mx\/#\/schema\/person\/496d8ad2d1d3f8036101dca7ee39e585"},"breadcrumb":{"@id":"https:\/\/quehacerpolitico.mx\/?p=106765#breadcrumb"},"inLanguage":"es","potentialAction":[{"@type":"ReadAction","target":["https:\/\/quehacerpolitico.mx\/?p=106765"]}]},{"@type":"ImageObject","inLanguage":"es","@id":"https:\/\/quehacerpolitico.mx\/?p=106765#primaryimage","url":"https:\/\/quehacerpolitico.mx\/wp-content\/uploads\/2023\/12\/IMG_2363.jpeg","contentUrl":"https:\/\/quehacerpolitico.mx\/wp-content\/uploads\/2023\/12\/IMG_2363.jpeg","width":2048,"height":1179},{"@type":"BreadcrumbList","@id":"https:\/\/quehacerpolitico.mx\/?p=106765#breadcrumb","itemListElement":[{"@type":"ListItem","position":1,"name":"Inicio","item":"https:\/\/quehacerpolitico.mx\/"},{"@type":"ListItem","position":2,"name":"Taboada presenta ante el tribunal electoral de la CDMX presenta queja para que resuelva su licencia al omitirse su discusi\u00f3n en el Congreso local"}]},{"@type":"WebSite","@id":"https:\/\/quehacerpolitico.mx\/#website","url":"https:\/\/quehacerpolitico.mx\/","name":"","description":"","potentialAction":[{"@type":"SearchAction","target":{"@type":"EntryPoint","urlTemplate":"https:\/\/quehacerpolitico.mx\/?s={search_term_string}"},"query-input":{"@type":"PropertyValueSpecification","valueRequired":true,"valueName":"search_term_string"}}],"inLanguage":"es"},{"@type":"Person","@id":"https:\/\/quehacerpolitico.mx\/#\/schema\/person\/496d8ad2d1d3f8036101dca7ee39e585","name":"Redacci\u00f3n QP","image":{"@type":"ImageObject","inLanguage":"es","@id":"https:\/\/secure.gravatar.com\/avatar\/c7164ed6fdec453195284ad24a5ae5b6e1eed2b848477fa2a4787ba9adf39a41?s=96&d=mm&r=g","url":"https:\/\/secure.gravatar.com\/avatar\/c7164ed6fdec453195284ad24a5ae5b6e1eed2b848477fa2a4787ba9adf39a41?s=96&d=mm&r=g","contentUrl":"https:\/\/secure.gravatar.com\/avatar\/c7164ed6fdec453195284ad24a5ae5b6e1eed2b848477fa2a4787ba9adf39a41?s=96&d=mm&r=g","caption":"Redacci\u00f3n QP"},"url":"https:\/\/quehacerpolitico.mx\/?author=2"}]}},"featured_image_urls":{"full":["https:\/\/quehacerpolitico.mx\/wp-content\/uploads\/2023\/12\/IMG_2363.jpeg",2048,1179,false],"thumbnail":["https:\/\/quehacerpolitico.mx\/wp-content\/uploads\/2023\/12\/IMG_2363-150x150.jpeg",150,150,true],"medium":["https:\/\/quehacerpolitico.mx\/wp-content\/uploads\/2023\/12\/IMG_2363-300x173.jpeg",300,173,true],"medium_large":["https:\/\/quehacerpolitico.mx\/wp-content\/uploads\/2023\/12\/IMG_2363-768x442.jpeg",640,368,true],"large":["https:\/\/quehacerpolitico.mx\/wp-content\/uploads\/2023\/12\/IMG_2363-1024x590.jpeg",640,369,true],"1536x1536":["https:\/\/quehacerpolitico.mx\/wp-content\/uploads\/2023\/12\/IMG_2363-1536x884.jpeg",1536,884,true],"2048x2048":["https:\/\/quehacerpolitico.mx\/wp-content\/uploads\/2023\/12\/IMG_2363.jpeg",2048,1179,false],"covernews-featured":["https:\/\/quehacerpolitico.mx\/wp-content\/uploads\/2023\/12\/IMG_2363.jpeg",1024,590,false],"covernews-medium":["https:\/\/quehacerpolitico.mx\/wp-content\/uploads\/2023\/12\/IMG_2363.jpeg",540,311,false]},"author_info":{"display_name":"Redacci\u00f3n QP","author_link":"https:\/\/quehacerpolitico.mx\/?author=2"},"category_info":"<a href=\"https:\/\/quehacerpolitico.mx\/?cat=55\" rel=\"category\">CDMX<\/a>","tag_info":"CDMX","comment_count":"0","_links":{"self":[{"href":"https:\/\/quehacerpolitico.mx\/index.php?rest_route=\/wp\/v2\/posts\/106765","targetHints":{"allow":["GET"]}}],"collection":[{"href":"https:\/\/quehacerpolitico.mx\/index.php?rest_route=\/wp\/v2\/posts"}],"about":[{"href":"https:\/\/quehacerpolitico.mx\/index.php?rest_route=\/wp\/v2\/types\/post"}],"author":[{"embeddable":true,"href":"https:\/\/quehacerpolitico.mx\/index.php?rest_route=\/wp\/v2\/users\/2"}],"replies":[{"embeddable":true,"href":"https:\/\/quehacerpolitico.mx\/index.php?rest_route=%2Fwp%2Fv2%2Fcomments&post=106765"}],"version-history":[{"count":1,"href":"https:\/\/quehacerpolitico.mx\/index.php?rest_route=\/wp\/v2\/posts\/106765\/revisions"}],"predecessor-version":[{"id":106767,"href":"https:\/\/quehacerpolitico.mx\/index.php?rest_route=\/wp\/v2\/posts\/106765\/revisions\/106767"}],"wp:featuredmedia":[{"embeddable":true,"href":"https:\/\/quehacerpolitico.mx\/index.php?rest_route=\/wp\/v2\/media\/106766"}],"wp:attachment":[{"href":"https:\/\/quehacerpolitico.mx\/index.php?rest_route=%2Fwp%2Fv2%2Fmedia&parent=106765"}],"wp:term":[{"taxonomy":"category","embeddable":true,"href":"https:\/\/quehacerpolitico.mx\/index.php?rest_route=%2Fwp%2Fv2%2Fcategories&post=106765"},{"taxonomy":"post_tag","embeddable":true,"href":"https:\/\/quehacerpolitico.mx\/index.php?rest_route=%2Fwp%2Fv2%2Ftags&post=106765"}],"curies":[{"name":"wp","href":"https:\/\/api.w.org\/{rel}","templated":true}]}}