{"id":106762,"date":"2023-12-01T23:09:47","date_gmt":"2023-12-01T23:09:47","guid":{"rendered":"https:\/\/quehacerpolitico.mx\/?p=106762"},"modified":"2023-12-01T23:09:51","modified_gmt":"2023-12-01T23:09:51","slug":"ine-advirtio-que-si-samuel-garcia-desea-ser-candidato-presidencial-esta-noche-vence-el-plazo-para-separarse-del-cargo-de-gobernador-de-nuevo-leon","status":"publish","type":"post","link":"https:\/\/quehacerpolitico.mx\/?p=106762","title":{"rendered":"INE advirti\u00f3 que si\u00a0Samuel Garc\u00eda\u00a0desea ser candidato presidencial, esta noche vence el plazo para separarse del cargo de gobernador de\u00a0Nuevo Le\u00f3n"},"content":{"rendered":"\n<p>Por Redacci\u00f3n QP<\/p>\n\n\n\n<p>La presidenta de la Comisi\u00f3n de Quejas y Denuncias del Instituto Nacional Electoral (INE),\u00a0<strong>Claudia<\/strong> <strong>Zavala<\/strong>, advirti\u00f3 que si\u00a0<strong>Samuel Garc\u00eda\u00a0<\/strong>desea ser candidato presidencial, esta noche vence el plazo para separarse del cargo de gobernador de\u00a0<strong>Nuevo Le\u00f3n.<\/strong><\/p>\n\n\n\n<p>\u201cHay un requisito constitucional que exige estar separado del cargo, uno de ellos, de\u00a0<strong>gobernador<\/strong>\u201c, precis\u00f3 la consejera Zavala.<\/p>\n\n\n\n<p>\u201cAh\u00ed nos tocar\u00e1 a nosotros analizarlo en su momento con las reglas espec\u00edficas para ello (\u2026) Es un requisito para ser candidato para la presidencia, la separaci\u00f3n del cargo y as\u00ed est\u00e1 establecido en la\u00a0<strong>Constituci\u00f3n<\/strong>\u201d, dijo la consejera.<\/p>\n\n\n\n<figure class=\"wp-block-embed is-type-rich is-provider-twitter wp-block-embed-twitter\"><div class=\"wp-block-embed__wrapper\">\n<blockquote class=\"twitter-tweet\" data-width=\"550\" data-dnt=\"true\"><p lang=\"es\" dir=\"ltr\">Pese a la suspensi\u00f3n de un juez local, que fren\u00f3 la licencia solicitada por el gobernador de Nuevo Le\u00f3n, Samuel Garc\u00eda, tiene que separarse de su cargo hoy mismo para poder obtener el registro como candidato a la Presidencia, \u201cEs un requisito constitucional\u201d, explic\u00f3 la consejera\u2026 <a href=\"https:\/\/t.co\/ldwn4bebjk\">pic.twitter.com\/ldwn4bebjk<\/a><\/p>&mdash; Azucena Uresti (@azucenau) <a href=\"https:\/\/twitter.com\/azucenau\/status\/1730701188327223327?ref_src=twsrc%5Etfw\">December 1, 2023<\/a><\/blockquote><script async src=\"https:\/\/platform.twitter.com\/widgets.js\" charset=\"utf-8\"><\/script>\n<\/div><\/figure>\n\n\n\n<p>Zavala aclar\u00f3 que ser\u00e1 en marzo que se revisar\u00e1n las candidaturas. \u201cSe presentar\u00e1n los documentos, y sobre la base de los documentos que se presenten haremos el an\u00e1lisis\u201d, dijo.<\/p>\n\n\n\n<p>Adem\u00e1s, evit\u00f3 responder qu\u00e9 pasar\u00eda si\u00a0<strong>Samuel Garc\u00eda<\/strong>\u00a0no puede, por orden judicial, dejar el cargo de gobernador a la media noche de este viernes, pues dijo que seguramente es un tema que ser\u00e1 discutido en la\u00a0<strong>Comisi\u00f3n de Quejas<\/strong><\/p>\n\n\n\n<p>La&nbsp;<strong>consejera electoral<\/strong>&nbsp;dijo que la Sala Especializada del Tribunal Electoral del Poder Judicial de la<br>Federaci\u00f3n (<strong>TEPJF<\/strong>) ser\u00e1 quien resuelva si fue legal o no que&nbsp;<strong>Samuel Garc\u00eda<\/strong>&nbsp;haya participado como<br>precandidato presidencial de&nbsp;<strong>Movimiento Ciudadano&nbsp;<\/strong>(MC) mientras no estaba vigente su licencia como<br>gobernador de Nuevo Le\u00f3n.<\/p>\n\n\n\n<p>Una suspensi\u00f3n de&nbsp;<strong>amparo<\/strong>&nbsp;dificult\u00f3 al precandidato de&nbsp;<strong>Movimiento Ciudadano&nbsp;<\/strong>dejar temporalmente su cargo como gobernador de Nuevo Le\u00f3n, mediante una licencia, y retomar la&nbsp;<strong>precampa\u00f1a<\/strong>&nbsp;<strong>presidencial<\/strong>&nbsp;este 2 de diciembre.<\/p>\n\n\n\n<p>La notificaci\u00f3n fue entregada esta ma\u00f1ana en el&nbsp;<strong>Palacio de Gobierno de Nuevo Le\u00f3n<\/strong>&nbsp;y se\u00f1ala que no podr\u00e1 ausentarse, en tanto no se resuelva quien se quedar\u00e1 como gobernador interino en&nbsp;<strong>Nuevo Le\u00f3n<\/strong>.<\/p>\n","protected":false},"excerpt":{"rendered":"<p>Por Redacci\u00f3n QP La presidenta de la Comisi\u00f3n de Quejas y Denuncias del Instituto Nacional&#8230;<\/p>\n","protected":false},"author":2,"featured_media":106763,"comment_status":"open","ping_status":"open","sticky":false,"template":"","format":"standard","meta":{"_monsterinsights_skip_tracking":false,"_monsterinsights_sitenote_active":false,"_monsterinsights_sitenote_note":"","_monsterinsights_sitenote_category":0,"footnotes":""},"categories":[2],"tags":[],"class_list":["post-106762","post","type-post","status-publish","format-standard","has-post-thumbnail","hentry","category-noticias"],"yoast_head":"<!-- This site is optimized with the Yoast SEO plugin v27.3 - https:\/\/yoast.com\/product\/yoast-seo-wordpress\/ -->\n<title>INE advirti\u00f3 que si\u00a0Samuel Garc\u00eda\u00a0desea ser candidato presidencial, esta noche vence el plazo para separarse del cargo de gobernador de\u00a0Nuevo Le\u00f3n -<\/title>\n<meta name=\"robots\" content=\"index, follow, max-snippet:-1, max-image-preview:large, max-video-preview:-1\" \/>\n<link rel=\"canonical\" href=\"https:\/\/quehacerpolitico.mx\/?p=106762\" \/>\n<meta property=\"og:locale\" content=\"es_MX\" \/>\n<meta property=\"og:type\" content=\"article\" \/>\n<meta property=\"og:title\" content=\"INE advirti\u00f3 que si\u00a0Samuel Garc\u00eda\u00a0desea ser candidato presidencial, esta noche vence el plazo para separarse del cargo de gobernador de\u00a0Nuevo Le\u00f3n -\" \/>\n<meta property=\"og:description\" content=\"Por Redacci\u00f3n QP La presidenta de la Comisi\u00f3n de Quejas y Denuncias del Instituto Nacional...\" \/>\n<meta property=\"og:url\" content=\"https:\/\/quehacerpolitico.mx\/?p=106762\" \/>\n<meta property=\"article:published_time\" content=\"2023-12-01T23:09:47+00:00\" \/>\n<meta property=\"article:modified_time\" content=\"2023-12-01T23:09:51+00:00\" \/>\n<meta property=\"og:image\" content=\"https:\/\/quehacerpolitico.mx\/wp-content\/uploads\/2023\/12\/IMG_2361.jpeg\" \/>\n\t<meta property=\"og:image:width\" content=\"1280\" \/>\n\t<meta property=\"og:image:height\" content=\"853\" \/>\n\t<meta property=\"og:image:type\" content=\"image\/jpeg\" \/>\n<meta name=\"author\" content=\"Redacci\u00f3n QP\" \/>\n<meta name=\"twitter:card\" content=\"summary_large_image\" \/>\n<meta name=\"twitter:label1\" content=\"Escrito por\" \/>\n\t<meta name=\"twitter:data1\" content=\"Redacci\u00f3n QP\" \/>\n\t<meta name=\"twitter:label2\" content=\"Tiempo de lectura\" \/>\n\t<meta name=\"twitter:data2\" content=\"2 minutos\" \/>\n<script type=\"application\/ld+json\" class=\"yoast-schema-graph\">{\"@context\":\"https:\\\/\\\/schema.org\",\"@graph\":[{\"@type\":\"Article\",\"@id\":\"https:\\\/\\\/quehacerpolitico.mx\\\/?p=106762#article\",\"isPartOf\":{\"@id\":\"https:\\\/\\\/quehacerpolitico.mx\\\/?p=106762\"},\"author\":{\"name\":\"Redacci\u00f3n QP\",\"@id\":\"https:\\\/\\\/quehacerpolitico.mx\\\/#\\\/schema\\\/person\\\/496d8ad2d1d3f8036101dca7ee39e585\"},\"headline\":\"INE advirti\u00f3 que si\u00a0Samuel Garc\u00eda\u00a0desea ser candidato presidencial, esta noche vence el plazo para separarse del cargo de gobernador de\u00a0Nuevo Le\u00f3n\",\"datePublished\":\"2023-12-01T23:09:47+00:00\",\"dateModified\":\"2023-12-01T23:09:51+00:00\",\"mainEntityOfPage\":{\"@id\":\"https:\\\/\\\/quehacerpolitico.mx\\\/?p=106762\"},\"wordCount\":356,\"commentCount\":0,\"image\":{\"@id\":\"https:\\\/\\\/quehacerpolitico.mx\\\/?p=106762#primaryimage\"},\"thumbnailUrl\":\"https:\\\/\\\/quehacerpolitico.mx\\\/wp-content\\\/uploads\\\/2023\\\/12\\\/IMG_2361.jpeg\",\"articleSection\":[\"Noticias\"],\"inLanguage\":\"es\",\"potentialAction\":[{\"@type\":\"CommentAction\",\"name\":\"Comment\",\"target\":[\"https:\\\/\\\/quehacerpolitico.mx\\\/?p=106762#respond\"]}]},{\"@type\":\"WebPage\",\"@id\":\"https:\\\/\\\/quehacerpolitico.mx\\\/?p=106762\",\"url\":\"https:\\\/\\\/quehacerpolitico.mx\\\/?p=106762\",\"name\":\"INE advirti\u00f3 que si\u00a0Samuel Garc\u00eda\u00a0desea ser candidato presidencial, esta noche vence el plazo para separarse del cargo de gobernador de\u00a0Nuevo Le\u00f3n -\",\"isPartOf\":{\"@id\":\"https:\\\/\\\/quehacerpolitico.mx\\\/#website\"},\"primaryImageOfPage\":{\"@id\":\"https:\\\/\\\/quehacerpolitico.mx\\\/?p=106762#primaryimage\"},\"image\":{\"@id\":\"https:\\\/\\\/quehacerpolitico.mx\\\/?p=106762#primaryimage\"},\"thumbnailUrl\":\"https:\\\/\\\/quehacerpolitico.mx\\\/wp-content\\\/uploads\\\/2023\\\/12\\\/IMG_2361.jpeg\",\"datePublished\":\"2023-12-01T23:09:47+00:00\",\"dateModified\":\"2023-12-01T23:09:51+00:00\",\"author\":{\"@id\":\"https:\\\/\\\/quehacerpolitico.mx\\\/#\\\/schema\\\/person\\\/496d8ad2d1d3f8036101dca7ee39e585\"},\"breadcrumb\":{\"@id\":\"https:\\\/\\\/quehacerpolitico.mx\\\/?p=106762#breadcrumb\"},\"inLanguage\":\"es\",\"potentialAction\":[{\"@type\":\"ReadAction\",\"target\":[\"https:\\\/\\\/quehacerpolitico.mx\\\/?p=106762\"]}]},{\"@type\":\"ImageObject\",\"inLanguage\":\"es\",\"@id\":\"https:\\\/\\\/quehacerpolitico.mx\\\/?p=106762#primaryimage\",\"url\":\"https:\\\/\\\/quehacerpolitico.mx\\\/wp-content\\\/uploads\\\/2023\\\/12\\\/IMG_2361.jpeg\",\"contentUrl\":\"https:\\\/\\\/quehacerpolitico.mx\\\/wp-content\\\/uploads\\\/2023\\\/12\\\/IMG_2361.jpeg\",\"width\":1280,\"height\":853},{\"@type\":\"BreadcrumbList\",\"@id\":\"https:\\\/\\\/quehacerpolitico.mx\\\/?p=106762#breadcrumb\",\"itemListElement\":[{\"@type\":\"ListItem\",\"position\":1,\"name\":\"Inicio\",\"item\":\"https:\\\/\\\/quehacerpolitico.mx\\\/\"},{\"@type\":\"ListItem\",\"position\":2,\"name\":\"INE advirti\u00f3 que si\u00a0Samuel Garc\u00eda\u00a0desea ser candidato presidencial, esta noche vence el plazo para separarse del cargo de gobernador de\u00a0Nuevo Le\u00f3n\"}]},{\"@type\":\"WebSite\",\"@id\":\"https:\\\/\\\/quehacerpolitico.mx\\\/#website\",\"url\":\"https:\\\/\\\/quehacerpolitico.mx\\\/\",\"name\":\"\",\"description\":\"\",\"potentialAction\":[{\"@type\":\"SearchAction\",\"target\":{\"@type\":\"EntryPoint\",\"urlTemplate\":\"https:\\\/\\\/quehacerpolitico.mx\\\/?s={search_term_string}\"},\"query-input\":{\"@type\":\"PropertyValueSpecification\",\"valueRequired\":true,\"valueName\":\"search_term_string\"}}],\"inLanguage\":\"es\"},{\"@type\":\"Person\",\"@id\":\"https:\\\/\\\/quehacerpolitico.mx\\\/#\\\/schema\\\/person\\\/496d8ad2d1d3f8036101dca7ee39e585\",\"name\":\"Redacci\u00f3n QP\",\"image\":{\"@type\":\"ImageObject\",\"inLanguage\":\"es\",\"@id\":\"https:\\\/\\\/secure.gravatar.com\\\/avatar\\\/c7164ed6fdec453195284ad24a5ae5b6e1eed2b848477fa2a4787ba9adf39a41?s=96&d=mm&r=g\",\"url\":\"https:\\\/\\\/secure.gravatar.com\\\/avatar\\\/c7164ed6fdec453195284ad24a5ae5b6e1eed2b848477fa2a4787ba9adf39a41?s=96&d=mm&r=g\",\"contentUrl\":\"https:\\\/\\\/secure.gravatar.com\\\/avatar\\\/c7164ed6fdec453195284ad24a5ae5b6e1eed2b848477fa2a4787ba9adf39a41?s=96&d=mm&r=g\",\"caption\":\"Redacci\u00f3n QP\"},\"url\":\"https:\\\/\\\/quehacerpolitico.mx\\\/?author=2\"}]}<\/script>\n<!-- \/ Yoast SEO plugin. -->","yoast_head_json":{"title":"INE advirti\u00f3 que si\u00a0Samuel Garc\u00eda\u00a0desea ser candidato presidencial, esta noche vence el plazo para separarse del cargo de gobernador de\u00a0Nuevo Le\u00f3n -","robots":{"index":"index","follow":"follow","max-snippet":"max-snippet:-1","max-image-preview":"max-image-preview:large","max-video-preview":"max-video-preview:-1"},"canonical":"https:\/\/quehacerpolitico.mx\/?p=106762","og_locale":"es_MX","og_type":"article","og_title":"INE advirti\u00f3 que si\u00a0Samuel Garc\u00eda\u00a0desea ser candidato presidencial, esta noche vence el plazo para separarse del cargo de gobernador de\u00a0Nuevo Le\u00f3n -","og_description":"Por Redacci\u00f3n QP La presidenta de la Comisi\u00f3n de Quejas y Denuncias del Instituto Nacional...","og_url":"https:\/\/quehacerpolitico.mx\/?p=106762","article_published_time":"2023-12-01T23:09:47+00:00","article_modified_time":"2023-12-01T23:09:51+00:00","og_image":[{"width":1280,"height":853,"url":"https:\/\/quehacerpolitico.mx\/wp-content\/uploads\/2023\/12\/IMG_2361.jpeg","type":"image\/jpeg"}],"author":"Redacci\u00f3n QP","twitter_card":"summary_large_image","twitter_misc":{"Escrito por":"Redacci\u00f3n QP","Tiempo de lectura":"2 minutos"},"schema":{"@context":"https:\/\/schema.org","@graph":[{"@type":"Article","@id":"https:\/\/quehacerpolitico.mx\/?p=106762#article","isPartOf":{"@id":"https:\/\/quehacerpolitico.mx\/?p=106762"},"author":{"name":"Redacci\u00f3n QP","@id":"https:\/\/quehacerpolitico.mx\/#\/schema\/person\/496d8ad2d1d3f8036101dca7ee39e585"},"headline":"INE advirti\u00f3 que si\u00a0Samuel Garc\u00eda\u00a0desea ser candidato presidencial, esta noche vence el plazo para separarse del cargo de gobernador de\u00a0Nuevo Le\u00f3n","datePublished":"2023-12-01T23:09:47+00:00","dateModified":"2023-12-01T23:09:51+00:00","mainEntityOfPage":{"@id":"https:\/\/quehacerpolitico.mx\/?p=106762"},"wordCount":356,"commentCount":0,"image":{"@id":"https:\/\/quehacerpolitico.mx\/?p=106762#primaryimage"},"thumbnailUrl":"https:\/\/quehacerpolitico.mx\/wp-content\/uploads\/2023\/12\/IMG_2361.jpeg","articleSection":["Noticias"],"inLanguage":"es","potentialAction":[{"@type":"CommentAction","name":"Comment","target":["https:\/\/quehacerpolitico.mx\/?p=106762#respond"]}]},{"@type":"WebPage","@id":"https:\/\/quehacerpolitico.mx\/?p=106762","url":"https:\/\/quehacerpolitico.mx\/?p=106762","name":"INE advirti\u00f3 que si\u00a0Samuel Garc\u00eda\u00a0desea ser candidato presidencial, esta noche vence el plazo para separarse del cargo de gobernador de\u00a0Nuevo Le\u00f3n -","isPartOf":{"@id":"https:\/\/quehacerpolitico.mx\/#website"},"primaryImageOfPage":{"@id":"https:\/\/quehacerpolitico.mx\/?p=106762#primaryimage"},"image":{"@id":"https:\/\/quehacerpolitico.mx\/?p=106762#primaryimage"},"thumbnailUrl":"https:\/\/quehacerpolitico.mx\/wp-content\/uploads\/2023\/12\/IMG_2361.jpeg","datePublished":"2023-12-01T23:09:47+00:00","dateModified":"2023-12-01T23:09:51+00:00","author":{"@id":"https:\/\/quehacerpolitico.mx\/#\/schema\/person\/496d8ad2d1d3f8036101dca7ee39e585"},"breadcrumb":{"@id":"https:\/\/quehacerpolitico.mx\/?p=106762#breadcrumb"},"inLanguage":"es","potentialAction":[{"@type":"ReadAction","target":["https:\/\/quehacerpolitico.mx\/?p=106762"]}]},{"@type":"ImageObject","inLanguage":"es","@id":"https:\/\/quehacerpolitico.mx\/?p=106762#primaryimage","url":"https:\/\/quehacerpolitico.mx\/wp-content\/uploads\/2023\/12\/IMG_2361.jpeg","contentUrl":"https:\/\/quehacerpolitico.mx\/wp-content\/uploads\/2023\/12\/IMG_2361.jpeg","width":1280,"height":853},{"@type":"BreadcrumbList","@id":"https:\/\/quehacerpolitico.mx\/?p=106762#breadcrumb","itemListElement":[{"@type":"ListItem","position":1,"name":"Inicio","item":"https:\/\/quehacerpolitico.mx\/"},{"@type":"ListItem","position":2,"name":"INE advirti\u00f3 que si\u00a0Samuel Garc\u00eda\u00a0desea ser candidato presidencial, esta noche vence el plazo para separarse del cargo de gobernador de\u00a0Nuevo Le\u00f3n"}]},{"@type":"WebSite","@id":"https:\/\/quehacerpolitico.mx\/#website","url":"https:\/\/quehacerpolitico.mx\/","name":"","description":"","potentialAction":[{"@type":"SearchAction","target":{"@type":"EntryPoint","urlTemplate":"https:\/\/quehacerpolitico.mx\/?s={search_term_string}"},"query-input":{"@type":"PropertyValueSpecification","valueRequired":true,"valueName":"search_term_string"}}],"inLanguage":"es"},{"@type":"Person","@id":"https:\/\/quehacerpolitico.mx\/#\/schema\/person\/496d8ad2d1d3f8036101dca7ee39e585","name":"Redacci\u00f3n QP","image":{"@type":"ImageObject","inLanguage":"es","@id":"https:\/\/secure.gravatar.com\/avatar\/c7164ed6fdec453195284ad24a5ae5b6e1eed2b848477fa2a4787ba9adf39a41?s=96&d=mm&r=g","url":"https:\/\/secure.gravatar.com\/avatar\/c7164ed6fdec453195284ad24a5ae5b6e1eed2b848477fa2a4787ba9adf39a41?s=96&d=mm&r=g","contentUrl":"https:\/\/secure.gravatar.com\/avatar\/c7164ed6fdec453195284ad24a5ae5b6e1eed2b848477fa2a4787ba9adf39a41?s=96&d=mm&r=g","caption":"Redacci\u00f3n QP"},"url":"https:\/\/quehacerpolitico.mx\/?author=2"}]}},"featured_image_urls":{"full":["https:\/\/quehacerpolitico.mx\/wp-content\/uploads\/2023\/12\/IMG_2361.jpeg",1280,853,false],"thumbnail":["https:\/\/quehacerpolitico.mx\/wp-content\/uploads\/2023\/12\/IMG_2361-150x150.jpeg",150,150,true],"medium":["https:\/\/quehacerpolitico.mx\/wp-content\/uploads\/2023\/12\/IMG_2361-300x200.jpeg",300,200,true],"medium_large":["https:\/\/quehacerpolitico.mx\/wp-content\/uploads\/2023\/12\/IMG_2361-768x512.jpeg",640,427,true],"large":["https:\/\/quehacerpolitico.mx\/wp-content\/uploads\/2023\/12\/IMG_2361-1024x682.jpeg",640,426,true],"1536x1536":["https:\/\/quehacerpolitico.mx\/wp-content\/uploads\/2023\/12\/IMG_2361.jpeg",1280,853,false],"2048x2048":["https:\/\/quehacerpolitico.mx\/wp-content\/uploads\/2023\/12\/IMG_2361.jpeg",1280,853,false],"covernews-featured":["https:\/\/quehacerpolitico.mx\/wp-content\/uploads\/2023\/12\/IMG_2361.jpeg",1024,682,false],"covernews-medium":["https:\/\/quehacerpolitico.mx\/wp-content\/uploads\/2023\/12\/IMG_2361.jpeg",510,340,false]},"author_info":{"display_name":"Redacci\u00f3n QP","author_link":"https:\/\/quehacerpolitico.mx\/?author=2"},"category_info":"<a href=\"https:\/\/quehacerpolitico.mx\/?cat=2\" rel=\"category\">Noticias<\/a>","tag_info":"Noticias","comment_count":"0","_links":{"self":[{"href":"https:\/\/quehacerpolitico.mx\/index.php?rest_route=\/wp\/v2\/posts\/106762","targetHints":{"allow":["GET"]}}],"collection":[{"href":"https:\/\/quehacerpolitico.mx\/index.php?rest_route=\/wp\/v2\/posts"}],"about":[{"href":"https:\/\/quehacerpolitico.mx\/index.php?rest_route=\/wp\/v2\/types\/post"}],"author":[{"embeddable":true,"href":"https:\/\/quehacerpolitico.mx\/index.php?rest_route=\/wp\/v2\/users\/2"}],"replies":[{"embeddable":true,"href":"https:\/\/quehacerpolitico.mx\/index.php?rest_route=%2Fwp%2Fv2%2Fcomments&post=106762"}],"version-history":[{"count":1,"href":"https:\/\/quehacerpolitico.mx\/index.php?rest_route=\/wp\/v2\/posts\/106762\/revisions"}],"predecessor-version":[{"id":106764,"href":"https:\/\/quehacerpolitico.mx\/index.php?rest_route=\/wp\/v2\/posts\/106762\/revisions\/106764"}],"wp:featuredmedia":[{"embeddable":true,"href":"https:\/\/quehacerpolitico.mx\/index.php?rest_route=\/wp\/v2\/media\/106763"}],"wp:attachment":[{"href":"https:\/\/quehacerpolitico.mx\/index.php?rest_route=%2Fwp%2Fv2%2Fmedia&parent=106762"}],"wp:term":[{"taxonomy":"category","embeddable":true,"href":"https:\/\/quehacerpolitico.mx\/index.php?rest_route=%2Fwp%2Fv2%2Fcategories&post=106762"},{"taxonomy":"post_tag","embeddable":true,"href":"https:\/\/quehacerpolitico.mx\/index.php?rest_route=%2Fwp%2Fv2%2Ftags&post=106762"}],"curies":[{"name":"wp","href":"https:\/\/api.w.org\/{rel}","templated":true}]}}