{"id":106722,"date":"2023-11-30T21:02:07","date_gmt":"2023-11-30T21:02:07","guid":{"rendered":"https:\/\/quehacerpolitico.mx\/?p=106722"},"modified":"2023-11-30T21:02:10","modified_gmt":"2023-11-30T21:02:10","slug":"entregan-el-premio-pizano-premio-sor-juana-ines-de-la-cruz-a-la-escritora-maria-ospina","status":"publish","type":"post","link":"https:\/\/quehacerpolitico.mx\/?p=106722","title":{"rendered":"Entregan el premio Pizano premio Sor Juana In\u00e9s de la Cruz a la escritora Mar\u00eda Ospina"},"content":{"rendered":"\n<p>Por Redacci\u00f3n QP<\/p>\n\n\n\n<p>La escritora nacida en la ciudad de Bogot\u00e1, Colombia, en 1977, fue la galardonada de esta edici\u00f3n por su obra \u201cS\u00f3lo un poco aqu\u00ed\u201d<\/p>\n\n\n\n<p>La escritora colombiana,&nbsp;<strong>Mar\u00eda Ospina Pizano<\/strong>recibi\u00f3 este mi\u00e9rcoles el Premio de Literatura&nbsp;<strong>\u201cSor Juana In\u00e9s de la Cruz 2023\u201d&nbsp;<\/strong>en el marco de la Feria Internacional del Libro de Guadalajara<strong>&nbsp;(FIL).<\/strong><\/p>\n\n\n\n<p>La escritora nacida en la ciudad de Bogot\u00e1, Colombia, en 1977, fue la galardonada de esta edici\u00f3n por su obra \u201cS\u00f3lo un poco aqu\u00ed\u201d, la cual aborda l<strong>os viajes a los que son sometidos animales como perras, p\u00e1jaros migratorios, entre otras especies, as\u00ed como las afectaciones que tiene sobre ellos el ser humano como parte de sus actividades y conflictos como las guerras.<\/strong><\/p>\n\n\n\n<p>Ella cuestiona en el libro el c\u00f3mo son testigos del mundo que comparten con la humanidad y la perspectiva de las personas sobre su trayectoria a trav\u00e9s del planeta.<\/p>\n\n\n\n<p>Al recibir el premio de literatura, Ospina Pizano hizo homenaje a quien otorga el nombre del premio, al se\u00f1alar que Sor Juana In\u00e9s de la Cruz,\u00a0<strong>ha sido su maestra desde hace muchos a\u00f1os y que la ha influenciado en las clases que brinda en la universidad en la que labora.<\/strong><\/p>\n\n\n\n<figure class=\"wp-block-image size-full\"><img loading=\"lazy\" decoding=\"async\" width=\"770\" height=\"485\" src=\"https:\/\/quehacerpolitico.mx\/wp-content\/uploads\/2023\/11\/image-47.jpeg\" alt=\"\" class=\"wp-image-106726\" srcset=\"https:\/\/quehacerpolitico.mx\/wp-content\/uploads\/2023\/11\/image-47.jpeg 770w, https:\/\/quehacerpolitico.mx\/wp-content\/uploads\/2023\/11\/image-47-300x189.jpeg 300w, https:\/\/quehacerpolitico.mx\/wp-content\/uploads\/2023\/11\/image-47-768x485.jpeg 768w, https:\/\/quehacerpolitico.mx\/wp-content\/uploads\/2023\/11\/image-47-232x146.jpeg 232w, https:\/\/quehacerpolitico.mx\/wp-content\/uploads\/2023\/11\/image-47-50x31.jpeg 50w, https:\/\/quehacerpolitico.mx\/wp-content\/uploads\/2023\/11\/image-47-119x75.jpeg 119w\" sizes=\"auto, (max-width: 770px) 100vw, 770px\" \/><\/figure>\n\n\n\n<figure class=\"wp-block-image size-full\"><img loading=\"lazy\" decoding=\"async\" width=\"770\" height=\"485\" src=\"https:\/\/quehacerpolitico.mx\/wp-content\/uploads\/2023\/11\/image-46.jpeg\" alt=\"\" class=\"wp-image-106725\" srcset=\"https:\/\/quehacerpolitico.mx\/wp-content\/uploads\/2023\/11\/image-46.jpeg 770w, https:\/\/quehacerpolitico.mx\/wp-content\/uploads\/2023\/11\/image-46-300x189.jpeg 300w, https:\/\/quehacerpolitico.mx\/wp-content\/uploads\/2023\/11\/image-46-768x485.jpeg 768w, https:\/\/quehacerpolitico.mx\/wp-content\/uploads\/2023\/11\/image-46-232x146.jpeg 232w, https:\/\/quehacerpolitico.mx\/wp-content\/uploads\/2023\/11\/image-46-50x31.jpeg 50w, https:\/\/quehacerpolitico.mx\/wp-content\/uploads\/2023\/11\/image-46-119x75.jpeg 119w\" sizes=\"auto, (max-width: 770px) 100vw, 770px\" \/><\/figure>\n\n\n\n<figure class=\"wp-block-image size-full\"><img loading=\"lazy\" decoding=\"async\" width=\"770\" height=\"485\" src=\"https:\/\/quehacerpolitico.mx\/wp-content\/uploads\/2023\/11\/image-45.jpeg\" alt=\"\" class=\"wp-image-106724\" srcset=\"https:\/\/quehacerpolitico.mx\/wp-content\/uploads\/2023\/11\/image-45.jpeg 770w, https:\/\/quehacerpolitico.mx\/wp-content\/uploads\/2023\/11\/image-45-300x189.jpeg 300w, https:\/\/quehacerpolitico.mx\/wp-content\/uploads\/2023\/11\/image-45-768x485.jpeg 768w, https:\/\/quehacerpolitico.mx\/wp-content\/uploads\/2023\/11\/image-45-232x146.jpeg 232w, https:\/\/quehacerpolitico.mx\/wp-content\/uploads\/2023\/11\/image-45-50x31.jpeg 50w, https:\/\/quehacerpolitico.mx\/wp-content\/uploads\/2023\/11\/image-45-119x75.jpeg 119w\" sizes=\"auto, (max-width: 770px) 100vw, 770px\" \/><\/figure>\n\n\n\n<p>\u201cC\u00f3mo no hacerle aqu\u00ed un homenaje a la brillante poeta, dramaturga y fil\u00f3sofa que ha sido mi maestra por muchas d\u00e9cadas y que tambi\u00e9n ha sido la maestra de mis estudiantes y que la leen en mis clases de la universidad m\u00e1s de tres siglos despu\u00e9s de que la obligaran a dejar de escribir\u201d.<\/p>\n\n\n\n<p>La escritora colombiana le agradeci\u00f3 a Sor Juana In\u00e9s de la Cruz, nacida en la \u00e9poca de la colonia en la Ciudad de M\u00e9xico en el a\u00f1o 1648, por su obra y recordar que, pese a que en aquella \u00e9poca y tambi\u00e9n en la actualidad haya m\u00faltiples mecanismos erigidos para la exclusi\u00f3n y subordinaci\u00f3n de las mujeres de todos los \u00e1mbitos, principalmente la cultura, la pol\u00edtica, la vida social, entre otros, seg\u00fan se\u00f1al\u00f3, hay una red de apoyo de mujeres que han destacado como intelectuales a lo largo de la historia y que han servido de gu\u00eda para las generaciones actuales y venideras.&nbsp;&nbsp;<\/p>\n\n\n\n<p>\u201cC\u00f3mo no agradecerle por siempre recordarnos entre muchas cosas que, aunque haya tantos mecanismos erigidos para subordinar y excluir a las mujeres de la cultura y de la pol\u00edtica, de la vida social y de la conversaci\u00f3n p\u00fablica, existe una red milenaria de pensadoras e intelectuales que siempre han usado la palabra y la acci\u00f3n para revelar la complejidad del mundo\u201d.<\/p>\n\n\n\n<figure class=\"wp-block-image size-full\"><img loading=\"lazy\" decoding=\"async\" width=\"770\" height=\"485\" src=\"https:\/\/quehacerpolitico.mx\/wp-content\/uploads\/2023\/11\/image-50.jpeg\" alt=\"\" class=\"wp-image-106729\" srcset=\"https:\/\/quehacerpolitico.mx\/wp-content\/uploads\/2023\/11\/image-50.jpeg 770w, https:\/\/quehacerpolitico.mx\/wp-content\/uploads\/2023\/11\/image-50-300x189.jpeg 300w, https:\/\/quehacerpolitico.mx\/wp-content\/uploads\/2023\/11\/image-50-768x485.jpeg 768w, https:\/\/quehacerpolitico.mx\/wp-content\/uploads\/2023\/11\/image-50-232x146.jpeg 232w, https:\/\/quehacerpolitico.mx\/wp-content\/uploads\/2023\/11\/image-50-50x31.jpeg 50w, https:\/\/quehacerpolitico.mx\/wp-content\/uploads\/2023\/11\/image-50-119x75.jpeg 119w\" sizes=\"auto, (max-width: 770px) 100vw, 770px\" \/><\/figure>\n\n\n\n<figure class=\"wp-block-image size-full\"><img loading=\"lazy\" decoding=\"async\" width=\"770\" height=\"485\" src=\"https:\/\/quehacerpolitico.mx\/wp-content\/uploads\/2023\/11\/image-49.jpeg\" alt=\"\" class=\"wp-image-106728\" srcset=\"https:\/\/quehacerpolitico.mx\/wp-content\/uploads\/2023\/11\/image-49.jpeg 770w, https:\/\/quehacerpolitico.mx\/wp-content\/uploads\/2023\/11\/image-49-300x189.jpeg 300w, https:\/\/quehacerpolitico.mx\/wp-content\/uploads\/2023\/11\/image-49-768x485.jpeg 768w, https:\/\/quehacerpolitico.mx\/wp-content\/uploads\/2023\/11\/image-49-232x146.jpeg 232w, https:\/\/quehacerpolitico.mx\/wp-content\/uploads\/2023\/11\/image-49-50x31.jpeg 50w, https:\/\/quehacerpolitico.mx\/wp-content\/uploads\/2023\/11\/image-49-119x75.jpeg 119w\" sizes=\"auto, (max-width: 770px) 100vw, 770px\" \/><\/figure>\n\n\n\n<figure class=\"wp-block-image size-full\"><img loading=\"lazy\" decoding=\"async\" width=\"770\" height=\"485\" src=\"https:\/\/quehacerpolitico.mx\/wp-content\/uploads\/2023\/11\/image-48.jpeg\" alt=\"\" class=\"wp-image-106727\" srcset=\"https:\/\/quehacerpolitico.mx\/wp-content\/uploads\/2023\/11\/image-48.jpeg 770w, https:\/\/quehacerpolitico.mx\/wp-content\/uploads\/2023\/11\/image-48-300x189.jpeg 300w, https:\/\/quehacerpolitico.mx\/wp-content\/uploads\/2023\/11\/image-48-768x485.jpeg 768w, https:\/\/quehacerpolitico.mx\/wp-content\/uploads\/2023\/11\/image-48-232x146.jpeg 232w, https:\/\/quehacerpolitico.mx\/wp-content\/uploads\/2023\/11\/image-48-50x31.jpeg 50w, https:\/\/quehacerpolitico.mx\/wp-content\/uploads\/2023\/11\/image-48-119x75.jpeg 119w\" sizes=\"auto, (max-width: 770px) 100vw, 770px\" \/><\/figure>\n\n\n\n<p>Mar\u00eda Ospina Pizano finaliz\u00f3 comentando que el legado de Sor Juana In\u00e9s de la Cruz,&nbsp;<strong>a m\u00e1s de 300 a\u00f1os de su fallecimiento, ha trascendido por sus ense\u00f1anzas, osad\u00eda para aquella \u00e9poca, conocimientos, su empe\u00f1o, pensamiento y defensa de las ideas.&nbsp;<\/strong><\/p>\n\n\n\n<p>\u201cQuisiera empezar hoy por darle las gracias por las ense\u00f1anzas, por la vitalidad de sus ideas, por su profunda erudici\u00f3n y osad\u00eda, por su empe\u00f1o desde los m\u00e1rgenes en aquello que ella misma llama \u2018poner bellezas y riquezas al entendimiento\u2019; por el compromiso de pensar sosegadamente y de defender el rigor de las ideas, por ese ejemplo\u201d.&nbsp;<\/p>\n\n\n\n<p>Finalmente, la nacida en Bogot\u00e1 resalt\u00f3 la importancia de la defensa de la tierra por parte de los pueblos originarios pese a las amenazas contra su tierra y el medio ambiente.<\/p>\n","protected":false},"excerpt":{"rendered":"<p>Por Redacci\u00f3n QP La escritora nacida en la ciudad de Bogot\u00e1, Colombia, en 1977, fue&#8230;<\/p>\n","protected":false},"author":2,"featured_media":106723,"comment_status":"open","ping_status":"open","sticky":false,"template":"","format":"standard","meta":{"_monsterinsights_skip_tracking":false,"_monsterinsights_sitenote_active":false,"_monsterinsights_sitenote_note":"","_monsterinsights_sitenote_category":0,"footnotes":""},"categories":[58],"tags":[],"class_list":["post-106722","post","type-post","status-publish","format-standard","has-post-thumbnail","hentry","category-cultura"],"yoast_head":"<!-- This site is optimized with the Yoast SEO plugin v27.3 - https:\/\/yoast.com\/product\/yoast-seo-wordpress\/ -->\n<title>Entregan el premio Pizano premio Sor Juana In\u00e9s de la Cruz a la escritora Mar\u00eda Ospina -<\/title>\n<meta name=\"robots\" content=\"index, follow, max-snippet:-1, max-image-preview:large, max-video-preview:-1\" \/>\n<link rel=\"canonical\" href=\"https:\/\/quehacerpolitico.mx\/?p=106722\" \/>\n<meta property=\"og:locale\" content=\"es_MX\" \/>\n<meta property=\"og:type\" content=\"article\" \/>\n<meta property=\"og:title\" content=\"Entregan el premio Pizano premio Sor Juana In\u00e9s de la Cruz a la escritora Mar\u00eda Ospina -\" \/>\n<meta property=\"og:description\" content=\"Por Redacci\u00f3n QP La escritora nacida en la ciudad de Bogot\u00e1, Colombia, en 1977, fue...\" \/>\n<meta property=\"og:url\" content=\"https:\/\/quehacerpolitico.mx\/?p=106722\" \/>\n<meta property=\"article:published_time\" content=\"2023-11-30T21:02:07+00:00\" \/>\n<meta property=\"article:modified_time\" content=\"2023-11-30T21:02:10+00:00\" \/>\n<meta property=\"og:image\" content=\"https:\/\/quehacerpolitico.mx\/wp-content\/uploads\/2023\/11\/IMG_2322.webp\" \/>\n\t<meta property=\"og:image:width\" content=\"770\" \/>\n\t<meta property=\"og:image:height\" content=\"485\" \/>\n\t<meta property=\"og:image:type\" content=\"image\/webp\" \/>\n<meta name=\"author\" content=\"Redacci\u00f3n QP\" \/>\n<meta name=\"twitter:card\" content=\"summary_large_image\" \/>\n<meta name=\"twitter:label1\" content=\"Escrito por\" \/>\n\t<meta name=\"twitter:data1\" content=\"Redacci\u00f3n QP\" \/>\n\t<meta name=\"twitter:label2\" content=\"Tiempo de lectura\" \/>\n\t<meta name=\"twitter:data2\" content=\"3 minutos\" \/>\n<script type=\"application\/ld+json\" class=\"yoast-schema-graph\">{\"@context\":\"https:\\\/\\\/schema.org\",\"@graph\":[{\"@type\":\"Article\",\"@id\":\"https:\\\/\\\/quehacerpolitico.mx\\\/?p=106722#article\",\"isPartOf\":{\"@id\":\"https:\\\/\\\/quehacerpolitico.mx\\\/?p=106722\"},\"author\":{\"name\":\"Redacci\u00f3n QP\",\"@id\":\"https:\\\/\\\/quehacerpolitico.mx\\\/#\\\/schema\\\/person\\\/496d8ad2d1d3f8036101dca7ee39e585\"},\"headline\":\"Entregan el premio Pizano premio Sor Juana In\u00e9s de la Cruz a la escritora Mar\u00eda Ospina\",\"datePublished\":\"2023-11-30T21:02:07+00:00\",\"dateModified\":\"2023-11-30T21:02:10+00:00\",\"mainEntityOfPage\":{\"@id\":\"https:\\\/\\\/quehacerpolitico.mx\\\/?p=106722\"},\"wordCount\":618,\"commentCount\":0,\"image\":{\"@id\":\"https:\\\/\\\/quehacerpolitico.mx\\\/?p=106722#primaryimage\"},\"thumbnailUrl\":\"https:\\\/\\\/quehacerpolitico.mx\\\/wp-content\\\/uploads\\\/2023\\\/11\\\/IMG_2322.webp\",\"articleSection\":[\"Cultura y Entretenimiento\"],\"inLanguage\":\"es\",\"potentialAction\":[{\"@type\":\"CommentAction\",\"name\":\"Comment\",\"target\":[\"https:\\\/\\\/quehacerpolitico.mx\\\/?p=106722#respond\"]}]},{\"@type\":\"WebPage\",\"@id\":\"https:\\\/\\\/quehacerpolitico.mx\\\/?p=106722\",\"url\":\"https:\\\/\\\/quehacerpolitico.mx\\\/?p=106722\",\"name\":\"Entregan el premio Pizano premio Sor Juana In\u00e9s de la Cruz a la escritora Mar\u00eda Ospina -\",\"isPartOf\":{\"@id\":\"https:\\\/\\\/quehacerpolitico.mx\\\/#website\"},\"primaryImageOfPage\":{\"@id\":\"https:\\\/\\\/quehacerpolitico.mx\\\/?p=106722#primaryimage\"},\"image\":{\"@id\":\"https:\\\/\\\/quehacerpolitico.mx\\\/?p=106722#primaryimage\"},\"thumbnailUrl\":\"https:\\\/\\\/quehacerpolitico.mx\\\/wp-content\\\/uploads\\\/2023\\\/11\\\/IMG_2322.webp\",\"datePublished\":\"2023-11-30T21:02:07+00:00\",\"dateModified\":\"2023-11-30T21:02:10+00:00\",\"author\":{\"@id\":\"https:\\\/\\\/quehacerpolitico.mx\\\/#\\\/schema\\\/person\\\/496d8ad2d1d3f8036101dca7ee39e585\"},\"breadcrumb\":{\"@id\":\"https:\\\/\\\/quehacerpolitico.mx\\\/?p=106722#breadcrumb\"},\"inLanguage\":\"es\",\"potentialAction\":[{\"@type\":\"ReadAction\",\"target\":[\"https:\\\/\\\/quehacerpolitico.mx\\\/?p=106722\"]}]},{\"@type\":\"ImageObject\",\"inLanguage\":\"es\",\"@id\":\"https:\\\/\\\/quehacerpolitico.mx\\\/?p=106722#primaryimage\",\"url\":\"https:\\\/\\\/quehacerpolitico.mx\\\/wp-content\\\/uploads\\\/2023\\\/11\\\/IMG_2322.webp\",\"contentUrl\":\"https:\\\/\\\/quehacerpolitico.mx\\\/wp-content\\\/uploads\\\/2023\\\/11\\\/IMG_2322.webp\",\"width\":770,\"height\":485},{\"@type\":\"BreadcrumbList\",\"@id\":\"https:\\\/\\\/quehacerpolitico.mx\\\/?p=106722#breadcrumb\",\"itemListElement\":[{\"@type\":\"ListItem\",\"position\":1,\"name\":\"Inicio\",\"item\":\"https:\\\/\\\/quehacerpolitico.mx\\\/\"},{\"@type\":\"ListItem\",\"position\":2,\"name\":\"Entregan el premio Pizano premio Sor Juana In\u00e9s de la Cruz a la escritora Mar\u00eda Ospina\"}]},{\"@type\":\"WebSite\",\"@id\":\"https:\\\/\\\/quehacerpolitico.mx\\\/#website\",\"url\":\"https:\\\/\\\/quehacerpolitico.mx\\\/\",\"name\":\"\",\"description\":\"\",\"potentialAction\":[{\"@type\":\"SearchAction\",\"target\":{\"@type\":\"EntryPoint\",\"urlTemplate\":\"https:\\\/\\\/quehacerpolitico.mx\\\/?s={search_term_string}\"},\"query-input\":{\"@type\":\"PropertyValueSpecification\",\"valueRequired\":true,\"valueName\":\"search_term_string\"}}],\"inLanguage\":\"es\"},{\"@type\":\"Person\",\"@id\":\"https:\\\/\\\/quehacerpolitico.mx\\\/#\\\/schema\\\/person\\\/496d8ad2d1d3f8036101dca7ee39e585\",\"name\":\"Redacci\u00f3n QP\",\"image\":{\"@type\":\"ImageObject\",\"inLanguage\":\"es\",\"@id\":\"https:\\\/\\\/secure.gravatar.com\\\/avatar\\\/c7164ed6fdec453195284ad24a5ae5b6e1eed2b848477fa2a4787ba9adf39a41?s=96&d=mm&r=g\",\"url\":\"https:\\\/\\\/secure.gravatar.com\\\/avatar\\\/c7164ed6fdec453195284ad24a5ae5b6e1eed2b848477fa2a4787ba9adf39a41?s=96&d=mm&r=g\",\"contentUrl\":\"https:\\\/\\\/secure.gravatar.com\\\/avatar\\\/c7164ed6fdec453195284ad24a5ae5b6e1eed2b848477fa2a4787ba9adf39a41?s=96&d=mm&r=g\",\"caption\":\"Redacci\u00f3n QP\"},\"url\":\"https:\\\/\\\/quehacerpolitico.mx\\\/?author=2\"}]}<\/script>\n<!-- \/ Yoast SEO plugin. -->","yoast_head_json":{"title":"Entregan el premio Pizano premio Sor Juana In\u00e9s de la Cruz a la escritora Mar\u00eda Ospina -","robots":{"index":"index","follow":"follow","max-snippet":"max-snippet:-1","max-image-preview":"max-image-preview:large","max-video-preview":"max-video-preview:-1"},"canonical":"https:\/\/quehacerpolitico.mx\/?p=106722","og_locale":"es_MX","og_type":"article","og_title":"Entregan el premio Pizano premio Sor Juana In\u00e9s de la Cruz a la escritora Mar\u00eda Ospina -","og_description":"Por Redacci\u00f3n QP La escritora nacida en la ciudad de Bogot\u00e1, Colombia, en 1977, fue...","og_url":"https:\/\/quehacerpolitico.mx\/?p=106722","article_published_time":"2023-11-30T21:02:07+00:00","article_modified_time":"2023-11-30T21:02:10+00:00","og_image":[{"width":770,"height":485,"url":"https:\/\/quehacerpolitico.mx\/wp-content\/uploads\/2023\/11\/IMG_2322.webp","type":"image\/webp"}],"author":"Redacci\u00f3n QP","twitter_card":"summary_large_image","twitter_misc":{"Escrito por":"Redacci\u00f3n QP","Tiempo de lectura":"3 minutos"},"schema":{"@context":"https:\/\/schema.org","@graph":[{"@type":"Article","@id":"https:\/\/quehacerpolitico.mx\/?p=106722#article","isPartOf":{"@id":"https:\/\/quehacerpolitico.mx\/?p=106722"},"author":{"name":"Redacci\u00f3n QP","@id":"https:\/\/quehacerpolitico.mx\/#\/schema\/person\/496d8ad2d1d3f8036101dca7ee39e585"},"headline":"Entregan el premio Pizano premio Sor Juana In\u00e9s de la Cruz a la escritora Mar\u00eda Ospina","datePublished":"2023-11-30T21:02:07+00:00","dateModified":"2023-11-30T21:02:10+00:00","mainEntityOfPage":{"@id":"https:\/\/quehacerpolitico.mx\/?p=106722"},"wordCount":618,"commentCount":0,"image":{"@id":"https:\/\/quehacerpolitico.mx\/?p=106722#primaryimage"},"thumbnailUrl":"https:\/\/quehacerpolitico.mx\/wp-content\/uploads\/2023\/11\/IMG_2322.webp","articleSection":["Cultura y Entretenimiento"],"inLanguage":"es","potentialAction":[{"@type":"CommentAction","name":"Comment","target":["https:\/\/quehacerpolitico.mx\/?p=106722#respond"]}]},{"@type":"WebPage","@id":"https:\/\/quehacerpolitico.mx\/?p=106722","url":"https:\/\/quehacerpolitico.mx\/?p=106722","name":"Entregan el premio Pizano premio Sor Juana In\u00e9s de la Cruz a la escritora Mar\u00eda Ospina -","isPartOf":{"@id":"https:\/\/quehacerpolitico.mx\/#website"},"primaryImageOfPage":{"@id":"https:\/\/quehacerpolitico.mx\/?p=106722#primaryimage"},"image":{"@id":"https:\/\/quehacerpolitico.mx\/?p=106722#primaryimage"},"thumbnailUrl":"https:\/\/quehacerpolitico.mx\/wp-content\/uploads\/2023\/11\/IMG_2322.webp","datePublished":"2023-11-30T21:02:07+00:00","dateModified":"2023-11-30T21:02:10+00:00","author":{"@id":"https:\/\/quehacerpolitico.mx\/#\/schema\/person\/496d8ad2d1d3f8036101dca7ee39e585"},"breadcrumb":{"@id":"https:\/\/quehacerpolitico.mx\/?p=106722#breadcrumb"},"inLanguage":"es","potentialAction":[{"@type":"ReadAction","target":["https:\/\/quehacerpolitico.mx\/?p=106722"]}]},{"@type":"ImageObject","inLanguage":"es","@id":"https:\/\/quehacerpolitico.mx\/?p=106722#primaryimage","url":"https:\/\/quehacerpolitico.mx\/wp-content\/uploads\/2023\/11\/IMG_2322.webp","contentUrl":"https:\/\/quehacerpolitico.mx\/wp-content\/uploads\/2023\/11\/IMG_2322.webp","width":770,"height":485},{"@type":"BreadcrumbList","@id":"https:\/\/quehacerpolitico.mx\/?p=106722#breadcrumb","itemListElement":[{"@type":"ListItem","position":1,"name":"Inicio","item":"https:\/\/quehacerpolitico.mx\/"},{"@type":"ListItem","position":2,"name":"Entregan el premio Pizano premio Sor Juana In\u00e9s de la Cruz a la escritora Mar\u00eda Ospina"}]},{"@type":"WebSite","@id":"https:\/\/quehacerpolitico.mx\/#website","url":"https:\/\/quehacerpolitico.mx\/","name":"","description":"","potentialAction":[{"@type":"SearchAction","target":{"@type":"EntryPoint","urlTemplate":"https:\/\/quehacerpolitico.mx\/?s={search_term_string}"},"query-input":{"@type":"PropertyValueSpecification","valueRequired":true,"valueName":"search_term_string"}}],"inLanguage":"es"},{"@type":"Person","@id":"https:\/\/quehacerpolitico.mx\/#\/schema\/person\/496d8ad2d1d3f8036101dca7ee39e585","name":"Redacci\u00f3n QP","image":{"@type":"ImageObject","inLanguage":"es","@id":"https:\/\/secure.gravatar.com\/avatar\/c7164ed6fdec453195284ad24a5ae5b6e1eed2b848477fa2a4787ba9adf39a41?s=96&d=mm&r=g","url":"https:\/\/secure.gravatar.com\/avatar\/c7164ed6fdec453195284ad24a5ae5b6e1eed2b848477fa2a4787ba9adf39a41?s=96&d=mm&r=g","contentUrl":"https:\/\/secure.gravatar.com\/avatar\/c7164ed6fdec453195284ad24a5ae5b6e1eed2b848477fa2a4787ba9adf39a41?s=96&d=mm&r=g","caption":"Redacci\u00f3n QP"},"url":"https:\/\/quehacerpolitico.mx\/?author=2"}]}},"featured_image_urls":{"full":["https:\/\/quehacerpolitico.mx\/wp-content\/uploads\/2023\/11\/IMG_2322.webp",770,485,false],"thumbnail":["https:\/\/quehacerpolitico.mx\/wp-content\/uploads\/2023\/11\/IMG_2322-150x150.webp",150,150,true],"medium":["https:\/\/quehacerpolitico.mx\/wp-content\/uploads\/2023\/11\/IMG_2322-300x189.webp",300,189,true],"medium_large":["https:\/\/quehacerpolitico.mx\/wp-content\/uploads\/2023\/11\/IMG_2322-768x484.webp",640,403,true],"large":["https:\/\/quehacerpolitico.mx\/wp-content\/uploads\/2023\/11\/IMG_2322.webp",640,403,false],"1536x1536":["https:\/\/quehacerpolitico.mx\/wp-content\/uploads\/2023\/11\/IMG_2322.webp",770,485,false],"2048x2048":["https:\/\/quehacerpolitico.mx\/wp-content\/uploads\/2023\/11\/IMG_2322.webp",770,485,false],"covernews-featured":["https:\/\/quehacerpolitico.mx\/wp-content\/uploads\/2023\/11\/IMG_2322.webp",770,485,false],"covernews-medium":["https:\/\/quehacerpolitico.mx\/wp-content\/uploads\/2023\/11\/IMG_2322.webp",540,340,false]},"author_info":{"display_name":"Redacci\u00f3n QP","author_link":"https:\/\/quehacerpolitico.mx\/?author=2"},"category_info":"<a href=\"https:\/\/quehacerpolitico.mx\/?cat=58\" rel=\"category\">Cultura y Entretenimiento<\/a>","tag_info":"Cultura y Entretenimiento","comment_count":"0","_links":{"self":[{"href":"https:\/\/quehacerpolitico.mx\/index.php?rest_route=\/wp\/v2\/posts\/106722","targetHints":{"allow":["GET"]}}],"collection":[{"href":"https:\/\/quehacerpolitico.mx\/index.php?rest_route=\/wp\/v2\/posts"}],"about":[{"href":"https:\/\/quehacerpolitico.mx\/index.php?rest_route=\/wp\/v2\/types\/post"}],"author":[{"embeddable":true,"href":"https:\/\/quehacerpolitico.mx\/index.php?rest_route=\/wp\/v2\/users\/2"}],"replies":[{"embeddable":true,"href":"https:\/\/quehacerpolitico.mx\/index.php?rest_route=%2Fwp%2Fv2%2Fcomments&post=106722"}],"version-history":[{"count":1,"href":"https:\/\/quehacerpolitico.mx\/index.php?rest_route=\/wp\/v2\/posts\/106722\/revisions"}],"predecessor-version":[{"id":106730,"href":"https:\/\/quehacerpolitico.mx\/index.php?rest_route=\/wp\/v2\/posts\/106722\/revisions\/106730"}],"wp:featuredmedia":[{"embeddable":true,"href":"https:\/\/quehacerpolitico.mx\/index.php?rest_route=\/wp\/v2\/media\/106723"}],"wp:attachment":[{"href":"https:\/\/quehacerpolitico.mx\/index.php?rest_route=%2Fwp%2Fv2%2Fmedia&parent=106722"}],"wp:term":[{"taxonomy":"category","embeddable":true,"href":"https:\/\/quehacerpolitico.mx\/index.php?rest_route=%2Fwp%2Fv2%2Fcategories&post=106722"},{"taxonomy":"post_tag","embeddable":true,"href":"https:\/\/quehacerpolitico.mx\/index.php?rest_route=%2Fwp%2Fv2%2Ftags&post=106722"}],"curies":[{"name":"wp","href":"https:\/\/api.w.org\/{rel}","templated":true}]}}