{"id":106695,"date":"2023-11-30T18:39:32","date_gmt":"2023-11-30T18:39:32","guid":{"rendered":"https:\/\/quehacerpolitico.mx\/?p=106695"},"modified":"2023-11-30T18:39:35","modified_gmt":"2023-11-30T18:39:35","slug":"quiero-que-decida-el-senado-no-yo-asegura-amlo-sobre-la-nueva-terna-para-ministra-de-la-scjn","status":"publish","type":"post","link":"https:\/\/quehacerpolitico.mx\/?p=106695","title":{"rendered":"&#8220;Quiero que decida el Senado, no yo&#8221;, asegura AMLO sobre la nueva terna para ministra de la SCJN"},"content":{"rendered":"\n<p>Por Redacci\u00f3n QP<\/p>\n\n\n\n<p>L\u00f3pez Obrador detall\u00f3 que este mismo jueves se enviar\u00e1 su segunda terna de mujeres para ocupar la vacante de ministra en la Suprema Corte<\/p>\n\n\n\n<p>El presidente de M\u00e9xico,\u00a0<strong>Andres Manuel L\u00f3pez Obrador<\/strong>, detall\u00f3 que este jueves enviar\u00e1 la segunda terna para ocupar la\u00a0<strong>vacante<\/strong>\u00a0de\u00a0<strong>ministra<\/strong>\u00a0de la\u00a0<strong>Suprema Corte de Justicia de la Naci\u00f3n<\/strong>\u00a0(<strong>SCJN<\/strong>), tras el\u00a0rechazo a la primera en el\u00a0<strong>Senado de la Rep\u00fablica<\/strong>.<\/p>\n\n\n\n<p>En la conferencia matutina de&nbsp;<strong>Palacio Nacional<\/strong>,&nbsp;<strong>L\u00f3pez Obrador<\/strong>indic\u00f3 sobre el rechazo que as\u00ed es el procedimiento y que su movimiento no tiene la mayor\u00eda calificada en la&nbsp;<strong>C\u00e1mara Alta<\/strong>.<\/p>\n\n\n\n<p>\u201cAs\u00ed es el procedimiento, se env\u00eda una terna y se necesita tener mayor\u00eda calificada para elegir, en este caso, a la ministra que va a la Suprema Corte de Justicia, mayor\u00eda calificada pues es m\u00e1s que la mayor\u00eda simple, no es la mitad m\u00e1s un voto\u201d, recalc\u00f3.<\/p>\n\n\n\n<figure class=\"wp-block-embed is-type-video is-provider-youtube wp-block-embed-youtube wp-embed-aspect-16-9 wp-has-aspect-ratio\"><div class=\"wp-block-embed__wrapper\">\n<iframe loading=\"lazy\" title=\"AMLO quiere que a Ministra la elija el Senado\" width=\"640\" height=\"360\" src=\"https:\/\/www.youtube.com\/embed\/DiIAb1g1jjE?feature=oembed\" frameborder=\"0\" allow=\"accelerometer; autoplay; clipboard-write; encrypted-media; gyroscope; picture-in-picture; web-share\" referrerpolicy=\"strict-origin-when-cross-origin\" allowfullscreen><\/iframe>\n<\/div><\/figure>\n\n\n\n<p>\u201cLa que obtuvo m\u00e1s votos le faltaron cinco o seis. Si hay esto rechazo o si no se logra tener maypr\u00eda calificada, hay que volver a enviar la terna con algunos cambios, pueden ir hasta dos de los que ya se presentaron y cambia uno, o pueden ir uno y cambiar dos o se pueden cambiar los tres\u201d, agreg\u00f3.<\/p>\n\n\n\n<p>Creo que hoy mismo ya enviamos la nueva terna (\u2026) S\u00ed, van a ser mujeres\u201d, puntualiz\u00f3 el tabasque\u00f1o en el Sal\u00f3n Tesorer\u00eda.<\/p>\n\n\n\n<p>L\u00f3pez Obrador\u00a0descart\u00f3 que vaya a postular a\u00a0<strong>Ernestina\u00a0Godoy<\/strong>\u00a0a la vacante de ministra, pero que si no es ratificada como titular de la Fiscal\u00eda General de Justicia de la Ciudad de M\u00e9xico (FGJ CDMX), tiene las \u201cpuertas abiertas\u201d del Gobierno federal, debido a que es \u201cbuen\u00edsima\u201d en su trabajo.<\/p>\n\n\n\n<p>Ninguna de las tres mujeres abogadas propuestas para ocupar el cargo de ministra de la Suprema Corte de Justicia de la Naci\u00f3n (SCJN), integrada por&nbsp;<strong>Bertha Alcalde, Lenia Batres y Mar\u00eda Estela R\u00edos<\/strong>, alcanz\u00f3 este mi\u00e9rcoles la votaci\u00f3n requerida en el Senado mexicano.<\/p>\n\n\n\n<p>Esto obliga al presidente L\u00f3pez Obrador, titular del Poder Ejecutivo, a enviar una nueva terna de perfiles para ocupar la vacante que dej\u00f3 con su renuncia el ministro en retiro,&nbsp;<strong>Arturo Zald\u00edvar<\/strong>, desde el pasado 7 de noviembre.<\/p>\n\n\n\n<p>La cercan\u00eda de los tres perfiles con el actual Gobierno mexicano fue la objeci\u00f3n principal de la oposici\u00f3n, que rechaz\u00f3 hasta en dos ocasiones cualquier consenso en favor de alguna de las personas de la terna recibida por los senadores mexicanos el pasado 15 de noviembre.<\/p>\n","protected":false},"excerpt":{"rendered":"<p>Por Redacci\u00f3n QP L\u00f3pez Obrador detall\u00f3 que este mismo jueves se enviar\u00e1 su segunda terna&#8230;<\/p>\n","protected":false},"author":2,"featured_media":106696,"comment_status":"open","ping_status":"open","sticky":false,"template":"","format":"standard","meta":{"_monsterinsights_skip_tracking":false,"_monsterinsights_sitenote_active":false,"_monsterinsights_sitenote_note":"","_monsterinsights_sitenote_category":0,"footnotes":""},"categories":[2],"tags":[],"class_list":["post-106695","post","type-post","status-publish","format-standard","has-post-thumbnail","hentry","category-noticias"],"yoast_head":"<!-- This site is optimized with the Yoast SEO plugin v27.3 - https:\/\/yoast.com\/product\/yoast-seo-wordpress\/ -->\n<title>&quot;Quiero que decida el Senado, no yo&quot;, asegura AMLO sobre la nueva terna para ministra de la SCJN -<\/title>\n<meta name=\"robots\" content=\"index, follow, max-snippet:-1, max-image-preview:large, max-video-preview:-1\" \/>\n<link rel=\"canonical\" href=\"https:\/\/quehacerpolitico.mx\/?p=106695\" \/>\n<meta property=\"og:locale\" content=\"es_MX\" \/>\n<meta property=\"og:type\" content=\"article\" \/>\n<meta property=\"og:title\" content=\"&quot;Quiero que decida el Senado, no yo&quot;, asegura AMLO sobre la nueva terna para ministra de la SCJN -\" \/>\n<meta property=\"og:description\" content=\"Por Redacci\u00f3n QP L\u00f3pez Obrador detall\u00f3 que este mismo jueves se enviar\u00e1 su segunda terna...\" \/>\n<meta property=\"og:url\" content=\"https:\/\/quehacerpolitico.mx\/?p=106695\" \/>\n<meta property=\"article:published_time\" content=\"2023-11-30T18:39:32+00:00\" \/>\n<meta property=\"article:modified_time\" content=\"2023-11-30T18:39:35+00:00\" \/>\n<meta property=\"og:image\" content=\"https:\/\/quehacerpolitico.mx\/wp-content\/uploads\/2023\/11\/IMG_2312.jpeg\" \/>\n\t<meta property=\"og:image:width\" content=\"1229\" \/>\n\t<meta property=\"og:image:height\" content=\"700\" \/>\n\t<meta property=\"og:image:type\" content=\"image\/jpeg\" \/>\n<meta name=\"author\" content=\"Redacci\u00f3n QP\" \/>\n<meta name=\"twitter:card\" content=\"summary_large_image\" \/>\n<meta name=\"twitter:label1\" content=\"Escrito por\" \/>\n\t<meta name=\"twitter:data1\" content=\"Redacci\u00f3n QP\" \/>\n\t<meta name=\"twitter:label2\" content=\"Tiempo de lectura\" \/>\n\t<meta name=\"twitter:data2\" content=\"2 minutos\" \/>\n<script type=\"application\/ld+json\" class=\"yoast-schema-graph\">{\"@context\":\"https:\\\/\\\/schema.org\",\"@graph\":[{\"@type\":\"Article\",\"@id\":\"https:\\\/\\\/quehacerpolitico.mx\\\/?p=106695#article\",\"isPartOf\":{\"@id\":\"https:\\\/\\\/quehacerpolitico.mx\\\/?p=106695\"},\"author\":{\"name\":\"Redacci\u00f3n QP\",\"@id\":\"https:\\\/\\\/quehacerpolitico.mx\\\/#\\\/schema\\\/person\\\/496d8ad2d1d3f8036101dca7ee39e585\"},\"headline\":\"&#8220;Quiero que decida el Senado, no yo&#8221;, asegura AMLO sobre la nueva terna para ministra de la SCJN\",\"datePublished\":\"2023-11-30T18:39:32+00:00\",\"dateModified\":\"2023-11-30T18:39:35+00:00\",\"mainEntityOfPage\":{\"@id\":\"https:\\\/\\\/quehacerpolitico.mx\\\/?p=106695\"},\"wordCount\":471,\"commentCount\":0,\"image\":{\"@id\":\"https:\\\/\\\/quehacerpolitico.mx\\\/?p=106695#primaryimage\"},\"thumbnailUrl\":\"https:\\\/\\\/quehacerpolitico.mx\\\/wp-content\\\/uploads\\\/2023\\\/11\\\/IMG_2312.jpeg\",\"articleSection\":[\"Noticias\"],\"inLanguage\":\"es\",\"potentialAction\":[{\"@type\":\"CommentAction\",\"name\":\"Comment\",\"target\":[\"https:\\\/\\\/quehacerpolitico.mx\\\/?p=106695#respond\"]}]},{\"@type\":\"WebPage\",\"@id\":\"https:\\\/\\\/quehacerpolitico.mx\\\/?p=106695\",\"url\":\"https:\\\/\\\/quehacerpolitico.mx\\\/?p=106695\",\"name\":\"\\\"Quiero que decida el Senado, no yo\\\", asegura AMLO sobre la nueva terna para ministra de la SCJN -\",\"isPartOf\":{\"@id\":\"https:\\\/\\\/quehacerpolitico.mx\\\/#website\"},\"primaryImageOfPage\":{\"@id\":\"https:\\\/\\\/quehacerpolitico.mx\\\/?p=106695#primaryimage\"},\"image\":{\"@id\":\"https:\\\/\\\/quehacerpolitico.mx\\\/?p=106695#primaryimage\"},\"thumbnailUrl\":\"https:\\\/\\\/quehacerpolitico.mx\\\/wp-content\\\/uploads\\\/2023\\\/11\\\/IMG_2312.jpeg\",\"datePublished\":\"2023-11-30T18:39:32+00:00\",\"dateModified\":\"2023-11-30T18:39:35+00:00\",\"author\":{\"@id\":\"https:\\\/\\\/quehacerpolitico.mx\\\/#\\\/schema\\\/person\\\/496d8ad2d1d3f8036101dca7ee39e585\"},\"breadcrumb\":{\"@id\":\"https:\\\/\\\/quehacerpolitico.mx\\\/?p=106695#breadcrumb\"},\"inLanguage\":\"es\",\"potentialAction\":[{\"@type\":\"ReadAction\",\"target\":[\"https:\\\/\\\/quehacerpolitico.mx\\\/?p=106695\"]}]},{\"@type\":\"ImageObject\",\"inLanguage\":\"es\",\"@id\":\"https:\\\/\\\/quehacerpolitico.mx\\\/?p=106695#primaryimage\",\"url\":\"https:\\\/\\\/quehacerpolitico.mx\\\/wp-content\\\/uploads\\\/2023\\\/11\\\/IMG_2312.jpeg\",\"contentUrl\":\"https:\\\/\\\/quehacerpolitico.mx\\\/wp-content\\\/uploads\\\/2023\\\/11\\\/IMG_2312.jpeg\",\"width\":1229,\"height\":700},{\"@type\":\"BreadcrumbList\",\"@id\":\"https:\\\/\\\/quehacerpolitico.mx\\\/?p=106695#breadcrumb\",\"itemListElement\":[{\"@type\":\"ListItem\",\"position\":1,\"name\":\"Inicio\",\"item\":\"https:\\\/\\\/quehacerpolitico.mx\\\/\"},{\"@type\":\"ListItem\",\"position\":2,\"name\":\"&#8220;Quiero que decida el Senado, no yo&#8221;, asegura AMLO sobre la nueva terna para ministra de la SCJN\"}]},{\"@type\":\"WebSite\",\"@id\":\"https:\\\/\\\/quehacerpolitico.mx\\\/#website\",\"url\":\"https:\\\/\\\/quehacerpolitico.mx\\\/\",\"name\":\"\",\"description\":\"\",\"potentialAction\":[{\"@type\":\"SearchAction\",\"target\":{\"@type\":\"EntryPoint\",\"urlTemplate\":\"https:\\\/\\\/quehacerpolitico.mx\\\/?s={search_term_string}\"},\"query-input\":{\"@type\":\"PropertyValueSpecification\",\"valueRequired\":true,\"valueName\":\"search_term_string\"}}],\"inLanguage\":\"es\"},{\"@type\":\"Person\",\"@id\":\"https:\\\/\\\/quehacerpolitico.mx\\\/#\\\/schema\\\/person\\\/496d8ad2d1d3f8036101dca7ee39e585\",\"name\":\"Redacci\u00f3n QP\",\"image\":{\"@type\":\"ImageObject\",\"inLanguage\":\"es\",\"@id\":\"https:\\\/\\\/secure.gravatar.com\\\/avatar\\\/c7164ed6fdec453195284ad24a5ae5b6e1eed2b848477fa2a4787ba9adf39a41?s=96&d=mm&r=g\",\"url\":\"https:\\\/\\\/secure.gravatar.com\\\/avatar\\\/c7164ed6fdec453195284ad24a5ae5b6e1eed2b848477fa2a4787ba9adf39a41?s=96&d=mm&r=g\",\"contentUrl\":\"https:\\\/\\\/secure.gravatar.com\\\/avatar\\\/c7164ed6fdec453195284ad24a5ae5b6e1eed2b848477fa2a4787ba9adf39a41?s=96&d=mm&r=g\",\"caption\":\"Redacci\u00f3n QP\"},\"url\":\"https:\\\/\\\/quehacerpolitico.mx\\\/?author=2\"}]}<\/script>\n<!-- \/ Yoast SEO plugin. -->","yoast_head_json":{"title":"\"Quiero que decida el Senado, no yo\", asegura AMLO sobre la nueva terna para ministra de la SCJN -","robots":{"index":"index","follow":"follow","max-snippet":"max-snippet:-1","max-image-preview":"max-image-preview:large","max-video-preview":"max-video-preview:-1"},"canonical":"https:\/\/quehacerpolitico.mx\/?p=106695","og_locale":"es_MX","og_type":"article","og_title":"\"Quiero que decida el Senado, no yo\", asegura AMLO sobre la nueva terna para ministra de la SCJN -","og_description":"Por Redacci\u00f3n QP L\u00f3pez Obrador detall\u00f3 que este mismo jueves se enviar\u00e1 su segunda terna...","og_url":"https:\/\/quehacerpolitico.mx\/?p=106695","article_published_time":"2023-11-30T18:39:32+00:00","article_modified_time":"2023-11-30T18:39:35+00:00","og_image":[{"width":1229,"height":700,"url":"https:\/\/quehacerpolitico.mx\/wp-content\/uploads\/2023\/11\/IMG_2312.jpeg","type":"image\/jpeg"}],"author":"Redacci\u00f3n QP","twitter_card":"summary_large_image","twitter_misc":{"Escrito por":"Redacci\u00f3n QP","Tiempo de lectura":"2 minutos"},"schema":{"@context":"https:\/\/schema.org","@graph":[{"@type":"Article","@id":"https:\/\/quehacerpolitico.mx\/?p=106695#article","isPartOf":{"@id":"https:\/\/quehacerpolitico.mx\/?p=106695"},"author":{"name":"Redacci\u00f3n QP","@id":"https:\/\/quehacerpolitico.mx\/#\/schema\/person\/496d8ad2d1d3f8036101dca7ee39e585"},"headline":"&#8220;Quiero que decida el Senado, no yo&#8221;, asegura AMLO sobre la nueva terna para ministra de la SCJN","datePublished":"2023-11-30T18:39:32+00:00","dateModified":"2023-11-30T18:39:35+00:00","mainEntityOfPage":{"@id":"https:\/\/quehacerpolitico.mx\/?p=106695"},"wordCount":471,"commentCount":0,"image":{"@id":"https:\/\/quehacerpolitico.mx\/?p=106695#primaryimage"},"thumbnailUrl":"https:\/\/quehacerpolitico.mx\/wp-content\/uploads\/2023\/11\/IMG_2312.jpeg","articleSection":["Noticias"],"inLanguage":"es","potentialAction":[{"@type":"CommentAction","name":"Comment","target":["https:\/\/quehacerpolitico.mx\/?p=106695#respond"]}]},{"@type":"WebPage","@id":"https:\/\/quehacerpolitico.mx\/?p=106695","url":"https:\/\/quehacerpolitico.mx\/?p=106695","name":"\"Quiero que decida el Senado, no yo\", asegura AMLO sobre la nueva terna para ministra de la SCJN -","isPartOf":{"@id":"https:\/\/quehacerpolitico.mx\/#website"},"primaryImageOfPage":{"@id":"https:\/\/quehacerpolitico.mx\/?p=106695#primaryimage"},"image":{"@id":"https:\/\/quehacerpolitico.mx\/?p=106695#primaryimage"},"thumbnailUrl":"https:\/\/quehacerpolitico.mx\/wp-content\/uploads\/2023\/11\/IMG_2312.jpeg","datePublished":"2023-11-30T18:39:32+00:00","dateModified":"2023-11-30T18:39:35+00:00","author":{"@id":"https:\/\/quehacerpolitico.mx\/#\/schema\/person\/496d8ad2d1d3f8036101dca7ee39e585"},"breadcrumb":{"@id":"https:\/\/quehacerpolitico.mx\/?p=106695#breadcrumb"},"inLanguage":"es","potentialAction":[{"@type":"ReadAction","target":["https:\/\/quehacerpolitico.mx\/?p=106695"]}]},{"@type":"ImageObject","inLanguage":"es","@id":"https:\/\/quehacerpolitico.mx\/?p=106695#primaryimage","url":"https:\/\/quehacerpolitico.mx\/wp-content\/uploads\/2023\/11\/IMG_2312.jpeg","contentUrl":"https:\/\/quehacerpolitico.mx\/wp-content\/uploads\/2023\/11\/IMG_2312.jpeg","width":1229,"height":700},{"@type":"BreadcrumbList","@id":"https:\/\/quehacerpolitico.mx\/?p=106695#breadcrumb","itemListElement":[{"@type":"ListItem","position":1,"name":"Inicio","item":"https:\/\/quehacerpolitico.mx\/"},{"@type":"ListItem","position":2,"name":"&#8220;Quiero que decida el Senado, no yo&#8221;, asegura AMLO sobre la nueva terna para ministra de la SCJN"}]},{"@type":"WebSite","@id":"https:\/\/quehacerpolitico.mx\/#website","url":"https:\/\/quehacerpolitico.mx\/","name":"","description":"","potentialAction":[{"@type":"SearchAction","target":{"@type":"EntryPoint","urlTemplate":"https:\/\/quehacerpolitico.mx\/?s={search_term_string}"},"query-input":{"@type":"PropertyValueSpecification","valueRequired":true,"valueName":"search_term_string"}}],"inLanguage":"es"},{"@type":"Person","@id":"https:\/\/quehacerpolitico.mx\/#\/schema\/person\/496d8ad2d1d3f8036101dca7ee39e585","name":"Redacci\u00f3n QP","image":{"@type":"ImageObject","inLanguage":"es","@id":"https:\/\/secure.gravatar.com\/avatar\/c7164ed6fdec453195284ad24a5ae5b6e1eed2b848477fa2a4787ba9adf39a41?s=96&d=mm&r=g","url":"https:\/\/secure.gravatar.com\/avatar\/c7164ed6fdec453195284ad24a5ae5b6e1eed2b848477fa2a4787ba9adf39a41?s=96&d=mm&r=g","contentUrl":"https:\/\/secure.gravatar.com\/avatar\/c7164ed6fdec453195284ad24a5ae5b6e1eed2b848477fa2a4787ba9adf39a41?s=96&d=mm&r=g","caption":"Redacci\u00f3n QP"},"url":"https:\/\/quehacerpolitico.mx\/?author=2"}]}},"featured_image_urls":{"full":["https:\/\/quehacerpolitico.mx\/wp-content\/uploads\/2023\/11\/IMG_2312.jpeg",1229,700,false],"thumbnail":["https:\/\/quehacerpolitico.mx\/wp-content\/uploads\/2023\/11\/IMG_2312-150x150.jpeg",150,150,true],"medium":["https:\/\/quehacerpolitico.mx\/wp-content\/uploads\/2023\/11\/IMG_2312-300x171.jpeg",300,171,true],"medium_large":["https:\/\/quehacerpolitico.mx\/wp-content\/uploads\/2023\/11\/IMG_2312-768x437.jpeg",640,364,true],"large":["https:\/\/quehacerpolitico.mx\/wp-content\/uploads\/2023\/11\/IMG_2312-1024x583.jpeg",640,364,true],"1536x1536":["https:\/\/quehacerpolitico.mx\/wp-content\/uploads\/2023\/11\/IMG_2312.jpeg",1229,700,false],"2048x2048":["https:\/\/quehacerpolitico.mx\/wp-content\/uploads\/2023\/11\/IMG_2312.jpeg",1229,700,false],"covernews-featured":["https:\/\/quehacerpolitico.mx\/wp-content\/uploads\/2023\/11\/IMG_2312.jpeg",1024,583,false],"covernews-medium":["https:\/\/quehacerpolitico.mx\/wp-content\/uploads\/2023\/11\/IMG_2312.jpeg",540,308,false]},"author_info":{"display_name":"Redacci\u00f3n QP","author_link":"https:\/\/quehacerpolitico.mx\/?author=2"},"category_info":"<a href=\"https:\/\/quehacerpolitico.mx\/?cat=2\" rel=\"category\">Noticias<\/a>","tag_info":"Noticias","comment_count":"0","_links":{"self":[{"href":"https:\/\/quehacerpolitico.mx\/index.php?rest_route=\/wp\/v2\/posts\/106695","targetHints":{"allow":["GET"]}}],"collection":[{"href":"https:\/\/quehacerpolitico.mx\/index.php?rest_route=\/wp\/v2\/posts"}],"about":[{"href":"https:\/\/quehacerpolitico.mx\/index.php?rest_route=\/wp\/v2\/types\/post"}],"author":[{"embeddable":true,"href":"https:\/\/quehacerpolitico.mx\/index.php?rest_route=\/wp\/v2\/users\/2"}],"replies":[{"embeddable":true,"href":"https:\/\/quehacerpolitico.mx\/index.php?rest_route=%2Fwp%2Fv2%2Fcomments&post=106695"}],"version-history":[{"count":1,"href":"https:\/\/quehacerpolitico.mx\/index.php?rest_route=\/wp\/v2\/posts\/106695\/revisions"}],"predecessor-version":[{"id":106697,"href":"https:\/\/quehacerpolitico.mx\/index.php?rest_route=\/wp\/v2\/posts\/106695\/revisions\/106697"}],"wp:featuredmedia":[{"embeddable":true,"href":"https:\/\/quehacerpolitico.mx\/index.php?rest_route=\/wp\/v2\/media\/106696"}],"wp:attachment":[{"href":"https:\/\/quehacerpolitico.mx\/index.php?rest_route=%2Fwp%2Fv2%2Fmedia&parent=106695"}],"wp:term":[{"taxonomy":"category","embeddable":true,"href":"https:\/\/quehacerpolitico.mx\/index.php?rest_route=%2Fwp%2Fv2%2Fcategories&post=106695"},{"taxonomy":"post_tag","embeddable":true,"href":"https:\/\/quehacerpolitico.mx\/index.php?rest_route=%2Fwp%2Fv2%2Ftags&post=106695"}],"curies":[{"name":"wp","href":"https:\/\/api.w.org\/{rel}","templated":true}]}}