{"id":106692,"date":"2023-11-30T18:20:02","date_gmt":"2023-11-30T18:20:02","guid":{"rendered":"https:\/\/quehacerpolitico.mx\/?p=106692"},"modified":"2023-11-30T18:20:05","modified_gmt":"2023-11-30T18:20:05","slug":"el-presidente-lopez-obrador-apunto-que-hay-31-desaparecidos-en-guerrero-tras-el-impacto-del-huracan-otis","status":"publish","type":"post","link":"https:\/\/quehacerpolitico.mx\/?p=106692","title":{"rendered":"El presidente L\u00f3pez Obrador\u00a0apunt\u00f3 que hay\u00a031 desaparecidos\u00a0en\u00a0Guerrero\u00a0tras el impacto del\u00a0hurac\u00e1n Otis"},"content":{"rendered":"\n<p>Por Redacci\u00f3n QP<\/p>\n\n\n\n<p>L\u00f3pez Obrador dijo que permanece operativo de b\u00fasqueda con elementos Marina y familiares de desaparecidos en Guerrero tras el hurac\u00e1n Otis<\/p>\n\n\n\n<p>El presidente\u00a0<strong>Andres Manuel\u00a0L\u00f3pez Obrador<\/strong>\u00a0apunt\u00f3 que hay\u00a0<strong>31 desaparecidos<\/strong>\u00a0en\u00a0<strong>Guerrero<\/strong>\u00a0tras el impacto del\u00a0hurac\u00e1n Otis, considerado el m\u00e1s potente en la historia del pa\u00eds y que ha dejado un saldo de\u00a0<strong>50 muertos<\/strong>, de las cuales apunt\u00f3 que \u201cla\u00a0<strong>mayor\u00eda se piensa que est\u00e1n en el mar<\/strong>\u201c.<\/p>\n\n\n\n<p>En la conferencia matutina de\u00a0<strong>Palacio Nacional<\/strong>,\u00a0<strong>L\u00f3pez Obrador detall\u00f3<\/strong>\u00a0que se mantiene un operativo de b\u00fasqueda con elementos de la\u00a0<strong>Secretar\u00eda de Marina<\/strong>\u00a0y familiares de desaparecidos en\u00a0<strong>Acapulco<\/strong>, una de las zonas m\u00e1s afectadas por el cicl\u00f3n.<\/p>\n\n\n\n<figure class=\"wp-block-embed is-type-video is-provider-youtube wp-block-embed-youtube wp-embed-aspect-16-9 wp-has-aspect-ratio\"><div class=\"wp-block-embed__wrapper\">\n<iframe loading=\"lazy\" title=\"AMLO se\u00f1ala que ayer estuvo en Acapulco, da avances sobre plan de reconstrucci\u00f3n\" width=\"640\" height=\"360\" src=\"https:\/\/www.youtube.com\/embed\/tvbxketxvaE?feature=oembed\" frameborder=\"0\" allow=\"accelerometer; autoplay; clipboard-write; encrypted-media; gyroscope; picture-in-picture; web-share\" referrerpolicy=\"strict-origin-when-cross-origin\" allowfullscreen><\/iframe>\n<\/div><\/figure>\n\n\n\n<p>Sigue la b\u00fasqueda de desaparecidos. La Marina tiene un operativo en toda la bah\u00eda, hubo embarcaciones que se hundieron, hay 31 personas, la mayor\u00eda se piensa est\u00e1n en el mar, y se sigue con buzos, con un operativo especial en la b\u00fasqueda\u201d, dijo.<\/p>\n\n\n\n<p>\u201cSobre todo esto vamos a estar informando, a los familiares de las v\u00edctimas, a los familiares de desaparecidos se les est\u00e1 atendiendo, ellos est\u00e1n participando junto con la Marina, la Armada, en la b\u00fasqueda de sus familiares, eso es im portante que se conozca\u201d, refiri\u00f3.<\/p>\n\n\n\n<p>El mandatario mexicano detall\u00f3 que se avanza en la recuperaci\u00f3n de las zonas afectadas por Otis en Guerrero, y que \u201cse est\u00e1 regresando a la normalidad poco a poco\u201d.<\/p>\n\n\n\n<p>\u201cHay alrededor de 40 mil servidores p\u00fablicos, civiles y militares, y se est\u00e1 avanzando (\u2026) Ayer comenz\u00f3 a entregarse el apoyo a las familias para limpieza, y esto va a mantenerse hasta el d\u00eda 7 ( de diciembre), y a partir de ah\u00ed se empiezan a entregar los fondos para la construcci\u00f3n y reconstrucci\u00f3n de las viviendas\u201d, refiri\u00f3.<\/p>\n\n\n\n<p>No ha faltado el alimento, el agua, hay seguridad, se est\u00e1 regresando a la normalidad poco a poco, se est\u00e1 avanzando\u201d, indic\u00f3.<\/p>\n\n\n\n<p>\u201cAyer se entregaron apoyos a 32 mil, familias para limpieza, hoy se va a repetir la misma cantidad y as\u00ed hasta el d\u00eda 7 de diciembre, estamos hablando de 250 mil familia, que se les est\u00e1 atendiendo\u201d. puntualiz\u00f3.<\/p>\n\n\n\n<p>El tabasque\u00f1o, quien detall\u00f3 que ayer visit\u00f3 el puerto de Acapulco para supervisar los avances en la recuperaci\u00f3n, recalc\u00f3 que \u201cya hay m\u00e1s abasto de agua, estamos a punto de lograr que se tenga el abasto de agua de antes del hurac\u00e1n, lo que se ten\u00eda antes del hurac\u00e1n, que no significaba que hubiese agua en todo Acapulco, hab\u00eda tandeo, pero s\u00ed se est\u00e1 avanzando\u201d.<\/p>\n\n\n\n<p>\u201cEn el caso del sistema el\u00e9ctrico, se ha avanzando much\u00edsimo. En el restablecimiento de la energ\u00eda el\u00e9ctrica est\u00e1 al 100 y muy cerca de lograrse que tengan conectividad todas las viviendas, y hay como un 68 por ciento de la energ\u00eda que se consum\u00eda antes del hurac\u00e1n, porque obviamente hoteles y otros negocios todav\u00eda no han podido levantarse, rehabilitarse, y no tienen energ\u00eda el\u00e9ctrica\u201d, subray\u00f3.<\/p>\n","protected":false},"excerpt":{"rendered":"<p>Por Redacci\u00f3n QP L\u00f3pez Obrador dijo que permanece operativo de b\u00fasqueda con elementos Marina y&#8230;<\/p>\n","protected":false},"author":2,"featured_media":106693,"comment_status":"open","ping_status":"open","sticky":false,"template":"","format":"standard","meta":{"_monsterinsights_skip_tracking":false,"_monsterinsights_sitenote_active":false,"_monsterinsights_sitenote_note":"","_monsterinsights_sitenote_category":0,"footnotes":""},"categories":[2],"tags":[],"class_list":["post-106692","post","type-post","status-publish","format-standard","has-post-thumbnail","hentry","category-noticias"],"yoast_head":"<!-- This site is optimized with the Yoast SEO plugin v27.3 - https:\/\/yoast.com\/product\/yoast-seo-wordpress\/ -->\n<title>El presidente L\u00f3pez Obrador\u00a0apunt\u00f3 que hay\u00a031 desaparecidos\u00a0en\u00a0Guerrero\u00a0tras el impacto del\u00a0hurac\u00e1n Otis -<\/title>\n<meta name=\"robots\" content=\"index, follow, max-snippet:-1, max-image-preview:large, max-video-preview:-1\" \/>\n<link rel=\"canonical\" href=\"https:\/\/quehacerpolitico.mx\/?p=106692\" \/>\n<meta property=\"og:locale\" content=\"es_MX\" \/>\n<meta property=\"og:type\" content=\"article\" \/>\n<meta property=\"og:title\" content=\"El presidente L\u00f3pez Obrador\u00a0apunt\u00f3 que hay\u00a031 desaparecidos\u00a0en\u00a0Guerrero\u00a0tras el impacto del\u00a0hurac\u00e1n Otis -\" \/>\n<meta property=\"og:description\" content=\"Por Redacci\u00f3n QP L\u00f3pez Obrador dijo que permanece operativo de b\u00fasqueda con elementos Marina y...\" \/>\n<meta property=\"og:url\" content=\"https:\/\/quehacerpolitico.mx\/?p=106692\" \/>\n<meta property=\"article:published_time\" content=\"2023-11-30T18:20:02+00:00\" \/>\n<meta property=\"article:modified_time\" content=\"2023-11-30T18:20:05+00:00\" \/>\n<meta property=\"og:image\" content=\"https:\/\/quehacerpolitico.mx\/wp-content\/uploads\/2023\/11\/IMG_2311.jpeg\" \/>\n\t<meta property=\"og:image:width\" content=\"1284\" \/>\n\t<meta property=\"og:image:height\" content=\"714\" \/>\n\t<meta property=\"og:image:type\" content=\"image\/jpeg\" \/>\n<meta name=\"author\" content=\"Redacci\u00f3n QP\" \/>\n<meta name=\"twitter:card\" content=\"summary_large_image\" \/>\n<meta name=\"twitter:label1\" content=\"Escrito por\" \/>\n\t<meta name=\"twitter:data1\" content=\"Redacci\u00f3n QP\" \/>\n\t<meta name=\"twitter:label2\" content=\"Tiempo de lectura\" \/>\n\t<meta name=\"twitter:data2\" content=\"3 minutos\" \/>\n<script type=\"application\/ld+json\" class=\"yoast-schema-graph\">{\"@context\":\"https:\\\/\\\/schema.org\",\"@graph\":[{\"@type\":\"Article\",\"@id\":\"https:\\\/\\\/quehacerpolitico.mx\\\/?p=106692#article\",\"isPartOf\":{\"@id\":\"https:\\\/\\\/quehacerpolitico.mx\\\/?p=106692\"},\"author\":{\"name\":\"Redacci\u00f3n QP\",\"@id\":\"https:\\\/\\\/quehacerpolitico.mx\\\/#\\\/schema\\\/person\\\/496d8ad2d1d3f8036101dca7ee39e585\"},\"headline\":\"El presidente L\u00f3pez Obrador\u00a0apunt\u00f3 que hay\u00a031 desaparecidos\u00a0en\u00a0Guerrero\u00a0tras el impacto del\u00a0hurac\u00e1n Otis\",\"datePublished\":\"2023-11-30T18:20:02+00:00\",\"dateModified\":\"2023-11-30T18:20:05+00:00\",\"mainEntityOfPage\":{\"@id\":\"https:\\\/\\\/quehacerpolitico.mx\\\/?p=106692\"},\"wordCount\":538,\"commentCount\":0,\"image\":{\"@id\":\"https:\\\/\\\/quehacerpolitico.mx\\\/?p=106692#primaryimage\"},\"thumbnailUrl\":\"https:\\\/\\\/quehacerpolitico.mx\\\/wp-content\\\/uploads\\\/2023\\\/11\\\/IMG_2311.jpeg\",\"articleSection\":[\"Noticias\"],\"inLanguage\":\"es\",\"potentialAction\":[{\"@type\":\"CommentAction\",\"name\":\"Comment\",\"target\":[\"https:\\\/\\\/quehacerpolitico.mx\\\/?p=106692#respond\"]}]},{\"@type\":\"WebPage\",\"@id\":\"https:\\\/\\\/quehacerpolitico.mx\\\/?p=106692\",\"url\":\"https:\\\/\\\/quehacerpolitico.mx\\\/?p=106692\",\"name\":\"El presidente L\u00f3pez Obrador\u00a0apunt\u00f3 que hay\u00a031 desaparecidos\u00a0en\u00a0Guerrero\u00a0tras el impacto del\u00a0hurac\u00e1n Otis -\",\"isPartOf\":{\"@id\":\"https:\\\/\\\/quehacerpolitico.mx\\\/#website\"},\"primaryImageOfPage\":{\"@id\":\"https:\\\/\\\/quehacerpolitico.mx\\\/?p=106692#primaryimage\"},\"image\":{\"@id\":\"https:\\\/\\\/quehacerpolitico.mx\\\/?p=106692#primaryimage\"},\"thumbnailUrl\":\"https:\\\/\\\/quehacerpolitico.mx\\\/wp-content\\\/uploads\\\/2023\\\/11\\\/IMG_2311.jpeg\",\"datePublished\":\"2023-11-30T18:20:02+00:00\",\"dateModified\":\"2023-11-30T18:20:05+00:00\",\"author\":{\"@id\":\"https:\\\/\\\/quehacerpolitico.mx\\\/#\\\/schema\\\/person\\\/496d8ad2d1d3f8036101dca7ee39e585\"},\"breadcrumb\":{\"@id\":\"https:\\\/\\\/quehacerpolitico.mx\\\/?p=106692#breadcrumb\"},\"inLanguage\":\"es\",\"potentialAction\":[{\"@type\":\"ReadAction\",\"target\":[\"https:\\\/\\\/quehacerpolitico.mx\\\/?p=106692\"]}]},{\"@type\":\"ImageObject\",\"inLanguage\":\"es\",\"@id\":\"https:\\\/\\\/quehacerpolitico.mx\\\/?p=106692#primaryimage\",\"url\":\"https:\\\/\\\/quehacerpolitico.mx\\\/wp-content\\\/uploads\\\/2023\\\/11\\\/IMG_2311.jpeg\",\"contentUrl\":\"https:\\\/\\\/quehacerpolitico.mx\\\/wp-content\\\/uploads\\\/2023\\\/11\\\/IMG_2311.jpeg\",\"width\":1284,\"height\":714},{\"@type\":\"BreadcrumbList\",\"@id\":\"https:\\\/\\\/quehacerpolitico.mx\\\/?p=106692#breadcrumb\",\"itemListElement\":[{\"@type\":\"ListItem\",\"position\":1,\"name\":\"Inicio\",\"item\":\"https:\\\/\\\/quehacerpolitico.mx\\\/\"},{\"@type\":\"ListItem\",\"position\":2,\"name\":\"El presidente L\u00f3pez Obrador\u00a0apunt\u00f3 que hay\u00a031 desaparecidos\u00a0en\u00a0Guerrero\u00a0tras el impacto del\u00a0hurac\u00e1n Otis\"}]},{\"@type\":\"WebSite\",\"@id\":\"https:\\\/\\\/quehacerpolitico.mx\\\/#website\",\"url\":\"https:\\\/\\\/quehacerpolitico.mx\\\/\",\"name\":\"\",\"description\":\"\",\"potentialAction\":[{\"@type\":\"SearchAction\",\"target\":{\"@type\":\"EntryPoint\",\"urlTemplate\":\"https:\\\/\\\/quehacerpolitico.mx\\\/?s={search_term_string}\"},\"query-input\":{\"@type\":\"PropertyValueSpecification\",\"valueRequired\":true,\"valueName\":\"search_term_string\"}}],\"inLanguage\":\"es\"},{\"@type\":\"Person\",\"@id\":\"https:\\\/\\\/quehacerpolitico.mx\\\/#\\\/schema\\\/person\\\/496d8ad2d1d3f8036101dca7ee39e585\",\"name\":\"Redacci\u00f3n QP\",\"image\":{\"@type\":\"ImageObject\",\"inLanguage\":\"es\",\"@id\":\"https:\\\/\\\/secure.gravatar.com\\\/avatar\\\/c7164ed6fdec453195284ad24a5ae5b6e1eed2b848477fa2a4787ba9adf39a41?s=96&d=mm&r=g\",\"url\":\"https:\\\/\\\/secure.gravatar.com\\\/avatar\\\/c7164ed6fdec453195284ad24a5ae5b6e1eed2b848477fa2a4787ba9adf39a41?s=96&d=mm&r=g\",\"contentUrl\":\"https:\\\/\\\/secure.gravatar.com\\\/avatar\\\/c7164ed6fdec453195284ad24a5ae5b6e1eed2b848477fa2a4787ba9adf39a41?s=96&d=mm&r=g\",\"caption\":\"Redacci\u00f3n QP\"},\"url\":\"https:\\\/\\\/quehacerpolitico.mx\\\/?author=2\"}]}<\/script>\n<!-- \/ Yoast SEO plugin. -->","yoast_head_json":{"title":"El presidente L\u00f3pez Obrador\u00a0apunt\u00f3 que hay\u00a031 desaparecidos\u00a0en\u00a0Guerrero\u00a0tras el impacto del\u00a0hurac\u00e1n Otis -","robots":{"index":"index","follow":"follow","max-snippet":"max-snippet:-1","max-image-preview":"max-image-preview:large","max-video-preview":"max-video-preview:-1"},"canonical":"https:\/\/quehacerpolitico.mx\/?p=106692","og_locale":"es_MX","og_type":"article","og_title":"El presidente L\u00f3pez Obrador\u00a0apunt\u00f3 que hay\u00a031 desaparecidos\u00a0en\u00a0Guerrero\u00a0tras el impacto del\u00a0hurac\u00e1n Otis -","og_description":"Por Redacci\u00f3n QP L\u00f3pez Obrador dijo que permanece operativo de b\u00fasqueda con elementos Marina y...","og_url":"https:\/\/quehacerpolitico.mx\/?p=106692","article_published_time":"2023-11-30T18:20:02+00:00","article_modified_time":"2023-11-30T18:20:05+00:00","og_image":[{"width":1284,"height":714,"url":"https:\/\/quehacerpolitico.mx\/wp-content\/uploads\/2023\/11\/IMG_2311.jpeg","type":"image\/jpeg"}],"author":"Redacci\u00f3n QP","twitter_card":"summary_large_image","twitter_misc":{"Escrito por":"Redacci\u00f3n QP","Tiempo de lectura":"3 minutos"},"schema":{"@context":"https:\/\/schema.org","@graph":[{"@type":"Article","@id":"https:\/\/quehacerpolitico.mx\/?p=106692#article","isPartOf":{"@id":"https:\/\/quehacerpolitico.mx\/?p=106692"},"author":{"name":"Redacci\u00f3n QP","@id":"https:\/\/quehacerpolitico.mx\/#\/schema\/person\/496d8ad2d1d3f8036101dca7ee39e585"},"headline":"El presidente L\u00f3pez Obrador\u00a0apunt\u00f3 que hay\u00a031 desaparecidos\u00a0en\u00a0Guerrero\u00a0tras el impacto del\u00a0hurac\u00e1n Otis","datePublished":"2023-11-30T18:20:02+00:00","dateModified":"2023-11-30T18:20:05+00:00","mainEntityOfPage":{"@id":"https:\/\/quehacerpolitico.mx\/?p=106692"},"wordCount":538,"commentCount":0,"image":{"@id":"https:\/\/quehacerpolitico.mx\/?p=106692#primaryimage"},"thumbnailUrl":"https:\/\/quehacerpolitico.mx\/wp-content\/uploads\/2023\/11\/IMG_2311.jpeg","articleSection":["Noticias"],"inLanguage":"es","potentialAction":[{"@type":"CommentAction","name":"Comment","target":["https:\/\/quehacerpolitico.mx\/?p=106692#respond"]}]},{"@type":"WebPage","@id":"https:\/\/quehacerpolitico.mx\/?p=106692","url":"https:\/\/quehacerpolitico.mx\/?p=106692","name":"El presidente L\u00f3pez Obrador\u00a0apunt\u00f3 que hay\u00a031 desaparecidos\u00a0en\u00a0Guerrero\u00a0tras el impacto del\u00a0hurac\u00e1n Otis -","isPartOf":{"@id":"https:\/\/quehacerpolitico.mx\/#website"},"primaryImageOfPage":{"@id":"https:\/\/quehacerpolitico.mx\/?p=106692#primaryimage"},"image":{"@id":"https:\/\/quehacerpolitico.mx\/?p=106692#primaryimage"},"thumbnailUrl":"https:\/\/quehacerpolitico.mx\/wp-content\/uploads\/2023\/11\/IMG_2311.jpeg","datePublished":"2023-11-30T18:20:02+00:00","dateModified":"2023-11-30T18:20:05+00:00","author":{"@id":"https:\/\/quehacerpolitico.mx\/#\/schema\/person\/496d8ad2d1d3f8036101dca7ee39e585"},"breadcrumb":{"@id":"https:\/\/quehacerpolitico.mx\/?p=106692#breadcrumb"},"inLanguage":"es","potentialAction":[{"@type":"ReadAction","target":["https:\/\/quehacerpolitico.mx\/?p=106692"]}]},{"@type":"ImageObject","inLanguage":"es","@id":"https:\/\/quehacerpolitico.mx\/?p=106692#primaryimage","url":"https:\/\/quehacerpolitico.mx\/wp-content\/uploads\/2023\/11\/IMG_2311.jpeg","contentUrl":"https:\/\/quehacerpolitico.mx\/wp-content\/uploads\/2023\/11\/IMG_2311.jpeg","width":1284,"height":714},{"@type":"BreadcrumbList","@id":"https:\/\/quehacerpolitico.mx\/?p=106692#breadcrumb","itemListElement":[{"@type":"ListItem","position":1,"name":"Inicio","item":"https:\/\/quehacerpolitico.mx\/"},{"@type":"ListItem","position":2,"name":"El presidente L\u00f3pez Obrador\u00a0apunt\u00f3 que hay\u00a031 desaparecidos\u00a0en\u00a0Guerrero\u00a0tras el impacto del\u00a0hurac\u00e1n Otis"}]},{"@type":"WebSite","@id":"https:\/\/quehacerpolitico.mx\/#website","url":"https:\/\/quehacerpolitico.mx\/","name":"","description":"","potentialAction":[{"@type":"SearchAction","target":{"@type":"EntryPoint","urlTemplate":"https:\/\/quehacerpolitico.mx\/?s={search_term_string}"},"query-input":{"@type":"PropertyValueSpecification","valueRequired":true,"valueName":"search_term_string"}}],"inLanguage":"es"},{"@type":"Person","@id":"https:\/\/quehacerpolitico.mx\/#\/schema\/person\/496d8ad2d1d3f8036101dca7ee39e585","name":"Redacci\u00f3n QP","image":{"@type":"ImageObject","inLanguage":"es","@id":"https:\/\/secure.gravatar.com\/avatar\/c7164ed6fdec453195284ad24a5ae5b6e1eed2b848477fa2a4787ba9adf39a41?s=96&d=mm&r=g","url":"https:\/\/secure.gravatar.com\/avatar\/c7164ed6fdec453195284ad24a5ae5b6e1eed2b848477fa2a4787ba9adf39a41?s=96&d=mm&r=g","contentUrl":"https:\/\/secure.gravatar.com\/avatar\/c7164ed6fdec453195284ad24a5ae5b6e1eed2b848477fa2a4787ba9adf39a41?s=96&d=mm&r=g","caption":"Redacci\u00f3n QP"},"url":"https:\/\/quehacerpolitico.mx\/?author=2"}]}},"featured_image_urls":{"full":["https:\/\/quehacerpolitico.mx\/wp-content\/uploads\/2023\/11\/IMG_2311.jpeg",1284,714,false],"thumbnail":["https:\/\/quehacerpolitico.mx\/wp-content\/uploads\/2023\/11\/IMG_2311-150x150.jpeg",150,150,true],"medium":["https:\/\/quehacerpolitico.mx\/wp-content\/uploads\/2023\/11\/IMG_2311-300x167.jpeg",300,167,true],"medium_large":["https:\/\/quehacerpolitico.mx\/wp-content\/uploads\/2023\/11\/IMG_2311-768x427.jpeg",640,356,true],"large":["https:\/\/quehacerpolitico.mx\/wp-content\/uploads\/2023\/11\/IMG_2311-1024x569.jpeg",640,356,true],"1536x1536":["https:\/\/quehacerpolitico.mx\/wp-content\/uploads\/2023\/11\/IMG_2311.jpeg",1284,714,false],"2048x2048":["https:\/\/quehacerpolitico.mx\/wp-content\/uploads\/2023\/11\/IMG_2311.jpeg",1284,714,false],"covernews-featured":["https:\/\/quehacerpolitico.mx\/wp-content\/uploads\/2023\/11\/IMG_2311.jpeg",1024,569,false],"covernews-medium":["https:\/\/quehacerpolitico.mx\/wp-content\/uploads\/2023\/11\/IMG_2311.jpeg",540,300,false]},"author_info":{"display_name":"Redacci\u00f3n QP","author_link":"https:\/\/quehacerpolitico.mx\/?author=2"},"category_info":"<a href=\"https:\/\/quehacerpolitico.mx\/?cat=2\" rel=\"category\">Noticias<\/a>","tag_info":"Noticias","comment_count":"0","_links":{"self":[{"href":"https:\/\/quehacerpolitico.mx\/index.php?rest_route=\/wp\/v2\/posts\/106692","targetHints":{"allow":["GET"]}}],"collection":[{"href":"https:\/\/quehacerpolitico.mx\/index.php?rest_route=\/wp\/v2\/posts"}],"about":[{"href":"https:\/\/quehacerpolitico.mx\/index.php?rest_route=\/wp\/v2\/types\/post"}],"author":[{"embeddable":true,"href":"https:\/\/quehacerpolitico.mx\/index.php?rest_route=\/wp\/v2\/users\/2"}],"replies":[{"embeddable":true,"href":"https:\/\/quehacerpolitico.mx\/index.php?rest_route=%2Fwp%2Fv2%2Fcomments&post=106692"}],"version-history":[{"count":1,"href":"https:\/\/quehacerpolitico.mx\/index.php?rest_route=\/wp\/v2\/posts\/106692\/revisions"}],"predecessor-version":[{"id":106694,"href":"https:\/\/quehacerpolitico.mx\/index.php?rest_route=\/wp\/v2\/posts\/106692\/revisions\/106694"}],"wp:featuredmedia":[{"embeddable":true,"href":"https:\/\/quehacerpolitico.mx\/index.php?rest_route=\/wp\/v2\/media\/106693"}],"wp:attachment":[{"href":"https:\/\/quehacerpolitico.mx\/index.php?rest_route=%2Fwp%2Fv2%2Fmedia&parent=106692"}],"wp:term":[{"taxonomy":"category","embeddable":true,"href":"https:\/\/quehacerpolitico.mx\/index.php?rest_route=%2Fwp%2Fv2%2Fcategories&post=106692"},{"taxonomy":"post_tag","embeddable":true,"href":"https:\/\/quehacerpolitico.mx\/index.php?rest_route=%2Fwp%2Fv2%2Ftags&post=106692"}],"curies":[{"name":"wp","href":"https:\/\/api.w.org\/{rel}","templated":true}]}}