{"id":106663,"date":"2023-11-29T17:59:30","date_gmt":"2023-11-29T17:59:30","guid":{"rendered":"https:\/\/quehacerpolitico.mx\/?p=106663"},"modified":"2023-11-29T17:59:33","modified_gmt":"2023-11-29T17:59:33","slug":"amlo-reconocio-que-las-aspirantes-a-la-scjn-son-afines-a-el-y-morena","status":"publish","type":"post","link":"https:\/\/quehacerpolitico.mx\/?p=106663","title":{"rendered":"AMLO reconoci\u00f3 que las aspirantes a la SCJN son afines a \u00e9l y Morena."},"content":{"rendered":"\n<p>Por Redacci\u00f3n QP<\/p>\n\n\n\n<p>L\u00f3pez Obrador dijo que las tres candidatas a ministra de la Corte son mujeres \u201chonestas, \u00edntegras, incapaces de cometer una injusticia\u201d<\/p>\n\n\n\n<p><strong>Andres Manuel L\u00f3pez Obrador<\/strong>, presidente de M\u00e9xico, presumi\u00f3 que las\u00a0<strong>tres candidatas<\/strong>\u00a0a ocupar la vacante de\u00a0<strong>ministra<\/strong>\u00a0en la\u00a0<strong>Suprema Corte de Justicia de la Naci\u00f3n<\/strong>\u00a0(<strong>SCJN<\/strong>) est\u00e1n\u00a0<strong>vinculadas<\/strong>\u00a0a la\u00a0<strong>Cuarta Transformaci\u00f3n<\/strong>\u00a0(4T).<\/p>\n\n\n\n<p>En la conferencia matutina de Palacio Nacional, L\u00f3pez Obrador dej\u00f3 en claro que\u00a0<strong>Bertha Mar\u00eda Alcalde, Lenia Batres y Mar\u00eda Estela R\u00edos<\/strong>\u00a0son mujeres \u201chonestas, \u00edntegras, incapaces de cometer una injusticia, incorruptibles\u201d.<\/p>\n\n\n\n<p>Que tienen raz\u00f3n, las tres est\u00e1n muy vinculadas con nosotros, las conozco desde hace tiempo, ya lo explicaba yo\u201d, dijo.<\/p>\n\n\n\n<figure class=\"wp-block-embed is-type-rich is-provider-twitter wp-block-embed-twitter\"><div class=\"wp-block-embed__wrapper\">\n<blockquote class=\"twitter-tweet\" data-width=\"550\" data-dnt=\"true\"><p lang=\"es\" dir=\"ltr\">Aunque no es ninguna sorpresa \ud83e\udd37\u200d\u2640\ufe0f AMLO (<a href=\"https:\/\/twitter.com\/lopezobrador_?ref_src=twsrc%5Etfw\">@lopezobrador_<\/a>) reconoci\u00f3 que las aspirantes a la <a href=\"https:\/\/twitter.com\/SCJN?ref_src=twsrc%5Etfw\">@SCJN<\/a> son afines a Morena. <a href=\"https:\/\/t.co\/gaqxPO2khV\">pic.twitter.com\/gaqxPO2khV<\/a><\/p>&mdash; Ruido en la Red (@RuidoEnLaRed) <a href=\"https:\/\/twitter.com\/RuidoEnLaRed\/status\/1729894727829352811?ref_src=twsrc%5Etfw\">November 29, 2023<\/a><\/blockquote><script async src=\"https:\/\/platform.twitter.com\/widgets.js\" charset=\"utf-8\"><\/script>\n<\/div><\/figure>\n\n\n\n<p>\u201cEstela R\u00edos fue consejera jur\u00eddica cuando fui jefe de Gobierno en la CDMX, hace 20 a\u00f1os; Bertha Luj\u00e1n es una joven que ha ayudado much\u00edsimo a limpiar de corrupci\u00f3n a Cofepris, que era un cochinero, un cochinero (\u2026) En el caso de lenia, desde hace a\u00f1os luchando por la democracia y tambi\u00e9n la familia, todos\u201d, puntualiz\u00f3.<\/p>\n\n\n\n<p>S\u00ed est\u00e1n vinculadas a mi, c\u00f3mo no y es un orgullo, pero al mismo tiempo son mujeres honestas, \u00edntegras, incapaces de cometer una injusticia, incorruptibles, adem\u00e1s yo no establezco con nadie relaciones de complicidad\u201d, expuso.<\/p>\n\n\n\n<p>El mandatario mexicano minimiz\u00f3 las cr\u00edticas hacia las tres candidatas a la vacante de ministra en la Corte, y recalc\u00f3 que son los senadores quienes van a decidir.<\/p>\n\n\n\n<p>\u201cHasta con mi familia, mis amigos, con todos, es una relaci\u00f3n de respeto siempre, estoy acostumbrado a eso. \u00bfQui\u00e9n va a decidir? Los senadores, que decidan, que revisen, ahora que si a esas vamos cu\u00e1ntos periodistas independientes hay en El Universal, hay alg\u00fan periodista independiente en el Reforma?\u201d, extern\u00f3.<\/p>\n\n\n\n<p>Luego de la renuncia del ministro&nbsp;<strong>Arturo Zald\u00edvar<\/strong>&nbsp;a comienzos de noviembre, L\u00f3pez Obrador propuso hace dos semanas a Bertha Mar\u00eda Alcalde, la hermana de la secretaria de Gobernaci\u00f3n, Luisa Mar\u00eda Alcalde; a Lenia Batres, hermana del jefe de Gobierno de Ciudad de M\u00e9xico, Mart\u00ed Batres, y Mar\u00eda Estela R\u00edos, actual consejera jur\u00eddica de la Presidencia.<\/p>\n\n\n\n<p>Tras la presentaci\u00f3n de las tres, la Comisi\u00f3n de Justicia del Senado\u00a0aprob\u00f3 esta semana la idoneidad de las aspirantes con 12 votos a favor, cinco en contra y una abstenci\u00f3n, y el asunto paso al Pleno.<\/p>\n\n\n\n<p>Las tres \u201ccumplen con los requisitos constitucionales y legales para el cargo de ministra en la Suprema Corte de Justicia de la Naci\u00f3n\u201d, apunt\u00f3 el Senado en un comunicado y agreg\u00f3 que \u201clas tres candidatas son elegibles para cubrir la vacante que dej\u00f3 Zald\u00edvar\u201d.<\/p>\n\n\n\n<p>La pol\u00e9mica cae sobre las tres ya que, seg\u00fan los Senadores de oposici\u00f3n las tres son afines al presidente L\u00f3pez Obrador.<\/p>\n","protected":false},"excerpt":{"rendered":"<p>Por Redacci\u00f3n QP L\u00f3pez Obrador dijo que las tres candidatas a ministra de la Corte&#8230;<\/p>\n","protected":false},"author":2,"featured_media":106664,"comment_status":"open","ping_status":"open","sticky":false,"template":"","format":"standard","meta":{"_monsterinsights_skip_tracking":false,"_monsterinsights_sitenote_active":false,"_monsterinsights_sitenote_note":"","_monsterinsights_sitenote_category":0,"footnotes":""},"categories":[2],"tags":[],"class_list":["post-106663","post","type-post","status-publish","format-standard","has-post-thumbnail","hentry","category-noticias"],"yoast_head":"<!-- This site is optimized with the Yoast SEO plugin v27.3 - https:\/\/yoast.com\/product\/yoast-seo-wordpress\/ -->\n<title>AMLO reconoci\u00f3 que las aspirantes a la SCJN son afines a \u00e9l y Morena. -<\/title>\n<meta name=\"robots\" content=\"index, follow, max-snippet:-1, max-image-preview:large, max-video-preview:-1\" \/>\n<link rel=\"canonical\" href=\"https:\/\/quehacerpolitico.mx\/?p=106663\" \/>\n<meta property=\"og:locale\" content=\"es_MX\" \/>\n<meta property=\"og:type\" content=\"article\" \/>\n<meta property=\"og:title\" content=\"AMLO reconoci\u00f3 que las aspirantes a la SCJN son afines a \u00e9l y Morena. -\" \/>\n<meta property=\"og:description\" content=\"Por Redacci\u00f3n QP L\u00f3pez Obrador dijo que las tres candidatas a ministra de la Corte...\" \/>\n<meta property=\"og:url\" content=\"https:\/\/quehacerpolitico.mx\/?p=106663\" \/>\n<meta property=\"article:published_time\" content=\"2023-11-29T17:59:30+00:00\" \/>\n<meta property=\"article:modified_time\" content=\"2023-11-29T17:59:33+00:00\" \/>\n<meta property=\"og:image\" content=\"https:\/\/quehacerpolitico.mx\/wp-content\/uploads\/2023\/11\/IMG_2286.jpeg\" \/>\n\t<meta property=\"og:image:width\" content=\"1227\" \/>\n\t<meta property=\"og:image:height\" content=\"710\" \/>\n\t<meta property=\"og:image:type\" content=\"image\/jpeg\" \/>\n<meta name=\"author\" content=\"Redacci\u00f3n QP\" \/>\n<meta name=\"twitter:card\" content=\"summary_large_image\" \/>\n<meta name=\"twitter:label1\" content=\"Escrito por\" \/>\n\t<meta name=\"twitter:data1\" content=\"Redacci\u00f3n QP\" \/>\n\t<meta name=\"twitter:label2\" content=\"Tiempo de lectura\" \/>\n\t<meta name=\"twitter:data2\" content=\"2 minutos\" \/>\n<script type=\"application\/ld+json\" class=\"yoast-schema-graph\">{\"@context\":\"https:\\\/\\\/schema.org\",\"@graph\":[{\"@type\":\"Article\",\"@id\":\"https:\\\/\\\/quehacerpolitico.mx\\\/?p=106663#article\",\"isPartOf\":{\"@id\":\"https:\\\/\\\/quehacerpolitico.mx\\\/?p=106663\"},\"author\":{\"name\":\"Redacci\u00f3n QP\",\"@id\":\"https:\\\/\\\/quehacerpolitico.mx\\\/#\\\/schema\\\/person\\\/496d8ad2d1d3f8036101dca7ee39e585\"},\"headline\":\"AMLO reconoci\u00f3 que las aspirantes a la SCJN son afines a \u00e9l y Morena.\",\"datePublished\":\"2023-11-29T17:59:30+00:00\",\"dateModified\":\"2023-11-29T17:59:33+00:00\",\"mainEntityOfPage\":{\"@id\":\"https:\\\/\\\/quehacerpolitico.mx\\\/?p=106663\"},\"wordCount\":508,\"commentCount\":0,\"image\":{\"@id\":\"https:\\\/\\\/quehacerpolitico.mx\\\/?p=106663#primaryimage\"},\"thumbnailUrl\":\"https:\\\/\\\/quehacerpolitico.mx\\\/wp-content\\\/uploads\\\/2023\\\/11\\\/IMG_2286.jpeg\",\"articleSection\":[\"Noticias\"],\"inLanguage\":\"es\",\"potentialAction\":[{\"@type\":\"CommentAction\",\"name\":\"Comment\",\"target\":[\"https:\\\/\\\/quehacerpolitico.mx\\\/?p=106663#respond\"]}]},{\"@type\":\"WebPage\",\"@id\":\"https:\\\/\\\/quehacerpolitico.mx\\\/?p=106663\",\"url\":\"https:\\\/\\\/quehacerpolitico.mx\\\/?p=106663\",\"name\":\"AMLO reconoci\u00f3 que las aspirantes a la SCJN son afines a \u00e9l y Morena. -\",\"isPartOf\":{\"@id\":\"https:\\\/\\\/quehacerpolitico.mx\\\/#website\"},\"primaryImageOfPage\":{\"@id\":\"https:\\\/\\\/quehacerpolitico.mx\\\/?p=106663#primaryimage\"},\"image\":{\"@id\":\"https:\\\/\\\/quehacerpolitico.mx\\\/?p=106663#primaryimage\"},\"thumbnailUrl\":\"https:\\\/\\\/quehacerpolitico.mx\\\/wp-content\\\/uploads\\\/2023\\\/11\\\/IMG_2286.jpeg\",\"datePublished\":\"2023-11-29T17:59:30+00:00\",\"dateModified\":\"2023-11-29T17:59:33+00:00\",\"author\":{\"@id\":\"https:\\\/\\\/quehacerpolitico.mx\\\/#\\\/schema\\\/person\\\/496d8ad2d1d3f8036101dca7ee39e585\"},\"breadcrumb\":{\"@id\":\"https:\\\/\\\/quehacerpolitico.mx\\\/?p=106663#breadcrumb\"},\"inLanguage\":\"es\",\"potentialAction\":[{\"@type\":\"ReadAction\",\"target\":[\"https:\\\/\\\/quehacerpolitico.mx\\\/?p=106663\"]}]},{\"@type\":\"ImageObject\",\"inLanguage\":\"es\",\"@id\":\"https:\\\/\\\/quehacerpolitico.mx\\\/?p=106663#primaryimage\",\"url\":\"https:\\\/\\\/quehacerpolitico.mx\\\/wp-content\\\/uploads\\\/2023\\\/11\\\/IMG_2286.jpeg\",\"contentUrl\":\"https:\\\/\\\/quehacerpolitico.mx\\\/wp-content\\\/uploads\\\/2023\\\/11\\\/IMG_2286.jpeg\",\"width\":1227,\"height\":710},{\"@type\":\"BreadcrumbList\",\"@id\":\"https:\\\/\\\/quehacerpolitico.mx\\\/?p=106663#breadcrumb\",\"itemListElement\":[{\"@type\":\"ListItem\",\"position\":1,\"name\":\"Inicio\",\"item\":\"https:\\\/\\\/quehacerpolitico.mx\\\/\"},{\"@type\":\"ListItem\",\"position\":2,\"name\":\"AMLO reconoci\u00f3 que las aspirantes a la SCJN son afines a \u00e9l y Morena.\"}]},{\"@type\":\"WebSite\",\"@id\":\"https:\\\/\\\/quehacerpolitico.mx\\\/#website\",\"url\":\"https:\\\/\\\/quehacerpolitico.mx\\\/\",\"name\":\"\",\"description\":\"\",\"potentialAction\":[{\"@type\":\"SearchAction\",\"target\":{\"@type\":\"EntryPoint\",\"urlTemplate\":\"https:\\\/\\\/quehacerpolitico.mx\\\/?s={search_term_string}\"},\"query-input\":{\"@type\":\"PropertyValueSpecification\",\"valueRequired\":true,\"valueName\":\"search_term_string\"}}],\"inLanguage\":\"es\"},{\"@type\":\"Person\",\"@id\":\"https:\\\/\\\/quehacerpolitico.mx\\\/#\\\/schema\\\/person\\\/496d8ad2d1d3f8036101dca7ee39e585\",\"name\":\"Redacci\u00f3n QP\",\"image\":{\"@type\":\"ImageObject\",\"inLanguage\":\"es\",\"@id\":\"https:\\\/\\\/secure.gravatar.com\\\/avatar\\\/c7164ed6fdec453195284ad24a5ae5b6e1eed2b848477fa2a4787ba9adf39a41?s=96&d=mm&r=g\",\"url\":\"https:\\\/\\\/secure.gravatar.com\\\/avatar\\\/c7164ed6fdec453195284ad24a5ae5b6e1eed2b848477fa2a4787ba9adf39a41?s=96&d=mm&r=g\",\"contentUrl\":\"https:\\\/\\\/secure.gravatar.com\\\/avatar\\\/c7164ed6fdec453195284ad24a5ae5b6e1eed2b848477fa2a4787ba9adf39a41?s=96&d=mm&r=g\",\"caption\":\"Redacci\u00f3n QP\"},\"url\":\"https:\\\/\\\/quehacerpolitico.mx\\\/?author=2\"}]}<\/script>\n<!-- \/ Yoast SEO plugin. -->","yoast_head_json":{"title":"AMLO reconoci\u00f3 que las aspirantes a la SCJN son afines a \u00e9l y Morena. -","robots":{"index":"index","follow":"follow","max-snippet":"max-snippet:-1","max-image-preview":"max-image-preview:large","max-video-preview":"max-video-preview:-1"},"canonical":"https:\/\/quehacerpolitico.mx\/?p=106663","og_locale":"es_MX","og_type":"article","og_title":"AMLO reconoci\u00f3 que las aspirantes a la SCJN son afines a \u00e9l y Morena. -","og_description":"Por Redacci\u00f3n QP L\u00f3pez Obrador dijo que las tres candidatas a ministra de la Corte...","og_url":"https:\/\/quehacerpolitico.mx\/?p=106663","article_published_time":"2023-11-29T17:59:30+00:00","article_modified_time":"2023-11-29T17:59:33+00:00","og_image":[{"width":1227,"height":710,"url":"https:\/\/quehacerpolitico.mx\/wp-content\/uploads\/2023\/11\/IMG_2286.jpeg","type":"image\/jpeg"}],"author":"Redacci\u00f3n QP","twitter_card":"summary_large_image","twitter_misc":{"Escrito por":"Redacci\u00f3n QP","Tiempo de lectura":"2 minutos"},"schema":{"@context":"https:\/\/schema.org","@graph":[{"@type":"Article","@id":"https:\/\/quehacerpolitico.mx\/?p=106663#article","isPartOf":{"@id":"https:\/\/quehacerpolitico.mx\/?p=106663"},"author":{"name":"Redacci\u00f3n QP","@id":"https:\/\/quehacerpolitico.mx\/#\/schema\/person\/496d8ad2d1d3f8036101dca7ee39e585"},"headline":"AMLO reconoci\u00f3 que las aspirantes a la SCJN son afines a \u00e9l y Morena.","datePublished":"2023-11-29T17:59:30+00:00","dateModified":"2023-11-29T17:59:33+00:00","mainEntityOfPage":{"@id":"https:\/\/quehacerpolitico.mx\/?p=106663"},"wordCount":508,"commentCount":0,"image":{"@id":"https:\/\/quehacerpolitico.mx\/?p=106663#primaryimage"},"thumbnailUrl":"https:\/\/quehacerpolitico.mx\/wp-content\/uploads\/2023\/11\/IMG_2286.jpeg","articleSection":["Noticias"],"inLanguage":"es","potentialAction":[{"@type":"CommentAction","name":"Comment","target":["https:\/\/quehacerpolitico.mx\/?p=106663#respond"]}]},{"@type":"WebPage","@id":"https:\/\/quehacerpolitico.mx\/?p=106663","url":"https:\/\/quehacerpolitico.mx\/?p=106663","name":"AMLO reconoci\u00f3 que las aspirantes a la SCJN son afines a \u00e9l y Morena. -","isPartOf":{"@id":"https:\/\/quehacerpolitico.mx\/#website"},"primaryImageOfPage":{"@id":"https:\/\/quehacerpolitico.mx\/?p=106663#primaryimage"},"image":{"@id":"https:\/\/quehacerpolitico.mx\/?p=106663#primaryimage"},"thumbnailUrl":"https:\/\/quehacerpolitico.mx\/wp-content\/uploads\/2023\/11\/IMG_2286.jpeg","datePublished":"2023-11-29T17:59:30+00:00","dateModified":"2023-11-29T17:59:33+00:00","author":{"@id":"https:\/\/quehacerpolitico.mx\/#\/schema\/person\/496d8ad2d1d3f8036101dca7ee39e585"},"breadcrumb":{"@id":"https:\/\/quehacerpolitico.mx\/?p=106663#breadcrumb"},"inLanguage":"es","potentialAction":[{"@type":"ReadAction","target":["https:\/\/quehacerpolitico.mx\/?p=106663"]}]},{"@type":"ImageObject","inLanguage":"es","@id":"https:\/\/quehacerpolitico.mx\/?p=106663#primaryimage","url":"https:\/\/quehacerpolitico.mx\/wp-content\/uploads\/2023\/11\/IMG_2286.jpeg","contentUrl":"https:\/\/quehacerpolitico.mx\/wp-content\/uploads\/2023\/11\/IMG_2286.jpeg","width":1227,"height":710},{"@type":"BreadcrumbList","@id":"https:\/\/quehacerpolitico.mx\/?p=106663#breadcrumb","itemListElement":[{"@type":"ListItem","position":1,"name":"Inicio","item":"https:\/\/quehacerpolitico.mx\/"},{"@type":"ListItem","position":2,"name":"AMLO reconoci\u00f3 que las aspirantes a la SCJN son afines a \u00e9l y Morena."}]},{"@type":"WebSite","@id":"https:\/\/quehacerpolitico.mx\/#website","url":"https:\/\/quehacerpolitico.mx\/","name":"","description":"","potentialAction":[{"@type":"SearchAction","target":{"@type":"EntryPoint","urlTemplate":"https:\/\/quehacerpolitico.mx\/?s={search_term_string}"},"query-input":{"@type":"PropertyValueSpecification","valueRequired":true,"valueName":"search_term_string"}}],"inLanguage":"es"},{"@type":"Person","@id":"https:\/\/quehacerpolitico.mx\/#\/schema\/person\/496d8ad2d1d3f8036101dca7ee39e585","name":"Redacci\u00f3n QP","image":{"@type":"ImageObject","inLanguage":"es","@id":"https:\/\/secure.gravatar.com\/avatar\/c7164ed6fdec453195284ad24a5ae5b6e1eed2b848477fa2a4787ba9adf39a41?s=96&d=mm&r=g","url":"https:\/\/secure.gravatar.com\/avatar\/c7164ed6fdec453195284ad24a5ae5b6e1eed2b848477fa2a4787ba9adf39a41?s=96&d=mm&r=g","contentUrl":"https:\/\/secure.gravatar.com\/avatar\/c7164ed6fdec453195284ad24a5ae5b6e1eed2b848477fa2a4787ba9adf39a41?s=96&d=mm&r=g","caption":"Redacci\u00f3n QP"},"url":"https:\/\/quehacerpolitico.mx\/?author=2"}]}},"featured_image_urls":{"full":["https:\/\/quehacerpolitico.mx\/wp-content\/uploads\/2023\/11\/IMG_2286.jpeg",1227,710,false],"thumbnail":["https:\/\/quehacerpolitico.mx\/wp-content\/uploads\/2023\/11\/IMG_2286-150x150.jpeg",150,150,true],"medium":["https:\/\/quehacerpolitico.mx\/wp-content\/uploads\/2023\/11\/IMG_2286-300x174.jpeg",300,174,true],"medium_large":["https:\/\/quehacerpolitico.mx\/wp-content\/uploads\/2023\/11\/IMG_2286-768x444.jpeg",640,370,true],"large":["https:\/\/quehacerpolitico.mx\/wp-content\/uploads\/2023\/11\/IMG_2286-1024x593.jpeg",640,371,true],"1536x1536":["https:\/\/quehacerpolitico.mx\/wp-content\/uploads\/2023\/11\/IMG_2286.jpeg",1227,710,false],"2048x2048":["https:\/\/quehacerpolitico.mx\/wp-content\/uploads\/2023\/11\/IMG_2286.jpeg",1227,710,false],"covernews-featured":["https:\/\/quehacerpolitico.mx\/wp-content\/uploads\/2023\/11\/IMG_2286.jpeg",1024,593,false],"covernews-medium":["https:\/\/quehacerpolitico.mx\/wp-content\/uploads\/2023\/11\/IMG_2286.jpeg",540,312,false]},"author_info":{"display_name":"Redacci\u00f3n QP","author_link":"https:\/\/quehacerpolitico.mx\/?author=2"},"category_info":"<a href=\"https:\/\/quehacerpolitico.mx\/?cat=2\" rel=\"category\">Noticias<\/a>","tag_info":"Noticias","comment_count":"0","_links":{"self":[{"href":"https:\/\/quehacerpolitico.mx\/index.php?rest_route=\/wp\/v2\/posts\/106663","targetHints":{"allow":["GET"]}}],"collection":[{"href":"https:\/\/quehacerpolitico.mx\/index.php?rest_route=\/wp\/v2\/posts"}],"about":[{"href":"https:\/\/quehacerpolitico.mx\/index.php?rest_route=\/wp\/v2\/types\/post"}],"author":[{"embeddable":true,"href":"https:\/\/quehacerpolitico.mx\/index.php?rest_route=\/wp\/v2\/users\/2"}],"replies":[{"embeddable":true,"href":"https:\/\/quehacerpolitico.mx\/index.php?rest_route=%2Fwp%2Fv2%2Fcomments&post=106663"}],"version-history":[{"count":1,"href":"https:\/\/quehacerpolitico.mx\/index.php?rest_route=\/wp\/v2\/posts\/106663\/revisions"}],"predecessor-version":[{"id":106665,"href":"https:\/\/quehacerpolitico.mx\/index.php?rest_route=\/wp\/v2\/posts\/106663\/revisions\/106665"}],"wp:featuredmedia":[{"embeddable":true,"href":"https:\/\/quehacerpolitico.mx\/index.php?rest_route=\/wp\/v2\/media\/106664"}],"wp:attachment":[{"href":"https:\/\/quehacerpolitico.mx\/index.php?rest_route=%2Fwp%2Fv2%2Fmedia&parent=106663"}],"wp:term":[{"taxonomy":"category","embeddable":true,"href":"https:\/\/quehacerpolitico.mx\/index.php?rest_route=%2Fwp%2Fv2%2Fcategories&post=106663"},{"taxonomy":"post_tag","embeddable":true,"href":"https:\/\/quehacerpolitico.mx\/index.php?rest_route=%2Fwp%2Fv2%2Ftags&post=106663"}],"curies":[{"name":"wp","href":"https:\/\/api.w.org\/{rel}","templated":true}]}}